{"id":38473,"date":"2017-11-18T19:00:59","date_gmt":"2017-11-18T22:00:59","guid":{"rendered":"http:\/\/patagoniambiental.com.ar\/info\/?p=38473"},"modified":"2017-11-17T17:51:53","modified_gmt":"2017-11-17T20:51:53","slug":"afirman-que-los-mapuches-en-chile-aspiran-a-su-autonomia","status":"publish","type":"post","link":"https:\/\/patagoniambiental.com.ar\/info\/afirman-que-los-mapuches-en-chile-aspiran-a-su-autonomia\/","title":{"rendered":"Afirman que los mapuches en Chile aspiran a su autonom\u00eda"},"content":{"rendered":"<div class=\"baner960x50\">Chile.-Jos\u00e9 AylwinOyarz\u00fan, especialista en derechos humanos y pueblos ind\u00edgenas explic\u00f3 en\u00a0<b>Cadena 3<\/b>\u00a0c\u00f3mo enfrenta el pa\u00eds vecino la realidad mapuche, los casos de violencia y las similitudes con Argentina.<\/div>\n<div class=\"col630\">\n<div id=\"nota-ampliada\">\n<div id=\"ca-container-nota-ampliada\" class=\"ca-container\">\n<div class=\"ca-wrapper\">\n<div class=\"ca-item ca-item-5\">\n<div class=\"imagen\">\n<div id=\"imagen-nota\">\n<div id=\"ampliar-imagen\"><!--more--><\/div>\n<p><img decoding=\"async\" src=\"http:\/\/www.cadena3.com\/admin\/playerswf\/fotos\/ARCHI_394966.jpg\" width=\"630\" \/><\/p>\n<\/div>\n<\/div>\n<div class=\"copete\">\n<p>En Chile la poblaci\u00f3n ind\u00edgena representa un 10% (Foto: archivo).<\/p>\n<\/div>\n<\/div>\n<\/div>\n<\/div>\n<div class=\"multimedia\">\n<div id=\"divplayerarchivo\" class=\"mayuscula texto10\"><\/div>\n<div class=\"slide-audios-sin-video\">\n<div id=\"Item_66196266_0\" class=\"contenedor-general-hidden\">\n<div class=\"texto-audio\">\n<p>\u00abSe habla de autonom\u00eda y control territorial, pero no de secesi\u00f3n\u00bb, explic\u00f3 Aylwin.<\/p>\n<div class=\"compartir-audio\"><\/div>\n<\/div>\n<\/div>\n<\/div>\n<\/div>\n<div class=\"cuerpo\">\n<p>El abogado especialista en derechos humanos y pueblos ind\u00edgenas, Jos\u00e9 Aylwin Oyarz\u00fan, explic\u00f3 en\u00a0<b>Cadena 3<\/b>\u00a0la realidad del pueblo mapuche en Chile y destac\u00f3 que \u00abhoy tienen consciencia \u00e9tnica, aspiran a ejercer sus derechos, definir sus prioridades en materia de desarrollo, de identidad y cultura, y aspiran a tener reconocimiento de sus tierras\u00bb.<\/p>\n<p>Aylwin, hijo del ex presidente chileno Patricio Aylwin, se\u00f1al\u00f3 que en el pa\u00eds trasandino \u00abla poblaci\u00f3n ind\u00edgena es el 10% del total y los mapuches representan un 80% de esa cantidad, siendo el pueblo m\u00e1s demogr\u00e1fico\u00bb.<\/p>\n<p>\u00abEl conflicto entre el Estado chileno y el pueblo mapuche es un conflicto hist\u00f3rico y tiene que ver por c\u00f3mo los llamados estados nacionales fueron establecidos\u00bb, record\u00f3.<\/p>\n<p>\u00abEsa parte de Chile fue ocupada militarmente en 1820 en la &#8216;Pacificaci\u00f3n de la Araucan\u00eda&#8217;, que en Argentina fue &#8216;La Campa\u00f1a del Desierto&#8217; y result\u00f3 la reducci\u00f3n de un 5% de su territorio ancestral\u00bb, se\u00f1al\u00f3 y agreg\u00f3 que \u00abeso en el siglo XX se vio disminuido con usurpaciones\u00bb, por lo que \u00abhoy los mapuches aspiran a tener reconocimiento de sus tierras\u00bb.<\/p>\n<p>El especialista se\u00f1al\u00f3 que \u00abno plantean una secesi\u00f3n\u00bb sino que buscan \u00abel derecho de libre determinaci\u00f3n\u00bb. \u00abSe habla de autonom\u00eda, de control territorial pero no de secesi\u00f3n\u00bb, aclar\u00f3.<\/p>\n<p>Para Aylwin, quien trabaj\u00f3 muchos a\u00f1os con comunidades de Neuqu\u00e9n y R\u00edo Negro, \u00abel mundo mapuche es muy diverso y las demandas son muy similares\u00bb, pero advirti\u00f3 que \u00abla forma de ejercer las estrategias para lograr esos derechos son muy diversas\u00bb.<\/p>\n<p>\u00abEs importante analizar el contexto que se vive, de conflictividad determinada por demandas crecientes. Han habido algunos hechos de fuerza del mundo mapuche, a trav\u00e9s de persecuci\u00f3n penal, violencia policial, terrorista y un proceso constituyente ind\u00edgena. En Chile rige la Constituci\u00f3n de la dictadura de 1980 pero la presidenta Bachelet ha iniciado un proceso constituyente y una consulta a los ind\u00edgenas sobre lo que les ata\u00f1e en la nueva Constituci\u00f3n\u00bb, indic\u00f3.<\/p>\n<p>En cuanto al escenario de cara a las elecciones presidenciales que se celebran este domingo, asegur\u00f3 que \u00abhay candidatos que han acogido las demandas del pueblo ind\u00edgena por un reconocimiento que no existe\u00bb, pero tambi\u00e9n advirti\u00f3 que \u00abhay otros que plantean y ven como soluci\u00f3n la mano dura, como el caso de Pi\u00f1era y algunos candidatos m\u00e1s a la derecha que proponen declarar estado de emergencia e involucrar a las fuerzas armadas\u00bb.<\/p>\n<p>Sin embargo, destac\u00f3 que en realidad \u00abestos conflictos se resuelven por el di\u00e1logo\u00bb y se deber\u00eda implementar \u00abun proceso de conversaciones conjuntas que queden plasmadas en un proyecto constitucional\u00bb.<\/p>\n<\/div>\n<\/div>\n<\/div>\n<p>&nbsp;<\/p>\n<p>Fuente:\u00a0http:\/\/www.cadena3.com\/contenido\/2017\/11\/17\/Afirman-que-los-mapuches-en-Chile-aspiran-a-su-autonomia-196266.asp<\/p>\n","protected":false},"excerpt":{"rendered":"<p>Chile.-Jos\u00e9 AylwinOyarz\u00fan, especialista en derechos humanos y pueblos ind\u00edgenas explic\u00f3 en\u00a0Cadena 3\u00a0c\u00f3mo enfrenta el pa\u00eds vecino la realidad mapuche, los [&hellip;]<\/p>\n","protected":false},"author":2,"featured_media":38474,"comment_status":"open","ping_status":"open","sticky":false,"template":"","format":"standard","meta":{"site-sidebar-layout":"default","site-content-layout":"","ast-site-content-layout":"default","site-content-style":"default","site-sidebar-style":"default","ast-global-header-display":"","ast-banner-title-visibility":"","ast-main-header-display":"","ast-hfb-above-header-display":"","ast-hfb-below-header-display":"","ast-hfb-mobile-header-display":"","site-post-title":"","ast-breadcrumbs-content":"","ast-featured-img":"","footer-sml-layout":"","ast-disable-related-posts":"","theme-transparent-header-meta":"","adv-header-id-meta":"","stick-header-meta":"","header-above-stick-meta":"","header-main-stick-meta":"","header-below-stick-meta":"","astra-migrate-meta-layouts":"default","ast-page-background-enabled":"default","ast-page-background-meta":{"desktop":{"background-color":"var(--ast-global-color-5)","background-image":"","background-repeat":"repeat","background-position":"center center","background-size":"auto","background-attachment":"scroll","background-type":"","background-media":"","overlay-type":"","overlay-color":"","overlay-opacity":"","overlay-gradient":""},"tablet":{"background-color":"","background-image":"","background-repeat":"repeat","background-position":"center center","background-size":"auto","background-attachment":"scroll","background-type":"","background-media":"","overlay-type":"","overlay-color":"","overlay-opacity":"","overlay-gradient":""},"mobile":{"background-color":"","background-image":"","background-repeat":"repeat","background-position":"center center","background-size":"auto","background-attachment":"scroll","background-type":"","background-media":"","overlay-type":"","overlay-color":"","overlay-opacity":"","overlay-gradient":""}},"ast-content-background-meta":{"desktop":{"background-color":"var(--ast-global-color-4)","background-image":"","background-repeat":"repeat","background-position":"center center","background-size":"auto","background-attachment":"scroll","background-type":"","background-media":"","overlay-type":"","overlay-color":"","overlay-opacity":"","overlay-gradient":""},"tablet":{"background-color":"var(--ast-global-color-4)","background-image":"","background-repeat":"repeat","background-position":"center center","background-size":"auto","background-attachment":"scroll","background-type":"","background-media":"","overlay-type":"","overlay-color":"","overlay-opacity":"","overlay-gradient":""},"mobile":{"background-color":"var(--ast-global-color-4)","background-image":"","background-repeat":"repeat","background-position":"center center","background-size":"auto","background-attachment":"scroll","background-type":"","background-media":"","overlay-type":"","overlay-color":"","overlay-opacity":"","overlay-gradient":""}},"footnotes":""},"categories":[23,1],"tags":[],"class_list":["post-38473","post","type-post","status-publish","format-standard","has-post-thumbnail","hentry","category-internacionales","category-noticias"],"yoast_head":"<!-- This site is optimized with the Yoast SEO Premium plugin v23.0 (Yoast SEO v27.4) - https:\/\/yoast.com\/product\/yoast-seo-premium-wordpress\/ -->\n<title>Afirman que los mapuches en Chile aspiran a su autonom\u00eda<\/title>\n<meta name=\"robots\" content=\"index, follow, max-snippet:-1, max-image-preview:large, max-video-preview:-1\" \/>\n<link rel=\"canonical\" href=\"https:\/\/patagoniambiental.com.ar\/info\/afirman-que-los-mapuches-en-chile-aspiran-a-su-autonomia\/\" \/>\n<meta property=\"og:locale\" content=\"es_ES\" \/>\n<meta property=\"og:type\" content=\"article\" \/>\n<meta property=\"og:title\" content=\"Afirman que los mapuches en Chile aspiran a su autonom\u00eda\" \/>\n<meta property=\"og:description\" content=\"Chile.-Jos\u00e9 AylwinOyarz\u00fan, especialista en derechos humanos y pueblos ind\u00edgenas explic\u00f3 en\u00a0Cadena 3\u00a0c\u00f3mo enfrenta el pa\u00eds vecino la realidad mapuche, los [&hellip;]\" \/>\n<meta property=\"og:url\" content=\"https:\/\/patagoniambiental.com.ar\/info\/afirman-que-los-mapuches-en-chile-aspiran-a-su-autonomia\/\" \/>\n<meta property=\"og:site_name\" content=\"Patagonia Ambiental\" \/>\n<meta property=\"article:publisher\" content=\"https:\/\/www.facebook.com\/patagonia.ambiental\" \/>\n<meta property=\"article:author\" content=\"https:\/\/www.facebook.com\/share\/1C1V8Gv9BX\/?mibextid=qi2Omg\" \/>\n<meta property=\"article:published_time\" content=\"2017-11-18T22:00:59+00:00\" \/>\n<meta property=\"og:image\" content=\"https:\/\/patagoniambiental.com.ar\/info\/wp-content\/uploads\/2017\/11\/ARCHI_394966.jpg\" \/>\n\t<meta property=\"og:image:width\" content=\"630\" \/>\n\t<meta property=\"og:image:height\" content=\"405\" \/>\n\t<meta property=\"og:image:type\" content=\"image\/jpeg\" \/>\n<meta name=\"author\" content=\"Patagonia Ambiental\" \/>\n<meta name=\"twitter:card\" content=\"summary_large_image\" \/>\n<meta name=\"twitter:creator\" content=\"@PatAmb\" \/>\n<meta name=\"twitter:site\" content=\"@PatAmb\" \/>\n<script type=\"application\/ld+json\" class=\"yoast-schema-graph\">{\"@context\":\"https:\\\/\\\/schema.org\",\"@graph\":[{\"@type\":\"Article\",\"@id\":\"https:\\\/\\\/patagoniambiental.com.ar\\\/info\\\/afirman-que-los-mapuches-en-chile-aspiran-a-su-autonomia\\\/#article\",\"isPartOf\":{\"@id\":\"https:\\\/\\\/patagoniambiental.com.ar\\\/info\\\/afirman-que-los-mapuches-en-chile-aspiran-a-su-autonomia\\\/\"},\"author\":{\"name\":\"Patagonia Ambiental\",\"@id\":\"https:\\\/\\\/patagoniambiental.com.ar\\\/info\\\/#\\\/schema\\\/person\\\/db12bff64bbcbf6a253710bf0ea37b5d\"},\"headline\":\"Afirman que los mapuches en Chile aspiran a su autonom\u00eda\",\"datePublished\":\"2017-11-18T22:00:59+00:00\",\"mainEntityOfPage\":{\"@id\":\"https:\\\/\\\/patagoniambiental.com.ar\\\/info\\\/afirman-que-los-mapuches-en-chile-aspiran-a-su-autonomia\\\/\"},\"wordCount\":530,\"commentCount\":0,\"publisher\":{\"@id\":\"https:\\\/\\\/patagoniambiental.com.ar\\\/info\\\/#organization\"},\"image\":{\"@id\":\"https:\\\/\\\/patagoniambiental.com.ar\\\/info\\\/afirman-que-los-mapuches-en-chile-aspiran-a-su-autonomia\\\/#primaryimage\"},\"thumbnailUrl\":\"https:\\\/\\\/patagoniambiental.com.ar\\\/info\\\/wp-content\\\/uploads\\\/2017\\\/11\\\/ARCHI_394966.jpg\",\"articleSection\":[\"Internacionales\",\"Noticias\"],\"inLanguage\":\"es\",\"potentialAction\":[{\"@type\":\"CommentAction\",\"name\":\"Comment\",\"target\":[\"https:\\\/\\\/patagoniambiental.com.ar\\\/info\\\/afirman-que-los-mapuches-en-chile-aspiran-a-su-autonomia\\\/#respond\"]}]},{\"@type\":\"WebPage\",\"@id\":\"https:\\\/\\\/patagoniambiental.com.ar\\\/info\\\/afirman-que-los-mapuches-en-chile-aspiran-a-su-autonomia\\\/\",\"url\":\"https:\\\/\\\/patagoniambiental.com.ar\\\/info\\\/afirman-que-los-mapuches-en-chile-aspiran-a-su-autonomia\\\/\",\"name\":\"Afirman que los mapuches en Chile aspiran a su autonom\u00eda\",\"isPartOf\":{\"@id\":\"https:\\\/\\\/patagoniambiental.com.ar\\\/info\\\/#website\"},\"primaryImageOfPage\":{\"@id\":\"https:\\\/\\\/patagoniambiental.com.ar\\\/info\\\/afirman-que-los-mapuches-en-chile-aspiran-a-su-autonomia\\\/#primaryimage\"},\"image\":{\"@id\":\"https:\\\/\\\/patagoniambiental.com.ar\\\/info\\\/afirman-que-los-mapuches-en-chile-aspiran-a-su-autonomia\\\/#primaryimage\"},\"thumbnailUrl\":\"https:\\\/\\\/patagoniambiental.com.ar\\\/info\\\/wp-content\\\/uploads\\\/2017\\\/11\\\/ARCHI_394966.jpg\",\"datePublished\":\"2017-11-18T22:00:59+00:00\",\"breadcrumb\":{\"@id\":\"https:\\\/\\\/patagoniambiental.com.ar\\\/info\\\/afirman-que-los-mapuches-en-chile-aspiran-a-su-autonomia\\\/#breadcrumb\"},\"inLanguage\":\"es\",\"potentialAction\":[{\"@type\":\"ReadAction\",\"target\":[\"https:\\\/\\\/patagoniambiental.com.ar\\\/info\\\/afirman-que-los-mapuches-en-chile-aspiran-a-su-autonomia\\\/\"]}]},{\"@type\":\"ImageObject\",\"inLanguage\":\"es\",\"@id\":\"https:\\\/\\\/patagoniambiental.com.ar\\\/info\\\/afirman-que-los-mapuches-en-chile-aspiran-a-su-autonomia\\\/#primaryimage\",\"url\":\"https:\\\/\\\/patagoniambiental.com.ar\\\/info\\\/wp-content\\\/uploads\\\/2017\\\/11\\\/ARCHI_394966.jpg\",\"contentUrl\":\"https:\\\/\\\/patagoniambiental.com.ar\\\/info\\\/wp-content\\\/uploads\\\/2017\\\/11\\\/ARCHI_394966.jpg\",\"width\":630,\"height\":405},{\"@type\":\"BreadcrumbList\",\"@id\":\"https:\\\/\\\/patagoniambiental.com.ar\\\/info\\\/afirman-que-los-mapuches-en-chile-aspiran-a-su-autonomia\\\/#breadcrumb\",\"itemListElement\":[{\"@type\":\"ListItem\",\"position\":1,\"name\":\"Inicio\",\"item\":\"https:\\\/\\\/patagoniambiental.com.ar\\\/info\\\/\"},{\"@type\":\"ListItem\",\"position\":2,\"name\":\"Afirman que los mapuches en Chile aspiran a su autonom\u00eda\"}]},{\"@type\":\"WebSite\",\"@id\":\"https:\\\/\\\/patagoniambiental.com.ar\\\/info\\\/#website\",\"url\":\"https:\\\/\\\/patagoniambiental.com.ar\\\/info\\\/\",\"name\":\"Patagonia Ambiental\",\"description\":\"Monitoreo y an\u00e1lisis de la situaci\u00f3n geopol\u00edtica en el mundo y su implicancia en la Patagonia\",\"publisher\":{\"@id\":\"https:\\\/\\\/patagoniambiental.com.ar\\\/info\\\/#organization\"},\"potentialAction\":[{\"@type\":\"SearchAction\",\"target\":{\"@type\":\"EntryPoint\",\"urlTemplate\":\"https:\\\/\\\/patagoniambiental.com.ar\\\/info\\\/?s={search_term_string}\"},\"query-input\":{\"@type\":\"PropertyValueSpecification\",\"valueRequired\":true,\"valueName\":\"search_term_string\"}}],\"inLanguage\":\"es\"},{\"@type\":\"Organization\",\"@id\":\"https:\\\/\\\/patagoniambiental.com.ar\\\/info\\\/#organization\",\"name\":\"Patagonia Ambiental\",\"url\":\"https:\\\/\\\/patagoniambiental.com.ar\\\/info\\\/\",\"logo\":{\"@type\":\"ImageObject\",\"inLanguage\":\"es\",\"@id\":\"https:\\\/\\\/patagoniambiental.com.ar\\\/info\\\/#\\\/schema\\\/logo\\\/image\\\/\",\"url\":\"https:\\\/\\\/patagoniambiental.com.ar\\\/info\\\/wp-content\\\/uploads\\\/2025\\\/05\\\/LOGO-PATAGONIA-AMBIENTAL.png\",\"contentUrl\":\"https:\\\/\\\/patagoniambiental.com.ar\\\/info\\\/wp-content\\\/uploads\\\/2025\\\/05\\\/LOGO-PATAGONIA-AMBIENTAL.png\",\"width\":433,\"height\":250,\"caption\":\"Patagonia Ambiental\"},\"image\":{\"@id\":\"https:\\\/\\\/patagoniambiental.com.ar\\\/info\\\/#\\\/schema\\\/logo\\\/image\\\/\"},\"sameAs\":[\"https:\\\/\\\/www.facebook.com\\\/patagonia.ambiental\",\"https:\\\/\\\/x.com\\\/PatAmb\"]},{\"@type\":\"Person\",\"@id\":\"https:\\\/\\\/patagoniambiental.com.ar\\\/info\\\/#\\\/schema\\\/person\\\/db12bff64bbcbf6a253710bf0ea37b5d\",\"name\":\"Patagonia Ambiental\",\"description\":\"Andr\u00e9s Nievas T\u00e9cnico en manejo ambiental, consultor Ambiental y escritor para medios locales e internacionales sobre temas de geopolitica y medio ambiente.\",\"sameAs\":[\"http:\\\/\\\/www.patagoniambiental.com.ar\",\"https:\\\/\\\/www.facebook.com\\\/share\\\/1C1V8Gv9BX\\\/?mibextid=qi2Omg\",\"@patagoniambiental\",\"https:\\\/\\\/youtube.com\\\/@patagoniaambiental2023?si=BLt58t0wuXquxlYZ\"]}]}<\/script>\n<!-- \/ Yoast SEO Premium plugin. -->","yoast_head_json":{"title":"Afirman que los mapuches en Chile aspiran a su autonom\u00eda","robots":{"index":"index","follow":"follow","max-snippet":"max-snippet:-1","max-image-preview":"max-image-preview:large","max-video-preview":"max-video-preview:-1"},"canonical":"https:\/\/patagoniambiental.com.ar\/info\/afirman-que-los-mapuches-en-chile-aspiran-a-su-autonomia\/","og_locale":"es_ES","og_type":"article","og_title":"Afirman que los mapuches en Chile aspiran a su autonom\u00eda","og_description":"Chile.-Jos\u00e9 AylwinOyarz\u00fan, especialista en derechos humanos y pueblos ind\u00edgenas explic\u00f3 en\u00a0Cadena 3\u00a0c\u00f3mo enfrenta el pa\u00eds vecino la realidad mapuche, los [&hellip;]","og_url":"https:\/\/patagoniambiental.com.ar\/info\/afirman-que-los-mapuches-en-chile-aspiran-a-su-autonomia\/","og_site_name":"Patagonia Ambiental","article_publisher":"https:\/\/www.facebook.com\/patagonia.ambiental","article_author":"https:\/\/www.facebook.com\/share\/1C1V8Gv9BX\/?mibextid=qi2Omg","article_published_time":"2017-11-18T22:00:59+00:00","og_image":[{"width":630,"height":405,"url":"https:\/\/patagoniambiental.com.ar\/info\/wp-content\/uploads\/2017\/11\/ARCHI_394966.jpg","type":"image\/jpeg"}],"author":"Patagonia Ambiental","twitter_card":"summary_large_image","twitter_creator":"@PatAmb","twitter_site":"@PatAmb","schema":{"@context":"https:\/\/schema.org","@graph":[{"@type":"Article","@id":"https:\/\/patagoniambiental.com.ar\/info\/afirman-que-los-mapuches-en-chile-aspiran-a-su-autonomia\/#article","isPartOf":{"@id":"https:\/\/patagoniambiental.com.ar\/info\/afirman-que-los-mapuches-en-chile-aspiran-a-su-autonomia\/"},"author":{"name":"Patagonia Ambiental","@id":"https:\/\/patagoniambiental.com.ar\/info\/#\/schema\/person\/db12bff64bbcbf6a253710bf0ea37b5d"},"headline":"Afirman que los mapuches en Chile aspiran a su autonom\u00eda","datePublished":"2017-11-18T22:00:59+00:00","mainEntityOfPage":{"@id":"https:\/\/patagoniambiental.com.ar\/info\/afirman-que-los-mapuches-en-chile-aspiran-a-su-autonomia\/"},"wordCount":530,"commentCount":0,"publisher":{"@id":"https:\/\/patagoniambiental.com.ar\/info\/#organization"},"image":{"@id":"https:\/\/patagoniambiental.com.ar\/info\/afirman-que-los-mapuches-en-chile-aspiran-a-su-autonomia\/#primaryimage"},"thumbnailUrl":"https:\/\/patagoniambiental.com.ar\/info\/wp-content\/uploads\/2017\/11\/ARCHI_394966.jpg","articleSection":["Internacionales","Noticias"],"inLanguage":"es","potentialAction":[{"@type":"CommentAction","name":"Comment","target":["https:\/\/patagoniambiental.com.ar\/info\/afirman-que-los-mapuches-en-chile-aspiran-a-su-autonomia\/#respond"]}]},{"@type":"WebPage","@id":"https:\/\/patagoniambiental.com.ar\/info\/afirman-que-los-mapuches-en-chile-aspiran-a-su-autonomia\/","url":"https:\/\/patagoniambiental.com.ar\/info\/afirman-que-los-mapuches-en-chile-aspiran-a-su-autonomia\/","name":"Afirman que los mapuches en Chile aspiran a su autonom\u00eda","isPartOf":{"@id":"https:\/\/patagoniambiental.com.ar\/info\/#website"},"primaryImageOfPage":{"@id":"https:\/\/patagoniambiental.com.ar\/info\/afirman-que-los-mapuches-en-chile-aspiran-a-su-autonomia\/#primaryimage"},"image":{"@id":"https:\/\/patagoniambiental.com.ar\/info\/afirman-que-los-mapuches-en-chile-aspiran-a-su-autonomia\/#primaryimage"},"thumbnailUrl":"https:\/\/patagoniambiental.com.ar\/info\/wp-content\/uploads\/2017\/11\/ARCHI_394966.jpg","datePublished":"2017-11-18T22:00:59+00:00","breadcrumb":{"@id":"https:\/\/patagoniambiental.com.ar\/info\/afirman-que-los-mapuches-en-chile-aspiran-a-su-autonomia\/#breadcrumb"},"inLanguage":"es","potentialAction":[{"@type":"ReadAction","target":["https:\/\/patagoniambiental.com.ar\/info\/afirman-que-los-mapuches-en-chile-aspiran-a-su-autonomia\/"]}]},{"@type":"ImageObject","inLanguage":"es","@id":"https:\/\/patagoniambiental.com.ar\/info\/afirman-que-los-mapuches-en-chile-aspiran-a-su-autonomia\/#primaryimage","url":"https:\/\/patagoniambiental.com.ar\/info\/wp-content\/uploads\/2017\/11\/ARCHI_394966.jpg","contentUrl":"https:\/\/patagoniambiental.com.ar\/info\/wp-content\/uploads\/2017\/11\/ARCHI_394966.jpg","width":630,"height":405},{"@type":"BreadcrumbList","@id":"https:\/\/patagoniambiental.com.ar\/info\/afirman-que-los-mapuches-en-chile-aspiran-a-su-autonomia\/#breadcrumb","itemListElement":[{"@type":"ListItem","position":1,"name":"Inicio","item":"https:\/\/patagoniambiental.com.ar\/info\/"},{"@type":"ListItem","position":2,"name":"Afirman que los mapuches en Chile aspiran a su autonom\u00eda"}]},{"@type":"WebSite","@id":"https:\/\/patagoniambiental.com.ar\/info\/#website","url":"https:\/\/patagoniambiental.com.ar\/info\/","name":"Patagonia Ambiental","description":"Monitoreo y an\u00e1lisis de la situaci\u00f3n geopol\u00edtica en el mundo y su implicancia en la Patagonia","publisher":{"@id":"https:\/\/patagoniambiental.com.ar\/info\/#organization"},"potentialAction":[{"@type":"SearchAction","target":{"@type":"EntryPoint","urlTemplate":"https:\/\/patagoniambiental.com.ar\/info\/?s={search_term_string}"},"query-input":{"@type":"PropertyValueSpecification","valueRequired":true,"valueName":"search_term_string"}}],"inLanguage":"es"},{"@type":"Organization","@id":"https:\/\/patagoniambiental.com.ar\/info\/#organization","name":"Patagonia Ambiental","url":"https:\/\/patagoniambiental.com.ar\/info\/","logo":{"@type":"ImageObject","inLanguage":"es","@id":"https:\/\/patagoniambiental.com.ar\/info\/#\/schema\/logo\/image\/","url":"https:\/\/patagoniambiental.com.ar\/info\/wp-content\/uploads\/2025\/05\/LOGO-PATAGONIA-AMBIENTAL.png","contentUrl":"https:\/\/patagoniambiental.com.ar\/info\/wp-content\/uploads\/2025\/05\/LOGO-PATAGONIA-AMBIENTAL.png","width":433,"height":250,"caption":"Patagonia Ambiental"},"image":{"@id":"https:\/\/patagoniambiental.com.ar\/info\/#\/schema\/logo\/image\/"},"sameAs":["https:\/\/www.facebook.com\/patagonia.ambiental","https:\/\/x.com\/PatAmb"]},{"@type":"Person","@id":"https:\/\/patagoniambiental.com.ar\/info\/#\/schema\/person\/db12bff64bbcbf6a253710bf0ea37b5d","name":"Patagonia Ambiental","description":"Andr\u00e9s Nievas T\u00e9cnico en manejo ambiental, consultor Ambiental y escritor para medios locales e internacionales sobre temas de geopolitica y medio ambiente.","sameAs":["http:\/\/www.patagoniambiental.com.ar","https:\/\/www.facebook.com\/share\/1C1V8Gv9BX\/?mibextid=qi2Omg","@patagoniambiental","https:\/\/youtube.com\/@patagoniaambiental2023?si=BLt58t0wuXquxlYZ"]}]}},"_links":{"self":[{"href":"https:\/\/patagoniambiental.com.ar\/info\/wp-json\/wp\/v2\/posts\/38473","targetHints":{"allow":["GET"]}}],"collection":[{"href":"https:\/\/patagoniambiental.com.ar\/info\/wp-json\/wp\/v2\/posts"}],"about":[{"href":"https:\/\/patagoniambiental.com.ar\/info\/wp-json\/wp\/v2\/types\/post"}],"author":[{"embeddable":true,"href":"https:\/\/patagoniambiental.com.ar\/info\/wp-json\/wp\/v2\/users\/2"}],"replies":[{"embeddable":true,"href":"https:\/\/patagoniambiental.com.ar\/info\/wp-json\/wp\/v2\/comments?post=38473"}],"version-history":[{"count":0,"href":"https:\/\/patagoniambiental.com.ar\/info\/wp-json\/wp\/v2\/posts\/38473\/revisions"}],"wp:featuredmedia":[{"embeddable":true,"href":"https:\/\/patagoniambiental.com.ar\/info\/wp-json\/wp\/v2\/media\/38474"}],"wp:attachment":[{"href":"https:\/\/patagoniambiental.com.ar\/info\/wp-json\/wp\/v2\/media?parent=38473"}],"wp:term":[{"taxonomy":"category","embeddable":true,"href":"https:\/\/patagoniambiental.com.ar\/info\/wp-json\/wp\/v2\/categories?post=38473"},{"taxonomy":"post_tag","embeddable":true,"href":"https:\/\/patagoniambiental.com.ar\/info\/wp-json\/wp\/v2\/tags?post=38473"}],"curies":[{"name":"wp","href":"https:\/\/api.w.org\/{rel}","templated":true}]}}