{"id":38481,"date":"2017-11-18T09:00:24","date_gmt":"2017-11-18T12:00:24","guid":{"rendered":"http:\/\/patagoniambiental.com.ar\/info\/?p=38481"},"modified":"2017-11-18T08:02:06","modified_gmt":"2017-11-18T11:02:06","slug":"rio-negro-licitara-una-concesion-hidrocarburifera-que-limita-con-la-mayor-area-gasifera-provincial","status":"publish","type":"post","link":"https:\/\/patagoniambiental.com.ar\/info\/rio-negro-licitara-una-concesion-hidrocarburifera-que-limita-con-la-mayor-area-gasifera-provincial\/","title":{"rendered":"R\u00edo Negro licitar\u00e1 una concesi\u00f3n hidrocarbur\u00edfera que limita con la mayor \u00e1rea gas\u00edfera provincial"},"content":{"rendered":"<p class=\"x_x_MsoNormal\">R\u00cdO NEGRO.-\u00a0\u00a0Se realiz\u00f3 el llamado a una nueva licitaci\u00f3n p\u00fablica nacional e internacional de \u00e1reas hidrocarbur\u00edferas con el objetivo de continuar con la exploraci\u00f3n de su subsuelo.<\/p>\n<p class=\"x_x_MsoNormal\">Se trata del concurso p\u00fablico para la adjudicaci\u00f3n de permisos de exploraci\u00f3n y eventuales concesiones de explotaci\u00f3n, transporte y comercializaci\u00f3n de hidrocarburos aplicable al \u00e1rea Cerro Manrique.<\/p>\n<p class=\"x_x_MsoNormal\">El bloque tiene 293 km\u00b2 y se ubica inmediatamente al norte del \u00e1rea Estaci\u00f3n Fern\u00e1ndez Oro (EFO), cuya producci\u00f3n actual es de 2.5 MMm3\/d\u00eda de gas y constituye la mitad del fluido que se extrae en la Provincia.<\/p>\n<p class=\"x_x_MsoNormal\">El proceso es coordinado por la Secretar\u00eda de Estado de Energ\u00eda. Su titular, Sebasti\u00e1n Caldiero, manifest\u00f3 que \u201csignifica un desaf\u00edo y una gran responsabilidad, enmarcado en lo que continuamente buscamos que es el incremento y desarrollo de nuestras reservas\u201d.<\/p>\n<p class=\"x_x_MsoNormal\">En el caso particular y en base a los descubrimientos en bloques vecinos al \u00e1rea Cerro Manrique, el funcionario destac\u00f3 que se ha reconocido un importante potencial exploratorio. \u201cNo s\u00f3lo debe mirarse lo que sucede con EFO al sur de este bloque sino tambi\u00e9n lo que entregan otras \u00e1reas importantes como La Yesera y Loma Negra, ubicadas al norte\u201d, resalt\u00f3.<\/p>\n<p class=\"x_x_MsoNormal\">El pliego de bases y condiciones, al igual que la informaci\u00f3n t\u00e9cnica, podr\u00e1 adquirirse en la sede de la Secretar\u00eda de Estado de Energ\u00eda, en\u00a0\u00a0Espa\u00f1a 316, planta alta, de Cipolletti a partir del 4 de diciembre de 2017. La apertura de las ofertas recibidas se realizar\u00e1 el 15 de febrero de 2018 al mediod\u00eda en la misma Secretar\u00eda.<\/p>\n<p>Fuente: Gobierno de R\u00edo Negro<\/p>\n","protected":false},"excerpt":{"rendered":"<p>R\u00cdO NEGRO.-\u00a0\u00a0Se realiz\u00f3 el llamado a una nueva licitaci\u00f3n p\u00fablica nacional e internacional de \u00e1reas hidrocarbur\u00edferas con el objetivo de [&hellip;]<\/p>\n","protected":false},"author":2,"featured_media":32238,"comment_status":"open","ping_status":"open","sticky":false,"template":"","format":"standard","meta":{"site-sidebar-layout":"default","site-content-layout":"","ast-site-content-layout":"default","site-content-style":"default","site-sidebar-style":"default","ast-global-header-display":"","ast-banner-title-visibility":"","ast-main-header-display":"","ast-hfb-above-header-display":"","ast-hfb-below-header-display":"","ast-hfb-mobile-header-display":"","site-post-title":"","ast-breadcrumbs-content":"","ast-featured-img":"","footer-sml-layout":"","ast-disable-related-posts":"","theme-transparent-header-meta":"","adv-header-id-meta":"","stick-header-meta":"","header-above-stick-meta":"","header-main-stick-meta":"","header-below-stick-meta":"","astra-migrate-meta-layouts":"default","ast-page-background-enabled":"default","ast-page-background-meta":{"desktop":{"background-color":"var(--ast-global-color-5)","background-image":"","background-repeat":"repeat","background-position":"center center","background-size":"auto","background-attachment":"scroll","background-type":"","background-media":"","overlay-type":"","overlay-color":"","overlay-opacity":"","overlay-gradient":""},"tablet":{"background-color":"","background-image":"","background-repeat":"repeat","background-position":"center center","background-size":"auto","background-attachment":"scroll","background-type":"","background-media":"","overlay-type":"","overlay-color":"","overlay-opacity":"","overlay-gradient":""},"mobile":{"background-color":"","background-image":"","background-repeat":"repeat","background-position":"center center","background-size":"auto","background-attachment":"scroll","background-type":"","background-media":"","overlay-type":"","overlay-color":"","overlay-opacity":"","overlay-gradient":""}},"ast-content-background-meta":{"desktop":{"background-color":"var(--ast-global-color-4)","background-image":"","background-repeat":"repeat","background-position":"center center","background-size":"auto","background-attachment":"scroll","background-type":"","background-media":"","overlay-type":"","overlay-color":"","overlay-opacity":"","overlay-gradient":""},"tablet":{"background-color":"var(--ast-global-color-4)","background-image":"","background-repeat":"repeat","background-position":"center center","background-size":"auto","background-attachment":"scroll","background-type":"","background-media":"","overlay-type":"","overlay-color":"","overlay-opacity":"","overlay-gradient":""},"mobile":{"background-color":"var(--ast-global-color-4)","background-image":"","background-repeat":"repeat","background-position":"center center","background-size":"auto","background-attachment":"scroll","background-type":"","background-media":"","overlay-type":"","overlay-color":"","overlay-opacity":"","overlay-gradient":""}},"footnotes":""},"categories":[1,14],"tags":[],"class_list":["post-38481","post","type-post","status-publish","format-standard","has-post-thumbnail","hentry","category-noticias","category-rio-negro"],"yoast_head":"<!-- This site is optimized with the Yoast SEO Premium plugin v23.0 (Yoast SEO v27.4) - https:\/\/yoast.com\/product\/yoast-seo-premium-wordpress\/ -->\n<title>R\u00edo Negro licitar\u00e1 una concesi\u00f3n hidrocarbur\u00edfera que limita con la mayor \u00e1rea gas\u00edfera provincial<\/title>\n<meta name=\"robots\" content=\"index, follow, max-snippet:-1, max-image-preview:large, max-video-preview:-1\" \/>\n<link rel=\"canonical\" href=\"https:\/\/patagoniambiental.com.ar\/info\/rio-negro-licitara-una-concesion-hidrocarburifera-que-limita-con-la-mayor-area-gasifera-provincial\/\" \/>\n<meta property=\"og:locale\" content=\"es_ES\" \/>\n<meta property=\"og:type\" content=\"article\" \/>\n<meta property=\"og:title\" content=\"R\u00edo Negro licitar\u00e1 una concesi\u00f3n hidrocarbur\u00edfera que limita con la mayor \u00e1rea gas\u00edfera provincial\" \/>\n<meta property=\"og:description\" content=\"R\u00cdO NEGRO.-\u00a0\u00a0Se realiz\u00f3 el llamado a una nueva licitaci\u00f3n p\u00fablica nacional e internacional de \u00e1reas hidrocarbur\u00edferas con el objetivo de [&hellip;]\" \/>\n<meta property=\"og:url\" content=\"https:\/\/patagoniambiental.com.ar\/info\/rio-negro-licitara-una-concesion-hidrocarburifera-que-limita-con-la-mayor-area-gasifera-provincial\/\" \/>\n<meta property=\"og:site_name\" content=\"Patagonia Ambiental\" \/>\n<meta property=\"article:publisher\" content=\"https:\/\/www.facebook.com\/patagonia.ambiental\" \/>\n<meta property=\"article:author\" content=\"https:\/\/www.facebook.com\/share\/1C1V8Gv9BX\/?mibextid=qi2Omg\" \/>\n<meta property=\"article:published_time\" content=\"2017-11-18T12:00:24+00:00\" \/>\n<meta property=\"og:image\" content=\"https:\/\/patagoniambiental.com.ar\/info\/wp-content\/uploads\/2017\/07\/petroleo.jpg\" \/>\n\t<meta property=\"og:image:width\" content=\"1360\" \/>\n\t<meta property=\"og:image:height\" content=\"765\" \/>\n\t<meta property=\"og:image:type\" content=\"image\/jpeg\" \/>\n<meta name=\"author\" content=\"Patagonia Ambiental\" \/>\n<meta name=\"twitter:card\" content=\"summary_large_image\" \/>\n<meta name=\"twitter:creator\" content=\"@PatAmb\" \/>\n<meta name=\"twitter:site\" content=\"@PatAmb\" \/>\n<script type=\"application\/ld+json\" class=\"yoast-schema-graph\">{\"@context\":\"https:\\\/\\\/schema.org\",\"@graph\":[{\"@type\":\"Article\",\"@id\":\"https:\\\/\\\/patagoniambiental.com.ar\\\/info\\\/rio-negro-licitara-una-concesion-hidrocarburifera-que-limita-con-la-mayor-area-gasifera-provincial\\\/#article\",\"isPartOf\":{\"@id\":\"https:\\\/\\\/patagoniambiental.com.ar\\\/info\\\/rio-negro-licitara-una-concesion-hidrocarburifera-que-limita-con-la-mayor-area-gasifera-provincial\\\/\"},\"author\":{\"name\":\"Patagonia Ambiental\",\"@id\":\"https:\\\/\\\/patagoniambiental.com.ar\\\/info\\\/#\\\/schema\\\/person\\\/db12bff64bbcbf6a253710bf0ea37b5d\"},\"headline\":\"R\u00edo Negro licitar\u00e1 una concesi\u00f3n hidrocarbur\u00edfera que limita con la mayor \u00e1rea gas\u00edfera provincial\",\"datePublished\":\"2017-11-18T12:00:24+00:00\",\"mainEntityOfPage\":{\"@id\":\"https:\\\/\\\/patagoniambiental.com.ar\\\/info\\\/rio-negro-licitara-una-concesion-hidrocarburifera-que-limita-con-la-mayor-area-gasifera-provincial\\\/\"},\"wordCount\":297,\"commentCount\":0,\"publisher\":{\"@id\":\"https:\\\/\\\/patagoniambiental.com.ar\\\/info\\\/#organization\"},\"image\":{\"@id\":\"https:\\\/\\\/patagoniambiental.com.ar\\\/info\\\/rio-negro-licitara-una-concesion-hidrocarburifera-que-limita-con-la-mayor-area-gasifera-provincial\\\/#primaryimage\"},\"thumbnailUrl\":\"https:\\\/\\\/patagoniambiental.com.ar\\\/info\\\/wp-content\\\/uploads\\\/2017\\\/07\\\/petroleo.jpg\",\"articleSection\":[\"Noticias\",\"R\u00edo Negro\"],\"inLanguage\":\"es\",\"potentialAction\":[{\"@type\":\"CommentAction\",\"name\":\"Comment\",\"target\":[\"https:\\\/\\\/patagoniambiental.com.ar\\\/info\\\/rio-negro-licitara-una-concesion-hidrocarburifera-que-limita-con-la-mayor-area-gasifera-provincial\\\/#respond\"]}]},{\"@type\":\"WebPage\",\"@id\":\"https:\\\/\\\/patagoniambiental.com.ar\\\/info\\\/rio-negro-licitara-una-concesion-hidrocarburifera-que-limita-con-la-mayor-area-gasifera-provincial\\\/\",\"url\":\"https:\\\/\\\/patagoniambiental.com.ar\\\/info\\\/rio-negro-licitara-una-concesion-hidrocarburifera-que-limita-con-la-mayor-area-gasifera-provincial\\\/\",\"name\":\"R\u00edo Negro licitar\u00e1 una concesi\u00f3n hidrocarbur\u00edfera que limita con la mayor \u00e1rea gas\u00edfera provincial\",\"isPartOf\":{\"@id\":\"https:\\\/\\\/patagoniambiental.com.ar\\\/info\\\/#website\"},\"primaryImageOfPage\":{\"@id\":\"https:\\\/\\\/patagoniambiental.com.ar\\\/info\\\/rio-negro-licitara-una-concesion-hidrocarburifera-que-limita-con-la-mayor-area-gasifera-provincial\\\/#primaryimage\"},\"image\":{\"@id\":\"https:\\\/\\\/patagoniambiental.com.ar\\\/info\\\/rio-negro-licitara-una-concesion-hidrocarburifera-que-limita-con-la-mayor-area-gasifera-provincial\\\/#primaryimage\"},\"thumbnailUrl\":\"https:\\\/\\\/patagoniambiental.com.ar\\\/info\\\/wp-content\\\/uploads\\\/2017\\\/07\\\/petroleo.jpg\",\"datePublished\":\"2017-11-18T12:00:24+00:00\",\"breadcrumb\":{\"@id\":\"https:\\\/\\\/patagoniambiental.com.ar\\\/info\\\/rio-negro-licitara-una-concesion-hidrocarburifera-que-limita-con-la-mayor-area-gasifera-provincial\\\/#breadcrumb\"},\"inLanguage\":\"es\",\"potentialAction\":[{\"@type\":\"ReadAction\",\"target\":[\"https:\\\/\\\/patagoniambiental.com.ar\\\/info\\\/rio-negro-licitara-una-concesion-hidrocarburifera-que-limita-con-la-mayor-area-gasifera-provincial\\\/\"]}]},{\"@type\":\"ImageObject\",\"inLanguage\":\"es\",\"@id\":\"https:\\\/\\\/patagoniambiental.com.ar\\\/info\\\/rio-negro-licitara-una-concesion-hidrocarburifera-que-limita-con-la-mayor-area-gasifera-provincial\\\/#primaryimage\",\"url\":\"https:\\\/\\\/patagoniambiental.com.ar\\\/info\\\/wp-content\\\/uploads\\\/2017\\\/07\\\/petroleo.jpg\",\"contentUrl\":\"https:\\\/\\\/patagoniambiental.com.ar\\\/info\\\/wp-content\\\/uploads\\\/2017\\\/07\\\/petroleo.jpg\",\"width\":1360,\"height\":765},{\"@type\":\"BreadcrumbList\",\"@id\":\"https:\\\/\\\/patagoniambiental.com.ar\\\/info\\\/rio-negro-licitara-una-concesion-hidrocarburifera-que-limita-con-la-mayor-area-gasifera-provincial\\\/#breadcrumb\",\"itemListElement\":[{\"@type\":\"ListItem\",\"position\":1,\"name\":\"Inicio\",\"item\":\"https:\\\/\\\/patagoniambiental.com.ar\\\/info\\\/\"},{\"@type\":\"ListItem\",\"position\":2,\"name\":\"R\u00edo Negro licitar\u00e1 una concesi\u00f3n hidrocarbur\u00edfera que limita con la mayor \u00e1rea gas\u00edfera provincial\"}]},{\"@type\":\"WebSite\",\"@id\":\"https:\\\/\\\/patagoniambiental.com.ar\\\/info\\\/#website\",\"url\":\"https:\\\/\\\/patagoniambiental.com.ar\\\/info\\\/\",\"name\":\"Patagonia Ambiental\",\"description\":\"Monitoreo y an\u00e1lisis de la situaci\u00f3n geopol\u00edtica en el mundo y su implicancia en la Patagonia\",\"publisher\":{\"@id\":\"https:\\\/\\\/patagoniambiental.com.ar\\\/info\\\/#organization\"},\"potentialAction\":[{\"@type\":\"SearchAction\",\"target\":{\"@type\":\"EntryPoint\",\"urlTemplate\":\"https:\\\/\\\/patagoniambiental.com.ar\\\/info\\\/?s={search_term_string}\"},\"query-input\":{\"@type\":\"PropertyValueSpecification\",\"valueRequired\":true,\"valueName\":\"search_term_string\"}}],\"inLanguage\":\"es\"},{\"@type\":\"Organization\",\"@id\":\"https:\\\/\\\/patagoniambiental.com.ar\\\/info\\\/#organization\",\"name\":\"Patagonia Ambiental\",\"url\":\"https:\\\/\\\/patagoniambiental.com.ar\\\/info\\\/\",\"logo\":{\"@type\":\"ImageObject\",\"inLanguage\":\"es\",\"@id\":\"https:\\\/\\\/patagoniambiental.com.ar\\\/info\\\/#\\\/schema\\\/logo\\\/image\\\/\",\"url\":\"https:\\\/\\\/patagoniambiental.com.ar\\\/info\\\/wp-content\\\/uploads\\\/2025\\\/05\\\/LOGO-PATAGONIA-AMBIENTAL.png\",\"contentUrl\":\"https:\\\/\\\/patagoniambiental.com.ar\\\/info\\\/wp-content\\\/uploads\\\/2025\\\/05\\\/LOGO-PATAGONIA-AMBIENTAL.png\",\"width\":433,\"height\":250,\"caption\":\"Patagonia Ambiental\"},\"image\":{\"@id\":\"https:\\\/\\\/patagoniambiental.com.ar\\\/info\\\/#\\\/schema\\\/logo\\\/image\\\/\"},\"sameAs\":[\"https:\\\/\\\/www.facebook.com\\\/patagonia.ambiental\",\"https:\\\/\\\/x.com\\\/PatAmb\"]},{\"@type\":\"Person\",\"@id\":\"https:\\\/\\\/patagoniambiental.com.ar\\\/info\\\/#\\\/schema\\\/person\\\/db12bff64bbcbf6a253710bf0ea37b5d\",\"name\":\"Patagonia Ambiental\",\"description\":\"Andr\u00e9s Nievas T\u00e9cnico en manejo ambiental, consultor Ambiental y escritor para medios locales e internacionales sobre temas de geopolitica y medio ambiente.\",\"sameAs\":[\"http:\\\/\\\/www.patagoniambiental.com.ar\",\"https:\\\/\\\/www.facebook.com\\\/share\\\/1C1V8Gv9BX\\\/?mibextid=qi2Omg\",\"@patagoniambiental\",\"https:\\\/\\\/youtube.com\\\/@patagoniaambiental2023?si=BLt58t0wuXquxlYZ\"]}]}<\/script>\n<!-- \/ Yoast SEO Premium plugin. -->","yoast_head_json":{"title":"R\u00edo Negro licitar\u00e1 una concesi\u00f3n hidrocarbur\u00edfera que limita con la mayor \u00e1rea gas\u00edfera provincial","robots":{"index":"index","follow":"follow","max-snippet":"max-snippet:-1","max-image-preview":"max-image-preview:large","max-video-preview":"max-video-preview:-1"},"canonical":"https:\/\/patagoniambiental.com.ar\/info\/rio-negro-licitara-una-concesion-hidrocarburifera-que-limita-con-la-mayor-area-gasifera-provincial\/","og_locale":"es_ES","og_type":"article","og_title":"R\u00edo Negro licitar\u00e1 una concesi\u00f3n hidrocarbur\u00edfera que limita con la mayor \u00e1rea gas\u00edfera provincial","og_description":"R\u00cdO NEGRO.-\u00a0\u00a0Se realiz\u00f3 el llamado a una nueva licitaci\u00f3n p\u00fablica nacional e internacional de \u00e1reas hidrocarbur\u00edferas con el objetivo de [&hellip;]","og_url":"https:\/\/patagoniambiental.com.ar\/info\/rio-negro-licitara-una-concesion-hidrocarburifera-que-limita-con-la-mayor-area-gasifera-provincial\/","og_site_name":"Patagonia Ambiental","article_publisher":"https:\/\/www.facebook.com\/patagonia.ambiental","article_author":"https:\/\/www.facebook.com\/share\/1C1V8Gv9BX\/?mibextid=qi2Omg","article_published_time":"2017-11-18T12:00:24+00:00","og_image":[{"width":1360,"height":765,"url":"https:\/\/patagoniambiental.com.ar\/info\/wp-content\/uploads\/2017\/07\/petroleo.jpg","type":"image\/jpeg"}],"author":"Patagonia Ambiental","twitter_card":"summary_large_image","twitter_creator":"@PatAmb","twitter_site":"@PatAmb","schema":{"@context":"https:\/\/schema.org","@graph":[{"@type":"Article","@id":"https:\/\/patagoniambiental.com.ar\/info\/rio-negro-licitara-una-concesion-hidrocarburifera-que-limita-con-la-mayor-area-gasifera-provincial\/#article","isPartOf":{"@id":"https:\/\/patagoniambiental.com.ar\/info\/rio-negro-licitara-una-concesion-hidrocarburifera-que-limita-con-la-mayor-area-gasifera-provincial\/"},"author":{"name":"Patagonia Ambiental","@id":"https:\/\/patagoniambiental.com.ar\/info\/#\/schema\/person\/db12bff64bbcbf6a253710bf0ea37b5d"},"headline":"R\u00edo Negro licitar\u00e1 una concesi\u00f3n hidrocarbur\u00edfera que limita con la mayor \u00e1rea gas\u00edfera provincial","datePublished":"2017-11-18T12:00:24+00:00","mainEntityOfPage":{"@id":"https:\/\/patagoniambiental.com.ar\/info\/rio-negro-licitara-una-concesion-hidrocarburifera-que-limita-con-la-mayor-area-gasifera-provincial\/"},"wordCount":297,"commentCount":0,"publisher":{"@id":"https:\/\/patagoniambiental.com.ar\/info\/#organization"},"image":{"@id":"https:\/\/patagoniambiental.com.ar\/info\/rio-negro-licitara-una-concesion-hidrocarburifera-que-limita-con-la-mayor-area-gasifera-provincial\/#primaryimage"},"thumbnailUrl":"https:\/\/patagoniambiental.com.ar\/info\/wp-content\/uploads\/2017\/07\/petroleo.jpg","articleSection":["Noticias","R\u00edo Negro"],"inLanguage":"es","potentialAction":[{"@type":"CommentAction","name":"Comment","target":["https:\/\/patagoniambiental.com.ar\/info\/rio-negro-licitara-una-concesion-hidrocarburifera-que-limita-con-la-mayor-area-gasifera-provincial\/#respond"]}]},{"@type":"WebPage","@id":"https:\/\/patagoniambiental.com.ar\/info\/rio-negro-licitara-una-concesion-hidrocarburifera-que-limita-con-la-mayor-area-gasifera-provincial\/","url":"https:\/\/patagoniambiental.com.ar\/info\/rio-negro-licitara-una-concesion-hidrocarburifera-que-limita-con-la-mayor-area-gasifera-provincial\/","name":"R\u00edo Negro licitar\u00e1 una concesi\u00f3n hidrocarbur\u00edfera que limita con la mayor \u00e1rea gas\u00edfera provincial","isPartOf":{"@id":"https:\/\/patagoniambiental.com.ar\/info\/#website"},"primaryImageOfPage":{"@id":"https:\/\/patagoniambiental.com.ar\/info\/rio-negro-licitara-una-concesion-hidrocarburifera-que-limita-con-la-mayor-area-gasifera-provincial\/#primaryimage"},"image":{"@id":"https:\/\/patagoniambiental.com.ar\/info\/rio-negro-licitara-una-concesion-hidrocarburifera-que-limita-con-la-mayor-area-gasifera-provincial\/#primaryimage"},"thumbnailUrl":"https:\/\/patagoniambiental.com.ar\/info\/wp-content\/uploads\/2017\/07\/petroleo.jpg","datePublished":"2017-11-18T12:00:24+00:00","breadcrumb":{"@id":"https:\/\/patagoniambiental.com.ar\/info\/rio-negro-licitara-una-concesion-hidrocarburifera-que-limita-con-la-mayor-area-gasifera-provincial\/#breadcrumb"},"inLanguage":"es","potentialAction":[{"@type":"ReadAction","target":["https:\/\/patagoniambiental.com.ar\/info\/rio-negro-licitara-una-concesion-hidrocarburifera-que-limita-con-la-mayor-area-gasifera-provincial\/"]}]},{"@type":"ImageObject","inLanguage":"es","@id":"https:\/\/patagoniambiental.com.ar\/info\/rio-negro-licitara-una-concesion-hidrocarburifera-que-limita-con-la-mayor-area-gasifera-provincial\/#primaryimage","url":"https:\/\/patagoniambiental.com.ar\/info\/wp-content\/uploads\/2017\/07\/petroleo.jpg","contentUrl":"https:\/\/patagoniambiental.com.ar\/info\/wp-content\/uploads\/2017\/07\/petroleo.jpg","width":1360,"height":765},{"@type":"BreadcrumbList","@id":"https:\/\/patagoniambiental.com.ar\/info\/rio-negro-licitara-una-concesion-hidrocarburifera-que-limita-con-la-mayor-area-gasifera-provincial\/#breadcrumb","itemListElement":[{"@type":"ListItem","position":1,"name":"Inicio","item":"https:\/\/patagoniambiental.com.ar\/info\/"},{"@type":"ListItem","position":2,"name":"R\u00edo Negro licitar\u00e1 una concesi\u00f3n hidrocarbur\u00edfera que limita con la mayor \u00e1rea gas\u00edfera provincial"}]},{"@type":"WebSite","@id":"https:\/\/patagoniambiental.com.ar\/info\/#website","url":"https:\/\/patagoniambiental.com.ar\/info\/","name":"Patagonia Ambiental","description":"Monitoreo y an\u00e1lisis de la situaci\u00f3n geopol\u00edtica en el mundo y su implicancia en la Patagonia","publisher":{"@id":"https:\/\/patagoniambiental.com.ar\/info\/#organization"},"potentialAction":[{"@type":"SearchAction","target":{"@type":"EntryPoint","urlTemplate":"https:\/\/patagoniambiental.com.ar\/info\/?s={search_term_string}"},"query-input":{"@type":"PropertyValueSpecification","valueRequired":true,"valueName":"search_term_string"}}],"inLanguage":"es"},{"@type":"Organization","@id":"https:\/\/patagoniambiental.com.ar\/info\/#organization","name":"Patagonia Ambiental","url":"https:\/\/patagoniambiental.com.ar\/info\/","logo":{"@type":"ImageObject","inLanguage":"es","@id":"https:\/\/patagoniambiental.com.ar\/info\/#\/schema\/logo\/image\/","url":"https:\/\/patagoniambiental.com.ar\/info\/wp-content\/uploads\/2025\/05\/LOGO-PATAGONIA-AMBIENTAL.png","contentUrl":"https:\/\/patagoniambiental.com.ar\/info\/wp-content\/uploads\/2025\/05\/LOGO-PATAGONIA-AMBIENTAL.png","width":433,"height":250,"caption":"Patagonia Ambiental"},"image":{"@id":"https:\/\/patagoniambiental.com.ar\/info\/#\/schema\/logo\/image\/"},"sameAs":["https:\/\/www.facebook.com\/patagonia.ambiental","https:\/\/x.com\/PatAmb"]},{"@type":"Person","@id":"https:\/\/patagoniambiental.com.ar\/info\/#\/schema\/person\/db12bff64bbcbf6a253710bf0ea37b5d","name":"Patagonia Ambiental","description":"Andr\u00e9s Nievas T\u00e9cnico en manejo ambiental, consultor Ambiental y escritor para medios locales e internacionales sobre temas de geopolitica y medio ambiente.","sameAs":["http:\/\/www.patagoniambiental.com.ar","https:\/\/www.facebook.com\/share\/1C1V8Gv9BX\/?mibextid=qi2Omg","@patagoniambiental","https:\/\/youtube.com\/@patagoniaambiental2023?si=BLt58t0wuXquxlYZ"]}]}},"_links":{"self":[{"href":"https:\/\/patagoniambiental.com.ar\/info\/wp-json\/wp\/v2\/posts\/38481","targetHints":{"allow":["GET"]}}],"collection":[{"href":"https:\/\/patagoniambiental.com.ar\/info\/wp-json\/wp\/v2\/posts"}],"about":[{"href":"https:\/\/patagoniambiental.com.ar\/info\/wp-json\/wp\/v2\/types\/post"}],"author":[{"embeddable":true,"href":"https:\/\/patagoniambiental.com.ar\/info\/wp-json\/wp\/v2\/users\/2"}],"replies":[{"embeddable":true,"href":"https:\/\/patagoniambiental.com.ar\/info\/wp-json\/wp\/v2\/comments?post=38481"}],"version-history":[{"count":0,"href":"https:\/\/patagoniambiental.com.ar\/info\/wp-json\/wp\/v2\/posts\/38481\/revisions"}],"wp:featuredmedia":[{"embeddable":true,"href":"https:\/\/patagoniambiental.com.ar\/info\/wp-json\/wp\/v2\/media\/32238"}],"wp:attachment":[{"href":"https:\/\/patagoniambiental.com.ar\/info\/wp-json\/wp\/v2\/media?parent=38481"}],"wp:term":[{"taxonomy":"category","embeddable":true,"href":"https:\/\/patagoniambiental.com.ar\/info\/wp-json\/wp\/v2\/categories?post=38481"},{"taxonomy":"post_tag","embeddable":true,"href":"https:\/\/patagoniambiental.com.ar\/info\/wp-json\/wp\/v2\/tags?post=38481"}],"curies":[{"name":"wp","href":"https:\/\/api.w.org\/{rel}","templated":true}]}}