{"id":38483,"date":"2017-11-18T09:00:12","date_gmt":"2017-11-18T12:00:12","guid":{"rendered":"http:\/\/patagoniambiental.com.ar\/info\/?p=38483"},"modified":"2017-11-18T08:03:32","modified_gmt":"2017-11-18T11:03:32","slug":"las-grutas-aguas-rionegrinas-invirtio-3-000-000-en-obra-cloacal","status":"publish","type":"post","link":"https:\/\/patagoniambiental.com.ar\/info\/las-grutas-aguas-rionegrinas-invirtio-3-000-000-en-obra-cloacal\/","title":{"rendered":"Las Grutas: Aguas Rionegrinas invirti\u00f3 $3.000.000 en obra cloacal"},"content":{"rendered":"<p class=\"x_x_MsoNormal\">LA GRUTAS.-\u00a0El presidente de la empresa estatal Aguas Rionegrinas, Roger Garc\u00eda visit\u00f3 la estaci\u00f3n elevadora de cloacas N\u00b0 2, ante la proximidad de la finalizaci\u00f3n de la obra. Tambi\u00e9n recorri\u00f3 la cisterna de agua potable.<\/p>\n<p class=\"x_x_MsoNormal\">El titular de la empresa estuvo acompa\u00f1ado por el legislador, Adri\u00e1n Casadei y el concejal, Alejandro Railefe.<\/p>\n<p class=\"x_x_MsoNormal\">En la estaci\u00f3n elevadora de cloacas N\u00b0 2 se est\u00e1 llevando a cabo la obra civil que permitir\u00e1 la instalaci\u00f3n de una cuarta bomba de impulsi\u00f3n, que servir\u00e1 para mejorar el tiempo de respuesta y dar mayor seguridad al sistema en general. Asimismo quedar\u00e1 habilitado un sector para la colocaci\u00f3n de una quinta bomba para optimizar a\u00fan m\u00e1s el servicio.<\/p>\n<p class=\"x_x_MsoNormal\">Con estos trabajos, la estaci\u00f3n elevadora, que actualmente bombea 750.000 litros por hora, pasar\u00e1 a tener una capacidad de impulsi\u00f3n de 959.000 litros. Se ampliar\u00e1 el pozo existente, se instalar\u00e1 el equipo de bombeo con las correspondientes v\u00e1lvulas y sistema electromec\u00e1nico y se construir\u00e1n dos salas. Vale destacar que est\u00e1 obra implic\u00f3 una inversi\u00f3n de $3.000.000.<\/p>\n<p class=\"x_x_MsoNormal\">Ante la proximidad de la temporada estival, las autoridades se acercaron a la cisterna de agua potable a fin de conocer las instalaciones, ya que permite reservar el agua potable que luego es distribuida no solo a la poblaci\u00f3n grutense sino tambi\u00e9n a los veraneantes.<\/p>\n<p>&nbsp;<\/p>\n<p>Fuente: Gobierno de R\u00edo Negro<\/p>\n","protected":false},"excerpt":{"rendered":"<p>LA GRUTAS.-\u00a0El presidente de la empresa estatal Aguas Rionegrinas, Roger Garc\u00eda visit\u00f3 la estaci\u00f3n elevadora de cloacas N\u00b0 2, ante [&hellip;]<\/p>\n","protected":false},"author":2,"featured_media":0,"comment_status":"open","ping_status":"open","sticky":false,"template":"","format":"standard","meta":{"site-sidebar-layout":"default","site-content-layout":"","ast-site-content-layout":"default","site-content-style":"default","site-sidebar-style":"default","ast-global-header-display":"","ast-banner-title-visibility":"","ast-main-header-display":"","ast-hfb-above-header-display":"","ast-hfb-below-header-display":"","ast-hfb-mobile-header-display":"","site-post-title":"","ast-breadcrumbs-content":"","ast-featured-img":"","footer-sml-layout":"","ast-disable-related-posts":"","theme-transparent-header-meta":"","adv-header-id-meta":"","stick-header-meta":"","header-above-stick-meta":"","header-main-stick-meta":"","header-below-stick-meta":"","astra-migrate-meta-layouts":"default","ast-page-background-enabled":"default","ast-page-background-meta":{"desktop":{"background-color":"var(--ast-global-color-5)","background-image":"","background-repeat":"repeat","background-position":"center center","background-size":"auto","background-attachment":"scroll","background-type":"","background-media":"","overlay-type":"","overlay-color":"","overlay-opacity":"","overlay-gradient":""},"tablet":{"background-color":"","background-image":"","background-repeat":"repeat","background-position":"center center","background-size":"auto","background-attachment":"scroll","background-type":"","background-media":"","overlay-type":"","overlay-color":"","overlay-opacity":"","overlay-gradient":""},"mobile":{"background-color":"","background-image":"","background-repeat":"repeat","background-position":"center center","background-size":"auto","background-attachment":"scroll","background-type":"","background-media":"","overlay-type":"","overlay-color":"","overlay-opacity":"","overlay-gradient":""}},"ast-content-background-meta":{"desktop":{"background-color":"var(--ast-global-color-4)","background-image":"","background-repeat":"repeat","background-position":"center center","background-size":"auto","background-attachment":"scroll","background-type":"","background-media":"","overlay-type":"","overlay-color":"","overlay-opacity":"","overlay-gradient":""},"tablet":{"background-color":"var(--ast-global-color-4)","background-image":"","background-repeat":"repeat","background-position":"center center","background-size":"auto","background-attachment":"scroll","background-type":"","background-media":"","overlay-type":"","overlay-color":"","overlay-opacity":"","overlay-gradient":""},"mobile":{"background-color":"var(--ast-global-color-4)","background-image":"","background-repeat":"repeat","background-position":"center center","background-size":"auto","background-attachment":"scroll","background-type":"","background-media":"","overlay-type":"","overlay-color":"","overlay-opacity":"","overlay-gradient":""}},"footnotes":""},"categories":[46,1,14],"tags":[],"class_list":["post-38483","post","type-post","status-publish","format-standard","hentry","category-municipios","category-noticias","category-rio-negro"],"yoast_head":"<!-- This site is optimized with the Yoast SEO Premium plugin v23.0 (Yoast SEO v27.4) - https:\/\/yoast.com\/product\/yoast-seo-premium-wordpress\/ -->\n<title>Las Grutas: Aguas Rionegrinas invirti\u00f3 $3.000.000 en obra cloacal<\/title>\n<meta name=\"robots\" content=\"index, follow, max-snippet:-1, max-image-preview:large, max-video-preview:-1\" \/>\n<link rel=\"canonical\" href=\"https:\/\/patagoniambiental.com.ar\/info\/las-grutas-aguas-rionegrinas-invirtio-3-000-000-en-obra-cloacal\/\" \/>\n<meta property=\"og:locale\" content=\"es_ES\" \/>\n<meta property=\"og:type\" content=\"article\" \/>\n<meta property=\"og:title\" content=\"Las Grutas: Aguas Rionegrinas invirti\u00f3 $3.000.000 en obra cloacal\" \/>\n<meta property=\"og:description\" content=\"LA GRUTAS.-\u00a0El presidente de la empresa estatal Aguas Rionegrinas, Roger Garc\u00eda visit\u00f3 la estaci\u00f3n elevadora de cloacas N\u00b0 2, ante [&hellip;]\" \/>\n<meta property=\"og:url\" content=\"https:\/\/patagoniambiental.com.ar\/info\/las-grutas-aguas-rionegrinas-invirtio-3-000-000-en-obra-cloacal\/\" \/>\n<meta property=\"og:site_name\" content=\"Patagonia Ambiental\" \/>\n<meta property=\"article:publisher\" content=\"https:\/\/www.facebook.com\/patagonia.ambiental\" \/>\n<meta property=\"article:author\" content=\"https:\/\/www.facebook.com\/share\/1C1V8Gv9BX\/?mibextid=qi2Omg\" \/>\n<meta property=\"article:published_time\" content=\"2017-11-18T12:00:12+00:00\" \/>\n<meta property=\"og:image\" content=\"https:\/\/patagoniambiental.com.ar\/info\/wp-content\/uploads\/2017\/01\/Logo-Aguas-Rionegrinas-color-3-720x300.jpg\" \/>\n\t<meta property=\"og:image:width\" content=\"720\" \/>\n\t<meta property=\"og:image:height\" content=\"300\" \/>\n\t<meta property=\"og:image:type\" content=\"image\/jpeg\" \/>\n<meta name=\"author\" content=\"Patagonia Ambiental\" \/>\n<meta name=\"twitter:card\" content=\"summary_large_image\" \/>\n<meta name=\"twitter:creator\" content=\"@PatAmb\" \/>\n<meta name=\"twitter:site\" content=\"@PatAmb\" \/>\n<script type=\"application\/ld+json\" class=\"yoast-schema-graph\">{\"@context\":\"https:\\\/\\\/schema.org\",\"@graph\":[{\"@type\":\"Article\",\"@id\":\"https:\\\/\\\/patagoniambiental.com.ar\\\/info\\\/las-grutas-aguas-rionegrinas-invirtio-3-000-000-en-obra-cloacal\\\/#article\",\"isPartOf\":{\"@id\":\"https:\\\/\\\/patagoniambiental.com.ar\\\/info\\\/las-grutas-aguas-rionegrinas-invirtio-3-000-000-en-obra-cloacal\\\/\"},\"author\":{\"name\":\"Patagonia Ambiental\",\"@id\":\"https:\\\/\\\/patagoniambiental.com.ar\\\/info\\\/#\\\/schema\\\/person\\\/db12bff64bbcbf6a253710bf0ea37b5d\"},\"headline\":\"Las Grutas: Aguas Rionegrinas invirti\u00f3 $3.000.000 en obra cloacal\",\"datePublished\":\"2017-11-18T12:00:12+00:00\",\"mainEntityOfPage\":{\"@id\":\"https:\\\/\\\/patagoniambiental.com.ar\\\/info\\\/las-grutas-aguas-rionegrinas-invirtio-3-000-000-en-obra-cloacal\\\/\"},\"wordCount\":245,\"commentCount\":0,\"publisher\":{\"@id\":\"https:\\\/\\\/patagoniambiental.com.ar\\\/info\\\/#organization\"},\"articleSection\":[\"Municipios\",\"Noticias\",\"R\u00edo Negro\"],\"inLanguage\":\"es\",\"potentialAction\":[{\"@type\":\"CommentAction\",\"name\":\"Comment\",\"target\":[\"https:\\\/\\\/patagoniambiental.com.ar\\\/info\\\/las-grutas-aguas-rionegrinas-invirtio-3-000-000-en-obra-cloacal\\\/#respond\"]}]},{\"@type\":\"WebPage\",\"@id\":\"https:\\\/\\\/patagoniambiental.com.ar\\\/info\\\/las-grutas-aguas-rionegrinas-invirtio-3-000-000-en-obra-cloacal\\\/\",\"url\":\"https:\\\/\\\/patagoniambiental.com.ar\\\/info\\\/las-grutas-aguas-rionegrinas-invirtio-3-000-000-en-obra-cloacal\\\/\",\"name\":\"Las Grutas: Aguas Rionegrinas invirti\u00f3 $3.000.000 en obra cloacal\",\"isPartOf\":{\"@id\":\"https:\\\/\\\/patagoniambiental.com.ar\\\/info\\\/#website\"},\"datePublished\":\"2017-11-18T12:00:12+00:00\",\"breadcrumb\":{\"@id\":\"https:\\\/\\\/patagoniambiental.com.ar\\\/info\\\/las-grutas-aguas-rionegrinas-invirtio-3-000-000-en-obra-cloacal\\\/#breadcrumb\"},\"inLanguage\":\"es\",\"potentialAction\":[{\"@type\":\"ReadAction\",\"target\":[\"https:\\\/\\\/patagoniambiental.com.ar\\\/info\\\/las-grutas-aguas-rionegrinas-invirtio-3-000-000-en-obra-cloacal\\\/\"]}]},{\"@type\":\"BreadcrumbList\",\"@id\":\"https:\\\/\\\/patagoniambiental.com.ar\\\/info\\\/las-grutas-aguas-rionegrinas-invirtio-3-000-000-en-obra-cloacal\\\/#breadcrumb\",\"itemListElement\":[{\"@type\":\"ListItem\",\"position\":1,\"name\":\"Inicio\",\"item\":\"https:\\\/\\\/patagoniambiental.com.ar\\\/info\\\/\"},{\"@type\":\"ListItem\",\"position\":2,\"name\":\"Las Grutas: Aguas Rionegrinas invirti\u00f3 $3.000.000 en obra cloacal\"}]},{\"@type\":\"WebSite\",\"@id\":\"https:\\\/\\\/patagoniambiental.com.ar\\\/info\\\/#website\",\"url\":\"https:\\\/\\\/patagoniambiental.com.ar\\\/info\\\/\",\"name\":\"Patagonia Ambiental\",\"description\":\"Monitoreo y an\u00e1lisis de la situaci\u00f3n geopol\u00edtica en el mundo y su implicancia en la Patagonia\",\"publisher\":{\"@id\":\"https:\\\/\\\/patagoniambiental.com.ar\\\/info\\\/#organization\"},\"potentialAction\":[{\"@type\":\"SearchAction\",\"target\":{\"@type\":\"EntryPoint\",\"urlTemplate\":\"https:\\\/\\\/patagoniambiental.com.ar\\\/info\\\/?s={search_term_string}\"},\"query-input\":{\"@type\":\"PropertyValueSpecification\",\"valueRequired\":true,\"valueName\":\"search_term_string\"}}],\"inLanguage\":\"es\"},{\"@type\":\"Organization\",\"@id\":\"https:\\\/\\\/patagoniambiental.com.ar\\\/info\\\/#organization\",\"name\":\"Patagonia Ambiental\",\"url\":\"https:\\\/\\\/patagoniambiental.com.ar\\\/info\\\/\",\"logo\":{\"@type\":\"ImageObject\",\"inLanguage\":\"es\",\"@id\":\"https:\\\/\\\/patagoniambiental.com.ar\\\/info\\\/#\\\/schema\\\/logo\\\/image\\\/\",\"url\":\"https:\\\/\\\/patagoniambiental.com.ar\\\/info\\\/wp-content\\\/uploads\\\/2025\\\/05\\\/LOGO-PATAGONIA-AMBIENTAL.png\",\"contentUrl\":\"https:\\\/\\\/patagoniambiental.com.ar\\\/info\\\/wp-content\\\/uploads\\\/2025\\\/05\\\/LOGO-PATAGONIA-AMBIENTAL.png\",\"width\":433,\"height\":250,\"caption\":\"Patagonia Ambiental\"},\"image\":{\"@id\":\"https:\\\/\\\/patagoniambiental.com.ar\\\/info\\\/#\\\/schema\\\/logo\\\/image\\\/\"},\"sameAs\":[\"https:\\\/\\\/www.facebook.com\\\/patagonia.ambiental\",\"https:\\\/\\\/x.com\\\/PatAmb\"]},{\"@type\":\"Person\",\"@id\":\"https:\\\/\\\/patagoniambiental.com.ar\\\/info\\\/#\\\/schema\\\/person\\\/db12bff64bbcbf6a253710bf0ea37b5d\",\"name\":\"Patagonia Ambiental\",\"description\":\"Andr\u00e9s Nievas T\u00e9cnico en manejo ambiental, consultor Ambiental y escritor para medios locales e internacionales sobre temas de geopolitica y medio ambiente.\",\"sameAs\":[\"http:\\\/\\\/www.patagoniambiental.com.ar\",\"https:\\\/\\\/www.facebook.com\\\/share\\\/1C1V8Gv9BX\\\/?mibextid=qi2Omg\",\"@patagoniambiental\",\"https:\\\/\\\/youtube.com\\\/@patagoniaambiental2023?si=BLt58t0wuXquxlYZ\"]}]}<\/script>\n<!-- \/ Yoast SEO Premium plugin. -->","yoast_head_json":{"title":"Las Grutas: Aguas Rionegrinas invirti\u00f3 $3.000.000 en obra cloacal","robots":{"index":"index","follow":"follow","max-snippet":"max-snippet:-1","max-image-preview":"max-image-preview:large","max-video-preview":"max-video-preview:-1"},"canonical":"https:\/\/patagoniambiental.com.ar\/info\/las-grutas-aguas-rionegrinas-invirtio-3-000-000-en-obra-cloacal\/","og_locale":"es_ES","og_type":"article","og_title":"Las Grutas: Aguas Rionegrinas invirti\u00f3 $3.000.000 en obra cloacal","og_description":"LA GRUTAS.-\u00a0El presidente de la empresa estatal Aguas Rionegrinas, Roger Garc\u00eda visit\u00f3 la estaci\u00f3n elevadora de cloacas N\u00b0 2, ante [&hellip;]","og_url":"https:\/\/patagoniambiental.com.ar\/info\/las-grutas-aguas-rionegrinas-invirtio-3-000-000-en-obra-cloacal\/","og_site_name":"Patagonia Ambiental","article_publisher":"https:\/\/www.facebook.com\/patagonia.ambiental","article_author":"https:\/\/www.facebook.com\/share\/1C1V8Gv9BX\/?mibextid=qi2Omg","article_published_time":"2017-11-18T12:00:12+00:00","og_image":[{"width":720,"height":300,"url":"https:\/\/patagoniambiental.com.ar\/info\/wp-content\/uploads\/2017\/01\/Logo-Aguas-Rionegrinas-color-3-720x300.jpg","type":"image\/jpeg"}],"author":"Patagonia Ambiental","twitter_card":"summary_large_image","twitter_creator":"@PatAmb","twitter_site":"@PatAmb","schema":{"@context":"https:\/\/schema.org","@graph":[{"@type":"Article","@id":"https:\/\/patagoniambiental.com.ar\/info\/las-grutas-aguas-rionegrinas-invirtio-3-000-000-en-obra-cloacal\/#article","isPartOf":{"@id":"https:\/\/patagoniambiental.com.ar\/info\/las-grutas-aguas-rionegrinas-invirtio-3-000-000-en-obra-cloacal\/"},"author":{"name":"Patagonia Ambiental","@id":"https:\/\/patagoniambiental.com.ar\/info\/#\/schema\/person\/db12bff64bbcbf6a253710bf0ea37b5d"},"headline":"Las Grutas: Aguas Rionegrinas invirti\u00f3 $3.000.000 en obra cloacal","datePublished":"2017-11-18T12:00:12+00:00","mainEntityOfPage":{"@id":"https:\/\/patagoniambiental.com.ar\/info\/las-grutas-aguas-rionegrinas-invirtio-3-000-000-en-obra-cloacal\/"},"wordCount":245,"commentCount":0,"publisher":{"@id":"https:\/\/patagoniambiental.com.ar\/info\/#organization"},"articleSection":["Municipios","Noticias","R\u00edo Negro"],"inLanguage":"es","potentialAction":[{"@type":"CommentAction","name":"Comment","target":["https:\/\/patagoniambiental.com.ar\/info\/las-grutas-aguas-rionegrinas-invirtio-3-000-000-en-obra-cloacal\/#respond"]}]},{"@type":"WebPage","@id":"https:\/\/patagoniambiental.com.ar\/info\/las-grutas-aguas-rionegrinas-invirtio-3-000-000-en-obra-cloacal\/","url":"https:\/\/patagoniambiental.com.ar\/info\/las-grutas-aguas-rionegrinas-invirtio-3-000-000-en-obra-cloacal\/","name":"Las Grutas: Aguas Rionegrinas invirti\u00f3 $3.000.000 en obra cloacal","isPartOf":{"@id":"https:\/\/patagoniambiental.com.ar\/info\/#website"},"datePublished":"2017-11-18T12:00:12+00:00","breadcrumb":{"@id":"https:\/\/patagoniambiental.com.ar\/info\/las-grutas-aguas-rionegrinas-invirtio-3-000-000-en-obra-cloacal\/#breadcrumb"},"inLanguage":"es","potentialAction":[{"@type":"ReadAction","target":["https:\/\/patagoniambiental.com.ar\/info\/las-grutas-aguas-rionegrinas-invirtio-3-000-000-en-obra-cloacal\/"]}]},{"@type":"BreadcrumbList","@id":"https:\/\/patagoniambiental.com.ar\/info\/las-grutas-aguas-rionegrinas-invirtio-3-000-000-en-obra-cloacal\/#breadcrumb","itemListElement":[{"@type":"ListItem","position":1,"name":"Inicio","item":"https:\/\/patagoniambiental.com.ar\/info\/"},{"@type":"ListItem","position":2,"name":"Las Grutas: Aguas Rionegrinas invirti\u00f3 $3.000.000 en obra cloacal"}]},{"@type":"WebSite","@id":"https:\/\/patagoniambiental.com.ar\/info\/#website","url":"https:\/\/patagoniambiental.com.ar\/info\/","name":"Patagonia Ambiental","description":"Monitoreo y an\u00e1lisis de la situaci\u00f3n geopol\u00edtica en el mundo y su implicancia en la Patagonia","publisher":{"@id":"https:\/\/patagoniambiental.com.ar\/info\/#organization"},"potentialAction":[{"@type":"SearchAction","target":{"@type":"EntryPoint","urlTemplate":"https:\/\/patagoniambiental.com.ar\/info\/?s={search_term_string}"},"query-input":{"@type":"PropertyValueSpecification","valueRequired":true,"valueName":"search_term_string"}}],"inLanguage":"es"},{"@type":"Organization","@id":"https:\/\/patagoniambiental.com.ar\/info\/#organization","name":"Patagonia Ambiental","url":"https:\/\/patagoniambiental.com.ar\/info\/","logo":{"@type":"ImageObject","inLanguage":"es","@id":"https:\/\/patagoniambiental.com.ar\/info\/#\/schema\/logo\/image\/","url":"https:\/\/patagoniambiental.com.ar\/info\/wp-content\/uploads\/2025\/05\/LOGO-PATAGONIA-AMBIENTAL.png","contentUrl":"https:\/\/patagoniambiental.com.ar\/info\/wp-content\/uploads\/2025\/05\/LOGO-PATAGONIA-AMBIENTAL.png","width":433,"height":250,"caption":"Patagonia Ambiental"},"image":{"@id":"https:\/\/patagoniambiental.com.ar\/info\/#\/schema\/logo\/image\/"},"sameAs":["https:\/\/www.facebook.com\/patagonia.ambiental","https:\/\/x.com\/PatAmb"]},{"@type":"Person","@id":"https:\/\/patagoniambiental.com.ar\/info\/#\/schema\/person\/db12bff64bbcbf6a253710bf0ea37b5d","name":"Patagonia Ambiental","description":"Andr\u00e9s Nievas T\u00e9cnico en manejo ambiental, consultor Ambiental y escritor para medios locales e internacionales sobre temas de geopolitica y medio ambiente.","sameAs":["http:\/\/www.patagoniambiental.com.ar","https:\/\/www.facebook.com\/share\/1C1V8Gv9BX\/?mibextid=qi2Omg","@patagoniambiental","https:\/\/youtube.com\/@patagoniaambiental2023?si=BLt58t0wuXquxlYZ"]}]}},"_links":{"self":[{"href":"https:\/\/patagoniambiental.com.ar\/info\/wp-json\/wp\/v2\/posts\/38483","targetHints":{"allow":["GET"]}}],"collection":[{"href":"https:\/\/patagoniambiental.com.ar\/info\/wp-json\/wp\/v2\/posts"}],"about":[{"href":"https:\/\/patagoniambiental.com.ar\/info\/wp-json\/wp\/v2\/types\/post"}],"author":[{"embeddable":true,"href":"https:\/\/patagoniambiental.com.ar\/info\/wp-json\/wp\/v2\/users\/2"}],"replies":[{"embeddable":true,"href":"https:\/\/patagoniambiental.com.ar\/info\/wp-json\/wp\/v2\/comments?post=38483"}],"version-history":[{"count":0,"href":"https:\/\/patagoniambiental.com.ar\/info\/wp-json\/wp\/v2\/posts\/38483\/revisions"}],"wp:attachment":[{"href":"https:\/\/patagoniambiental.com.ar\/info\/wp-json\/wp\/v2\/media?parent=38483"}],"wp:term":[{"taxonomy":"category","embeddable":true,"href":"https:\/\/patagoniambiental.com.ar\/info\/wp-json\/wp\/v2\/categories?post=38483"},{"taxonomy":"post_tag","embeddable":true,"href":"https:\/\/patagoniambiental.com.ar\/info\/wp-json\/wp\/v2\/tags?post=38483"}],"curies":[{"name":"wp","href":"https:\/\/api.w.org\/{rel}","templated":true}]}}