{"id":38510,"date":"2017-11-20T10:44:06","date_gmt":"2017-11-20T13:44:06","guid":{"rendered":"http:\/\/patagoniambiental.com.ar\/info\/?p=38510"},"modified":"2017-11-20T10:44:06","modified_gmt":"2017-11-20T13:44:06","slug":"defender-el-medio-ambiente-no-es-marketing-es-un-estilo-de-vida","status":"publish","type":"post","link":"https:\/\/patagoniambiental.com.ar\/info\/defender-el-medio-ambiente-no-es-marketing-es-un-estilo-de-vida\/","title":{"rendered":"\u201cDefender el medio ambiente no es marketing, es un estilo de vida\u201d"},"content":{"rendered":"<p>El reconocido periodista especializado en temas ambientales y defensor de los derechos de los animales comprende un modo de protagonizar el cuidado del planeta. Luis Pavesio ya trabajaba en C5N contando historias de personajes de la cultura, cuando recibi\u00f3 la oferta de conducir un programa de tem\u00e1tica ambiental por parte de Daniel Hadad \u2013entonces due\u00f1o del medio-. Sin dudarlo, acept\u00f3, y ese fue el puntapi\u00e9 inicial de una prol\u00edfica especializaci\u00f3n en la tem\u00e1tica que lo acompa\u00f1ar\u00eda la \u00faltima d\u00e9cada. El programa de TV (Alerta Verde en C5N), un portal ecol\u00f3gico (Noticias Ambientales) y ahora su libro (Un planeta lejano llamado Tierra), forman parte de un modo de concebir a la ecolog\u00eda y el cuidado por el medio ambiente. Despu\u00e9s de diez a\u00f1os al aire, \u2018Alerta Verde\u2019 se convirti\u00f3 en el programa de ecolog\u00eda y tem\u00e1tica ambiental que m\u00e1s trayectoria tiene en televisi\u00f3n, con un formato lejos de la solemnidad que ha logrado contarle a la gente algunas problem\u00e1ticas de un modo cercano y responsable.<\/p>\n<p>Son diversos los temas que son noticia en materia ambiental. El cambio clim\u00e1tico es la problem\u00e1tica que m\u00e1s est\u00e1 afectando al planeta entero, pero tambi\u00e9n la deforestaci\u00f3n, la utilizaci\u00f3n de agroqu\u00edmicos, el tratamiento de residuos y la posibilidad de desarrollo de energ\u00edas renovables. Estos temas le preocupan a Pavesio y tiene una mirada muy cr\u00edtica respecto a lo que se puede hacer para mejorar la relaci\u00f3n del hombre con la naturaleza. \u201cReci\u00e9n en los \u00faltimos a\u00f1os se comenz\u00f3 a\u00a0implementar programas de cierre de basurales a cielo abierto, que era una cuenta pendiente. Antes uno iba a Pen\u00ednsula Vald\u00e9s para ver a\u00a0las ballenas y muy cerquita de Madryn uno ve\u00eda un basural. Con los vientos patag\u00f3nicos eso terminaba en el mar y las ballenas junto a la fauna marina confunden los pl\u00e1sticos con alimento\u201d, explica.<\/p>\n<p>Con una apreciaci\u00f3n dispar entre provincias argentinas que se preocupan por la tem\u00e1tica y otras que poco lo hacen, el periodista indica que en el 2017 \u201cno se puede seguir sin un programa de gesti\u00f3n de residuos\u201d y que contin\u00faen los basurales. Este proceso de cambio de consciencia con la ecolog\u00eda permiti\u00f3 \u201cque hace 15 a\u00f1os nadie hablaba del cuidado ambiental, y si bien se avanz\u00f3 much\u00edsimo, todav\u00eda hay deudas que son propias de Argentina\u201d.<\/p>\n<p><strong>-\u00bfTomar en serio la problem\u00e1tica ambiental tiene que ver con una cuesti\u00f3n generacional o cultural?<\/strong><\/p>\n<p>-En las escuelas todos los docentes les inculcan a los chicos el cuidado de los residuos, la energ\u00eda, el agua, la consciencia por el maltrato animal. Antes no se hablaba de eso. Yo creo que ah\u00ed hay una cuesti\u00f3n generacional que representa un cambio positivo. Pero tambi\u00e9n creo que el problema es cultural, y no todos participan ni colaboran en ese sentido. Tenemos que participar todos aceptando un cambio de consciencia. Por ejemplo, los rellenos sanitarios est\u00e1n desbordados. Pero cuando se crean otros nuevos mucha gente se queja de que est\u00e1n cerca de su casa. Y mucho de lo que se entierra tiene un valor econ\u00f3mico. Tanto el vidrio como el papel, el cart\u00f3n, los materiales ferrosos o el telgopol ahora son m\u00e1s reciclados por familias enteras que viven con esto. Antes eran cartoneros y hoy son cooperativistas que trabajan alrededor de esa cuesti\u00f3n.<\/p>\n<p><u>Residuos y energ\u00eda renovable<\/u><\/p>\n<p>Pavesio defiende la idea de una pol\u00edtica de cuidados ambientales donde el ejemplo funcione como articulador de conductas que a la larga se conviertan en valores culturales para la sociedad. As\u00ed grafica esta situaci\u00f3n con su visita a Cataratas de Iguaz\u00fa, donde el Parque Nacional tiene una enf\u00e1tica pol\u00edtica de persuasi\u00f3n para los visitantes en inculcarle la separaci\u00f3n de residuos. Dentro del parque sucede que el 98% de los residuos que se generan all\u00ed est\u00e1n separados y se pueden reutilizar por medio de la actividad cooperativista. Por fuera del parque, en la ciudad de Puerto Iguaz\u00fa s\u00f3lo el 3% de los residuos son separados y reutilizados. Esa distancia entre cifras de un mismo sitio tiene clara relaci\u00f3n con el funcionamiento de pautas que funcionan como inculcadoras de una pr\u00e1ctica ciudadana cotidiana.<\/p>\n<p><strong>-Adem\u00e1s de la pr\u00e1ctica ciudadana, \u00bfcu\u00e1les son los principales obst\u00e1culos para que esta tem\u00e1tica sea tomada en serio por los pa\u00edses?<\/strong><\/p>\n<p>-Un grave problema es el consumo desmedido de productos que tenemos en Argentina y en el mundo. La situaci\u00f3n t\u00edpica es cambiar el celular cuando sale un modelo m\u00e1s lindo\u2026 No existe la responsabilidad del productor en este sentido. Existe un lobby de las empresas multinacionales que es tan grande que frena las iniciativas en el Congreso. En Argentina sucedi\u00f3 hace muy poco con la Ley de Envases \u2013que promov\u00eda prevenir y reducir el impacto en el medio ambiente del uso de envases pl\u00e1sticos extendiendo la responsabilidad al productor- que estaba a punto de salir, y en el Senado lo frenaron, perdi\u00f3 el estado parlamentario, y qued\u00f3 en cero. Lo mismo sucede con algunas empresas el\u00e9ctricas que no quieren que haya un desarrollo muy grande de las energ\u00edas renovables. Pero va a haber una ola de cambio en la sociedad que ser\u00e1 irreversible y se van a tener que adaptar.<\/p>\n<p>Nuestro pa\u00eds, junto con Chile y Bolivia, tiene las mejores condiciones para aprovechar la energ\u00eda solar en el mundo. Recientemente se conocieron algunos proyectos de Parques Solares para finales de a\u00f1o en Jujuy, lo que se convertir\u00eda en uno de los proyectos m\u00e1s grandes de Latinoam\u00e9rica. En materia de energ\u00eda e\u00f3lica Argentina tambi\u00e9n es potencia debido a la extensi\u00f3n geogr\u00e1fica y la calidad de sus vientos, sin embargo las iniciativas que existen son aisladas. A\u00fan no se ha explotado el tema de las energ\u00edas renovables.<\/p>\n<p><strong>-Si tuvieses que mencionar una problem\u00e1tica mundial y algunas locales que te preocupan de sobremanera, \u00bfqu\u00e9 dir\u00edas?<\/strong><\/p>\n<p>-A nivel global son muchas. Pero hay un tema terrible con la contaminaci\u00f3n de basura a nivel mundial. Me preocupa y me pregunto qu\u00e9 se puede hacer con las \u201cislas flotantes de basura\u201d en el Pac\u00edfico. No entiendo como todav\u00eda algunos pa\u00edses no hayan decidido seriamente trabajar en el tema para buscar una soluci\u00f3n. Una de las problem\u00e1ticas que se est\u00e1 viendo es que el pl\u00e1stico se va degradando y se convierte en micro-part\u00edculas. Eso se alg\u00fan modo llega a\u00a0lo que comemos. Algunos especialistas indican que la sal marina que estamos consumiendo tiene micro-part\u00edculas de pl\u00e1stico. Y por supuesto tambi\u00e9n los animales del mar lo consumen, lo cual perjudica su salud y la de sus depredadores, inclusive el humano.<\/p>\n<p>En Argentina me preocupan muchas cosas tambi\u00e9n. Me encantar\u00eda poder influir pol\u00edticamente en las decisiones de los representantes y la creaci\u00f3n de pol\u00edticas p\u00fablicas sobre medio ambiente. A veces me cuesta comprender como pasan los a\u00f1os y no se hacen determinadas cosas. No lo entiendo porque son cosas muy f\u00e1ciles de implementar. En mis viajes a Barcelona, Bogot\u00e1, Ecuador, veo que se aplican ciertas\u00a0pol\u00edticas p\u00fablicas para favorecer la salud de los animales, con muy poco costo y me pregunto por qu\u00e9 ac\u00e1 no se hace eso. Yo suelo grabar programas e informes y se los env\u00edo a los funcionarios para que se interesen, pero no hay mucha respuesta.<\/p>\n<p><u>Maltrato animal<\/u><\/p>\n<p>Luis cuenta que trabaj\u00f3 mucho para que se aprobara el a\u00f1o pasado\u00a0la ley que proh\u00edbe la carrera de galgos. Y sin embargo, todo el tiempo lo llaman por tel\u00e9fono o lo contactan por las redes sociales para decirle que se hacen carreras de galgos y le nace llamar a pol\u00edticos y jueves\u00a0para que intervengan. Este tipo de negocios, donde hay mucha ganancia por detr\u00e1s, subsisten gracias a la complicidad de algunos sectores. La existencia de una ley no significa la no existencia de quienes no la aplican. En el maltrato animal hay otras pr\u00e1cticas que siguen sucediendo en el interior del pa\u00eds, lejos del estilo de vida urbano, como las ri\u00f1as de gallos, tiro a la\u00a0paloma, tiro al pato, la venta de monos y otros animales prohibidos para tenencia dom\u00e9stica. Este tipo de maltrato animal le es informado todo el tiempo por ciudadanos que se preocupan como \u00e9l. Una de las claves para seguir alertando sobre estas tem\u00e1ticas est\u00e1 en medios del interior. Pavesio cuenta que las radios del interior del pa\u00eds lo llaman y quieren hablar del tema y ese es un modo de ocuparse y ser responsables.<\/p>\n<p><strong>-\u00bfHay falta de presupuesto en Argentina para ocuparse de la ecolog\u00eda o no es prioridad de los mandatarios?<\/strong><\/p>\n<p>-Un dato para pensar esto es algo concreto. Hay muchas cosas que se podr\u00edan hacer que no implica sacarle partidas presupuestarias a otros temas urgentes que tiene la Argentina. Ocurre que muchas veces hay ONGs que se ofrecen para algunas tareas y ah\u00ed es donde el Estado no articula o no se interesa. Como eso me preocupa, a veces me pongo a levantar tel\u00e9fonos y llamar. Quiz\u00e1s un domingo a las 5 de la tarde\u2026 No ten\u00e9s un horario fijo, esto es as\u00ed. Yo siempre digo que la ecolog\u00eda y el medioambiente no conocen ni horarios ni d\u00edas h\u00e1biles. Hay gente que piensa que esto de la ecolog\u00eda es s\u00f3lo marketing y que soy vegetariano en la tele y despu\u00e9s como sushi. Pero esto es una causa y un estilo de vida, donde el ejemplo es uno, sin ser extremista pero si cuidadoso y respetuoso de los animales y el ambiente. Considero que no hago nada que llame mucho la atenci\u00f3n, pero al haber muchos que no lo hacen, parece extraordinario.<\/p>\n<p><strong>-Recientemente editaste tu primer libro sobre ecolog\u00eda y naturaleza explicada para ni\u00f1os, \u00bfc\u00f3mo fue la experiencia de escribir un libro y vincularte con los m\u00e1s chiquitos?<\/strong><\/p>\n<p>-Fue un gran\u00a0desaf\u00edo, pero muy motivador escribir este libro. Los chicos se enganchan mucho con Wiiza, el personaje central que es un extraterrestre que viene a ver el planeta y analiza la conducta de los humanos. Resulta un personaje simp\u00e1tico y tiene un mensaje positivo para que los chicos se sumen y participen en estas peque\u00f1as acciones para cuidar el ambiente. El libro marca tips en cada cap\u00edtulo para que ellos se apropien y se re enganchan. Recibo muchas fotos de padres y chicos comprando el libro desde todo el pa\u00eds. Muchos tambi\u00e9n dibujan a Wiiza. La realizaci\u00f3n fue un trabajo conjunto con Cecilia Blanco. A m\u00ed me encant\u00f3 escribir. Era una tarea pendiente. Nunca lo plasm\u00e9 hasta que surgi\u00f3 la propuesta de la Editorial Uranito. Fue una experiencia hermosa donde yo escrib\u00eda los conceptos ecol\u00f3gicos, despu\u00e9s Cecilia armaba el cuento, iba al ilustrador, volv\u00eda, y se iba transformando y crec\u00eda la historia. Para m\u00ed fue importante que alguien reconocida mundialmente\u00a0como Jane Goodall acepte realizar el pr\u00f3logo. Fue tocar el cielo con las manos. Adem\u00e1s el libro fue impreso con la certificaci\u00f3n FSC que garantiza la trazabilidad forestal y cuidado ambiental. Y eso es muy coherente con el sentido que tiene la historia que contamos.<\/p>\n<p>Fuente: Por Marcos Mutuverr\u00eda\u00a0http:\/\/www.locally.com.ar\/2017\/11\/18\/defender-el-medio-ambiente-no-es-marketing-es-un-estilo-de-vida\/<\/p>\n<p>&nbsp;<\/p>\n","protected":false},"excerpt":{"rendered":"<p>El reconocido periodista especializado en temas ambientales y defensor de los derechos de los animales comprende un modo de protagonizar [&hellip;]<\/p>\n","protected":false},"author":2,"featured_media":38511,"comment_status":"open","ping_status":"open","sticky":false,"template":"","format":"standard","meta":{"site-sidebar-layout":"default","site-content-layout":"","ast-site-content-layout":"default","site-content-style":"default","site-sidebar-style":"default","ast-global-header-display":"","ast-banner-title-visibility":"","ast-main-header-display":"","ast-hfb-above-header-display":"","ast-hfb-below-header-display":"","ast-hfb-mobile-header-display":"","site-post-title":"","ast-breadcrumbs-content":"","ast-featured-img":"","footer-sml-layout":"","ast-disable-related-posts":"","theme-transparent-header-meta":"","adv-header-id-meta":"","stick-header-meta":"","header-above-stick-meta":"","header-main-stick-meta":"","header-below-stick-meta":"","astra-migrate-meta-layouts":"default","ast-page-background-enabled":"default","ast-page-background-meta":{"desktop":{"background-color":"var(--ast-global-color-5)","background-image":"","background-repeat":"repeat","background-position":"center center","background-size":"auto","background-attachment":"scroll","background-type":"","background-media":"","overlay-type":"","overlay-color":"","overlay-opacity":"","overlay-gradient":""},"tablet":{"background-color":"","background-image":"","background-repeat":"repeat","background-position":"center center","background-size":"auto","background-attachment":"scroll","background-type":"","background-media":"","overlay-type":"","overlay-color":"","overlay-opacity":"","overlay-gradient":""},"mobile":{"background-color":"","background-image":"","background-repeat":"repeat","background-position":"center center","background-size":"auto","background-attachment":"scroll","background-type":"","background-media":"","overlay-type":"","overlay-color":"","overlay-opacity":"","overlay-gradient":""}},"ast-content-background-meta":{"desktop":{"background-color":"var(--ast-global-color-4)","background-image":"","background-repeat":"repeat","background-position":"center center","background-size":"auto","background-attachment":"scroll","background-type":"","background-media":"","overlay-type":"","overlay-color":"","overlay-opacity":"","overlay-gradient":""},"tablet":{"background-color":"var(--ast-global-color-4)","background-image":"","background-repeat":"repeat","background-position":"center center","background-size":"auto","background-attachment":"scroll","background-type":"","background-media":"","overlay-type":"","overlay-color":"","overlay-opacity":"","overlay-gradient":""},"mobile":{"background-color":"var(--ast-global-color-4)","background-image":"","background-repeat":"repeat","background-position":"center center","background-size":"auto","background-attachment":"scroll","background-type":"","background-media":"","overlay-type":"","overlay-color":"","overlay-opacity":"","overlay-gradient":""}},"footnotes":""},"categories":[1],"tags":[],"class_list":["post-38510","post","type-post","status-publish","format-standard","has-post-thumbnail","hentry","category-noticias"],"yoast_head":"<!-- This site is optimized with the Yoast SEO Premium plugin v23.0 (Yoast SEO v27.4) - https:\/\/yoast.com\/product\/yoast-seo-premium-wordpress\/ -->\n<title>\u201cDefender el medio ambiente no es marketing, es un estilo de vida\u201d<\/title>\n<meta name=\"robots\" content=\"index, follow, max-snippet:-1, max-image-preview:large, max-video-preview:-1\" \/>\n<link rel=\"canonical\" href=\"https:\/\/patagoniambiental.com.ar\/info\/defender-el-medio-ambiente-no-es-marketing-es-un-estilo-de-vida\/\" \/>\n<meta property=\"og:locale\" content=\"es_ES\" \/>\n<meta property=\"og:type\" content=\"article\" \/>\n<meta property=\"og:title\" content=\"\u201cDefender el medio ambiente no es marketing, es un estilo de vida\u201d\" \/>\n<meta property=\"og:description\" content=\"El reconocido periodista especializado en temas ambientales y defensor de los derechos de los animales comprende un modo de protagonizar [&hellip;]\" \/>\n<meta property=\"og:url\" content=\"https:\/\/patagoniambiental.com.ar\/info\/defender-el-medio-ambiente-no-es-marketing-es-un-estilo-de-vida\/\" \/>\n<meta property=\"og:site_name\" content=\"Patagonia Ambiental\" \/>\n<meta property=\"article:publisher\" content=\"https:\/\/www.facebook.com\/patagonia.ambiental\" \/>\n<meta property=\"article:author\" content=\"https:\/\/www.facebook.com\/share\/1C1V8Gv9BX\/?mibextid=qi2Omg\" \/>\n<meta property=\"article:published_time\" content=\"2017-11-20T13:44:06+00:00\" \/>\n<meta property=\"og:image\" content=\"https:\/\/patagoniambiental.com.ar\/info\/wp-content\/uploads\/2017\/11\/luis-web.jpg\" \/>\n\t<meta property=\"og:image:width\" content=\"670\" \/>\n\t<meta property=\"og:image:height\" content=\"1005\" \/>\n\t<meta property=\"og:image:type\" content=\"image\/jpeg\" \/>\n<meta name=\"author\" content=\"Patagonia Ambiental\" \/>\n<meta name=\"twitter:card\" content=\"summary_large_image\" \/>\n<meta name=\"twitter:creator\" content=\"@PatAmb\" \/>\n<meta name=\"twitter:site\" content=\"@PatAmb\" \/>\n<script type=\"application\/ld+json\" class=\"yoast-schema-graph\">{\"@context\":\"https:\\\/\\\/schema.org\",\"@graph\":[{\"@type\":\"Article\",\"@id\":\"https:\\\/\\\/patagoniambiental.com.ar\\\/info\\\/defender-el-medio-ambiente-no-es-marketing-es-un-estilo-de-vida\\\/#article\",\"isPartOf\":{\"@id\":\"https:\\\/\\\/patagoniambiental.com.ar\\\/info\\\/defender-el-medio-ambiente-no-es-marketing-es-un-estilo-de-vida\\\/\"},\"author\":{\"name\":\"Patagonia Ambiental\",\"@id\":\"https:\\\/\\\/patagoniambiental.com.ar\\\/info\\\/#\\\/schema\\\/person\\\/db12bff64bbcbf6a253710bf0ea37b5d\"},\"headline\":\"\u201cDefender el medio ambiente no es marketing, es un estilo de vida\u201d\",\"datePublished\":\"2017-11-20T13:44:06+00:00\",\"mainEntityOfPage\":{\"@id\":\"https:\\\/\\\/patagoniambiental.com.ar\\\/info\\\/defender-el-medio-ambiente-no-es-marketing-es-un-estilo-de-vida\\\/\"},\"wordCount\":1967,\"commentCount\":0,\"publisher\":{\"@id\":\"https:\\\/\\\/patagoniambiental.com.ar\\\/info\\\/#organization\"},\"image\":{\"@id\":\"https:\\\/\\\/patagoniambiental.com.ar\\\/info\\\/defender-el-medio-ambiente-no-es-marketing-es-un-estilo-de-vida\\\/#primaryimage\"},\"thumbnailUrl\":\"https:\\\/\\\/patagoniambiental.com.ar\\\/info\\\/wp-content\\\/uploads\\\/2017\\\/11\\\/luis-web.jpg\",\"articleSection\":[\"Noticias\"],\"inLanguage\":\"es\",\"potentialAction\":[{\"@type\":\"CommentAction\",\"name\":\"Comment\",\"target\":[\"https:\\\/\\\/patagoniambiental.com.ar\\\/info\\\/defender-el-medio-ambiente-no-es-marketing-es-un-estilo-de-vida\\\/#respond\"]}]},{\"@type\":\"WebPage\",\"@id\":\"https:\\\/\\\/patagoniambiental.com.ar\\\/info\\\/defender-el-medio-ambiente-no-es-marketing-es-un-estilo-de-vida\\\/\",\"url\":\"https:\\\/\\\/patagoniambiental.com.ar\\\/info\\\/defender-el-medio-ambiente-no-es-marketing-es-un-estilo-de-vida\\\/\",\"name\":\"\u201cDefender el medio ambiente no es marketing, es un estilo de vida\u201d\",\"isPartOf\":{\"@id\":\"https:\\\/\\\/patagoniambiental.com.ar\\\/info\\\/#website\"},\"primaryImageOfPage\":{\"@id\":\"https:\\\/\\\/patagoniambiental.com.ar\\\/info\\\/defender-el-medio-ambiente-no-es-marketing-es-un-estilo-de-vida\\\/#primaryimage\"},\"image\":{\"@id\":\"https:\\\/\\\/patagoniambiental.com.ar\\\/info\\\/defender-el-medio-ambiente-no-es-marketing-es-un-estilo-de-vida\\\/#primaryimage\"},\"thumbnailUrl\":\"https:\\\/\\\/patagoniambiental.com.ar\\\/info\\\/wp-content\\\/uploads\\\/2017\\\/11\\\/luis-web.jpg\",\"datePublished\":\"2017-11-20T13:44:06+00:00\",\"breadcrumb\":{\"@id\":\"https:\\\/\\\/patagoniambiental.com.ar\\\/info\\\/defender-el-medio-ambiente-no-es-marketing-es-un-estilo-de-vida\\\/#breadcrumb\"},\"inLanguage\":\"es\",\"potentialAction\":[{\"@type\":\"ReadAction\",\"target\":[\"https:\\\/\\\/patagoniambiental.com.ar\\\/info\\\/defender-el-medio-ambiente-no-es-marketing-es-un-estilo-de-vida\\\/\"]}]},{\"@type\":\"ImageObject\",\"inLanguage\":\"es\",\"@id\":\"https:\\\/\\\/patagoniambiental.com.ar\\\/info\\\/defender-el-medio-ambiente-no-es-marketing-es-un-estilo-de-vida\\\/#primaryimage\",\"url\":\"https:\\\/\\\/patagoniambiental.com.ar\\\/info\\\/wp-content\\\/uploads\\\/2017\\\/11\\\/luis-web.jpg\",\"contentUrl\":\"https:\\\/\\\/patagoniambiental.com.ar\\\/info\\\/wp-content\\\/uploads\\\/2017\\\/11\\\/luis-web.jpg\",\"width\":400,\"height\":600},{\"@type\":\"BreadcrumbList\",\"@id\":\"https:\\\/\\\/patagoniambiental.com.ar\\\/info\\\/defender-el-medio-ambiente-no-es-marketing-es-un-estilo-de-vida\\\/#breadcrumb\",\"itemListElement\":[{\"@type\":\"ListItem\",\"position\":1,\"name\":\"Inicio\",\"item\":\"https:\\\/\\\/patagoniambiental.com.ar\\\/info\\\/\"},{\"@type\":\"ListItem\",\"position\":2,\"name\":\"\u201cDefender el medio ambiente no es marketing, es un estilo de vida\u201d\"}]},{\"@type\":\"WebSite\",\"@id\":\"https:\\\/\\\/patagoniambiental.com.ar\\\/info\\\/#website\",\"url\":\"https:\\\/\\\/patagoniambiental.com.ar\\\/info\\\/\",\"name\":\"Patagonia Ambiental\",\"description\":\"Monitoreo y an\u00e1lisis de la situaci\u00f3n geopol\u00edtica en el mundo y su implicancia en la Patagonia\",\"publisher\":{\"@id\":\"https:\\\/\\\/patagoniambiental.com.ar\\\/info\\\/#organization\"},\"potentialAction\":[{\"@type\":\"SearchAction\",\"target\":{\"@type\":\"EntryPoint\",\"urlTemplate\":\"https:\\\/\\\/patagoniambiental.com.ar\\\/info\\\/?s={search_term_string}\"},\"query-input\":{\"@type\":\"PropertyValueSpecification\",\"valueRequired\":true,\"valueName\":\"search_term_string\"}}],\"inLanguage\":\"es\"},{\"@type\":\"Organization\",\"@id\":\"https:\\\/\\\/patagoniambiental.com.ar\\\/info\\\/#organization\",\"name\":\"Patagonia Ambiental\",\"url\":\"https:\\\/\\\/patagoniambiental.com.ar\\\/info\\\/\",\"logo\":{\"@type\":\"ImageObject\",\"inLanguage\":\"es\",\"@id\":\"https:\\\/\\\/patagoniambiental.com.ar\\\/info\\\/#\\\/schema\\\/logo\\\/image\\\/\",\"url\":\"https:\\\/\\\/patagoniambiental.com.ar\\\/info\\\/wp-content\\\/uploads\\\/2025\\\/05\\\/LOGO-PATAGONIA-AMBIENTAL.png\",\"contentUrl\":\"https:\\\/\\\/patagoniambiental.com.ar\\\/info\\\/wp-content\\\/uploads\\\/2025\\\/05\\\/LOGO-PATAGONIA-AMBIENTAL.png\",\"width\":433,\"height\":250,\"caption\":\"Patagonia Ambiental\"},\"image\":{\"@id\":\"https:\\\/\\\/patagoniambiental.com.ar\\\/info\\\/#\\\/schema\\\/logo\\\/image\\\/\"},\"sameAs\":[\"https:\\\/\\\/www.facebook.com\\\/patagonia.ambiental\",\"https:\\\/\\\/x.com\\\/PatAmb\"]},{\"@type\":\"Person\",\"@id\":\"https:\\\/\\\/patagoniambiental.com.ar\\\/info\\\/#\\\/schema\\\/person\\\/db12bff64bbcbf6a253710bf0ea37b5d\",\"name\":\"Patagonia Ambiental\",\"description\":\"Andr\u00e9s Nievas T\u00e9cnico en manejo ambiental, consultor Ambiental y escritor para medios locales e internacionales sobre temas de geopolitica y medio ambiente.\",\"sameAs\":[\"http:\\\/\\\/www.patagoniambiental.com.ar\",\"https:\\\/\\\/www.facebook.com\\\/share\\\/1C1V8Gv9BX\\\/?mibextid=qi2Omg\",\"@patagoniambiental\",\"https:\\\/\\\/youtube.com\\\/@patagoniaambiental2023?si=BLt58t0wuXquxlYZ\"]}]}<\/script>\n<!-- \/ Yoast SEO Premium plugin. -->","yoast_head_json":{"title":"\u201cDefender el medio ambiente no es marketing, es un estilo de vida\u201d","robots":{"index":"index","follow":"follow","max-snippet":"max-snippet:-1","max-image-preview":"max-image-preview:large","max-video-preview":"max-video-preview:-1"},"canonical":"https:\/\/patagoniambiental.com.ar\/info\/defender-el-medio-ambiente-no-es-marketing-es-un-estilo-de-vida\/","og_locale":"es_ES","og_type":"article","og_title":"\u201cDefender el medio ambiente no es marketing, es un estilo de vida\u201d","og_description":"El reconocido periodista especializado en temas ambientales y defensor de los derechos de los animales comprende un modo de protagonizar [&hellip;]","og_url":"https:\/\/patagoniambiental.com.ar\/info\/defender-el-medio-ambiente-no-es-marketing-es-un-estilo-de-vida\/","og_site_name":"Patagonia Ambiental","article_publisher":"https:\/\/www.facebook.com\/patagonia.ambiental","article_author":"https:\/\/www.facebook.com\/share\/1C1V8Gv9BX\/?mibextid=qi2Omg","article_published_time":"2017-11-20T13:44:06+00:00","og_image":[{"width":670,"height":1005,"url":"https:\/\/patagoniambiental.com.ar\/info\/wp-content\/uploads\/2017\/11\/luis-web.jpg","type":"image\/jpeg"}],"author":"Patagonia Ambiental","twitter_card":"summary_large_image","twitter_creator":"@PatAmb","twitter_site":"@PatAmb","schema":{"@context":"https:\/\/schema.org","@graph":[{"@type":"Article","@id":"https:\/\/patagoniambiental.com.ar\/info\/defender-el-medio-ambiente-no-es-marketing-es-un-estilo-de-vida\/#article","isPartOf":{"@id":"https:\/\/patagoniambiental.com.ar\/info\/defender-el-medio-ambiente-no-es-marketing-es-un-estilo-de-vida\/"},"author":{"name":"Patagonia Ambiental","@id":"https:\/\/patagoniambiental.com.ar\/info\/#\/schema\/person\/db12bff64bbcbf6a253710bf0ea37b5d"},"headline":"\u201cDefender el medio ambiente no es marketing, es un estilo de vida\u201d","datePublished":"2017-11-20T13:44:06+00:00","mainEntityOfPage":{"@id":"https:\/\/patagoniambiental.com.ar\/info\/defender-el-medio-ambiente-no-es-marketing-es-un-estilo-de-vida\/"},"wordCount":1967,"commentCount":0,"publisher":{"@id":"https:\/\/patagoniambiental.com.ar\/info\/#organization"},"image":{"@id":"https:\/\/patagoniambiental.com.ar\/info\/defender-el-medio-ambiente-no-es-marketing-es-un-estilo-de-vida\/#primaryimage"},"thumbnailUrl":"https:\/\/patagoniambiental.com.ar\/info\/wp-content\/uploads\/2017\/11\/luis-web.jpg","articleSection":["Noticias"],"inLanguage":"es","potentialAction":[{"@type":"CommentAction","name":"Comment","target":["https:\/\/patagoniambiental.com.ar\/info\/defender-el-medio-ambiente-no-es-marketing-es-un-estilo-de-vida\/#respond"]}]},{"@type":"WebPage","@id":"https:\/\/patagoniambiental.com.ar\/info\/defender-el-medio-ambiente-no-es-marketing-es-un-estilo-de-vida\/","url":"https:\/\/patagoniambiental.com.ar\/info\/defender-el-medio-ambiente-no-es-marketing-es-un-estilo-de-vida\/","name":"\u201cDefender el medio ambiente no es marketing, es un estilo de vida\u201d","isPartOf":{"@id":"https:\/\/patagoniambiental.com.ar\/info\/#website"},"primaryImageOfPage":{"@id":"https:\/\/patagoniambiental.com.ar\/info\/defender-el-medio-ambiente-no-es-marketing-es-un-estilo-de-vida\/#primaryimage"},"image":{"@id":"https:\/\/patagoniambiental.com.ar\/info\/defender-el-medio-ambiente-no-es-marketing-es-un-estilo-de-vida\/#primaryimage"},"thumbnailUrl":"https:\/\/patagoniambiental.com.ar\/info\/wp-content\/uploads\/2017\/11\/luis-web.jpg","datePublished":"2017-11-20T13:44:06+00:00","breadcrumb":{"@id":"https:\/\/patagoniambiental.com.ar\/info\/defender-el-medio-ambiente-no-es-marketing-es-un-estilo-de-vida\/#breadcrumb"},"inLanguage":"es","potentialAction":[{"@type":"ReadAction","target":["https:\/\/patagoniambiental.com.ar\/info\/defender-el-medio-ambiente-no-es-marketing-es-un-estilo-de-vida\/"]}]},{"@type":"ImageObject","inLanguage":"es","@id":"https:\/\/patagoniambiental.com.ar\/info\/defender-el-medio-ambiente-no-es-marketing-es-un-estilo-de-vida\/#primaryimage","url":"https:\/\/patagoniambiental.com.ar\/info\/wp-content\/uploads\/2017\/11\/luis-web.jpg","contentUrl":"https:\/\/patagoniambiental.com.ar\/info\/wp-content\/uploads\/2017\/11\/luis-web.jpg","width":400,"height":600},{"@type":"BreadcrumbList","@id":"https:\/\/patagoniambiental.com.ar\/info\/defender-el-medio-ambiente-no-es-marketing-es-un-estilo-de-vida\/#breadcrumb","itemListElement":[{"@type":"ListItem","position":1,"name":"Inicio","item":"https:\/\/patagoniambiental.com.ar\/info\/"},{"@type":"ListItem","position":2,"name":"\u201cDefender el medio ambiente no es marketing, es un estilo de vida\u201d"}]},{"@type":"WebSite","@id":"https:\/\/patagoniambiental.com.ar\/info\/#website","url":"https:\/\/patagoniambiental.com.ar\/info\/","name":"Patagonia Ambiental","description":"Monitoreo y an\u00e1lisis de la situaci\u00f3n geopol\u00edtica en el mundo y su implicancia en la Patagonia","publisher":{"@id":"https:\/\/patagoniambiental.com.ar\/info\/#organization"},"potentialAction":[{"@type":"SearchAction","target":{"@type":"EntryPoint","urlTemplate":"https:\/\/patagoniambiental.com.ar\/info\/?s={search_term_string}"},"query-input":{"@type":"PropertyValueSpecification","valueRequired":true,"valueName":"search_term_string"}}],"inLanguage":"es"},{"@type":"Organization","@id":"https:\/\/patagoniambiental.com.ar\/info\/#organization","name":"Patagonia Ambiental","url":"https:\/\/patagoniambiental.com.ar\/info\/","logo":{"@type":"ImageObject","inLanguage":"es","@id":"https:\/\/patagoniambiental.com.ar\/info\/#\/schema\/logo\/image\/","url":"https:\/\/patagoniambiental.com.ar\/info\/wp-content\/uploads\/2025\/05\/LOGO-PATAGONIA-AMBIENTAL.png","contentUrl":"https:\/\/patagoniambiental.com.ar\/info\/wp-content\/uploads\/2025\/05\/LOGO-PATAGONIA-AMBIENTAL.png","width":433,"height":250,"caption":"Patagonia Ambiental"},"image":{"@id":"https:\/\/patagoniambiental.com.ar\/info\/#\/schema\/logo\/image\/"},"sameAs":["https:\/\/www.facebook.com\/patagonia.ambiental","https:\/\/x.com\/PatAmb"]},{"@type":"Person","@id":"https:\/\/patagoniambiental.com.ar\/info\/#\/schema\/person\/db12bff64bbcbf6a253710bf0ea37b5d","name":"Patagonia Ambiental","description":"Andr\u00e9s Nievas T\u00e9cnico en manejo ambiental, consultor Ambiental y escritor para medios locales e internacionales sobre temas de geopolitica y medio ambiente.","sameAs":["http:\/\/www.patagoniambiental.com.ar","https:\/\/www.facebook.com\/share\/1C1V8Gv9BX\/?mibextid=qi2Omg","@patagoniambiental","https:\/\/youtube.com\/@patagoniaambiental2023?si=BLt58t0wuXquxlYZ"]}]}},"_links":{"self":[{"href":"https:\/\/patagoniambiental.com.ar\/info\/wp-json\/wp\/v2\/posts\/38510","targetHints":{"allow":["GET"]}}],"collection":[{"href":"https:\/\/patagoniambiental.com.ar\/info\/wp-json\/wp\/v2\/posts"}],"about":[{"href":"https:\/\/patagoniambiental.com.ar\/info\/wp-json\/wp\/v2\/types\/post"}],"author":[{"embeddable":true,"href":"https:\/\/patagoniambiental.com.ar\/info\/wp-json\/wp\/v2\/users\/2"}],"replies":[{"embeddable":true,"href":"https:\/\/patagoniambiental.com.ar\/info\/wp-json\/wp\/v2\/comments?post=38510"}],"version-history":[{"count":0,"href":"https:\/\/patagoniambiental.com.ar\/info\/wp-json\/wp\/v2\/posts\/38510\/revisions"}],"wp:featuredmedia":[{"embeddable":true,"href":"https:\/\/patagoniambiental.com.ar\/info\/wp-json\/wp\/v2\/media\/38511"}],"wp:attachment":[{"href":"https:\/\/patagoniambiental.com.ar\/info\/wp-json\/wp\/v2\/media?parent=38510"}],"wp:term":[{"taxonomy":"category","embeddable":true,"href":"https:\/\/patagoniambiental.com.ar\/info\/wp-json\/wp\/v2\/categories?post=38510"},{"taxonomy":"post_tag","embeddable":true,"href":"https:\/\/patagoniambiental.com.ar\/info\/wp-json\/wp\/v2\/tags?post=38510"}],"curies":[{"name":"wp","href":"https:\/\/api.w.org\/{rel}","templated":true}]}}