{"id":38528,"date":"2017-11-21T09:00:04","date_gmt":"2017-11-21T12:00:04","guid":{"rendered":"http:\/\/patagoniambiental.com.ar\/info\/?p=38528"},"modified":"2017-11-21T07:44:47","modified_gmt":"2017-11-21T10:44:47","slug":"vivas-advierte-que-es-necesario-encontrar-equilibrio-en-materia-ambiental","status":"publish","type":"post","link":"https:\/\/patagoniambiental.com.ar\/info\/vivas-advierte-que-es-necesario-encontrar-equilibrio-en-materia-ambiental\/","title":{"rendered":"Vivas advierte que es necesario encontrar equilibrio en materia ambiental"},"content":{"rendered":"<p>El ministro del Superior Tribunal de Justicia, doctor Mario Vivas, particip\u00f3 de las Primeras Jornadas Patag\u00f3nicas de Derecho Ambiental, organizadas por el Instituto de Gesti\u00f3n Patag\u00f3nica. En ese marco, expuso la necesidad de encontrar equilibrio en materia ambiental, al referirse al rol fundamental que tiene el Estado en ese sentido.<br \/>\nAnte un auditorio colmado de p\u00fablico, Vivas expuso sobre \u201cEl Medio Ambiente y los Derechos Humanos del Futuro\u201d, se\u00f1alando que \u201ces necesario avanzar hacia la cultura de la preservaci\u00f3n para dejar definitivamente atr\u00e1s la cultura de la depredaci\u00f3n del medio\u201d.<br \/>\nEl magistrado manifest\u00f3 que se debe \u201cbuscar equilibrios entre el desarrollo industrial y el ambiente saludable\u201d, y agreg\u00f3 que \u201cno se trata de recitar discursos progresistas y carentes de sustento, ni de ensuciar la pureza del cielo con el humo negro de las chimeneas del industrialismo descontrolado\u201d.<br \/>\n\u201cEl gran protagonista de encontrar ese equilibrio, aqu\u00ed y en el resto del mundo, es el Estado\u201d, remarc\u00f3 Vivas al se\u00f1alar que \u201cel Poder Administrativo tiene la obligaci\u00f3n de organizar una agenda de gesti\u00f3n ambiental que incluya la creaci\u00f3n de leyes especiales en protecci\u00f3n y preservaci\u00f3n del medio ambiente\u201d.<\/p>\n<p><strong>Derecho constitucional<\/strong><\/p>\n<p>El ministro del Superior Tribunal de Justicia record\u00f3 que la Constituci\u00f3n Nacional y la Constituci\u00f3n Provincial incluyen al ambiente como un derecho fundamental para el desarrollo humano y destac\u00f3 que \u201cel Poder Judicial debe aplicar las leyes con un claro sentido de protecci\u00f3n y conservaci\u00f3n del medio ambiente, tenemos las leyes y la voluntad pol\u00edtica, es hora de que los jueces, y me hago cargo de serlo, hagamos uso de la ley para beneficio de la Justicia y para que la sociedad deje de vernos como un poder excesivamente burocr\u00e1tico, distante y privilegiado\u201d.<br \/>\nEl abogado sostuvo que \u201cla sociedad nos pide a gritos que sepamos prevenir el da\u00f1o colectivo antes de intentar su vana recuperaci\u00f3n, nos pide que actuemos antes de que los hechos ocurran, porque nadie puede recompensar la extinci\u00f3n de una especie animal, la desaparici\u00f3n de un bosque o la contaminaci\u00f3n de un r\u00edo\u201d.<br \/>\nEl Presidente de la Sala Civil del STJ asever\u00f3 que \u201cdebemos pensar al derecho ambiental como parte de los derechos humanos y en la cima de esa pir\u00e1mide vamos a encontrar al peor enemigo de los derechos humanos y de la depredaci\u00f3n ambiental: la pobreza\u201d.<br \/>\nCitando a Indira Gandhi, Vivas expres\u00f3 que \u201cla pobreza es la peor forma de contaminaci\u00f3n\u201d y a\u00f1adi\u00f3 que \u201cla pobreza estructural incrementa el riesgo ambiental y la degradaci\u00f3n ambiental empeora la condici\u00f3n de vida de las clases m\u00e1s pobres\u201d.<\/p>\n<p><strong>Las jornadas<\/strong><\/p>\n<p>El encuentro se llev\u00f3 a cabo en la Legislatura Provincial y estuvo orientada a estudiantes, profesionales, funcionarios y p\u00fablico en general, de la que particip\u00f3 un destacado n\u00famero de asistentes.<br \/>\nOtro de los oradores fue el doctor Daniel Seitune, profesor de la Especializaci\u00f3n en Derecho Ambiental de la Facultad de Derecho de la UCA y profesor de la Carrera de Especializaci\u00f3n en Derecho y Pol\u00edtica de los Recursos Naturales y del Ambiente en la Facultad de Derecho de la UBA, quien se refiri\u00f3 a la tem\u00e1tica \u201cOc\u00e9anos, pesca y Conservaci\u00f3n del Ambiente Marino\u201d.<\/p>\n<p><strong>Impunidad judicial<\/strong><\/p>\n<p>Los abogados que se dedican al Derecho Ambiental, advierten sobre la importancia que representa que las comunidades se expresen y en ese sentido, reconocen que la mayor\u00eda de causas judiciales vinculadas al Derecho Ambiental, son impulsadas por colectivos ciudadanos.<br \/>\nSeg\u00fan revelan los especialistas, muchas veces los gobiernos son c\u00f3mplices de las grandes empresas. Muchas veces los ciudadanos se ven luchando contra la propia Justicia que garantiza impunidad a hechos claramente cuestionables. Es por esa raz\u00f3n que el pueblo se organiza, buscan soluciones, como el caso de la iniciativa popular en Chubut, que ha representado un caso emblem\u00e1tico en la materia.<\/p>\n<div class=\"sharedaddy sd-sharing-enabled\">\u00a0Fuente:\u00a0http:\/\/www.eldiariodemadryn.com\/2017\/11\/vivas-advierte-que-es-necesario-encontrar-equilibrio-en-materia-ambiental\/<\/div>\n","protected":false},"excerpt":{"rendered":"<p>El ministro del Superior Tribunal de Justicia, doctor Mario Vivas, particip\u00f3 de las Primeras Jornadas Patag\u00f3nicas de Derecho Ambiental, organizadas [&hellip;]<\/p>\n","protected":false},"author":2,"featured_media":38529,"comment_status":"open","ping_status":"open","sticky":false,"template":"","format":"standard","meta":{"site-sidebar-layout":"default","site-content-layout":"","ast-site-content-layout":"default","site-content-style":"default","site-sidebar-style":"default","ast-global-header-display":"","ast-banner-title-visibility":"","ast-main-header-display":"","ast-hfb-above-header-display":"","ast-hfb-below-header-display":"","ast-hfb-mobile-header-display":"","site-post-title":"","ast-breadcrumbs-content":"","ast-featured-img":"","footer-sml-layout":"","ast-disable-related-posts":"","theme-transparent-header-meta":"","adv-header-id-meta":"","stick-header-meta":"","header-above-stick-meta":"","header-main-stick-meta":"","header-below-stick-meta":"","astra-migrate-meta-layouts":"default","ast-page-background-enabled":"default","ast-page-background-meta":{"desktop":{"background-color":"var(--ast-global-color-5)","background-image":"","background-repeat":"repeat","background-position":"center center","background-size":"auto","background-attachment":"scroll","background-type":"","background-media":"","overlay-type":"","overlay-color":"","overlay-opacity":"","overlay-gradient":""},"tablet":{"background-color":"","background-image":"","background-repeat":"repeat","background-position":"center center","background-size":"auto","background-attachment":"scroll","background-type":"","background-media":"","overlay-type":"","overlay-color":"","overlay-opacity":"","overlay-gradient":""},"mobile":{"background-color":"","background-image":"","background-repeat":"repeat","background-position":"center center","background-size":"auto","background-attachment":"scroll","background-type":"","background-media":"","overlay-type":"","overlay-color":"","overlay-opacity":"","overlay-gradient":""}},"ast-content-background-meta":{"desktop":{"background-color":"var(--ast-global-color-4)","background-image":"","background-repeat":"repeat","background-position":"center center","background-size":"auto","background-attachment":"scroll","background-type":"","background-media":"","overlay-type":"","overlay-color":"","overlay-opacity":"","overlay-gradient":""},"tablet":{"background-color":"var(--ast-global-color-4)","background-image":"","background-repeat":"repeat","background-position":"center center","background-size":"auto","background-attachment":"scroll","background-type":"","background-media":"","overlay-type":"","overlay-color":"","overlay-opacity":"","overlay-gradient":""},"mobile":{"background-color":"var(--ast-global-color-4)","background-image":"","background-repeat":"repeat","background-position":"center center","background-size":"auto","background-attachment":"scroll","background-type":"","background-media":"","overlay-type":"","overlay-color":"","overlay-opacity":"","overlay-gradient":""}},"footnotes":""},"categories":[1],"tags":[],"class_list":["post-38528","post","type-post","status-publish","format-standard","has-post-thumbnail","hentry","category-noticias"],"yoast_head":"<!-- This site is optimized with the Yoast SEO Premium plugin v23.0 (Yoast SEO v27.4) - https:\/\/yoast.com\/product\/yoast-seo-premium-wordpress\/ -->\n<title>Vivas advierte que es necesario encontrar equilibrio en materia ambiental<\/title>\n<meta name=\"robots\" content=\"index, follow, max-snippet:-1, max-image-preview:large, max-video-preview:-1\" \/>\n<link rel=\"canonical\" href=\"https:\/\/patagoniambiental.com.ar\/info\/vivas-advierte-que-es-necesario-encontrar-equilibrio-en-materia-ambiental\/\" \/>\n<meta property=\"og:locale\" content=\"es_ES\" \/>\n<meta property=\"og:type\" content=\"article\" \/>\n<meta property=\"og:title\" content=\"Vivas advierte que es necesario encontrar equilibrio en materia ambiental\" \/>\n<meta property=\"og:description\" content=\"El ministro del Superior Tribunal de Justicia, doctor Mario Vivas, particip\u00f3 de las Primeras Jornadas Patag\u00f3nicas de Derecho Ambiental, organizadas [&hellip;]\" \/>\n<meta property=\"og:url\" content=\"https:\/\/patagoniambiental.com.ar\/info\/vivas-advierte-que-es-necesario-encontrar-equilibrio-en-materia-ambiental\/\" \/>\n<meta property=\"og:site_name\" content=\"Patagonia Ambiental\" \/>\n<meta property=\"article:publisher\" content=\"https:\/\/www.facebook.com\/patagonia.ambiental\" \/>\n<meta property=\"article:author\" content=\"https:\/\/www.facebook.com\/share\/1C1V8Gv9BX\/?mibextid=qi2Omg\" \/>\n<meta property=\"article:published_time\" content=\"2017-11-21T12:00:04+00:00\" \/>\n<meta property=\"og:image\" content=\"https:\/\/patagoniambiental.com.ar\/info\/wp-content\/uploads\/2017\/11\/jornadas-derech-ambiental.jpg\" \/>\n\t<meta property=\"og:image:width\" content=\"400\" \/>\n\t<meta property=\"og:image:height\" content=\"225\" \/>\n\t<meta property=\"og:image:type\" content=\"image\/jpeg\" \/>\n<meta name=\"author\" content=\"Patagonia Ambiental\" \/>\n<meta name=\"twitter:card\" content=\"summary_large_image\" \/>\n<meta name=\"twitter:creator\" content=\"@PatAmb\" \/>\n<meta name=\"twitter:site\" content=\"@PatAmb\" \/>\n<script type=\"application\/ld+json\" class=\"yoast-schema-graph\">{\"@context\":\"https:\\\/\\\/schema.org\",\"@graph\":[{\"@type\":\"Article\",\"@id\":\"https:\\\/\\\/patagoniambiental.com.ar\\\/info\\\/vivas-advierte-que-es-necesario-encontrar-equilibrio-en-materia-ambiental\\\/#article\",\"isPartOf\":{\"@id\":\"https:\\\/\\\/patagoniambiental.com.ar\\\/info\\\/vivas-advierte-que-es-necesario-encontrar-equilibrio-en-materia-ambiental\\\/\"},\"author\":{\"name\":\"Patagonia Ambiental\",\"@id\":\"https:\\\/\\\/patagoniambiental.com.ar\\\/info\\\/#\\\/schema\\\/person\\\/db12bff64bbcbf6a253710bf0ea37b5d\"},\"headline\":\"Vivas advierte que es necesario encontrar equilibrio en materia ambiental\",\"datePublished\":\"2017-11-21T12:00:04+00:00\",\"mainEntityOfPage\":{\"@id\":\"https:\\\/\\\/patagoniambiental.com.ar\\\/info\\\/vivas-advierte-que-es-necesario-encontrar-equilibrio-en-materia-ambiental\\\/\"},\"wordCount\":677,\"commentCount\":0,\"publisher\":{\"@id\":\"https:\\\/\\\/patagoniambiental.com.ar\\\/info\\\/#organization\"},\"image\":{\"@id\":\"https:\\\/\\\/patagoniambiental.com.ar\\\/info\\\/vivas-advierte-que-es-necesario-encontrar-equilibrio-en-materia-ambiental\\\/#primaryimage\"},\"thumbnailUrl\":\"https:\\\/\\\/patagoniambiental.com.ar\\\/info\\\/wp-content\\\/uploads\\\/2017\\\/11\\\/jornadas-derech-ambiental.jpg\",\"articleSection\":[\"Noticias\"],\"inLanguage\":\"es\",\"potentialAction\":[{\"@type\":\"CommentAction\",\"name\":\"Comment\",\"target\":[\"https:\\\/\\\/patagoniambiental.com.ar\\\/info\\\/vivas-advierte-que-es-necesario-encontrar-equilibrio-en-materia-ambiental\\\/#respond\"]}]},{\"@type\":\"WebPage\",\"@id\":\"https:\\\/\\\/patagoniambiental.com.ar\\\/info\\\/vivas-advierte-que-es-necesario-encontrar-equilibrio-en-materia-ambiental\\\/\",\"url\":\"https:\\\/\\\/patagoniambiental.com.ar\\\/info\\\/vivas-advierte-que-es-necesario-encontrar-equilibrio-en-materia-ambiental\\\/\",\"name\":\"Vivas advierte que es necesario encontrar equilibrio en materia ambiental\",\"isPartOf\":{\"@id\":\"https:\\\/\\\/patagoniambiental.com.ar\\\/info\\\/#website\"},\"primaryImageOfPage\":{\"@id\":\"https:\\\/\\\/patagoniambiental.com.ar\\\/info\\\/vivas-advierte-que-es-necesario-encontrar-equilibrio-en-materia-ambiental\\\/#primaryimage\"},\"image\":{\"@id\":\"https:\\\/\\\/patagoniambiental.com.ar\\\/info\\\/vivas-advierte-que-es-necesario-encontrar-equilibrio-en-materia-ambiental\\\/#primaryimage\"},\"thumbnailUrl\":\"https:\\\/\\\/patagoniambiental.com.ar\\\/info\\\/wp-content\\\/uploads\\\/2017\\\/11\\\/jornadas-derech-ambiental.jpg\",\"datePublished\":\"2017-11-21T12:00:04+00:00\",\"breadcrumb\":{\"@id\":\"https:\\\/\\\/patagoniambiental.com.ar\\\/info\\\/vivas-advierte-que-es-necesario-encontrar-equilibrio-en-materia-ambiental\\\/#breadcrumb\"},\"inLanguage\":\"es\",\"potentialAction\":[{\"@type\":\"ReadAction\",\"target\":[\"https:\\\/\\\/patagoniambiental.com.ar\\\/info\\\/vivas-advierte-que-es-necesario-encontrar-equilibrio-en-materia-ambiental\\\/\"]}]},{\"@type\":\"ImageObject\",\"inLanguage\":\"es\",\"@id\":\"https:\\\/\\\/patagoniambiental.com.ar\\\/info\\\/vivas-advierte-que-es-necesario-encontrar-equilibrio-en-materia-ambiental\\\/#primaryimage\",\"url\":\"https:\\\/\\\/patagoniambiental.com.ar\\\/info\\\/wp-content\\\/uploads\\\/2017\\\/11\\\/jornadas-derech-ambiental.jpg\",\"contentUrl\":\"https:\\\/\\\/patagoniambiental.com.ar\\\/info\\\/wp-content\\\/uploads\\\/2017\\\/11\\\/jornadas-derech-ambiental.jpg\",\"width\":400,\"height\":225},{\"@type\":\"BreadcrumbList\",\"@id\":\"https:\\\/\\\/patagoniambiental.com.ar\\\/info\\\/vivas-advierte-que-es-necesario-encontrar-equilibrio-en-materia-ambiental\\\/#breadcrumb\",\"itemListElement\":[{\"@type\":\"ListItem\",\"position\":1,\"name\":\"Inicio\",\"item\":\"https:\\\/\\\/patagoniambiental.com.ar\\\/info\\\/\"},{\"@type\":\"ListItem\",\"position\":2,\"name\":\"Vivas advierte que es necesario encontrar equilibrio en materia ambiental\"}]},{\"@type\":\"WebSite\",\"@id\":\"https:\\\/\\\/patagoniambiental.com.ar\\\/info\\\/#website\",\"url\":\"https:\\\/\\\/patagoniambiental.com.ar\\\/info\\\/\",\"name\":\"Patagonia Ambiental\",\"description\":\"Monitoreo y an\u00e1lisis de la situaci\u00f3n geopol\u00edtica en el mundo y su implicancia en la Patagonia\",\"publisher\":{\"@id\":\"https:\\\/\\\/patagoniambiental.com.ar\\\/info\\\/#organization\"},\"potentialAction\":[{\"@type\":\"SearchAction\",\"target\":{\"@type\":\"EntryPoint\",\"urlTemplate\":\"https:\\\/\\\/patagoniambiental.com.ar\\\/info\\\/?s={search_term_string}\"},\"query-input\":{\"@type\":\"PropertyValueSpecification\",\"valueRequired\":true,\"valueName\":\"search_term_string\"}}],\"inLanguage\":\"es\"},{\"@type\":\"Organization\",\"@id\":\"https:\\\/\\\/patagoniambiental.com.ar\\\/info\\\/#organization\",\"name\":\"Patagonia Ambiental\",\"url\":\"https:\\\/\\\/patagoniambiental.com.ar\\\/info\\\/\",\"logo\":{\"@type\":\"ImageObject\",\"inLanguage\":\"es\",\"@id\":\"https:\\\/\\\/patagoniambiental.com.ar\\\/info\\\/#\\\/schema\\\/logo\\\/image\\\/\",\"url\":\"https:\\\/\\\/patagoniambiental.com.ar\\\/info\\\/wp-content\\\/uploads\\\/2025\\\/05\\\/LOGO-PATAGONIA-AMBIENTAL.png\",\"contentUrl\":\"https:\\\/\\\/patagoniambiental.com.ar\\\/info\\\/wp-content\\\/uploads\\\/2025\\\/05\\\/LOGO-PATAGONIA-AMBIENTAL.png\",\"width\":433,\"height\":250,\"caption\":\"Patagonia Ambiental\"},\"image\":{\"@id\":\"https:\\\/\\\/patagoniambiental.com.ar\\\/info\\\/#\\\/schema\\\/logo\\\/image\\\/\"},\"sameAs\":[\"https:\\\/\\\/www.facebook.com\\\/patagonia.ambiental\",\"https:\\\/\\\/x.com\\\/PatAmb\"]},{\"@type\":\"Person\",\"@id\":\"https:\\\/\\\/patagoniambiental.com.ar\\\/info\\\/#\\\/schema\\\/person\\\/db12bff64bbcbf6a253710bf0ea37b5d\",\"name\":\"Patagonia Ambiental\",\"description\":\"Andr\u00e9s Nievas T\u00e9cnico en manejo ambiental, consultor Ambiental y escritor para medios locales e internacionales sobre temas de geopolitica y medio ambiente.\",\"sameAs\":[\"http:\\\/\\\/www.patagoniambiental.com.ar\",\"https:\\\/\\\/www.facebook.com\\\/share\\\/1C1V8Gv9BX\\\/?mibextid=qi2Omg\",\"@patagoniambiental\",\"https:\\\/\\\/youtube.com\\\/@patagoniaambiental2023?si=BLt58t0wuXquxlYZ\"]}]}<\/script>\n<!-- \/ Yoast SEO Premium plugin. -->","yoast_head_json":{"title":"Vivas advierte que es necesario encontrar equilibrio en materia ambiental","robots":{"index":"index","follow":"follow","max-snippet":"max-snippet:-1","max-image-preview":"max-image-preview:large","max-video-preview":"max-video-preview:-1"},"canonical":"https:\/\/patagoniambiental.com.ar\/info\/vivas-advierte-que-es-necesario-encontrar-equilibrio-en-materia-ambiental\/","og_locale":"es_ES","og_type":"article","og_title":"Vivas advierte que es necesario encontrar equilibrio en materia ambiental","og_description":"El ministro del Superior Tribunal de Justicia, doctor Mario Vivas, particip\u00f3 de las Primeras Jornadas Patag\u00f3nicas de Derecho Ambiental, organizadas [&hellip;]","og_url":"https:\/\/patagoniambiental.com.ar\/info\/vivas-advierte-que-es-necesario-encontrar-equilibrio-en-materia-ambiental\/","og_site_name":"Patagonia Ambiental","article_publisher":"https:\/\/www.facebook.com\/patagonia.ambiental","article_author":"https:\/\/www.facebook.com\/share\/1C1V8Gv9BX\/?mibextid=qi2Omg","article_published_time":"2017-11-21T12:00:04+00:00","og_image":[{"width":400,"height":225,"url":"https:\/\/patagoniambiental.com.ar\/info\/wp-content\/uploads\/2017\/11\/jornadas-derech-ambiental.jpg","type":"image\/jpeg"}],"author":"Patagonia Ambiental","twitter_card":"summary_large_image","twitter_creator":"@PatAmb","twitter_site":"@PatAmb","schema":{"@context":"https:\/\/schema.org","@graph":[{"@type":"Article","@id":"https:\/\/patagoniambiental.com.ar\/info\/vivas-advierte-que-es-necesario-encontrar-equilibrio-en-materia-ambiental\/#article","isPartOf":{"@id":"https:\/\/patagoniambiental.com.ar\/info\/vivas-advierte-que-es-necesario-encontrar-equilibrio-en-materia-ambiental\/"},"author":{"name":"Patagonia Ambiental","@id":"https:\/\/patagoniambiental.com.ar\/info\/#\/schema\/person\/db12bff64bbcbf6a253710bf0ea37b5d"},"headline":"Vivas advierte que es necesario encontrar equilibrio en materia ambiental","datePublished":"2017-11-21T12:00:04+00:00","mainEntityOfPage":{"@id":"https:\/\/patagoniambiental.com.ar\/info\/vivas-advierte-que-es-necesario-encontrar-equilibrio-en-materia-ambiental\/"},"wordCount":677,"commentCount":0,"publisher":{"@id":"https:\/\/patagoniambiental.com.ar\/info\/#organization"},"image":{"@id":"https:\/\/patagoniambiental.com.ar\/info\/vivas-advierte-que-es-necesario-encontrar-equilibrio-en-materia-ambiental\/#primaryimage"},"thumbnailUrl":"https:\/\/patagoniambiental.com.ar\/info\/wp-content\/uploads\/2017\/11\/jornadas-derech-ambiental.jpg","articleSection":["Noticias"],"inLanguage":"es","potentialAction":[{"@type":"CommentAction","name":"Comment","target":["https:\/\/patagoniambiental.com.ar\/info\/vivas-advierte-que-es-necesario-encontrar-equilibrio-en-materia-ambiental\/#respond"]}]},{"@type":"WebPage","@id":"https:\/\/patagoniambiental.com.ar\/info\/vivas-advierte-que-es-necesario-encontrar-equilibrio-en-materia-ambiental\/","url":"https:\/\/patagoniambiental.com.ar\/info\/vivas-advierte-que-es-necesario-encontrar-equilibrio-en-materia-ambiental\/","name":"Vivas advierte que es necesario encontrar equilibrio en materia ambiental","isPartOf":{"@id":"https:\/\/patagoniambiental.com.ar\/info\/#website"},"primaryImageOfPage":{"@id":"https:\/\/patagoniambiental.com.ar\/info\/vivas-advierte-que-es-necesario-encontrar-equilibrio-en-materia-ambiental\/#primaryimage"},"image":{"@id":"https:\/\/patagoniambiental.com.ar\/info\/vivas-advierte-que-es-necesario-encontrar-equilibrio-en-materia-ambiental\/#primaryimage"},"thumbnailUrl":"https:\/\/patagoniambiental.com.ar\/info\/wp-content\/uploads\/2017\/11\/jornadas-derech-ambiental.jpg","datePublished":"2017-11-21T12:00:04+00:00","breadcrumb":{"@id":"https:\/\/patagoniambiental.com.ar\/info\/vivas-advierte-que-es-necesario-encontrar-equilibrio-en-materia-ambiental\/#breadcrumb"},"inLanguage":"es","potentialAction":[{"@type":"ReadAction","target":["https:\/\/patagoniambiental.com.ar\/info\/vivas-advierte-que-es-necesario-encontrar-equilibrio-en-materia-ambiental\/"]}]},{"@type":"ImageObject","inLanguage":"es","@id":"https:\/\/patagoniambiental.com.ar\/info\/vivas-advierte-que-es-necesario-encontrar-equilibrio-en-materia-ambiental\/#primaryimage","url":"https:\/\/patagoniambiental.com.ar\/info\/wp-content\/uploads\/2017\/11\/jornadas-derech-ambiental.jpg","contentUrl":"https:\/\/patagoniambiental.com.ar\/info\/wp-content\/uploads\/2017\/11\/jornadas-derech-ambiental.jpg","width":400,"height":225},{"@type":"BreadcrumbList","@id":"https:\/\/patagoniambiental.com.ar\/info\/vivas-advierte-que-es-necesario-encontrar-equilibrio-en-materia-ambiental\/#breadcrumb","itemListElement":[{"@type":"ListItem","position":1,"name":"Inicio","item":"https:\/\/patagoniambiental.com.ar\/info\/"},{"@type":"ListItem","position":2,"name":"Vivas advierte que es necesario encontrar equilibrio en materia ambiental"}]},{"@type":"WebSite","@id":"https:\/\/patagoniambiental.com.ar\/info\/#website","url":"https:\/\/patagoniambiental.com.ar\/info\/","name":"Patagonia Ambiental","description":"Monitoreo y an\u00e1lisis de la situaci\u00f3n geopol\u00edtica en el mundo y su implicancia en la Patagonia","publisher":{"@id":"https:\/\/patagoniambiental.com.ar\/info\/#organization"},"potentialAction":[{"@type":"SearchAction","target":{"@type":"EntryPoint","urlTemplate":"https:\/\/patagoniambiental.com.ar\/info\/?s={search_term_string}"},"query-input":{"@type":"PropertyValueSpecification","valueRequired":true,"valueName":"search_term_string"}}],"inLanguage":"es"},{"@type":"Organization","@id":"https:\/\/patagoniambiental.com.ar\/info\/#organization","name":"Patagonia Ambiental","url":"https:\/\/patagoniambiental.com.ar\/info\/","logo":{"@type":"ImageObject","inLanguage":"es","@id":"https:\/\/patagoniambiental.com.ar\/info\/#\/schema\/logo\/image\/","url":"https:\/\/patagoniambiental.com.ar\/info\/wp-content\/uploads\/2025\/05\/LOGO-PATAGONIA-AMBIENTAL.png","contentUrl":"https:\/\/patagoniambiental.com.ar\/info\/wp-content\/uploads\/2025\/05\/LOGO-PATAGONIA-AMBIENTAL.png","width":433,"height":250,"caption":"Patagonia Ambiental"},"image":{"@id":"https:\/\/patagoniambiental.com.ar\/info\/#\/schema\/logo\/image\/"},"sameAs":["https:\/\/www.facebook.com\/patagonia.ambiental","https:\/\/x.com\/PatAmb"]},{"@type":"Person","@id":"https:\/\/patagoniambiental.com.ar\/info\/#\/schema\/person\/db12bff64bbcbf6a253710bf0ea37b5d","name":"Patagonia Ambiental","description":"Andr\u00e9s Nievas T\u00e9cnico en manejo ambiental, consultor Ambiental y escritor para medios locales e internacionales sobre temas de geopolitica y medio ambiente.","sameAs":["http:\/\/www.patagoniambiental.com.ar","https:\/\/www.facebook.com\/share\/1C1V8Gv9BX\/?mibextid=qi2Omg","@patagoniambiental","https:\/\/youtube.com\/@patagoniaambiental2023?si=BLt58t0wuXquxlYZ"]}]}},"_links":{"self":[{"href":"https:\/\/patagoniambiental.com.ar\/info\/wp-json\/wp\/v2\/posts\/38528","targetHints":{"allow":["GET"]}}],"collection":[{"href":"https:\/\/patagoniambiental.com.ar\/info\/wp-json\/wp\/v2\/posts"}],"about":[{"href":"https:\/\/patagoniambiental.com.ar\/info\/wp-json\/wp\/v2\/types\/post"}],"author":[{"embeddable":true,"href":"https:\/\/patagoniambiental.com.ar\/info\/wp-json\/wp\/v2\/users\/2"}],"replies":[{"embeddable":true,"href":"https:\/\/patagoniambiental.com.ar\/info\/wp-json\/wp\/v2\/comments?post=38528"}],"version-history":[{"count":0,"href":"https:\/\/patagoniambiental.com.ar\/info\/wp-json\/wp\/v2\/posts\/38528\/revisions"}],"wp:featuredmedia":[{"embeddable":true,"href":"https:\/\/patagoniambiental.com.ar\/info\/wp-json\/wp\/v2\/media\/38529"}],"wp:attachment":[{"href":"https:\/\/patagoniambiental.com.ar\/info\/wp-json\/wp\/v2\/media?parent=38528"}],"wp:term":[{"taxonomy":"category","embeddable":true,"href":"https:\/\/patagoniambiental.com.ar\/info\/wp-json\/wp\/v2\/categories?post=38528"},{"taxonomy":"post_tag","embeddable":true,"href":"https:\/\/patagoniambiental.com.ar\/info\/wp-json\/wp\/v2\/tags?post=38528"}],"curies":[{"name":"wp","href":"https:\/\/api.w.org\/{rel}","templated":true}]}}