{"id":38544,"date":"2017-11-21T19:00:55","date_gmt":"2017-11-21T22:00:55","guid":{"rendered":"http:\/\/patagoniambiental.com.ar\/info\/?p=38544"},"modified":"2017-11-21T13:52:30","modified_gmt":"2017-11-21T16:52:30","slug":"incidentes-en-chile-un-bus-para-trasladar-votantes-fue-interceptado-y-quemado-con-proclamas-mapuches","status":"publish","type":"post","link":"https:\/\/patagoniambiental.com.ar\/info\/incidentes-en-chile-un-bus-para-trasladar-votantes-fue-interceptado-y-quemado-con-proclamas-mapuches\/","title":{"rendered":"Incidentes en Chile: un bus para trasladar votantes fue interceptado y quemado con proclamas mapuches"},"content":{"rendered":"<div class=\"joomla_add_this\">\n<div class=\"addthis_toolbox addthis_default_style \">\n<div class=\"atclear\"><strong><em>Chile.-El gobierno inform\u00f3 que los atacantes desconocidos dejaron afiches alusivos al conflicto territorial. Tambi\u00e9n cortaron rutas y otro veh\u00edculo fue incendiado al norte de Santiago.<\/em><\/strong><\/div>\n<\/div>\n<\/div>\n<p><!--more--><\/p>\n<article>\nLa quema de dos autobuses, maquinarias y un tractor, as\u00ed como cortes de caminos en la sure\u00f1a regi\u00f3n de La Araucan\u00eda empa\u00f1aron este domingo el comienzo de las elecciones presidenciales y parlamentarias que se celebran en Chile, seg\u00fan informaron las autoridades.<\/p>\n<p>\u201cSe han incendiado dos buses, uno en Cerro Navia (Santiago) y otro en Collipulli (La Araucan\u00eda), ambos con alusiones al conflicto mapuche\u201d, dijo a los periodistas el subsecretario del Interior, Mahmud Aleuy.<br \/>\nAgreg\u00f3 que en La Araucan\u00eda tambi\u00e9n se registraron dos cortes de rutas con \u00e1rboles previamente derribados que luego fueron incendiados en sectores rurales de esa regi\u00f3n, a 670 kil\u00f3metros al sur de Santiago, donde desde hace d\u00e9cadas existe un conflicto entre comunidades mapuches y empresas forestales de la zona.<\/p>\n<p>En todos los lugares los atacantes dejaron panfletos alusivos al conflicto, dijo Aleuy, que precis\u00f3 que el autob\u00fas incendiado en el sur estaba destinado al traslado de electores desde lugares apartados hacia centros de votaci\u00f3n.<\/p>\n<p>\u201cHemos reforzado todos los servicios en La Araucan\u00eda, para que la gente pueda participar adecuadamente\u201d, asegur\u00f3 el subsecretario, aunque matiz\u00f3 que \u201ccuando uno tiene m\u00e1s de 400 rutas de acercamiento para que la gente pueda ejercer su derecho democr\u00e1tico, no es f\u00e1cil controlar todo\u201d.<\/p>\n<p>Agreg\u00f3 que en materia de seguridad se desplegaron 52.546 efectivos para resguardar unos dos mil recintos de votaci\u00f3n en todo el pa\u00eds, de los que cuatro sufrieron la rotura de ventanas por ataques a pedradas de parte de desconocidos.<\/p>\n<p>Pese a los incidentes, las autoridades indicaron que el proceso electoral, al que est\u00e1n convocados unos 14,3 millones de chilenos, se desarrolla con normalidad. A las 10.00 horas locales (13.00 GMT), se hab\u00edan constituido 37.890 mesas de votaci\u00f3n, equivalentes al 88,34 % del total, inform\u00f3 el presidente del Servicio Electoral (Servel), Patricio Santamar\u00eda.<\/p>\n<p>Las mesas deben funcionar durante diez horas continuadas, hasta las 18.00 horas locales (21.00 GMT) en la jornada, en la que los chilenos eligen un nuevo presidente de la rep\u00fablica, 23 senadores, de un total de 50 y la totalidad de la C\u00e1mara de Diputados, de 155 bancas, adem\u00e1s de 278 consejeros regionales.<\/article>\n<article>\n(Con informaci\u00f3n de EFE)<\/article>\n<article><\/article>\n<article>Fuente: http:\/\/www.elcomercial.com.ar\/index.php?option=com_content&amp;view=article&amp;id=238643:incidentes-en-chile-un-bus-para-trasladar-votantes-fue-interceptado-y-quemado-con-proclamas-mapuches&amp;catid=74&amp;Itemid=75<\/article>\n","protected":false},"excerpt":{"rendered":"<p>Chile.-El gobierno inform\u00f3 que los atacantes desconocidos dejaron afiches alusivos al conflicto territorial. Tambi\u00e9n cortaron rutas y otro veh\u00edculo fue [&hellip;]<\/p>\n","protected":false},"author":2,"featured_media":38545,"comment_status":"open","ping_status":"open","sticky":false,"template":"","format":"standard","meta":{"site-sidebar-layout":"default","site-content-layout":"","ast-site-content-layout":"default","site-content-style":"default","site-sidebar-style":"default","ast-global-header-display":"","ast-banner-title-visibility":"","ast-main-header-display":"","ast-hfb-above-header-display":"","ast-hfb-below-header-display":"","ast-hfb-mobile-header-display":"","site-post-title":"","ast-breadcrumbs-content":"","ast-featured-img":"","footer-sml-layout":"","ast-disable-related-posts":"","theme-transparent-header-meta":"","adv-header-id-meta":"","stick-header-meta":"","header-above-stick-meta":"","header-main-stick-meta":"","header-below-stick-meta":"","astra-migrate-meta-layouts":"default","ast-page-background-enabled":"default","ast-page-background-meta":{"desktop":{"background-color":"var(--ast-global-color-5)","background-image":"","background-repeat":"repeat","background-position":"center center","background-size":"auto","background-attachment":"scroll","background-type":"","background-media":"","overlay-type":"","overlay-color":"","overlay-opacity":"","overlay-gradient":""},"tablet":{"background-color":"","background-image":"","background-repeat":"repeat","background-position":"center center","background-size":"auto","background-attachment":"scroll","background-type":"","background-media":"","overlay-type":"","overlay-color":"","overlay-opacity":"","overlay-gradient":""},"mobile":{"background-color":"","background-image":"","background-repeat":"repeat","background-position":"center center","background-size":"auto","background-attachment":"scroll","background-type":"","background-media":"","overlay-type":"","overlay-color":"","overlay-opacity":"","overlay-gradient":""}},"ast-content-background-meta":{"desktop":{"background-color":"var(--ast-global-color-4)","background-image":"","background-repeat":"repeat","background-position":"center center","background-size":"auto","background-attachment":"scroll","background-type":"","background-media":"","overlay-type":"","overlay-color":"","overlay-opacity":"","overlay-gradient":""},"tablet":{"background-color":"var(--ast-global-color-4)","background-image":"","background-repeat":"repeat","background-position":"center center","background-size":"auto","background-attachment":"scroll","background-type":"","background-media":"","overlay-type":"","overlay-color":"","overlay-opacity":"","overlay-gradient":""},"mobile":{"background-color":"var(--ast-global-color-4)","background-image":"","background-repeat":"repeat","background-position":"center center","background-size":"auto","background-attachment":"scroll","background-type":"","background-media":"","overlay-type":"","overlay-color":"","overlay-opacity":"","overlay-gradient":""}},"footnotes":""},"categories":[23,1],"tags":[],"class_list":["post-38544","post","type-post","status-publish","format-standard","has-post-thumbnail","hentry","category-internacionales","category-noticias"],"yoast_head":"<!-- This site is optimized with the Yoast SEO Premium plugin v23.0 (Yoast SEO v27.4) - https:\/\/yoast.com\/product\/yoast-seo-premium-wordpress\/ -->\n<title>Incidentes en Chile: un bus para trasladar votantes fue interceptado y quemado con proclamas mapuches<\/title>\n<meta name=\"robots\" content=\"index, follow, max-snippet:-1, max-image-preview:large, max-video-preview:-1\" \/>\n<link rel=\"canonical\" href=\"https:\/\/patagoniambiental.com.ar\/info\/incidentes-en-chile-un-bus-para-trasladar-votantes-fue-interceptado-y-quemado-con-proclamas-mapuches\/\" \/>\n<meta property=\"og:locale\" content=\"es_ES\" \/>\n<meta property=\"og:type\" content=\"article\" \/>\n<meta property=\"og:title\" content=\"Incidentes en Chile: un bus para trasladar votantes fue interceptado y quemado con proclamas mapuches\" \/>\n<meta property=\"og:description\" content=\"Chile.-El gobierno inform\u00f3 que los atacantes desconocidos dejaron afiches alusivos al conflicto territorial. Tambi\u00e9n cortaron rutas y otro veh\u00edculo fue [&hellip;]\" \/>\n<meta property=\"og:url\" content=\"https:\/\/patagoniambiental.com.ar\/info\/incidentes-en-chile-un-bus-para-trasladar-votantes-fue-interceptado-y-quemado-con-proclamas-mapuches\/\" \/>\n<meta property=\"og:site_name\" content=\"Patagonia Ambiental\" \/>\n<meta property=\"article:publisher\" content=\"https:\/\/www.facebook.com\/patagonia.ambiental\" \/>\n<meta property=\"article:author\" content=\"https:\/\/www.facebook.com\/share\/1C1V8Gv9BX\/?mibextid=qi2Omg\" \/>\n<meta property=\"article:published_time\" content=\"2017-11-21T22:00:55+00:00\" \/>\n<meta property=\"og:image\" content=\"https:\/\/patagoniambiental.com.ar\/info\/wp-content\/uploads\/2017\/11\/Sin-t\u00edtulo-11.jpg\" \/>\n\t<meta property=\"og:image:width\" content=\"678\" \/>\n\t<meta property=\"og:image:height\" content=\"349\" \/>\n\t<meta property=\"og:image:type\" content=\"image\/jpeg\" \/>\n<meta name=\"author\" content=\"Patagonia Ambiental\" \/>\n<meta name=\"twitter:card\" content=\"summary_large_image\" \/>\n<meta name=\"twitter:creator\" content=\"@PatAmb\" \/>\n<meta name=\"twitter:site\" content=\"@PatAmb\" \/>\n<script type=\"application\/ld+json\" class=\"yoast-schema-graph\">{\"@context\":\"https:\\\/\\\/schema.org\",\"@graph\":[{\"@type\":\"Article\",\"@id\":\"https:\\\/\\\/patagoniambiental.com.ar\\\/info\\\/incidentes-en-chile-un-bus-para-trasladar-votantes-fue-interceptado-y-quemado-con-proclamas-mapuches\\\/#article\",\"isPartOf\":{\"@id\":\"https:\\\/\\\/patagoniambiental.com.ar\\\/info\\\/incidentes-en-chile-un-bus-para-trasladar-votantes-fue-interceptado-y-quemado-con-proclamas-mapuches\\\/\"},\"author\":{\"name\":\"Patagonia Ambiental\",\"@id\":\"https:\\\/\\\/patagoniambiental.com.ar\\\/info\\\/#\\\/schema\\\/person\\\/db12bff64bbcbf6a253710bf0ea37b5d\"},\"headline\":\"Incidentes en Chile: un bus para trasladar votantes fue interceptado y quemado con proclamas mapuches\",\"datePublished\":\"2017-11-21T22:00:55+00:00\",\"mainEntityOfPage\":{\"@id\":\"https:\\\/\\\/patagoniambiental.com.ar\\\/info\\\/incidentes-en-chile-un-bus-para-trasladar-votantes-fue-interceptado-y-quemado-con-proclamas-mapuches\\\/\"},\"wordCount\":426,\"commentCount\":0,\"publisher\":{\"@id\":\"https:\\\/\\\/patagoniambiental.com.ar\\\/info\\\/#organization\"},\"image\":{\"@id\":\"https:\\\/\\\/patagoniambiental.com.ar\\\/info\\\/incidentes-en-chile-un-bus-para-trasladar-votantes-fue-interceptado-y-quemado-con-proclamas-mapuches\\\/#primaryimage\"},\"thumbnailUrl\":\"https:\\\/\\\/patagoniambiental.com.ar\\\/info\\\/wp-content\\\/uploads\\\/2017\\\/11\\\/Sin-t\u00edtulo-11.jpg\",\"articleSection\":[\"Internacionales\",\"Noticias\"],\"inLanguage\":\"es\",\"potentialAction\":[{\"@type\":\"CommentAction\",\"name\":\"Comment\",\"target\":[\"https:\\\/\\\/patagoniambiental.com.ar\\\/info\\\/incidentes-en-chile-un-bus-para-trasladar-votantes-fue-interceptado-y-quemado-con-proclamas-mapuches\\\/#respond\"]}]},{\"@type\":\"WebPage\",\"@id\":\"https:\\\/\\\/patagoniambiental.com.ar\\\/info\\\/incidentes-en-chile-un-bus-para-trasladar-votantes-fue-interceptado-y-quemado-con-proclamas-mapuches\\\/\",\"url\":\"https:\\\/\\\/patagoniambiental.com.ar\\\/info\\\/incidentes-en-chile-un-bus-para-trasladar-votantes-fue-interceptado-y-quemado-con-proclamas-mapuches\\\/\",\"name\":\"Incidentes en Chile: un bus para trasladar votantes fue interceptado y quemado con proclamas mapuches\",\"isPartOf\":{\"@id\":\"https:\\\/\\\/patagoniambiental.com.ar\\\/info\\\/#website\"},\"primaryImageOfPage\":{\"@id\":\"https:\\\/\\\/patagoniambiental.com.ar\\\/info\\\/incidentes-en-chile-un-bus-para-trasladar-votantes-fue-interceptado-y-quemado-con-proclamas-mapuches\\\/#primaryimage\"},\"image\":{\"@id\":\"https:\\\/\\\/patagoniambiental.com.ar\\\/info\\\/incidentes-en-chile-un-bus-para-trasladar-votantes-fue-interceptado-y-quemado-con-proclamas-mapuches\\\/#primaryimage\"},\"thumbnailUrl\":\"https:\\\/\\\/patagoniambiental.com.ar\\\/info\\\/wp-content\\\/uploads\\\/2017\\\/11\\\/Sin-t\u00edtulo-11.jpg\",\"datePublished\":\"2017-11-21T22:00:55+00:00\",\"breadcrumb\":{\"@id\":\"https:\\\/\\\/patagoniambiental.com.ar\\\/info\\\/incidentes-en-chile-un-bus-para-trasladar-votantes-fue-interceptado-y-quemado-con-proclamas-mapuches\\\/#breadcrumb\"},\"inLanguage\":\"es\",\"potentialAction\":[{\"@type\":\"ReadAction\",\"target\":[\"https:\\\/\\\/patagoniambiental.com.ar\\\/info\\\/incidentes-en-chile-un-bus-para-trasladar-votantes-fue-interceptado-y-quemado-con-proclamas-mapuches\\\/\"]}]},{\"@type\":\"ImageObject\",\"inLanguage\":\"es\",\"@id\":\"https:\\\/\\\/patagoniambiental.com.ar\\\/info\\\/incidentes-en-chile-un-bus-para-trasladar-votantes-fue-interceptado-y-quemado-con-proclamas-mapuches\\\/#primaryimage\",\"url\":\"https:\\\/\\\/patagoniambiental.com.ar\\\/info\\\/wp-content\\\/uploads\\\/2017\\\/11\\\/Sin-t\u00edtulo-11.jpg\",\"contentUrl\":\"https:\\\/\\\/patagoniambiental.com.ar\\\/info\\\/wp-content\\\/uploads\\\/2017\\\/11\\\/Sin-t\u00edtulo-11.jpg\",\"width\":678,\"height\":349},{\"@type\":\"BreadcrumbList\",\"@id\":\"https:\\\/\\\/patagoniambiental.com.ar\\\/info\\\/incidentes-en-chile-un-bus-para-trasladar-votantes-fue-interceptado-y-quemado-con-proclamas-mapuches\\\/#breadcrumb\",\"itemListElement\":[{\"@type\":\"ListItem\",\"position\":1,\"name\":\"Inicio\",\"item\":\"https:\\\/\\\/patagoniambiental.com.ar\\\/info\\\/\"},{\"@type\":\"ListItem\",\"position\":2,\"name\":\"Incidentes en Chile: un bus para trasladar votantes fue interceptado y quemado con proclamas mapuches\"}]},{\"@type\":\"WebSite\",\"@id\":\"https:\\\/\\\/patagoniambiental.com.ar\\\/info\\\/#website\",\"url\":\"https:\\\/\\\/patagoniambiental.com.ar\\\/info\\\/\",\"name\":\"Patagonia Ambiental\",\"description\":\"Monitoreo y an\u00e1lisis de la situaci\u00f3n geopol\u00edtica en el mundo y su implicancia en la Patagonia\",\"publisher\":{\"@id\":\"https:\\\/\\\/patagoniambiental.com.ar\\\/info\\\/#organization\"},\"potentialAction\":[{\"@type\":\"SearchAction\",\"target\":{\"@type\":\"EntryPoint\",\"urlTemplate\":\"https:\\\/\\\/patagoniambiental.com.ar\\\/info\\\/?s={search_term_string}\"},\"query-input\":{\"@type\":\"PropertyValueSpecification\",\"valueRequired\":true,\"valueName\":\"search_term_string\"}}],\"inLanguage\":\"es\"},{\"@type\":\"Organization\",\"@id\":\"https:\\\/\\\/patagoniambiental.com.ar\\\/info\\\/#organization\",\"name\":\"Patagonia Ambiental\",\"url\":\"https:\\\/\\\/patagoniambiental.com.ar\\\/info\\\/\",\"logo\":{\"@type\":\"ImageObject\",\"inLanguage\":\"es\",\"@id\":\"https:\\\/\\\/patagoniambiental.com.ar\\\/info\\\/#\\\/schema\\\/logo\\\/image\\\/\",\"url\":\"https:\\\/\\\/patagoniambiental.com.ar\\\/info\\\/wp-content\\\/uploads\\\/2025\\\/05\\\/LOGO-PATAGONIA-AMBIENTAL.png\",\"contentUrl\":\"https:\\\/\\\/patagoniambiental.com.ar\\\/info\\\/wp-content\\\/uploads\\\/2025\\\/05\\\/LOGO-PATAGONIA-AMBIENTAL.png\",\"width\":433,\"height\":250,\"caption\":\"Patagonia Ambiental\"},\"image\":{\"@id\":\"https:\\\/\\\/patagoniambiental.com.ar\\\/info\\\/#\\\/schema\\\/logo\\\/image\\\/\"},\"sameAs\":[\"https:\\\/\\\/www.facebook.com\\\/patagonia.ambiental\",\"https:\\\/\\\/x.com\\\/PatAmb\"]},{\"@type\":\"Person\",\"@id\":\"https:\\\/\\\/patagoniambiental.com.ar\\\/info\\\/#\\\/schema\\\/person\\\/db12bff64bbcbf6a253710bf0ea37b5d\",\"name\":\"Patagonia Ambiental\",\"description\":\"Andr\u00e9s Nievas T\u00e9cnico en manejo ambiental, consultor Ambiental y escritor para medios locales e internacionales sobre temas de geopolitica y medio ambiente.\",\"sameAs\":[\"http:\\\/\\\/www.patagoniambiental.com.ar\",\"https:\\\/\\\/www.facebook.com\\\/share\\\/1C1V8Gv9BX\\\/?mibextid=qi2Omg\",\"@patagoniambiental\",\"https:\\\/\\\/youtube.com\\\/@patagoniaambiental2023?si=BLt58t0wuXquxlYZ\"]}]}<\/script>\n<!-- \/ Yoast SEO Premium plugin. -->","yoast_head_json":{"title":"Incidentes en Chile: un bus para trasladar votantes fue interceptado y quemado con proclamas mapuches","robots":{"index":"index","follow":"follow","max-snippet":"max-snippet:-1","max-image-preview":"max-image-preview:large","max-video-preview":"max-video-preview:-1"},"canonical":"https:\/\/patagoniambiental.com.ar\/info\/incidentes-en-chile-un-bus-para-trasladar-votantes-fue-interceptado-y-quemado-con-proclamas-mapuches\/","og_locale":"es_ES","og_type":"article","og_title":"Incidentes en Chile: un bus para trasladar votantes fue interceptado y quemado con proclamas mapuches","og_description":"Chile.-El gobierno inform\u00f3 que los atacantes desconocidos dejaron afiches alusivos al conflicto territorial. Tambi\u00e9n cortaron rutas y otro veh\u00edculo fue [&hellip;]","og_url":"https:\/\/patagoniambiental.com.ar\/info\/incidentes-en-chile-un-bus-para-trasladar-votantes-fue-interceptado-y-quemado-con-proclamas-mapuches\/","og_site_name":"Patagonia Ambiental","article_publisher":"https:\/\/www.facebook.com\/patagonia.ambiental","article_author":"https:\/\/www.facebook.com\/share\/1C1V8Gv9BX\/?mibextid=qi2Omg","article_published_time":"2017-11-21T22:00:55+00:00","og_image":[{"width":678,"height":349,"url":"https:\/\/patagoniambiental.com.ar\/info\/wp-content\/uploads\/2017\/11\/Sin-t\u00edtulo-11.jpg","type":"image\/jpeg"}],"author":"Patagonia Ambiental","twitter_card":"summary_large_image","twitter_creator":"@PatAmb","twitter_site":"@PatAmb","schema":{"@context":"https:\/\/schema.org","@graph":[{"@type":"Article","@id":"https:\/\/patagoniambiental.com.ar\/info\/incidentes-en-chile-un-bus-para-trasladar-votantes-fue-interceptado-y-quemado-con-proclamas-mapuches\/#article","isPartOf":{"@id":"https:\/\/patagoniambiental.com.ar\/info\/incidentes-en-chile-un-bus-para-trasladar-votantes-fue-interceptado-y-quemado-con-proclamas-mapuches\/"},"author":{"name":"Patagonia Ambiental","@id":"https:\/\/patagoniambiental.com.ar\/info\/#\/schema\/person\/db12bff64bbcbf6a253710bf0ea37b5d"},"headline":"Incidentes en Chile: un bus para trasladar votantes fue interceptado y quemado con proclamas mapuches","datePublished":"2017-11-21T22:00:55+00:00","mainEntityOfPage":{"@id":"https:\/\/patagoniambiental.com.ar\/info\/incidentes-en-chile-un-bus-para-trasladar-votantes-fue-interceptado-y-quemado-con-proclamas-mapuches\/"},"wordCount":426,"commentCount":0,"publisher":{"@id":"https:\/\/patagoniambiental.com.ar\/info\/#organization"},"image":{"@id":"https:\/\/patagoniambiental.com.ar\/info\/incidentes-en-chile-un-bus-para-trasladar-votantes-fue-interceptado-y-quemado-con-proclamas-mapuches\/#primaryimage"},"thumbnailUrl":"https:\/\/patagoniambiental.com.ar\/info\/wp-content\/uploads\/2017\/11\/Sin-t\u00edtulo-11.jpg","articleSection":["Internacionales","Noticias"],"inLanguage":"es","potentialAction":[{"@type":"CommentAction","name":"Comment","target":["https:\/\/patagoniambiental.com.ar\/info\/incidentes-en-chile-un-bus-para-trasladar-votantes-fue-interceptado-y-quemado-con-proclamas-mapuches\/#respond"]}]},{"@type":"WebPage","@id":"https:\/\/patagoniambiental.com.ar\/info\/incidentes-en-chile-un-bus-para-trasladar-votantes-fue-interceptado-y-quemado-con-proclamas-mapuches\/","url":"https:\/\/patagoniambiental.com.ar\/info\/incidentes-en-chile-un-bus-para-trasladar-votantes-fue-interceptado-y-quemado-con-proclamas-mapuches\/","name":"Incidentes en Chile: un bus para trasladar votantes fue interceptado y quemado con proclamas mapuches","isPartOf":{"@id":"https:\/\/patagoniambiental.com.ar\/info\/#website"},"primaryImageOfPage":{"@id":"https:\/\/patagoniambiental.com.ar\/info\/incidentes-en-chile-un-bus-para-trasladar-votantes-fue-interceptado-y-quemado-con-proclamas-mapuches\/#primaryimage"},"image":{"@id":"https:\/\/patagoniambiental.com.ar\/info\/incidentes-en-chile-un-bus-para-trasladar-votantes-fue-interceptado-y-quemado-con-proclamas-mapuches\/#primaryimage"},"thumbnailUrl":"https:\/\/patagoniambiental.com.ar\/info\/wp-content\/uploads\/2017\/11\/Sin-t\u00edtulo-11.jpg","datePublished":"2017-11-21T22:00:55+00:00","breadcrumb":{"@id":"https:\/\/patagoniambiental.com.ar\/info\/incidentes-en-chile-un-bus-para-trasladar-votantes-fue-interceptado-y-quemado-con-proclamas-mapuches\/#breadcrumb"},"inLanguage":"es","potentialAction":[{"@type":"ReadAction","target":["https:\/\/patagoniambiental.com.ar\/info\/incidentes-en-chile-un-bus-para-trasladar-votantes-fue-interceptado-y-quemado-con-proclamas-mapuches\/"]}]},{"@type":"ImageObject","inLanguage":"es","@id":"https:\/\/patagoniambiental.com.ar\/info\/incidentes-en-chile-un-bus-para-trasladar-votantes-fue-interceptado-y-quemado-con-proclamas-mapuches\/#primaryimage","url":"https:\/\/patagoniambiental.com.ar\/info\/wp-content\/uploads\/2017\/11\/Sin-t\u00edtulo-11.jpg","contentUrl":"https:\/\/patagoniambiental.com.ar\/info\/wp-content\/uploads\/2017\/11\/Sin-t\u00edtulo-11.jpg","width":678,"height":349},{"@type":"BreadcrumbList","@id":"https:\/\/patagoniambiental.com.ar\/info\/incidentes-en-chile-un-bus-para-trasladar-votantes-fue-interceptado-y-quemado-con-proclamas-mapuches\/#breadcrumb","itemListElement":[{"@type":"ListItem","position":1,"name":"Inicio","item":"https:\/\/patagoniambiental.com.ar\/info\/"},{"@type":"ListItem","position":2,"name":"Incidentes en Chile: un bus para trasladar votantes fue interceptado y quemado con proclamas mapuches"}]},{"@type":"WebSite","@id":"https:\/\/patagoniambiental.com.ar\/info\/#website","url":"https:\/\/patagoniambiental.com.ar\/info\/","name":"Patagonia Ambiental","description":"Monitoreo y an\u00e1lisis de la situaci\u00f3n geopol\u00edtica en el mundo y su implicancia en la Patagonia","publisher":{"@id":"https:\/\/patagoniambiental.com.ar\/info\/#organization"},"potentialAction":[{"@type":"SearchAction","target":{"@type":"EntryPoint","urlTemplate":"https:\/\/patagoniambiental.com.ar\/info\/?s={search_term_string}"},"query-input":{"@type":"PropertyValueSpecification","valueRequired":true,"valueName":"search_term_string"}}],"inLanguage":"es"},{"@type":"Organization","@id":"https:\/\/patagoniambiental.com.ar\/info\/#organization","name":"Patagonia Ambiental","url":"https:\/\/patagoniambiental.com.ar\/info\/","logo":{"@type":"ImageObject","inLanguage":"es","@id":"https:\/\/patagoniambiental.com.ar\/info\/#\/schema\/logo\/image\/","url":"https:\/\/patagoniambiental.com.ar\/info\/wp-content\/uploads\/2025\/05\/LOGO-PATAGONIA-AMBIENTAL.png","contentUrl":"https:\/\/patagoniambiental.com.ar\/info\/wp-content\/uploads\/2025\/05\/LOGO-PATAGONIA-AMBIENTAL.png","width":433,"height":250,"caption":"Patagonia Ambiental"},"image":{"@id":"https:\/\/patagoniambiental.com.ar\/info\/#\/schema\/logo\/image\/"},"sameAs":["https:\/\/www.facebook.com\/patagonia.ambiental","https:\/\/x.com\/PatAmb"]},{"@type":"Person","@id":"https:\/\/patagoniambiental.com.ar\/info\/#\/schema\/person\/db12bff64bbcbf6a253710bf0ea37b5d","name":"Patagonia Ambiental","description":"Andr\u00e9s Nievas T\u00e9cnico en manejo ambiental, consultor Ambiental y escritor para medios locales e internacionales sobre temas de geopolitica y medio ambiente.","sameAs":["http:\/\/www.patagoniambiental.com.ar","https:\/\/www.facebook.com\/share\/1C1V8Gv9BX\/?mibextid=qi2Omg","@patagoniambiental","https:\/\/youtube.com\/@patagoniaambiental2023?si=BLt58t0wuXquxlYZ"]}]}},"_links":{"self":[{"href":"https:\/\/patagoniambiental.com.ar\/info\/wp-json\/wp\/v2\/posts\/38544","targetHints":{"allow":["GET"]}}],"collection":[{"href":"https:\/\/patagoniambiental.com.ar\/info\/wp-json\/wp\/v2\/posts"}],"about":[{"href":"https:\/\/patagoniambiental.com.ar\/info\/wp-json\/wp\/v2\/types\/post"}],"author":[{"embeddable":true,"href":"https:\/\/patagoniambiental.com.ar\/info\/wp-json\/wp\/v2\/users\/2"}],"replies":[{"embeddable":true,"href":"https:\/\/patagoniambiental.com.ar\/info\/wp-json\/wp\/v2\/comments?post=38544"}],"version-history":[{"count":0,"href":"https:\/\/patagoniambiental.com.ar\/info\/wp-json\/wp\/v2\/posts\/38544\/revisions"}],"wp:featuredmedia":[{"embeddable":true,"href":"https:\/\/patagoniambiental.com.ar\/info\/wp-json\/wp\/v2\/media\/38545"}],"wp:attachment":[{"href":"https:\/\/patagoniambiental.com.ar\/info\/wp-json\/wp\/v2\/media?parent=38544"}],"wp:term":[{"taxonomy":"category","embeddable":true,"href":"https:\/\/patagoniambiental.com.ar\/info\/wp-json\/wp\/v2\/categories?post=38544"},{"taxonomy":"post_tag","embeddable":true,"href":"https:\/\/patagoniambiental.com.ar\/info\/wp-json\/wp\/v2\/tags?post=38544"}],"curies":[{"name":"wp","href":"https:\/\/api.w.org\/{rel}","templated":true}]}}