{"id":38547,"date":"2017-11-21T19:00:48","date_gmt":"2017-11-21T22:00:48","guid":{"rendered":"http:\/\/patagoniambiental.com.ar\/info\/?p=38547"},"modified":"2017-11-21T13:57:47","modified_gmt":"2017-11-21T16:57:47","slug":"allanamientos-por-atentados-mapuches-denuncian-persecucion","status":"publish","type":"post","link":"https:\/\/patagoniambiental.com.ar\/info\/allanamientos-por-atentados-mapuches-denuncian-persecucion\/","title":{"rendered":"Allanamientos por atentados; mapuches denuncian \u201cpersecuci\u00f3n\u201d"},"content":{"rendered":"<div class=\"entry-top\">\n<p class=\"article-title entry-title\">Neuquen.-Varios allanamientos en busca de relaciones posibles con la organizaci\u00f3n Resistencia Ancestral Mapuche (RAM) fueron realizados este s\u00e1bado en Neuqu\u00e9n y Cipolletti, por orden de la Justicia en tr\u00e1mites vinculados con recientes atentados registrados en la regi\u00f3n, en donde fueron encontrados carteles de ese grupo mapuche.<\/p>\n<\/div>\n<p><!--more--><\/p>\n<div class=\"clear\"><\/div>\n<article>\n<div id=\"post-54465\" class=\"post post-54465 type-post status-publish format-standard has-post-thumbnail hentry category-politica tag-atentados tag-mapuches tag-neuquen tag-ram\">\n<div class=\"media-single-content\"><img fetchpriority=\"high\" decoding=\"async\" class=\"attachment-thumbnail-single-image size-thumbnail-single-image wp-post-image\" src=\"http:\/\/www.diariamenteneuquen.com.ar\/V3.0\/wp-content\/uploads\/2017\/11\/allanamientos-por-mapuches.jpg\" sizes=\"(max-width: 640px) 100vw, 640px\" srcset=\"http:\/\/www.diariamenteneuquen.com.ar\/V3.0\/wp-content\/uploads\/2017\/11\/allanamientos-por-mapuches.jpg 640w, http:\/\/www.diariamenteneuquen.com.ar\/V3.0\/wp-content\/uploads\/2017\/11\/allanamientos-por-mapuches-300x156.jpg 300w, http:\/\/www.diariamenteneuquen.com.ar\/V3.0\/wp-content\/uploads\/2017\/11\/allanamientos-por-mapuches-500x259.jpg 500w, http:\/\/www.diariamenteneuquen.com.ar\/V3.0\/wp-content\/uploads\/2017\/11\/allanamientos-por-mapuches-250x130.jpg 250w\" alt=\"\" width=\"640\" height=\"332\" \/><\/div>\n<div class=\"entry\">\n<div class=\"author-right-meta\">\n<div class=\"aut-img\"><a href=\"http:\/\/www.diariamenteneuquen.com.ar\/V3.0\/author\/ruben\/\"><img decoding=\"async\" class=\"avatar avatar-wordpress-social-login avatar-60 photo\" src=\"https:\/\/graph.facebook.com\/909768925817998\/picture?width=150&amp;height=150\" alt=\"\" width=\"60\" height=\"60\" \/><\/a><\/div>\n<\/div>\n<div class=\"p-first-letter\">\n<p>&nbsp;<\/p>\n<p>Los allanamientos motivaron la calificaci\u00f3n de \u201cpersecuci\u00f3n pol\u00edtica\u201d de parte de la Confederaci\u00f3n Mapuche, que llam\u00f3 a una movilizaci\u00f3n para repudiarlos.<\/p>\n<p>Seg\u00fan la orden de allanamiento, firmada por el juez de garant\u00edas de Neuqu\u00e9n, Diego Piedrabuena, y la participaci\u00f3n, por solicitud del magistrado, de la jueza de Cipolletti, Mar\u00eda Florencia Caruso, la polic\u00eda deb\u00eda buscar \u201ccarteler\u00eda manuscrita, sustancias iniciadoras de fuego o inflamables, materiales para la confecci\u00f3n de carteler\u00eda o facturas que acrediten la compra de ese tipo de materiales, instrumentos para la confecci\u00f3n de est\u00e9nciles y est\u00e9nciles, computadoras, tablets, notebook, pendrives, armas de fuego, papeles personales como agendas, pinturas y simbolog\u00eda mapuche, prendas de vestir con identificaci\u00f3n de agrupaciones y todo elemento relacionado a la RAM\u201d.<\/p>\n<p>Seg\u00fan se hizo trascender desde la Confederaci\u00f3n Mapuche, \u00a0los \u00fanicos elementos secuestrados fueron dos computadoras y materiales para hacer carteles sobre distintas causas de Derechos Humanos, entre ellos uno de Radios Alternativas de Medios, cuyas siglas coinciden con RAM.<\/p>\n<p>Se indic\u00f3 que algunos de los domicilios allanados pertenecen a militantes de la organizaci\u00f3n Familiares y Amigos de Luciano Arruga, y otros, a Radio Zona Libre.<\/p>\n<p>Revelaron que se allan\u00f3 la vivienda de Nadia Par\u00eds y Ferm\u00edn Mart\u00ednez; y las de Marco Painevil, Ruben Wani y Carmen Antilef.<\/p>\n<p>Tambi\u00e9n fue allanada la casa en la que viven los padres de Nadia Paris, en el centro de Cipolletti. En Neuqu\u00e9n se allanaron dos casas en el barrio San Lorenzo y una en Toma 7 de Mayo.<\/p>\n<p>A trav\u00e9s de un comunicado, la abogada querellante Gisela Moreira dijo que el \u00fanico que fue llevado para su identificaci\u00f3n fue Ferm\u00edn Mart\u00ednez.<\/p>\n<p>La investigaci\u00f3n se lleva adelante por un atentado realizado en la empresa Kumenia, donde se incendi\u00f3 un autom\u00f3vil, en cercan\u00edas de instalaciones de YPF; el hallazgo de restos de una bomba molotov en un yacimiento de Pluspetrol, donde se registr\u00f3 un peque\u00f1o incendio; y la colocaci\u00f3n de un artefacto explosivo en el pozo 128 del \u00e1rea petrolera EFO, de YPF, en Allen.<\/p>\n<\/div>\n<\/div>\n<\/div>\n<\/article>\n","protected":false},"excerpt":{"rendered":"<p>Neuquen.-Varios allanamientos en busca de relaciones posibles con la organizaci\u00f3n Resistencia Ancestral Mapuche (RAM) fueron realizados este s\u00e1bado en Neuqu\u00e9n [&hellip;]<\/p>\n","protected":false},"author":2,"featured_media":38548,"comment_status":"open","ping_status":"open","sticky":false,"template":"","format":"standard","meta":{"site-sidebar-layout":"default","site-content-layout":"","ast-site-content-layout":"default","site-content-style":"default","site-sidebar-style":"default","ast-global-header-display":"","ast-banner-title-visibility":"","ast-main-header-display":"","ast-hfb-above-header-display":"","ast-hfb-below-header-display":"","ast-hfb-mobile-header-display":"","site-post-title":"","ast-breadcrumbs-content":"","ast-featured-img":"","footer-sml-layout":"","ast-disable-related-posts":"","theme-transparent-header-meta":"","adv-header-id-meta":"","stick-header-meta":"","header-above-stick-meta":"","header-main-stick-meta":"","header-below-stick-meta":"","astra-migrate-meta-layouts":"default","ast-page-background-enabled":"default","ast-page-background-meta":{"desktop":{"background-color":"var(--ast-global-color-5)","background-image":"","background-repeat":"repeat","background-position":"center center","background-size":"auto","background-attachment":"scroll","background-type":"","background-media":"","overlay-type":"","overlay-color":"","overlay-opacity":"","overlay-gradient":""},"tablet":{"background-color":"","background-image":"","background-repeat":"repeat","background-position":"center center","background-size":"auto","background-attachment":"scroll","background-type":"","background-media":"","overlay-type":"","overlay-color":"","overlay-opacity":"","overlay-gradient":""},"mobile":{"background-color":"","background-image":"","background-repeat":"repeat","background-position":"center center","background-size":"auto","background-attachment":"scroll","background-type":"","background-media":"","overlay-type":"","overlay-color":"","overlay-opacity":"","overlay-gradient":""}},"ast-content-background-meta":{"desktop":{"background-color":"var(--ast-global-color-4)","background-image":"","background-repeat":"repeat","background-position":"center center","background-size":"auto","background-attachment":"scroll","background-type":"","background-media":"","overlay-type":"","overlay-color":"","overlay-opacity":"","overlay-gradient":""},"tablet":{"background-color":"var(--ast-global-color-4)","background-image":"","background-repeat":"repeat","background-position":"center center","background-size":"auto","background-attachment":"scroll","background-type":"","background-media":"","overlay-type":"","overlay-color":"","overlay-opacity":"","overlay-gradient":""},"mobile":{"background-color":"var(--ast-global-color-4)","background-image":"","background-repeat":"repeat","background-position":"center center","background-size":"auto","background-attachment":"scroll","background-type":"","background-media":"","overlay-type":"","overlay-color":"","overlay-opacity":"","overlay-gradient":""}},"footnotes":""},"categories":[23,1],"tags":[],"class_list":["post-38547","post","type-post","status-publish","format-standard","has-post-thumbnail","hentry","category-internacionales","category-noticias"],"yoast_head":"<!-- This site is optimized with the Yoast SEO Premium plugin v23.0 (Yoast SEO v27.4) - https:\/\/yoast.com\/product\/yoast-seo-premium-wordpress\/ -->\n<title>Allanamientos por atentados; mapuches denuncian \u201cpersecuci\u00f3n\u201d<\/title>\n<meta name=\"robots\" content=\"index, follow, max-snippet:-1, max-image-preview:large, max-video-preview:-1\" \/>\n<link rel=\"canonical\" href=\"https:\/\/patagoniambiental.com.ar\/info\/allanamientos-por-atentados-mapuches-denuncian-persecucion\/\" \/>\n<meta property=\"og:locale\" content=\"es_ES\" \/>\n<meta property=\"og:type\" content=\"article\" \/>\n<meta property=\"og:title\" content=\"Allanamientos por atentados; mapuches denuncian \u201cpersecuci\u00f3n\u201d\" \/>\n<meta property=\"og:description\" content=\"Neuquen.-Varios allanamientos en busca de relaciones posibles con la organizaci\u00f3n Resistencia Ancestral Mapuche (RAM) fueron realizados este s\u00e1bado en Neuqu\u00e9n [&hellip;]\" \/>\n<meta property=\"og:url\" content=\"https:\/\/patagoniambiental.com.ar\/info\/allanamientos-por-atentados-mapuches-denuncian-persecucion\/\" \/>\n<meta property=\"og:site_name\" content=\"Patagonia Ambiental\" \/>\n<meta property=\"article:publisher\" content=\"https:\/\/www.facebook.com\/patagonia.ambiental\" \/>\n<meta property=\"article:author\" content=\"https:\/\/www.facebook.com\/share\/1C1V8Gv9BX\/?mibextid=qi2Omg\" \/>\n<meta property=\"article:published_time\" content=\"2017-11-21T22:00:48+00:00\" \/>\n<meta property=\"og:image\" content=\"https:\/\/patagoniambiental.com.ar\/info\/wp-content\/uploads\/2017\/11\/allanamientos-por-mapuches.jpg\" \/>\n\t<meta property=\"og:image:width\" content=\"640\" \/>\n\t<meta property=\"og:image:height\" content=\"332\" \/>\n\t<meta property=\"og:image:type\" content=\"image\/jpeg\" \/>\n<meta name=\"author\" content=\"Patagonia Ambiental\" \/>\n<meta name=\"twitter:card\" content=\"summary_large_image\" \/>\n<meta name=\"twitter:creator\" content=\"@PatAmb\" \/>\n<meta name=\"twitter:site\" content=\"@PatAmb\" \/>\n<script type=\"application\/ld+json\" class=\"yoast-schema-graph\">{\"@context\":\"https:\\\/\\\/schema.org\",\"@graph\":[{\"@type\":\"Article\",\"@id\":\"https:\\\/\\\/patagoniambiental.com.ar\\\/info\\\/allanamientos-por-atentados-mapuches-denuncian-persecucion\\\/#article\",\"isPartOf\":{\"@id\":\"https:\\\/\\\/patagoniambiental.com.ar\\\/info\\\/allanamientos-por-atentados-mapuches-denuncian-persecucion\\\/\"},\"author\":{\"name\":\"Patagonia Ambiental\",\"@id\":\"https:\\\/\\\/patagoniambiental.com.ar\\\/info\\\/#\\\/schema\\\/person\\\/db12bff64bbcbf6a253710bf0ea37b5d\"},\"headline\":\"Allanamientos por atentados; mapuches denuncian \u201cpersecuci\u00f3n\u201d\",\"datePublished\":\"2017-11-21T22:00:48+00:00\",\"mainEntityOfPage\":{\"@id\":\"https:\\\/\\\/patagoniambiental.com.ar\\\/info\\\/allanamientos-por-atentados-mapuches-denuncian-persecucion\\\/\"},\"wordCount\":421,\"commentCount\":0,\"publisher\":{\"@id\":\"https:\\\/\\\/patagoniambiental.com.ar\\\/info\\\/#organization\"},\"image\":{\"@id\":\"https:\\\/\\\/patagoniambiental.com.ar\\\/info\\\/allanamientos-por-atentados-mapuches-denuncian-persecucion\\\/#primaryimage\"},\"thumbnailUrl\":\"https:\\\/\\\/patagoniambiental.com.ar\\\/info\\\/wp-content\\\/uploads\\\/2017\\\/11\\\/allanamientos-por-mapuches.jpg\",\"articleSection\":[\"Internacionales\",\"Noticias\"],\"inLanguage\":\"es\",\"potentialAction\":[{\"@type\":\"CommentAction\",\"name\":\"Comment\",\"target\":[\"https:\\\/\\\/patagoniambiental.com.ar\\\/info\\\/allanamientos-por-atentados-mapuches-denuncian-persecucion\\\/#respond\"]}]},{\"@type\":\"WebPage\",\"@id\":\"https:\\\/\\\/patagoniambiental.com.ar\\\/info\\\/allanamientos-por-atentados-mapuches-denuncian-persecucion\\\/\",\"url\":\"https:\\\/\\\/patagoniambiental.com.ar\\\/info\\\/allanamientos-por-atentados-mapuches-denuncian-persecucion\\\/\",\"name\":\"Allanamientos por atentados; mapuches denuncian \u201cpersecuci\u00f3n\u201d\",\"isPartOf\":{\"@id\":\"https:\\\/\\\/patagoniambiental.com.ar\\\/info\\\/#website\"},\"primaryImageOfPage\":{\"@id\":\"https:\\\/\\\/patagoniambiental.com.ar\\\/info\\\/allanamientos-por-atentados-mapuches-denuncian-persecucion\\\/#primaryimage\"},\"image\":{\"@id\":\"https:\\\/\\\/patagoniambiental.com.ar\\\/info\\\/allanamientos-por-atentados-mapuches-denuncian-persecucion\\\/#primaryimage\"},\"thumbnailUrl\":\"https:\\\/\\\/patagoniambiental.com.ar\\\/info\\\/wp-content\\\/uploads\\\/2017\\\/11\\\/allanamientos-por-mapuches.jpg\",\"datePublished\":\"2017-11-21T22:00:48+00:00\",\"breadcrumb\":{\"@id\":\"https:\\\/\\\/patagoniambiental.com.ar\\\/info\\\/allanamientos-por-atentados-mapuches-denuncian-persecucion\\\/#breadcrumb\"},\"inLanguage\":\"es\",\"potentialAction\":[{\"@type\":\"ReadAction\",\"target\":[\"https:\\\/\\\/patagoniambiental.com.ar\\\/info\\\/allanamientos-por-atentados-mapuches-denuncian-persecucion\\\/\"]}]},{\"@type\":\"ImageObject\",\"inLanguage\":\"es\",\"@id\":\"https:\\\/\\\/patagoniambiental.com.ar\\\/info\\\/allanamientos-por-atentados-mapuches-denuncian-persecucion\\\/#primaryimage\",\"url\":\"https:\\\/\\\/patagoniambiental.com.ar\\\/info\\\/wp-content\\\/uploads\\\/2017\\\/11\\\/allanamientos-por-mapuches.jpg\",\"contentUrl\":\"https:\\\/\\\/patagoniambiental.com.ar\\\/info\\\/wp-content\\\/uploads\\\/2017\\\/11\\\/allanamientos-por-mapuches.jpg\",\"width\":640,\"height\":332},{\"@type\":\"BreadcrumbList\",\"@id\":\"https:\\\/\\\/patagoniambiental.com.ar\\\/info\\\/allanamientos-por-atentados-mapuches-denuncian-persecucion\\\/#breadcrumb\",\"itemListElement\":[{\"@type\":\"ListItem\",\"position\":1,\"name\":\"Inicio\",\"item\":\"https:\\\/\\\/patagoniambiental.com.ar\\\/info\\\/\"},{\"@type\":\"ListItem\",\"position\":2,\"name\":\"Allanamientos por atentados; mapuches denuncian \u201cpersecuci\u00f3n\u201d\"}]},{\"@type\":\"WebSite\",\"@id\":\"https:\\\/\\\/patagoniambiental.com.ar\\\/info\\\/#website\",\"url\":\"https:\\\/\\\/patagoniambiental.com.ar\\\/info\\\/\",\"name\":\"Patagonia Ambiental\",\"description\":\"Monitoreo y an\u00e1lisis de la situaci\u00f3n geopol\u00edtica en el mundo y su implicancia en la Patagonia\",\"publisher\":{\"@id\":\"https:\\\/\\\/patagoniambiental.com.ar\\\/info\\\/#organization\"},\"potentialAction\":[{\"@type\":\"SearchAction\",\"target\":{\"@type\":\"EntryPoint\",\"urlTemplate\":\"https:\\\/\\\/patagoniambiental.com.ar\\\/info\\\/?s={search_term_string}\"},\"query-input\":{\"@type\":\"PropertyValueSpecification\",\"valueRequired\":true,\"valueName\":\"search_term_string\"}}],\"inLanguage\":\"es\"},{\"@type\":\"Organization\",\"@id\":\"https:\\\/\\\/patagoniambiental.com.ar\\\/info\\\/#organization\",\"name\":\"Patagonia Ambiental\",\"url\":\"https:\\\/\\\/patagoniambiental.com.ar\\\/info\\\/\",\"logo\":{\"@type\":\"ImageObject\",\"inLanguage\":\"es\",\"@id\":\"https:\\\/\\\/patagoniambiental.com.ar\\\/info\\\/#\\\/schema\\\/logo\\\/image\\\/\",\"url\":\"https:\\\/\\\/patagoniambiental.com.ar\\\/info\\\/wp-content\\\/uploads\\\/2025\\\/05\\\/LOGO-PATAGONIA-AMBIENTAL.png\",\"contentUrl\":\"https:\\\/\\\/patagoniambiental.com.ar\\\/info\\\/wp-content\\\/uploads\\\/2025\\\/05\\\/LOGO-PATAGONIA-AMBIENTAL.png\",\"width\":433,\"height\":250,\"caption\":\"Patagonia Ambiental\"},\"image\":{\"@id\":\"https:\\\/\\\/patagoniambiental.com.ar\\\/info\\\/#\\\/schema\\\/logo\\\/image\\\/\"},\"sameAs\":[\"https:\\\/\\\/www.facebook.com\\\/patagonia.ambiental\",\"https:\\\/\\\/x.com\\\/PatAmb\"]},{\"@type\":\"Person\",\"@id\":\"https:\\\/\\\/patagoniambiental.com.ar\\\/info\\\/#\\\/schema\\\/person\\\/db12bff64bbcbf6a253710bf0ea37b5d\",\"name\":\"Patagonia Ambiental\",\"description\":\"Andr\u00e9s Nievas T\u00e9cnico en manejo ambiental, consultor Ambiental y escritor para medios locales e internacionales sobre temas de geopolitica y medio ambiente.\",\"sameAs\":[\"http:\\\/\\\/www.patagoniambiental.com.ar\",\"https:\\\/\\\/www.facebook.com\\\/share\\\/1C1V8Gv9BX\\\/?mibextid=qi2Omg\",\"@patagoniambiental\",\"https:\\\/\\\/youtube.com\\\/@patagoniaambiental2023?si=BLt58t0wuXquxlYZ\"]}]}<\/script>\n<!-- \/ Yoast SEO Premium plugin. -->","yoast_head_json":{"title":"Allanamientos por atentados; mapuches denuncian \u201cpersecuci\u00f3n\u201d","robots":{"index":"index","follow":"follow","max-snippet":"max-snippet:-1","max-image-preview":"max-image-preview:large","max-video-preview":"max-video-preview:-1"},"canonical":"https:\/\/patagoniambiental.com.ar\/info\/allanamientos-por-atentados-mapuches-denuncian-persecucion\/","og_locale":"es_ES","og_type":"article","og_title":"Allanamientos por atentados; mapuches denuncian \u201cpersecuci\u00f3n\u201d","og_description":"Neuquen.-Varios allanamientos en busca de relaciones posibles con la organizaci\u00f3n Resistencia Ancestral Mapuche (RAM) fueron realizados este s\u00e1bado en Neuqu\u00e9n [&hellip;]","og_url":"https:\/\/patagoniambiental.com.ar\/info\/allanamientos-por-atentados-mapuches-denuncian-persecucion\/","og_site_name":"Patagonia Ambiental","article_publisher":"https:\/\/www.facebook.com\/patagonia.ambiental","article_author":"https:\/\/www.facebook.com\/share\/1C1V8Gv9BX\/?mibextid=qi2Omg","article_published_time":"2017-11-21T22:00:48+00:00","og_image":[{"width":640,"height":332,"url":"https:\/\/patagoniambiental.com.ar\/info\/wp-content\/uploads\/2017\/11\/allanamientos-por-mapuches.jpg","type":"image\/jpeg"}],"author":"Patagonia Ambiental","twitter_card":"summary_large_image","twitter_creator":"@PatAmb","twitter_site":"@PatAmb","schema":{"@context":"https:\/\/schema.org","@graph":[{"@type":"Article","@id":"https:\/\/patagoniambiental.com.ar\/info\/allanamientos-por-atentados-mapuches-denuncian-persecucion\/#article","isPartOf":{"@id":"https:\/\/patagoniambiental.com.ar\/info\/allanamientos-por-atentados-mapuches-denuncian-persecucion\/"},"author":{"name":"Patagonia Ambiental","@id":"https:\/\/patagoniambiental.com.ar\/info\/#\/schema\/person\/db12bff64bbcbf6a253710bf0ea37b5d"},"headline":"Allanamientos por atentados; mapuches denuncian \u201cpersecuci\u00f3n\u201d","datePublished":"2017-11-21T22:00:48+00:00","mainEntityOfPage":{"@id":"https:\/\/patagoniambiental.com.ar\/info\/allanamientos-por-atentados-mapuches-denuncian-persecucion\/"},"wordCount":421,"commentCount":0,"publisher":{"@id":"https:\/\/patagoniambiental.com.ar\/info\/#organization"},"image":{"@id":"https:\/\/patagoniambiental.com.ar\/info\/allanamientos-por-atentados-mapuches-denuncian-persecucion\/#primaryimage"},"thumbnailUrl":"https:\/\/patagoniambiental.com.ar\/info\/wp-content\/uploads\/2017\/11\/allanamientos-por-mapuches.jpg","articleSection":["Internacionales","Noticias"],"inLanguage":"es","potentialAction":[{"@type":"CommentAction","name":"Comment","target":["https:\/\/patagoniambiental.com.ar\/info\/allanamientos-por-atentados-mapuches-denuncian-persecucion\/#respond"]}]},{"@type":"WebPage","@id":"https:\/\/patagoniambiental.com.ar\/info\/allanamientos-por-atentados-mapuches-denuncian-persecucion\/","url":"https:\/\/patagoniambiental.com.ar\/info\/allanamientos-por-atentados-mapuches-denuncian-persecucion\/","name":"Allanamientos por atentados; mapuches denuncian \u201cpersecuci\u00f3n\u201d","isPartOf":{"@id":"https:\/\/patagoniambiental.com.ar\/info\/#website"},"primaryImageOfPage":{"@id":"https:\/\/patagoniambiental.com.ar\/info\/allanamientos-por-atentados-mapuches-denuncian-persecucion\/#primaryimage"},"image":{"@id":"https:\/\/patagoniambiental.com.ar\/info\/allanamientos-por-atentados-mapuches-denuncian-persecucion\/#primaryimage"},"thumbnailUrl":"https:\/\/patagoniambiental.com.ar\/info\/wp-content\/uploads\/2017\/11\/allanamientos-por-mapuches.jpg","datePublished":"2017-11-21T22:00:48+00:00","breadcrumb":{"@id":"https:\/\/patagoniambiental.com.ar\/info\/allanamientos-por-atentados-mapuches-denuncian-persecucion\/#breadcrumb"},"inLanguage":"es","potentialAction":[{"@type":"ReadAction","target":["https:\/\/patagoniambiental.com.ar\/info\/allanamientos-por-atentados-mapuches-denuncian-persecucion\/"]}]},{"@type":"ImageObject","inLanguage":"es","@id":"https:\/\/patagoniambiental.com.ar\/info\/allanamientos-por-atentados-mapuches-denuncian-persecucion\/#primaryimage","url":"https:\/\/patagoniambiental.com.ar\/info\/wp-content\/uploads\/2017\/11\/allanamientos-por-mapuches.jpg","contentUrl":"https:\/\/patagoniambiental.com.ar\/info\/wp-content\/uploads\/2017\/11\/allanamientos-por-mapuches.jpg","width":640,"height":332},{"@type":"BreadcrumbList","@id":"https:\/\/patagoniambiental.com.ar\/info\/allanamientos-por-atentados-mapuches-denuncian-persecucion\/#breadcrumb","itemListElement":[{"@type":"ListItem","position":1,"name":"Inicio","item":"https:\/\/patagoniambiental.com.ar\/info\/"},{"@type":"ListItem","position":2,"name":"Allanamientos por atentados; mapuches denuncian \u201cpersecuci\u00f3n\u201d"}]},{"@type":"WebSite","@id":"https:\/\/patagoniambiental.com.ar\/info\/#website","url":"https:\/\/patagoniambiental.com.ar\/info\/","name":"Patagonia Ambiental","description":"Monitoreo y an\u00e1lisis de la situaci\u00f3n geopol\u00edtica en el mundo y su implicancia en la Patagonia","publisher":{"@id":"https:\/\/patagoniambiental.com.ar\/info\/#organization"},"potentialAction":[{"@type":"SearchAction","target":{"@type":"EntryPoint","urlTemplate":"https:\/\/patagoniambiental.com.ar\/info\/?s={search_term_string}"},"query-input":{"@type":"PropertyValueSpecification","valueRequired":true,"valueName":"search_term_string"}}],"inLanguage":"es"},{"@type":"Organization","@id":"https:\/\/patagoniambiental.com.ar\/info\/#organization","name":"Patagonia Ambiental","url":"https:\/\/patagoniambiental.com.ar\/info\/","logo":{"@type":"ImageObject","inLanguage":"es","@id":"https:\/\/patagoniambiental.com.ar\/info\/#\/schema\/logo\/image\/","url":"https:\/\/patagoniambiental.com.ar\/info\/wp-content\/uploads\/2025\/05\/LOGO-PATAGONIA-AMBIENTAL.png","contentUrl":"https:\/\/patagoniambiental.com.ar\/info\/wp-content\/uploads\/2025\/05\/LOGO-PATAGONIA-AMBIENTAL.png","width":433,"height":250,"caption":"Patagonia Ambiental"},"image":{"@id":"https:\/\/patagoniambiental.com.ar\/info\/#\/schema\/logo\/image\/"},"sameAs":["https:\/\/www.facebook.com\/patagonia.ambiental","https:\/\/x.com\/PatAmb"]},{"@type":"Person","@id":"https:\/\/patagoniambiental.com.ar\/info\/#\/schema\/person\/db12bff64bbcbf6a253710bf0ea37b5d","name":"Patagonia Ambiental","description":"Andr\u00e9s Nievas T\u00e9cnico en manejo ambiental, consultor Ambiental y escritor para medios locales e internacionales sobre temas de geopolitica y medio ambiente.","sameAs":["http:\/\/www.patagoniambiental.com.ar","https:\/\/www.facebook.com\/share\/1C1V8Gv9BX\/?mibextid=qi2Omg","@patagoniambiental","https:\/\/youtube.com\/@patagoniaambiental2023?si=BLt58t0wuXquxlYZ"]}]}},"_links":{"self":[{"href":"https:\/\/patagoniambiental.com.ar\/info\/wp-json\/wp\/v2\/posts\/38547","targetHints":{"allow":["GET"]}}],"collection":[{"href":"https:\/\/patagoniambiental.com.ar\/info\/wp-json\/wp\/v2\/posts"}],"about":[{"href":"https:\/\/patagoniambiental.com.ar\/info\/wp-json\/wp\/v2\/types\/post"}],"author":[{"embeddable":true,"href":"https:\/\/patagoniambiental.com.ar\/info\/wp-json\/wp\/v2\/users\/2"}],"replies":[{"embeddable":true,"href":"https:\/\/patagoniambiental.com.ar\/info\/wp-json\/wp\/v2\/comments?post=38547"}],"version-history":[{"count":0,"href":"https:\/\/patagoniambiental.com.ar\/info\/wp-json\/wp\/v2\/posts\/38547\/revisions"}],"wp:featuredmedia":[{"embeddable":true,"href":"https:\/\/patagoniambiental.com.ar\/info\/wp-json\/wp\/v2\/media\/38548"}],"wp:attachment":[{"href":"https:\/\/patagoniambiental.com.ar\/info\/wp-json\/wp\/v2\/media?parent=38547"}],"wp:term":[{"taxonomy":"category","embeddable":true,"href":"https:\/\/patagoniambiental.com.ar\/info\/wp-json\/wp\/v2\/categories?post=38547"},{"taxonomy":"post_tag","embeddable":true,"href":"https:\/\/patagoniambiental.com.ar\/info\/wp-json\/wp\/v2\/tags?post=38547"}],"curies":[{"name":"wp","href":"https:\/\/api.w.org\/{rel}","templated":true}]}}