{"id":38553,"date":"2017-11-21T19:00:42","date_gmt":"2017-11-21T22:00:42","guid":{"rendered":"http:\/\/patagoniambiental.com.ar\/info\/?p=38553"},"modified":"2017-11-21T16:03:43","modified_gmt":"2017-11-21T19:03:43","slug":"en-conesa-vialidad-rionegrina-y-defensa-civil-acordaron-lineas-de-trabajo-para-prevenir-incendios-forestales","status":"publish","type":"post","link":"https:\/\/patagoniambiental.com.ar\/info\/en-conesa-vialidad-rionegrina-y-defensa-civil-acordaron-lineas-de-trabajo-para-prevenir-incendios-forestales\/","title":{"rendered":"En Conesa  Vialidad Rionegrina y Defensa Civil acordaron l\u00edneas de trabajo para prevenir incendios forestales"},"content":{"rendered":"<p class=\"x_MsoNormal\"><i>General Conesa.-Con el objetivo de trabajar conjuntamente en la prevenci\u00f3n de incendios forestales de cara a una nueva temporada estival, autoridades de los organismos se reunieron en General Conesa.\u00a0\u00a0\u00a0<\/i><!--more--><\/p>\n<p class=\"x_MsoNormal\">Por otra parte, los mismos actores se reunieron para confirmar la participaci\u00f3n del organismo vial en el simulacro de terremoto que se realizar\u00e1 la semana pr\u00f3xima en San Carlos de Bariloche.<\/p>\n<p class=\"x_MsoNormal\">\n<p class=\"x_MsoNormal\">El primer encuentro interinstitucional organizado por Defensa Civil tuvo lugar en la sede del SPLIF de General Conesa para acordar l\u00edneas de trabajo conjunto con todos los organismos de actuaci\u00f3n frente a fen\u00f3menos provocados por incendios forestales. En ese marco, por parte de Vialidad Rionegrina asistieron el director de Conservaci\u00f3n y Mantenimiento, Alejandro Lezcano; el jefe de Delegaci\u00f3n I de Viedma, Andr\u00e9s Pesado; el jefe de Delegaci\u00f3n III de San Antonio Oeste, Eduardo Luna; y en representaci\u00f3n de la Delegaci\u00f3n II de Pomona, Jorge Berthe y Marcelo Pilia.<\/p>\n<p class=\"x_MsoNormal\">Del encuentro encabezado por el director de Defensa Civil Adri\u00e1n Iribarren, participaron tambi\u00e9n el Coordinador General y el Jefe de la Central del SPLIF, Marcelo Rey y Jorge Chipriotti, respectivamente; el Jefe del Departamento de Bomberos de la Polic\u00eda de R\u00edo Negro, Miguel Mossano; y representantes de todos los cuarteles de Bomberos existentes entre Choele Choel hasta Las Grutas.<\/p>\n<p class=\"x_MsoNormal\">\n<p class=\"x_MsoNormal\"><b><u>Simulacro (SIMEX) en San Carlos de Bariloche<\/u><\/b><\/p>\n<p class=\"x_MsoNormal\">\n<p class=\"x_MsoNormal\">Entre hoy y el jueves 23 de noviembre se realizar\u00e1 en el Centro C\u00edvico de Bariloche, un SIMEX, el cual consistir\u00e1 en un ejercicio de simulaci\u00f3n de terremoto. En ese contexto, la Direcci\u00f3n de Defensa Civil, a trav\u00e9s de la Central de Operaciones en Emergencias Provinciales (COEP) organiz\u00f3 y llev\u00f3 cabo una reuni\u00f3n en el Sal\u00f3n Gris de la Casa de Gobierno de R\u00edo Negro en Viedma, con el fin de confirmar y coordinar la participaci\u00f3n de los distintos organismos provinciales que formar\u00e1n parte del simulacro, de acuerdo a los recursos que administran. Entre ellos, adem\u00e1s de la Direcci\u00f3n de Vialidad Rionegrina, se destacan el Departamento Provincial de Aguas, el Tren Patag\u00f3nico, y los Ministerios de Desarrollo Social, Econom\u00eda y Salud.<\/p>\n<p class=\"x_MsoNormal\">\n<p class=\"x_MsoNormal\"><b><u>El simulacro<\/u><\/b><\/p>\n<p class=\"x_MsoNormal\">\n<p class=\"x_MsoNormal\">De acuerdo a los datos aportados por los organizadores, \u201cla actividad se presentar\u00e1 como un juego de rol en tiempo real en el que se representa un sismo de gran magnitud en una zona geogr\u00e1fica determinada, y a partir de ese supuesto, todos los participantes ponen a prueba planes, procedimientos, protocolos y metodolog\u00edas de coordinaci\u00f3n para mejorar los procesos en la toma de decisiones y fortalecer las capacidades de respuesta frente a un escenario real\u201d.<\/p>\n<p><b><span lang=\"ES-AR\">Fuente: GOBIERNO DE R\u00cdO NEGRO<\/span><\/b><span lang=\"ES-AR\"><br \/>\nSecretar\u00eda de Medios<\/span><\/p>\n","protected":false},"excerpt":{"rendered":"<p>General Conesa.-Con el objetivo de trabajar conjuntamente en la prevenci\u00f3n de incendios forestales de cara a una nueva temporada estival, [&hellip;]<\/p>\n","protected":false},"author":2,"featured_media":38554,"comment_status":"open","ping_status":"open","sticky":false,"template":"","format":"standard","meta":{"site-sidebar-layout":"default","site-content-layout":"","ast-site-content-layout":"default","site-content-style":"default","site-sidebar-style":"default","ast-global-header-display":"","ast-banner-title-visibility":"","ast-main-header-display":"","ast-hfb-above-header-display":"","ast-hfb-below-header-display":"","ast-hfb-mobile-header-display":"","site-post-title":"","ast-breadcrumbs-content":"","ast-featured-img":"","footer-sml-layout":"","ast-disable-related-posts":"","theme-transparent-header-meta":"","adv-header-id-meta":"","stick-header-meta":"","header-above-stick-meta":"","header-main-stick-meta":"","header-below-stick-meta":"","astra-migrate-meta-layouts":"default","ast-page-background-enabled":"default","ast-page-background-meta":{"desktop":{"background-color":"var(--ast-global-color-5)","background-image":"","background-repeat":"repeat","background-position":"center center","background-size":"auto","background-attachment":"scroll","background-type":"","background-media":"","overlay-type":"","overlay-color":"","overlay-opacity":"","overlay-gradient":""},"tablet":{"background-color":"","background-image":"","background-repeat":"repeat","background-position":"center center","background-size":"auto","background-attachment":"scroll","background-type":"","background-media":"","overlay-type":"","overlay-color":"","overlay-opacity":"","overlay-gradient":""},"mobile":{"background-color":"","background-image":"","background-repeat":"repeat","background-position":"center center","background-size":"auto","background-attachment":"scroll","background-type":"","background-media":"","overlay-type":"","overlay-color":"","overlay-opacity":"","overlay-gradient":""}},"ast-content-background-meta":{"desktop":{"background-color":"var(--ast-global-color-4)","background-image":"","background-repeat":"repeat","background-position":"center center","background-size":"auto","background-attachment":"scroll","background-type":"","background-media":"","overlay-type":"","overlay-color":"","overlay-opacity":"","overlay-gradient":""},"tablet":{"background-color":"var(--ast-global-color-4)","background-image":"","background-repeat":"repeat","background-position":"center center","background-size":"auto","background-attachment":"scroll","background-type":"","background-media":"","overlay-type":"","overlay-color":"","overlay-opacity":"","overlay-gradient":""},"mobile":{"background-color":"var(--ast-global-color-4)","background-image":"","background-repeat":"repeat","background-position":"center center","background-size":"auto","background-attachment":"scroll","background-type":"","background-media":"","overlay-type":"","overlay-color":"","overlay-opacity":"","overlay-gradient":""}},"footnotes":""},"categories":[1,13,14],"tags":[],"class_list":["post-38553","post","type-post","status-publish","format-standard","has-post-thumbnail","hentry","category-noticias","category-provinciales","category-rio-negro"],"yoast_head":"<!-- This site is optimized with the Yoast SEO Premium plugin v23.0 (Yoast SEO v27.4) - https:\/\/yoast.com\/product\/yoast-seo-premium-wordpress\/ -->\n<title>En Conesa Vialidad Rionegrina y Defensa Civil acordaron l\u00edneas de trabajo para prevenir incendios forestales<\/title>\n<meta name=\"robots\" content=\"index, follow, max-snippet:-1, max-image-preview:large, max-video-preview:-1\" \/>\n<link rel=\"canonical\" href=\"https:\/\/patagoniambiental.com.ar\/info\/en-conesa-vialidad-rionegrina-y-defensa-civil-acordaron-lineas-de-trabajo-para-prevenir-incendios-forestales\/\" \/>\n<meta property=\"og:locale\" content=\"es_ES\" \/>\n<meta property=\"og:type\" content=\"article\" \/>\n<meta property=\"og:title\" content=\"En Conesa Vialidad Rionegrina y Defensa Civil acordaron l\u00edneas de trabajo para prevenir incendios forestales\" \/>\n<meta property=\"og:description\" content=\"General Conesa.-Con el objetivo de trabajar conjuntamente en la prevenci\u00f3n de incendios forestales de cara a una nueva temporada estival, [&hellip;]\" \/>\n<meta property=\"og:url\" content=\"https:\/\/patagoniambiental.com.ar\/info\/en-conesa-vialidad-rionegrina-y-defensa-civil-acordaron-lineas-de-trabajo-para-prevenir-incendios-forestales\/\" \/>\n<meta property=\"og:site_name\" content=\"Patagonia Ambiental\" \/>\n<meta property=\"article:publisher\" content=\"https:\/\/www.facebook.com\/patagonia.ambiental\" \/>\n<meta property=\"article:author\" content=\"https:\/\/www.facebook.com\/share\/1C1V8Gv9BX\/?mibextid=qi2Omg\" \/>\n<meta property=\"article:published_time\" content=\"2017-11-21T22:00:42+00:00\" \/>\n<meta property=\"og:image\" content=\"https:\/\/patagoniambiental.com.ar\/info\/wp-content\/uploads\/2017\/11\/00032014.jpg\" \/>\n\t<meta property=\"og:image:width\" content=\"924\" \/>\n\t<meta property=\"og:image:height\" content=\"616\" \/>\n\t<meta property=\"og:image:type\" content=\"image\/jpeg\" \/>\n<meta name=\"author\" content=\"Patagonia Ambiental\" \/>\n<meta name=\"twitter:card\" content=\"summary_large_image\" \/>\n<meta name=\"twitter:creator\" content=\"@PatAmb\" \/>\n<meta name=\"twitter:site\" content=\"@PatAmb\" \/>\n<script type=\"application\/ld+json\" class=\"yoast-schema-graph\">{\"@context\":\"https:\\\/\\\/schema.org\",\"@graph\":[{\"@type\":\"Article\",\"@id\":\"https:\\\/\\\/patagoniambiental.com.ar\\\/info\\\/en-conesa-vialidad-rionegrina-y-defensa-civil-acordaron-lineas-de-trabajo-para-prevenir-incendios-forestales\\\/#article\",\"isPartOf\":{\"@id\":\"https:\\\/\\\/patagoniambiental.com.ar\\\/info\\\/en-conesa-vialidad-rionegrina-y-defensa-civil-acordaron-lineas-de-trabajo-para-prevenir-incendios-forestales\\\/\"},\"author\":{\"name\":\"Patagonia Ambiental\",\"@id\":\"https:\\\/\\\/patagoniambiental.com.ar\\\/info\\\/#\\\/schema\\\/person\\\/db12bff64bbcbf6a253710bf0ea37b5d\"},\"headline\":\"En Conesa Vialidad Rionegrina y Defensa Civil acordaron l\u00edneas de trabajo para prevenir incendios forestales\",\"datePublished\":\"2017-11-21T22:00:42+00:00\",\"mainEntityOfPage\":{\"@id\":\"https:\\\/\\\/patagoniambiental.com.ar\\\/info\\\/en-conesa-vialidad-rionegrina-y-defensa-civil-acordaron-lineas-de-trabajo-para-prevenir-incendios-forestales\\\/\"},\"wordCount\":470,\"commentCount\":0,\"publisher\":{\"@id\":\"https:\\\/\\\/patagoniambiental.com.ar\\\/info\\\/#organization\"},\"image\":{\"@id\":\"https:\\\/\\\/patagoniambiental.com.ar\\\/info\\\/en-conesa-vialidad-rionegrina-y-defensa-civil-acordaron-lineas-de-trabajo-para-prevenir-incendios-forestales\\\/#primaryimage\"},\"thumbnailUrl\":\"https:\\\/\\\/patagoniambiental.com.ar\\\/info\\\/wp-content\\\/uploads\\\/2017\\\/11\\\/00032014.jpg\",\"articleSection\":[\"Noticias\",\"Provinciales\",\"R\u00edo Negro\"],\"inLanguage\":\"es\",\"potentialAction\":[{\"@type\":\"CommentAction\",\"name\":\"Comment\",\"target\":[\"https:\\\/\\\/patagoniambiental.com.ar\\\/info\\\/en-conesa-vialidad-rionegrina-y-defensa-civil-acordaron-lineas-de-trabajo-para-prevenir-incendios-forestales\\\/#respond\"]}]},{\"@type\":\"WebPage\",\"@id\":\"https:\\\/\\\/patagoniambiental.com.ar\\\/info\\\/en-conesa-vialidad-rionegrina-y-defensa-civil-acordaron-lineas-de-trabajo-para-prevenir-incendios-forestales\\\/\",\"url\":\"https:\\\/\\\/patagoniambiental.com.ar\\\/info\\\/en-conesa-vialidad-rionegrina-y-defensa-civil-acordaron-lineas-de-trabajo-para-prevenir-incendios-forestales\\\/\",\"name\":\"En Conesa Vialidad Rionegrina y Defensa Civil acordaron l\u00edneas de trabajo para prevenir incendios forestales\",\"isPartOf\":{\"@id\":\"https:\\\/\\\/patagoniambiental.com.ar\\\/info\\\/#website\"},\"primaryImageOfPage\":{\"@id\":\"https:\\\/\\\/patagoniambiental.com.ar\\\/info\\\/en-conesa-vialidad-rionegrina-y-defensa-civil-acordaron-lineas-de-trabajo-para-prevenir-incendios-forestales\\\/#primaryimage\"},\"image\":{\"@id\":\"https:\\\/\\\/patagoniambiental.com.ar\\\/info\\\/en-conesa-vialidad-rionegrina-y-defensa-civil-acordaron-lineas-de-trabajo-para-prevenir-incendios-forestales\\\/#primaryimage\"},\"thumbnailUrl\":\"https:\\\/\\\/patagoniambiental.com.ar\\\/info\\\/wp-content\\\/uploads\\\/2017\\\/11\\\/00032014.jpg\",\"datePublished\":\"2017-11-21T22:00:42+00:00\",\"breadcrumb\":{\"@id\":\"https:\\\/\\\/patagoniambiental.com.ar\\\/info\\\/en-conesa-vialidad-rionegrina-y-defensa-civil-acordaron-lineas-de-trabajo-para-prevenir-incendios-forestales\\\/#breadcrumb\"},\"inLanguage\":\"es\",\"potentialAction\":[{\"@type\":\"ReadAction\",\"target\":[\"https:\\\/\\\/patagoniambiental.com.ar\\\/info\\\/en-conesa-vialidad-rionegrina-y-defensa-civil-acordaron-lineas-de-trabajo-para-prevenir-incendios-forestales\\\/\"]}]},{\"@type\":\"ImageObject\",\"inLanguage\":\"es\",\"@id\":\"https:\\\/\\\/patagoniambiental.com.ar\\\/info\\\/en-conesa-vialidad-rionegrina-y-defensa-civil-acordaron-lineas-de-trabajo-para-prevenir-incendios-forestales\\\/#primaryimage\",\"url\":\"https:\\\/\\\/patagoniambiental.com.ar\\\/info\\\/wp-content\\\/uploads\\\/2017\\\/11\\\/00032014.jpg\",\"contentUrl\":\"https:\\\/\\\/patagoniambiental.com.ar\\\/info\\\/wp-content\\\/uploads\\\/2017\\\/11\\\/00032014.jpg\",\"width\":900,\"height\":600},{\"@type\":\"BreadcrumbList\",\"@id\":\"https:\\\/\\\/patagoniambiental.com.ar\\\/info\\\/en-conesa-vialidad-rionegrina-y-defensa-civil-acordaron-lineas-de-trabajo-para-prevenir-incendios-forestales\\\/#breadcrumb\",\"itemListElement\":[{\"@type\":\"ListItem\",\"position\":1,\"name\":\"Inicio\",\"item\":\"https:\\\/\\\/patagoniambiental.com.ar\\\/info\\\/\"},{\"@type\":\"ListItem\",\"position\":2,\"name\":\"En Conesa Vialidad Rionegrina y Defensa Civil acordaron l\u00edneas de trabajo para prevenir incendios forestales\"}]},{\"@type\":\"WebSite\",\"@id\":\"https:\\\/\\\/patagoniambiental.com.ar\\\/info\\\/#website\",\"url\":\"https:\\\/\\\/patagoniambiental.com.ar\\\/info\\\/\",\"name\":\"Patagonia Ambiental\",\"description\":\"Monitoreo y an\u00e1lisis de la situaci\u00f3n geopol\u00edtica en el mundo y su implicancia en la Patagonia\",\"publisher\":{\"@id\":\"https:\\\/\\\/patagoniambiental.com.ar\\\/info\\\/#organization\"},\"potentialAction\":[{\"@type\":\"SearchAction\",\"target\":{\"@type\":\"EntryPoint\",\"urlTemplate\":\"https:\\\/\\\/patagoniambiental.com.ar\\\/info\\\/?s={search_term_string}\"},\"query-input\":{\"@type\":\"PropertyValueSpecification\",\"valueRequired\":true,\"valueName\":\"search_term_string\"}}],\"inLanguage\":\"es\"},{\"@type\":\"Organization\",\"@id\":\"https:\\\/\\\/patagoniambiental.com.ar\\\/info\\\/#organization\",\"name\":\"Patagonia Ambiental\",\"url\":\"https:\\\/\\\/patagoniambiental.com.ar\\\/info\\\/\",\"logo\":{\"@type\":\"ImageObject\",\"inLanguage\":\"es\",\"@id\":\"https:\\\/\\\/patagoniambiental.com.ar\\\/info\\\/#\\\/schema\\\/logo\\\/image\\\/\",\"url\":\"https:\\\/\\\/patagoniambiental.com.ar\\\/info\\\/wp-content\\\/uploads\\\/2025\\\/05\\\/LOGO-PATAGONIA-AMBIENTAL.png\",\"contentUrl\":\"https:\\\/\\\/patagoniambiental.com.ar\\\/info\\\/wp-content\\\/uploads\\\/2025\\\/05\\\/LOGO-PATAGONIA-AMBIENTAL.png\",\"width\":433,\"height\":250,\"caption\":\"Patagonia Ambiental\"},\"image\":{\"@id\":\"https:\\\/\\\/patagoniambiental.com.ar\\\/info\\\/#\\\/schema\\\/logo\\\/image\\\/\"},\"sameAs\":[\"https:\\\/\\\/www.facebook.com\\\/patagonia.ambiental\",\"https:\\\/\\\/x.com\\\/PatAmb\"]},{\"@type\":\"Person\",\"@id\":\"https:\\\/\\\/patagoniambiental.com.ar\\\/info\\\/#\\\/schema\\\/person\\\/db12bff64bbcbf6a253710bf0ea37b5d\",\"name\":\"Patagonia Ambiental\",\"description\":\"Andr\u00e9s Nievas T\u00e9cnico en manejo ambiental, consultor Ambiental y escritor para medios locales e internacionales sobre temas de geopolitica y medio ambiente.\",\"sameAs\":[\"http:\\\/\\\/www.patagoniambiental.com.ar\",\"https:\\\/\\\/www.facebook.com\\\/share\\\/1C1V8Gv9BX\\\/?mibextid=qi2Omg\",\"@patagoniambiental\",\"https:\\\/\\\/youtube.com\\\/@patagoniaambiental2023?si=BLt58t0wuXquxlYZ\"]}]}<\/script>\n<!-- \/ Yoast SEO Premium plugin. -->","yoast_head_json":{"title":"En Conesa Vialidad Rionegrina y Defensa Civil acordaron l\u00edneas de trabajo para prevenir incendios forestales","robots":{"index":"index","follow":"follow","max-snippet":"max-snippet:-1","max-image-preview":"max-image-preview:large","max-video-preview":"max-video-preview:-1"},"canonical":"https:\/\/patagoniambiental.com.ar\/info\/en-conesa-vialidad-rionegrina-y-defensa-civil-acordaron-lineas-de-trabajo-para-prevenir-incendios-forestales\/","og_locale":"es_ES","og_type":"article","og_title":"En Conesa Vialidad Rionegrina y Defensa Civil acordaron l\u00edneas de trabajo para prevenir incendios forestales","og_description":"General Conesa.-Con el objetivo de trabajar conjuntamente en la prevenci\u00f3n de incendios forestales de cara a una nueva temporada estival, [&hellip;]","og_url":"https:\/\/patagoniambiental.com.ar\/info\/en-conesa-vialidad-rionegrina-y-defensa-civil-acordaron-lineas-de-trabajo-para-prevenir-incendios-forestales\/","og_site_name":"Patagonia Ambiental","article_publisher":"https:\/\/www.facebook.com\/patagonia.ambiental","article_author":"https:\/\/www.facebook.com\/share\/1C1V8Gv9BX\/?mibextid=qi2Omg","article_published_time":"2017-11-21T22:00:42+00:00","og_image":[{"width":924,"height":616,"url":"https:\/\/patagoniambiental.com.ar\/info\/wp-content\/uploads\/2017\/11\/00032014.jpg","type":"image\/jpeg"}],"author":"Patagonia Ambiental","twitter_card":"summary_large_image","twitter_creator":"@PatAmb","twitter_site":"@PatAmb","schema":{"@context":"https:\/\/schema.org","@graph":[{"@type":"Article","@id":"https:\/\/patagoniambiental.com.ar\/info\/en-conesa-vialidad-rionegrina-y-defensa-civil-acordaron-lineas-de-trabajo-para-prevenir-incendios-forestales\/#article","isPartOf":{"@id":"https:\/\/patagoniambiental.com.ar\/info\/en-conesa-vialidad-rionegrina-y-defensa-civil-acordaron-lineas-de-trabajo-para-prevenir-incendios-forestales\/"},"author":{"name":"Patagonia Ambiental","@id":"https:\/\/patagoniambiental.com.ar\/info\/#\/schema\/person\/db12bff64bbcbf6a253710bf0ea37b5d"},"headline":"En Conesa Vialidad Rionegrina y Defensa Civil acordaron l\u00edneas de trabajo para prevenir incendios forestales","datePublished":"2017-11-21T22:00:42+00:00","mainEntityOfPage":{"@id":"https:\/\/patagoniambiental.com.ar\/info\/en-conesa-vialidad-rionegrina-y-defensa-civil-acordaron-lineas-de-trabajo-para-prevenir-incendios-forestales\/"},"wordCount":470,"commentCount":0,"publisher":{"@id":"https:\/\/patagoniambiental.com.ar\/info\/#organization"},"image":{"@id":"https:\/\/patagoniambiental.com.ar\/info\/en-conesa-vialidad-rionegrina-y-defensa-civil-acordaron-lineas-de-trabajo-para-prevenir-incendios-forestales\/#primaryimage"},"thumbnailUrl":"https:\/\/patagoniambiental.com.ar\/info\/wp-content\/uploads\/2017\/11\/00032014.jpg","articleSection":["Noticias","Provinciales","R\u00edo Negro"],"inLanguage":"es","potentialAction":[{"@type":"CommentAction","name":"Comment","target":["https:\/\/patagoniambiental.com.ar\/info\/en-conesa-vialidad-rionegrina-y-defensa-civil-acordaron-lineas-de-trabajo-para-prevenir-incendios-forestales\/#respond"]}]},{"@type":"WebPage","@id":"https:\/\/patagoniambiental.com.ar\/info\/en-conesa-vialidad-rionegrina-y-defensa-civil-acordaron-lineas-de-trabajo-para-prevenir-incendios-forestales\/","url":"https:\/\/patagoniambiental.com.ar\/info\/en-conesa-vialidad-rionegrina-y-defensa-civil-acordaron-lineas-de-trabajo-para-prevenir-incendios-forestales\/","name":"En Conesa Vialidad Rionegrina y Defensa Civil acordaron l\u00edneas de trabajo para prevenir incendios forestales","isPartOf":{"@id":"https:\/\/patagoniambiental.com.ar\/info\/#website"},"primaryImageOfPage":{"@id":"https:\/\/patagoniambiental.com.ar\/info\/en-conesa-vialidad-rionegrina-y-defensa-civil-acordaron-lineas-de-trabajo-para-prevenir-incendios-forestales\/#primaryimage"},"image":{"@id":"https:\/\/patagoniambiental.com.ar\/info\/en-conesa-vialidad-rionegrina-y-defensa-civil-acordaron-lineas-de-trabajo-para-prevenir-incendios-forestales\/#primaryimage"},"thumbnailUrl":"https:\/\/patagoniambiental.com.ar\/info\/wp-content\/uploads\/2017\/11\/00032014.jpg","datePublished":"2017-11-21T22:00:42+00:00","breadcrumb":{"@id":"https:\/\/patagoniambiental.com.ar\/info\/en-conesa-vialidad-rionegrina-y-defensa-civil-acordaron-lineas-de-trabajo-para-prevenir-incendios-forestales\/#breadcrumb"},"inLanguage":"es","potentialAction":[{"@type":"ReadAction","target":["https:\/\/patagoniambiental.com.ar\/info\/en-conesa-vialidad-rionegrina-y-defensa-civil-acordaron-lineas-de-trabajo-para-prevenir-incendios-forestales\/"]}]},{"@type":"ImageObject","inLanguage":"es","@id":"https:\/\/patagoniambiental.com.ar\/info\/en-conesa-vialidad-rionegrina-y-defensa-civil-acordaron-lineas-de-trabajo-para-prevenir-incendios-forestales\/#primaryimage","url":"https:\/\/patagoniambiental.com.ar\/info\/wp-content\/uploads\/2017\/11\/00032014.jpg","contentUrl":"https:\/\/patagoniambiental.com.ar\/info\/wp-content\/uploads\/2017\/11\/00032014.jpg","width":900,"height":600},{"@type":"BreadcrumbList","@id":"https:\/\/patagoniambiental.com.ar\/info\/en-conesa-vialidad-rionegrina-y-defensa-civil-acordaron-lineas-de-trabajo-para-prevenir-incendios-forestales\/#breadcrumb","itemListElement":[{"@type":"ListItem","position":1,"name":"Inicio","item":"https:\/\/patagoniambiental.com.ar\/info\/"},{"@type":"ListItem","position":2,"name":"En Conesa Vialidad Rionegrina y Defensa Civil acordaron l\u00edneas de trabajo para prevenir incendios forestales"}]},{"@type":"WebSite","@id":"https:\/\/patagoniambiental.com.ar\/info\/#website","url":"https:\/\/patagoniambiental.com.ar\/info\/","name":"Patagonia Ambiental","description":"Monitoreo y an\u00e1lisis de la situaci\u00f3n geopol\u00edtica en el mundo y su implicancia en la Patagonia","publisher":{"@id":"https:\/\/patagoniambiental.com.ar\/info\/#organization"},"potentialAction":[{"@type":"SearchAction","target":{"@type":"EntryPoint","urlTemplate":"https:\/\/patagoniambiental.com.ar\/info\/?s={search_term_string}"},"query-input":{"@type":"PropertyValueSpecification","valueRequired":true,"valueName":"search_term_string"}}],"inLanguage":"es"},{"@type":"Organization","@id":"https:\/\/patagoniambiental.com.ar\/info\/#organization","name":"Patagonia Ambiental","url":"https:\/\/patagoniambiental.com.ar\/info\/","logo":{"@type":"ImageObject","inLanguage":"es","@id":"https:\/\/patagoniambiental.com.ar\/info\/#\/schema\/logo\/image\/","url":"https:\/\/patagoniambiental.com.ar\/info\/wp-content\/uploads\/2025\/05\/LOGO-PATAGONIA-AMBIENTAL.png","contentUrl":"https:\/\/patagoniambiental.com.ar\/info\/wp-content\/uploads\/2025\/05\/LOGO-PATAGONIA-AMBIENTAL.png","width":433,"height":250,"caption":"Patagonia Ambiental"},"image":{"@id":"https:\/\/patagoniambiental.com.ar\/info\/#\/schema\/logo\/image\/"},"sameAs":["https:\/\/www.facebook.com\/patagonia.ambiental","https:\/\/x.com\/PatAmb"]},{"@type":"Person","@id":"https:\/\/patagoniambiental.com.ar\/info\/#\/schema\/person\/db12bff64bbcbf6a253710bf0ea37b5d","name":"Patagonia Ambiental","description":"Andr\u00e9s Nievas T\u00e9cnico en manejo ambiental, consultor Ambiental y escritor para medios locales e internacionales sobre temas de geopolitica y medio ambiente.","sameAs":["http:\/\/www.patagoniambiental.com.ar","https:\/\/www.facebook.com\/share\/1C1V8Gv9BX\/?mibextid=qi2Omg","@patagoniambiental","https:\/\/youtube.com\/@patagoniaambiental2023?si=BLt58t0wuXquxlYZ"]}]}},"_links":{"self":[{"href":"https:\/\/patagoniambiental.com.ar\/info\/wp-json\/wp\/v2\/posts\/38553","targetHints":{"allow":["GET"]}}],"collection":[{"href":"https:\/\/patagoniambiental.com.ar\/info\/wp-json\/wp\/v2\/posts"}],"about":[{"href":"https:\/\/patagoniambiental.com.ar\/info\/wp-json\/wp\/v2\/types\/post"}],"author":[{"embeddable":true,"href":"https:\/\/patagoniambiental.com.ar\/info\/wp-json\/wp\/v2\/users\/2"}],"replies":[{"embeddable":true,"href":"https:\/\/patagoniambiental.com.ar\/info\/wp-json\/wp\/v2\/comments?post=38553"}],"version-history":[{"count":0,"href":"https:\/\/patagoniambiental.com.ar\/info\/wp-json\/wp\/v2\/posts\/38553\/revisions"}],"wp:featuredmedia":[{"embeddable":true,"href":"https:\/\/patagoniambiental.com.ar\/info\/wp-json\/wp\/v2\/media\/38554"}],"wp:attachment":[{"href":"https:\/\/patagoniambiental.com.ar\/info\/wp-json\/wp\/v2\/media?parent=38553"}],"wp:term":[{"taxonomy":"category","embeddable":true,"href":"https:\/\/patagoniambiental.com.ar\/info\/wp-json\/wp\/v2\/categories?post=38553"},{"taxonomy":"post_tag","embeddable":true,"href":"https:\/\/patagoniambiental.com.ar\/info\/wp-json\/wp\/v2\/tags?post=38553"}],"curies":[{"name":"wp","href":"https:\/\/api.w.org\/{rel}","templated":true}]}}