{"id":38582,"date":"2017-11-22T09:00:26","date_gmt":"2017-11-22T12:00:26","guid":{"rendered":"http:\/\/patagoniambiental.com.ar\/info\/?p=38582"},"modified":"2017-11-21T22:10:24","modified_gmt":"2017-11-22T01:10:24","slug":"los-sintomas-cada-vez-mas-alarmantes-del-cambio-climatico","status":"publish","type":"post","link":"https:\/\/patagoniambiental.com.ar\/info\/los-sintomas-cada-vez-mas-alarmantes-del-cambio-climatico\/","title":{"rendered":"Los s\u00edntomas cada vez m\u00e1s alarmantes del cambio clim\u00e1tico"},"content":{"rendered":"<p>Concentraciones\u00a0<strong>r\u00e9cord de CO2<\/strong>, elevaci\u00f3n del nivel de las aguas, retroceso de los hielos: cada vez m\u00e1s alarmantes, los principales indicadores del cambio clim\u00e1tico ponen en evidencia la urgencia de actuar, constat\u00f3 este viernes la\u00a0<strong>23\u00aa conferencia de la ONU sobre cambio clim\u00e1tico<\/strong>.<\/p>\n<h2>R\u00e9cords de calor<\/h2>\n<p>El planeta volver\u00e1 con toda probabilidad a registrar un a\u00f1o caluroso en 2017, despu\u00e9s de 2016, en que sufri\u00f3 el fen\u00f3meno de El Ni\u00f1o y bati\u00f3 todos los r\u00e9cords registrados hasta la fecha, desde que empezaron a registrarse temperaturas.<\/p>\n<p>El a\u00f1o pasado registr\u00f3 una temperatura superior en cerca de 1,1\u00baC respecto a la media de la era preindustrial, seg\u00fan la Organizaci\u00f3n Meteorol\u00f3gica Mundial (OMM).<\/p>\n<p>El siglo XXI cuenta ya con 16 de los 17 a\u00f1os m\u00e1s calurosos desde que empezara el registro de temperaturas, en 1880.<\/p>\n<p>En el \u00c1rtico, la extensi\u00f3n del hielo estival de 2016 fue la segunda m\u00e1s reducida jam\u00e1s registrada (4,14 millones de km2, por detr\u00e1s de la de 2012). En algunas regiones de Rusia, la temperatura fue 6\u00baC o 7\u00baC superior a lo normal.<\/p>\n<figure id=\"attachment_3458181\" class=\"wp-caption alignnone\"><img fetchpriority=\"high\" decoding=\"async\" class=\"size-medium wp-image-3458181\" src=\"https:\/\/media.biobiochile.cl\/wp-content\/uploads\/2017\/11\/ola-de-calor-640x307.jpg\" alt=\"ARCHIVO \" width=\"640\" height=\"307\" \/><figcaption class=\"wp-caption-text\"><\/figcaption><\/figure>\n<p>En el otro extremo de la Tierra, en la Ant\u00e1rtida, la banquisa perdi\u00f3 en la primavera austral (noviembre) casi 2 millones de km2 respecto a la media de los 30 \u00faltimos a\u00f1os: era de 14,5 millones de km2 en 2016, y de 16,35 millones entre 1981 y 2010.<\/p>\n<p>Las grandes ciudades, por el efecto de las \u201cislas de calor\u201d generadas por el hormig\u00f3n y el asfalto, podr\u00edan ganar hasta 8\u00b0C adicionales de aqu\u00ed a 2100.<\/p>\n<h2>400 partes por mill\u00f3n<\/h2>\n<p>Las emisiones de CO2 (gases de efecto invernadero) aumentar\u00e1n un 2% en 2017, respecto a 2016, lo que representa un dato inquietante, tras tres a\u00f1os, entre 2014 y 2016, en los que se registr\u00f3 una cierta estabilidad, seg\u00fan el estudio anual que realiza Global Carbon Project.<\/p>\n<p>La concentraci\u00f3n de los tres principales gases de efecto invernadero -di\u00f3xido de carbono (CO2), metano y oxido nitroso- alcanz\u00f3 nuevos m\u00e1ximos en 2016.<\/p>\n<p>\u201cMientras que en 2015 era de 400 partes por mill\u00f3n (ppm), la proporci\u00f3n de di\u00f3xido de carbono en la atm\u00f3sfera (\u2026) alcanz\u00f3 403,3 ppm en 2016\u201d y \u201crepresenta ahora 145% con relaci\u00f3n a la era preindustrial\u201d, seg\u00fan la OMM. Se trata del nivel m\u00e1s alto en 800.000 a\u00f1os.<\/p>\n<p>Los investigadores han alertado adem\u00e1s sobre un auge repentino e inexplicado del metano, que tiene un efecto invernadero mayor que el del CO2.<\/p>\n<h2>+3,3 mm al a\u00f1o<\/h2>\n<p>El nivel de los oc\u00e9anos sigue subiendo. Seg\u00fan un estudio reciente, el fen\u00f3meno, que se pensaba que era gradual hasta la fecha, parece acelerarse: el nivel de los mares ha crecido entre un 25 y un 30% m\u00e1s r\u00e1pido de 2004 a 2015, que durante el periodo 1993-2004.<\/p>\n<p>Este incremento podr\u00eda intensificarse a medida que los glaciares y casquetes glaciares se deshielan (Ant\u00e1rtida, Groenlandia).<\/p>\n<p>El alza es m\u00e1s r\u00e1pida en algunos puntos, como el Pac\u00edfico y el oc\u00e9ano \u00cdndico.<\/p>\n<p>&nbsp;<\/p>\n<div class=\"contenido-nota\">\n<h2>Cat\u00e1strofes naturales<\/h2>\n<p>El calentamiento favorece los episodios meteorol\u00f3gicos extremos, en particular las sequ\u00edas y las olas de calor, se\u00f1ala un estudio de la OMM.<\/p>\n<p>Seg\u00fan algunos climat\u00f3logos, el volumen de sequ\u00edas, incendios forestales, inundaciones y huracanes debidos a las alteraciones del clima se ha duplicado desde 1990.<\/p>\n<p>Al mismo tiempo, la frecuencia de las tormentas extremas se ha triplicado en el Sahel por culpa del calentamiento global, advierto otro estudio.<\/p>\n<p>Aunque el alza de temperaturas mundiales se limite a 2\u00baC, las mort\u00edferas olas de calor se volver\u00e1n m\u00e1s frecuentes, especialmente en las zonas tropicales.<\/p>\n<p>Seg\u00fan el Banco Mundial, las p\u00e9rdidas vinculadas con los desastres naturales ascender\u00e1n a 520.000 millones de d\u00f3lares al a\u00f1o y arrastrar\u00e1n a 26 millones de personas a la pobreza anualmente.<\/p>\n<figure id=\"attachment_3441149\" class=\"wp-caption alignnone\"><img decoding=\"async\" class=\"size-medium wp-image-3441149\" src=\"https:\/\/media.biobiochile.cl\/wp-content\/uploads\/2017\/10\/buscan-con-embalses-evitar-sequia-los-lagos-640x307.jpg\" alt=\"ARCHIVO | Agencia UNO\" width=\"640\" height=\"307\" \/><figcaption class=\"wp-caption-text\">ARCHIVO | Agencia UNO<\/figcaption><\/figure>\n<h2>Sitios naturales afectados<\/h2>\n<p>El cambio clim\u00e1tico ha duplicado el n\u00famero de sitios naturales patrimonio de la Humanidad que est\u00e1n amenazados de desaparici\u00f3n, seg\u00fan la Uni\u00f3n Internacional para la Conservaci\u00f3n de la Naturaleza (UICN).<\/p>\n<p>De los 241 sitios naturales clasificados en el Patrimonio Mundial de la Unesco, 62 est\u00e1n en 2017 \u201camenazados por el cambio clim\u00e1tico\u201d en comparaci\u00f3n con 35 en 2014 (de 228).<\/p>\n<h2>1.688 especies afectadas<\/h2>\n<figure id=\"attachment_3245985\" class=\"wp-caption alignnone\"><img decoding=\"async\" class=\"size-medium wp-image-3245985\" src=\"https:\/\/media.biobiochile.cl\/wp-content\/uploads\/2017\/05\/gran-barrera-de-coral-australia-1-640x426.jpg\" alt=\"Lock the Gate Alliance en Flickr (CC)\" width=\"640\" height=\"426\" \/><figcaption class=\"wp-caption-text\">Lock the Gate Alliance en Flickr (CC)<\/figcaption><\/figure>\n<p>De las 8.688 especies amenazadas o casi amenazadas, el 19% (1.688) se ven afectadas por el cambio clim\u00e1tico, tanto por las temperaturas como por los fen\u00f3menos extremos que \u00e9ste entra\u00f1a.<\/p>\n<p>La Gran Barrera de coral ha registrado su peor episodio de blanqueo por segundo a\u00f1o consecutivo. Adem\u00e1s, los corales que se hayan visto afectados dos a\u00f1os seguidos no podr\u00e1n recuperarse, seg\u00fan cient\u00edficos australianos.<\/p>\n<p>Un aumento de las temperaturas superior a 1,5\u00baC, un ambicioso l\u00edmite incluido en el acuerdo de Par\u00eds junto con el de 2\u00baC, traer\u00eda consigo adem\u00e1s una alteraci\u00f3n de los ecosistemas de la cuenca mediterr\u00e1nea in\u00e9dita en 10.000 a\u00f1os.<\/p>\n<\/div>\n<div id=\"etiquetas\" class=\"columns etiquetas\">\u00a0Fuente.\u00a0http:\/\/www.biobiochile.cl\/noticias\/ciencia-y-tecnologia\/ciencia\/2017\/11\/18\/3467653.shtml<\/div>\n","protected":false},"excerpt":{"rendered":"<p>Concentraciones\u00a0r\u00e9cord de CO2, elevaci\u00f3n del nivel de las aguas, retroceso de los hielos: cada vez m\u00e1s alarmantes, los principales indicadores [&hellip;]<\/p>\n","protected":false},"author":2,"featured_media":38583,"comment_status":"open","ping_status":"open","sticky":false,"template":"","format":"standard","meta":{"site-sidebar-layout":"default","site-content-layout":"","ast-site-content-layout":"default","site-content-style":"default","site-sidebar-style":"default","ast-global-header-display":"","ast-banner-title-visibility":"","ast-main-header-display":"","ast-hfb-above-header-display":"","ast-hfb-below-header-display":"","ast-hfb-mobile-header-display":"","site-post-title":"","ast-breadcrumbs-content":"","ast-featured-img":"","footer-sml-layout":"","ast-disable-related-posts":"","theme-transparent-header-meta":"","adv-header-id-meta":"","stick-header-meta":"","header-above-stick-meta":"","header-main-stick-meta":"","header-below-stick-meta":"","astra-migrate-meta-layouts":"default","ast-page-background-enabled":"default","ast-page-background-meta":{"desktop":{"background-color":"var(--ast-global-color-5)","background-image":"","background-repeat":"repeat","background-position":"center center","background-size":"auto","background-attachment":"scroll","background-type":"","background-media":"","overlay-type":"","overlay-color":"","overlay-opacity":"","overlay-gradient":""},"tablet":{"background-color":"","background-image":"","background-repeat":"repeat","background-position":"center center","background-size":"auto","background-attachment":"scroll","background-type":"","background-media":"","overlay-type":"","overlay-color":"","overlay-opacity":"","overlay-gradient":""},"mobile":{"background-color":"","background-image":"","background-repeat":"repeat","background-position":"center center","background-size":"auto","background-attachment":"scroll","background-type":"","background-media":"","overlay-type":"","overlay-color":"","overlay-opacity":"","overlay-gradient":""}},"ast-content-background-meta":{"desktop":{"background-color":"var(--ast-global-color-4)","background-image":"","background-repeat":"repeat","background-position":"center center","background-size":"auto","background-attachment":"scroll","background-type":"","background-media":"","overlay-type":"","overlay-color":"","overlay-opacity":"","overlay-gradient":""},"tablet":{"background-color":"var(--ast-global-color-4)","background-image":"","background-repeat":"repeat","background-position":"center center","background-size":"auto","background-attachment":"scroll","background-type":"","background-media":"","overlay-type":"","overlay-color":"","overlay-opacity":"","overlay-gradient":""},"mobile":{"background-color":"var(--ast-global-color-4)","background-image":"","background-repeat":"repeat","background-position":"center center","background-size":"auto","background-attachment":"scroll","background-type":"","background-media":"","overlay-type":"","overlay-color":"","overlay-opacity":"","overlay-gradient":""}},"footnotes":""},"categories":[23,1],"tags":[],"class_list":["post-38582","post","type-post","status-publish","format-standard","has-post-thumbnail","hentry","category-internacionales","category-noticias"],"yoast_head":"<!-- This site is optimized with the Yoast SEO Premium plugin v23.0 (Yoast SEO v27.4) - https:\/\/yoast.com\/product\/yoast-seo-premium-wordpress\/ -->\n<title>Los s\u00edntomas cada vez m\u00e1s alarmantes del cambio clim\u00e1tico<\/title>\n<meta name=\"robots\" content=\"index, follow, max-snippet:-1, max-image-preview:large, max-video-preview:-1\" \/>\n<link rel=\"canonical\" href=\"https:\/\/patagoniambiental.com.ar\/info\/los-sintomas-cada-vez-mas-alarmantes-del-cambio-climatico\/\" \/>\n<meta property=\"og:locale\" content=\"es_ES\" \/>\n<meta property=\"og:type\" content=\"article\" \/>\n<meta property=\"og:title\" content=\"Los s\u00edntomas cada vez m\u00e1s alarmantes del cambio clim\u00e1tico\" \/>\n<meta property=\"og:description\" content=\"Concentraciones\u00a0r\u00e9cord de CO2, elevaci\u00f3n del nivel de las aguas, retroceso de los hielos: cada vez m\u00e1s alarmantes, los principales indicadores [&hellip;]\" \/>\n<meta property=\"og:url\" content=\"https:\/\/patagoniambiental.com.ar\/info\/los-sintomas-cada-vez-mas-alarmantes-del-cambio-climatico\/\" \/>\n<meta property=\"og:site_name\" content=\"Patagonia Ambiental\" \/>\n<meta property=\"article:publisher\" content=\"https:\/\/www.facebook.com\/patagonia.ambiental\" \/>\n<meta property=\"article:author\" content=\"https:\/\/www.facebook.com\/share\/1C1V8Gv9BX\/?mibextid=qi2Omg\" \/>\n<meta property=\"article:published_time\" content=\"2017-11-22T12:00:26+00:00\" \/>\n<meta property=\"og:image\" content=\"https:\/\/patagoniambiental.com.ar\/info\/wp-content\/uploads\/2017\/11\/ola-de-calor-640x307.jpg\" \/>\n\t<meta property=\"og:image:width\" content=\"640\" \/>\n\t<meta property=\"og:image:height\" content=\"307\" \/>\n\t<meta property=\"og:image:type\" content=\"image\/jpeg\" \/>\n<meta name=\"author\" content=\"Patagonia Ambiental\" \/>\n<meta name=\"twitter:card\" content=\"summary_large_image\" \/>\n<meta name=\"twitter:creator\" content=\"@PatAmb\" \/>\n<meta name=\"twitter:site\" content=\"@PatAmb\" \/>\n<script type=\"application\/ld+json\" class=\"yoast-schema-graph\">{\"@context\":\"https:\\\/\\\/schema.org\",\"@graph\":[{\"@type\":\"Article\",\"@id\":\"https:\\\/\\\/patagoniambiental.com.ar\\\/info\\\/los-sintomas-cada-vez-mas-alarmantes-del-cambio-climatico\\\/#article\",\"isPartOf\":{\"@id\":\"https:\\\/\\\/patagoniambiental.com.ar\\\/info\\\/los-sintomas-cada-vez-mas-alarmantes-del-cambio-climatico\\\/\"},\"author\":{\"name\":\"Patagonia Ambiental\",\"@id\":\"https:\\\/\\\/patagoniambiental.com.ar\\\/info\\\/#\\\/schema\\\/person\\\/db12bff64bbcbf6a253710bf0ea37b5d\"},\"headline\":\"Los s\u00edntomas cada vez m\u00e1s alarmantes del cambio clim\u00e1tico\",\"datePublished\":\"2017-11-22T12:00:26+00:00\",\"mainEntityOfPage\":{\"@id\":\"https:\\\/\\\/patagoniambiental.com.ar\\\/info\\\/los-sintomas-cada-vez-mas-alarmantes-del-cambio-climatico\\\/\"},\"wordCount\":845,\"commentCount\":0,\"publisher\":{\"@id\":\"https:\\\/\\\/patagoniambiental.com.ar\\\/info\\\/#organization\"},\"image\":{\"@id\":\"https:\\\/\\\/patagoniambiental.com.ar\\\/info\\\/los-sintomas-cada-vez-mas-alarmantes-del-cambio-climatico\\\/#primaryimage\"},\"thumbnailUrl\":\"https:\\\/\\\/patagoniambiental.com.ar\\\/info\\\/wp-content\\\/uploads\\\/2017\\\/11\\\/ola-de-calor-640x307.jpg\",\"articleSection\":[\"Internacionales\",\"Noticias\"],\"inLanguage\":\"es\",\"potentialAction\":[{\"@type\":\"CommentAction\",\"name\":\"Comment\",\"target\":[\"https:\\\/\\\/patagoniambiental.com.ar\\\/info\\\/los-sintomas-cada-vez-mas-alarmantes-del-cambio-climatico\\\/#respond\"]}]},{\"@type\":\"WebPage\",\"@id\":\"https:\\\/\\\/patagoniambiental.com.ar\\\/info\\\/los-sintomas-cada-vez-mas-alarmantes-del-cambio-climatico\\\/\",\"url\":\"https:\\\/\\\/patagoniambiental.com.ar\\\/info\\\/los-sintomas-cada-vez-mas-alarmantes-del-cambio-climatico\\\/\",\"name\":\"Los s\u00edntomas cada vez m\u00e1s alarmantes del cambio clim\u00e1tico\",\"isPartOf\":{\"@id\":\"https:\\\/\\\/patagoniambiental.com.ar\\\/info\\\/#website\"},\"primaryImageOfPage\":{\"@id\":\"https:\\\/\\\/patagoniambiental.com.ar\\\/info\\\/los-sintomas-cada-vez-mas-alarmantes-del-cambio-climatico\\\/#primaryimage\"},\"image\":{\"@id\":\"https:\\\/\\\/patagoniambiental.com.ar\\\/info\\\/los-sintomas-cada-vez-mas-alarmantes-del-cambio-climatico\\\/#primaryimage\"},\"thumbnailUrl\":\"https:\\\/\\\/patagoniambiental.com.ar\\\/info\\\/wp-content\\\/uploads\\\/2017\\\/11\\\/ola-de-calor-640x307.jpg\",\"datePublished\":\"2017-11-22T12:00:26+00:00\",\"breadcrumb\":{\"@id\":\"https:\\\/\\\/patagoniambiental.com.ar\\\/info\\\/los-sintomas-cada-vez-mas-alarmantes-del-cambio-climatico\\\/#breadcrumb\"},\"inLanguage\":\"es\",\"potentialAction\":[{\"@type\":\"ReadAction\",\"target\":[\"https:\\\/\\\/patagoniambiental.com.ar\\\/info\\\/los-sintomas-cada-vez-mas-alarmantes-del-cambio-climatico\\\/\"]}]},{\"@type\":\"ImageObject\",\"inLanguage\":\"es\",\"@id\":\"https:\\\/\\\/patagoniambiental.com.ar\\\/info\\\/los-sintomas-cada-vez-mas-alarmantes-del-cambio-climatico\\\/#primaryimage\",\"url\":\"https:\\\/\\\/patagoniambiental.com.ar\\\/info\\\/wp-content\\\/uploads\\\/2017\\\/11\\\/ola-de-calor-640x307.jpg\",\"contentUrl\":\"https:\\\/\\\/patagoniambiental.com.ar\\\/info\\\/wp-content\\\/uploads\\\/2017\\\/11\\\/ola-de-calor-640x307.jpg\",\"width\":640,\"height\":307},{\"@type\":\"BreadcrumbList\",\"@id\":\"https:\\\/\\\/patagoniambiental.com.ar\\\/info\\\/los-sintomas-cada-vez-mas-alarmantes-del-cambio-climatico\\\/#breadcrumb\",\"itemListElement\":[{\"@type\":\"ListItem\",\"position\":1,\"name\":\"Inicio\",\"item\":\"https:\\\/\\\/patagoniambiental.com.ar\\\/info\\\/\"},{\"@type\":\"ListItem\",\"position\":2,\"name\":\"Los s\u00edntomas cada vez m\u00e1s alarmantes del cambio clim\u00e1tico\"}]},{\"@type\":\"WebSite\",\"@id\":\"https:\\\/\\\/patagoniambiental.com.ar\\\/info\\\/#website\",\"url\":\"https:\\\/\\\/patagoniambiental.com.ar\\\/info\\\/\",\"name\":\"Patagonia Ambiental\",\"description\":\"Monitoreo y an\u00e1lisis de la situaci\u00f3n geopol\u00edtica en el mundo y su implicancia en la Patagonia\",\"publisher\":{\"@id\":\"https:\\\/\\\/patagoniambiental.com.ar\\\/info\\\/#organization\"},\"potentialAction\":[{\"@type\":\"SearchAction\",\"target\":{\"@type\":\"EntryPoint\",\"urlTemplate\":\"https:\\\/\\\/patagoniambiental.com.ar\\\/info\\\/?s={search_term_string}\"},\"query-input\":{\"@type\":\"PropertyValueSpecification\",\"valueRequired\":true,\"valueName\":\"search_term_string\"}}],\"inLanguage\":\"es\"},{\"@type\":\"Organization\",\"@id\":\"https:\\\/\\\/patagoniambiental.com.ar\\\/info\\\/#organization\",\"name\":\"Patagonia Ambiental\",\"url\":\"https:\\\/\\\/patagoniambiental.com.ar\\\/info\\\/\",\"logo\":{\"@type\":\"ImageObject\",\"inLanguage\":\"es\",\"@id\":\"https:\\\/\\\/patagoniambiental.com.ar\\\/info\\\/#\\\/schema\\\/logo\\\/image\\\/\",\"url\":\"https:\\\/\\\/patagoniambiental.com.ar\\\/info\\\/wp-content\\\/uploads\\\/2025\\\/05\\\/LOGO-PATAGONIA-AMBIENTAL.png\",\"contentUrl\":\"https:\\\/\\\/patagoniambiental.com.ar\\\/info\\\/wp-content\\\/uploads\\\/2025\\\/05\\\/LOGO-PATAGONIA-AMBIENTAL.png\",\"width\":433,\"height\":250,\"caption\":\"Patagonia Ambiental\"},\"image\":{\"@id\":\"https:\\\/\\\/patagoniambiental.com.ar\\\/info\\\/#\\\/schema\\\/logo\\\/image\\\/\"},\"sameAs\":[\"https:\\\/\\\/www.facebook.com\\\/patagonia.ambiental\",\"https:\\\/\\\/x.com\\\/PatAmb\"]},{\"@type\":\"Person\",\"@id\":\"https:\\\/\\\/patagoniambiental.com.ar\\\/info\\\/#\\\/schema\\\/person\\\/db12bff64bbcbf6a253710bf0ea37b5d\",\"name\":\"Patagonia Ambiental\",\"description\":\"Andr\u00e9s Nievas T\u00e9cnico en manejo ambiental, consultor Ambiental y escritor para medios locales e internacionales sobre temas de geopolitica y medio ambiente.\",\"sameAs\":[\"http:\\\/\\\/www.patagoniambiental.com.ar\",\"https:\\\/\\\/www.facebook.com\\\/share\\\/1C1V8Gv9BX\\\/?mibextid=qi2Omg\",\"@patagoniambiental\",\"https:\\\/\\\/youtube.com\\\/@patagoniaambiental2023?si=BLt58t0wuXquxlYZ\"]}]}<\/script>\n<!-- \/ Yoast SEO Premium plugin. -->","yoast_head_json":{"title":"Los s\u00edntomas cada vez m\u00e1s alarmantes del cambio clim\u00e1tico","robots":{"index":"index","follow":"follow","max-snippet":"max-snippet:-1","max-image-preview":"max-image-preview:large","max-video-preview":"max-video-preview:-1"},"canonical":"https:\/\/patagoniambiental.com.ar\/info\/los-sintomas-cada-vez-mas-alarmantes-del-cambio-climatico\/","og_locale":"es_ES","og_type":"article","og_title":"Los s\u00edntomas cada vez m\u00e1s alarmantes del cambio clim\u00e1tico","og_description":"Concentraciones\u00a0r\u00e9cord de CO2, elevaci\u00f3n del nivel de las aguas, retroceso de los hielos: cada vez m\u00e1s alarmantes, los principales indicadores [&hellip;]","og_url":"https:\/\/patagoniambiental.com.ar\/info\/los-sintomas-cada-vez-mas-alarmantes-del-cambio-climatico\/","og_site_name":"Patagonia Ambiental","article_publisher":"https:\/\/www.facebook.com\/patagonia.ambiental","article_author":"https:\/\/www.facebook.com\/share\/1C1V8Gv9BX\/?mibextid=qi2Omg","article_published_time":"2017-11-22T12:00:26+00:00","og_image":[{"width":640,"height":307,"url":"https:\/\/patagoniambiental.com.ar\/info\/wp-content\/uploads\/2017\/11\/ola-de-calor-640x307.jpg","type":"image\/jpeg"}],"author":"Patagonia Ambiental","twitter_card":"summary_large_image","twitter_creator":"@PatAmb","twitter_site":"@PatAmb","schema":{"@context":"https:\/\/schema.org","@graph":[{"@type":"Article","@id":"https:\/\/patagoniambiental.com.ar\/info\/los-sintomas-cada-vez-mas-alarmantes-del-cambio-climatico\/#article","isPartOf":{"@id":"https:\/\/patagoniambiental.com.ar\/info\/los-sintomas-cada-vez-mas-alarmantes-del-cambio-climatico\/"},"author":{"name":"Patagonia Ambiental","@id":"https:\/\/patagoniambiental.com.ar\/info\/#\/schema\/person\/db12bff64bbcbf6a253710bf0ea37b5d"},"headline":"Los s\u00edntomas cada vez m\u00e1s alarmantes del cambio clim\u00e1tico","datePublished":"2017-11-22T12:00:26+00:00","mainEntityOfPage":{"@id":"https:\/\/patagoniambiental.com.ar\/info\/los-sintomas-cada-vez-mas-alarmantes-del-cambio-climatico\/"},"wordCount":845,"commentCount":0,"publisher":{"@id":"https:\/\/patagoniambiental.com.ar\/info\/#organization"},"image":{"@id":"https:\/\/patagoniambiental.com.ar\/info\/los-sintomas-cada-vez-mas-alarmantes-del-cambio-climatico\/#primaryimage"},"thumbnailUrl":"https:\/\/patagoniambiental.com.ar\/info\/wp-content\/uploads\/2017\/11\/ola-de-calor-640x307.jpg","articleSection":["Internacionales","Noticias"],"inLanguage":"es","potentialAction":[{"@type":"CommentAction","name":"Comment","target":["https:\/\/patagoniambiental.com.ar\/info\/los-sintomas-cada-vez-mas-alarmantes-del-cambio-climatico\/#respond"]}]},{"@type":"WebPage","@id":"https:\/\/patagoniambiental.com.ar\/info\/los-sintomas-cada-vez-mas-alarmantes-del-cambio-climatico\/","url":"https:\/\/patagoniambiental.com.ar\/info\/los-sintomas-cada-vez-mas-alarmantes-del-cambio-climatico\/","name":"Los s\u00edntomas cada vez m\u00e1s alarmantes del cambio clim\u00e1tico","isPartOf":{"@id":"https:\/\/patagoniambiental.com.ar\/info\/#website"},"primaryImageOfPage":{"@id":"https:\/\/patagoniambiental.com.ar\/info\/los-sintomas-cada-vez-mas-alarmantes-del-cambio-climatico\/#primaryimage"},"image":{"@id":"https:\/\/patagoniambiental.com.ar\/info\/los-sintomas-cada-vez-mas-alarmantes-del-cambio-climatico\/#primaryimage"},"thumbnailUrl":"https:\/\/patagoniambiental.com.ar\/info\/wp-content\/uploads\/2017\/11\/ola-de-calor-640x307.jpg","datePublished":"2017-11-22T12:00:26+00:00","breadcrumb":{"@id":"https:\/\/patagoniambiental.com.ar\/info\/los-sintomas-cada-vez-mas-alarmantes-del-cambio-climatico\/#breadcrumb"},"inLanguage":"es","potentialAction":[{"@type":"ReadAction","target":["https:\/\/patagoniambiental.com.ar\/info\/los-sintomas-cada-vez-mas-alarmantes-del-cambio-climatico\/"]}]},{"@type":"ImageObject","inLanguage":"es","@id":"https:\/\/patagoniambiental.com.ar\/info\/los-sintomas-cada-vez-mas-alarmantes-del-cambio-climatico\/#primaryimage","url":"https:\/\/patagoniambiental.com.ar\/info\/wp-content\/uploads\/2017\/11\/ola-de-calor-640x307.jpg","contentUrl":"https:\/\/patagoniambiental.com.ar\/info\/wp-content\/uploads\/2017\/11\/ola-de-calor-640x307.jpg","width":640,"height":307},{"@type":"BreadcrumbList","@id":"https:\/\/patagoniambiental.com.ar\/info\/los-sintomas-cada-vez-mas-alarmantes-del-cambio-climatico\/#breadcrumb","itemListElement":[{"@type":"ListItem","position":1,"name":"Inicio","item":"https:\/\/patagoniambiental.com.ar\/info\/"},{"@type":"ListItem","position":2,"name":"Los s\u00edntomas cada vez m\u00e1s alarmantes del cambio clim\u00e1tico"}]},{"@type":"WebSite","@id":"https:\/\/patagoniambiental.com.ar\/info\/#website","url":"https:\/\/patagoniambiental.com.ar\/info\/","name":"Patagonia Ambiental","description":"Monitoreo y an\u00e1lisis de la situaci\u00f3n geopol\u00edtica en el mundo y su implicancia en la Patagonia","publisher":{"@id":"https:\/\/patagoniambiental.com.ar\/info\/#organization"},"potentialAction":[{"@type":"SearchAction","target":{"@type":"EntryPoint","urlTemplate":"https:\/\/patagoniambiental.com.ar\/info\/?s={search_term_string}"},"query-input":{"@type":"PropertyValueSpecification","valueRequired":true,"valueName":"search_term_string"}}],"inLanguage":"es"},{"@type":"Organization","@id":"https:\/\/patagoniambiental.com.ar\/info\/#organization","name":"Patagonia Ambiental","url":"https:\/\/patagoniambiental.com.ar\/info\/","logo":{"@type":"ImageObject","inLanguage":"es","@id":"https:\/\/patagoniambiental.com.ar\/info\/#\/schema\/logo\/image\/","url":"https:\/\/patagoniambiental.com.ar\/info\/wp-content\/uploads\/2025\/05\/LOGO-PATAGONIA-AMBIENTAL.png","contentUrl":"https:\/\/patagoniambiental.com.ar\/info\/wp-content\/uploads\/2025\/05\/LOGO-PATAGONIA-AMBIENTAL.png","width":433,"height":250,"caption":"Patagonia Ambiental"},"image":{"@id":"https:\/\/patagoniambiental.com.ar\/info\/#\/schema\/logo\/image\/"},"sameAs":["https:\/\/www.facebook.com\/patagonia.ambiental","https:\/\/x.com\/PatAmb"]},{"@type":"Person","@id":"https:\/\/patagoniambiental.com.ar\/info\/#\/schema\/person\/db12bff64bbcbf6a253710bf0ea37b5d","name":"Patagonia Ambiental","description":"Andr\u00e9s Nievas T\u00e9cnico en manejo ambiental, consultor Ambiental y escritor para medios locales e internacionales sobre temas de geopolitica y medio ambiente.","sameAs":["http:\/\/www.patagoniambiental.com.ar","https:\/\/www.facebook.com\/share\/1C1V8Gv9BX\/?mibextid=qi2Omg","@patagoniambiental","https:\/\/youtube.com\/@patagoniaambiental2023?si=BLt58t0wuXquxlYZ"]}]}},"_links":{"self":[{"href":"https:\/\/patagoniambiental.com.ar\/info\/wp-json\/wp\/v2\/posts\/38582","targetHints":{"allow":["GET"]}}],"collection":[{"href":"https:\/\/patagoniambiental.com.ar\/info\/wp-json\/wp\/v2\/posts"}],"about":[{"href":"https:\/\/patagoniambiental.com.ar\/info\/wp-json\/wp\/v2\/types\/post"}],"author":[{"embeddable":true,"href":"https:\/\/patagoniambiental.com.ar\/info\/wp-json\/wp\/v2\/users\/2"}],"replies":[{"embeddable":true,"href":"https:\/\/patagoniambiental.com.ar\/info\/wp-json\/wp\/v2\/comments?post=38582"}],"version-history":[{"count":0,"href":"https:\/\/patagoniambiental.com.ar\/info\/wp-json\/wp\/v2\/posts\/38582\/revisions"}],"wp:featuredmedia":[{"embeddable":true,"href":"https:\/\/patagoniambiental.com.ar\/info\/wp-json\/wp\/v2\/media\/38583"}],"wp:attachment":[{"href":"https:\/\/patagoniambiental.com.ar\/info\/wp-json\/wp\/v2\/media?parent=38582"}],"wp:term":[{"taxonomy":"category","embeddable":true,"href":"https:\/\/patagoniambiental.com.ar\/info\/wp-json\/wp\/v2\/categories?post=38582"},{"taxonomy":"post_tag","embeddable":true,"href":"https:\/\/patagoniambiental.com.ar\/info\/wp-json\/wp\/v2\/tags?post=38582"}],"curies":[{"name":"wp","href":"https:\/\/api.w.org\/{rel}","templated":true}]}}