{"id":38594,"date":"2017-11-22T09:00:00","date_gmt":"2017-11-22T12:00:00","guid":{"rendered":"http:\/\/patagoniambiental.com.ar\/info\/?p=38594"},"modified":"2017-11-21T22:21:27","modified_gmt":"2017-11-22T01:21:27","slug":"veranear-en-rio-negro-es-elegir-todo","status":"publish","type":"post","link":"https:\/\/patagoniambiental.com.ar\/info\/veranear-en-rio-negro-es-elegir-todo\/","title":{"rendered":"Veranear en R\u00edo Negro es elegir todo"},"content":{"rendered":"<div>R\u00cdO NEGRO.- Desde la Costa Atl\u00e1ntica hasta las monta\u00f1as de la Cordillera de Los Andes, R\u00edo Negro ofrece una diversidad de paisajes y actividades de calidad para disfrutar en la temporada estival a puro sol y relajaci\u00f3n.<\/div>\n<div id=\"x_x_cuerpo\">\n<p>La provincia se caracteriza por poseer m\u00e1s de 200 kil\u00f3metros de arena y mar donde decenas de playas con caracter\u00edsticas \u00fanicas invitan a relajarse.\u00a0 Desde el C\u00f3ndor hasta Las Grutas el paisaje se ilustra con altos acantilados, campos de dunas y bancos de arena que acompa\u00f1an el agua azulada.<\/p>\n<p>En el Golfo San Mat\u00edas, Las Grutas recibe a\u00f1o a a\u00f1o miles de visitantes dispuestos a divertirse, relajarse y pasarla bien en las aguas m\u00e1s c\u00e1lidas de la regi\u00f3n. Las extensas playas son ideales para disfrutar jornadas de gimnasia recreativa, juegos, bailes o largas caminatas en soledad pero con el acompa\u00f1amiento del sonido de las olas. En algunos sectores, grandes y chicos pueden zambullirse en piletones excavados en el suelo rocoso. Si lo que se busca es tranquilidad, a pocos kil\u00f3metros de all\u00ed el Puerto de San Antonio Este tiene para ofrecer aguas profundas bordeadas por un manto de peque\u00f1os caracoles y conchillas.<\/p>\n<p>&nbsp;<\/p>\n<p><strong><em>Playas paradis\u00edacas<\/em><\/strong><\/p>\n<p>&nbsp;<\/p>\n<p>A 30 kil\u00f3metros de Viedma se encuentra el Balneario El C\u00f3ndor, portal de ingreso de la Patagonia Atl\u00e1ntica que cuenta con amplias playas donde la Colonia de Loros m\u00e1s grande del mundo musicaliza las ma\u00f1anas y las tardes con su cantar. Es muy tentadora la oportunidad de refrescarse en el agua y disfrutar un partido de tejo en la arena.\u00a0 La villa balnearia cobija al Faro m\u00e1s antiguo de la Patagonia, emplazado hace 130 a\u00f1os y en sus inmediaciones resiste un mirador a Ceferino Namuncur\u00e1.<\/p>\n<p>All\u00ed, entre la desembocadura del r\u00edo Negro y la Bajada El Faro, se conforma el espacio ideal para practicar una gran variedad de deportes que van desde windsurf, kitesurf, canotaje y pesca de orilla o embarcada, hasta lanzamiento en parapente desde los acantilados.<\/p>\n<p>En cercan\u00edas a Sierra Grande, Playas Doradas se presenta como un lugar m\u00e1gico y silencioso ideal para descansar y apreciar el mar en las doradas arenas que la caracterizan y acent\u00faan su color en cada amanecer y atardecer, brindando una postal irrepetible en la Patagonia.<\/p>\n<p>&nbsp;<\/p>\n<p><strong><em>Nieve en invierno, belleza en verano<\/em><\/strong><\/p>\n<p>&nbsp;<\/p>\n<p>Aunque sean las grandes estrellas del invierno, San Carlos de Bariloche y El Bols\u00f3n tienen sus encantos inigualables durante los meses veraniegos. En verano la monta\u00f1a invita a los turistas a disfrutar tardes enteras en los bosques o a orillas de los lagos, r\u00edos, cascadas y arroyos que son parte del paisaje multicolor que se alza al pie de la cordillera donde abunda el verde que se combina con los diversos colores de las flores.<\/p>\n<p>Bariloche es un destino para todo el a\u00f1o ya sea en familia o con amigos, para disfrutar la movida nocturna en la ciudad o el silencio de la naturaleza, aunque tambi\u00e9n permite decidir entre pescar o realizar actividades de aventura como kayak, cabalgatas en el bosque, caminatas o traves\u00edas. El Lago Nahuel Huapi es uno de los grandes atractivos de la localidad lacustre que promete aire puro al borde de las aguas cristalinas.<\/p>\n<p>El Bols\u00f3n se destaca por sus senderos de monta\u00f1a, ideales para lograr el equilibrio entre el bienestar del cuerpo y del esp\u00edritu. All\u00ed los sabores patag\u00f3nicos invitan a las personas a deleitarse con exclusivos platos regionales. Este pueblo de monta\u00f1a est\u00e1 preparado para recibir a todo tipo de visitantes con infinitas aventuras, mitos, cultura y tranquilidad que garantizar\u00e1n unas gratas vacaciones.<\/p>\n<p>&nbsp;<\/p>\n<p><strong><em>Gastronom\u00eda de mar en el atl\u00e1ntico sur<\/em><\/strong><\/p>\n<p>&nbsp;<\/p>\n<p>Los amantes del mar no pueden perderse de disfrutar de la cocina del Puerto de San Antonio y Las Grutas que se basa principalmente en la explotaci\u00f3n de los recursos pesqueros existentes en el golfo San Mat\u00edas, abriendo paso a los m\u00e1s exquisitos y frescos mariscos en los restaurantes que se erigen en la zona.<\/p>\n<p>Los lugare\u00f1os han ido especializ\u00e1ndose en la cocina artesanal y ofrecen platos t\u00edpicos regionales que van desde las tradicionales rabas fritas hasta: salm\u00f3n al roquefort, cucuruchos de cornalitos, milanesas de merluza, escabeche y cazuela de mariscos, almejas gratinadas y a la vinagreta, c\u00f3ctel de camarones, pulpitos preparados de diferentes formas, paellas, picadas de mariscos, mejillones a la provenzal, ostras, pejerrey frito, lenguado a la crema, calamares rellenos, sopa de cangrejos y vieiras gratinadas, siempre acompa\u00f1ados por vinos regionales.<\/p>\n<p>&nbsp;<\/p>\n<p><strong><em>M\u00faltiples sabores al pie de la cordillera<\/em><\/strong><\/p>\n<p>&nbsp;<\/p>\n<p>San Carlos de Bariloche es una de las ciudades referentes en la provincia en cuanto a la gastronom\u00eda. All\u00ed los inmigrantes que llegaron desde diferentes lugares del mundo dejaron sus huellas marcadas en platos t\u00edpicos como el goulash con spaetzle u otra guarnici\u00f3n, que luego fueron apropiados por los residentes del lugar y readaptados por talentosos y reconocidos chefs.<\/p>\n<p>Respecto a las bebidas, tanto Bariloche como El Bols\u00f3n permiten saborear una gran variedad de cervezas artesanales de diferentes sabores. Las nuevas cervecer\u00edas se sumaron a las tradicionales y conformaron la \u201cRuta Cervecera\u201d que invita a realizar tours y acompa\u00f1ar la bebida con picadas de quesos, ahumados y otras delicatesen regionales.<\/p>\n<p>Las frutas finas cosechadas en la regi\u00f3n permiten la producci\u00f3n de refrescante cocteler\u00eda, licuados, jugos y dulces. Las frambuesas y frutillas con crema y los helados artesanales de originales sabores son los postres ideales para acompa\u00f1ar las pastas rellenas de trucha o cordero, los asados de turismo rural o el curanto de Colonia Suiza.<\/p><\/div>\n<div><\/div>\n<div>Fuente: Gobierno de R\u00edo Negro<\/div>\n","protected":false},"excerpt":{"rendered":"<p>R\u00cdO NEGRO.- Desde la Costa Atl\u00e1ntica hasta las monta\u00f1as de la Cordillera de Los Andes, R\u00edo Negro ofrece una diversidad [&hellip;]<\/p>\n","protected":false},"author":2,"featured_media":0,"comment_status":"open","ping_status":"open","sticky":false,"template":"","format":"standard","meta":{"site-sidebar-layout":"default","site-content-layout":"","ast-site-content-layout":"default","site-content-style":"default","site-sidebar-style":"default","ast-global-header-display":"","ast-banner-title-visibility":"","ast-main-header-display":"","ast-hfb-above-header-display":"","ast-hfb-below-header-display":"","ast-hfb-mobile-header-display":"","site-post-title":"","ast-breadcrumbs-content":"","ast-featured-img":"","footer-sml-layout":"","ast-disable-related-posts":"","theme-transparent-header-meta":"","adv-header-id-meta":"","stick-header-meta":"","header-above-stick-meta":"","header-main-stick-meta":"","header-below-stick-meta":"","astra-migrate-meta-layouts":"default","ast-page-background-enabled":"default","ast-page-background-meta":{"desktop":{"background-color":"var(--ast-global-color-5)","background-image":"","background-repeat":"repeat","background-position":"center center","background-size":"auto","background-attachment":"scroll","background-type":"","background-media":"","overlay-type":"","overlay-color":"","overlay-opacity":"","overlay-gradient":""},"tablet":{"background-color":"","background-image":"","background-repeat":"repeat","background-position":"center center","background-size":"auto","background-attachment":"scroll","background-type":"","background-media":"","overlay-type":"","overlay-color":"","overlay-opacity":"","overlay-gradient":""},"mobile":{"background-color":"","background-image":"","background-repeat":"repeat","background-position":"center center","background-size":"auto","background-attachment":"scroll","background-type":"","background-media":"","overlay-type":"","overlay-color":"","overlay-opacity":"","overlay-gradient":""}},"ast-content-background-meta":{"desktop":{"background-color":"var(--ast-global-color-4)","background-image":"","background-repeat":"repeat","background-position":"center center","background-size":"auto","background-attachment":"scroll","background-type":"","background-media":"","overlay-type":"","overlay-color":"","overlay-opacity":"","overlay-gradient":""},"tablet":{"background-color":"var(--ast-global-color-4)","background-image":"","background-repeat":"repeat","background-position":"center center","background-size":"auto","background-attachment":"scroll","background-type":"","background-media":"","overlay-type":"","overlay-color":"","overlay-opacity":"","overlay-gradient":""},"mobile":{"background-color":"var(--ast-global-color-4)","background-image":"","background-repeat":"repeat","background-position":"center center","background-size":"auto","background-attachment":"scroll","background-type":"","background-media":"","overlay-type":"","overlay-color":"","overlay-opacity":"","overlay-gradient":""}},"footnotes":""},"categories":[1,14],"tags":[],"class_list":["post-38594","post","type-post","status-publish","format-standard","hentry","category-noticias","category-rio-negro"],"yoast_head":"<!-- This site is optimized with the Yoast SEO Premium plugin v23.0 (Yoast SEO v27.4) - https:\/\/yoast.com\/product\/yoast-seo-premium-wordpress\/ -->\n<title>Veranear en R\u00edo Negro es elegir todo<\/title>\n<meta name=\"robots\" content=\"index, follow, max-snippet:-1, max-image-preview:large, max-video-preview:-1\" \/>\n<link rel=\"canonical\" href=\"https:\/\/patagoniambiental.com.ar\/info\/veranear-en-rio-negro-es-elegir-todo\/\" \/>\n<meta property=\"og:locale\" content=\"es_ES\" \/>\n<meta property=\"og:type\" content=\"article\" \/>\n<meta property=\"og:title\" content=\"Veranear en R\u00edo Negro es elegir todo\" \/>\n<meta property=\"og:description\" content=\"R\u00cdO NEGRO.- Desde la Costa Atl\u00e1ntica hasta las monta\u00f1as de la Cordillera de Los Andes, R\u00edo Negro ofrece una diversidad [&hellip;]\" \/>\n<meta property=\"og:url\" content=\"https:\/\/patagoniambiental.com.ar\/info\/veranear-en-rio-negro-es-elegir-todo\/\" \/>\n<meta property=\"og:site_name\" content=\"Patagonia Ambiental\" \/>\n<meta property=\"article:publisher\" content=\"https:\/\/www.facebook.com\/patagonia.ambiental\" \/>\n<meta property=\"article:author\" content=\"https:\/\/www.facebook.com\/share\/1C1V8Gv9BX\/?mibextid=qi2Omg\" \/>\n<meta property=\"article:published_time\" content=\"2017-11-22T12:00:00+00:00\" \/>\n<meta property=\"og:image\" content=\"https:\/\/patagoniambiental.com.ar\/info\/wp-content\/uploads\/2017\/01\/PLAYAS-DORADAS-rio-negro-2.jpg\" \/>\n\t<meta property=\"og:image:width\" content=\"609\" \/>\n\t<meta property=\"og:image:height\" content=\"300\" \/>\n\t<meta property=\"og:image:type\" content=\"image\/jpeg\" \/>\n<meta name=\"author\" content=\"Patagonia Ambiental\" \/>\n<meta name=\"twitter:card\" content=\"summary_large_image\" \/>\n<meta name=\"twitter:creator\" content=\"@PatAmb\" \/>\n<meta name=\"twitter:site\" content=\"@PatAmb\" \/>\n<script type=\"application\/ld+json\" class=\"yoast-schema-graph\">{\"@context\":\"https:\\\/\\\/schema.org\",\"@graph\":[{\"@type\":\"Article\",\"@id\":\"https:\\\/\\\/patagoniambiental.com.ar\\\/info\\\/veranear-en-rio-negro-es-elegir-todo\\\/#article\",\"isPartOf\":{\"@id\":\"https:\\\/\\\/patagoniambiental.com.ar\\\/info\\\/veranear-en-rio-negro-es-elegir-todo\\\/\"},\"author\":{\"name\":\"Patagonia Ambiental\",\"@id\":\"https:\\\/\\\/patagoniambiental.com.ar\\\/info\\\/#\\\/schema\\\/person\\\/db12bff64bbcbf6a253710bf0ea37b5d\"},\"headline\":\"Veranear en R\u00edo Negro es elegir todo\",\"datePublished\":\"2017-11-22T12:00:00+00:00\",\"mainEntityOfPage\":{\"@id\":\"https:\\\/\\\/patagoniambiental.com.ar\\\/info\\\/veranear-en-rio-negro-es-elegir-todo\\\/\"},\"wordCount\":975,\"commentCount\":0,\"publisher\":{\"@id\":\"https:\\\/\\\/patagoniambiental.com.ar\\\/info\\\/#organization\"},\"articleSection\":[\"Noticias\",\"R\u00edo Negro\"],\"inLanguage\":\"es\",\"potentialAction\":[{\"@type\":\"CommentAction\",\"name\":\"Comment\",\"target\":[\"https:\\\/\\\/patagoniambiental.com.ar\\\/info\\\/veranear-en-rio-negro-es-elegir-todo\\\/#respond\"]}]},{\"@type\":\"WebPage\",\"@id\":\"https:\\\/\\\/patagoniambiental.com.ar\\\/info\\\/veranear-en-rio-negro-es-elegir-todo\\\/\",\"url\":\"https:\\\/\\\/patagoniambiental.com.ar\\\/info\\\/veranear-en-rio-negro-es-elegir-todo\\\/\",\"name\":\"Veranear en R\u00edo Negro es elegir todo\",\"isPartOf\":{\"@id\":\"https:\\\/\\\/patagoniambiental.com.ar\\\/info\\\/#website\"},\"datePublished\":\"2017-11-22T12:00:00+00:00\",\"breadcrumb\":{\"@id\":\"https:\\\/\\\/patagoniambiental.com.ar\\\/info\\\/veranear-en-rio-negro-es-elegir-todo\\\/#breadcrumb\"},\"inLanguage\":\"es\",\"potentialAction\":[{\"@type\":\"ReadAction\",\"target\":[\"https:\\\/\\\/patagoniambiental.com.ar\\\/info\\\/veranear-en-rio-negro-es-elegir-todo\\\/\"]}]},{\"@type\":\"BreadcrumbList\",\"@id\":\"https:\\\/\\\/patagoniambiental.com.ar\\\/info\\\/veranear-en-rio-negro-es-elegir-todo\\\/#breadcrumb\",\"itemListElement\":[{\"@type\":\"ListItem\",\"position\":1,\"name\":\"Inicio\",\"item\":\"https:\\\/\\\/patagoniambiental.com.ar\\\/info\\\/\"},{\"@type\":\"ListItem\",\"position\":2,\"name\":\"Veranear en R\u00edo Negro es elegir todo\"}]},{\"@type\":\"WebSite\",\"@id\":\"https:\\\/\\\/patagoniambiental.com.ar\\\/info\\\/#website\",\"url\":\"https:\\\/\\\/patagoniambiental.com.ar\\\/info\\\/\",\"name\":\"Patagonia Ambiental\",\"description\":\"Monitoreo y an\u00e1lisis de la situaci\u00f3n geopol\u00edtica en el mundo y su implicancia en la Patagonia\",\"publisher\":{\"@id\":\"https:\\\/\\\/patagoniambiental.com.ar\\\/info\\\/#organization\"},\"potentialAction\":[{\"@type\":\"SearchAction\",\"target\":{\"@type\":\"EntryPoint\",\"urlTemplate\":\"https:\\\/\\\/patagoniambiental.com.ar\\\/info\\\/?s={search_term_string}\"},\"query-input\":{\"@type\":\"PropertyValueSpecification\",\"valueRequired\":true,\"valueName\":\"search_term_string\"}}],\"inLanguage\":\"es\"},{\"@type\":\"Organization\",\"@id\":\"https:\\\/\\\/patagoniambiental.com.ar\\\/info\\\/#organization\",\"name\":\"Patagonia Ambiental\",\"url\":\"https:\\\/\\\/patagoniambiental.com.ar\\\/info\\\/\",\"logo\":{\"@type\":\"ImageObject\",\"inLanguage\":\"es\",\"@id\":\"https:\\\/\\\/patagoniambiental.com.ar\\\/info\\\/#\\\/schema\\\/logo\\\/image\\\/\",\"url\":\"https:\\\/\\\/patagoniambiental.com.ar\\\/info\\\/wp-content\\\/uploads\\\/2025\\\/05\\\/LOGO-PATAGONIA-AMBIENTAL.png\",\"contentUrl\":\"https:\\\/\\\/patagoniambiental.com.ar\\\/info\\\/wp-content\\\/uploads\\\/2025\\\/05\\\/LOGO-PATAGONIA-AMBIENTAL.png\",\"width\":433,\"height\":250,\"caption\":\"Patagonia Ambiental\"},\"image\":{\"@id\":\"https:\\\/\\\/patagoniambiental.com.ar\\\/info\\\/#\\\/schema\\\/logo\\\/image\\\/\"},\"sameAs\":[\"https:\\\/\\\/www.facebook.com\\\/patagonia.ambiental\",\"https:\\\/\\\/x.com\\\/PatAmb\"]},{\"@type\":\"Person\",\"@id\":\"https:\\\/\\\/patagoniambiental.com.ar\\\/info\\\/#\\\/schema\\\/person\\\/db12bff64bbcbf6a253710bf0ea37b5d\",\"name\":\"Patagonia Ambiental\",\"description\":\"Andr\u00e9s Nievas T\u00e9cnico en manejo ambiental, consultor Ambiental y escritor para medios locales e internacionales sobre temas de geopolitica y medio ambiente.\",\"sameAs\":[\"http:\\\/\\\/www.patagoniambiental.com.ar\",\"https:\\\/\\\/www.facebook.com\\\/share\\\/1C1V8Gv9BX\\\/?mibextid=qi2Omg\",\"@patagoniambiental\",\"https:\\\/\\\/youtube.com\\\/@patagoniaambiental2023?si=BLt58t0wuXquxlYZ\"]}]}<\/script>\n<!-- \/ Yoast SEO Premium plugin. -->","yoast_head_json":{"title":"Veranear en R\u00edo Negro es elegir todo","robots":{"index":"index","follow":"follow","max-snippet":"max-snippet:-1","max-image-preview":"max-image-preview:large","max-video-preview":"max-video-preview:-1"},"canonical":"https:\/\/patagoniambiental.com.ar\/info\/veranear-en-rio-negro-es-elegir-todo\/","og_locale":"es_ES","og_type":"article","og_title":"Veranear en R\u00edo Negro es elegir todo","og_description":"R\u00cdO NEGRO.- Desde la Costa Atl\u00e1ntica hasta las monta\u00f1as de la Cordillera de Los Andes, R\u00edo Negro ofrece una diversidad [&hellip;]","og_url":"https:\/\/patagoniambiental.com.ar\/info\/veranear-en-rio-negro-es-elegir-todo\/","og_site_name":"Patagonia Ambiental","article_publisher":"https:\/\/www.facebook.com\/patagonia.ambiental","article_author":"https:\/\/www.facebook.com\/share\/1C1V8Gv9BX\/?mibextid=qi2Omg","article_published_time":"2017-11-22T12:00:00+00:00","og_image":[{"width":609,"height":300,"url":"https:\/\/patagoniambiental.com.ar\/info\/wp-content\/uploads\/2017\/01\/PLAYAS-DORADAS-rio-negro-2.jpg","type":"image\/jpeg"}],"author":"Patagonia Ambiental","twitter_card":"summary_large_image","twitter_creator":"@PatAmb","twitter_site":"@PatAmb","schema":{"@context":"https:\/\/schema.org","@graph":[{"@type":"Article","@id":"https:\/\/patagoniambiental.com.ar\/info\/veranear-en-rio-negro-es-elegir-todo\/#article","isPartOf":{"@id":"https:\/\/patagoniambiental.com.ar\/info\/veranear-en-rio-negro-es-elegir-todo\/"},"author":{"name":"Patagonia Ambiental","@id":"https:\/\/patagoniambiental.com.ar\/info\/#\/schema\/person\/db12bff64bbcbf6a253710bf0ea37b5d"},"headline":"Veranear en R\u00edo Negro es elegir todo","datePublished":"2017-11-22T12:00:00+00:00","mainEntityOfPage":{"@id":"https:\/\/patagoniambiental.com.ar\/info\/veranear-en-rio-negro-es-elegir-todo\/"},"wordCount":975,"commentCount":0,"publisher":{"@id":"https:\/\/patagoniambiental.com.ar\/info\/#organization"},"articleSection":["Noticias","R\u00edo Negro"],"inLanguage":"es","potentialAction":[{"@type":"CommentAction","name":"Comment","target":["https:\/\/patagoniambiental.com.ar\/info\/veranear-en-rio-negro-es-elegir-todo\/#respond"]}]},{"@type":"WebPage","@id":"https:\/\/patagoniambiental.com.ar\/info\/veranear-en-rio-negro-es-elegir-todo\/","url":"https:\/\/patagoniambiental.com.ar\/info\/veranear-en-rio-negro-es-elegir-todo\/","name":"Veranear en R\u00edo Negro es elegir todo","isPartOf":{"@id":"https:\/\/patagoniambiental.com.ar\/info\/#website"},"datePublished":"2017-11-22T12:00:00+00:00","breadcrumb":{"@id":"https:\/\/patagoniambiental.com.ar\/info\/veranear-en-rio-negro-es-elegir-todo\/#breadcrumb"},"inLanguage":"es","potentialAction":[{"@type":"ReadAction","target":["https:\/\/patagoniambiental.com.ar\/info\/veranear-en-rio-negro-es-elegir-todo\/"]}]},{"@type":"BreadcrumbList","@id":"https:\/\/patagoniambiental.com.ar\/info\/veranear-en-rio-negro-es-elegir-todo\/#breadcrumb","itemListElement":[{"@type":"ListItem","position":1,"name":"Inicio","item":"https:\/\/patagoniambiental.com.ar\/info\/"},{"@type":"ListItem","position":2,"name":"Veranear en R\u00edo Negro es elegir todo"}]},{"@type":"WebSite","@id":"https:\/\/patagoniambiental.com.ar\/info\/#website","url":"https:\/\/patagoniambiental.com.ar\/info\/","name":"Patagonia Ambiental","description":"Monitoreo y an\u00e1lisis de la situaci\u00f3n geopol\u00edtica en el mundo y su implicancia en la Patagonia","publisher":{"@id":"https:\/\/patagoniambiental.com.ar\/info\/#organization"},"potentialAction":[{"@type":"SearchAction","target":{"@type":"EntryPoint","urlTemplate":"https:\/\/patagoniambiental.com.ar\/info\/?s={search_term_string}"},"query-input":{"@type":"PropertyValueSpecification","valueRequired":true,"valueName":"search_term_string"}}],"inLanguage":"es"},{"@type":"Organization","@id":"https:\/\/patagoniambiental.com.ar\/info\/#organization","name":"Patagonia Ambiental","url":"https:\/\/patagoniambiental.com.ar\/info\/","logo":{"@type":"ImageObject","inLanguage":"es","@id":"https:\/\/patagoniambiental.com.ar\/info\/#\/schema\/logo\/image\/","url":"https:\/\/patagoniambiental.com.ar\/info\/wp-content\/uploads\/2025\/05\/LOGO-PATAGONIA-AMBIENTAL.png","contentUrl":"https:\/\/patagoniambiental.com.ar\/info\/wp-content\/uploads\/2025\/05\/LOGO-PATAGONIA-AMBIENTAL.png","width":433,"height":250,"caption":"Patagonia Ambiental"},"image":{"@id":"https:\/\/patagoniambiental.com.ar\/info\/#\/schema\/logo\/image\/"},"sameAs":["https:\/\/www.facebook.com\/patagonia.ambiental","https:\/\/x.com\/PatAmb"]},{"@type":"Person","@id":"https:\/\/patagoniambiental.com.ar\/info\/#\/schema\/person\/db12bff64bbcbf6a253710bf0ea37b5d","name":"Patagonia Ambiental","description":"Andr\u00e9s Nievas T\u00e9cnico en manejo ambiental, consultor Ambiental y escritor para medios locales e internacionales sobre temas de geopolitica y medio ambiente.","sameAs":["http:\/\/www.patagoniambiental.com.ar","https:\/\/www.facebook.com\/share\/1C1V8Gv9BX\/?mibextid=qi2Omg","@patagoniambiental","https:\/\/youtube.com\/@patagoniaambiental2023?si=BLt58t0wuXquxlYZ"]}]}},"_links":{"self":[{"href":"https:\/\/patagoniambiental.com.ar\/info\/wp-json\/wp\/v2\/posts\/38594","targetHints":{"allow":["GET"]}}],"collection":[{"href":"https:\/\/patagoniambiental.com.ar\/info\/wp-json\/wp\/v2\/posts"}],"about":[{"href":"https:\/\/patagoniambiental.com.ar\/info\/wp-json\/wp\/v2\/types\/post"}],"author":[{"embeddable":true,"href":"https:\/\/patagoniambiental.com.ar\/info\/wp-json\/wp\/v2\/users\/2"}],"replies":[{"embeddable":true,"href":"https:\/\/patagoniambiental.com.ar\/info\/wp-json\/wp\/v2\/comments?post=38594"}],"version-history":[{"count":0,"href":"https:\/\/patagoniambiental.com.ar\/info\/wp-json\/wp\/v2\/posts\/38594\/revisions"}],"wp:attachment":[{"href":"https:\/\/patagoniambiental.com.ar\/info\/wp-json\/wp\/v2\/media?parent=38594"}],"wp:term":[{"taxonomy":"category","embeddable":true,"href":"https:\/\/patagoniambiental.com.ar\/info\/wp-json\/wp\/v2\/categories?post=38594"},{"taxonomy":"post_tag","embeddable":true,"href":"https:\/\/patagoniambiental.com.ar\/info\/wp-json\/wp\/v2\/tags?post=38594"}],"curies":[{"name":"wp","href":"https:\/\/api.w.org\/{rel}","templated":true}]}}