{"id":38596,"date":"2017-11-22T09:00:53","date_gmt":"2017-11-22T12:00:53","guid":{"rendered":"http:\/\/patagoniambiental.com.ar\/info\/?p=38596"},"modified":"2017-11-21T22:24:10","modified_gmt":"2017-11-22T01:24:10","slug":"quilmes-reconvirtio-su-malteria-para-dotarla-de-una-matriz-renovable","status":"publish","type":"post","link":"https:\/\/patagoniambiental.com.ar\/info\/quilmes-reconvirtio-su-malteria-para-dotarla-de-una-matriz-renovable\/","title":{"rendered":"Quilmes reconvirti\u00f3 su malter\u00eda para dotarla de una matriz renovable"},"content":{"rendered":"<div class=\"col-1 pull-left\">\n<div class=\"box-central clearfix\">\n<div class=\"entry-body\">\n<div class=\"content-txt\">\n<p>La compa\u00f1\u00eda cervecera Quilmes inaugur\u00f3 lo que present\u00f3 como la primera malter\u00eda \u00abverde\u00bb del pa\u00eds. Lo hizo tras una inversi\u00f3n de alrededor de $ 20 millones que le permitir\u00e1 reconvertir la matriz energ\u00e9tica del establecimiento que posee en la localidad bonaerense de Tres Arroyos, para apostar por el desarrollo de las energ\u00edas renovables. El proyecto prev\u00e9 que en el lapso de ocho a\u00f1os (de la actualidad hasta el 2025) dicho establecimiento utilice el 100% de energ\u00eda renovable, basado en energ\u00eda solar y e\u00f3lica.<\/p>\n<p>La planta procesa actualmente cerca de 213.000 toneladas de malta, producto derivado de la cebada una vez que esta es secada y tostada, y que sirve de insumo principal para la producci\u00f3n de las cervezas. Desde all\u00ed, la producci\u00f3n es transportada a las cinco cervecer\u00edas que la compa\u00f1\u00eda posee en el pa\u00eds. En el predio de Tres Arroyos, que se extiende por alrededor de 26 hect\u00e1reas, la compa\u00f1\u00eda cuenta adem\u00e1s de la malter\u00eda con un campo experimental de cebada, para el desarrollo de variedades que son entregadas a 1300 productores agropecuarios para su cosecha.<\/p>\n<p>Tal como explicaron desde la compa\u00f1\u00eda, el establecimiento contar\u00e1 con tecnolog\u00eda basada en lo que denominan como el paradigma de la \u00abEconom\u00eda Circular\u00bb, que b\u00e1sicamente propone un ciclo regenerativo que \u00abmantiene los productos y sus componentes productivos en su mayor valor en todo momento, realza el capital natural y optimiza el rendimiento de los recursos\u00bb.<\/p>\n<p>El paradigma proyecta una gesti\u00f3n sustentable y el desarrollo de tecnolog\u00edas que integran aspectos ambientales como la reutilizaci\u00f3n de subproductos, la optimizaci\u00f3n de los sistemas agr\u00edcolas y la reutilizaci\u00f3n del 100% de los efluentes. Adem\u00e1s, la proyecto prev\u00e9 la instalaci\u00f3n de una reserva natural, desarrollada en alianza con la organizaci\u00f3n Aves Argentinas. \u00abLlevamos un modelo de desarrollo sostenible por el que implementamos pr\u00e1cticas sustentables y nuevas tecnolog\u00edas en todos nuestros procesos, desde la semilla a la botella\u00bb, afirm\u00f3 Pablo Querol, Vicepresidente de Asuntos Corporativos y Legales de la compa\u00f1\u00eda.<\/p>\n<p>En los detalles de la inversi\u00f3n, la compa\u00f1\u00eda explic\u00f3 que se prev\u00e9 que dicha reserva contar\u00e1 con cinco hect\u00e1reas que funcionar\u00e1n como pulm\u00f3n del parque industrial, que incluir\u00e1 un \u00abhotel de insectos\u00bb, un espacio exclusivo para el avistaje de aves y un lugar de descanso, que seg\u00fan destacaron permitir\u00e1 reducir el impacto ambiental de las operaciones \u00abtransformando el di\u00f3xido de carbono en ox\u00edgeno a trav\u00e9s del proceso de fotos\u00edntesis\u00bb.<\/p>\n<p>Quilmes aprovech\u00f3 el inicio de la cosecha de cebada para presentar la inauguraci\u00f3n de la renovada malter\u00eda, en una presentaci\u00f3n ante m\u00e1s de 480 productores agropecuarios, autoridades provinciales y municipales, y referentes del sector agroindustrial. El proyecto se enmarca dentro del plan de inversiones anunciado por los principales directivos de la compa\u00f1\u00eda al presidente Mauricio Macri en agosto del a\u00f1o pasado, presentaci\u00f3n que cont\u00f3 entre otros con Carlos Sicupira, uno de los accionistas mayoritarios del grupo AB InBev, due\u00f1o de Quilmes.<\/p>\n<p>Dicho plan proyecta alcanzar un total de $ 26.870 millones invertidos para el per\u00edodo 2016-2020, entre las que se contemplan iniciativas como la ampliaci\u00f3n de las plantas de Quilmes y Z\u00e1rate, en la provincia de Buenos Aires, la instalaci\u00f3n de una planta desalcoholizadora, una nueva l\u00ednea de barriles, la expansi\u00f3n del negocio agr\u00edcola para la siembra de cebada y l\u00fapulo, y la expansi\u00f3n de la planta cervecera de Acheral en Tucum\u00e1n, con una inversi\u00f3n de $ 650 millones.<\/p>\n<\/div>\n<div class=\"entry-tag-persons clearfix\"><\/div>\n<\/div>\n<\/div>\n<\/div>\n<div class=\"content-banner\"><\/div>\n<div><\/div>\n<div>Fuente:\u00a0https:\/\/www.cronista.com\/negocios\/Quilmes-reconvirtio-su-malteria-para-dotarla-de-una-matriz-renovable-20171121-0001.html<\/div>\n","protected":false},"excerpt":{"rendered":"<p>La compa\u00f1\u00eda cervecera Quilmes inaugur\u00f3 lo que present\u00f3 como la primera malter\u00eda \u00abverde\u00bb del pa\u00eds. Lo hizo tras una inversi\u00f3n [&hellip;]<\/p>\n","protected":false},"author":2,"featured_media":38597,"comment_status":"open","ping_status":"open","sticky":false,"template":"","format":"standard","meta":{"site-sidebar-layout":"default","site-content-layout":"","ast-site-content-layout":"default","site-content-style":"default","site-sidebar-style":"default","ast-global-header-display":"","ast-banner-title-visibility":"","ast-main-header-display":"","ast-hfb-above-header-display":"","ast-hfb-below-header-display":"","ast-hfb-mobile-header-display":"","site-post-title":"","ast-breadcrumbs-content":"","ast-featured-img":"","footer-sml-layout":"","ast-disable-related-posts":"","theme-transparent-header-meta":"","adv-header-id-meta":"","stick-header-meta":"","header-above-stick-meta":"","header-main-stick-meta":"","header-below-stick-meta":"","astra-migrate-meta-layouts":"default","ast-page-background-enabled":"default","ast-page-background-meta":{"desktop":{"background-color":"var(--ast-global-color-5)","background-image":"","background-repeat":"repeat","background-position":"center center","background-size":"auto","background-attachment":"scroll","background-type":"","background-media":"","overlay-type":"","overlay-color":"","overlay-opacity":"","overlay-gradient":""},"tablet":{"background-color":"","background-image":"","background-repeat":"repeat","background-position":"center center","background-size":"auto","background-attachment":"scroll","background-type":"","background-media":"","overlay-type":"","overlay-color":"","overlay-opacity":"","overlay-gradient":""},"mobile":{"background-color":"","background-image":"","background-repeat":"repeat","background-position":"center center","background-size":"auto","background-attachment":"scroll","background-type":"","background-media":"","overlay-type":"","overlay-color":"","overlay-opacity":"","overlay-gradient":""}},"ast-content-background-meta":{"desktop":{"background-color":"var(--ast-global-color-4)","background-image":"","background-repeat":"repeat","background-position":"center center","background-size":"auto","background-attachment":"scroll","background-type":"","background-media":"","overlay-type":"","overlay-color":"","overlay-opacity":"","overlay-gradient":""},"tablet":{"background-color":"var(--ast-global-color-4)","background-image":"","background-repeat":"repeat","background-position":"center center","background-size":"auto","background-attachment":"scroll","background-type":"","background-media":"","overlay-type":"","overlay-color":"","overlay-opacity":"","overlay-gradient":""},"mobile":{"background-color":"var(--ast-global-color-4)","background-image":"","background-repeat":"repeat","background-position":"center center","background-size":"auto","background-attachment":"scroll","background-type":"","background-media":"","overlay-type":"","overlay-color":"","overlay-opacity":"","overlay-gradient":""}},"footnotes":""},"categories":[1],"tags":[],"class_list":["post-38596","post","type-post","status-publish","format-standard","has-post-thumbnail","hentry","category-noticias"],"yoast_head":"<!-- This site is optimized with the Yoast SEO Premium plugin v23.0 (Yoast SEO v27.4) - https:\/\/yoast.com\/product\/yoast-seo-premium-wordpress\/ -->\n<title>Quilmes reconvirti\u00f3 su malter\u00eda para dotarla de una matriz renovable<\/title>\n<meta name=\"robots\" content=\"index, follow, max-snippet:-1, max-image-preview:large, max-video-preview:-1\" \/>\n<link rel=\"canonical\" href=\"https:\/\/patagoniambiental.com.ar\/info\/quilmes-reconvirtio-su-malteria-para-dotarla-de-una-matriz-renovable\/\" \/>\n<meta property=\"og:locale\" content=\"es_ES\" \/>\n<meta property=\"og:type\" content=\"article\" \/>\n<meta property=\"og:title\" content=\"Quilmes reconvirti\u00f3 su malter\u00eda para dotarla de una matriz renovable\" \/>\n<meta property=\"og:description\" content=\"La compa\u00f1\u00eda cervecera Quilmes inaugur\u00f3 lo que present\u00f3 como la primera malter\u00eda \u00abverde\u00bb del pa\u00eds. Lo hizo tras una inversi\u00f3n [&hellip;]\" \/>\n<meta property=\"og:url\" content=\"https:\/\/patagoniambiental.com.ar\/info\/quilmes-reconvirtio-su-malteria-para-dotarla-de-una-matriz-renovable\/\" \/>\n<meta property=\"og:site_name\" content=\"Patagonia Ambiental\" \/>\n<meta property=\"article:publisher\" content=\"https:\/\/www.facebook.com\/patagonia.ambiental\" \/>\n<meta property=\"article:author\" content=\"https:\/\/www.facebook.com\/share\/1C1V8Gv9BX\/?mibextid=qi2Omg\" \/>\n<meta property=\"article:published_time\" content=\"2017-11-22T12:00:53+00:00\" \/>\n<meta property=\"og:image\" content=\"https:\/\/patagoniambiental.com.ar\/info\/wp-content\/uploads\/2017\/11\/quilmes.jpg\" \/>\n\t<meta property=\"og:image:width\" content=\"829\" \/>\n\t<meta property=\"og:image:height\" content=\"466\" \/>\n\t<meta property=\"og:image:type\" content=\"image\/jpeg\" \/>\n<meta name=\"author\" content=\"Patagonia Ambiental\" \/>\n<meta name=\"twitter:card\" content=\"summary_large_image\" \/>\n<meta name=\"twitter:creator\" content=\"@PatAmb\" \/>\n<meta name=\"twitter:site\" content=\"@PatAmb\" \/>\n<script type=\"application\/ld+json\" class=\"yoast-schema-graph\">{\"@context\":\"https:\\\/\\\/schema.org\",\"@graph\":[{\"@type\":\"Article\",\"@id\":\"https:\\\/\\\/patagoniambiental.com.ar\\\/info\\\/quilmes-reconvirtio-su-malteria-para-dotarla-de-una-matriz-renovable\\\/#article\",\"isPartOf\":{\"@id\":\"https:\\\/\\\/patagoniambiental.com.ar\\\/info\\\/quilmes-reconvirtio-su-malteria-para-dotarla-de-una-matriz-renovable\\\/\"},\"author\":{\"name\":\"Patagonia Ambiental\",\"@id\":\"https:\\\/\\\/patagoniambiental.com.ar\\\/info\\\/#\\\/schema\\\/person\\\/db12bff64bbcbf6a253710bf0ea37b5d\"},\"headline\":\"Quilmes reconvirti\u00f3 su malter\u00eda para dotarla de una matriz renovable\",\"datePublished\":\"2017-11-22T12:00:53+00:00\",\"mainEntityOfPage\":{\"@id\":\"https:\\\/\\\/patagoniambiental.com.ar\\\/info\\\/quilmes-reconvirtio-su-malteria-para-dotarla-de-una-matriz-renovable\\\/\"},\"wordCount\":620,\"commentCount\":0,\"publisher\":{\"@id\":\"https:\\\/\\\/patagoniambiental.com.ar\\\/info\\\/#organization\"},\"image\":{\"@id\":\"https:\\\/\\\/patagoniambiental.com.ar\\\/info\\\/quilmes-reconvirtio-su-malteria-para-dotarla-de-una-matriz-renovable\\\/#primaryimage\"},\"thumbnailUrl\":\"https:\\\/\\\/patagoniambiental.com.ar\\\/info\\\/wp-content\\\/uploads\\\/2017\\\/11\\\/quilmes.jpg\",\"articleSection\":[\"Noticias\"],\"inLanguage\":\"es\",\"potentialAction\":[{\"@type\":\"CommentAction\",\"name\":\"Comment\",\"target\":[\"https:\\\/\\\/patagoniambiental.com.ar\\\/info\\\/quilmes-reconvirtio-su-malteria-para-dotarla-de-una-matriz-renovable\\\/#respond\"]}]},{\"@type\":\"WebPage\",\"@id\":\"https:\\\/\\\/patagoniambiental.com.ar\\\/info\\\/quilmes-reconvirtio-su-malteria-para-dotarla-de-una-matriz-renovable\\\/\",\"url\":\"https:\\\/\\\/patagoniambiental.com.ar\\\/info\\\/quilmes-reconvirtio-su-malteria-para-dotarla-de-una-matriz-renovable\\\/\",\"name\":\"Quilmes reconvirti\u00f3 su malter\u00eda para dotarla de una matriz renovable\",\"isPartOf\":{\"@id\":\"https:\\\/\\\/patagoniambiental.com.ar\\\/info\\\/#website\"},\"primaryImageOfPage\":{\"@id\":\"https:\\\/\\\/patagoniambiental.com.ar\\\/info\\\/quilmes-reconvirtio-su-malteria-para-dotarla-de-una-matriz-renovable\\\/#primaryimage\"},\"image\":{\"@id\":\"https:\\\/\\\/patagoniambiental.com.ar\\\/info\\\/quilmes-reconvirtio-su-malteria-para-dotarla-de-una-matriz-renovable\\\/#primaryimage\"},\"thumbnailUrl\":\"https:\\\/\\\/patagoniambiental.com.ar\\\/info\\\/wp-content\\\/uploads\\\/2017\\\/11\\\/quilmes.jpg\",\"datePublished\":\"2017-11-22T12:00:53+00:00\",\"breadcrumb\":{\"@id\":\"https:\\\/\\\/patagoniambiental.com.ar\\\/info\\\/quilmes-reconvirtio-su-malteria-para-dotarla-de-una-matriz-renovable\\\/#breadcrumb\"},\"inLanguage\":\"es\",\"potentialAction\":[{\"@type\":\"ReadAction\",\"target\":[\"https:\\\/\\\/patagoniambiental.com.ar\\\/info\\\/quilmes-reconvirtio-su-malteria-para-dotarla-de-una-matriz-renovable\\\/\"]}]},{\"@type\":\"ImageObject\",\"inLanguage\":\"es\",\"@id\":\"https:\\\/\\\/patagoniambiental.com.ar\\\/info\\\/quilmes-reconvirtio-su-malteria-para-dotarla-de-una-matriz-renovable\\\/#primaryimage\",\"url\":\"https:\\\/\\\/patagoniambiental.com.ar\\\/info\\\/wp-content\\\/uploads\\\/2017\\\/11\\\/quilmes.jpg\",\"contentUrl\":\"https:\\\/\\\/patagoniambiental.com.ar\\\/info\\\/wp-content\\\/uploads\\\/2017\\\/11\\\/quilmes.jpg\",\"width\":829,\"height\":466},{\"@type\":\"BreadcrumbList\",\"@id\":\"https:\\\/\\\/patagoniambiental.com.ar\\\/info\\\/quilmes-reconvirtio-su-malteria-para-dotarla-de-una-matriz-renovable\\\/#breadcrumb\",\"itemListElement\":[{\"@type\":\"ListItem\",\"position\":1,\"name\":\"Inicio\",\"item\":\"https:\\\/\\\/patagoniambiental.com.ar\\\/info\\\/\"},{\"@type\":\"ListItem\",\"position\":2,\"name\":\"Quilmes reconvirti\u00f3 su malter\u00eda para dotarla de una matriz renovable\"}]},{\"@type\":\"WebSite\",\"@id\":\"https:\\\/\\\/patagoniambiental.com.ar\\\/info\\\/#website\",\"url\":\"https:\\\/\\\/patagoniambiental.com.ar\\\/info\\\/\",\"name\":\"Patagonia Ambiental\",\"description\":\"Monitoreo y an\u00e1lisis de la situaci\u00f3n geopol\u00edtica en el mundo y su implicancia en la Patagonia\",\"publisher\":{\"@id\":\"https:\\\/\\\/patagoniambiental.com.ar\\\/info\\\/#organization\"},\"potentialAction\":[{\"@type\":\"SearchAction\",\"target\":{\"@type\":\"EntryPoint\",\"urlTemplate\":\"https:\\\/\\\/patagoniambiental.com.ar\\\/info\\\/?s={search_term_string}\"},\"query-input\":{\"@type\":\"PropertyValueSpecification\",\"valueRequired\":true,\"valueName\":\"search_term_string\"}}],\"inLanguage\":\"es\"},{\"@type\":\"Organization\",\"@id\":\"https:\\\/\\\/patagoniambiental.com.ar\\\/info\\\/#organization\",\"name\":\"Patagonia Ambiental\",\"url\":\"https:\\\/\\\/patagoniambiental.com.ar\\\/info\\\/\",\"logo\":{\"@type\":\"ImageObject\",\"inLanguage\":\"es\",\"@id\":\"https:\\\/\\\/patagoniambiental.com.ar\\\/info\\\/#\\\/schema\\\/logo\\\/image\\\/\",\"url\":\"https:\\\/\\\/patagoniambiental.com.ar\\\/info\\\/wp-content\\\/uploads\\\/2025\\\/05\\\/LOGO-PATAGONIA-AMBIENTAL.png\",\"contentUrl\":\"https:\\\/\\\/patagoniambiental.com.ar\\\/info\\\/wp-content\\\/uploads\\\/2025\\\/05\\\/LOGO-PATAGONIA-AMBIENTAL.png\",\"width\":433,\"height\":250,\"caption\":\"Patagonia Ambiental\"},\"image\":{\"@id\":\"https:\\\/\\\/patagoniambiental.com.ar\\\/info\\\/#\\\/schema\\\/logo\\\/image\\\/\"},\"sameAs\":[\"https:\\\/\\\/www.facebook.com\\\/patagonia.ambiental\",\"https:\\\/\\\/x.com\\\/PatAmb\"]},{\"@type\":\"Person\",\"@id\":\"https:\\\/\\\/patagoniambiental.com.ar\\\/info\\\/#\\\/schema\\\/person\\\/db12bff64bbcbf6a253710bf0ea37b5d\",\"name\":\"Patagonia Ambiental\",\"description\":\"Andr\u00e9s Nievas T\u00e9cnico en manejo ambiental, consultor Ambiental y escritor para medios locales e internacionales sobre temas de geopolitica y medio ambiente.\",\"sameAs\":[\"http:\\\/\\\/www.patagoniambiental.com.ar\",\"https:\\\/\\\/www.facebook.com\\\/share\\\/1C1V8Gv9BX\\\/?mibextid=qi2Omg\",\"@patagoniambiental\",\"https:\\\/\\\/youtube.com\\\/@patagoniaambiental2023?si=BLt58t0wuXquxlYZ\"]}]}<\/script>\n<!-- \/ Yoast SEO Premium plugin. -->","yoast_head_json":{"title":"Quilmes reconvirti\u00f3 su malter\u00eda para dotarla de una matriz renovable","robots":{"index":"index","follow":"follow","max-snippet":"max-snippet:-1","max-image-preview":"max-image-preview:large","max-video-preview":"max-video-preview:-1"},"canonical":"https:\/\/patagoniambiental.com.ar\/info\/quilmes-reconvirtio-su-malteria-para-dotarla-de-una-matriz-renovable\/","og_locale":"es_ES","og_type":"article","og_title":"Quilmes reconvirti\u00f3 su malter\u00eda para dotarla de una matriz renovable","og_description":"La compa\u00f1\u00eda cervecera Quilmes inaugur\u00f3 lo que present\u00f3 como la primera malter\u00eda \u00abverde\u00bb del pa\u00eds. Lo hizo tras una inversi\u00f3n [&hellip;]","og_url":"https:\/\/patagoniambiental.com.ar\/info\/quilmes-reconvirtio-su-malteria-para-dotarla-de-una-matriz-renovable\/","og_site_name":"Patagonia Ambiental","article_publisher":"https:\/\/www.facebook.com\/patagonia.ambiental","article_author":"https:\/\/www.facebook.com\/share\/1C1V8Gv9BX\/?mibextid=qi2Omg","article_published_time":"2017-11-22T12:00:53+00:00","og_image":[{"width":829,"height":466,"url":"https:\/\/patagoniambiental.com.ar\/info\/wp-content\/uploads\/2017\/11\/quilmes.jpg","type":"image\/jpeg"}],"author":"Patagonia Ambiental","twitter_card":"summary_large_image","twitter_creator":"@PatAmb","twitter_site":"@PatAmb","schema":{"@context":"https:\/\/schema.org","@graph":[{"@type":"Article","@id":"https:\/\/patagoniambiental.com.ar\/info\/quilmes-reconvirtio-su-malteria-para-dotarla-de-una-matriz-renovable\/#article","isPartOf":{"@id":"https:\/\/patagoniambiental.com.ar\/info\/quilmes-reconvirtio-su-malteria-para-dotarla-de-una-matriz-renovable\/"},"author":{"name":"Patagonia Ambiental","@id":"https:\/\/patagoniambiental.com.ar\/info\/#\/schema\/person\/db12bff64bbcbf6a253710bf0ea37b5d"},"headline":"Quilmes reconvirti\u00f3 su malter\u00eda para dotarla de una matriz renovable","datePublished":"2017-11-22T12:00:53+00:00","mainEntityOfPage":{"@id":"https:\/\/patagoniambiental.com.ar\/info\/quilmes-reconvirtio-su-malteria-para-dotarla-de-una-matriz-renovable\/"},"wordCount":620,"commentCount":0,"publisher":{"@id":"https:\/\/patagoniambiental.com.ar\/info\/#organization"},"image":{"@id":"https:\/\/patagoniambiental.com.ar\/info\/quilmes-reconvirtio-su-malteria-para-dotarla-de-una-matriz-renovable\/#primaryimage"},"thumbnailUrl":"https:\/\/patagoniambiental.com.ar\/info\/wp-content\/uploads\/2017\/11\/quilmes.jpg","articleSection":["Noticias"],"inLanguage":"es","potentialAction":[{"@type":"CommentAction","name":"Comment","target":["https:\/\/patagoniambiental.com.ar\/info\/quilmes-reconvirtio-su-malteria-para-dotarla-de-una-matriz-renovable\/#respond"]}]},{"@type":"WebPage","@id":"https:\/\/patagoniambiental.com.ar\/info\/quilmes-reconvirtio-su-malteria-para-dotarla-de-una-matriz-renovable\/","url":"https:\/\/patagoniambiental.com.ar\/info\/quilmes-reconvirtio-su-malteria-para-dotarla-de-una-matriz-renovable\/","name":"Quilmes reconvirti\u00f3 su malter\u00eda para dotarla de una matriz renovable","isPartOf":{"@id":"https:\/\/patagoniambiental.com.ar\/info\/#website"},"primaryImageOfPage":{"@id":"https:\/\/patagoniambiental.com.ar\/info\/quilmes-reconvirtio-su-malteria-para-dotarla-de-una-matriz-renovable\/#primaryimage"},"image":{"@id":"https:\/\/patagoniambiental.com.ar\/info\/quilmes-reconvirtio-su-malteria-para-dotarla-de-una-matriz-renovable\/#primaryimage"},"thumbnailUrl":"https:\/\/patagoniambiental.com.ar\/info\/wp-content\/uploads\/2017\/11\/quilmes.jpg","datePublished":"2017-11-22T12:00:53+00:00","breadcrumb":{"@id":"https:\/\/patagoniambiental.com.ar\/info\/quilmes-reconvirtio-su-malteria-para-dotarla-de-una-matriz-renovable\/#breadcrumb"},"inLanguage":"es","potentialAction":[{"@type":"ReadAction","target":["https:\/\/patagoniambiental.com.ar\/info\/quilmes-reconvirtio-su-malteria-para-dotarla-de-una-matriz-renovable\/"]}]},{"@type":"ImageObject","inLanguage":"es","@id":"https:\/\/patagoniambiental.com.ar\/info\/quilmes-reconvirtio-su-malteria-para-dotarla-de-una-matriz-renovable\/#primaryimage","url":"https:\/\/patagoniambiental.com.ar\/info\/wp-content\/uploads\/2017\/11\/quilmes.jpg","contentUrl":"https:\/\/patagoniambiental.com.ar\/info\/wp-content\/uploads\/2017\/11\/quilmes.jpg","width":829,"height":466},{"@type":"BreadcrumbList","@id":"https:\/\/patagoniambiental.com.ar\/info\/quilmes-reconvirtio-su-malteria-para-dotarla-de-una-matriz-renovable\/#breadcrumb","itemListElement":[{"@type":"ListItem","position":1,"name":"Inicio","item":"https:\/\/patagoniambiental.com.ar\/info\/"},{"@type":"ListItem","position":2,"name":"Quilmes reconvirti\u00f3 su malter\u00eda para dotarla de una matriz renovable"}]},{"@type":"WebSite","@id":"https:\/\/patagoniambiental.com.ar\/info\/#website","url":"https:\/\/patagoniambiental.com.ar\/info\/","name":"Patagonia Ambiental","description":"Monitoreo y an\u00e1lisis de la situaci\u00f3n geopol\u00edtica en el mundo y su implicancia en la Patagonia","publisher":{"@id":"https:\/\/patagoniambiental.com.ar\/info\/#organization"},"potentialAction":[{"@type":"SearchAction","target":{"@type":"EntryPoint","urlTemplate":"https:\/\/patagoniambiental.com.ar\/info\/?s={search_term_string}"},"query-input":{"@type":"PropertyValueSpecification","valueRequired":true,"valueName":"search_term_string"}}],"inLanguage":"es"},{"@type":"Organization","@id":"https:\/\/patagoniambiental.com.ar\/info\/#organization","name":"Patagonia Ambiental","url":"https:\/\/patagoniambiental.com.ar\/info\/","logo":{"@type":"ImageObject","inLanguage":"es","@id":"https:\/\/patagoniambiental.com.ar\/info\/#\/schema\/logo\/image\/","url":"https:\/\/patagoniambiental.com.ar\/info\/wp-content\/uploads\/2025\/05\/LOGO-PATAGONIA-AMBIENTAL.png","contentUrl":"https:\/\/patagoniambiental.com.ar\/info\/wp-content\/uploads\/2025\/05\/LOGO-PATAGONIA-AMBIENTAL.png","width":433,"height":250,"caption":"Patagonia Ambiental"},"image":{"@id":"https:\/\/patagoniambiental.com.ar\/info\/#\/schema\/logo\/image\/"},"sameAs":["https:\/\/www.facebook.com\/patagonia.ambiental","https:\/\/x.com\/PatAmb"]},{"@type":"Person","@id":"https:\/\/patagoniambiental.com.ar\/info\/#\/schema\/person\/db12bff64bbcbf6a253710bf0ea37b5d","name":"Patagonia Ambiental","description":"Andr\u00e9s Nievas T\u00e9cnico en manejo ambiental, consultor Ambiental y escritor para medios locales e internacionales sobre temas de geopolitica y medio ambiente.","sameAs":["http:\/\/www.patagoniambiental.com.ar","https:\/\/www.facebook.com\/share\/1C1V8Gv9BX\/?mibextid=qi2Omg","@patagoniambiental","https:\/\/youtube.com\/@patagoniaambiental2023?si=BLt58t0wuXquxlYZ"]}]}},"_links":{"self":[{"href":"https:\/\/patagoniambiental.com.ar\/info\/wp-json\/wp\/v2\/posts\/38596","targetHints":{"allow":["GET"]}}],"collection":[{"href":"https:\/\/patagoniambiental.com.ar\/info\/wp-json\/wp\/v2\/posts"}],"about":[{"href":"https:\/\/patagoniambiental.com.ar\/info\/wp-json\/wp\/v2\/types\/post"}],"author":[{"embeddable":true,"href":"https:\/\/patagoniambiental.com.ar\/info\/wp-json\/wp\/v2\/users\/2"}],"replies":[{"embeddable":true,"href":"https:\/\/patagoniambiental.com.ar\/info\/wp-json\/wp\/v2\/comments?post=38596"}],"version-history":[{"count":0,"href":"https:\/\/patagoniambiental.com.ar\/info\/wp-json\/wp\/v2\/posts\/38596\/revisions"}],"wp:featuredmedia":[{"embeddable":true,"href":"https:\/\/patagoniambiental.com.ar\/info\/wp-json\/wp\/v2\/media\/38597"}],"wp:attachment":[{"href":"https:\/\/patagoniambiental.com.ar\/info\/wp-json\/wp\/v2\/media?parent=38596"}],"wp:term":[{"taxonomy":"category","embeddable":true,"href":"https:\/\/patagoniambiental.com.ar\/info\/wp-json\/wp\/v2\/categories?post=38596"},{"taxonomy":"post_tag","embeddable":true,"href":"https:\/\/patagoniambiental.com.ar\/info\/wp-json\/wp\/v2\/tags?post=38596"}],"curies":[{"name":"wp","href":"https:\/\/api.w.org\/{rel}","templated":true}]}}