{"id":38607,"date":"2017-11-26T09:00:27","date_gmt":"2017-11-26T12:00:27","guid":{"rendered":"http:\/\/patagoniambiental.com.ar\/info\/?p=38607"},"modified":"2020-12-02T16:24:11","modified_gmt":"2020-12-02T19:24:11","slug":"entrevista-a-milton-perello-responsable-por-la-fundacion-azara-dentro-del-anp-punta-bermeja","status":"publish","type":"post","link":"https:\/\/patagoniambiental.com.ar\/info\/entrevista-a-milton-perello-responsable-por-la-fundacion-azara-dentro-del-anp-punta-bermeja\/","title":{"rendered":"Entrevista a Milton Perello, Responsable por la Fundaci\u00f3n de Historia Natural Felix de Azara dentro del Area Natural Protegida Punta Bermeja"},"content":{"rendered":"<p>Por Andr\u00e9s Nievas.-Milton Perello es bi\u00f3logo de profesi\u00f3n, oriundo de General Conesa y desde hace cuatro a\u00f1os trabaja como gu\u00eda en el \u00c1rea Natural Protegida Punta Bermeja para la Fundaci\u00f3n de Historia Natural F\u00e9lix de Azara. Esta instituci\u00f3n hace un \u00a0comanejo del \u00e1rea con la Secretaria de Ambiente y Desarrollo Sustentable de la provincia de Rio Negro.<!--more--><\/p>\n<p>ACCESO RESTRINGIDO<\/p>\n","protected":false},"excerpt":{"rendered":"<p>Por Andr\u00e9s Nievas.-Milton Perello es bi\u00f3logo de profesi\u00f3n, oriundo de General Conesa y desde hace cuatro a\u00f1os trabaja como gu\u00eda [&hellip;]<\/p>\n","protected":false},"author":2,"featured_media":38609,"comment_status":"open","ping_status":"open","sticky":false,"template":"","format":"standard","meta":{"site-sidebar-layout":"default","site-content-layout":"","ast-site-content-layout":"default","site-content-style":"default","site-sidebar-style":"default","ast-global-header-display":"","ast-banner-title-visibility":"","ast-main-header-display":"","ast-hfb-above-header-display":"","ast-hfb-below-header-display":"","ast-hfb-mobile-header-display":"","site-post-title":"","ast-breadcrumbs-content":"","ast-featured-img":"","footer-sml-layout":"","ast-disable-related-posts":"","theme-transparent-header-meta":"","adv-header-id-meta":"","stick-header-meta":"","header-above-stick-meta":"","header-main-stick-meta":"","header-below-stick-meta":"","astra-migrate-meta-layouts":"default","ast-page-background-enabled":"default","ast-page-background-meta":{"desktop":{"background-color":"var(--ast-global-color-5)","background-image":"","background-repeat":"repeat","background-position":"center center","background-size":"auto","background-attachment":"scroll","background-type":"","background-media":"","overlay-type":"","overlay-color":"","overlay-opacity":"","overlay-gradient":""},"tablet":{"background-color":"","background-image":"","background-repeat":"repeat","background-position":"center center","background-size":"auto","background-attachment":"scroll","background-type":"","background-media":"","overlay-type":"","overlay-color":"","overlay-opacity":"","overlay-gradient":""},"mobile":{"background-color":"","background-image":"","background-repeat":"repeat","background-position":"center center","background-size":"auto","background-attachment":"scroll","background-type":"","background-media":"","overlay-type":"","overlay-color":"","overlay-opacity":"","overlay-gradient":""}},"ast-content-background-meta":{"desktop":{"background-color":"var(--ast-global-color-4)","background-image":"","background-repeat":"repeat","background-position":"center center","background-size":"auto","background-attachment":"scroll","background-type":"","background-media":"","overlay-type":"","overlay-color":"","overlay-opacity":"","overlay-gradient":""},"tablet":{"background-color":"var(--ast-global-color-4)","background-image":"","background-repeat":"repeat","background-position":"center center","background-size":"auto","background-attachment":"scroll","background-type":"","background-media":"","overlay-type":"","overlay-color":"","overlay-opacity":"","overlay-gradient":""},"mobile":{"background-color":"var(--ast-global-color-4)","background-image":"","background-repeat":"repeat","background-position":"center center","background-size":"auto","background-attachment":"scroll","background-type":"","background-media":"","overlay-type":"","overlay-color":"","overlay-opacity":"","overlay-gradient":""}},"footnotes":""},"categories":[51,1],"tags":[],"class_list":["post-38607","post","type-post","status-publish","format-standard","has-post-thumbnail","hentry","category-entrevistas","category-noticias"],"yoast_head":"<!-- This site is optimized with the Yoast SEO Premium plugin v23.0 (Yoast SEO v27.4) - https:\/\/yoast.com\/product\/yoast-seo-premium-wordpress\/ -->\n<title>Entrevista a Milton Perello, Responsable por la Fundaci\u00f3n de Historia Natural Felix de Azara dentro del Area Natural Protegida Punta Bermeja<\/title>\n<meta name=\"robots\" content=\"index, follow, max-snippet:-1, max-image-preview:large, max-video-preview:-1\" \/>\n<link rel=\"canonical\" href=\"https:\/\/patagoniambiental.com.ar\/info\/entrevista-a-milton-perello-responsable-por-la-fundacion-azara-dentro-del-anp-punta-bermeja\/\" \/>\n<meta property=\"og:locale\" content=\"es_ES\" \/>\n<meta property=\"og:type\" content=\"article\" \/>\n<meta property=\"og:title\" content=\"Entrevista a Milton Perello, Responsable por la Fundaci\u00f3n de Historia Natural Felix de Azara dentro del Area Natural Protegida Punta Bermeja\" \/>\n<meta property=\"og:description\" content=\"Por Andr\u00e9s Nievas.-Milton Perello es bi\u00f3logo de profesi\u00f3n, oriundo de General Conesa y desde hace cuatro a\u00f1os trabaja como gu\u00eda [&hellip;]\" \/>\n<meta property=\"og:url\" content=\"https:\/\/patagoniambiental.com.ar\/info\/entrevista-a-milton-perello-responsable-por-la-fundacion-azara-dentro-del-anp-punta-bermeja\/\" \/>\n<meta property=\"og:site_name\" content=\"Patagonia Ambiental\" \/>\n<meta property=\"article:publisher\" content=\"https:\/\/www.facebook.com\/patagonia.ambiental\" \/>\n<meta property=\"article:author\" content=\"https:\/\/www.facebook.com\/share\/1C1V8Gv9BX\/?mibextid=qi2Omg\" \/>\n<meta property=\"article:published_time\" content=\"2017-11-26T12:00:27+00:00\" \/>\n<meta property=\"article:modified_time\" content=\"2020-12-02T19:24:11+00:00\" \/>\n<meta property=\"og:image\" content=\"https:\/\/patagoniambiental.com.ar\/info\/wp-content\/uploads\/2017\/11\/DSC02370-copia.jpg\" \/>\n\t<meta property=\"og:image:width\" content=\"700\" \/>\n\t<meta property=\"og:image:height\" content=\"525\" \/>\n\t<meta property=\"og:image:type\" content=\"image\/jpeg\" \/>\n<meta name=\"author\" content=\"Patagonia Ambiental\" \/>\n<meta name=\"twitter:card\" content=\"summary_large_image\" \/>\n<meta name=\"twitter:creator\" content=\"@PatAmb\" \/>\n<meta name=\"twitter:site\" content=\"@PatAmb\" \/>\n<script type=\"application\/ld+json\" class=\"yoast-schema-graph\">{\"@context\":\"https:\\\/\\\/schema.org\",\"@graph\":[{\"@type\":\"Article\",\"@id\":\"https:\\\/\\\/patagoniambiental.com.ar\\\/info\\\/entrevista-a-milton-perello-responsable-por-la-fundacion-azara-dentro-del-anp-punta-bermeja\\\/#article\",\"isPartOf\":{\"@id\":\"https:\\\/\\\/patagoniambiental.com.ar\\\/info\\\/entrevista-a-milton-perello-responsable-por-la-fundacion-azara-dentro-del-anp-punta-bermeja\\\/\"},\"author\":{\"name\":\"Patagonia Ambiental\",\"@id\":\"https:\\\/\\\/patagoniambiental.com.ar\\\/info\\\/#\\\/schema\\\/person\\\/db12bff64bbcbf6a253710bf0ea37b5d\"},\"headline\":\"Entrevista a Milton Perello, Responsable por la Fundaci\u00f3n de Historia Natural Felix de Azara dentro del Area Natural Protegida Punta Bermeja\",\"datePublished\":\"2017-11-26T12:00:27+00:00\",\"dateModified\":\"2020-12-02T19:24:11+00:00\",\"mainEntityOfPage\":{\"@id\":\"https:\\\/\\\/patagoniambiental.com.ar\\\/info\\\/entrevista-a-milton-perello-responsable-por-la-fundacion-azara-dentro-del-anp-punta-bermeja\\\/\"},\"wordCount\":90,\"commentCount\":0,\"publisher\":{\"@id\":\"https:\\\/\\\/patagoniambiental.com.ar\\\/info\\\/#organization\"},\"image\":{\"@id\":\"https:\\\/\\\/patagoniambiental.com.ar\\\/info\\\/entrevista-a-milton-perello-responsable-por-la-fundacion-azara-dentro-del-anp-punta-bermeja\\\/#primaryimage\"},\"thumbnailUrl\":\"https:\\\/\\\/patagoniambiental.com.ar\\\/info\\\/wp-content\\\/uploads\\\/2017\\\/11\\\/DSC02370-copia.jpg\",\"articleSection\":[\"Entrevistas\",\"Noticias\"],\"inLanguage\":\"es\",\"potentialAction\":[{\"@type\":\"CommentAction\",\"name\":\"Comment\",\"target\":[\"https:\\\/\\\/patagoniambiental.com.ar\\\/info\\\/entrevista-a-milton-perello-responsable-por-la-fundacion-azara-dentro-del-anp-punta-bermeja\\\/#respond\"]}]},{\"@type\":\"WebPage\",\"@id\":\"https:\\\/\\\/patagoniambiental.com.ar\\\/info\\\/entrevista-a-milton-perello-responsable-por-la-fundacion-azara-dentro-del-anp-punta-bermeja\\\/\",\"url\":\"https:\\\/\\\/patagoniambiental.com.ar\\\/info\\\/entrevista-a-milton-perello-responsable-por-la-fundacion-azara-dentro-del-anp-punta-bermeja\\\/\",\"name\":\"Entrevista a Milton Perello, Responsable por la Fundaci\u00f3n de Historia Natural Felix de Azara dentro del Area Natural Protegida Punta Bermeja\",\"isPartOf\":{\"@id\":\"https:\\\/\\\/patagoniambiental.com.ar\\\/info\\\/#website\"},\"primaryImageOfPage\":{\"@id\":\"https:\\\/\\\/patagoniambiental.com.ar\\\/info\\\/entrevista-a-milton-perello-responsable-por-la-fundacion-azara-dentro-del-anp-punta-bermeja\\\/#primaryimage\"},\"image\":{\"@id\":\"https:\\\/\\\/patagoniambiental.com.ar\\\/info\\\/entrevista-a-milton-perello-responsable-por-la-fundacion-azara-dentro-del-anp-punta-bermeja\\\/#primaryimage\"},\"thumbnailUrl\":\"https:\\\/\\\/patagoniambiental.com.ar\\\/info\\\/wp-content\\\/uploads\\\/2017\\\/11\\\/DSC02370-copia.jpg\",\"datePublished\":\"2017-11-26T12:00:27+00:00\",\"dateModified\":\"2020-12-02T19:24:11+00:00\",\"breadcrumb\":{\"@id\":\"https:\\\/\\\/patagoniambiental.com.ar\\\/info\\\/entrevista-a-milton-perello-responsable-por-la-fundacion-azara-dentro-del-anp-punta-bermeja\\\/#breadcrumb\"},\"inLanguage\":\"es\",\"potentialAction\":[{\"@type\":\"ReadAction\",\"target\":[\"https:\\\/\\\/patagoniambiental.com.ar\\\/info\\\/entrevista-a-milton-perello-responsable-por-la-fundacion-azara-dentro-del-anp-punta-bermeja\\\/\"]}]},{\"@type\":\"ImageObject\",\"inLanguage\":\"es\",\"@id\":\"https:\\\/\\\/patagoniambiental.com.ar\\\/info\\\/entrevista-a-milton-perello-responsable-por-la-fundacion-azara-dentro-del-anp-punta-bermeja\\\/#primaryimage\",\"url\":\"https:\\\/\\\/patagoniambiental.com.ar\\\/info\\\/wp-content\\\/uploads\\\/2017\\\/11\\\/DSC02370-copia.jpg\",\"contentUrl\":\"https:\\\/\\\/patagoniambiental.com.ar\\\/info\\\/wp-content\\\/uploads\\\/2017\\\/11\\\/DSC02370-copia.jpg\",\"width\":700,\"height\":525},{\"@type\":\"BreadcrumbList\",\"@id\":\"https:\\\/\\\/patagoniambiental.com.ar\\\/info\\\/entrevista-a-milton-perello-responsable-por-la-fundacion-azara-dentro-del-anp-punta-bermeja\\\/#breadcrumb\",\"itemListElement\":[{\"@type\":\"ListItem\",\"position\":1,\"name\":\"Inicio\",\"item\":\"https:\\\/\\\/patagoniambiental.com.ar\\\/info\\\/\"},{\"@type\":\"ListItem\",\"position\":2,\"name\":\"Entrevista a Milton Perello, Responsable por la Fundaci\u00f3n de Historia Natural Felix de Azara dentro del Area Natural Protegida Punta Bermeja\"}]},{\"@type\":\"WebSite\",\"@id\":\"https:\\\/\\\/patagoniambiental.com.ar\\\/info\\\/#website\",\"url\":\"https:\\\/\\\/patagoniambiental.com.ar\\\/info\\\/\",\"name\":\"Patagonia Ambiental\",\"description\":\"Monitoreo y an\u00e1lisis de la situaci\u00f3n geopol\u00edtica en el mundo y su implicancia en la Patagonia\",\"publisher\":{\"@id\":\"https:\\\/\\\/patagoniambiental.com.ar\\\/info\\\/#organization\"},\"potentialAction\":[{\"@type\":\"SearchAction\",\"target\":{\"@type\":\"EntryPoint\",\"urlTemplate\":\"https:\\\/\\\/patagoniambiental.com.ar\\\/info\\\/?s={search_term_string}\"},\"query-input\":{\"@type\":\"PropertyValueSpecification\",\"valueRequired\":true,\"valueName\":\"search_term_string\"}}],\"inLanguage\":\"es\"},{\"@type\":\"Organization\",\"@id\":\"https:\\\/\\\/patagoniambiental.com.ar\\\/info\\\/#organization\",\"name\":\"Patagonia Ambiental\",\"url\":\"https:\\\/\\\/patagoniambiental.com.ar\\\/info\\\/\",\"logo\":{\"@type\":\"ImageObject\",\"inLanguage\":\"es\",\"@id\":\"https:\\\/\\\/patagoniambiental.com.ar\\\/info\\\/#\\\/schema\\\/logo\\\/image\\\/\",\"url\":\"https:\\\/\\\/patagoniambiental.com.ar\\\/info\\\/wp-content\\\/uploads\\\/2025\\\/05\\\/LOGO-PATAGONIA-AMBIENTAL.png\",\"contentUrl\":\"https:\\\/\\\/patagoniambiental.com.ar\\\/info\\\/wp-content\\\/uploads\\\/2025\\\/05\\\/LOGO-PATAGONIA-AMBIENTAL.png\",\"width\":433,\"height\":250,\"caption\":\"Patagonia Ambiental\"},\"image\":{\"@id\":\"https:\\\/\\\/patagoniambiental.com.ar\\\/info\\\/#\\\/schema\\\/logo\\\/image\\\/\"},\"sameAs\":[\"https:\\\/\\\/www.facebook.com\\\/patagonia.ambiental\",\"https:\\\/\\\/x.com\\\/PatAmb\"]},{\"@type\":\"Person\",\"@id\":\"https:\\\/\\\/patagoniambiental.com.ar\\\/info\\\/#\\\/schema\\\/person\\\/db12bff64bbcbf6a253710bf0ea37b5d\",\"name\":\"Patagonia Ambiental\",\"description\":\"Andr\u00e9s Nievas T\u00e9cnico en manejo ambiental, consultor Ambiental y escritor para medios locales e internacionales sobre temas de geopolitica y medio ambiente.\",\"sameAs\":[\"http:\\\/\\\/www.patagoniambiental.com.ar\",\"https:\\\/\\\/www.facebook.com\\\/share\\\/1C1V8Gv9BX\\\/?mibextid=qi2Omg\",\"@patagoniambiental\",\"https:\\\/\\\/youtube.com\\\/@patagoniaambiental2023?si=BLt58t0wuXquxlYZ\"]}]}<\/script>\n<!-- \/ Yoast SEO Premium plugin. -->","yoast_head_json":{"title":"Entrevista a Milton Perello, Responsable por la Fundaci\u00f3n de Historia Natural Felix de Azara dentro del Area Natural Protegida Punta Bermeja","robots":{"index":"index","follow":"follow","max-snippet":"max-snippet:-1","max-image-preview":"max-image-preview:large","max-video-preview":"max-video-preview:-1"},"canonical":"https:\/\/patagoniambiental.com.ar\/info\/entrevista-a-milton-perello-responsable-por-la-fundacion-azara-dentro-del-anp-punta-bermeja\/","og_locale":"es_ES","og_type":"article","og_title":"Entrevista a Milton Perello, Responsable por la Fundaci\u00f3n de Historia Natural Felix de Azara dentro del Area Natural Protegida Punta Bermeja","og_description":"Por Andr\u00e9s Nievas.-Milton Perello es bi\u00f3logo de profesi\u00f3n, oriundo de General Conesa y desde hace cuatro a\u00f1os trabaja como gu\u00eda [&hellip;]","og_url":"https:\/\/patagoniambiental.com.ar\/info\/entrevista-a-milton-perello-responsable-por-la-fundacion-azara-dentro-del-anp-punta-bermeja\/","og_site_name":"Patagonia Ambiental","article_publisher":"https:\/\/www.facebook.com\/patagonia.ambiental","article_author":"https:\/\/www.facebook.com\/share\/1C1V8Gv9BX\/?mibextid=qi2Omg","article_published_time":"2017-11-26T12:00:27+00:00","article_modified_time":"2020-12-02T19:24:11+00:00","og_image":[{"width":700,"height":525,"url":"https:\/\/patagoniambiental.com.ar\/info\/wp-content\/uploads\/2017\/11\/DSC02370-copia.jpg","type":"image\/jpeg"}],"author":"Patagonia Ambiental","twitter_card":"summary_large_image","twitter_creator":"@PatAmb","twitter_site":"@PatAmb","schema":{"@context":"https:\/\/schema.org","@graph":[{"@type":"Article","@id":"https:\/\/patagoniambiental.com.ar\/info\/entrevista-a-milton-perello-responsable-por-la-fundacion-azara-dentro-del-anp-punta-bermeja\/#article","isPartOf":{"@id":"https:\/\/patagoniambiental.com.ar\/info\/entrevista-a-milton-perello-responsable-por-la-fundacion-azara-dentro-del-anp-punta-bermeja\/"},"author":{"name":"Patagonia Ambiental","@id":"https:\/\/patagoniambiental.com.ar\/info\/#\/schema\/person\/db12bff64bbcbf6a253710bf0ea37b5d"},"headline":"Entrevista a Milton Perello, Responsable por la Fundaci\u00f3n de Historia Natural Felix de Azara dentro del Area Natural Protegida Punta Bermeja","datePublished":"2017-11-26T12:00:27+00:00","dateModified":"2020-12-02T19:24:11+00:00","mainEntityOfPage":{"@id":"https:\/\/patagoniambiental.com.ar\/info\/entrevista-a-milton-perello-responsable-por-la-fundacion-azara-dentro-del-anp-punta-bermeja\/"},"wordCount":90,"commentCount":0,"publisher":{"@id":"https:\/\/patagoniambiental.com.ar\/info\/#organization"},"image":{"@id":"https:\/\/patagoniambiental.com.ar\/info\/entrevista-a-milton-perello-responsable-por-la-fundacion-azara-dentro-del-anp-punta-bermeja\/#primaryimage"},"thumbnailUrl":"https:\/\/patagoniambiental.com.ar\/info\/wp-content\/uploads\/2017\/11\/DSC02370-copia.jpg","articleSection":["Entrevistas","Noticias"],"inLanguage":"es","potentialAction":[{"@type":"CommentAction","name":"Comment","target":["https:\/\/patagoniambiental.com.ar\/info\/entrevista-a-milton-perello-responsable-por-la-fundacion-azara-dentro-del-anp-punta-bermeja\/#respond"]}]},{"@type":"WebPage","@id":"https:\/\/patagoniambiental.com.ar\/info\/entrevista-a-milton-perello-responsable-por-la-fundacion-azara-dentro-del-anp-punta-bermeja\/","url":"https:\/\/patagoniambiental.com.ar\/info\/entrevista-a-milton-perello-responsable-por-la-fundacion-azara-dentro-del-anp-punta-bermeja\/","name":"Entrevista a Milton Perello, Responsable por la Fundaci\u00f3n de Historia Natural Felix de Azara dentro del Area Natural Protegida Punta Bermeja","isPartOf":{"@id":"https:\/\/patagoniambiental.com.ar\/info\/#website"},"primaryImageOfPage":{"@id":"https:\/\/patagoniambiental.com.ar\/info\/entrevista-a-milton-perello-responsable-por-la-fundacion-azara-dentro-del-anp-punta-bermeja\/#primaryimage"},"image":{"@id":"https:\/\/patagoniambiental.com.ar\/info\/entrevista-a-milton-perello-responsable-por-la-fundacion-azara-dentro-del-anp-punta-bermeja\/#primaryimage"},"thumbnailUrl":"https:\/\/patagoniambiental.com.ar\/info\/wp-content\/uploads\/2017\/11\/DSC02370-copia.jpg","datePublished":"2017-11-26T12:00:27+00:00","dateModified":"2020-12-02T19:24:11+00:00","breadcrumb":{"@id":"https:\/\/patagoniambiental.com.ar\/info\/entrevista-a-milton-perello-responsable-por-la-fundacion-azara-dentro-del-anp-punta-bermeja\/#breadcrumb"},"inLanguage":"es","potentialAction":[{"@type":"ReadAction","target":["https:\/\/patagoniambiental.com.ar\/info\/entrevista-a-milton-perello-responsable-por-la-fundacion-azara-dentro-del-anp-punta-bermeja\/"]}]},{"@type":"ImageObject","inLanguage":"es","@id":"https:\/\/patagoniambiental.com.ar\/info\/entrevista-a-milton-perello-responsable-por-la-fundacion-azara-dentro-del-anp-punta-bermeja\/#primaryimage","url":"https:\/\/patagoniambiental.com.ar\/info\/wp-content\/uploads\/2017\/11\/DSC02370-copia.jpg","contentUrl":"https:\/\/patagoniambiental.com.ar\/info\/wp-content\/uploads\/2017\/11\/DSC02370-copia.jpg","width":700,"height":525},{"@type":"BreadcrumbList","@id":"https:\/\/patagoniambiental.com.ar\/info\/entrevista-a-milton-perello-responsable-por-la-fundacion-azara-dentro-del-anp-punta-bermeja\/#breadcrumb","itemListElement":[{"@type":"ListItem","position":1,"name":"Inicio","item":"https:\/\/patagoniambiental.com.ar\/info\/"},{"@type":"ListItem","position":2,"name":"Entrevista a Milton Perello, Responsable por la Fundaci\u00f3n de Historia Natural Felix de Azara dentro del Area Natural Protegida Punta Bermeja"}]},{"@type":"WebSite","@id":"https:\/\/patagoniambiental.com.ar\/info\/#website","url":"https:\/\/patagoniambiental.com.ar\/info\/","name":"Patagonia Ambiental","description":"Monitoreo y an\u00e1lisis de la situaci\u00f3n geopol\u00edtica en el mundo y su implicancia en la Patagonia","publisher":{"@id":"https:\/\/patagoniambiental.com.ar\/info\/#organization"},"potentialAction":[{"@type":"SearchAction","target":{"@type":"EntryPoint","urlTemplate":"https:\/\/patagoniambiental.com.ar\/info\/?s={search_term_string}"},"query-input":{"@type":"PropertyValueSpecification","valueRequired":true,"valueName":"search_term_string"}}],"inLanguage":"es"},{"@type":"Organization","@id":"https:\/\/patagoniambiental.com.ar\/info\/#organization","name":"Patagonia Ambiental","url":"https:\/\/patagoniambiental.com.ar\/info\/","logo":{"@type":"ImageObject","inLanguage":"es","@id":"https:\/\/patagoniambiental.com.ar\/info\/#\/schema\/logo\/image\/","url":"https:\/\/patagoniambiental.com.ar\/info\/wp-content\/uploads\/2025\/05\/LOGO-PATAGONIA-AMBIENTAL.png","contentUrl":"https:\/\/patagoniambiental.com.ar\/info\/wp-content\/uploads\/2025\/05\/LOGO-PATAGONIA-AMBIENTAL.png","width":433,"height":250,"caption":"Patagonia Ambiental"},"image":{"@id":"https:\/\/patagoniambiental.com.ar\/info\/#\/schema\/logo\/image\/"},"sameAs":["https:\/\/www.facebook.com\/patagonia.ambiental","https:\/\/x.com\/PatAmb"]},{"@type":"Person","@id":"https:\/\/patagoniambiental.com.ar\/info\/#\/schema\/person\/db12bff64bbcbf6a253710bf0ea37b5d","name":"Patagonia Ambiental","description":"Andr\u00e9s Nievas T\u00e9cnico en manejo ambiental, consultor Ambiental y escritor para medios locales e internacionales sobre temas de geopolitica y medio ambiente.","sameAs":["http:\/\/www.patagoniambiental.com.ar","https:\/\/www.facebook.com\/share\/1C1V8Gv9BX\/?mibextid=qi2Omg","@patagoniambiental","https:\/\/youtube.com\/@patagoniaambiental2023?si=BLt58t0wuXquxlYZ"]}]}},"_links":{"self":[{"href":"https:\/\/patagoniambiental.com.ar\/info\/wp-json\/wp\/v2\/posts\/38607","targetHints":{"allow":["GET"]}}],"collection":[{"href":"https:\/\/patagoniambiental.com.ar\/info\/wp-json\/wp\/v2\/posts"}],"about":[{"href":"https:\/\/patagoniambiental.com.ar\/info\/wp-json\/wp\/v2\/types\/post"}],"author":[{"embeddable":true,"href":"https:\/\/patagoniambiental.com.ar\/info\/wp-json\/wp\/v2\/users\/2"}],"replies":[{"embeddable":true,"href":"https:\/\/patagoniambiental.com.ar\/info\/wp-json\/wp\/v2\/comments?post=38607"}],"version-history":[{"count":0,"href":"https:\/\/patagoniambiental.com.ar\/info\/wp-json\/wp\/v2\/posts\/38607\/revisions"}],"wp:featuredmedia":[{"embeddable":true,"href":"https:\/\/patagoniambiental.com.ar\/info\/wp-json\/wp\/v2\/media\/38609"}],"wp:attachment":[{"href":"https:\/\/patagoniambiental.com.ar\/info\/wp-json\/wp\/v2\/media?parent=38607"}],"wp:term":[{"taxonomy":"category","embeddable":true,"href":"https:\/\/patagoniambiental.com.ar\/info\/wp-json\/wp\/v2\/categories?post=38607"},{"taxonomy":"post_tag","embeddable":true,"href":"https:\/\/patagoniambiental.com.ar\/info\/wp-json\/wp\/v2\/tags?post=38607"}],"curies":[{"name":"wp","href":"https:\/\/api.w.org\/{rel}","templated":true}]}}