{"id":38623,"date":"2017-11-22T19:00:04","date_gmt":"2017-11-22T22:00:04","guid":{"rendered":"http:\/\/patagoniambiental.com.ar\/info\/?p=38623"},"modified":"2017-11-22T13:55:00","modified_gmt":"2017-11-22T16:55:00","slug":"submarino-desaparecido-un-avion-de-la-corona-britanica-aterrizo-en-argentina-por-primera-vez-desde-malvinas","status":"publish","type":"post","link":"https:\/\/patagoniambiental.com.ar\/info\/submarino-desaparecido-un-avion-de-la-corona-britanica-aterrizo-en-argentina-por-primera-vez-desde-malvinas\/","title":{"rendered":"Submarino desaparecido: un avi\u00f3n de la Corona brit\u00e1nica aterriz\u00f3 en Argentina por primera vez desde Malvinas"},"content":{"rendered":"<div class=\"col-12 news-article-header-meta\">\n<p class=\"entry-title\">Comodoro Rivadavia.-Una aeronave de la Royal Air Force lleg\u00f3 a Comodoro Rivadavia para sumarse a la b\u00fasqueda con 16 especialistas y equipos de alta tecnolog\u00eda en rastreo.<\/p>\n<\/div>\n<p><!--more--><\/p>\n<div class=\"col-12 news-article-content entry-content\">\n<p>La desesperada b\u00fasqueda del submarino ARA San Juan, del que nada se sabe desde hace 7 d\u00edas, acerc\u00f3 al sur del pa\u00eds con\u00a0<strong>Gran Breta\u00f1a<\/strong>\u00a0a 35 a\u00f1os de la Guerra de Malvinas.<\/p>\n<p>El mi\u00e9rcoles por la ma\u00f1ana, un avi\u00f3n de la\u00a0<strong>Real Fuerza A\u00e9rea Brit\u00e1nica\u00a0<\/strong>aterriz\u00f3 en Comodoro Rivadavia con 16 especialistas en submarinos y equipamento de detecci\u00f3n de alta tecnolog\u00eda para colaborar con la investigaci\u00f3n.<\/p>\n<div class=\"related-tag clearfix\">\n<div class=\"icon-ico_tag icon-tag\"><\/div>\n<p>M\u00e1s sobre\u00a0<a class=\"related-tag-tag\" href=\"https:\/\/tn.com.ar\/tags\/submarino-desaparecido\">Submarino desaparecido<\/a><\/p>\n<div class=\"related-tag-articles grid-spaceAround\">\n<div class=\"col-12 grid\">\n<article class=\"col-4\">\n<h3><a href=\"https:\/\/tn.com.ar\/sociedad\/submarido-desaparecido-el-desesperado-llanto-de-una-hermana-siento-que-estoy-esperando-un-cadaver_835749\">Submarido desaparecido | El desesperado llanto de una hermana: \u00abSiento que estoy esperando un cad\u00e1ver\u00bb<\/a><\/h3>\n<\/article>\n<article class=\"col-4\">\n<h3><a href=\"https:\/\/tn.com.ar\/politica\/submarino-desaparecido-vladimir-putin-llamara-mauricio-macri-para-ofrecerle-ayuda-por-el-ara-san_835747\">Submarino desaparecido | Vladimir Putin llamar\u00e1 a Mauricio Macri para ofrecerle ayuda por el ARA San Juan<\/a><\/h3>\n<\/article>\n<article class=\"col-4\">\n<h3><a href=\"https:\/\/tn.com.ar\/sociedad\/subamarino-desaparecido-la-armada-ratifico-que-todavia-no-hubo-contacto-con-el-ara-san-juan_835718\">Submarino desaparecido | La Armada ratific\u00f3 que todav\u00eda no hubo contacto con el ARA San Juan<\/a><\/h3>\n<\/article>\n<\/div>\n<\/div>\n<\/div>\n<p>Es la primera vez, desde la guerra por el archipi\u00e9lago, que un avi\u00f3n real de Gran Breta\u00f1a aterriza en suelo argentino. No es el primer acercamiento entre ambas fuerzas.<\/p>\n<figure class=\"embed-image hmedia col-12\"><img class=\"photo\" title=\"\" srcset=\"https:\/\/cdn.tn.com.ar\/sites\/default\/files\/styles\/embed_image\/public\/2017\/11\/22\/5a159cfcecc76b6fd1603-c7d5-4a36-92e3-260da77eece9.jpg 720w, https:\/\/cdn.tn.com.ar\/sites\/default\/files\/styles\/embed_image\/public\/2017\/11\/22\/5a159cfcecc76b6fd1603-c7d5-4a36-92e3-260da77eece9.jpg 360w\" \/><\/figure>\n<p>El gran operativo internacional por el rescate del submarino argentino cuenta adem\u00e1s con la ayuda del buque\u00a0<strong>HMS Protector<\/strong>, de la Armada Brit\u00e1nica, que operaba en las Islas Malvinas.<\/p>\n<p>La situaci\u00f3n era tan tensa, incluso, que la propia Canciller\u00eda le hab\u00eda negado en marzo la autorizaci\u00f3n a ese mismo buque para atracar en el puerto de Buenos Aires.<\/p>\n<div class=\"social-embed social-embed-twitter\">\n<div class=\"SandboxRoot env-bp-350\" data-twitter-event-id=\"0\">\n<div id=\"twitter-widget-0\" class=\"EmbeddedTweet EmbeddedTweet--edge EmbeddedTweet--mediaForward media-forward js-clickToOpenTarget js-tweetIdInfo tweet-InformationCircle-widgetParent\" lang=\"es\" data-click-to-open-target=\"https:\/\/twitter.com\/todonoticias\/status\/933362945727389696\" data-iframe-title=\"Tweet de Twitter\" data-dt-full=\"%{hours24}:%{minutes} - %{day} %{month} %{year}\" data-dt-explicit-timestamp=\"12:54 - 22 nov. 2017\" data-dt-months=\"ene|feb|mar|abr|Mayo|jun|jul|ago|sep|oct|nov|dic\" data-dt-am=\"AM\" data-dt-pm=\"PM\" data-dt-now=\"ahora\" data-dt-s=\"s\" data-dt-m=\"m\" data-dt-h=\"h\" data-dt-second=\"segundo\" data-dt-seconds=\"segundos\" data-dt-minute=\"minuto\" data-dt-minutes=\"minutos\" data-dt-hour=\"hora\" data-dt-hours=\"horas\" data-dt-abbr=\"%{number}%{symbol}\" data-dt-short=\"%{day} %{month}\" data-dt-long=\"%{day} %{month} %{year}\" data-scribe=\"page:tweet\" data-tweet-id=\"933362945727389696\" data-twitter-event-id=\"1\">\n<article class=\"MediaCard\n           MediaCard--mediaForward\n\n           cards-multimedia\n           customisable-border\" dir=\"ltr\" data-scribe=\"component:card\"><\/p>\n<div class=\"MediaCard-media\">\n<div class=\"MediaCard-widthConstraint js-cspForcedStyle\" data-style=\"max-width: 2000px\">\n<div class=\"MediaCard-mediaContainer js-cspForcedStyle\" data-style=\"padding-bottom: 56.2500%\">\n<div class=\"NaturalImage-ctaOverlay PlayButton PlayButton--centered\" data-scribe=\"element:play_button\"><\/div>\n<p><a class=\"MediaCard-mediaAsset MediaCard-mediaPlaceholder NaturalImage NaturalImage--fill js-playableMediaInterstitial\" href=\"https:\/\/twitter.com\/todonoticias\/status\/933362945727389696\"><img decoding=\"async\" class=\"NaturalImage-image\" src=\"https:\/\/pbs.twimg.com\/ext_tw_video_thumb\/933362834142105600\/pu\/img\/yRDaoDbNF3hyXoIg.jpg\" alt=\"\" data-scribe=\"element:poster_image\" \/><\/a><\/div>\n<\/div>\n<\/div>\n<\/article>\n<div class=\"EmbeddedTweet-tweet\">\n<blockquote class=\"Tweet h-entry js-tweetIdInfo subject expanded is-deciderHtmlWhitespace\" cite=\"https:\/\/twitter.com\/todonoticias\/status\/933362945727389696\" data-tweet-id=\"933362945727389696\" data-scribe=\"section:subject\">\n<div class=\"Tweet-header u-cf\">\n<div class=\"Tweet-brand u-floatRight\"><\/div>\n<div class=\"TweetAuthor js-inViewportScribingTarget js-aBScribingTarget\" data-scribe=\"component:author\"><a class=\"TweetAuthor-link Identity u-linkBlend\" href=\"https:\/\/twitter.com\/todonoticias\" data-scribe=\"element:user_link\" aria-label=\"TN - Todo Noticias (nombre de pantalla: todonoticias)\"><span class=\"TweetAuthor-avatar Identity-avatar\"><img decoding=\"async\" class=\"Avatar Avatar--edge\" src=\"https:\/\/pbs.twimg.com\/profile_images\/875694019132751872\/nRQYNh5u_normal.jpg\" alt=\"\" data-scribe=\"element:avatar\" data-src-2x=\"https:\/\/pbs.twimg.com\/profile_images\/875694019132751872\/nRQYNh5u_bigger.jpg\" data-src-1x=\"https:\/\/pbs.twimg.com\/profile_images\/875694019132751872\/nRQYNh5u_normal.jpg\" \/><\/span><span class=\"TweetAuthor-decoratedName\"><span class=\"TweetAuthor-name TweetAuthor-name--flex Identity-name customisable-highlight\" title=\"TN - Todo Noticias\" data-scribe=\"element:name\">TN &#8211; Todo Noticias<\/span><\/span><\/a><\/p>\n<div class=\"Icon Icon--verified \" title=\"Cuenta verificada\" role=\"img\" aria-label=\"Cuenta verificada\"><\/div>\n<p><a class=\"TweetAuthor-link Identity u-linkBlend\" href=\"https:\/\/twitter.com\/todonoticias\" data-scribe=\"element:user_link\" aria-label=\"TN - Todo Noticias (nombre de pantalla: todonoticias)\"><span class=\"TweetAuthor-decoratedName\"><span class=\"TweetAuthor-verifiedBadge TweetAuthor-verifiedBadge--flex\" data-scribe=\"element:verified_badge\"><b class=\"u-hiddenVisually\">\u2714<\/b><\/span><\/span><span class=\"TweetAuthor-screenName Identity-screenName\" dir=\"ltr\" title=\"@todonoticias\" data-scribe=\"element:screen_name\">@todonoticias<\/span><\/a><\/div>\n<\/div>\n<div class=\"Tweet-body e-entry-content\" data-scribe=\"component:tweet\">\n<div class=\"u-hiddenVisually js-inViewportScribingTarget\"><\/div>\n<p class=\"Tweet-text e-entry-title\" dir=\"ltr\" lang=\"es\">Descargan equipamiento de \u00faltima generaci\u00f3n del avi\u00f3n brit\u00e1nico que aterriz\u00f3 en Comodoro Rivadavia: se sumar\u00e1 al operativo de b\u00fasqueda y rescate del Ara San Juan<\/p>\n<div class=\"Tweet-metadata dateline\"><a class=\"u-linkBlend u-url customisable-highlight long-permalink\" href=\"https:\/\/twitter.com\/todonoticias\/status\/933362945727389696\" data-datetime=\"2017-11-22T15:54:01+0000\" data-scribe=\"element:full_timestamp\"><time class=\"dt-updated\" title=\"Publicado a las: 22 de noviembre de 2017 15:54:01 (UTC)\" datetime=\"2017-11-22T15:54:01+0000\">12:54 &#8211; 22 nov. 2017<\/time><\/a><\/div>\n<div class=\"u-hiddenVisually js-aBScribingTarget\"><\/div>\n<ul class=\"Tweet-actions\" role=\"menu\" data-scribe=\"component:actions\" aria-label=\"Acciones del Tweet\">\n<li class=\"Tweet-action\">\n<div class=\"Icon Icon--reply TweetAction-icon Icon--replyEdge\" title=\"Responder\" role=\"img\" aria-label=\"Responder\"><\/div>\n<p><a class=\"TweetAction TweetAction--replyEdge web-intent\" href=\"https:\/\/twitter.com\/intent\/tweet?in_reply_to=933362945727389696\" data-scribe=\"element:reply\">\u00a0<span class=\"TweetAction-stat\" data-scribe=\"element:reply_count\" aria-hidden=\"true\">11<\/span><span class=\"u-hiddenVisually\">11 respuestas<\/span><\/a><\/li>\n<li class=\"Tweet-action\">\n<div class=\"Icon Icon--retweet TweetAction-icon Icon--retweetEdge\" title=\"Retwittear\" role=\"img\" aria-label=\"Retwittear\"><\/div>\n<p><a class=\"TweetAction TweetAction--retweetEdge web-intent\" href=\"https:\/\/twitter.com\/intent\/retweet?tweet_id=933362945727389696\" data-scribe=\"element:retweet\">\u00a0<span class=\"TweetAction-stat\" data-scribe=\"element:retweet_count\" aria-hidden=\"true\">143<\/span><span class=\"u-hiddenVisually\">143 Retweets<\/span><\/a><\/li>\n<li class=\"Tweet-action\">\n<div class=\"Icon Icon--heart TweetAction-icon Icon--heartEdge\" title=\"Me gusta\" role=\"img\" aria-label=\"Me gusta\"><\/div>\n<p><a class=\"TweetAction TweetAction--heartEdge web-intent\" href=\"https:\/\/twitter.com\/intent\/like?tweet_id=933362945727389696\" data-scribe=\"element:heart\">\u00a0<span class=\"TweetAction-stat\" data-scribe=\"element:heart_count\" aria-hidden=\"true\">299<\/span><span class=\"u-hiddenVisually\">299 me gusta<\/span><\/a><\/li>\n<\/ul>\n<\/div>\n<\/blockquote>\n<\/div>\n<div class=\"tweet-InformationCircle--top tweet-InformationCircle--topEdge tweet-InformationCircle\" data-scribe=\"element:notice\"><a class=\"Icon Icon--informationCircleWhite js-inViewportScribingTarget\" title=\"Informaci\u00f3n y privacidad de Twitter Ads\" href=\"https:\/\/support.twitter.com\/articles\/20175256\"><span class=\"u-hiddenVisually\">Informaci\u00f3n y privacidad de Twitter Ads<\/span><\/a><\/div>\n<\/div>\n<div class=\"resize-sensor\"><\/div>\n<\/div>\n<\/div>\n<p>Sin embargo, la gran predisposici\u00f3n y cooperaci\u00f3n entre los equipos t\u00e9cnicos de ambos pa\u00edses para\u00a0<strong>encontrar con vida a los 44 tripulantes\u00a0<\/strong>del ARA San Juan le puso fin a las distancias. De hecho, durante la jornada se vieron varias postales de cooperaci\u00f3n entre ambos equipos para dar con la embarcaci\u00f3n de la que nada se sabe desde el mi\u00e9rcoles pasado.<\/p>\n<p>Fuente: TN<\/p>\n<\/div>\n","protected":false},"excerpt":{"rendered":"<p>Comodoro Rivadavia.-Una aeronave de la Royal Air Force lleg\u00f3 a Comodoro Rivadavia para sumarse a la b\u00fasqueda con 16 especialistas [&hellip;]<\/p>\n","protected":false},"author":2,"featured_media":38624,"comment_status":"open","ping_status":"open","sticky":false,"template":"","format":"standard","meta":{"site-sidebar-layout":"default","site-content-layout":"","ast-site-content-layout":"default","site-content-style":"default","site-sidebar-style":"default","ast-global-header-display":"","ast-banner-title-visibility":"","ast-main-header-display":"","ast-hfb-above-header-display":"","ast-hfb-below-header-display":"","ast-hfb-mobile-header-display":"","site-post-title":"","ast-breadcrumbs-content":"","ast-featured-img":"","footer-sml-layout":"","ast-disable-related-posts":"","theme-transparent-header-meta":"","adv-header-id-meta":"","stick-header-meta":"","header-above-stick-meta":"","header-main-stick-meta":"","header-below-stick-meta":"","astra-migrate-meta-layouts":"default","ast-page-background-enabled":"default","ast-page-background-meta":{"desktop":{"background-color":"var(--ast-global-color-5)","background-image":"","background-repeat":"repeat","background-position":"center center","background-size":"auto","background-attachment":"scroll","background-type":"","background-media":"","overlay-type":"","overlay-color":"","overlay-opacity":"","overlay-gradient":""},"tablet":{"background-color":"","background-image":"","background-repeat":"repeat","background-position":"center center","background-size":"auto","background-attachment":"scroll","background-type":"","background-media":"","overlay-type":"","overlay-color":"","overlay-opacity":"","overlay-gradient":""},"mobile":{"background-color":"","background-image":"","background-repeat":"repeat","background-position":"center center","background-size":"auto","background-attachment":"scroll","background-type":"","background-media":"","overlay-type":"","overlay-color":"","overlay-opacity":"","overlay-gradient":""}},"ast-content-background-meta":{"desktop":{"background-color":"var(--ast-global-color-4)","background-image":"","background-repeat":"repeat","background-position":"center center","background-size":"auto","background-attachment":"scroll","background-type":"","background-media":"","overlay-type":"","overlay-color":"","overlay-opacity":"","overlay-gradient":""},"tablet":{"background-color":"var(--ast-global-color-4)","background-image":"","background-repeat":"repeat","background-position":"center center","background-size":"auto","background-attachment":"scroll","background-type":"","background-media":"","overlay-type":"","overlay-color":"","overlay-opacity":"","overlay-gradient":""},"mobile":{"background-color":"var(--ast-global-color-4)","background-image":"","background-repeat":"repeat","background-position":"center center","background-size":"auto","background-attachment":"scroll","background-type":"","background-media":"","overlay-type":"","overlay-color":"","overlay-opacity":"","overlay-gradient":""}},"footnotes":""},"categories":[23,1],"tags":[],"class_list":["post-38623","post","type-post","status-publish","format-standard","has-post-thumbnail","hentry","category-internacionales","category-noticias"],"yoast_head":"<!-- This site is optimized with the Yoast SEO Premium plugin v23.0 (Yoast SEO v27.4) - https:\/\/yoast.com\/product\/yoast-seo-premium-wordpress\/ -->\n<title>Submarino desaparecido: un avi\u00f3n de la Corona brit\u00e1nica aterriz\u00f3 en Argentina por primera vez desde Malvinas<\/title>\n<meta name=\"robots\" content=\"index, follow, max-snippet:-1, max-image-preview:large, max-video-preview:-1\" \/>\n<link rel=\"canonical\" href=\"https:\/\/patagoniambiental.com.ar\/info\/submarino-desaparecido-un-avion-de-la-corona-britanica-aterrizo-en-argentina-por-primera-vez-desde-malvinas\/\" \/>\n<meta property=\"og:locale\" content=\"es_ES\" \/>\n<meta property=\"og:type\" content=\"article\" \/>\n<meta property=\"og:title\" content=\"Submarino desaparecido: un avi\u00f3n de la Corona brit\u00e1nica aterriz\u00f3 en Argentina por primera vez desde Malvinas\" \/>\n<meta property=\"og:description\" content=\"Comodoro Rivadavia.-Una aeronave de la Royal Air Force lleg\u00f3 a Comodoro Rivadavia para sumarse a la b\u00fasqueda con 16 especialistas [&hellip;]\" \/>\n<meta property=\"og:url\" content=\"https:\/\/patagoniambiental.com.ar\/info\/submarino-desaparecido-un-avion-de-la-corona-britanica-aterrizo-en-argentina-por-primera-vez-desde-malvinas\/\" \/>\n<meta property=\"og:site_name\" content=\"Patagonia Ambiental\" \/>\n<meta property=\"article:publisher\" content=\"https:\/\/www.facebook.com\/patagonia.ambiental\" \/>\n<meta property=\"article:author\" content=\"https:\/\/www.facebook.com\/share\/1C1V8Gv9BX\/?mibextid=qi2Omg\" \/>\n<meta property=\"article:published_time\" content=\"2017-11-22T22:00:04+00:00\" \/>\n<meta property=\"og:image\" content=\"https:\/\/patagoniambiental.com.ar\/info\/wp-content\/uploads\/2017\/11\/Sin-t\u00edtulo-12.jpg\" \/>\n\t<meta property=\"og:image:width\" content=\"898\" \/>\n\t<meta property=\"og:image:height\" content=\"471\" \/>\n\t<meta property=\"og:image:type\" content=\"image\/jpeg\" \/>\n<meta name=\"author\" content=\"Patagonia Ambiental\" \/>\n<meta name=\"twitter:card\" content=\"summary_large_image\" \/>\n<meta name=\"twitter:creator\" content=\"@PatAmb\" \/>\n<meta name=\"twitter:site\" content=\"@PatAmb\" \/>\n<script type=\"application\/ld+json\" class=\"yoast-schema-graph\">{\"@context\":\"https:\\\/\\\/schema.org\",\"@graph\":[{\"@type\":\"Article\",\"@id\":\"https:\\\/\\\/patagoniambiental.com.ar\\\/info\\\/submarino-desaparecido-un-avion-de-la-corona-britanica-aterrizo-en-argentina-por-primera-vez-desde-malvinas\\\/#article\",\"isPartOf\":{\"@id\":\"https:\\\/\\\/patagoniambiental.com.ar\\\/info\\\/submarino-desaparecido-un-avion-de-la-corona-britanica-aterrizo-en-argentina-por-primera-vez-desde-malvinas\\\/\"},\"author\":{\"name\":\"Patagonia Ambiental\",\"@id\":\"https:\\\/\\\/patagoniambiental.com.ar\\\/info\\\/#\\\/schema\\\/person\\\/db12bff64bbcbf6a253710bf0ea37b5d\"},\"headline\":\"Submarino desaparecido: un avi\u00f3n de la Corona brit\u00e1nica aterriz\u00f3 en Argentina por primera vez desde Malvinas\",\"datePublished\":\"2017-11-22T22:00:04+00:00\",\"mainEntityOfPage\":{\"@id\":\"https:\\\/\\\/patagoniambiental.com.ar\\\/info\\\/submarino-desaparecido-un-avion-de-la-corona-britanica-aterrizo-en-argentina-por-primera-vez-desde-malvinas\\\/\"},\"wordCount\":388,\"commentCount\":0,\"publisher\":{\"@id\":\"https:\\\/\\\/patagoniambiental.com.ar\\\/info\\\/#organization\"},\"image\":{\"@id\":\"https:\\\/\\\/patagoniambiental.com.ar\\\/info\\\/submarino-desaparecido-un-avion-de-la-corona-britanica-aterrizo-en-argentina-por-primera-vez-desde-malvinas\\\/#primaryimage\"},\"thumbnailUrl\":\"https:\\\/\\\/patagoniambiental.com.ar\\\/info\\\/wp-content\\\/uploads\\\/2017\\\/11\\\/Sin-t\u00edtulo-12.jpg\",\"articleSection\":[\"Internacionales\",\"Noticias\"],\"inLanguage\":\"es\",\"potentialAction\":[{\"@type\":\"CommentAction\",\"name\":\"Comment\",\"target\":[\"https:\\\/\\\/patagoniambiental.com.ar\\\/info\\\/submarino-desaparecido-un-avion-de-la-corona-britanica-aterrizo-en-argentina-por-primera-vez-desde-malvinas\\\/#respond\"]}]},{\"@type\":\"WebPage\",\"@id\":\"https:\\\/\\\/patagoniambiental.com.ar\\\/info\\\/submarino-desaparecido-un-avion-de-la-corona-britanica-aterrizo-en-argentina-por-primera-vez-desde-malvinas\\\/\",\"url\":\"https:\\\/\\\/patagoniambiental.com.ar\\\/info\\\/submarino-desaparecido-un-avion-de-la-corona-britanica-aterrizo-en-argentina-por-primera-vez-desde-malvinas\\\/\",\"name\":\"Submarino desaparecido: un avi\u00f3n de la Corona brit\u00e1nica aterriz\u00f3 en Argentina por primera vez desde Malvinas\",\"isPartOf\":{\"@id\":\"https:\\\/\\\/patagoniambiental.com.ar\\\/info\\\/#website\"},\"primaryImageOfPage\":{\"@id\":\"https:\\\/\\\/patagoniambiental.com.ar\\\/info\\\/submarino-desaparecido-un-avion-de-la-corona-britanica-aterrizo-en-argentina-por-primera-vez-desde-malvinas\\\/#primaryimage\"},\"image\":{\"@id\":\"https:\\\/\\\/patagoniambiental.com.ar\\\/info\\\/submarino-desaparecido-un-avion-de-la-corona-britanica-aterrizo-en-argentina-por-primera-vez-desde-malvinas\\\/#primaryimage\"},\"thumbnailUrl\":\"https:\\\/\\\/patagoniambiental.com.ar\\\/info\\\/wp-content\\\/uploads\\\/2017\\\/11\\\/Sin-t\u00edtulo-12.jpg\",\"datePublished\":\"2017-11-22T22:00:04+00:00\",\"breadcrumb\":{\"@id\":\"https:\\\/\\\/patagoniambiental.com.ar\\\/info\\\/submarino-desaparecido-un-avion-de-la-corona-britanica-aterrizo-en-argentina-por-primera-vez-desde-malvinas\\\/#breadcrumb\"},\"inLanguage\":\"es\",\"potentialAction\":[{\"@type\":\"ReadAction\",\"target\":[\"https:\\\/\\\/patagoniambiental.com.ar\\\/info\\\/submarino-desaparecido-un-avion-de-la-corona-britanica-aterrizo-en-argentina-por-primera-vez-desde-malvinas\\\/\"]}]},{\"@type\":\"ImageObject\",\"inLanguage\":\"es\",\"@id\":\"https:\\\/\\\/patagoniambiental.com.ar\\\/info\\\/submarino-desaparecido-un-avion-de-la-corona-britanica-aterrizo-en-argentina-por-primera-vez-desde-malvinas\\\/#primaryimage\",\"url\":\"https:\\\/\\\/patagoniambiental.com.ar\\\/info\\\/wp-content\\\/uploads\\\/2017\\\/11\\\/Sin-t\u00edtulo-12.jpg\",\"contentUrl\":\"https:\\\/\\\/patagoniambiental.com.ar\\\/info\\\/wp-content\\\/uploads\\\/2017\\\/11\\\/Sin-t\u00edtulo-12.jpg\",\"width\":898,\"height\":471},{\"@type\":\"BreadcrumbList\",\"@id\":\"https:\\\/\\\/patagoniambiental.com.ar\\\/info\\\/submarino-desaparecido-un-avion-de-la-corona-britanica-aterrizo-en-argentina-por-primera-vez-desde-malvinas\\\/#breadcrumb\",\"itemListElement\":[{\"@type\":\"ListItem\",\"position\":1,\"name\":\"Inicio\",\"item\":\"https:\\\/\\\/patagoniambiental.com.ar\\\/info\\\/\"},{\"@type\":\"ListItem\",\"position\":2,\"name\":\"Submarino desaparecido: un avi\u00f3n de la Corona brit\u00e1nica aterriz\u00f3 en Argentina por primera vez desde Malvinas\"}]},{\"@type\":\"WebSite\",\"@id\":\"https:\\\/\\\/patagoniambiental.com.ar\\\/info\\\/#website\",\"url\":\"https:\\\/\\\/patagoniambiental.com.ar\\\/info\\\/\",\"name\":\"Patagonia Ambiental\",\"description\":\"Monitoreo y an\u00e1lisis de la situaci\u00f3n geopol\u00edtica en el mundo y su implicancia en la Patagonia\",\"publisher\":{\"@id\":\"https:\\\/\\\/patagoniambiental.com.ar\\\/info\\\/#organization\"},\"potentialAction\":[{\"@type\":\"SearchAction\",\"target\":{\"@type\":\"EntryPoint\",\"urlTemplate\":\"https:\\\/\\\/patagoniambiental.com.ar\\\/info\\\/?s={search_term_string}\"},\"query-input\":{\"@type\":\"PropertyValueSpecification\",\"valueRequired\":true,\"valueName\":\"search_term_string\"}}],\"inLanguage\":\"es\"},{\"@type\":\"Organization\",\"@id\":\"https:\\\/\\\/patagoniambiental.com.ar\\\/info\\\/#organization\",\"name\":\"Patagonia Ambiental\",\"url\":\"https:\\\/\\\/patagoniambiental.com.ar\\\/info\\\/\",\"logo\":{\"@type\":\"ImageObject\",\"inLanguage\":\"es\",\"@id\":\"https:\\\/\\\/patagoniambiental.com.ar\\\/info\\\/#\\\/schema\\\/logo\\\/image\\\/\",\"url\":\"https:\\\/\\\/patagoniambiental.com.ar\\\/info\\\/wp-content\\\/uploads\\\/2025\\\/05\\\/LOGO-PATAGONIA-AMBIENTAL.png\",\"contentUrl\":\"https:\\\/\\\/patagoniambiental.com.ar\\\/info\\\/wp-content\\\/uploads\\\/2025\\\/05\\\/LOGO-PATAGONIA-AMBIENTAL.png\",\"width\":433,\"height\":250,\"caption\":\"Patagonia Ambiental\"},\"image\":{\"@id\":\"https:\\\/\\\/patagoniambiental.com.ar\\\/info\\\/#\\\/schema\\\/logo\\\/image\\\/\"},\"sameAs\":[\"https:\\\/\\\/www.facebook.com\\\/patagonia.ambiental\",\"https:\\\/\\\/x.com\\\/PatAmb\"]},{\"@type\":\"Person\",\"@id\":\"https:\\\/\\\/patagoniambiental.com.ar\\\/info\\\/#\\\/schema\\\/person\\\/db12bff64bbcbf6a253710bf0ea37b5d\",\"name\":\"Patagonia Ambiental\",\"description\":\"Andr\u00e9s Nievas T\u00e9cnico en manejo ambiental, consultor Ambiental y escritor para medios locales e internacionales sobre temas de geopolitica y medio ambiente.\",\"sameAs\":[\"http:\\\/\\\/www.patagoniambiental.com.ar\",\"https:\\\/\\\/www.facebook.com\\\/share\\\/1C1V8Gv9BX\\\/?mibextid=qi2Omg\",\"@patagoniambiental\",\"https:\\\/\\\/youtube.com\\\/@patagoniaambiental2023?si=BLt58t0wuXquxlYZ\"]}]}<\/script>\n<!-- \/ Yoast SEO Premium plugin. -->","yoast_head_json":{"title":"Submarino desaparecido: un avi\u00f3n de la Corona brit\u00e1nica aterriz\u00f3 en Argentina por primera vez desde Malvinas","robots":{"index":"index","follow":"follow","max-snippet":"max-snippet:-1","max-image-preview":"max-image-preview:large","max-video-preview":"max-video-preview:-1"},"canonical":"https:\/\/patagoniambiental.com.ar\/info\/submarino-desaparecido-un-avion-de-la-corona-britanica-aterrizo-en-argentina-por-primera-vez-desde-malvinas\/","og_locale":"es_ES","og_type":"article","og_title":"Submarino desaparecido: un avi\u00f3n de la Corona brit\u00e1nica aterriz\u00f3 en Argentina por primera vez desde Malvinas","og_description":"Comodoro Rivadavia.-Una aeronave de la Royal Air Force lleg\u00f3 a Comodoro Rivadavia para sumarse a la b\u00fasqueda con 16 especialistas [&hellip;]","og_url":"https:\/\/patagoniambiental.com.ar\/info\/submarino-desaparecido-un-avion-de-la-corona-britanica-aterrizo-en-argentina-por-primera-vez-desde-malvinas\/","og_site_name":"Patagonia Ambiental","article_publisher":"https:\/\/www.facebook.com\/patagonia.ambiental","article_author":"https:\/\/www.facebook.com\/share\/1C1V8Gv9BX\/?mibextid=qi2Omg","article_published_time":"2017-11-22T22:00:04+00:00","og_image":[{"width":898,"height":471,"url":"https:\/\/patagoniambiental.com.ar\/info\/wp-content\/uploads\/2017\/11\/Sin-t\u00edtulo-12.jpg","type":"image\/jpeg"}],"author":"Patagonia Ambiental","twitter_card":"summary_large_image","twitter_creator":"@PatAmb","twitter_site":"@PatAmb","schema":{"@context":"https:\/\/schema.org","@graph":[{"@type":"Article","@id":"https:\/\/patagoniambiental.com.ar\/info\/submarino-desaparecido-un-avion-de-la-corona-britanica-aterrizo-en-argentina-por-primera-vez-desde-malvinas\/#article","isPartOf":{"@id":"https:\/\/patagoniambiental.com.ar\/info\/submarino-desaparecido-un-avion-de-la-corona-britanica-aterrizo-en-argentina-por-primera-vez-desde-malvinas\/"},"author":{"name":"Patagonia Ambiental","@id":"https:\/\/patagoniambiental.com.ar\/info\/#\/schema\/person\/db12bff64bbcbf6a253710bf0ea37b5d"},"headline":"Submarino desaparecido: un avi\u00f3n de la Corona brit\u00e1nica aterriz\u00f3 en Argentina por primera vez desde Malvinas","datePublished":"2017-11-22T22:00:04+00:00","mainEntityOfPage":{"@id":"https:\/\/patagoniambiental.com.ar\/info\/submarino-desaparecido-un-avion-de-la-corona-britanica-aterrizo-en-argentina-por-primera-vez-desde-malvinas\/"},"wordCount":388,"commentCount":0,"publisher":{"@id":"https:\/\/patagoniambiental.com.ar\/info\/#organization"},"image":{"@id":"https:\/\/patagoniambiental.com.ar\/info\/submarino-desaparecido-un-avion-de-la-corona-britanica-aterrizo-en-argentina-por-primera-vez-desde-malvinas\/#primaryimage"},"thumbnailUrl":"https:\/\/patagoniambiental.com.ar\/info\/wp-content\/uploads\/2017\/11\/Sin-t\u00edtulo-12.jpg","articleSection":["Internacionales","Noticias"],"inLanguage":"es","potentialAction":[{"@type":"CommentAction","name":"Comment","target":["https:\/\/patagoniambiental.com.ar\/info\/submarino-desaparecido-un-avion-de-la-corona-britanica-aterrizo-en-argentina-por-primera-vez-desde-malvinas\/#respond"]}]},{"@type":"WebPage","@id":"https:\/\/patagoniambiental.com.ar\/info\/submarino-desaparecido-un-avion-de-la-corona-britanica-aterrizo-en-argentina-por-primera-vez-desde-malvinas\/","url":"https:\/\/patagoniambiental.com.ar\/info\/submarino-desaparecido-un-avion-de-la-corona-britanica-aterrizo-en-argentina-por-primera-vez-desde-malvinas\/","name":"Submarino desaparecido: un avi\u00f3n de la Corona brit\u00e1nica aterriz\u00f3 en Argentina por primera vez desde Malvinas","isPartOf":{"@id":"https:\/\/patagoniambiental.com.ar\/info\/#website"},"primaryImageOfPage":{"@id":"https:\/\/patagoniambiental.com.ar\/info\/submarino-desaparecido-un-avion-de-la-corona-britanica-aterrizo-en-argentina-por-primera-vez-desde-malvinas\/#primaryimage"},"image":{"@id":"https:\/\/patagoniambiental.com.ar\/info\/submarino-desaparecido-un-avion-de-la-corona-britanica-aterrizo-en-argentina-por-primera-vez-desde-malvinas\/#primaryimage"},"thumbnailUrl":"https:\/\/patagoniambiental.com.ar\/info\/wp-content\/uploads\/2017\/11\/Sin-t\u00edtulo-12.jpg","datePublished":"2017-11-22T22:00:04+00:00","breadcrumb":{"@id":"https:\/\/patagoniambiental.com.ar\/info\/submarino-desaparecido-un-avion-de-la-corona-britanica-aterrizo-en-argentina-por-primera-vez-desde-malvinas\/#breadcrumb"},"inLanguage":"es","potentialAction":[{"@type":"ReadAction","target":["https:\/\/patagoniambiental.com.ar\/info\/submarino-desaparecido-un-avion-de-la-corona-britanica-aterrizo-en-argentina-por-primera-vez-desde-malvinas\/"]}]},{"@type":"ImageObject","inLanguage":"es","@id":"https:\/\/patagoniambiental.com.ar\/info\/submarino-desaparecido-un-avion-de-la-corona-britanica-aterrizo-en-argentina-por-primera-vez-desde-malvinas\/#primaryimage","url":"https:\/\/patagoniambiental.com.ar\/info\/wp-content\/uploads\/2017\/11\/Sin-t\u00edtulo-12.jpg","contentUrl":"https:\/\/patagoniambiental.com.ar\/info\/wp-content\/uploads\/2017\/11\/Sin-t\u00edtulo-12.jpg","width":898,"height":471},{"@type":"BreadcrumbList","@id":"https:\/\/patagoniambiental.com.ar\/info\/submarino-desaparecido-un-avion-de-la-corona-britanica-aterrizo-en-argentina-por-primera-vez-desde-malvinas\/#breadcrumb","itemListElement":[{"@type":"ListItem","position":1,"name":"Inicio","item":"https:\/\/patagoniambiental.com.ar\/info\/"},{"@type":"ListItem","position":2,"name":"Submarino desaparecido: un avi\u00f3n de la Corona brit\u00e1nica aterriz\u00f3 en Argentina por primera vez desde Malvinas"}]},{"@type":"WebSite","@id":"https:\/\/patagoniambiental.com.ar\/info\/#website","url":"https:\/\/patagoniambiental.com.ar\/info\/","name":"Patagonia Ambiental","description":"Monitoreo y an\u00e1lisis de la situaci\u00f3n geopol\u00edtica en el mundo y su implicancia en la Patagonia","publisher":{"@id":"https:\/\/patagoniambiental.com.ar\/info\/#organization"},"potentialAction":[{"@type":"SearchAction","target":{"@type":"EntryPoint","urlTemplate":"https:\/\/patagoniambiental.com.ar\/info\/?s={search_term_string}"},"query-input":{"@type":"PropertyValueSpecification","valueRequired":true,"valueName":"search_term_string"}}],"inLanguage":"es"},{"@type":"Organization","@id":"https:\/\/patagoniambiental.com.ar\/info\/#organization","name":"Patagonia Ambiental","url":"https:\/\/patagoniambiental.com.ar\/info\/","logo":{"@type":"ImageObject","inLanguage":"es","@id":"https:\/\/patagoniambiental.com.ar\/info\/#\/schema\/logo\/image\/","url":"https:\/\/patagoniambiental.com.ar\/info\/wp-content\/uploads\/2025\/05\/LOGO-PATAGONIA-AMBIENTAL.png","contentUrl":"https:\/\/patagoniambiental.com.ar\/info\/wp-content\/uploads\/2025\/05\/LOGO-PATAGONIA-AMBIENTAL.png","width":433,"height":250,"caption":"Patagonia Ambiental"},"image":{"@id":"https:\/\/patagoniambiental.com.ar\/info\/#\/schema\/logo\/image\/"},"sameAs":["https:\/\/www.facebook.com\/patagonia.ambiental","https:\/\/x.com\/PatAmb"]},{"@type":"Person","@id":"https:\/\/patagoniambiental.com.ar\/info\/#\/schema\/person\/db12bff64bbcbf6a253710bf0ea37b5d","name":"Patagonia Ambiental","description":"Andr\u00e9s Nievas T\u00e9cnico en manejo ambiental, consultor Ambiental y escritor para medios locales e internacionales sobre temas de geopolitica y medio ambiente.","sameAs":["http:\/\/www.patagoniambiental.com.ar","https:\/\/www.facebook.com\/share\/1C1V8Gv9BX\/?mibextid=qi2Omg","@patagoniambiental","https:\/\/youtube.com\/@patagoniaambiental2023?si=BLt58t0wuXquxlYZ"]}]}},"_links":{"self":[{"href":"https:\/\/patagoniambiental.com.ar\/info\/wp-json\/wp\/v2\/posts\/38623","targetHints":{"allow":["GET"]}}],"collection":[{"href":"https:\/\/patagoniambiental.com.ar\/info\/wp-json\/wp\/v2\/posts"}],"about":[{"href":"https:\/\/patagoniambiental.com.ar\/info\/wp-json\/wp\/v2\/types\/post"}],"author":[{"embeddable":true,"href":"https:\/\/patagoniambiental.com.ar\/info\/wp-json\/wp\/v2\/users\/2"}],"replies":[{"embeddable":true,"href":"https:\/\/patagoniambiental.com.ar\/info\/wp-json\/wp\/v2\/comments?post=38623"}],"version-history":[{"count":0,"href":"https:\/\/patagoniambiental.com.ar\/info\/wp-json\/wp\/v2\/posts\/38623\/revisions"}],"wp:featuredmedia":[{"embeddable":true,"href":"https:\/\/patagoniambiental.com.ar\/info\/wp-json\/wp\/v2\/media\/38624"}],"wp:attachment":[{"href":"https:\/\/patagoniambiental.com.ar\/info\/wp-json\/wp\/v2\/media?parent=38623"}],"wp:term":[{"taxonomy":"category","embeddable":true,"href":"https:\/\/patagoniambiental.com.ar\/info\/wp-json\/wp\/v2\/categories?post=38623"},{"taxonomy":"post_tag","embeddable":true,"href":"https:\/\/patagoniambiental.com.ar\/info\/wp-json\/wp\/v2\/tags?post=38623"}],"curies":[{"name":"wp","href":"https:\/\/api.w.org\/{rel}","templated":true}]}}