{"id":38636,"date":"2017-11-23T19:00:04","date_gmt":"2017-11-23T22:00:04","guid":{"rendered":"http:\/\/patagoniambiental.com.ar\/info\/?p=38636"},"modified":"2017-11-22T17:13:12","modified_gmt":"2017-11-22T20:13:12","slug":"presidenta-bachelet-crea-comision-asesora-presidencial-permanente-de-cambio-climatico","status":"publish","type":"post","link":"https:\/\/patagoniambiental.com.ar\/info\/presidenta-bachelet-crea-comision-asesora-presidencial-permanente-de-cambio-climatico\/","title":{"rendered":"Gobierno de Chile crea comisi\u00f3n para combatir el cambio clim\u00e1tico"},"content":{"rendered":"<div class=\"autor\">\n<p>SANTIAGO (Sputnik) \u2014 La presidenta de Chile, Michelle Bachelet, firm\u00f3 una decreto que crea la Comisi\u00f3n Presidencial Permanente de Cambio Clim\u00e1tico, cuyo objetivo ser\u00e1 elaborar propuestas para implementar pol\u00edticas p\u00fablicas en la materia.<\/p>\n<div class=\"l-wrap breakingnews\">\n<div class=\"b-header\">\n<div class=\"b-article__header\">\n<div class=\"b-article__header-title \">\n<p><!--more--><\/p>\n<\/div>\n<div class=\"b-article__header-copy\"><a href=\"https:\/\/creativecommons.org\/licenses\/by-sa\/2.0\/\">CC BY-SA 2.0<\/a>\u00a0\/\u00a0<a href=\"https:\/\/www.flickr.com\/photos\/flashpacker-travelguide\/\">FLASHPACKER TRAVELGUIDE<\/a>\u00a0\/\u00a0<a href=\"https:\/\/www.flickr.com\/photos\/flashpacker-travelguide\/34259174936\/in\/photolist-8uB9Ne-M43QT-a2zrMd-48oHSs-4JJFpa-HGKfT-6Ddbqe-6Tez2t-BhkWz-3a6jyq-6iXCsh-6Tivgu-73E3SH-3a1Hc8-5EC4zb-8J1pqM-68sbL2-6oeTg-a23upW-pkg3jj-8pPcN7-68wk79-BSjfJ-8FC8eT-8uEePj-2vHMPb-5ExLjr-2vDq1c-5CXobz-CRCF7Q-7fL3wK-aDgkaz-dYk5x-pEKB9-2vDt14-5ExGzt-BhjYN-N7GCz2-P5URBB-oaHHzm-NCiU89-P2RxVu-DSk5Vo-Ucne8W-FrWxkQ-Avzriu-skuk13-pW1s8c-k4prqP-wEgZv\">South America | S\u00fcdamerika | Chile | Flag | Flagge<\/a><\/div>\n<\/div>\n<\/div>\n<\/div>\n<div class=\"l-main m-oh\">\n<div class=\"l-wrap m-clear\">\n<div class=\"l-maincolumn m-static\">\n<div class=\"b-article\">\n<div class=\"b-article__refs-text\">\n<p><a class=\"b-article__refs-rubric\" href=\"https:\/\/mundo.sputniknews.com\/americalatina\/\">AM\u00c9RICA LATINA<\/a><\/p>\n<div class=\"b-article__refs-credits\"><time class=\"b-article__refs-date\" datetime=\"2017-11-22T20:50\">20:50 22.11.2017<\/time><time class=\"b-article__refs-date-upd\" datetime=\"2017-11-22T20:54\">(actualizada a las 20:54 22.11.2017)<\/time><span id=\"getShortUrl\" class=\"b-article__refs-getshorturl\" data-article=\"1074179860\">URL corto<\/span><\/div>\n<div class=\"b-counters \"><a class=\"b-counters-icon b-counters-icon_comments\" href=\"https:\/\/mundo.sputniknews.com\/americalatina\/201711221074179860-santiago-bachelet-ecologia-clima\/#comments\"><i><\/i>\u00a00\u00a0<\/a><span class=\"b-counters-icon b-counters-icon_view\"><i><\/i>17<\/span><span class=\"b-counters-icon b-counters-icon_like\"><i><\/i>1<\/span><span class=\"b-counters-icon b-counters-icon_dislike\"><i><\/i>0<\/span><\/div>\n<\/div>\n<div class=\"b-article__lead\"><\/div>\n<div class=\"b-article__text\">\n<p class=\"marker-quote1\">\u00abLa comisi\u00f3n cumplir\u00e1 un rol central en el gran esfuerzo nacional en el que estamos embarcados para situarnos en el campo de la acci\u00f3n, no en el de la negociaci\u00f3n ni tampoco en el de la indiferencia\u00bb, dijo Bachelet en una conferencia de prensa.<\/p>\n<div class=\"b-inject m-inject-min\">\n<div class=\"b-inject__media\"><img fetchpriority=\"high\" decoding=\"async\" class=\"\" title=\"Michelle Bachelet, presidenta de Chile\" src=\"https:\/\/cdnmundo2.img.sputniknews.com\/images\/107252\/00\/1072520099.jpg\" alt=\"Michelle Bachelet, presidenta de Chile\" width=\"705\" height=\"375\" \/><\/div>\n<div class=\"b-inject__copy\">\u00a9 REUTERS\/ LUCAS JACKSON<\/div>\n<div class=\"b-inject__content\"><a href=\"https:\/\/mundo.sputniknews.com\/americalatina\/201709211072520140-bachelet-fenomeno-medio-ambiente\/\">Presidenta de Chile: no hay lugar para negacionismo ante cambio clim\u00e1tico<\/a><\/div>\n<\/div>\n<p>Algunas de sus funciones ser\u00e1 elaborar propuestas de dise\u00f1o de instrumentos y procesos para implementar pol\u00edticas p\u00fablicas clim\u00e1ticas, as\u00ed como garantizar el cumplimiento de los compromisos internacionales adquiridos por Chile, \u00abentregando una mirada de largo plazo, intergeneracional, transversal y multisectorial que contribuya al desarrollo de dicha acci\u00f3n\u00bb, a\u00f1adi\u00f3 la mandataria.Este \u00f3rgano estar\u00e1 integrado por m\u00e1s de 30 miembros, entre los que se encontrar\u00e1n expertos de la sociedad civil del \u00e1mbito p\u00fablico y privado, autoridades y representantes de distintas organizaciones.<\/p>\n<p><strong>Lea tambi\u00e9n:\u00a0<a href=\"https:\/\/mundo.sputniknews.com\/americalatina\/201708241071821952-gira-bachelet-hernandez\/\">Chile y Honduras firman acuerdos sobre miner\u00eda y cambio clim\u00e1tico<\/a><\/strong><\/p>\n<p class=\"marker-quote1\">\u00abNos hemos tomado en serio la gravedad y la urgencia de lo que est\u00e1 en juego, entendiendo que un fen\u00f3meno de esta magnitud y complejidad, se enfrenta con acciones en m\u00faltiples \u00e1reas de nuestra vida en com\u00fan\u00bb, advirti\u00f3 la presidenta.<\/p>\n<div class=\"b-inject m-inject-min\">\n<div class=\"b-inject__media\"><img decoding=\"async\" class=\"\" title=\"Lava (imagen referencial)\" src=\"https:\/\/cdnmundo2.img.sputniknews.com\/images\/107386\/37\/1073863785.jpg\" alt=\"Lava (imagen referencial)\" width=\"705\" height=\"375\" \/><\/div>\n<div class=\"b-inject__copy\"><a href=\"https:\/\/creativecommons.org\/publicdomain\/zero\/1.0\/\">CC0<\/a>\u00a0\/\u00a0<a href=\"https:\/\/pixabay.com\/ru\/%D1%80%D0%B0%D1%81%D0%BF%D0%BB%D0%B0%D0%B2%D0%BB%D0%B5%D0%BD%D0%BD%D1%8B%D0%B9-%D0%B2%D1%83%D0%BB%D0%BA%D0%B0%D0%BD-%D0%BB%D0%B0%D0%B2%D0%B0-%D0%BD%D0%BE%D1%87%D1%8C-604084\/\">SKEEZE<\/a><\/div>\n<div class=\"b-inject__content\"><a href=\"https:\/\/mundo.sputniknews.com\/ecologia\/201711101073863824-plumas-mantelicas-lava-magma\/\">Un supervolc\u00e1n podr\u00eda estar detr\u00e1s del deshielo ant\u00e1rtico<\/a><\/div>\n<\/div>\n<p>Bachelet tambi\u00e9n indic\u00f3 que aunque las emisiones contaminantes de Chile \u00abson \u00ednfimas en t\u00e9rminos globales, de solo 0,3%\u00bb, el pa\u00eds puede mirar a sus pares \u00abcon la tranquilidad de estar haciendo una enorme contribuci\u00f3n\u00bb.Una de las prioridades del Ministerio de Medioambiente ha sido combatir el cambio clim\u00e1tico, con medidas como el impuesto a las emisiones de di\u00f3xido de carbono de fuentes fijas, la prohibici\u00f3n de bolsas pl\u00e1sticas en los sectores costeros o el aumento de fuentes de energ\u00eda renovable no convencionales.<\/p>\n<\/div>\n<\/div>\n<\/div>\n<\/div>\n<\/div>\n<\/div>\n<p>&nbsp;<\/p>\n<p>Fuente: Agencia Sputnik<\/p>\n","protected":false},"excerpt":{"rendered":"<p>SANTIAGO (Sputnik) \u2014 La presidenta de Chile, Michelle Bachelet, firm\u00f3 una decreto que crea la Comisi\u00f3n Presidencial Permanente de Cambio [&hellip;]<\/p>\n","protected":false},"author":2,"featured_media":38646,"comment_status":"open","ping_status":"open","sticky":false,"template":"","format":"standard","meta":{"site-sidebar-layout":"default","site-content-layout":"","ast-site-content-layout":"default","site-content-style":"default","site-sidebar-style":"default","ast-global-header-display":"","ast-banner-title-visibility":"","ast-main-header-display":"","ast-hfb-above-header-display":"","ast-hfb-below-header-display":"","ast-hfb-mobile-header-display":"","site-post-title":"","ast-breadcrumbs-content":"","ast-featured-img":"","footer-sml-layout":"","ast-disable-related-posts":"","theme-transparent-header-meta":"","adv-header-id-meta":"","stick-header-meta":"","header-above-stick-meta":"","header-main-stick-meta":"","header-below-stick-meta":"","astra-migrate-meta-layouts":"default","ast-page-background-enabled":"default","ast-page-background-meta":{"desktop":{"background-color":"var(--ast-global-color-5)","background-image":"","background-repeat":"repeat","background-position":"center center","background-size":"auto","background-attachment":"scroll","background-type":"","background-media":"","overlay-type":"","overlay-color":"","overlay-opacity":"","overlay-gradient":""},"tablet":{"background-color":"","background-image":"","background-repeat":"repeat","background-position":"center center","background-size":"auto","background-attachment":"scroll","background-type":"","background-media":"","overlay-type":"","overlay-color":"","overlay-opacity":"","overlay-gradient":""},"mobile":{"background-color":"","background-image":"","background-repeat":"repeat","background-position":"center center","background-size":"auto","background-attachment":"scroll","background-type":"","background-media":"","overlay-type":"","overlay-color":"","overlay-opacity":"","overlay-gradient":""}},"ast-content-background-meta":{"desktop":{"background-color":"var(--ast-global-color-4)","background-image":"","background-repeat":"repeat","background-position":"center center","background-size":"auto","background-attachment":"scroll","background-type":"","background-media":"","overlay-type":"","overlay-color":"","overlay-opacity":"","overlay-gradient":""},"tablet":{"background-color":"var(--ast-global-color-4)","background-image":"","background-repeat":"repeat","background-position":"center center","background-size":"auto","background-attachment":"scroll","background-type":"","background-media":"","overlay-type":"","overlay-color":"","overlay-opacity":"","overlay-gradient":""},"mobile":{"background-color":"var(--ast-global-color-4)","background-image":"","background-repeat":"repeat","background-position":"center center","background-size":"auto","background-attachment":"scroll","background-type":"","background-media":"","overlay-type":"","overlay-color":"","overlay-opacity":"","overlay-gradient":""}},"footnotes":""},"categories":[23,1],"tags":[],"class_list":["post-38636","post","type-post","status-publish","format-standard","has-post-thumbnail","hentry","category-internacionales","category-noticias"],"yoast_head":"<!-- This site is optimized with the Yoast SEO Premium plugin v23.0 (Yoast SEO v27.4) - https:\/\/yoast.com\/product\/yoast-seo-premium-wordpress\/ -->\n<title>Gobierno de Chile crea comisi\u00f3n para combatir el cambio clim\u00e1tico<\/title>\n<meta name=\"robots\" content=\"index, follow, max-snippet:-1, max-image-preview:large, max-video-preview:-1\" \/>\n<link rel=\"canonical\" href=\"https:\/\/patagoniambiental.com.ar\/info\/presidenta-bachelet-crea-comision-asesora-presidencial-permanente-de-cambio-climatico\/\" \/>\n<meta property=\"og:locale\" content=\"es_ES\" \/>\n<meta property=\"og:type\" content=\"article\" \/>\n<meta property=\"og:title\" content=\"Gobierno de Chile crea comisi\u00f3n para combatir el cambio clim\u00e1tico\" \/>\n<meta property=\"og:description\" content=\"SANTIAGO (Sputnik) \u2014 La presidenta de Chile, Michelle Bachelet, firm\u00f3 una decreto que crea la Comisi\u00f3n Presidencial Permanente de Cambio [&hellip;]\" \/>\n<meta property=\"og:url\" content=\"https:\/\/patagoniambiental.com.ar\/info\/presidenta-bachelet-crea-comision-asesora-presidencial-permanente-de-cambio-climatico\/\" \/>\n<meta property=\"og:site_name\" content=\"Patagonia Ambiental\" \/>\n<meta property=\"article:publisher\" content=\"https:\/\/www.facebook.com\/patagonia.ambiental\" \/>\n<meta property=\"article:author\" content=\"https:\/\/www.facebook.com\/share\/1C1V8Gv9BX\/?mibextid=qi2Omg\" \/>\n<meta property=\"article:published_time\" content=\"2017-11-23T22:00:04+00:00\" \/>\n<meta property=\"og:image\" content=\"https:\/\/patagoniambiental.com.ar\/info\/wp-content\/uploads\/2017\/11\/1072520099.jpg\" \/>\n\t<meta property=\"og:image:width\" content=\"705\" \/>\n\t<meta property=\"og:image:height\" content=\"375\" \/>\n\t<meta property=\"og:image:type\" content=\"image\/jpeg\" \/>\n<meta name=\"author\" content=\"Patagonia Ambiental\" \/>\n<meta name=\"twitter:card\" content=\"summary_large_image\" \/>\n<meta name=\"twitter:creator\" content=\"@PatAmb\" \/>\n<meta name=\"twitter:site\" content=\"@PatAmb\" \/>\n<script type=\"application\/ld+json\" class=\"yoast-schema-graph\">{\"@context\":\"https:\\\/\\\/schema.org\",\"@graph\":[{\"@type\":\"Article\",\"@id\":\"https:\\\/\\\/patagoniambiental.com.ar\\\/info\\\/presidenta-bachelet-crea-comision-asesora-presidencial-permanente-de-cambio-climatico\\\/#article\",\"isPartOf\":{\"@id\":\"https:\\\/\\\/patagoniambiental.com.ar\\\/info\\\/presidenta-bachelet-crea-comision-asesora-presidencial-permanente-de-cambio-climatico\\\/\"},\"author\":{\"name\":\"Patagonia Ambiental\",\"@id\":\"https:\\\/\\\/patagoniambiental.com.ar\\\/info\\\/#\\\/schema\\\/person\\\/db12bff64bbcbf6a253710bf0ea37b5d\"},\"headline\":\"Gobierno de Chile crea comisi\u00f3n para combatir el cambio clim\u00e1tico\",\"datePublished\":\"2017-11-23T22:00:04+00:00\",\"mainEntityOfPage\":{\"@id\":\"https:\\\/\\\/patagoniambiental.com.ar\\\/info\\\/presidenta-bachelet-crea-comision-asesora-presidencial-permanente-de-cambio-climatico\\\/\"},\"wordCount\":383,\"commentCount\":0,\"publisher\":{\"@id\":\"https:\\\/\\\/patagoniambiental.com.ar\\\/info\\\/#organization\"},\"image\":{\"@id\":\"https:\\\/\\\/patagoniambiental.com.ar\\\/info\\\/presidenta-bachelet-crea-comision-asesora-presidencial-permanente-de-cambio-climatico\\\/#primaryimage\"},\"thumbnailUrl\":\"https:\\\/\\\/patagoniambiental.com.ar\\\/info\\\/wp-content\\\/uploads\\\/2017\\\/11\\\/1072520099.jpg\",\"articleSection\":[\"Internacionales\",\"Noticias\"],\"inLanguage\":\"es\",\"potentialAction\":[{\"@type\":\"CommentAction\",\"name\":\"Comment\",\"target\":[\"https:\\\/\\\/patagoniambiental.com.ar\\\/info\\\/presidenta-bachelet-crea-comision-asesora-presidencial-permanente-de-cambio-climatico\\\/#respond\"]}]},{\"@type\":\"WebPage\",\"@id\":\"https:\\\/\\\/patagoniambiental.com.ar\\\/info\\\/presidenta-bachelet-crea-comision-asesora-presidencial-permanente-de-cambio-climatico\\\/\",\"url\":\"https:\\\/\\\/patagoniambiental.com.ar\\\/info\\\/presidenta-bachelet-crea-comision-asesora-presidencial-permanente-de-cambio-climatico\\\/\",\"name\":\"Gobierno de Chile crea comisi\u00f3n para combatir el cambio clim\u00e1tico\",\"isPartOf\":{\"@id\":\"https:\\\/\\\/patagoniambiental.com.ar\\\/info\\\/#website\"},\"primaryImageOfPage\":{\"@id\":\"https:\\\/\\\/patagoniambiental.com.ar\\\/info\\\/presidenta-bachelet-crea-comision-asesora-presidencial-permanente-de-cambio-climatico\\\/#primaryimage\"},\"image\":{\"@id\":\"https:\\\/\\\/patagoniambiental.com.ar\\\/info\\\/presidenta-bachelet-crea-comision-asesora-presidencial-permanente-de-cambio-climatico\\\/#primaryimage\"},\"thumbnailUrl\":\"https:\\\/\\\/patagoniambiental.com.ar\\\/info\\\/wp-content\\\/uploads\\\/2017\\\/11\\\/1072520099.jpg\",\"datePublished\":\"2017-11-23T22:00:04+00:00\",\"breadcrumb\":{\"@id\":\"https:\\\/\\\/patagoniambiental.com.ar\\\/info\\\/presidenta-bachelet-crea-comision-asesora-presidencial-permanente-de-cambio-climatico\\\/#breadcrumb\"},\"inLanguage\":\"es\",\"potentialAction\":[{\"@type\":\"ReadAction\",\"target\":[\"https:\\\/\\\/patagoniambiental.com.ar\\\/info\\\/presidenta-bachelet-crea-comision-asesora-presidencial-permanente-de-cambio-climatico\\\/\"]}]},{\"@type\":\"ImageObject\",\"inLanguage\":\"es\",\"@id\":\"https:\\\/\\\/patagoniambiental.com.ar\\\/info\\\/presidenta-bachelet-crea-comision-asesora-presidencial-permanente-de-cambio-climatico\\\/#primaryimage\",\"url\":\"https:\\\/\\\/patagoniambiental.com.ar\\\/info\\\/wp-content\\\/uploads\\\/2017\\\/11\\\/1072520099.jpg\",\"contentUrl\":\"https:\\\/\\\/patagoniambiental.com.ar\\\/info\\\/wp-content\\\/uploads\\\/2017\\\/11\\\/1072520099.jpg\",\"width\":705,\"height\":375},{\"@type\":\"BreadcrumbList\",\"@id\":\"https:\\\/\\\/patagoniambiental.com.ar\\\/info\\\/presidenta-bachelet-crea-comision-asesora-presidencial-permanente-de-cambio-climatico\\\/#breadcrumb\",\"itemListElement\":[{\"@type\":\"ListItem\",\"position\":1,\"name\":\"Inicio\",\"item\":\"https:\\\/\\\/patagoniambiental.com.ar\\\/info\\\/\"},{\"@type\":\"ListItem\",\"position\":2,\"name\":\"Gobierno de Chile crea comisi\u00f3n para combatir el cambio clim\u00e1tico\"}]},{\"@type\":\"WebSite\",\"@id\":\"https:\\\/\\\/patagoniambiental.com.ar\\\/info\\\/#website\",\"url\":\"https:\\\/\\\/patagoniambiental.com.ar\\\/info\\\/\",\"name\":\"Patagonia Ambiental\",\"description\":\"Monitoreo y an\u00e1lisis de la situaci\u00f3n geopol\u00edtica en el mundo y su implicancia en la Patagonia\",\"publisher\":{\"@id\":\"https:\\\/\\\/patagoniambiental.com.ar\\\/info\\\/#organization\"},\"potentialAction\":[{\"@type\":\"SearchAction\",\"target\":{\"@type\":\"EntryPoint\",\"urlTemplate\":\"https:\\\/\\\/patagoniambiental.com.ar\\\/info\\\/?s={search_term_string}\"},\"query-input\":{\"@type\":\"PropertyValueSpecification\",\"valueRequired\":true,\"valueName\":\"search_term_string\"}}],\"inLanguage\":\"es\"},{\"@type\":\"Organization\",\"@id\":\"https:\\\/\\\/patagoniambiental.com.ar\\\/info\\\/#organization\",\"name\":\"Patagonia Ambiental\",\"url\":\"https:\\\/\\\/patagoniambiental.com.ar\\\/info\\\/\",\"logo\":{\"@type\":\"ImageObject\",\"inLanguage\":\"es\",\"@id\":\"https:\\\/\\\/patagoniambiental.com.ar\\\/info\\\/#\\\/schema\\\/logo\\\/image\\\/\",\"url\":\"https:\\\/\\\/patagoniambiental.com.ar\\\/info\\\/wp-content\\\/uploads\\\/2025\\\/05\\\/LOGO-PATAGONIA-AMBIENTAL.png\",\"contentUrl\":\"https:\\\/\\\/patagoniambiental.com.ar\\\/info\\\/wp-content\\\/uploads\\\/2025\\\/05\\\/LOGO-PATAGONIA-AMBIENTAL.png\",\"width\":433,\"height\":250,\"caption\":\"Patagonia Ambiental\"},\"image\":{\"@id\":\"https:\\\/\\\/patagoniambiental.com.ar\\\/info\\\/#\\\/schema\\\/logo\\\/image\\\/\"},\"sameAs\":[\"https:\\\/\\\/www.facebook.com\\\/patagonia.ambiental\",\"https:\\\/\\\/x.com\\\/PatAmb\"]},{\"@type\":\"Person\",\"@id\":\"https:\\\/\\\/patagoniambiental.com.ar\\\/info\\\/#\\\/schema\\\/person\\\/db12bff64bbcbf6a253710bf0ea37b5d\",\"name\":\"Patagonia Ambiental\",\"description\":\"Andr\u00e9s Nievas T\u00e9cnico en manejo ambiental, consultor Ambiental y escritor para medios locales e internacionales sobre temas de geopolitica y medio ambiente.\",\"sameAs\":[\"http:\\\/\\\/www.patagoniambiental.com.ar\",\"https:\\\/\\\/www.facebook.com\\\/share\\\/1C1V8Gv9BX\\\/?mibextid=qi2Omg\",\"@patagoniambiental\",\"https:\\\/\\\/youtube.com\\\/@patagoniaambiental2023?si=BLt58t0wuXquxlYZ\"]}]}<\/script>\n<!-- \/ Yoast SEO Premium plugin. -->","yoast_head_json":{"title":"Gobierno de Chile crea comisi\u00f3n para combatir el cambio clim\u00e1tico","robots":{"index":"index","follow":"follow","max-snippet":"max-snippet:-1","max-image-preview":"max-image-preview:large","max-video-preview":"max-video-preview:-1"},"canonical":"https:\/\/patagoniambiental.com.ar\/info\/presidenta-bachelet-crea-comision-asesora-presidencial-permanente-de-cambio-climatico\/","og_locale":"es_ES","og_type":"article","og_title":"Gobierno de Chile crea comisi\u00f3n para combatir el cambio clim\u00e1tico","og_description":"SANTIAGO (Sputnik) \u2014 La presidenta de Chile, Michelle Bachelet, firm\u00f3 una decreto que crea la Comisi\u00f3n Presidencial Permanente de Cambio [&hellip;]","og_url":"https:\/\/patagoniambiental.com.ar\/info\/presidenta-bachelet-crea-comision-asesora-presidencial-permanente-de-cambio-climatico\/","og_site_name":"Patagonia Ambiental","article_publisher":"https:\/\/www.facebook.com\/patagonia.ambiental","article_author":"https:\/\/www.facebook.com\/share\/1C1V8Gv9BX\/?mibextid=qi2Omg","article_published_time":"2017-11-23T22:00:04+00:00","og_image":[{"width":705,"height":375,"url":"https:\/\/patagoniambiental.com.ar\/info\/wp-content\/uploads\/2017\/11\/1072520099.jpg","type":"image\/jpeg"}],"author":"Patagonia Ambiental","twitter_card":"summary_large_image","twitter_creator":"@PatAmb","twitter_site":"@PatAmb","schema":{"@context":"https:\/\/schema.org","@graph":[{"@type":"Article","@id":"https:\/\/patagoniambiental.com.ar\/info\/presidenta-bachelet-crea-comision-asesora-presidencial-permanente-de-cambio-climatico\/#article","isPartOf":{"@id":"https:\/\/patagoniambiental.com.ar\/info\/presidenta-bachelet-crea-comision-asesora-presidencial-permanente-de-cambio-climatico\/"},"author":{"name":"Patagonia Ambiental","@id":"https:\/\/patagoniambiental.com.ar\/info\/#\/schema\/person\/db12bff64bbcbf6a253710bf0ea37b5d"},"headline":"Gobierno de Chile crea comisi\u00f3n para combatir el cambio clim\u00e1tico","datePublished":"2017-11-23T22:00:04+00:00","mainEntityOfPage":{"@id":"https:\/\/patagoniambiental.com.ar\/info\/presidenta-bachelet-crea-comision-asesora-presidencial-permanente-de-cambio-climatico\/"},"wordCount":383,"commentCount":0,"publisher":{"@id":"https:\/\/patagoniambiental.com.ar\/info\/#organization"},"image":{"@id":"https:\/\/patagoniambiental.com.ar\/info\/presidenta-bachelet-crea-comision-asesora-presidencial-permanente-de-cambio-climatico\/#primaryimage"},"thumbnailUrl":"https:\/\/patagoniambiental.com.ar\/info\/wp-content\/uploads\/2017\/11\/1072520099.jpg","articleSection":["Internacionales","Noticias"],"inLanguage":"es","potentialAction":[{"@type":"CommentAction","name":"Comment","target":["https:\/\/patagoniambiental.com.ar\/info\/presidenta-bachelet-crea-comision-asesora-presidencial-permanente-de-cambio-climatico\/#respond"]}]},{"@type":"WebPage","@id":"https:\/\/patagoniambiental.com.ar\/info\/presidenta-bachelet-crea-comision-asesora-presidencial-permanente-de-cambio-climatico\/","url":"https:\/\/patagoniambiental.com.ar\/info\/presidenta-bachelet-crea-comision-asesora-presidencial-permanente-de-cambio-climatico\/","name":"Gobierno de Chile crea comisi\u00f3n para combatir el cambio clim\u00e1tico","isPartOf":{"@id":"https:\/\/patagoniambiental.com.ar\/info\/#website"},"primaryImageOfPage":{"@id":"https:\/\/patagoniambiental.com.ar\/info\/presidenta-bachelet-crea-comision-asesora-presidencial-permanente-de-cambio-climatico\/#primaryimage"},"image":{"@id":"https:\/\/patagoniambiental.com.ar\/info\/presidenta-bachelet-crea-comision-asesora-presidencial-permanente-de-cambio-climatico\/#primaryimage"},"thumbnailUrl":"https:\/\/patagoniambiental.com.ar\/info\/wp-content\/uploads\/2017\/11\/1072520099.jpg","datePublished":"2017-11-23T22:00:04+00:00","breadcrumb":{"@id":"https:\/\/patagoniambiental.com.ar\/info\/presidenta-bachelet-crea-comision-asesora-presidencial-permanente-de-cambio-climatico\/#breadcrumb"},"inLanguage":"es","potentialAction":[{"@type":"ReadAction","target":["https:\/\/patagoniambiental.com.ar\/info\/presidenta-bachelet-crea-comision-asesora-presidencial-permanente-de-cambio-climatico\/"]}]},{"@type":"ImageObject","inLanguage":"es","@id":"https:\/\/patagoniambiental.com.ar\/info\/presidenta-bachelet-crea-comision-asesora-presidencial-permanente-de-cambio-climatico\/#primaryimage","url":"https:\/\/patagoniambiental.com.ar\/info\/wp-content\/uploads\/2017\/11\/1072520099.jpg","contentUrl":"https:\/\/patagoniambiental.com.ar\/info\/wp-content\/uploads\/2017\/11\/1072520099.jpg","width":705,"height":375},{"@type":"BreadcrumbList","@id":"https:\/\/patagoniambiental.com.ar\/info\/presidenta-bachelet-crea-comision-asesora-presidencial-permanente-de-cambio-climatico\/#breadcrumb","itemListElement":[{"@type":"ListItem","position":1,"name":"Inicio","item":"https:\/\/patagoniambiental.com.ar\/info\/"},{"@type":"ListItem","position":2,"name":"Gobierno de Chile crea comisi\u00f3n para combatir el cambio clim\u00e1tico"}]},{"@type":"WebSite","@id":"https:\/\/patagoniambiental.com.ar\/info\/#website","url":"https:\/\/patagoniambiental.com.ar\/info\/","name":"Patagonia Ambiental","description":"Monitoreo y an\u00e1lisis de la situaci\u00f3n geopol\u00edtica en el mundo y su implicancia en la Patagonia","publisher":{"@id":"https:\/\/patagoniambiental.com.ar\/info\/#organization"},"potentialAction":[{"@type":"SearchAction","target":{"@type":"EntryPoint","urlTemplate":"https:\/\/patagoniambiental.com.ar\/info\/?s={search_term_string}"},"query-input":{"@type":"PropertyValueSpecification","valueRequired":true,"valueName":"search_term_string"}}],"inLanguage":"es"},{"@type":"Organization","@id":"https:\/\/patagoniambiental.com.ar\/info\/#organization","name":"Patagonia Ambiental","url":"https:\/\/patagoniambiental.com.ar\/info\/","logo":{"@type":"ImageObject","inLanguage":"es","@id":"https:\/\/patagoniambiental.com.ar\/info\/#\/schema\/logo\/image\/","url":"https:\/\/patagoniambiental.com.ar\/info\/wp-content\/uploads\/2025\/05\/LOGO-PATAGONIA-AMBIENTAL.png","contentUrl":"https:\/\/patagoniambiental.com.ar\/info\/wp-content\/uploads\/2025\/05\/LOGO-PATAGONIA-AMBIENTAL.png","width":433,"height":250,"caption":"Patagonia Ambiental"},"image":{"@id":"https:\/\/patagoniambiental.com.ar\/info\/#\/schema\/logo\/image\/"},"sameAs":["https:\/\/www.facebook.com\/patagonia.ambiental","https:\/\/x.com\/PatAmb"]},{"@type":"Person","@id":"https:\/\/patagoniambiental.com.ar\/info\/#\/schema\/person\/db12bff64bbcbf6a253710bf0ea37b5d","name":"Patagonia Ambiental","description":"Andr\u00e9s Nievas T\u00e9cnico en manejo ambiental, consultor Ambiental y escritor para medios locales e internacionales sobre temas de geopolitica y medio ambiente.","sameAs":["http:\/\/www.patagoniambiental.com.ar","https:\/\/www.facebook.com\/share\/1C1V8Gv9BX\/?mibextid=qi2Omg","@patagoniambiental","https:\/\/youtube.com\/@patagoniaambiental2023?si=BLt58t0wuXquxlYZ"]}]}},"_links":{"self":[{"href":"https:\/\/patagoniambiental.com.ar\/info\/wp-json\/wp\/v2\/posts\/38636","targetHints":{"allow":["GET"]}}],"collection":[{"href":"https:\/\/patagoniambiental.com.ar\/info\/wp-json\/wp\/v2\/posts"}],"about":[{"href":"https:\/\/patagoniambiental.com.ar\/info\/wp-json\/wp\/v2\/types\/post"}],"author":[{"embeddable":true,"href":"https:\/\/patagoniambiental.com.ar\/info\/wp-json\/wp\/v2\/users\/2"}],"replies":[{"embeddable":true,"href":"https:\/\/patagoniambiental.com.ar\/info\/wp-json\/wp\/v2\/comments?post=38636"}],"version-history":[{"count":0,"href":"https:\/\/patagoniambiental.com.ar\/info\/wp-json\/wp\/v2\/posts\/38636\/revisions"}],"wp:featuredmedia":[{"embeddable":true,"href":"https:\/\/patagoniambiental.com.ar\/info\/wp-json\/wp\/v2\/media\/38646"}],"wp:attachment":[{"href":"https:\/\/patagoniambiental.com.ar\/info\/wp-json\/wp\/v2\/media?parent=38636"}],"wp:term":[{"taxonomy":"category","embeddable":true,"href":"https:\/\/patagoniambiental.com.ar\/info\/wp-json\/wp\/v2\/categories?post=38636"},{"taxonomy":"post_tag","embeddable":true,"href":"https:\/\/patagoniambiental.com.ar\/info\/wp-json\/wp\/v2\/tags?post=38636"}],"curies":[{"name":"wp","href":"https:\/\/api.w.org\/{rel}","templated":true}]}}