{"id":38649,"date":"2017-11-26T09:00:47","date_gmt":"2017-11-26T12:00:47","guid":{"rendered":"http:\/\/patagoniambiental.com.ar\/info\/?p=38649"},"modified":"2018-08-19T14:20:03","modified_gmt":"2018-08-19T17:20:03","slug":"editorial-noviembre-2017-hacia-una-fiesta-prvincial-del-rio-nero-por-andres-nievas","status":"publish","type":"post","link":"https:\/\/patagoniambiental.com.ar\/info\/editorial-noviembre-2017-hacia-una-fiesta-prvincial-del-rio-nero-por-andres-nievas\/","title":{"rendered":"Hacia una Fiesta Provincial del R\u00edo Negro\/Por Andr\u00e9s Nievas"},"content":{"rendered":"<p>Por Andr\u00e9s Nievas\/Viedma.-Desde el mes de febrero de 2007, hace ya 11 a\u00f1os, se le rinde homenaje al r\u00edo Negro con la realizaci\u00f3n de la Fiesta Municipal del ri\u00f3 Negro en el tramo comprendido entre el Puente Basilio Villarino y el Puente Ferrocarretero que unen a la comarca Viedma \u2013 Patagones.<!--more--><\/p>\n<p>&nbsp;<\/p>\n<p>Este evento tan importante del cual disfrutan los vecinos de la comarca Viedma-Patagones y turistas que visitan la zona es organizado por la Municipalidad de Viedma y la Fundaci\u00f3n Diario Noticias.<\/p>\n<p>El rio Negro fue llamado por los mapuches Curr\u00fa-Leuv\u00fa\u00a0(Curr\u00fa: negro y Leuv\u00fa: r\u00edo) y tiene una extensi\u00f3n de 637 Kms. y\u00a0es el tercero de Argentina por su extensi\u00f3n y caudal. Cuenta la leyenda mapuche de la formaci\u00f3n del r\u00edo Negro que:<\/p>\n<p><em>\u201cNeuqu\u00e9n y Limay eran dos caciques a quienes los un\u00eda una gran amistad. Un d\u00eda, mientras cazaban, oyeron una dulce canci\u00f3n que proven\u00eda de la orilla del lago. Se acercaron al lugar, y se encontraron con una hermosa mapuche de largas trenzas negras.<\/em><\/p>\n<p>-\u00bfC\u00f3mo te llamas? -pregunt\u00f3 Limay.<br \/>\n&#8211; Me llamo Raihu\u00e9 (flor nueva) -contest\u00f3 ella, bajando sus lindos ojos negros.<\/p>\n<p>Los dos muchachos se enamoraron de la joven, y ya en el camino de regreso sintieron que los celos romp\u00edan su antigua amistad. Como su distanciamiento se fue acentuando con el pasar de las lunas, sus padres consultaron con una machi (hechicera), quien les explic\u00f3 la causa de la enemistad de sus hijos.<br \/>\nDe com\u00fan acuerdo propusieron a los j\u00f3venes una prueba y luego fueron a ver a la chica.<br \/>\n-\u00bfQu\u00e9 es lo que m\u00e1s te gustar\u00eda tener? -preguntaron a Raihu\u00e9.<br \/>\n-Una caracola para escuchar en ella el rumor del mar -contest\u00f3.<br \/>\n&#8211; El primero que llegue hasta el mar y regrese con el pedido, tendr\u00e1 como premio el amor de Raihu\u00e9 &#8212; sentenciaron, un\u00e1nimes, los padres.<\/p>\n<p>Consultados los dioses, convirtieron a los dos muchachos en r\u00edos, que comenzaron el largo y fatigoso camino hacia el oc\u00e9ano, uno desde el norte y otro desde el sur. Pero el esp\u00edritu del viento, envidioso por no haber sido tomado en cuenta en el asunto, comenz\u00f3 a susurrar al o\u00eddo de la joven enamorada.<\/p>\n<p>-Neuqu\u00e9n y Limay no volver\u00e1n jam\u00e1s. Las estrellas que caen al mar se convierten en hermosas doncellas que seducen a los hombres y los aprisionan en las profundidades. Morir\u00e1n y nunca m\u00e1s los volver\u00e1s a ver.<\/p>\n<p>El coraz\u00f3n de Raihu\u00e9 se entristeci\u00f3, y los d\u00edas comenzaron a transcurrir sin que Limay y Neuqu\u00e9n regresaran. Se dirigi\u00f3 entonces a la orilla del lago, donde los hab\u00eda conocido, y extendiendo los brazos ofreci\u00f3 su vida a Nguenech\u00e9n (el dios mapuche) a cambio de la salvaci\u00f3n de los dos j\u00f3venes. Nguenech\u00e9n escuch\u00f3 su plegaria y convirti\u00f3 a Raihu\u00e9 en una hermosa planta, cuyas ra\u00edces penetraron en la h\u00fameda tierra y sus ramas se elevaron al cielo; su cintura se afin\u00f3 en verde tallo, su busto se esparci\u00f3 en tiernas ramitas y su boca se abri\u00f3 en roja flor. El mism\u00edsimo viento envidioso vol\u00f3 a contarles la noticia a los j\u00f3venes, que salvando mil obst\u00e1culos, corr\u00edan hacia el mar.<\/p>\n<p>Limay y Neuqu\u00e9n al comprender que Raihu\u00e9 hab\u00eda muerto de dolor por su causa, depusieron todo su rencor y se estrecharon en un fuerte abrazo, visti\u00e9ndose de luto por su amada. Y as\u00ed unidas sus aguas para no separarse m\u00e1s, siguieron el camino hacia el mar, dando origen al r\u00edo Negro.\u201d<\/p>\n<p>El objetivo de la fiesta es homenajear al r\u00edo Negro donde se realizan en sus aguas cada a\u00f1o en los meses de enero y febrero competencias internacionales de canotaje como la Regata Internacional del rio Negro y la competencia de nataci\u00f3n \u201cLa Patagones-Viedma\u201d d\u00e1ndole un valor importante como el recurso h\u00eddrico m\u00e1s importante de la provincia de Rio Negro.<\/p>\n<p>Es uno de los Festivales Acu\u00e1ticos m\u00e1s importantes del pa\u00eds con la presencia de varios de los mejores nadadores del mundo en aguas abiertas, la <strong>\u00abCarrera Internacional La Patagones-Viedma\u00bb<\/strong> de 10 km de recorrido. Es una competencia de nataci\u00f3n de aguas abiertas\u00a0que se realiza sobre las costas de Viedma y de Patagones que forma parte del calendario anual de la Federaci\u00f3n Internacional de Nataci\u00f3n y en la cual participan nadadores de m\u00e1s de 14 pa\u00edses. La misma es dirigida por el cuatro veces campe\u00f3n del mundo, Claudio Plit.\u201d<\/p>\n<p>Adem\u00e1s durante los d\u00edas que dura la Fiesta Municipal del r\u00edo Negro se conmemora la presencia del majestuoso curso de agua con la realizaci\u00f3n de una gran variedad de actividades de concientizaci\u00f3n del cuidado del recurso h\u00eddrico, actividades musicales con cantantes de renombre nacional e internacional, actividades recreativas, culturales, deportivas e institucionales que dan a conocer el potencial productivo, la riqueza cultural, natural y tur\u00edstica de la Comarca Viedma \u2013 Patagones y de la Patagonia.<\/p>\n<p>Desde el a\u00f1o 2008 la carrera internacional de nataci\u00f3n fue incluida en el calendario anual de la Federaci\u00f3n Internacional de Nataci\u00f3n \u2013 FINA-, en la categor\u00eda Grand Prix, lo que ha contribuido a reavivar la tradici\u00f3n local por la nataci\u00f3n de aguas abiertas. Con tal esp\u00edritu, la Fundaci\u00f3n Diario Noticias organiza a la par de dicha prueba central un festival acu\u00e1tico que da marco a la carrera central y que abarca un amplio programa de actividades, entre las que se destacan: Triatlones \u2013 Short y Ol\u00edmpico- , Iron Kid, carreras de kayak y las competencias de nataci\u00f3n de aguas abiertas para nadadores profesionales y amateurs, como son el Cruce del R\u00edo y la llamada \u201cPuente a Puente\u201d. En el marco de La Patagones Viedma se realiza la competencia Argentina de\u00a0\u201cHIGH DIVING, un salto al fin del mundo\u201d\u00a0con una plataforma de salto ubicada a 27 mts de altura sobre el Puente Basilio Villarino.\u00a0La prueba\u00a0 cuenta con la participaci\u00f3n de los mejores clavadistas del mundo.<\/p>\n<p>La fiesta se da en un marco natural rodeado de una gran variedad de vegetaci\u00f3n y sus aguas contienen una fauna muy importante y variada que va mucho mas ala de Viedma y Patagones. Recorre el rio en todo su trayecto tres zonas bien diferenciadas de las cuales es su fuente de abastecimiento para todo tipo de actividades deportivas, domesticas, agr\u00edcolas e industriales.<\/p>\n<p>El <strong>Alto Valle <\/strong>abarca las ciudades de Chichinales, Villa Regina, Ingeniero Huergo, Cervantes, Padre Stefenelli, General Roca, General Enrique Godoy, Mainque, Allen, General Fernandez Oro, Cipolletti, Cinco Saltos, Contraalmirante Cordero. El\u00a0Alto Valle del r\u00edo Negro, es el\u00a0<a href=\"https:\/\/es.wikipedia.org\/wiki\/Valle\">valle<\/a>\u00a0que se encuentra en su mayor parte en la margen izquierda (norte) del\u00a0<a href=\"https:\/\/es.wikipedia.org\/wiki\/R%C3%ADo#curso_superior\">curso superior<\/a>\u00a0del\u00a0<a href=\"https:\/\/es.wikipedia.org\/wiki\/R%C3%ADo_Negro_(Argentina)\">r\u00edo Negro<\/a>, al norte de la\u00a0<a href=\"https:\/\/es.wikipedia.org\/wiki\/Meseta_patag%C3%B3nica\">meseta patag\u00f3nica<\/a>\u00a0en\u00a0<a href=\"https:\/\/es.wikipedia.org\/wiki\/Argentina\">Argentina<\/a>. El valle est\u00e1 ubicado dentro de la meseta patag\u00f3nica en su parte norte a unos 230 km al este de la\u00a0<a href=\"https:\/\/es.wikipedia.org\/wiki\/Cordillera_de_Los_Andes\">cordillera de Los Andes<\/a>\u00a0y a unos 230 km al noroeste del\u00a0<a href=\"https:\/\/es.wikipedia.org\/wiki\/Golfo_San_Mat%C3%ADas\">Golfo San Mat\u00edas<\/a>\u00a0en el\u00a0<a href=\"https:\/\/es.wikipedia.org\/wiki\/Mar_Argentino\">mar Argentino<\/a>. El Alto Valle es una regi\u00f3n\u00a0<a href=\"https:\/\/es.wikipedia.org\/wiki\/Fruticultura\">frut\u00edcola<\/a>\u00a0intensiva, productora de frutas de pepita (<a href=\"https:\/\/es.wikipedia.org\/wiki\/Pera\">peras<\/a>\u00a0y\u00a0<a href=\"https:\/\/es.wikipedia.org\/wiki\/Manzana\">manzanas<\/a>), frutales de carozo y\u00a0<a href=\"https:\/\/es.wikipedia.org\/wiki\/Uva\">uva<\/a>\u00a0con las\u00a0<a href=\"https:\/\/es.wikipedia.org\/wiki\/Industria\">industrias<\/a>\u00a0asociadas correspondientes: empaque y conservaci\u00f3n de frutas en fresco, producci\u00f3n de jugos de frutas y\u00a0<a href=\"https:\/\/es.wikipedia.org\/wiki\/Vino_argentino\">vinos<\/a>. Esta industria se sustenta con el agua del r\u00edo Negro.<\/p>\n<p>El <strong>Valle Medio <\/strong>abarca las localidades de Colonia Josefa, Pomona, Choele Choel, Darwin, Lamarque, Luis Beltran, Chimpay, Coronel Belisle y Chelforo.<\/p>\n<p>Choele Choel es el centro urbano m\u00e1s importante de lo que se denomina\u00a0<a href=\"http:\/\/www.patagonia.com.ar\/Choele+Choel\/395_Valle+Medio:+punto+final+para+un+%C3%A9xodo+de+400+a%C3%B1os.html\">Valle Medio<\/a>, una zona de alrededor de 100 kil\u00f3metros irrigada por el tramo medio r\u00edo Negro. Choele funciona entonces como\u00a0n\u00facleo proveedor de servicios\u00a0a las localidades de esta zona del valle que van desde\u00a0<a href=\"http:\/\/www.patagonia.com.ar\/Pomona\/394_Pomona:+informaci%C3%B3n+general.html\">Pomona<\/a>\u00a0hasta\u00a0<a href=\"http:\/\/www.patagonia.com.ar\/Chimpay\/406_Chimpay:+cuna+del+santo+de+la+Patagonia.html\">Chimpay<\/a>.<\/p>\n<p>Esta localidad de poco m\u00e1s de 10.000 habitantes, como el resto de las del Valle Medio, se asienta principalmente sobre la\u00a0actividad agropecuaria, que comenz\u00f3 con el cultivo de trigo, alfalfa y la cr\u00eda de ganado, para derivar luego en frutales, vid y hortalizas.<\/p>\n<p>La comunidad cuenta con servicios de energ\u00eda el\u00e9ctrica, agua potable, gas natural, pavimento, una s\u00f3lida infraestructura de salud y educaci\u00f3n. Tambi\u00e9n hay un camping y balneario municipal ubicados en la peque\u00f1a isla 92, que dispone de sanitarios, agua corriente y luz el\u00e9ctrica.<\/p>\n<p>La zona de Choele Choel y Valle Medio tiene muchos lugares pintorescos y de agradable belleza para visitar. En los \u00faltimos a\u00f1os, una actividad que se ha hecho muy destacable de esta regi\u00f3n es el\u00a0agroturismo, mediante el cual los establecimientos rurales circundantes han abierto sus puertas y ofrecen al visitante la posibilidad de pasar all\u00ed un d\u00eda o hasta alojarse para conocer en profundidad la vida del campo.<\/p>\n<p>La\u00a0pesca en los islotes del r\u00edo Negro\u00a0es otra actividad atractiva para realizar aqu\u00ed, al igual que la caza de jabal\u00ed en la\u00a0<a href=\"http:\/\/www.patagonia.com.ar\/Choele+Choel\/393_Isla+Los+Alazanes+y+la+posibilidad+de+cazar+jabal%C3%ADes.html\">isla Los Alazanes<\/a>.<\/p>\n<p>No se puede dejar de mencionar una visita al lugar de nacimiento de\u00a0<a href=\"http:\/\/www.patagonia.com.ar\/Chimpay\/405_Ceferino+Namuncur%C3%A1:+el+santo+de+la+Patagonia.html\">Ceferino Namuncur\u00e1<\/a>, el santo de la Patagonia. El indio mapuche que es idolatrado en toda la regi\u00f3n naci\u00f3 en Chimpay y tiene all\u00ed su santuario, donde miles de fieles asisten cada a\u00f1o.<\/p>\n<p>Pomona es una localidad cercana a Choele Choel que merece visitarse. Sus calles le har\u00e1n recordar a un jard\u00edn siempre verde.\u00a0<a href=\"http:\/\/www.patagonia.com.ar\/Coronel+Belisle\/401_Coronel+Belisle.html\">Belisle<\/a>,\u00a0<a href=\"http:\/\/www.patagonia.com.ar\/Darwin\/400_Darwin:+informaci%C3%B3n+general.html\">Darwin<\/a>,\u00a0<a href=\"http:\/\/www.patagonia.com.ar\/Luis+Beltran\/399_Luis+Beltr%C3%A1n:+informaci%C3%B3n+general.html\">Beltr\u00e1n<\/a>\u00a0y\u00a0<a href=\"http:\/\/www.patagonia.com.ar\/Lamarque\/398_Lamarque:+informaci%C3%B3n+general.html\">Lamarque<\/a>\u00a0son otros poblados del Valle Medio por el que se puede dar una vuelta si se encuentra en la zona.<\/p>\n<p>La Provincia de R\u00edo Negro se encuentra ubicada al Norte de la Patagonia, cubriendo una superficie total de 203.015 Km2., correspondiendo 20.372 Km2 al departamento Avellaneda; dentro del cual se localiza la regi\u00f3n del Valle Medio, que se extiende desde la localidad de Chelfor\u00f3, al oeste, hasta el paraje Fort\u00edn Castre, al este, abarcando una superficie de alrededor de 2.400 Km2 de valle encajado entre dos bardas que act\u00faan como l\u00edmites geomorfol\u00f3gicos de la Meseta Patag\u00f3nica. El clima del \u00e1rea es continental templado y \u00e1rido. La temperatura media anual es de 15.6 \u00baC, la temperatura m\u00e1xima media es de 23.9 \u00baC y la m\u00ednima de 7.9 \u00baC. La precipitaci\u00f3n media anual es de 250mm, con tendencia a concentrarse en oto\u00f1o y primavera. Cuenta con medios de acceso terrestre por Ruta Nacional N\u00ba22 y N\u00ba250. Se encuentra a 180Km del Puerto de San Antonio Este por Ruta Nacional N\u00ba 250 y Provincial N\u00ba2.Cada una de las localidades que forman el Valle Medio se caracteriza por tener atractivos diferentes: Chimpay es el centro religioso, se encuentra la Cuna de Ceferino Namuncur\u00e1 y es sede de la Fiesta Ceferiniana y la Fiesta de la cereza; Cnel. Belisle es la sede de la Fiesta Provincial de la Alfalfa; Darwin considerado centro hist\u00f3rico ferroviario; Choele Choel -centro administrativo- es sede de la Fiesta Provincial del Ternero y de la Fiesta Pcial. del Folklore (Pre- Cosquin); Luis Beltr\u00e1n centro educativo y religioso con la presencia de la obra de los Salesianos y las hermanas Cannossianas; Lamarque sede de la Fiesta Nacional del Tomate y la Producci\u00f3n; y Pomona, considerada el Jard\u00edn de la Provincia. En todas las fiestas mencionadas est\u00e1 presente de una u otra manera como un pilar fundamental de la econom\u00eda y del turismo las aguas del rio Negro al cual todav\u00eda no se le rinde homenaje en la totalidad de sus 637 km. Solo se le rinde en tramos.<\/p>\n<p>El <strong>Valle Inferior <\/strong>abarca las localidades de General Conesa, Guardia Mitre, San Javier, la capital de la provincia Viedma y por \u00faltimo el Balneario El C\u00f3ndor donde desemboca en el Oc\u00e9ano Atl\u00e1ntico. Este en su curso inferior, frente a Viedma y Patagones se encuentran varios balnearios que ofrecen al visitante\u00a0la infraestructura necesaria para disfrutar de un ba\u00f1o o la pr\u00e1ctica de deportes n\u00e1uticos.<\/p>\n<p>Desde ambas m\u00e1rgenes del r\u00edo la vista panor\u00e1mica hacia estas dos ciudades hermanas es realmente atractiva.<br \/>\nDiariamente se realiza una excursi\u00f3n por el r\u00edo, navegando en Catamar\u00e1n hacia las islas. Parten desde el muelle de Viedma, en pleno centro de la ciudad.<\/p>\n<p>Esta regi\u00f3n ofrece tambi\u00e9n el acceso al mar tomando la Ruta Provincial N\u00ba1 por la cual se accede sus incre\u00edbles playas.<\/p>\n<p>El\u00a0<strong>valle inferior del\u00a0<\/strong><a href=\"https:\/\/es.wikipedia.org\/wiki\/R%C3%ADo_Negro_(Argentina)\"><strong>r\u00edo Negro<\/strong><\/a>\u00a0(tambi\u00e9n denominado\u00a0<strong>valle de Viedma<\/strong>\u00a0o\u00a0<strong>valle del IDEVI<\/strong>, por el\u00a0<a href=\"https:\/\/es.wikipedia.org\/w\/index.php?title=Instituto_de_Desarrollo_del_Valle_inferior_del_r%C3%ADo_Negro&amp;action=edit&amp;redlink=1\">Instituto de Desarrollo del Valle inferior del r\u00edo Negro<\/a>) es una zona f\u00e9rtil ubicada en el curso inferior y en inmediaciones de la desembocadura de dicho r\u00edo en el\u00a0<a href=\"https:\/\/es.wikipedia.org\/wiki\/Mar_Argentino\">mar Argentino<\/a> en el\u00a0<a href=\"https:\/\/es.wikipedia.org\/wiki\/Oc%C3%A9ano_Atl%C3%A1ntico\">oc\u00e9ano Atl\u00e1ntico<\/a>, entre las provincias de\u00a0<a href=\"https:\/\/es.wikipedia.org\/wiki\/Provincia_de_R%C3%ADo_Negro\">R\u00edo Negro<\/a>\u00a0y\u00a0<a href=\"https:\/\/es.wikipedia.org\/wiki\/Provincia_de_Buenos_Aires\">Buenos Aires<\/a>.<\/p>\n<p>En este valle el r\u00edo pierde pendiente, se hace meandroso, presentando antiguos cauces del r\u00edo, brazos secundarios hasta que entra en contacto con el oc\u00e9ano. La influencia de la marea oce\u00e1nica se percibe hasta unos 30 kil\u00f3metros de la desembocadura.<\/p>\n<p>Ubicado en la\u00a0<a href=\"https:\/\/es.wikipedia.org\/wiki\/Patagonia\">Patagonia<\/a>, entre los 40\u00ba y 41\u00ba de latitud sur y los 63\u00ba y 64\u00ba de longitud oeste, el valle abarca unas 80 mil hect\u00e1reas en una franja de 100 kil\u00f3metros de largo por 8 de ancho,<a href=\"https:\/\/es.wikipedia.org\/wiki\/Valle_inferior_del_r%C3%ADo_Negro#cite_note-valle-1\"><sup>1<\/sup><\/a>\u200b mientras que las tierras irrigadas ocupa unas 35 mil hect\u00e1reas. Predomina la ganader\u00eda extensiva bovina y ovina. Tambi\u00e9n es de gran importancia econ\u00f3mica la producci\u00f3n intensiva forrajera, hort\u00edcola y frut\u00edcola. Por tener clima semi\u00e1rido los cultivos requieren riego artificial. Tambi\u00e9n se practica la\u00a0<a href=\"https:\/\/es.wikipedia.org\/wiki\/Apicultura\">apicultura<\/a>. Nuevamente el rio Negro es el pilar fundamental de las actividades econ\u00f3micas que aqu\u00ed se realizan en este valle al cual no se le rinde homenaje como corresponde.<\/p>\n<p>No existe hasta el presente en el Concejo Deliberante de Viedma una ordenanza o declaraci\u00f3n de inter\u00e9s o ley que le d\u00e9 un marco legal e institucional a la fiesta el r\u00edo por la importancia que tiene.<\/p>\n<p>Adem\u00e1s de la Fiesta Municipal del r\u00edo Negro existen much\u00edsimas actividades humanas a lo largo y ancho de la cuenca del mismo que se sustentan con las aguas del r\u00edo Negro por lo cual habr\u00eda que rendirle homenaje. Creemos que merece convertirse en una fiesta provincial porque el rio no es solo el tramo que pasa entre el Puente Nuevo y el Puente Viejo. El rio nace de la confluencia de los r\u00edos Neuqu\u00e9n y Limay y termina en el Oc\u00e9ano Atl\u00e1ntico.<\/p>\n<p>La ley 3478 que establece la organizaci\u00f3n de las fiestas provinciales en su Art\u00edculo 3\u00ba el Ministerio de Educaci\u00f3n\u00a0 y\u00a0 Cultura a\u00a0 trav\u00e9s del\u00a0 \u00e1rea\u00a0 de Cultura, realizar\u00e1 a partir de\u00a0 la presente\u00a0 ley\u00a0\u00a0 un\u00a0 censo de fiestas provinciales en\u00a0 las\u00a0 que deber\u00e1n consignarse\u00a0 sus objetivos,\u00a0 permanencia,\u00a0 reglamento interno y fecha aproximada de realizaci\u00f3n. Este\u00a0 censo se realiza para recategorizar\u00a0 las actuales\u00a0 fiestas y tener un par\u00e1metro para las futuras que se organicen\u00a0 sirviendo\u00a0 tambi\u00e9n\u00a0 para\u00a0 determinar\u00a0 el\u00a0 grado\u00a0 de auspicio\u00a0 que el gobierno provincial puede decidir:\u00a0 m\u00e1s de 15 a\u00f1os\u00a0 categor\u00eda\u00a0 \u00abA\u00bb , <strong>m\u00e1s de 10 a\u00f1os categor\u00eda \u00abB\u00bb,<\/strong> m\u00e1s de\u00a0 5 a\u00f1os categor\u00eda \u00abC\u00bb.<\/p>\n<p>El r\u00edo Negro es uno de los tres r\u00edos m\u00e1s caudalosos de los r\u00edos internos de la argentina y es el pilar de la econom\u00eda de nuestra provincia. Todos los productos a los cuales se les rinde homenaje como las fiestas de la pera, de la manzana, del tomate dependen del agua del r\u00edo Negro para el riego etc ya que todas estas frutas y verduras se abastecen del mismo.<\/p>\n<p>Adem\u00e1s el r\u00edo Negro, a lo largo de su recorrido de 637 km., sus aguas son utilizadas para una variedad de usos y actividades que permiten la sustentabilidad de una poblaci\u00f3n total aproximada de 310.000 habitantes que se ubican sobre sus m\u00e1rgenes y valles. Las ciudades que se hallan en sus m\u00e1rgenes y en los distintos valles son: Alto Valle: Cipolleti, Allen, General Roca, Cervantes, Ing. Huergo, Villa Regina, Chichinales, Valle Medio:<a href=\"https:\/\/es.wikipedia.org\/wiki\/Choele_Choel\">Choele Choel<\/a>, <a href=\"https:\/\/es.wikipedia.org\/wiki\/Lamarque_(R%C3%ADo_Negro)\">Lamarque<\/a>, <a href=\"https:\/\/es.wikipedia.org\/wiki\/Luis_Beltr%C3%A1n_(R%C3%ADo_Negro)\">Luis Beltr\u00e1n<\/a>, <a href=\"https:\/\/es.wikipedia.org\/wiki\/Chimpay\">Chimpay<\/a>, <a href=\"https:\/\/es.wikipedia.org\/wiki\/Coronel_Belisle\">Coronel Belisle<\/a>, <a href=\"https:\/\/es.wikipedia.org\/wiki\/Darwin_(R%C3%ADo_Negro)\">Darwin<\/a>, <a href=\"https:\/\/es.wikipedia.org\/wiki\/Pomona_(R%C3%ADo_Negro)\">Pomona<\/a>, <a href=\"https:\/\/es.wikipedia.org\/wiki\/Barrio_Uni%C3%B3n_(R%C3%ADo_Negro)\">Barrio Uni\u00f3n<\/a> y <a href=\"https:\/\/es.wikipedia.org\/wiki\/Chelfor%C3%B3\">Chelfor\u00f3<\/a> y Valle Inferior: Balneario El C\u00f3ndor, Viedma, San Javier, Guardia Mitre, General Conesa.<\/p>\n<p>Entre los usos de que es objeto el r\u00edo Negro se destacan los siguientes:<\/p>\n<ul>\n<li>Fuente de abastecimiento para agua potable para una poblaci\u00f3n de 192.723 habitantes (INDEC, 2001).<\/li>\n<li>Abastecimiento de agua para riego de aproximadamente 70.000 has a trav\u00e9s de los sistemas de riego y drenaje de los valles Medio e Inferior y diferentes tomas particulares.<\/li>\n<li>Abastecimiento de agua para la industria alimenticia regional<\/li>\n<li>Recreaci\u00f3n con contacto directo en 17 balnearios.<\/li>\n<li>Receptor de efluentes industriales y domiciliarios<\/li>\n<li>Receptor de la red de drenaje del sistema de riego del lto Valle, Valle Medio y Valle Inferior.<\/li>\n<li>Aprovechamiento tur\u00edstico y recreativo que incluye pesca deportiva, actividades n\u00e1uticas, deportes acu\u00e1ticos y paseos en un marco paisaj\u00edstico de buen nivel.<\/li>\n<li>Adem\u00e1s en el se realizan importantes actividades n\u00e1uticas como la Regata Internacional del r\u00edo Negro<\/li>\n<\/ul>\n<p>El r\u00edo Negro a su vez es el sost\u00e9n de diversas formas de vida acu\u00e1tica como el pejerrey, la trucha la carpa, etc.<\/p>\n<p>Desde el a\u00f1o 1995 la Autoridad Interjurisdiccional de las Cuencas de los r\u00edos Limay, Neuqu\u00e9n y Negro (AIC), en conjunto con el Departamento Provincial de Aguas de la provincia de R\u00edo Negro(DPA), la Subsecretaria de Medio Ambiente (SSMA) y la Direcci\u00f3n Provincial de Recursos H\u00eddricos de Neuqu\u00e9n han llevado adelante trabajos para la vigilancia de la calidad del agua de los cuerpos h\u00eddricos de la cuenca. En una primera etapa se realizaron monitoreos tendientes a diagnosticar la calidad del agua, obteni\u00e9ndose un estudio de base que provey\u00f3 informaci\u00f3n acerca de sus caracter\u00edsticas f\u00edsicas, qu\u00edmicas y microbiol\u00f3gicas y permiti\u00f3 conformar a partir del a\u00f1o 2001 la denominada \u201cRed de Monitoreo Permanente de la Calidad del Agua de la Cuenca\u201d, la cual se encuentra en operaci\u00f3n hasta la fecha.<\/p>\n<p>Esta Red dise\u00f1ada para la cuenca constituye el marco de varios programas de monitoreo que tienen por finalidad proveer informaci\u00f3n estad\u00edstica acerca de la calidad del agua para la gesti\u00f3n de los recursos h\u00eddricos y datos sistem\u00e1ticos permanentes para verificar sus diferentes usos.<\/p>\n<p>Los programas que se llevan a cabo en la Red de Monitoreo para el r\u00edo Negro y que se describen en este estudio son:<\/p>\n<ul>\n<li>Red b\u00e1sica de Monitoreo (\u201cCaracterizaci\u00f3n de la calidad del Agua del r\u00edo Negro\u201d)<\/li>\n<li>Control bacteriol\u00f3gico de Balnearios<\/li>\n<li>Monitoreo de metales pesados<\/li>\n<li>Monitoreo de agroqu\u00edmicos<\/li>\n<\/ul>\n<p>Los objetivos espec\u00edficos de los programas de monitoreo citado son:<\/p>\n<ul>\n<li>Medir los niveles de las sustancias seleccionadas en diferentes matrices del ambiente acu\u00e1tico, en relaci\u00f3n a los criterios de calidad ambiental y usos del agua vigentes en las referencias normativas nacionales y gu\u00edas internacionales.<\/li>\n<li>Evaluar los cambios espaciales y temporales<\/li>\n<\/ul>\n<p>No existe a\u00fan una fiesta que integre todas las actividades descriptas.<strong> El r\u00edo no es solo el tramo que pasa entre los puentes nuevo y viejo, comienza en la confluencia de los r\u00edos Neuqu\u00e9n y Limay y termina su recorrido en el Mar Argentino.<\/strong><\/p>\n<p><strong>Cuenca del r\u00edo Negro<\/strong><\/p>\n<p>El r\u00edo Negro se desarrolla casi \u00edntegramente en la provincia del mismo nombre, a lo largo de 637 km de recorrido. Su cuenca tiene una superficie aproximada de 38.844 km 2, estando sujeto su r\u00e9gimen hidrol\u00f3gico al comportamiento que presentan las cuencas de los r\u00edos Limay y Neuqu\u00e9n que lo alimentan. La cuenca es de vertiente atl\u00e1ntica.<\/p>\n<p>El r\u00edo m\u00e1s importante de la provincia es el\u00a0R\u00edo Negro\u00a0(1.014 m\u00b3\/s), tambi\u00e9n conocido como Curr\u00fa Leuv\u00fa es el m\u00e1s grande de la Patagonia Argentina y uno de los cinco m\u00e1s caudalosos del pa\u00eds. Su desembocadura se encuentra sobre el Oc\u00e9ano Atl\u00e1ntico a solo 30\u00a0km. de Viedma, la capital provincial, lo que produce un r\u00e9gimen de mareas con diversas caracter\u00edsticas en ambos m\u00e1rgenes del r\u00edo, brindando a los que disfrutan en temporada de verano de ex\u00f3ticos balnearios y sectores de pesca con redes.<\/p>\n<p>Su nacimiento se encuentra a una altura de 260 m.s.n.m y su caudal medio (modificado por las obras de regulaci\u00f3n aguas arriba), es de aproximadamente 900 m3\/seg.<\/p>\n<p>Dado que no recibe aportes de cursos superficiales a lo largo de su recorrido, se considera un cauce al\u00f3ctono; este hecho manifiesta la pobreza h\u00eddrica de la zona que atraviesa y se lo puede considerar como un largo canal de descarga de la cuenca de alimentaci\u00f3n de los r\u00edos Limay y Neuqu\u00e9n. En l\u00edneas generales su hidrograma natural manten\u00eda antes de las obras de regulaci\u00f3n, la doble onda de avenidas y un per\u00edodo de estiaje.<\/p>\n<p>El ancho del curso de agua oscila entre los 200 m y 400 m\u00a0 su pendiente va en disminuci\u00f3n hacia su desembocadura. El r\u00edo Negro superior atraviesa la zona de explotaci\u00f3n agr\u00edcola intensiva cnocida como Alto Valle. Las \u00c1reas regables explotadas casi en su totalidad, se encuentran localizadas principalmente en s margen izquierda, estando su cauce recostado contra la barda sur, que se eleva r\u00e1pidamente. Al finalizar el Alto Valle las superficies regables se desarrollan sobre la margen derecha. A partir del Valle Medio y hacia el Valle Inferior las caracter\u00edsticas fisiogr\u00e1ficas van cambiando dejando zonas bajo riego a la izquierda o derecha del r\u00edo seg\u00fan los diferentes tramos.<\/p>\n<p>El r\u00edo Negro nace de la confluencia de los r\u00edos\u00a0Limay\u00a0y\u00a0Neuqu\u00e9n, en el extremo oriental la\u00a0provincia del Neuqu\u00e9n, y fluye en direcci\u00f3n oeste-sudeste en territorio rionegrino hasta alcanzar al\u00a0oc\u00e9ano Atl\u00e1ntico\u00a0cerca del\u00a0balneario El C\u00f3ndor, 30 kil\u00f3metros al sur de\u00a0Viedma, capital de la provincia. En el \u00faltimo tramo de su curso constituye el l\u00edmite natural entre las provincias de R\u00edo Negro y\u00a0Buenos Aires.<\/p>\n<p>Es un r\u00edo de <strong>car\u00e1cter al\u00f3ctono<\/strong>, ya que no recibe\u00a0afluentes, con gran cantidad de\u00a0meandros\u00a0e islas fluviales, destac\u00e1ndose por su superficie la de Choele Choel. Discurre entre las bardas o terrazas que forman las mesetas patag\u00f3nicas, a trav\u00e9s de un valle de inundaci\u00f3n de ancho variable y tierras muy f\u00e9rtiles producto de la\u00a0sedimentaci\u00f3n.<\/p>\n<p>Su cuenca est\u00e1 altamente humanizada, ya que su\u00a0caudal\u00a0se encuentra regulado por las\u00a0represas\u00a0que se encuentran en los r\u00edos Limay y Neuqu\u00e9n y es repartido entre los diversos\u00a0canales de regad\u00edo\u00a0presentes. La fertilidad del valle ha sido aprovechada para generar uno de los mayores oasis de regad\u00edo del pa\u00eds, en el cual se cultivan mayoritariamente\u00a0manzanas,\u00a0peras,\u00a0duraznos,\u00a0tomates, entre otras\u00a0frutas\u00a0y\u00a0hortalizas. El valle constituye el \u00e1rea m\u00e1s densamente poblada de toda la Patagonia.<\/p>\n<p>A su vez Las aguas del r\u00edo Negro son fuente de vida de diferentes especies animales y vegetales.<\/p>\n<p>La cuenca del r\u00edo es dividida en tres partes:\u00a0<em>Alto Valle del R\u00edo Negro<\/em>, al oeste, donde se encuentran, entre otras, las ciudades de\u00a0General Roca\u00a0y\u00a0Cipolletti;\u00a0<em>Valle Medio<\/em>\u00a0centrado en la ciudad de\u00a0Choele Choel; y el\u00a0<em>Valle Inferior<\/em>\u00a0en la desembocadura del r\u00edo, con\u00a0Viedma\u00a0como ciudad m\u00e1s importante de esa \u00e1rea.<\/p>\n<p>Se destacan a lo largo del a\u00f1o diferentes fiestas que se realizan en ciudades ribere\u00f1as como lo son La Fiesta Nacional de La Manzana en General Roca, la Fiesta de la Pera en Allen, la Fiesta del Tomate en Lamarque. En estas celebraciones se hacen homenajes a los frutos y dem\u00e1s productos que representan gran parte de la econom\u00eda de la provincia y todo el personal que hace funcionar dicha industria d\u00eda a d\u00eda que se sirve del recurso h\u00eddrico m\u00e1s importante, el r\u00edo Negro que a\u00fan no tiene su fiesta provincial. Adem\u00e1s se hacen en estos eventos actividades deportivas, concursos de empresas empacadoras y actividades culturales.<\/p>\n<p><strong>Por todo lo hasta aqu\u00ed desarrollado es que el r\u00edo Negro merece su fiesta, merece su d\u00eda y que la Fiesta Municipal del r\u00edo que se hace en la primer semana de febrero en Viedma con espect\u00e1culos deportivos de nivel internacional y espect\u00e1culos culturales sea una fiesta provincial que abarque todo lo descripto m\u00e1s actividades educativas relacionadas al cuidado del rio Negro en los colegios. <\/strong><\/p>\n<p><strong>La misma se podr\u00eda implementar con una Comisi\u00f3n organizadora presidida por la Municipalidad de Viedma con representantes del Ministerio de Turismo, Cultura y Deportes quien es la autoridad de aplicaci\u00f3n en todas las fiestas provinciales y la Direcci\u00f3n de Municipios para coordinar el armado de la fiesta con todos los municipios que integran la cuenca del rio Negro en su paso por la provincia de Rio Negro, el Ministerio de Educaci\u00f3n y Derechos Humanos para armar el concurso con las escuelas primarias y secundarias p\u00fablicas y privadas, la Secretaria de Ambiente y Desarrollo Sustentable y el Departamento Provincial de Aguas para coordinar actividades de limpieza de las costas del rio y concientizaci\u00f3n durante la semana que dura la Fiesta Municipal del rio. Adem\u00e1s la Municipalidad de Viedma deber\u00e1 invitar a otros actores que crea necesario como universidades, clubes de canotaje, ONG y fundaciones.<\/strong><\/p>\n<p>La Fiesta deber\u00eda ser celebrada con participaci\u00f3n simultanea de escuelas de las ciudades que se hallan en sus m\u00e1rgenes, se debe hacer concursos entre los colegios para que presenten trabajos sobre la conservaci\u00f3n del mismo y su cuidado.<\/p>\n<p><strong>\u00a0Patagonia Ambiental<\/strong><\/p>\n","protected":false},"excerpt":{"rendered":"<p>Por Andr\u00e9s Nievas\/Viedma.-Desde el mes de febrero de 2007, hace ya 11 a\u00f1os, se le rinde homenaje al r\u00edo Negro [&hellip;]<\/p>\n","protected":false},"author":2,"featured_media":38650,"comment_status":"open","ping_status":"open","sticky":false,"template":"","format":"standard","meta":{"site-sidebar-layout":"default","site-content-layout":"","ast-site-content-layout":"default","site-content-style":"default","site-sidebar-style":"default","ast-global-header-display":"","ast-banner-title-visibility":"","ast-main-header-display":"","ast-hfb-above-header-display":"","ast-hfb-below-header-display":"","ast-hfb-mobile-header-display":"","site-post-title":"","ast-breadcrumbs-content":"","ast-featured-img":"","footer-sml-layout":"","ast-disable-related-posts":"","theme-transparent-header-meta":"","adv-header-id-meta":"","stick-header-meta":"","header-above-stick-meta":"","header-main-stick-meta":"","header-below-stick-meta":"","astra-migrate-meta-layouts":"default","ast-page-background-enabled":"default","ast-page-background-meta":{"desktop":{"background-color":"var(--ast-global-color-5)","background-image":"","background-repeat":"repeat","background-position":"center center","background-size":"auto","background-attachment":"scroll","background-type":"","background-media":"","overlay-type":"","overlay-color":"","overlay-opacity":"","overlay-gradient":""},"tablet":{"background-color":"","background-image":"","background-repeat":"repeat","background-position":"center center","background-size":"auto","background-attachment":"scroll","background-type":"","background-media":"","overlay-type":"","overlay-color":"","overlay-opacity":"","overlay-gradient":""},"mobile":{"background-color":"","background-image":"","background-repeat":"repeat","background-position":"center center","background-size":"auto","background-attachment":"scroll","background-type":"","background-media":"","overlay-type":"","overlay-color":"","overlay-opacity":"","overlay-gradient":""}},"ast-content-background-meta":{"desktop":{"background-color":"var(--ast-global-color-4)","background-image":"","background-repeat":"repeat","background-position":"center center","background-size":"auto","background-attachment":"scroll","background-type":"","background-media":"","overlay-type":"","overlay-color":"","overlay-opacity":"","overlay-gradient":""},"tablet":{"background-color":"var(--ast-global-color-4)","background-image":"","background-repeat":"repeat","background-position":"center center","background-size":"auto","background-attachment":"scroll","background-type":"","background-media":"","overlay-type":"","overlay-color":"","overlay-opacity":"","overlay-gradient":""},"mobile":{"background-color":"var(--ast-global-color-4)","background-image":"","background-repeat":"repeat","background-position":"center center","background-size":"auto","background-attachment":"scroll","background-type":"","background-media":"","overlay-type":"","overlay-color":"","overlay-opacity":"","overlay-gradient":""}},"footnotes":""},"categories":[15,1],"tags":[],"class_list":["post-38649","post","type-post","status-publish","format-standard","has-post-thumbnail","hentry","category-editorial","category-noticias"],"yoast_head":"<!-- This site is optimized with the Yoast SEO Premium plugin v23.0 (Yoast SEO v27.4) - https:\/\/yoast.com\/product\/yoast-seo-premium-wordpress\/ -->\n<title>Hacia una Fiesta Provincial del R\u00edo Negro\/Por Andr\u00e9s Nievas<\/title>\n<meta name=\"robots\" content=\"index, follow, max-snippet:-1, max-image-preview:large, max-video-preview:-1\" \/>\n<link rel=\"canonical\" href=\"https:\/\/patagoniambiental.com.ar\/info\/editorial-noviembre-2017-hacia-una-fiesta-prvincial-del-rio-nero-por-andres-nievas\/\" \/>\n<meta property=\"og:locale\" content=\"es_ES\" \/>\n<meta property=\"og:type\" content=\"article\" \/>\n<meta property=\"og:title\" content=\"Hacia una Fiesta Provincial del R\u00edo Negro\/Por Andr\u00e9s Nievas\" \/>\n<meta property=\"og:description\" content=\"Por Andr\u00e9s Nievas\/Viedma.-Desde el mes de febrero de 2007, hace ya 11 a\u00f1os, se le rinde homenaje al r\u00edo Negro [&hellip;]\" \/>\n<meta property=\"og:url\" content=\"https:\/\/patagoniambiental.com.ar\/info\/editorial-noviembre-2017-hacia-una-fiesta-prvincial-del-rio-nero-por-andres-nievas\/\" \/>\n<meta property=\"og:site_name\" content=\"Patagonia Ambiental\" \/>\n<meta property=\"article:publisher\" content=\"https:\/\/www.facebook.com\/patagonia.ambiental\" \/>\n<meta property=\"article:author\" content=\"https:\/\/www.facebook.com\/share\/1C1V8Gv9BX\/?mibextid=qi2Omg\" \/>\n<meta property=\"article:published_time\" content=\"2017-11-26T12:00:47+00:00\" \/>\n<meta property=\"article:modified_time\" content=\"2018-08-19T17:20:03+00:00\" \/>\n<meta property=\"og:image\" content=\"https:\/\/patagoniambiental.com.ar\/info\/wp-content\/uploads\/2017\/11\/Se-disput\u00f3-una-nueva-edici\u00f3n-de-la-Patagones-Viedma.jpg\" \/>\n\t<meta property=\"og:image:width\" content=\"696\" \/>\n\t<meta property=\"og:image:height\" content=\"276\" \/>\n\t<meta property=\"og:image:type\" content=\"image\/jpeg\" \/>\n<meta name=\"author\" content=\"Patagonia Ambiental\" \/>\n<meta name=\"twitter:card\" content=\"summary_large_image\" \/>\n<meta name=\"twitter:creator\" content=\"@PatAmb\" \/>\n<meta name=\"twitter:site\" content=\"@PatAmb\" \/>\n<script type=\"application\/ld+json\" class=\"yoast-schema-graph\">{\"@context\":\"https:\\\/\\\/schema.org\",\"@graph\":[{\"@type\":\"Article\",\"@id\":\"https:\\\/\\\/patagoniambiental.com.ar\\\/info\\\/editorial-noviembre-2017-hacia-una-fiesta-prvincial-del-rio-nero-por-andres-nievas\\\/#article\",\"isPartOf\":{\"@id\":\"https:\\\/\\\/patagoniambiental.com.ar\\\/info\\\/editorial-noviembre-2017-hacia-una-fiesta-prvincial-del-rio-nero-por-andres-nievas\\\/\"},\"author\":{\"name\":\"Patagonia Ambiental\",\"@id\":\"https:\\\/\\\/patagoniambiental.com.ar\\\/info\\\/#\\\/schema\\\/person\\\/db12bff64bbcbf6a253710bf0ea37b5d\"},\"headline\":\"Hacia una Fiesta Provincial del R\u00edo Negro\\\/Por Andr\u00e9s Nievas\",\"datePublished\":\"2017-11-26T12:00:47+00:00\",\"dateModified\":\"2018-08-19T17:20:03+00:00\",\"mainEntityOfPage\":{\"@id\":\"https:\\\/\\\/patagoniambiental.com.ar\\\/info\\\/editorial-noviembre-2017-hacia-una-fiesta-prvincial-del-rio-nero-por-andres-nievas\\\/\"},\"wordCount\":4357,\"commentCount\":0,\"publisher\":{\"@id\":\"https:\\\/\\\/patagoniambiental.com.ar\\\/info\\\/#organization\"},\"image\":{\"@id\":\"https:\\\/\\\/patagoniambiental.com.ar\\\/info\\\/editorial-noviembre-2017-hacia-una-fiesta-prvincial-del-rio-nero-por-andres-nievas\\\/#primaryimage\"},\"thumbnailUrl\":\"https:\\\/\\\/patagoniambiental.com.ar\\\/info\\\/wp-content\\\/uploads\\\/2017\\\/11\\\/Se-disput\u00f3-una-nueva-edici\u00f3n-de-la-Patagones-Viedma.jpg\",\"articleSection\":[\"Editorial\",\"Noticias\"],\"inLanguage\":\"es\",\"potentialAction\":[{\"@type\":\"CommentAction\",\"name\":\"Comment\",\"target\":[\"https:\\\/\\\/patagoniambiental.com.ar\\\/info\\\/editorial-noviembre-2017-hacia-una-fiesta-prvincial-del-rio-nero-por-andres-nievas\\\/#respond\"]}]},{\"@type\":\"WebPage\",\"@id\":\"https:\\\/\\\/patagoniambiental.com.ar\\\/info\\\/editorial-noviembre-2017-hacia-una-fiesta-prvincial-del-rio-nero-por-andres-nievas\\\/\",\"url\":\"https:\\\/\\\/patagoniambiental.com.ar\\\/info\\\/editorial-noviembre-2017-hacia-una-fiesta-prvincial-del-rio-nero-por-andres-nievas\\\/\",\"name\":\"Hacia una Fiesta Provincial del R\u00edo Negro\\\/Por Andr\u00e9s Nievas\",\"isPartOf\":{\"@id\":\"https:\\\/\\\/patagoniambiental.com.ar\\\/info\\\/#website\"},\"primaryImageOfPage\":{\"@id\":\"https:\\\/\\\/patagoniambiental.com.ar\\\/info\\\/editorial-noviembre-2017-hacia-una-fiesta-prvincial-del-rio-nero-por-andres-nievas\\\/#primaryimage\"},\"image\":{\"@id\":\"https:\\\/\\\/patagoniambiental.com.ar\\\/info\\\/editorial-noviembre-2017-hacia-una-fiesta-prvincial-del-rio-nero-por-andres-nievas\\\/#primaryimage\"},\"thumbnailUrl\":\"https:\\\/\\\/patagoniambiental.com.ar\\\/info\\\/wp-content\\\/uploads\\\/2017\\\/11\\\/Se-disput\u00f3-una-nueva-edici\u00f3n-de-la-Patagones-Viedma.jpg\",\"datePublished\":\"2017-11-26T12:00:47+00:00\",\"dateModified\":\"2018-08-19T17:20:03+00:00\",\"breadcrumb\":{\"@id\":\"https:\\\/\\\/patagoniambiental.com.ar\\\/info\\\/editorial-noviembre-2017-hacia-una-fiesta-prvincial-del-rio-nero-por-andres-nievas\\\/#breadcrumb\"},\"inLanguage\":\"es\",\"potentialAction\":[{\"@type\":\"ReadAction\",\"target\":[\"https:\\\/\\\/patagoniambiental.com.ar\\\/info\\\/editorial-noviembre-2017-hacia-una-fiesta-prvincial-del-rio-nero-por-andres-nievas\\\/\"]}]},{\"@type\":\"ImageObject\",\"inLanguage\":\"es\",\"@id\":\"https:\\\/\\\/patagoniambiental.com.ar\\\/info\\\/editorial-noviembre-2017-hacia-una-fiesta-prvincial-del-rio-nero-por-andres-nievas\\\/#primaryimage\",\"url\":\"https:\\\/\\\/patagoniambiental.com.ar\\\/info\\\/wp-content\\\/uploads\\\/2017\\\/11\\\/Se-disput\u00f3-una-nueva-edici\u00f3n-de-la-Patagones-Viedma.jpg\",\"contentUrl\":\"https:\\\/\\\/patagoniambiental.com.ar\\\/info\\\/wp-content\\\/uploads\\\/2017\\\/11\\\/Se-disput\u00f3-una-nueva-edici\u00f3n-de-la-Patagones-Viedma.jpg\",\"width\":696,\"height\":276,\"caption\":\"http:\\\/\\\/www.eldiariodeturismo.com.ar\\\/wp-content\\\/uploads\\\/2014\\\/02\\\/Se-disput%C3%B3-una-nueva-edici%C3%B3n-de-la-Patagones-Viedma.jpg\"},{\"@type\":\"BreadcrumbList\",\"@id\":\"https:\\\/\\\/patagoniambiental.com.ar\\\/info\\\/editorial-noviembre-2017-hacia-una-fiesta-prvincial-del-rio-nero-por-andres-nievas\\\/#breadcrumb\",\"itemListElement\":[{\"@type\":\"ListItem\",\"position\":1,\"name\":\"Inicio\",\"item\":\"https:\\\/\\\/patagoniambiental.com.ar\\\/info\\\/\"},{\"@type\":\"ListItem\",\"position\":2,\"name\":\"Hacia una Fiesta Provincial del R\u00edo Negro\\\/Por Andr\u00e9s Nievas\"}]},{\"@type\":\"WebSite\",\"@id\":\"https:\\\/\\\/patagoniambiental.com.ar\\\/info\\\/#website\",\"url\":\"https:\\\/\\\/patagoniambiental.com.ar\\\/info\\\/\",\"name\":\"Patagonia Ambiental\",\"description\":\"Monitoreo y an\u00e1lisis de la situaci\u00f3n geopol\u00edtica en el mundo y su implicancia en la Patagonia\",\"publisher\":{\"@id\":\"https:\\\/\\\/patagoniambiental.com.ar\\\/info\\\/#organization\"},\"potentialAction\":[{\"@type\":\"SearchAction\",\"target\":{\"@type\":\"EntryPoint\",\"urlTemplate\":\"https:\\\/\\\/patagoniambiental.com.ar\\\/info\\\/?s={search_term_string}\"},\"query-input\":{\"@type\":\"PropertyValueSpecification\",\"valueRequired\":true,\"valueName\":\"search_term_string\"}}],\"inLanguage\":\"es\"},{\"@type\":\"Organization\",\"@id\":\"https:\\\/\\\/patagoniambiental.com.ar\\\/info\\\/#organization\",\"name\":\"Patagonia Ambiental\",\"url\":\"https:\\\/\\\/patagoniambiental.com.ar\\\/info\\\/\",\"logo\":{\"@type\":\"ImageObject\",\"inLanguage\":\"es\",\"@id\":\"https:\\\/\\\/patagoniambiental.com.ar\\\/info\\\/#\\\/schema\\\/logo\\\/image\\\/\",\"url\":\"https:\\\/\\\/patagoniambiental.com.ar\\\/info\\\/wp-content\\\/uploads\\\/2025\\\/05\\\/LOGO-PATAGONIA-AMBIENTAL.png\",\"contentUrl\":\"https:\\\/\\\/patagoniambiental.com.ar\\\/info\\\/wp-content\\\/uploads\\\/2025\\\/05\\\/LOGO-PATAGONIA-AMBIENTAL.png\",\"width\":433,\"height\":250,\"caption\":\"Patagonia Ambiental\"},\"image\":{\"@id\":\"https:\\\/\\\/patagoniambiental.com.ar\\\/info\\\/#\\\/schema\\\/logo\\\/image\\\/\"},\"sameAs\":[\"https:\\\/\\\/www.facebook.com\\\/patagonia.ambiental\",\"https:\\\/\\\/x.com\\\/PatAmb\"]},{\"@type\":\"Person\",\"@id\":\"https:\\\/\\\/patagoniambiental.com.ar\\\/info\\\/#\\\/schema\\\/person\\\/db12bff64bbcbf6a253710bf0ea37b5d\",\"name\":\"Patagonia Ambiental\",\"description\":\"Andr\u00e9s Nievas T\u00e9cnico en manejo ambiental, consultor Ambiental y escritor para medios locales e internacionales sobre temas de geopolitica y medio ambiente.\",\"sameAs\":[\"http:\\\/\\\/www.patagoniambiental.com.ar\",\"https:\\\/\\\/www.facebook.com\\\/share\\\/1C1V8Gv9BX\\\/?mibextid=qi2Omg\",\"@patagoniambiental\",\"https:\\\/\\\/youtube.com\\\/@patagoniaambiental2023?si=BLt58t0wuXquxlYZ\"]}]}<\/script>\n<!-- \/ Yoast SEO Premium plugin. -->","yoast_head_json":{"title":"Hacia una Fiesta Provincial del R\u00edo Negro\/Por Andr\u00e9s Nievas","robots":{"index":"index","follow":"follow","max-snippet":"max-snippet:-1","max-image-preview":"max-image-preview:large","max-video-preview":"max-video-preview:-1"},"canonical":"https:\/\/patagoniambiental.com.ar\/info\/editorial-noviembre-2017-hacia-una-fiesta-prvincial-del-rio-nero-por-andres-nievas\/","og_locale":"es_ES","og_type":"article","og_title":"Hacia una Fiesta Provincial del R\u00edo Negro\/Por Andr\u00e9s Nievas","og_description":"Por Andr\u00e9s Nievas\/Viedma.-Desde el mes de febrero de 2007, hace ya 11 a\u00f1os, se le rinde homenaje al r\u00edo Negro [&hellip;]","og_url":"https:\/\/patagoniambiental.com.ar\/info\/editorial-noviembre-2017-hacia-una-fiesta-prvincial-del-rio-nero-por-andres-nievas\/","og_site_name":"Patagonia Ambiental","article_publisher":"https:\/\/www.facebook.com\/patagonia.ambiental","article_author":"https:\/\/www.facebook.com\/share\/1C1V8Gv9BX\/?mibextid=qi2Omg","article_published_time":"2017-11-26T12:00:47+00:00","article_modified_time":"2018-08-19T17:20:03+00:00","og_image":[{"width":696,"height":276,"url":"https:\/\/patagoniambiental.com.ar\/info\/wp-content\/uploads\/2017\/11\/Se-disput\u00f3-una-nueva-edici\u00f3n-de-la-Patagones-Viedma.jpg","type":"image\/jpeg"}],"author":"Patagonia Ambiental","twitter_card":"summary_large_image","twitter_creator":"@PatAmb","twitter_site":"@PatAmb","schema":{"@context":"https:\/\/schema.org","@graph":[{"@type":"Article","@id":"https:\/\/patagoniambiental.com.ar\/info\/editorial-noviembre-2017-hacia-una-fiesta-prvincial-del-rio-nero-por-andres-nievas\/#article","isPartOf":{"@id":"https:\/\/patagoniambiental.com.ar\/info\/editorial-noviembre-2017-hacia-una-fiesta-prvincial-del-rio-nero-por-andres-nievas\/"},"author":{"name":"Patagonia Ambiental","@id":"https:\/\/patagoniambiental.com.ar\/info\/#\/schema\/person\/db12bff64bbcbf6a253710bf0ea37b5d"},"headline":"Hacia una Fiesta Provincial del R\u00edo Negro\/Por Andr\u00e9s Nievas","datePublished":"2017-11-26T12:00:47+00:00","dateModified":"2018-08-19T17:20:03+00:00","mainEntityOfPage":{"@id":"https:\/\/patagoniambiental.com.ar\/info\/editorial-noviembre-2017-hacia-una-fiesta-prvincial-del-rio-nero-por-andres-nievas\/"},"wordCount":4357,"commentCount":0,"publisher":{"@id":"https:\/\/patagoniambiental.com.ar\/info\/#organization"},"image":{"@id":"https:\/\/patagoniambiental.com.ar\/info\/editorial-noviembre-2017-hacia-una-fiesta-prvincial-del-rio-nero-por-andres-nievas\/#primaryimage"},"thumbnailUrl":"https:\/\/patagoniambiental.com.ar\/info\/wp-content\/uploads\/2017\/11\/Se-disput\u00f3-una-nueva-edici\u00f3n-de-la-Patagones-Viedma.jpg","articleSection":["Editorial","Noticias"],"inLanguage":"es","potentialAction":[{"@type":"CommentAction","name":"Comment","target":["https:\/\/patagoniambiental.com.ar\/info\/editorial-noviembre-2017-hacia-una-fiesta-prvincial-del-rio-nero-por-andres-nievas\/#respond"]}]},{"@type":"WebPage","@id":"https:\/\/patagoniambiental.com.ar\/info\/editorial-noviembre-2017-hacia-una-fiesta-prvincial-del-rio-nero-por-andres-nievas\/","url":"https:\/\/patagoniambiental.com.ar\/info\/editorial-noviembre-2017-hacia-una-fiesta-prvincial-del-rio-nero-por-andres-nievas\/","name":"Hacia una Fiesta Provincial del R\u00edo Negro\/Por Andr\u00e9s Nievas","isPartOf":{"@id":"https:\/\/patagoniambiental.com.ar\/info\/#website"},"primaryImageOfPage":{"@id":"https:\/\/patagoniambiental.com.ar\/info\/editorial-noviembre-2017-hacia-una-fiesta-prvincial-del-rio-nero-por-andres-nievas\/#primaryimage"},"image":{"@id":"https:\/\/patagoniambiental.com.ar\/info\/editorial-noviembre-2017-hacia-una-fiesta-prvincial-del-rio-nero-por-andres-nievas\/#primaryimage"},"thumbnailUrl":"https:\/\/patagoniambiental.com.ar\/info\/wp-content\/uploads\/2017\/11\/Se-disput\u00f3-una-nueva-edici\u00f3n-de-la-Patagones-Viedma.jpg","datePublished":"2017-11-26T12:00:47+00:00","dateModified":"2018-08-19T17:20:03+00:00","breadcrumb":{"@id":"https:\/\/patagoniambiental.com.ar\/info\/editorial-noviembre-2017-hacia-una-fiesta-prvincial-del-rio-nero-por-andres-nievas\/#breadcrumb"},"inLanguage":"es","potentialAction":[{"@type":"ReadAction","target":["https:\/\/patagoniambiental.com.ar\/info\/editorial-noviembre-2017-hacia-una-fiesta-prvincial-del-rio-nero-por-andres-nievas\/"]}]},{"@type":"ImageObject","inLanguage":"es","@id":"https:\/\/patagoniambiental.com.ar\/info\/editorial-noviembre-2017-hacia-una-fiesta-prvincial-del-rio-nero-por-andres-nievas\/#primaryimage","url":"https:\/\/patagoniambiental.com.ar\/info\/wp-content\/uploads\/2017\/11\/Se-disput\u00f3-una-nueva-edici\u00f3n-de-la-Patagones-Viedma.jpg","contentUrl":"https:\/\/patagoniambiental.com.ar\/info\/wp-content\/uploads\/2017\/11\/Se-disput\u00f3-una-nueva-edici\u00f3n-de-la-Patagones-Viedma.jpg","width":696,"height":276,"caption":"http:\/\/www.eldiariodeturismo.com.ar\/wp-content\/uploads\/2014\/02\/Se-disput%C3%B3-una-nueva-edici%C3%B3n-de-la-Patagones-Viedma.jpg"},{"@type":"BreadcrumbList","@id":"https:\/\/patagoniambiental.com.ar\/info\/editorial-noviembre-2017-hacia-una-fiesta-prvincial-del-rio-nero-por-andres-nievas\/#breadcrumb","itemListElement":[{"@type":"ListItem","position":1,"name":"Inicio","item":"https:\/\/patagoniambiental.com.ar\/info\/"},{"@type":"ListItem","position":2,"name":"Hacia una Fiesta Provincial del R\u00edo Negro\/Por Andr\u00e9s Nievas"}]},{"@type":"WebSite","@id":"https:\/\/patagoniambiental.com.ar\/info\/#website","url":"https:\/\/patagoniambiental.com.ar\/info\/","name":"Patagonia Ambiental","description":"Monitoreo y an\u00e1lisis de la situaci\u00f3n geopol\u00edtica en el mundo y su implicancia en la Patagonia","publisher":{"@id":"https:\/\/patagoniambiental.com.ar\/info\/#organization"},"potentialAction":[{"@type":"SearchAction","target":{"@type":"EntryPoint","urlTemplate":"https:\/\/patagoniambiental.com.ar\/info\/?s={search_term_string}"},"query-input":{"@type":"PropertyValueSpecification","valueRequired":true,"valueName":"search_term_string"}}],"inLanguage":"es"},{"@type":"Organization","@id":"https:\/\/patagoniambiental.com.ar\/info\/#organization","name":"Patagonia Ambiental","url":"https:\/\/patagoniambiental.com.ar\/info\/","logo":{"@type":"ImageObject","inLanguage":"es","@id":"https:\/\/patagoniambiental.com.ar\/info\/#\/schema\/logo\/image\/","url":"https:\/\/patagoniambiental.com.ar\/info\/wp-content\/uploads\/2025\/05\/LOGO-PATAGONIA-AMBIENTAL.png","contentUrl":"https:\/\/patagoniambiental.com.ar\/info\/wp-content\/uploads\/2025\/05\/LOGO-PATAGONIA-AMBIENTAL.png","width":433,"height":250,"caption":"Patagonia Ambiental"},"image":{"@id":"https:\/\/patagoniambiental.com.ar\/info\/#\/schema\/logo\/image\/"},"sameAs":["https:\/\/www.facebook.com\/patagonia.ambiental","https:\/\/x.com\/PatAmb"]},{"@type":"Person","@id":"https:\/\/patagoniambiental.com.ar\/info\/#\/schema\/person\/db12bff64bbcbf6a253710bf0ea37b5d","name":"Patagonia Ambiental","description":"Andr\u00e9s Nievas T\u00e9cnico en manejo ambiental, consultor Ambiental y escritor para medios locales e internacionales sobre temas de geopolitica y medio ambiente.","sameAs":["http:\/\/www.patagoniambiental.com.ar","https:\/\/www.facebook.com\/share\/1C1V8Gv9BX\/?mibextid=qi2Omg","@patagoniambiental","https:\/\/youtube.com\/@patagoniaambiental2023?si=BLt58t0wuXquxlYZ"]}]}},"_links":{"self":[{"href":"https:\/\/patagoniambiental.com.ar\/info\/wp-json\/wp\/v2\/posts\/38649","targetHints":{"allow":["GET"]}}],"collection":[{"href":"https:\/\/patagoniambiental.com.ar\/info\/wp-json\/wp\/v2\/posts"}],"about":[{"href":"https:\/\/patagoniambiental.com.ar\/info\/wp-json\/wp\/v2\/types\/post"}],"author":[{"embeddable":true,"href":"https:\/\/patagoniambiental.com.ar\/info\/wp-json\/wp\/v2\/users\/2"}],"replies":[{"embeddable":true,"href":"https:\/\/patagoniambiental.com.ar\/info\/wp-json\/wp\/v2\/comments?post=38649"}],"version-history":[{"count":0,"href":"https:\/\/patagoniambiental.com.ar\/info\/wp-json\/wp\/v2\/posts\/38649\/revisions"}],"wp:featuredmedia":[{"embeddable":true,"href":"https:\/\/patagoniambiental.com.ar\/info\/wp-json\/wp\/v2\/media\/38650"}],"wp:attachment":[{"href":"https:\/\/patagoniambiental.com.ar\/info\/wp-json\/wp\/v2\/media?parent=38649"}],"wp:term":[{"taxonomy":"category","embeddable":true,"href":"https:\/\/patagoniambiental.com.ar\/info\/wp-json\/wp\/v2\/categories?post=38649"},{"taxonomy":"post_tag","embeddable":true,"href":"https:\/\/patagoniambiental.com.ar\/info\/wp-json\/wp\/v2\/tags?post=38649"}],"curies":[{"name":"wp","href":"https:\/\/api.w.org\/{rel}","templated":true}]}}