{"id":38664,"date":"2017-11-23T09:00:51","date_gmt":"2017-11-23T12:00:51","guid":{"rendered":"http:\/\/patagoniambiental.com.ar\/info\/?p=38664"},"modified":"2017-11-22T20:21:37","modified_gmt":"2017-11-22T23:21:37","slug":"provincia-y-municipios-participaron-de-encuentro-sobre-ordenamiento-urbano-en-viedma","status":"publish","type":"post","link":"https:\/\/patagoniambiental.com.ar\/info\/provincia-y-municipios-participaron-de-encuentro-sobre-ordenamiento-urbano-en-viedma\/","title":{"rendered":"R\u00edo Negro: Provincia y Municipios participaron de encuentro sobre ordenamiento urbano en Viedma"},"content":{"rendered":"<p class=\"x_x_MsoNormal\">Viedma.-M\u00e1s de 40 representantes de municipios del Valle Medio y Zona Atl\u00e1ntica, junto a referentes de organismos provinciales, participaron en Viedma de una jornada de transferencia de experiencias sobre ordenamiento territorial en ciudades rionegrinas.<\/p>\n<p class=\"x_x_MsoNormal\">Organizada por la Unidad de Enlace Provincial con el CFI, dependiente de la Secretar\u00eda General, se realiz\u00f3 en Viedma una jornada sobre \u201cTransferencia de Experiencias sobre Planificaci\u00f3n y Ordenamiento Territorial en Ciudades Rionegrinas\u201d.<\/p>\n<p class=\"x_x_MsoNormal\">La apertura del encuentro estuvo a cargo de la titular de la Unidad de Enlace Provincial con el CFI, Laura Perilli, quien destac\u00f3 que \u201cesta iniciativa tiene lugar en el marco de una directriz de trabajo definida por el gobernador Alberto Weretilneck, que consiste en estar cerca de los municipios\u201d.<\/p>\n<p class=\"x_x_MsoNormal\">En tal sentido, la Provincia, a trav\u00e9s de la Unidad de Enlace Provincial con CFI y, antes, desde la Secretar\u00eda de Planificaci\u00f3n, ha puesto en marcha diversas iniciativas de planificaci\u00f3n y ordenamiento territorial, que son herramientas de gesti\u00f3n puestas a disposici\u00f3n de los municipios. \u201cM\u00e1s all\u00e1 de la escala de cada ciudad, hay problemas comunes y pueden aliviarse tambi\u00e9n a trav\u00e9s de herramientas comunes. Por eso estamos aqu\u00ed, para contarles qu\u00e9 venimos haciendo y para definir colectivamente una agenda de trabajo para el pr\u00f3ximo a\u00f1o\u201d, puntualiz\u00f3 Perilli.<\/p>\n<p class=\"x_x_MsoNormal\">La actividad fue coordinada por Roberto Monteverde, del quipo de expertos del \u201cInstituto de Gesti\u00f3n de Ciudades\u201d, quien brind\u00f3 detalles sobre dos experiencia puntuales: la elaboraci\u00f3n de la Agenda de Actuaci\u00f3n Territorial para R\u00edo Negro, que implic\u00f3 la definici\u00f3n de un Modelo de Desarrollo Territorial; y la elaboraci\u00f3n de las Directrices de Ordenamiento Territorial para las localidades de la Regi\u00f3n Sur.<\/p>\n<p class=\"x_x_MsoNormal\">Durante el encuentro, tambi\u00e9n se puso en com\u00fan el plan de Manejo Urban\u00edstico de los Territorios Costeros de Viedma, herramienta que \u2013al igual que las anteriormente mencionadas- cont\u00f3 con el acompa\u00f1amiento t\u00e9cnico y financiero del CFI, a trav\u00e9s de la Unidad de Enlace Provincial.<\/p>\n<p class=\"x_x_MsoNormal\">Participaron de esta jornada-taller, el intendente de Viedma, Jos\u00e9 Luis Foulkes y la secretaria de Turismo y Desarrollo Econ\u00f3mico municipal, Laura Ramos; representantes de los Municipios de San Antonio Oeste, R\u00edo Colorado, General Conesa, Choele Choel, Lamarque, Chimpay, Darwin y Pomona; la ministra de Turismo, Cultura y Deporte, Arabela Carreras; la secretaria de Ambiente y Desarrollo Sustentable, Dina Migani; la defensora del Pueblo, Adriana Santagati; y referentes del Ministerio de Agricultura, Ganader\u00eda y Pesca, el DPA e IPPV.<\/p>\n<p class=\"x_x_MsoNormal\">Con este encuentro desarrollado en Viedma, finaliz\u00f3 una etapa de trabajo que fue antecedida por la realizaci\u00f3n de jornadas de igual caracter\u00edstica en las ciudades de Cipolletti y Bariloche, con la presencia de los municipios de Alto Valle y Zona Andina.<\/p>\n<p>Fuente: Gobierno de R\u00edo Negro<\/p>\n","protected":false},"excerpt":{"rendered":"<p>Viedma.-M\u00e1s de 40 representantes de municipios del Valle Medio y Zona Atl\u00e1ntica, junto a referentes de organismos provinciales, participaron en [&hellip;]<\/p>\n","protected":false},"author":2,"featured_media":38665,"comment_status":"open","ping_status":"open","sticky":false,"template":"","format":"standard","meta":{"site-sidebar-layout":"default","site-content-layout":"","ast-site-content-layout":"default","site-content-style":"default","site-sidebar-style":"default","ast-global-header-display":"","ast-banner-title-visibility":"","ast-main-header-display":"","ast-hfb-above-header-display":"","ast-hfb-below-header-display":"","ast-hfb-mobile-header-display":"","site-post-title":"","ast-breadcrumbs-content":"","ast-featured-img":"","footer-sml-layout":"","ast-disable-related-posts":"","theme-transparent-header-meta":"","adv-header-id-meta":"","stick-header-meta":"","header-above-stick-meta":"","header-main-stick-meta":"","header-below-stick-meta":"","astra-migrate-meta-layouts":"default","ast-page-background-enabled":"default","ast-page-background-meta":{"desktop":{"background-color":"var(--ast-global-color-5)","background-image":"","background-repeat":"repeat","background-position":"center center","background-size":"auto","background-attachment":"scroll","background-type":"","background-media":"","overlay-type":"","overlay-color":"","overlay-opacity":"","overlay-gradient":""},"tablet":{"background-color":"","background-image":"","background-repeat":"repeat","background-position":"center center","background-size":"auto","background-attachment":"scroll","background-type":"","background-media":"","overlay-type":"","overlay-color":"","overlay-opacity":"","overlay-gradient":""},"mobile":{"background-color":"","background-image":"","background-repeat":"repeat","background-position":"center center","background-size":"auto","background-attachment":"scroll","background-type":"","background-media":"","overlay-type":"","overlay-color":"","overlay-opacity":"","overlay-gradient":""}},"ast-content-background-meta":{"desktop":{"background-color":"var(--ast-global-color-4)","background-image":"","background-repeat":"repeat","background-position":"center center","background-size":"auto","background-attachment":"scroll","background-type":"","background-media":"","overlay-type":"","overlay-color":"","overlay-opacity":"","overlay-gradient":""},"tablet":{"background-color":"var(--ast-global-color-4)","background-image":"","background-repeat":"repeat","background-position":"center center","background-size":"auto","background-attachment":"scroll","background-type":"","background-media":"","overlay-type":"","overlay-color":"","overlay-opacity":"","overlay-gradient":""},"mobile":{"background-color":"var(--ast-global-color-4)","background-image":"","background-repeat":"repeat","background-position":"center center","background-size":"auto","background-attachment":"scroll","background-type":"","background-media":"","overlay-type":"","overlay-color":"","overlay-opacity":"","overlay-gradient":""}},"footnotes":""},"categories":[46,1,14],"tags":[],"class_list":["post-38664","post","type-post","status-publish","format-standard","has-post-thumbnail","hentry","category-municipios","category-noticias","category-rio-negro"],"yoast_head":"<!-- This site is optimized with the Yoast SEO Premium plugin v23.0 (Yoast SEO v27.4) - https:\/\/yoast.com\/product\/yoast-seo-premium-wordpress\/ -->\n<title>R\u00edo Negro: Provincia y Municipios participaron de encuentro sobre ordenamiento urbano en Viedma<\/title>\n<meta name=\"robots\" content=\"index, follow, max-snippet:-1, max-image-preview:large, max-video-preview:-1\" \/>\n<link rel=\"canonical\" href=\"https:\/\/patagoniambiental.com.ar\/info\/provincia-y-municipios-participaron-de-encuentro-sobre-ordenamiento-urbano-en-viedma\/\" \/>\n<meta property=\"og:locale\" content=\"es_ES\" \/>\n<meta property=\"og:type\" content=\"article\" \/>\n<meta property=\"og:title\" content=\"R\u00edo Negro: Provincia y Municipios participaron de encuentro sobre ordenamiento urbano en Viedma\" \/>\n<meta property=\"og:description\" content=\"Viedma.-M\u00e1s de 40 representantes de municipios del Valle Medio y Zona Atl\u00e1ntica, junto a referentes de organismos provinciales, participaron en [&hellip;]\" \/>\n<meta property=\"og:url\" content=\"https:\/\/patagoniambiental.com.ar\/info\/provincia-y-municipios-participaron-de-encuentro-sobre-ordenamiento-urbano-en-viedma\/\" \/>\n<meta property=\"og:site_name\" content=\"Patagonia Ambiental\" \/>\n<meta property=\"article:publisher\" content=\"https:\/\/www.facebook.com\/patagonia.ambiental\" \/>\n<meta property=\"article:author\" content=\"https:\/\/www.facebook.com\/share\/1C1V8Gv9BX\/?mibextid=qi2Omg\" \/>\n<meta property=\"article:published_time\" content=\"2017-11-23T12:00:51+00:00\" \/>\n<meta property=\"og:image\" content=\"https:\/\/patagoniambiental.com.ar\/info\/wp-content\/uploads\/2017\/11\/ordenamiento.jpg\" \/>\n\t<meta property=\"og:image:width\" content=\"924\" \/>\n\t<meta property=\"og:image:height\" content=\"456\" \/>\n\t<meta property=\"og:image:type\" content=\"image\/jpeg\" \/>\n<meta name=\"author\" content=\"Patagonia Ambiental\" \/>\n<meta name=\"twitter:card\" content=\"summary_large_image\" \/>\n<meta name=\"twitter:creator\" content=\"@PatAmb\" \/>\n<meta name=\"twitter:site\" content=\"@PatAmb\" \/>\n<script type=\"application\/ld+json\" class=\"yoast-schema-graph\">{\"@context\":\"https:\\\/\\\/schema.org\",\"@graph\":[{\"@type\":\"Article\",\"@id\":\"https:\\\/\\\/patagoniambiental.com.ar\\\/info\\\/provincia-y-municipios-participaron-de-encuentro-sobre-ordenamiento-urbano-en-viedma\\\/#article\",\"isPartOf\":{\"@id\":\"https:\\\/\\\/patagoniambiental.com.ar\\\/info\\\/provincia-y-municipios-participaron-de-encuentro-sobre-ordenamiento-urbano-en-viedma\\\/\"},\"author\":{\"name\":\"Patagonia Ambiental\",\"@id\":\"https:\\\/\\\/patagoniambiental.com.ar\\\/info\\\/#\\\/schema\\\/person\\\/db12bff64bbcbf6a253710bf0ea37b5d\"},\"headline\":\"R\u00edo Negro: Provincia y Municipios participaron de encuentro sobre ordenamiento urbano en Viedma\",\"datePublished\":\"2017-11-23T12:00:51+00:00\",\"mainEntityOfPage\":{\"@id\":\"https:\\\/\\\/patagoniambiental.com.ar\\\/info\\\/provincia-y-municipios-participaron-de-encuentro-sobre-ordenamiento-urbano-en-viedma\\\/\"},\"wordCount\":481,\"commentCount\":0,\"publisher\":{\"@id\":\"https:\\\/\\\/patagoniambiental.com.ar\\\/info\\\/#organization\"},\"image\":{\"@id\":\"https:\\\/\\\/patagoniambiental.com.ar\\\/info\\\/provincia-y-municipios-participaron-de-encuentro-sobre-ordenamiento-urbano-en-viedma\\\/#primaryimage\"},\"thumbnailUrl\":\"https:\\\/\\\/patagoniambiental.com.ar\\\/info\\\/wp-content\\\/uploads\\\/2017\\\/11\\\/ordenamiento.jpg\",\"articleSection\":[\"Municipios\",\"Noticias\",\"R\u00edo Negro\"],\"inLanguage\":\"es\",\"potentialAction\":[{\"@type\":\"CommentAction\",\"name\":\"Comment\",\"target\":[\"https:\\\/\\\/patagoniambiental.com.ar\\\/info\\\/provincia-y-municipios-participaron-de-encuentro-sobre-ordenamiento-urbano-en-viedma\\\/#respond\"]}]},{\"@type\":\"WebPage\",\"@id\":\"https:\\\/\\\/patagoniambiental.com.ar\\\/info\\\/provincia-y-municipios-participaron-de-encuentro-sobre-ordenamiento-urbano-en-viedma\\\/\",\"url\":\"https:\\\/\\\/patagoniambiental.com.ar\\\/info\\\/provincia-y-municipios-participaron-de-encuentro-sobre-ordenamiento-urbano-en-viedma\\\/\",\"name\":\"R\u00edo Negro: Provincia y Municipios participaron de encuentro sobre ordenamiento urbano en Viedma\",\"isPartOf\":{\"@id\":\"https:\\\/\\\/patagoniambiental.com.ar\\\/info\\\/#website\"},\"primaryImageOfPage\":{\"@id\":\"https:\\\/\\\/patagoniambiental.com.ar\\\/info\\\/provincia-y-municipios-participaron-de-encuentro-sobre-ordenamiento-urbano-en-viedma\\\/#primaryimage\"},\"image\":{\"@id\":\"https:\\\/\\\/patagoniambiental.com.ar\\\/info\\\/provincia-y-municipios-participaron-de-encuentro-sobre-ordenamiento-urbano-en-viedma\\\/#primaryimage\"},\"thumbnailUrl\":\"https:\\\/\\\/patagoniambiental.com.ar\\\/info\\\/wp-content\\\/uploads\\\/2017\\\/11\\\/ordenamiento.jpg\",\"datePublished\":\"2017-11-23T12:00:51+00:00\",\"breadcrumb\":{\"@id\":\"https:\\\/\\\/patagoniambiental.com.ar\\\/info\\\/provincia-y-municipios-participaron-de-encuentro-sobre-ordenamiento-urbano-en-viedma\\\/#breadcrumb\"},\"inLanguage\":\"es\",\"potentialAction\":[{\"@type\":\"ReadAction\",\"target\":[\"https:\\\/\\\/patagoniambiental.com.ar\\\/info\\\/provincia-y-municipios-participaron-de-encuentro-sobre-ordenamiento-urbano-en-viedma\\\/\"]}]},{\"@type\":\"ImageObject\",\"inLanguage\":\"es\",\"@id\":\"https:\\\/\\\/patagoniambiental.com.ar\\\/info\\\/provincia-y-municipios-participaron-de-encuentro-sobre-ordenamiento-urbano-en-viedma\\\/#primaryimage\",\"url\":\"https:\\\/\\\/patagoniambiental.com.ar\\\/info\\\/wp-content\\\/uploads\\\/2017\\\/11\\\/ordenamiento.jpg\",\"contentUrl\":\"https:\\\/\\\/patagoniambiental.com.ar\\\/info\\\/wp-content\\\/uploads\\\/2017\\\/11\\\/ordenamiento.jpg\",\"width\":924,\"height\":456},{\"@type\":\"BreadcrumbList\",\"@id\":\"https:\\\/\\\/patagoniambiental.com.ar\\\/info\\\/provincia-y-municipios-participaron-de-encuentro-sobre-ordenamiento-urbano-en-viedma\\\/#breadcrumb\",\"itemListElement\":[{\"@type\":\"ListItem\",\"position\":1,\"name\":\"Inicio\",\"item\":\"https:\\\/\\\/patagoniambiental.com.ar\\\/info\\\/\"},{\"@type\":\"ListItem\",\"position\":2,\"name\":\"R\u00edo Negro: Provincia y Municipios participaron de encuentro sobre ordenamiento urbano en Viedma\"}]},{\"@type\":\"WebSite\",\"@id\":\"https:\\\/\\\/patagoniambiental.com.ar\\\/info\\\/#website\",\"url\":\"https:\\\/\\\/patagoniambiental.com.ar\\\/info\\\/\",\"name\":\"Patagonia Ambiental\",\"description\":\"Monitoreo y an\u00e1lisis de la situaci\u00f3n geopol\u00edtica en el mundo y su implicancia en la Patagonia\",\"publisher\":{\"@id\":\"https:\\\/\\\/patagoniambiental.com.ar\\\/info\\\/#organization\"},\"potentialAction\":[{\"@type\":\"SearchAction\",\"target\":{\"@type\":\"EntryPoint\",\"urlTemplate\":\"https:\\\/\\\/patagoniambiental.com.ar\\\/info\\\/?s={search_term_string}\"},\"query-input\":{\"@type\":\"PropertyValueSpecification\",\"valueRequired\":true,\"valueName\":\"search_term_string\"}}],\"inLanguage\":\"es\"},{\"@type\":\"Organization\",\"@id\":\"https:\\\/\\\/patagoniambiental.com.ar\\\/info\\\/#organization\",\"name\":\"Patagonia Ambiental\",\"url\":\"https:\\\/\\\/patagoniambiental.com.ar\\\/info\\\/\",\"logo\":{\"@type\":\"ImageObject\",\"inLanguage\":\"es\",\"@id\":\"https:\\\/\\\/patagoniambiental.com.ar\\\/info\\\/#\\\/schema\\\/logo\\\/image\\\/\",\"url\":\"https:\\\/\\\/patagoniambiental.com.ar\\\/info\\\/wp-content\\\/uploads\\\/2025\\\/05\\\/LOGO-PATAGONIA-AMBIENTAL.png\",\"contentUrl\":\"https:\\\/\\\/patagoniambiental.com.ar\\\/info\\\/wp-content\\\/uploads\\\/2025\\\/05\\\/LOGO-PATAGONIA-AMBIENTAL.png\",\"width\":433,\"height\":250,\"caption\":\"Patagonia Ambiental\"},\"image\":{\"@id\":\"https:\\\/\\\/patagoniambiental.com.ar\\\/info\\\/#\\\/schema\\\/logo\\\/image\\\/\"},\"sameAs\":[\"https:\\\/\\\/www.facebook.com\\\/patagonia.ambiental\",\"https:\\\/\\\/x.com\\\/PatAmb\"]},{\"@type\":\"Person\",\"@id\":\"https:\\\/\\\/patagoniambiental.com.ar\\\/info\\\/#\\\/schema\\\/person\\\/db12bff64bbcbf6a253710bf0ea37b5d\",\"name\":\"Patagonia Ambiental\",\"description\":\"Andr\u00e9s Nievas T\u00e9cnico en manejo ambiental, consultor Ambiental y escritor para medios locales e internacionales sobre temas de geopolitica y medio ambiente.\",\"sameAs\":[\"http:\\\/\\\/www.patagoniambiental.com.ar\",\"https:\\\/\\\/www.facebook.com\\\/share\\\/1C1V8Gv9BX\\\/?mibextid=qi2Omg\",\"@patagoniambiental\",\"https:\\\/\\\/youtube.com\\\/@patagoniaambiental2023?si=BLt58t0wuXquxlYZ\"]}]}<\/script>\n<!-- \/ Yoast SEO Premium plugin. -->","yoast_head_json":{"title":"R\u00edo Negro: Provincia y Municipios participaron de encuentro sobre ordenamiento urbano en Viedma","robots":{"index":"index","follow":"follow","max-snippet":"max-snippet:-1","max-image-preview":"max-image-preview:large","max-video-preview":"max-video-preview:-1"},"canonical":"https:\/\/patagoniambiental.com.ar\/info\/provincia-y-municipios-participaron-de-encuentro-sobre-ordenamiento-urbano-en-viedma\/","og_locale":"es_ES","og_type":"article","og_title":"R\u00edo Negro: Provincia y Municipios participaron de encuentro sobre ordenamiento urbano en Viedma","og_description":"Viedma.-M\u00e1s de 40 representantes de municipios del Valle Medio y Zona Atl\u00e1ntica, junto a referentes de organismos provinciales, participaron en [&hellip;]","og_url":"https:\/\/patagoniambiental.com.ar\/info\/provincia-y-municipios-participaron-de-encuentro-sobre-ordenamiento-urbano-en-viedma\/","og_site_name":"Patagonia Ambiental","article_publisher":"https:\/\/www.facebook.com\/patagonia.ambiental","article_author":"https:\/\/www.facebook.com\/share\/1C1V8Gv9BX\/?mibextid=qi2Omg","article_published_time":"2017-11-23T12:00:51+00:00","og_image":[{"width":924,"height":456,"url":"https:\/\/patagoniambiental.com.ar\/info\/wp-content\/uploads\/2017\/11\/ordenamiento.jpg","type":"image\/jpeg"}],"author":"Patagonia Ambiental","twitter_card":"summary_large_image","twitter_creator":"@PatAmb","twitter_site":"@PatAmb","schema":{"@context":"https:\/\/schema.org","@graph":[{"@type":"Article","@id":"https:\/\/patagoniambiental.com.ar\/info\/provincia-y-municipios-participaron-de-encuentro-sobre-ordenamiento-urbano-en-viedma\/#article","isPartOf":{"@id":"https:\/\/patagoniambiental.com.ar\/info\/provincia-y-municipios-participaron-de-encuentro-sobre-ordenamiento-urbano-en-viedma\/"},"author":{"name":"Patagonia Ambiental","@id":"https:\/\/patagoniambiental.com.ar\/info\/#\/schema\/person\/db12bff64bbcbf6a253710bf0ea37b5d"},"headline":"R\u00edo Negro: Provincia y Municipios participaron de encuentro sobre ordenamiento urbano en Viedma","datePublished":"2017-11-23T12:00:51+00:00","mainEntityOfPage":{"@id":"https:\/\/patagoniambiental.com.ar\/info\/provincia-y-municipios-participaron-de-encuentro-sobre-ordenamiento-urbano-en-viedma\/"},"wordCount":481,"commentCount":0,"publisher":{"@id":"https:\/\/patagoniambiental.com.ar\/info\/#organization"},"image":{"@id":"https:\/\/patagoniambiental.com.ar\/info\/provincia-y-municipios-participaron-de-encuentro-sobre-ordenamiento-urbano-en-viedma\/#primaryimage"},"thumbnailUrl":"https:\/\/patagoniambiental.com.ar\/info\/wp-content\/uploads\/2017\/11\/ordenamiento.jpg","articleSection":["Municipios","Noticias","R\u00edo Negro"],"inLanguage":"es","potentialAction":[{"@type":"CommentAction","name":"Comment","target":["https:\/\/patagoniambiental.com.ar\/info\/provincia-y-municipios-participaron-de-encuentro-sobre-ordenamiento-urbano-en-viedma\/#respond"]}]},{"@type":"WebPage","@id":"https:\/\/patagoniambiental.com.ar\/info\/provincia-y-municipios-participaron-de-encuentro-sobre-ordenamiento-urbano-en-viedma\/","url":"https:\/\/patagoniambiental.com.ar\/info\/provincia-y-municipios-participaron-de-encuentro-sobre-ordenamiento-urbano-en-viedma\/","name":"R\u00edo Negro: Provincia y Municipios participaron de encuentro sobre ordenamiento urbano en Viedma","isPartOf":{"@id":"https:\/\/patagoniambiental.com.ar\/info\/#website"},"primaryImageOfPage":{"@id":"https:\/\/patagoniambiental.com.ar\/info\/provincia-y-municipios-participaron-de-encuentro-sobre-ordenamiento-urbano-en-viedma\/#primaryimage"},"image":{"@id":"https:\/\/patagoniambiental.com.ar\/info\/provincia-y-municipios-participaron-de-encuentro-sobre-ordenamiento-urbano-en-viedma\/#primaryimage"},"thumbnailUrl":"https:\/\/patagoniambiental.com.ar\/info\/wp-content\/uploads\/2017\/11\/ordenamiento.jpg","datePublished":"2017-11-23T12:00:51+00:00","breadcrumb":{"@id":"https:\/\/patagoniambiental.com.ar\/info\/provincia-y-municipios-participaron-de-encuentro-sobre-ordenamiento-urbano-en-viedma\/#breadcrumb"},"inLanguage":"es","potentialAction":[{"@type":"ReadAction","target":["https:\/\/patagoniambiental.com.ar\/info\/provincia-y-municipios-participaron-de-encuentro-sobre-ordenamiento-urbano-en-viedma\/"]}]},{"@type":"ImageObject","inLanguage":"es","@id":"https:\/\/patagoniambiental.com.ar\/info\/provincia-y-municipios-participaron-de-encuentro-sobre-ordenamiento-urbano-en-viedma\/#primaryimage","url":"https:\/\/patagoniambiental.com.ar\/info\/wp-content\/uploads\/2017\/11\/ordenamiento.jpg","contentUrl":"https:\/\/patagoniambiental.com.ar\/info\/wp-content\/uploads\/2017\/11\/ordenamiento.jpg","width":924,"height":456},{"@type":"BreadcrumbList","@id":"https:\/\/patagoniambiental.com.ar\/info\/provincia-y-municipios-participaron-de-encuentro-sobre-ordenamiento-urbano-en-viedma\/#breadcrumb","itemListElement":[{"@type":"ListItem","position":1,"name":"Inicio","item":"https:\/\/patagoniambiental.com.ar\/info\/"},{"@type":"ListItem","position":2,"name":"R\u00edo Negro: Provincia y Municipios participaron de encuentro sobre ordenamiento urbano en Viedma"}]},{"@type":"WebSite","@id":"https:\/\/patagoniambiental.com.ar\/info\/#website","url":"https:\/\/patagoniambiental.com.ar\/info\/","name":"Patagonia Ambiental","description":"Monitoreo y an\u00e1lisis de la situaci\u00f3n geopol\u00edtica en el mundo y su implicancia en la Patagonia","publisher":{"@id":"https:\/\/patagoniambiental.com.ar\/info\/#organization"},"potentialAction":[{"@type":"SearchAction","target":{"@type":"EntryPoint","urlTemplate":"https:\/\/patagoniambiental.com.ar\/info\/?s={search_term_string}"},"query-input":{"@type":"PropertyValueSpecification","valueRequired":true,"valueName":"search_term_string"}}],"inLanguage":"es"},{"@type":"Organization","@id":"https:\/\/patagoniambiental.com.ar\/info\/#organization","name":"Patagonia Ambiental","url":"https:\/\/patagoniambiental.com.ar\/info\/","logo":{"@type":"ImageObject","inLanguage":"es","@id":"https:\/\/patagoniambiental.com.ar\/info\/#\/schema\/logo\/image\/","url":"https:\/\/patagoniambiental.com.ar\/info\/wp-content\/uploads\/2025\/05\/LOGO-PATAGONIA-AMBIENTAL.png","contentUrl":"https:\/\/patagoniambiental.com.ar\/info\/wp-content\/uploads\/2025\/05\/LOGO-PATAGONIA-AMBIENTAL.png","width":433,"height":250,"caption":"Patagonia Ambiental"},"image":{"@id":"https:\/\/patagoniambiental.com.ar\/info\/#\/schema\/logo\/image\/"},"sameAs":["https:\/\/www.facebook.com\/patagonia.ambiental","https:\/\/x.com\/PatAmb"]},{"@type":"Person","@id":"https:\/\/patagoniambiental.com.ar\/info\/#\/schema\/person\/db12bff64bbcbf6a253710bf0ea37b5d","name":"Patagonia Ambiental","description":"Andr\u00e9s Nievas T\u00e9cnico en manejo ambiental, consultor Ambiental y escritor para medios locales e internacionales sobre temas de geopolitica y medio ambiente.","sameAs":["http:\/\/www.patagoniambiental.com.ar","https:\/\/www.facebook.com\/share\/1C1V8Gv9BX\/?mibextid=qi2Omg","@patagoniambiental","https:\/\/youtube.com\/@patagoniaambiental2023?si=BLt58t0wuXquxlYZ"]}]}},"_links":{"self":[{"href":"https:\/\/patagoniambiental.com.ar\/info\/wp-json\/wp\/v2\/posts\/38664","targetHints":{"allow":["GET"]}}],"collection":[{"href":"https:\/\/patagoniambiental.com.ar\/info\/wp-json\/wp\/v2\/posts"}],"about":[{"href":"https:\/\/patagoniambiental.com.ar\/info\/wp-json\/wp\/v2\/types\/post"}],"author":[{"embeddable":true,"href":"https:\/\/patagoniambiental.com.ar\/info\/wp-json\/wp\/v2\/users\/2"}],"replies":[{"embeddable":true,"href":"https:\/\/patagoniambiental.com.ar\/info\/wp-json\/wp\/v2\/comments?post=38664"}],"version-history":[{"count":0,"href":"https:\/\/patagoniambiental.com.ar\/info\/wp-json\/wp\/v2\/posts\/38664\/revisions"}],"wp:featuredmedia":[{"embeddable":true,"href":"https:\/\/patagoniambiental.com.ar\/info\/wp-json\/wp\/v2\/media\/38665"}],"wp:attachment":[{"href":"https:\/\/patagoniambiental.com.ar\/info\/wp-json\/wp\/v2\/media?parent=38664"}],"wp:term":[{"taxonomy":"category","embeddable":true,"href":"https:\/\/patagoniambiental.com.ar\/info\/wp-json\/wp\/v2\/categories?post=38664"},{"taxonomy":"post_tag","embeddable":true,"href":"https:\/\/patagoniambiental.com.ar\/info\/wp-json\/wp\/v2\/tags?post=38664"}],"curies":[{"name":"wp","href":"https:\/\/api.w.org\/{rel}","templated":true}]}}