{"id":38667,"date":"2017-11-23T09:00:28","date_gmt":"2017-11-23T12:00:28","guid":{"rendered":"http:\/\/patagoniambiental.com.ar\/info\/?p=38667"},"modified":"2017-11-22T20:08:42","modified_gmt":"2017-11-22T23:08:42","slug":"tierra-del-fuego-apuesta-al-turismo-de-aventura-para-aumentar-la-estadia","status":"publish","type":"post","link":"https:\/\/patagoniambiental.com.ar\/info\/tierra-del-fuego-apuesta-al-turismo-de-aventura-para-aumentar-la-estadia\/","title":{"rendered":"Tierra del Fuego apuesta al turismo de aventura para aumentar la estad\u00eda"},"content":{"rendered":"<div class=\"copete sofia\">\n<p>TIERRA DEL FUEGO.- El presidente del INFUETUR Luis Castelli inform\u00f3 por FM La Isla sobre su paso por la comisi\u00f3n de presupuesto en el d\u00eda de ayer. Asegur\u00f3 que la reuni\u00f3n fue \u201cmuy cordial, con un buen intercambio de preguntas y respuestas con los legisladores de la comisi\u00f3n, pudimos dar cuenta de lo que se hizo, como tiene que ser, y adelantamos lo que vamos a hacer en el ejercicio que viene\u201d.<\/p>\n<div class=\"sofia copete\">\n<p>\u201cLos legisladores se mostraron interesados en varios puntos, hicimos una presentaci\u00f3n basada en la del a\u00f1o pasado para poder comparar lo que hab\u00edamos dicho que \u00edbamos a hacer con lo que hicimos. Luego hubo una ronda de preguntas y an\u00e1lisis de n\u00fameros, sobre el estado actual de los procesos de concesi\u00f3n de la aerosilla, de la hoster\u00eda Petrel, de San Pablo. Preguntaron tambi\u00e9n por Yehuin y explicamos que no est\u00e1 bajo nuestra \u00f3rbita, lo mismo que las Termas de Tolhuin.<span class=\"marker\">\u00a0No obstante eso quedamos en tomar contacto con el propietario para ver si se puede establecer un plan para la recuperaci\u00f3n de ese lugar\u201d<\/span>, sostuvo.<\/p>\n<p>Respecto de la llegada de aerol\u00edneas low cost, \u201chubo un detalle de las gestiones y apoyo log\u00edstico a la pol\u00edtica de apertura aerocomercial, dimos ejemplos de las rutas que se han pedido y el beneficio que eso va a traer. En el caso de las recaladas de cruceros, dimos cuenta de la importancia del turismo ant\u00e1rtico y lo que va a crecer en los pr\u00f3ximos a\u00f1os, y del turismo de cruceros en general, con lo que significa en t\u00e9rminos de recursos para el turismo de Tierra del Fuego. Se toc\u00f3 este tema como parte de la presentaci\u00f3n. El a\u00f1o pasado tuvimos cerca de 300 recaladas y estimamos que este a\u00f1o vamos a superar ese n\u00famero, con 330 recaladas previstas\u201d, indic\u00f3.<\/p>\n<p>El objetivo trazado para el 2018 es \u201cque los turistas que llegan a Ushuaia puedan extender su estad\u00eda, y que puedan distribuirse territorialmente para conocer otros atractivos m\u00e1s all\u00e1 de Ushuaia. Es el gran desaf\u00edo de la gesti\u00f3n, que la extensi\u00f3n de la estad\u00eda signifique que los turistas vayan a R\u00edo Grande, a Tolhuin, visiten senderos, los lagos, y se queden m\u00e1s tiempo en el territorio, en lugar de estas exiguas 2.8 noches de estad\u00eda promedio.<span class=\"marker\">\u00a0Ese paquete tradicional que se vende es insuficiente para conocer todos los atractivos\u201d<\/span>, plante\u00f3 el funcionario.<\/p>\n<p>El turismo de aventura es uno de los objetivos tambi\u00e9n \u201cporque es un turismo de un grupo etario m\u00e1s grande, con otra disponibilidad de recursos, se queda m\u00e1s tiempo en los destinos porque el turismo de aventura tiene un promedio de estad\u00eda de ocho noches, as\u00ed que tenemos mucho para crecer trabajando en ese segmento, adem\u00e1s es muy cuidadoso del ambiente, del entorno, consume mucho producto local y le presta especial atenci\u00f3n a la oferta paisaj\u00edstica y tambi\u00e9n a la cultural. Eso hace que los recursos que traen se derramen de otra manera\u201d, resalt\u00f3 Castelli.<\/p>\n<p>Con el mercado chino no hubo avances significativos pero se prev\u00e9 la promoci\u00f3n el a\u00f1o entrante: \u201cEl turismo chino est\u00e1 creciendo, hoy est\u00e1 segundo detr\u00e1s del americano y hay que preparar al destino, con capacitaci\u00f3n, con traductores, con men\u00faes en gastronom\u00eda. Hay que hacer una serie de capacitaciones y hay que estar preparados para hacer promoci\u00f3n en el pa\u00eds, que todav\u00eda no hemos hecho.<span class=\"marker\">\u00a0Probablemente haya una participaci\u00f3n nuestra el a\u00f1o que viene en ese pa\u00eds junto con el ministerio de turismo de naci\u00f3n\u201d,<\/span>\u00a0concluy\u00f3.<\/p>\n<\/div>\n<div class=\"col-md-12 no-m hidden-xs\">\u00a0Fuente:\u00a0http:\/\/www.sur54.com\/infuetur_en_la_comision_de_presupuesto_se_apuesta_al_turismo_de_aventura_para_aumentar_la_estadia<\/div>\n<\/div>\n","protected":false},"excerpt":{"rendered":"<p>TIERRA DEL FUEGO.- El presidente del INFUETUR Luis Castelli inform\u00f3 por FM La Isla sobre su paso por la comisi\u00f3n [&hellip;]<\/p>\n","protected":false},"author":2,"featured_media":38668,"comment_status":"open","ping_status":"open","sticky":false,"template":"","format":"standard","meta":{"site-sidebar-layout":"default","site-content-layout":"","ast-site-content-layout":"default","site-content-style":"default","site-sidebar-style":"default","ast-global-header-display":"","ast-banner-title-visibility":"","ast-main-header-display":"","ast-hfb-above-header-display":"","ast-hfb-below-header-display":"","ast-hfb-mobile-header-display":"","site-post-title":"","ast-breadcrumbs-content":"","ast-featured-img":"","footer-sml-layout":"","ast-disable-related-posts":"","theme-transparent-header-meta":"","adv-header-id-meta":"","stick-header-meta":"","header-above-stick-meta":"","header-main-stick-meta":"","header-below-stick-meta":"","astra-migrate-meta-layouts":"default","ast-page-background-enabled":"default","ast-page-background-meta":{"desktop":{"background-color":"var(--ast-global-color-5)","background-image":"","background-repeat":"repeat","background-position":"center center","background-size":"auto","background-attachment":"scroll","background-type":"","background-media":"","overlay-type":"","overlay-color":"","overlay-opacity":"","overlay-gradient":""},"tablet":{"background-color":"","background-image":"","background-repeat":"repeat","background-position":"center center","background-size":"auto","background-attachment":"scroll","background-type":"","background-media":"","overlay-type":"","overlay-color":"","overlay-opacity":"","overlay-gradient":""},"mobile":{"background-color":"","background-image":"","background-repeat":"repeat","background-position":"center center","background-size":"auto","background-attachment":"scroll","background-type":"","background-media":"","overlay-type":"","overlay-color":"","overlay-opacity":"","overlay-gradient":""}},"ast-content-background-meta":{"desktop":{"background-color":"var(--ast-global-color-4)","background-image":"","background-repeat":"repeat","background-position":"center center","background-size":"auto","background-attachment":"scroll","background-type":"","background-media":"","overlay-type":"","overlay-color":"","overlay-opacity":"","overlay-gradient":""},"tablet":{"background-color":"var(--ast-global-color-4)","background-image":"","background-repeat":"repeat","background-position":"center center","background-size":"auto","background-attachment":"scroll","background-type":"","background-media":"","overlay-type":"","overlay-color":"","overlay-opacity":"","overlay-gradient":""},"mobile":{"background-color":"var(--ast-global-color-4)","background-image":"","background-repeat":"repeat","background-position":"center center","background-size":"auto","background-attachment":"scroll","background-type":"","background-media":"","overlay-type":"","overlay-color":"","overlay-opacity":"","overlay-gradient":""}},"footnotes":""},"categories":[1,25],"tags":[],"class_list":["post-38667","post","type-post","status-publish","format-standard","has-post-thumbnail","hentry","category-noticias","category-tierra-del-fuego"],"yoast_head":"<!-- This site is optimized with the Yoast SEO Premium plugin v23.0 (Yoast SEO v27.4) - https:\/\/yoast.com\/product\/yoast-seo-premium-wordpress\/ -->\n<title>Tierra del Fuego apuesta al turismo de aventura para aumentar la estad\u00eda<\/title>\n<meta name=\"robots\" content=\"index, follow, max-snippet:-1, max-image-preview:large, max-video-preview:-1\" \/>\n<link rel=\"canonical\" href=\"https:\/\/patagoniambiental.com.ar\/info\/tierra-del-fuego-apuesta-al-turismo-de-aventura-para-aumentar-la-estadia\/\" \/>\n<meta property=\"og:locale\" content=\"es_ES\" \/>\n<meta property=\"og:type\" content=\"article\" \/>\n<meta property=\"og:title\" content=\"Tierra del Fuego apuesta al turismo de aventura para aumentar la estad\u00eda\" \/>\n<meta property=\"og:description\" content=\"TIERRA DEL FUEGO.- El presidente del INFUETUR Luis Castelli inform\u00f3 por FM La Isla sobre su paso por la comisi\u00f3n [&hellip;]\" \/>\n<meta property=\"og:url\" content=\"https:\/\/patagoniambiental.com.ar\/info\/tierra-del-fuego-apuesta-al-turismo-de-aventura-para-aumentar-la-estadia\/\" \/>\n<meta property=\"og:site_name\" content=\"Patagonia Ambiental\" \/>\n<meta property=\"article:publisher\" content=\"https:\/\/www.facebook.com\/patagonia.ambiental\" \/>\n<meta property=\"article:author\" content=\"https:\/\/www.facebook.com\/share\/1C1V8Gv9BX\/?mibextid=qi2Omg\" \/>\n<meta property=\"article:published_time\" content=\"2017-11-23T12:00:28+00:00\" \/>\n<meta property=\"og:image\" content=\"https:\/\/patagoniambiental.com.ar\/info\/wp-content\/uploads\/2017\/11\/turismo-aventura.jpg\" \/>\n\t<meta property=\"og:image:width\" content=\"900\" \/>\n\t<meta property=\"og:image:height\" content=\"600\" \/>\n\t<meta property=\"og:image:type\" content=\"image\/jpeg\" \/>\n<meta name=\"author\" content=\"Patagonia Ambiental\" \/>\n<meta name=\"twitter:card\" content=\"summary_large_image\" \/>\n<meta name=\"twitter:creator\" content=\"@PatAmb\" \/>\n<meta name=\"twitter:site\" content=\"@PatAmb\" \/>\n<script type=\"application\/ld+json\" class=\"yoast-schema-graph\">{\"@context\":\"https:\\\/\\\/schema.org\",\"@graph\":[{\"@type\":\"Article\",\"@id\":\"https:\\\/\\\/patagoniambiental.com.ar\\\/info\\\/tierra-del-fuego-apuesta-al-turismo-de-aventura-para-aumentar-la-estadia\\\/#article\",\"isPartOf\":{\"@id\":\"https:\\\/\\\/patagoniambiental.com.ar\\\/info\\\/tierra-del-fuego-apuesta-al-turismo-de-aventura-para-aumentar-la-estadia\\\/\"},\"author\":{\"name\":\"Patagonia Ambiental\",\"@id\":\"https:\\\/\\\/patagoniambiental.com.ar\\\/info\\\/#\\\/schema\\\/person\\\/db12bff64bbcbf6a253710bf0ea37b5d\"},\"headline\":\"Tierra del Fuego apuesta al turismo de aventura para aumentar la estad\u00eda\",\"datePublished\":\"2017-11-23T12:00:28+00:00\",\"mainEntityOfPage\":{\"@id\":\"https:\\\/\\\/patagoniambiental.com.ar\\\/info\\\/tierra-del-fuego-apuesta-al-turismo-de-aventura-para-aumentar-la-estadia\\\/\"},\"wordCount\":654,\"commentCount\":0,\"publisher\":{\"@id\":\"https:\\\/\\\/patagoniambiental.com.ar\\\/info\\\/#organization\"},\"image\":{\"@id\":\"https:\\\/\\\/patagoniambiental.com.ar\\\/info\\\/tierra-del-fuego-apuesta-al-turismo-de-aventura-para-aumentar-la-estadia\\\/#primaryimage\"},\"thumbnailUrl\":\"https:\\\/\\\/patagoniambiental.com.ar\\\/info\\\/wp-content\\\/uploads\\\/2017\\\/11\\\/turismo-aventura.jpg\",\"articleSection\":[\"Noticias\",\"Tierra del Fuego\"],\"inLanguage\":\"es\",\"potentialAction\":[{\"@type\":\"CommentAction\",\"name\":\"Comment\",\"target\":[\"https:\\\/\\\/patagoniambiental.com.ar\\\/info\\\/tierra-del-fuego-apuesta-al-turismo-de-aventura-para-aumentar-la-estadia\\\/#respond\"]}]},{\"@type\":\"WebPage\",\"@id\":\"https:\\\/\\\/patagoniambiental.com.ar\\\/info\\\/tierra-del-fuego-apuesta-al-turismo-de-aventura-para-aumentar-la-estadia\\\/\",\"url\":\"https:\\\/\\\/patagoniambiental.com.ar\\\/info\\\/tierra-del-fuego-apuesta-al-turismo-de-aventura-para-aumentar-la-estadia\\\/\",\"name\":\"Tierra del Fuego apuesta al turismo de aventura para aumentar la estad\u00eda\",\"isPartOf\":{\"@id\":\"https:\\\/\\\/patagoniambiental.com.ar\\\/info\\\/#website\"},\"primaryImageOfPage\":{\"@id\":\"https:\\\/\\\/patagoniambiental.com.ar\\\/info\\\/tierra-del-fuego-apuesta-al-turismo-de-aventura-para-aumentar-la-estadia\\\/#primaryimage\"},\"image\":{\"@id\":\"https:\\\/\\\/patagoniambiental.com.ar\\\/info\\\/tierra-del-fuego-apuesta-al-turismo-de-aventura-para-aumentar-la-estadia\\\/#primaryimage\"},\"thumbnailUrl\":\"https:\\\/\\\/patagoniambiental.com.ar\\\/info\\\/wp-content\\\/uploads\\\/2017\\\/11\\\/turismo-aventura.jpg\",\"datePublished\":\"2017-11-23T12:00:28+00:00\",\"breadcrumb\":{\"@id\":\"https:\\\/\\\/patagoniambiental.com.ar\\\/info\\\/tierra-del-fuego-apuesta-al-turismo-de-aventura-para-aumentar-la-estadia\\\/#breadcrumb\"},\"inLanguage\":\"es\",\"potentialAction\":[{\"@type\":\"ReadAction\",\"target\":[\"https:\\\/\\\/patagoniambiental.com.ar\\\/info\\\/tierra-del-fuego-apuesta-al-turismo-de-aventura-para-aumentar-la-estadia\\\/\"]}]},{\"@type\":\"ImageObject\",\"inLanguage\":\"es\",\"@id\":\"https:\\\/\\\/patagoniambiental.com.ar\\\/info\\\/tierra-del-fuego-apuesta-al-turismo-de-aventura-para-aumentar-la-estadia\\\/#primaryimage\",\"url\":\"https:\\\/\\\/patagoniambiental.com.ar\\\/info\\\/wp-content\\\/uploads\\\/2017\\\/11\\\/turismo-aventura.jpg\",\"contentUrl\":\"https:\\\/\\\/patagoniambiental.com.ar\\\/info\\\/wp-content\\\/uploads\\\/2017\\\/11\\\/turismo-aventura.jpg\",\"width\":900,\"height\":600},{\"@type\":\"BreadcrumbList\",\"@id\":\"https:\\\/\\\/patagoniambiental.com.ar\\\/info\\\/tierra-del-fuego-apuesta-al-turismo-de-aventura-para-aumentar-la-estadia\\\/#breadcrumb\",\"itemListElement\":[{\"@type\":\"ListItem\",\"position\":1,\"name\":\"Inicio\",\"item\":\"https:\\\/\\\/patagoniambiental.com.ar\\\/info\\\/\"},{\"@type\":\"ListItem\",\"position\":2,\"name\":\"Tierra del Fuego apuesta al turismo de aventura para aumentar la estad\u00eda\"}]},{\"@type\":\"WebSite\",\"@id\":\"https:\\\/\\\/patagoniambiental.com.ar\\\/info\\\/#website\",\"url\":\"https:\\\/\\\/patagoniambiental.com.ar\\\/info\\\/\",\"name\":\"Patagonia Ambiental\",\"description\":\"Monitoreo y an\u00e1lisis de la situaci\u00f3n geopol\u00edtica en el mundo y su implicancia en la Patagonia\",\"publisher\":{\"@id\":\"https:\\\/\\\/patagoniambiental.com.ar\\\/info\\\/#organization\"},\"potentialAction\":[{\"@type\":\"SearchAction\",\"target\":{\"@type\":\"EntryPoint\",\"urlTemplate\":\"https:\\\/\\\/patagoniambiental.com.ar\\\/info\\\/?s={search_term_string}\"},\"query-input\":{\"@type\":\"PropertyValueSpecification\",\"valueRequired\":true,\"valueName\":\"search_term_string\"}}],\"inLanguage\":\"es\"},{\"@type\":\"Organization\",\"@id\":\"https:\\\/\\\/patagoniambiental.com.ar\\\/info\\\/#organization\",\"name\":\"Patagonia Ambiental\",\"url\":\"https:\\\/\\\/patagoniambiental.com.ar\\\/info\\\/\",\"logo\":{\"@type\":\"ImageObject\",\"inLanguage\":\"es\",\"@id\":\"https:\\\/\\\/patagoniambiental.com.ar\\\/info\\\/#\\\/schema\\\/logo\\\/image\\\/\",\"url\":\"https:\\\/\\\/patagoniambiental.com.ar\\\/info\\\/wp-content\\\/uploads\\\/2025\\\/05\\\/LOGO-PATAGONIA-AMBIENTAL.png\",\"contentUrl\":\"https:\\\/\\\/patagoniambiental.com.ar\\\/info\\\/wp-content\\\/uploads\\\/2025\\\/05\\\/LOGO-PATAGONIA-AMBIENTAL.png\",\"width\":433,\"height\":250,\"caption\":\"Patagonia Ambiental\"},\"image\":{\"@id\":\"https:\\\/\\\/patagoniambiental.com.ar\\\/info\\\/#\\\/schema\\\/logo\\\/image\\\/\"},\"sameAs\":[\"https:\\\/\\\/www.facebook.com\\\/patagonia.ambiental\",\"https:\\\/\\\/x.com\\\/PatAmb\"]},{\"@type\":\"Person\",\"@id\":\"https:\\\/\\\/patagoniambiental.com.ar\\\/info\\\/#\\\/schema\\\/person\\\/db12bff64bbcbf6a253710bf0ea37b5d\",\"name\":\"Patagonia Ambiental\",\"description\":\"Andr\u00e9s Nievas T\u00e9cnico en manejo ambiental, consultor Ambiental y escritor para medios locales e internacionales sobre temas de geopolitica y medio ambiente.\",\"sameAs\":[\"http:\\\/\\\/www.patagoniambiental.com.ar\",\"https:\\\/\\\/www.facebook.com\\\/share\\\/1C1V8Gv9BX\\\/?mibextid=qi2Omg\",\"@patagoniambiental\",\"https:\\\/\\\/youtube.com\\\/@patagoniaambiental2023?si=BLt58t0wuXquxlYZ\"]}]}<\/script>\n<!-- \/ Yoast SEO Premium plugin. -->","yoast_head_json":{"title":"Tierra del Fuego apuesta al turismo de aventura para aumentar la estad\u00eda","robots":{"index":"index","follow":"follow","max-snippet":"max-snippet:-1","max-image-preview":"max-image-preview:large","max-video-preview":"max-video-preview:-1"},"canonical":"https:\/\/patagoniambiental.com.ar\/info\/tierra-del-fuego-apuesta-al-turismo-de-aventura-para-aumentar-la-estadia\/","og_locale":"es_ES","og_type":"article","og_title":"Tierra del Fuego apuesta al turismo de aventura para aumentar la estad\u00eda","og_description":"TIERRA DEL FUEGO.- El presidente del INFUETUR Luis Castelli inform\u00f3 por FM La Isla sobre su paso por la comisi\u00f3n [&hellip;]","og_url":"https:\/\/patagoniambiental.com.ar\/info\/tierra-del-fuego-apuesta-al-turismo-de-aventura-para-aumentar-la-estadia\/","og_site_name":"Patagonia Ambiental","article_publisher":"https:\/\/www.facebook.com\/patagonia.ambiental","article_author":"https:\/\/www.facebook.com\/share\/1C1V8Gv9BX\/?mibextid=qi2Omg","article_published_time":"2017-11-23T12:00:28+00:00","og_image":[{"width":900,"height":600,"url":"https:\/\/patagoniambiental.com.ar\/info\/wp-content\/uploads\/2017\/11\/turismo-aventura.jpg","type":"image\/jpeg"}],"author":"Patagonia Ambiental","twitter_card":"summary_large_image","twitter_creator":"@PatAmb","twitter_site":"@PatAmb","schema":{"@context":"https:\/\/schema.org","@graph":[{"@type":"Article","@id":"https:\/\/patagoniambiental.com.ar\/info\/tierra-del-fuego-apuesta-al-turismo-de-aventura-para-aumentar-la-estadia\/#article","isPartOf":{"@id":"https:\/\/patagoniambiental.com.ar\/info\/tierra-del-fuego-apuesta-al-turismo-de-aventura-para-aumentar-la-estadia\/"},"author":{"name":"Patagonia Ambiental","@id":"https:\/\/patagoniambiental.com.ar\/info\/#\/schema\/person\/db12bff64bbcbf6a253710bf0ea37b5d"},"headline":"Tierra del Fuego apuesta al turismo de aventura para aumentar la estad\u00eda","datePublished":"2017-11-23T12:00:28+00:00","mainEntityOfPage":{"@id":"https:\/\/patagoniambiental.com.ar\/info\/tierra-del-fuego-apuesta-al-turismo-de-aventura-para-aumentar-la-estadia\/"},"wordCount":654,"commentCount":0,"publisher":{"@id":"https:\/\/patagoniambiental.com.ar\/info\/#organization"},"image":{"@id":"https:\/\/patagoniambiental.com.ar\/info\/tierra-del-fuego-apuesta-al-turismo-de-aventura-para-aumentar-la-estadia\/#primaryimage"},"thumbnailUrl":"https:\/\/patagoniambiental.com.ar\/info\/wp-content\/uploads\/2017\/11\/turismo-aventura.jpg","articleSection":["Noticias","Tierra del Fuego"],"inLanguage":"es","potentialAction":[{"@type":"CommentAction","name":"Comment","target":["https:\/\/patagoniambiental.com.ar\/info\/tierra-del-fuego-apuesta-al-turismo-de-aventura-para-aumentar-la-estadia\/#respond"]}]},{"@type":"WebPage","@id":"https:\/\/patagoniambiental.com.ar\/info\/tierra-del-fuego-apuesta-al-turismo-de-aventura-para-aumentar-la-estadia\/","url":"https:\/\/patagoniambiental.com.ar\/info\/tierra-del-fuego-apuesta-al-turismo-de-aventura-para-aumentar-la-estadia\/","name":"Tierra del Fuego apuesta al turismo de aventura para aumentar la estad\u00eda","isPartOf":{"@id":"https:\/\/patagoniambiental.com.ar\/info\/#website"},"primaryImageOfPage":{"@id":"https:\/\/patagoniambiental.com.ar\/info\/tierra-del-fuego-apuesta-al-turismo-de-aventura-para-aumentar-la-estadia\/#primaryimage"},"image":{"@id":"https:\/\/patagoniambiental.com.ar\/info\/tierra-del-fuego-apuesta-al-turismo-de-aventura-para-aumentar-la-estadia\/#primaryimage"},"thumbnailUrl":"https:\/\/patagoniambiental.com.ar\/info\/wp-content\/uploads\/2017\/11\/turismo-aventura.jpg","datePublished":"2017-11-23T12:00:28+00:00","breadcrumb":{"@id":"https:\/\/patagoniambiental.com.ar\/info\/tierra-del-fuego-apuesta-al-turismo-de-aventura-para-aumentar-la-estadia\/#breadcrumb"},"inLanguage":"es","potentialAction":[{"@type":"ReadAction","target":["https:\/\/patagoniambiental.com.ar\/info\/tierra-del-fuego-apuesta-al-turismo-de-aventura-para-aumentar-la-estadia\/"]}]},{"@type":"ImageObject","inLanguage":"es","@id":"https:\/\/patagoniambiental.com.ar\/info\/tierra-del-fuego-apuesta-al-turismo-de-aventura-para-aumentar-la-estadia\/#primaryimage","url":"https:\/\/patagoniambiental.com.ar\/info\/wp-content\/uploads\/2017\/11\/turismo-aventura.jpg","contentUrl":"https:\/\/patagoniambiental.com.ar\/info\/wp-content\/uploads\/2017\/11\/turismo-aventura.jpg","width":900,"height":600},{"@type":"BreadcrumbList","@id":"https:\/\/patagoniambiental.com.ar\/info\/tierra-del-fuego-apuesta-al-turismo-de-aventura-para-aumentar-la-estadia\/#breadcrumb","itemListElement":[{"@type":"ListItem","position":1,"name":"Inicio","item":"https:\/\/patagoniambiental.com.ar\/info\/"},{"@type":"ListItem","position":2,"name":"Tierra del Fuego apuesta al turismo de aventura para aumentar la estad\u00eda"}]},{"@type":"WebSite","@id":"https:\/\/patagoniambiental.com.ar\/info\/#website","url":"https:\/\/patagoniambiental.com.ar\/info\/","name":"Patagonia Ambiental","description":"Monitoreo y an\u00e1lisis de la situaci\u00f3n geopol\u00edtica en el mundo y su implicancia en la Patagonia","publisher":{"@id":"https:\/\/patagoniambiental.com.ar\/info\/#organization"},"potentialAction":[{"@type":"SearchAction","target":{"@type":"EntryPoint","urlTemplate":"https:\/\/patagoniambiental.com.ar\/info\/?s={search_term_string}"},"query-input":{"@type":"PropertyValueSpecification","valueRequired":true,"valueName":"search_term_string"}}],"inLanguage":"es"},{"@type":"Organization","@id":"https:\/\/patagoniambiental.com.ar\/info\/#organization","name":"Patagonia Ambiental","url":"https:\/\/patagoniambiental.com.ar\/info\/","logo":{"@type":"ImageObject","inLanguage":"es","@id":"https:\/\/patagoniambiental.com.ar\/info\/#\/schema\/logo\/image\/","url":"https:\/\/patagoniambiental.com.ar\/info\/wp-content\/uploads\/2025\/05\/LOGO-PATAGONIA-AMBIENTAL.png","contentUrl":"https:\/\/patagoniambiental.com.ar\/info\/wp-content\/uploads\/2025\/05\/LOGO-PATAGONIA-AMBIENTAL.png","width":433,"height":250,"caption":"Patagonia Ambiental"},"image":{"@id":"https:\/\/patagoniambiental.com.ar\/info\/#\/schema\/logo\/image\/"},"sameAs":["https:\/\/www.facebook.com\/patagonia.ambiental","https:\/\/x.com\/PatAmb"]},{"@type":"Person","@id":"https:\/\/patagoniambiental.com.ar\/info\/#\/schema\/person\/db12bff64bbcbf6a253710bf0ea37b5d","name":"Patagonia Ambiental","description":"Andr\u00e9s Nievas T\u00e9cnico en manejo ambiental, consultor Ambiental y escritor para medios locales e internacionales sobre temas de geopolitica y medio ambiente.","sameAs":["http:\/\/www.patagoniambiental.com.ar","https:\/\/www.facebook.com\/share\/1C1V8Gv9BX\/?mibextid=qi2Omg","@patagoniambiental","https:\/\/youtube.com\/@patagoniaambiental2023?si=BLt58t0wuXquxlYZ"]}]}},"_links":{"self":[{"href":"https:\/\/patagoniambiental.com.ar\/info\/wp-json\/wp\/v2\/posts\/38667","targetHints":{"allow":["GET"]}}],"collection":[{"href":"https:\/\/patagoniambiental.com.ar\/info\/wp-json\/wp\/v2\/posts"}],"about":[{"href":"https:\/\/patagoniambiental.com.ar\/info\/wp-json\/wp\/v2\/types\/post"}],"author":[{"embeddable":true,"href":"https:\/\/patagoniambiental.com.ar\/info\/wp-json\/wp\/v2\/users\/2"}],"replies":[{"embeddable":true,"href":"https:\/\/patagoniambiental.com.ar\/info\/wp-json\/wp\/v2\/comments?post=38667"}],"version-history":[{"count":0,"href":"https:\/\/patagoniambiental.com.ar\/info\/wp-json\/wp\/v2\/posts\/38667\/revisions"}],"wp:featuredmedia":[{"embeddable":true,"href":"https:\/\/patagoniambiental.com.ar\/info\/wp-json\/wp\/v2\/media\/38668"}],"wp:attachment":[{"href":"https:\/\/patagoniambiental.com.ar\/info\/wp-json\/wp\/v2\/media?parent=38667"}],"wp:term":[{"taxonomy":"category","embeddable":true,"href":"https:\/\/patagoniambiental.com.ar\/info\/wp-json\/wp\/v2\/categories?post=38667"},{"taxonomy":"post_tag","embeddable":true,"href":"https:\/\/patagoniambiental.com.ar\/info\/wp-json\/wp\/v2\/tags?post=38667"}],"curies":[{"name":"wp","href":"https:\/\/api.w.org\/{rel}","templated":true}]}}