{"id":38684,"date":"2017-11-23T09:00:00","date_gmt":"2017-11-23T12:00:00","guid":{"rendered":"http:\/\/patagoniambiental.com.ar\/info\/?p=38684"},"modified":"2017-11-23T09:40:00","modified_gmt":"2017-11-23T12:40:00","slug":"desalojan-la-ocupacion-mapuche-de-mascardi-y-cortan-la-ruta-40","status":"publish","type":"post","link":"https:\/\/patagoniambiental.com.ar\/info\/desalojan-la-ocupacion-mapuche-de-mascardi-y-cortan-la-ruta-40\/","title":{"rendered":"Desalojan la ocupaci\u00f3n mapuche de Mascardi y cortan la ruta 40"},"content":{"rendered":"<div id=\"p_p_id_contentviewerportlet_WAR_newsportlet_INSTANCE_7b46250c2ded4bb09ceadd10f25cd300_\" class=\"portlet-boundary portlet-boundary_contentviewerportlet_WAR_newsportlet_  portlet-static portlet-static-end content-viewer-portlet \">\n<div class=\"td-portlet\">\n<section id=\"portlet_contentviewerportlet_WAR_newsportlet_INSTANCE_7b46250c2ded4bb09ceadd10f25cd300\" class=\"portlet\">\n<div class=\"portlet-content\">\n<div class=\" portlet-content-container\">\n<div class=\"portlet-body\">\n<div class=\"last td-viewer full-access\">\n<div class=\"template-90\">\n<div class=\"left-block\">\n<p class=\"subheadline font-2 fs16\">San Carlos de Bariloche.-Las fuerzas federales bloquean el tr\u00e1nsito en la ruta 40 a la altura de Los Baqueanos. No se puede circular desde Bariloche hacia El Bols\u00f3n. La comunidad mapuche denunci\u00f3 que a las 5:30 llegaron a desalojar.<\/p>\n<\/div>\n<\/div>\n<\/div>\n<\/div>\n<\/div>\n<\/div>\n<\/section>\n<\/div>\n<\/div>\n<p><!--more--><\/p>\n<div id=\"p_p_id_relatedviewerportlet_WAR_newsportlet_INSTANCE_2caf61592e674fbebb4407f508589526_\" class=\"portlet-boundary portlet-boundary_relatedviewerportlet_WAR_newsportlet_  portlet-static portlet-static-end related-viewer-portlet advanced-91\"><\/div>\n<div id=\"p_p_id_contentviewerportlet_WAR_newsportlet_INSTANCE_821e1339b7ea435c95f10c94a28dac2f_\" class=\"portlet-boundary portlet-boundary_contentviewerportlet_WAR_newsportlet_  portlet-static portlet-static-end content-viewer-portlet \"><a id=\"p_contentviewerportlet_WAR_newsportlet_INSTANCE_821e1339b7ea435c95f10c94a28dac2f\"><\/a><\/p>\n<div class=\"td-portlet\">\n<section id=\"portlet_contentviewerportlet_WAR_newsportlet_INSTANCE_821e1339b7ea435c95f10c94a28dac2f\" class=\"portlet\">\n<div class=\"portlet-content\">\n<div class=\" portlet-content-container\">\n<div class=\"portlet-body\">\n<div class=\"last td-viewer full-access\">\n<div class=\"template-92\">\n<div class=\"left-block\">\n<div class=\"bx-wrapper\">\n<div class=\"bx-viewport\">\n<div class=\"multimediaMacroWrapper bxMultimedia3963463\">\n<div class=\"contentMedia art-gallery\">\n<figure class=\"cutlineShow\">\n<div><img decoding=\"async\" class=\" lazyloaded\" title=\"La ocupaci\u00f3n mapuche se realiza en territorio de Parques Nacionales. - DeBariloche - Diario Rio Negro - rionegro.com.ar\" src=\"data:;base64,<svg xmlns='http:\/\/www.w3.org\/2000\/svg' viewBox='0 0 660 370'\/>\u00bb srcset=\u00bb\/\/www.rionegro.com.ar\/documents\/1\/0\/660&#215;370\/0c0\/0d0\/none\/12350\/BNXY\/image_content_9093114_20171123074814.jpg 660w\u00bb alt=\u00bbLa ocupaci\u00f3n mapuche se realiza en territorio de Parques Nacionales. &#8211; DeBariloche &#8211; Diario Rio Negro &#8211; rionegro.com.ar\u00bb width=\u00bb660&#8243; height=\u00bb370&#8243; data-srcset=\u00bb\/\/www.rionegro.com.ar\/documents\/1\/0\/660&#215;370\/0c0\/0d0\/none\/12350\/BNXY\/image_content_9093114_20171123074814.jpg 660w\u00bb \/><\/div>\n<\/figure>\n<div class=\"cutline\">La ocupaci\u00f3n mapuche se realiza en territorio de Parques Nacionales.<span class=\"byline-image\">\u00a0(Foto: Archivo)<\/span><\/div>\n<\/div>\n<\/div>\n<\/div>\n<div class=\"bx-controls bx-has-controls-direction\"><\/div>\n<\/div>\n<div class=\"separator\"><\/div>\n<\/div>\n<div class=\"cl\">La comunidad mapuche del Lof Lafken Winkul Mapu denunci\u00f3 que a las 5:30 llegaron fuerzas federales a la ocupaci\u00f3n que realizan en Villa Mascardi y adem\u00e1s las fuerzas cortaron la ruta 40 Sur a la altura de Los Baqueanos.<\/div>\n<\/div>\n<\/div>\n<\/div>\n<\/div>\n<\/div>\n<\/section>\n<\/div>\n<\/div>\n<div id=\"p_p_id_contentviewerportlet_WAR_newsportlet_INSTANCE_2da676f355cc46a1b3f3c447b66ecce2_\" class=\"portlet-boundary portlet-boundary_contentviewerportlet_WAR_newsportlet_  portlet-static portlet-static-end content-viewer-portlet \">\n<div class=\"td-portlet\">\n<section id=\"portlet_contentviewerportlet_WAR_newsportlet_INSTANCE_2da676f355cc46a1b3f3c447b66ecce2\" class=\"portlet\">\n<div class=\"portlet-content\">\n<div class=\" portlet-content-container\">\n<div class=\"portlet-body\">\n<div class=\"last td-viewer full-access\">\n<div class=\"template-94\">\n<div class=\"left-block\">\n<div class=\"text font-2 fs16 resizable\">\n<div class=\"paragraph\">\n<p>El\u00a0<b>corte de ruta lo realiza Gendarmer\u00eda<\/b>\u00a0Nacional para evitar el paso hacia Villa Mascardi donde se realiza el operativo de desalojo ordenado por el juez Gustavo Villanueva.<\/p>\n<p><b>Te puede interesar<\/b>:<a href=\"http:\/\/www.rionegro.com.ar\/bariloche\/crece-la-tension-por-ocupacion-mapuche-en-villa-mascardi-EI3921547\" target=\"_blank\" rel=\"follow noopener\">\u00a0Crece la tensi\u00f3n por ocupaci\u00f3n mapuche en Villa Mascardi<\/a><\/p>\n<p>Seg\u00fan indicaron las organizaciones mapuches, ayer se presentaron en la\u00a0<b>toma en tierras del Parque Nacional Nahuel Huapi\u00a0<\/b>junto al lago Mascardi, a 35 kil\u00f3metros de Bariloche, dos funcionarios judiciales del Juzgado Federal de Bariloche \u201ccomo\u00a0<b>\u00faltima instancia de di\u00e1logo<\/b>\u00a0donde solicitaron \u201cdesalojar de forma inmediata\u201d. La comunidad se neg\u00f3 a retirarse.<\/p>\n<p>Esta ma\u00f1ana,<b>\u00a0al amanecer las fuerzas federales se presentaron\u00a0<\/b>con la orden de desalojo, seg\u00fan denunciaron.<\/p>\n<p>La comunidad mapuche Lafken Winkul Mapu inici\u00f3 la \u201crecuperaci\u00f3n del territorio\u201d dos meses atr\u00e1s pero trascendi\u00f3 hace apenas unos d\u00edas.<\/p>\n<p>La propia comunidad neg\u00f3 pertenecer al grupo de Resistencia Ancestral Mapuche.<\/p>\n<p>En paralelo, se colocaron vallas en el\u00a0<a href=\"http:\/\/www.rionegro.com.ar\/bariloche\/desalojo-a-mapuches-vallan-el-juzgado-federal-de-bariloche-LK3963937\" target=\"_blank\" rel=\"follow noopener\">Juzgado Federal de Bariloche ante posibles manifestaciones.<\/a><\/p>\n<p><b>M\u00e1s informaci\u00f3n:<\/b><a href=\"http:\/\/www.rionegro.com.ar\/bariloche\/la-comunidad-mapuche-avisa-que-resistira-el-desalojo-en-el-mascardi-CI3930433\" target=\"_blank\" rel=\"follow noopener\">\u00a0La comunidad mapuche avisa que resistir\u00e1 el desalojo<\/a><b><\/b><\/p>\n<p><b>Noticia en desarrollo<\/b><\/p>\n<\/div>\n<div class=\"agency font-2-bold\">Fuente: Diario Rio Negro DeBariloche<\/div>\n<\/div>\n<\/div>\n<div class=\"cl\"><\/div>\n<\/div>\n<\/div>\n<\/div>\n<\/div>\n<\/div>\n<\/section>\n<\/div>\n<\/div>\n<div id=\"p_p_id_articletopicsportlet_WAR_newsportlet_INSTANCE_838bb7cb39ff41b885fbfa9716eef4c9_\" class=\"portlet-boundary portlet-boundary_articletopicsportlet_WAR_newsportlet_  portlet-static portlet-static-end article-topics-portlet advanced-99\"><\/div>\n","protected":false},"excerpt":{"rendered":"<p>San Carlos de Bariloche.-Las fuerzas federales bloquean el tr\u00e1nsito en la ruta 40 a la altura de Los Baqueanos. No [&hellip;]<\/p>\n","protected":false},"author":2,"featured_media":38685,"comment_status":"open","ping_status":"open","sticky":false,"template":"","format":"standard","meta":{"site-sidebar-layout":"default","site-content-layout":"","ast-site-content-layout":"default","site-content-style":"default","site-sidebar-style":"default","ast-global-header-display":"","ast-banner-title-visibility":"","ast-main-header-display":"","ast-hfb-above-header-display":"","ast-hfb-below-header-display":"","ast-hfb-mobile-header-display":"","site-post-title":"","ast-breadcrumbs-content":"","ast-featured-img":"","footer-sml-layout":"","ast-disable-related-posts":"","theme-transparent-header-meta":"","adv-header-id-meta":"","stick-header-meta":"","header-above-stick-meta":"","header-main-stick-meta":"","header-below-stick-meta":"","astra-migrate-meta-layouts":"default","ast-page-background-enabled":"default","ast-page-background-meta":{"desktop":{"background-color":"var(--ast-global-color-5)","background-image":"","background-repeat":"repeat","background-position":"center center","background-size":"auto","background-attachment":"scroll","background-type":"","background-media":"","overlay-type":"","overlay-color":"","overlay-opacity":"","overlay-gradient":""},"tablet":{"background-color":"","background-image":"","background-repeat":"repeat","background-position":"center center","background-size":"auto","background-attachment":"scroll","background-type":"","background-media":"","overlay-type":"","overlay-color":"","overlay-opacity":"","overlay-gradient":""},"mobile":{"background-color":"","background-image":"","background-repeat":"repeat","background-position":"center center","background-size":"auto","background-attachment":"scroll","background-type":"","background-media":"","overlay-type":"","overlay-color":"","overlay-opacity":"","overlay-gradient":""}},"ast-content-background-meta":{"desktop":{"background-color":"var(--ast-global-color-4)","background-image":"","background-repeat":"repeat","background-position":"center center","background-size":"auto","background-attachment":"scroll","background-type":"","background-media":"","overlay-type":"","overlay-color":"","overlay-opacity":"","overlay-gradient":""},"tablet":{"background-color":"var(--ast-global-color-4)","background-image":"","background-repeat":"repeat","background-position":"center center","background-size":"auto","background-attachment":"scroll","background-type":"","background-media":"","overlay-type":"","overlay-color":"","overlay-opacity":"","overlay-gradient":""},"mobile":{"background-color":"var(--ast-global-color-4)","background-image":"","background-repeat":"repeat","background-position":"center center","background-size":"auto","background-attachment":"scroll","background-type":"","background-media":"","overlay-type":"","overlay-color":"","overlay-opacity":"","overlay-gradient":""}},"footnotes":""},"categories":[1,13,14],"tags":[],"class_list":["post-38684","post","type-post","status-publish","format-standard","has-post-thumbnail","hentry","category-noticias","category-provinciales","category-rio-negro"],"yoast_head":"<!-- This site is optimized with the Yoast SEO Premium plugin v23.0 (Yoast SEO v27.4) - https:\/\/yoast.com\/product\/yoast-seo-premium-wordpress\/ -->\n<title>Desalojan la ocupaci\u00f3n mapuche de Mascardi y cortan la ruta 40<\/title>\n<meta name=\"robots\" content=\"index, follow, max-snippet:-1, max-image-preview:large, max-video-preview:-1\" \/>\n<link rel=\"canonical\" href=\"https:\/\/patagoniambiental.com.ar\/info\/desalojan-la-ocupacion-mapuche-de-mascardi-y-cortan-la-ruta-40\/\" \/>\n<meta property=\"og:locale\" content=\"es_ES\" \/>\n<meta property=\"og:type\" content=\"article\" \/>\n<meta property=\"og:title\" content=\"Desalojan la ocupaci\u00f3n mapuche de Mascardi y cortan la ruta 40\" \/>\n<meta property=\"og:description\" content=\"San Carlos de Bariloche.-Las fuerzas federales bloquean el tr\u00e1nsito en la ruta 40 a la altura de Los Baqueanos. No [&hellip;]\" \/>\n<meta property=\"og:url\" content=\"https:\/\/patagoniambiental.com.ar\/info\/desalojan-la-ocupacion-mapuche-de-mascardi-y-cortan-la-ruta-40\/\" \/>\n<meta property=\"og:site_name\" content=\"Patagonia Ambiental\" \/>\n<meta property=\"article:publisher\" content=\"https:\/\/www.facebook.com\/patagonia.ambiental\" \/>\n<meta property=\"article:author\" content=\"https:\/\/www.facebook.com\/share\/1C1V8Gv9BX\/?mibextid=qi2Omg\" \/>\n<meta property=\"article:published_time\" content=\"2017-11-23T12:00:00+00:00\" \/>\n<meta property=\"article:modified_time\" content=\"2017-11-23T12:40:00+00:00\" \/>\n<meta property=\"og:image\" content=\"https:\/\/patagoniambiental.com.ar\/info\/wp-content\/uploads\/2017\/11\/image_content_9093114_20171123074814.jpg\" \/>\n\t<meta property=\"og:image:width\" content=\"660\" \/>\n\t<meta property=\"og:image:height\" content=\"370\" \/>\n\t<meta property=\"og:image:type\" content=\"image\/jpeg\" \/>\n<meta name=\"author\" content=\"Patagonia Ambiental\" \/>\n<meta name=\"twitter:card\" content=\"summary_large_image\" \/>\n<meta name=\"twitter:creator\" content=\"@PatAmb\" \/>\n<meta name=\"twitter:site\" content=\"@PatAmb\" \/>\n<script type=\"application\/ld+json\" class=\"yoast-schema-graph\">{\"@context\":\"https:\\\/\\\/schema.org\",\"@graph\":[{\"@type\":\"Article\",\"@id\":\"https:\\\/\\\/patagoniambiental.com.ar\\\/info\\\/desalojan-la-ocupacion-mapuche-de-mascardi-y-cortan-la-ruta-40\\\/#article\",\"isPartOf\":{\"@id\":\"https:\\\/\\\/patagoniambiental.com.ar\\\/info\\\/desalojan-la-ocupacion-mapuche-de-mascardi-y-cortan-la-ruta-40\\\/\"},\"author\":{\"name\":\"Patagonia Ambiental\",\"@id\":\"https:\\\/\\\/patagoniambiental.com.ar\\\/info\\\/#\\\/schema\\\/person\\\/db12bff64bbcbf6a253710bf0ea37b5d\"},\"headline\":\"Desalojan la ocupaci\u00f3n mapuche de Mascardi y cortan la ruta 40\",\"datePublished\":\"2017-11-23T12:00:00+00:00\",\"dateModified\":\"2017-11-23T12:40:00+00:00\",\"mainEntityOfPage\":{\"@id\":\"https:\\\/\\\/patagoniambiental.com.ar\\\/info\\\/desalojan-la-ocupacion-mapuche-de-mascardi-y-cortan-la-ruta-40\\\/\"},\"wordCount\":286,\"commentCount\":0,\"publisher\":{\"@id\":\"https:\\\/\\\/patagoniambiental.com.ar\\\/info\\\/#organization\"},\"image\":{\"@id\":\"https:\\\/\\\/patagoniambiental.com.ar\\\/info\\\/desalojan-la-ocupacion-mapuche-de-mascardi-y-cortan-la-ruta-40\\\/#primaryimage\"},\"thumbnailUrl\":\"https:\\\/\\\/patagoniambiental.com.ar\\\/info\\\/wp-content\\\/uploads\\\/2017\\\/11\\\/image_content_9093114_20171123074814.jpg\",\"articleSection\":[\"Noticias\",\"Provinciales\",\"R\u00edo Negro\"],\"inLanguage\":\"es\",\"potentialAction\":[{\"@type\":\"CommentAction\",\"name\":\"Comment\",\"target\":[\"https:\\\/\\\/patagoniambiental.com.ar\\\/info\\\/desalojan-la-ocupacion-mapuche-de-mascardi-y-cortan-la-ruta-40\\\/#respond\"]}]},{\"@type\":\"WebPage\",\"@id\":\"https:\\\/\\\/patagoniambiental.com.ar\\\/info\\\/desalojan-la-ocupacion-mapuche-de-mascardi-y-cortan-la-ruta-40\\\/\",\"url\":\"https:\\\/\\\/patagoniambiental.com.ar\\\/info\\\/desalojan-la-ocupacion-mapuche-de-mascardi-y-cortan-la-ruta-40\\\/\",\"name\":\"Desalojan la ocupaci\u00f3n mapuche de Mascardi y cortan la ruta 40\",\"isPartOf\":{\"@id\":\"https:\\\/\\\/patagoniambiental.com.ar\\\/info\\\/#website\"},\"primaryImageOfPage\":{\"@id\":\"https:\\\/\\\/patagoniambiental.com.ar\\\/info\\\/desalojan-la-ocupacion-mapuche-de-mascardi-y-cortan-la-ruta-40\\\/#primaryimage\"},\"image\":{\"@id\":\"https:\\\/\\\/patagoniambiental.com.ar\\\/info\\\/desalojan-la-ocupacion-mapuche-de-mascardi-y-cortan-la-ruta-40\\\/#primaryimage\"},\"thumbnailUrl\":\"https:\\\/\\\/patagoniambiental.com.ar\\\/info\\\/wp-content\\\/uploads\\\/2017\\\/11\\\/image_content_9093114_20171123074814.jpg\",\"datePublished\":\"2017-11-23T12:00:00+00:00\",\"dateModified\":\"2017-11-23T12:40:00+00:00\",\"breadcrumb\":{\"@id\":\"https:\\\/\\\/patagoniambiental.com.ar\\\/info\\\/desalojan-la-ocupacion-mapuche-de-mascardi-y-cortan-la-ruta-40\\\/#breadcrumb\"},\"inLanguage\":\"es\",\"potentialAction\":[{\"@type\":\"ReadAction\",\"target\":[\"https:\\\/\\\/patagoniambiental.com.ar\\\/info\\\/desalojan-la-ocupacion-mapuche-de-mascardi-y-cortan-la-ruta-40\\\/\"]}]},{\"@type\":\"ImageObject\",\"inLanguage\":\"es\",\"@id\":\"https:\\\/\\\/patagoniambiental.com.ar\\\/info\\\/desalojan-la-ocupacion-mapuche-de-mascardi-y-cortan-la-ruta-40\\\/#primaryimage\",\"url\":\"https:\\\/\\\/patagoniambiental.com.ar\\\/info\\\/wp-content\\\/uploads\\\/2017\\\/11\\\/image_content_9093114_20171123074814.jpg\",\"contentUrl\":\"https:\\\/\\\/patagoniambiental.com.ar\\\/info\\\/wp-content\\\/uploads\\\/2017\\\/11\\\/image_content_9093114_20171123074814.jpg\",\"width\":660,\"height\":370},{\"@type\":\"BreadcrumbList\",\"@id\":\"https:\\\/\\\/patagoniambiental.com.ar\\\/info\\\/desalojan-la-ocupacion-mapuche-de-mascardi-y-cortan-la-ruta-40\\\/#breadcrumb\",\"itemListElement\":[{\"@type\":\"ListItem\",\"position\":1,\"name\":\"Inicio\",\"item\":\"https:\\\/\\\/patagoniambiental.com.ar\\\/info\\\/\"},{\"@type\":\"ListItem\",\"position\":2,\"name\":\"Desalojan la ocupaci\u00f3n mapuche de Mascardi y cortan la ruta 40\"}]},{\"@type\":\"WebSite\",\"@id\":\"https:\\\/\\\/patagoniambiental.com.ar\\\/info\\\/#website\",\"url\":\"https:\\\/\\\/patagoniambiental.com.ar\\\/info\\\/\",\"name\":\"Patagonia Ambiental\",\"description\":\"Monitoreo y an\u00e1lisis de la situaci\u00f3n geopol\u00edtica en el mundo y su implicancia en la Patagonia\",\"publisher\":{\"@id\":\"https:\\\/\\\/patagoniambiental.com.ar\\\/info\\\/#organization\"},\"potentialAction\":[{\"@type\":\"SearchAction\",\"target\":{\"@type\":\"EntryPoint\",\"urlTemplate\":\"https:\\\/\\\/patagoniambiental.com.ar\\\/info\\\/?s={search_term_string}\"},\"query-input\":{\"@type\":\"PropertyValueSpecification\",\"valueRequired\":true,\"valueName\":\"search_term_string\"}}],\"inLanguage\":\"es\"},{\"@type\":\"Organization\",\"@id\":\"https:\\\/\\\/patagoniambiental.com.ar\\\/info\\\/#organization\",\"name\":\"Patagonia Ambiental\",\"url\":\"https:\\\/\\\/patagoniambiental.com.ar\\\/info\\\/\",\"logo\":{\"@type\":\"ImageObject\",\"inLanguage\":\"es\",\"@id\":\"https:\\\/\\\/patagoniambiental.com.ar\\\/info\\\/#\\\/schema\\\/logo\\\/image\\\/\",\"url\":\"https:\\\/\\\/patagoniambiental.com.ar\\\/info\\\/wp-content\\\/uploads\\\/2025\\\/05\\\/LOGO-PATAGONIA-AMBIENTAL.png\",\"contentUrl\":\"https:\\\/\\\/patagoniambiental.com.ar\\\/info\\\/wp-content\\\/uploads\\\/2025\\\/05\\\/LOGO-PATAGONIA-AMBIENTAL.png\",\"width\":433,\"height\":250,\"caption\":\"Patagonia Ambiental\"},\"image\":{\"@id\":\"https:\\\/\\\/patagoniambiental.com.ar\\\/info\\\/#\\\/schema\\\/logo\\\/image\\\/\"},\"sameAs\":[\"https:\\\/\\\/www.facebook.com\\\/patagonia.ambiental\",\"https:\\\/\\\/x.com\\\/PatAmb\"]},{\"@type\":\"Person\",\"@id\":\"https:\\\/\\\/patagoniambiental.com.ar\\\/info\\\/#\\\/schema\\\/person\\\/db12bff64bbcbf6a253710bf0ea37b5d\",\"name\":\"Patagonia Ambiental\",\"description\":\"Andr\u00e9s Nievas T\u00e9cnico en manejo ambiental, consultor Ambiental y escritor para medios locales e internacionales sobre temas de geopolitica y medio ambiente.\",\"sameAs\":[\"http:\\\/\\\/www.patagoniambiental.com.ar\",\"https:\\\/\\\/www.facebook.com\\\/share\\\/1C1V8Gv9BX\\\/?mibextid=qi2Omg\",\"@patagoniambiental\",\"https:\\\/\\\/youtube.com\\\/@patagoniaambiental2023?si=BLt58t0wuXquxlYZ\"]}]}<\/script>\n<!-- \/ Yoast SEO Premium plugin. -->","yoast_head_json":{"title":"Desalojan la ocupaci\u00f3n mapuche de Mascardi y cortan la ruta 40","robots":{"index":"index","follow":"follow","max-snippet":"max-snippet:-1","max-image-preview":"max-image-preview:large","max-video-preview":"max-video-preview:-1"},"canonical":"https:\/\/patagoniambiental.com.ar\/info\/desalojan-la-ocupacion-mapuche-de-mascardi-y-cortan-la-ruta-40\/","og_locale":"es_ES","og_type":"article","og_title":"Desalojan la ocupaci\u00f3n mapuche de Mascardi y cortan la ruta 40","og_description":"San Carlos de Bariloche.-Las fuerzas federales bloquean el tr\u00e1nsito en la ruta 40 a la altura de Los Baqueanos. No [&hellip;]","og_url":"https:\/\/patagoniambiental.com.ar\/info\/desalojan-la-ocupacion-mapuche-de-mascardi-y-cortan-la-ruta-40\/","og_site_name":"Patagonia Ambiental","article_publisher":"https:\/\/www.facebook.com\/patagonia.ambiental","article_author":"https:\/\/www.facebook.com\/share\/1C1V8Gv9BX\/?mibextid=qi2Omg","article_published_time":"2017-11-23T12:00:00+00:00","article_modified_time":"2017-11-23T12:40:00+00:00","og_image":[{"width":660,"height":370,"url":"https:\/\/patagoniambiental.com.ar\/info\/wp-content\/uploads\/2017\/11\/image_content_9093114_20171123074814.jpg","type":"image\/jpeg"}],"author":"Patagonia Ambiental","twitter_card":"summary_large_image","twitter_creator":"@PatAmb","twitter_site":"@PatAmb","schema":{"@context":"https:\/\/schema.org","@graph":[{"@type":"Article","@id":"https:\/\/patagoniambiental.com.ar\/info\/desalojan-la-ocupacion-mapuche-de-mascardi-y-cortan-la-ruta-40\/#article","isPartOf":{"@id":"https:\/\/patagoniambiental.com.ar\/info\/desalojan-la-ocupacion-mapuche-de-mascardi-y-cortan-la-ruta-40\/"},"author":{"name":"Patagonia Ambiental","@id":"https:\/\/patagoniambiental.com.ar\/info\/#\/schema\/person\/db12bff64bbcbf6a253710bf0ea37b5d"},"headline":"Desalojan la ocupaci\u00f3n mapuche de Mascardi y cortan la ruta 40","datePublished":"2017-11-23T12:00:00+00:00","dateModified":"2017-11-23T12:40:00+00:00","mainEntityOfPage":{"@id":"https:\/\/patagoniambiental.com.ar\/info\/desalojan-la-ocupacion-mapuche-de-mascardi-y-cortan-la-ruta-40\/"},"wordCount":286,"commentCount":0,"publisher":{"@id":"https:\/\/patagoniambiental.com.ar\/info\/#organization"},"image":{"@id":"https:\/\/patagoniambiental.com.ar\/info\/desalojan-la-ocupacion-mapuche-de-mascardi-y-cortan-la-ruta-40\/#primaryimage"},"thumbnailUrl":"https:\/\/patagoniambiental.com.ar\/info\/wp-content\/uploads\/2017\/11\/image_content_9093114_20171123074814.jpg","articleSection":["Noticias","Provinciales","R\u00edo Negro"],"inLanguage":"es","potentialAction":[{"@type":"CommentAction","name":"Comment","target":["https:\/\/patagoniambiental.com.ar\/info\/desalojan-la-ocupacion-mapuche-de-mascardi-y-cortan-la-ruta-40\/#respond"]}]},{"@type":"WebPage","@id":"https:\/\/patagoniambiental.com.ar\/info\/desalojan-la-ocupacion-mapuche-de-mascardi-y-cortan-la-ruta-40\/","url":"https:\/\/patagoniambiental.com.ar\/info\/desalojan-la-ocupacion-mapuche-de-mascardi-y-cortan-la-ruta-40\/","name":"Desalojan la ocupaci\u00f3n mapuche de Mascardi y cortan la ruta 40","isPartOf":{"@id":"https:\/\/patagoniambiental.com.ar\/info\/#website"},"primaryImageOfPage":{"@id":"https:\/\/patagoniambiental.com.ar\/info\/desalojan-la-ocupacion-mapuche-de-mascardi-y-cortan-la-ruta-40\/#primaryimage"},"image":{"@id":"https:\/\/patagoniambiental.com.ar\/info\/desalojan-la-ocupacion-mapuche-de-mascardi-y-cortan-la-ruta-40\/#primaryimage"},"thumbnailUrl":"https:\/\/patagoniambiental.com.ar\/info\/wp-content\/uploads\/2017\/11\/image_content_9093114_20171123074814.jpg","datePublished":"2017-11-23T12:00:00+00:00","dateModified":"2017-11-23T12:40:00+00:00","breadcrumb":{"@id":"https:\/\/patagoniambiental.com.ar\/info\/desalojan-la-ocupacion-mapuche-de-mascardi-y-cortan-la-ruta-40\/#breadcrumb"},"inLanguage":"es","potentialAction":[{"@type":"ReadAction","target":["https:\/\/patagoniambiental.com.ar\/info\/desalojan-la-ocupacion-mapuche-de-mascardi-y-cortan-la-ruta-40\/"]}]},{"@type":"ImageObject","inLanguage":"es","@id":"https:\/\/patagoniambiental.com.ar\/info\/desalojan-la-ocupacion-mapuche-de-mascardi-y-cortan-la-ruta-40\/#primaryimage","url":"https:\/\/patagoniambiental.com.ar\/info\/wp-content\/uploads\/2017\/11\/image_content_9093114_20171123074814.jpg","contentUrl":"https:\/\/patagoniambiental.com.ar\/info\/wp-content\/uploads\/2017\/11\/image_content_9093114_20171123074814.jpg","width":660,"height":370},{"@type":"BreadcrumbList","@id":"https:\/\/patagoniambiental.com.ar\/info\/desalojan-la-ocupacion-mapuche-de-mascardi-y-cortan-la-ruta-40\/#breadcrumb","itemListElement":[{"@type":"ListItem","position":1,"name":"Inicio","item":"https:\/\/patagoniambiental.com.ar\/info\/"},{"@type":"ListItem","position":2,"name":"Desalojan la ocupaci\u00f3n mapuche de Mascardi y cortan la ruta 40"}]},{"@type":"WebSite","@id":"https:\/\/patagoniambiental.com.ar\/info\/#website","url":"https:\/\/patagoniambiental.com.ar\/info\/","name":"Patagonia Ambiental","description":"Monitoreo y an\u00e1lisis de la situaci\u00f3n geopol\u00edtica en el mundo y su implicancia en la Patagonia","publisher":{"@id":"https:\/\/patagoniambiental.com.ar\/info\/#organization"},"potentialAction":[{"@type":"SearchAction","target":{"@type":"EntryPoint","urlTemplate":"https:\/\/patagoniambiental.com.ar\/info\/?s={search_term_string}"},"query-input":{"@type":"PropertyValueSpecification","valueRequired":true,"valueName":"search_term_string"}}],"inLanguage":"es"},{"@type":"Organization","@id":"https:\/\/patagoniambiental.com.ar\/info\/#organization","name":"Patagonia Ambiental","url":"https:\/\/patagoniambiental.com.ar\/info\/","logo":{"@type":"ImageObject","inLanguage":"es","@id":"https:\/\/patagoniambiental.com.ar\/info\/#\/schema\/logo\/image\/","url":"https:\/\/patagoniambiental.com.ar\/info\/wp-content\/uploads\/2025\/05\/LOGO-PATAGONIA-AMBIENTAL.png","contentUrl":"https:\/\/patagoniambiental.com.ar\/info\/wp-content\/uploads\/2025\/05\/LOGO-PATAGONIA-AMBIENTAL.png","width":433,"height":250,"caption":"Patagonia Ambiental"},"image":{"@id":"https:\/\/patagoniambiental.com.ar\/info\/#\/schema\/logo\/image\/"},"sameAs":["https:\/\/www.facebook.com\/patagonia.ambiental","https:\/\/x.com\/PatAmb"]},{"@type":"Person","@id":"https:\/\/patagoniambiental.com.ar\/info\/#\/schema\/person\/db12bff64bbcbf6a253710bf0ea37b5d","name":"Patagonia Ambiental","description":"Andr\u00e9s Nievas T\u00e9cnico en manejo ambiental, consultor Ambiental y escritor para medios locales e internacionales sobre temas de geopolitica y medio ambiente.","sameAs":["http:\/\/www.patagoniambiental.com.ar","https:\/\/www.facebook.com\/share\/1C1V8Gv9BX\/?mibextid=qi2Omg","@patagoniambiental","https:\/\/youtube.com\/@patagoniaambiental2023?si=BLt58t0wuXquxlYZ"]}]}},"_links":{"self":[{"href":"https:\/\/patagoniambiental.com.ar\/info\/wp-json\/wp\/v2\/posts\/38684","targetHints":{"allow":["GET"]}}],"collection":[{"href":"https:\/\/patagoniambiental.com.ar\/info\/wp-json\/wp\/v2\/posts"}],"about":[{"href":"https:\/\/patagoniambiental.com.ar\/info\/wp-json\/wp\/v2\/types\/post"}],"author":[{"embeddable":true,"href":"https:\/\/patagoniambiental.com.ar\/info\/wp-json\/wp\/v2\/users\/2"}],"replies":[{"embeddable":true,"href":"https:\/\/patagoniambiental.com.ar\/info\/wp-json\/wp\/v2\/comments?post=38684"}],"version-history":[{"count":0,"href":"https:\/\/patagoniambiental.com.ar\/info\/wp-json\/wp\/v2\/posts\/38684\/revisions"}],"wp:featuredmedia":[{"embeddable":true,"href":"https:\/\/patagoniambiental.com.ar\/info\/wp-json\/wp\/v2\/media\/38685"}],"wp:attachment":[{"href":"https:\/\/patagoniambiental.com.ar\/info\/wp-json\/wp\/v2\/media?parent=38684"}],"wp:term":[{"taxonomy":"category","embeddable":true,"href":"https:\/\/patagoniambiental.com.ar\/info\/wp-json\/wp\/v2\/categories?post=38684"},{"taxonomy":"post_tag","embeddable":true,"href":"https:\/\/patagoniambiental.com.ar\/info\/wp-json\/wp\/v2\/tags?post=38684"}],"curies":[{"name":"wp","href":"https:\/\/api.w.org\/{rel}","templated":true}]}}