{"id":38687,"date":"2017-11-23T09:00:58","date_gmt":"2017-11-23T12:00:58","guid":{"rendered":"http:\/\/patagoniambiental.com.ar\/info\/?p=38687"},"modified":"2017-11-23T09:47:36","modified_gmt":"2017-11-23T12:47:36","slug":"el-convenio-con-la-petrolera-president-esta-a-un-paso-del-tratamiento-legislativo","status":"publish","type":"post","link":"https:\/\/patagoniambiental.com.ar\/info\/el-convenio-con-la-petrolera-president-esta-a-un-paso-del-tratamiento-legislativo\/","title":{"rendered":"EL CONVENIO CON LA PETROLERA PRESIDENT EST\u00c1 A UN PASO DEL TRATAMIENTO LEGISLATIVO"},"content":{"rendered":"<p>Viedma.-Luego de su tratamiento en comisiones, el bloque de Juntos Somos R\u00edo Negro dio su aval a la ratificaci\u00f3n del convenio entre el Poder Ejecutivo de R\u00edo Negro y la empresa President Petr\u00f3leum, por la explotaci\u00f3n y reactivaci\u00f3n del yacimiento Puesto Flores-Estancia Vieja, mediante un plan de inversiones que ronda los 400 millones de d\u00f3lares a 10 a\u00f1os.<!--more--><\/p>\n<p>&nbsp;<\/p>\n<p>La Secretar\u00eda de Energ\u00eda, a cargo de Sebasti\u00e1n Caldiero, negoci\u00f3 el pago de un aporte fijo a modo de canon de ingreso por un monto que ronda los 22 millones de d\u00f3lares, que en parte ser\u00e1 coparticipado a los municipios.<\/p>\n<p>La empresa se compromete a reparar pozos, cerrar otros y realizar varios para explorar el potencial de esa formaci\u00f3n.<\/p>\n<p>Ya se llev\u00f3 a cabo la audiencia p\u00fablica que exige la ley en Cipolletti, donde jugaron un rol preponderante las Pymes petroleras que reclamaron por el compre provincial. Se les garantiz\u00f3 que tanto en mano de obra como en empresas de servicios, la empresa deber\u00e1 ocupar un 80% de rionegrinos.<\/p>\n<p>El bono fijo ser\u00e1 de 18,3 millones de d\u00f3lares, y se suma otro aporte de 3,6 millones en concepto de \u201caporte para el desarrollo\u201d. A los 5 d\u00edas de ser ratificado el convenio en Legislatura, se cancelar\u00e1n 15 millones en moneda estadounidense. Mientras que el saldo de 7 millones se pagar\u00e1 en 3 cuotas trimestrales a lo largo del a\u00f1o 2018.<\/p>\n<p>El acuerdo contempla adem\u00e1s que la empresa President sume como socia en el yacimiento a la empresa provincial de hidrocarburos (Edhipsa) al 10 por ciento. Por otra parte, se compromete a otorgar un pago extra de regal\u00eda del 3%, que se suma al 12 % habitual.<\/p>\n<p>Sobre la parte a distribuir entre los municipios, habr\u00e1 un fondo cercano a los 46 millones de pesos, que representa el 14% del bono fijo, que se destinar\u00e1 un 7% a todos los municipios, y otro 7 % a los municipios productores.<\/p>\n<p>\u201cSe recomienda su aprobaci\u00f3n\u201d, destac\u00f3 la legisladora Tania Lastra, presidente de la comisi\u00f3n de Asuntos Constitucionales.<\/p>\n<p>Fuente:\u00a0<b><\/b><span style=\"color: #333333; font-size: small;\"><b>\u00c1rea de Comunicaci\u00f3n y Prensa\u00a0<\/b><\/span><span style=\"color: #87c233; font-size: medium;\"><b>Bloque de Legisladores\u00a0<\/b><\/span><span style=\"color: black; font-size: medium;\"><b>Juntos<\/b><\/span><span style=\"font-size: small;\"><b>\u00a0<\/b><\/span><span style=\"color: #999999; font-size: medium;\"><b>Somos R\u00edo Negro<\/b><\/span><\/p>\n","protected":false},"excerpt":{"rendered":"<p>Viedma.-Luego de su tratamiento en comisiones, el bloque de Juntos Somos R\u00edo Negro dio su aval a la ratificaci\u00f3n del [&hellip;]<\/p>\n","protected":false},"author":2,"featured_media":38688,"comment_status":"open","ping_status":"open","sticky":false,"template":"","format":"standard","meta":{"site-sidebar-layout":"default","site-content-layout":"","ast-site-content-layout":"default","site-content-style":"default","site-sidebar-style":"default","ast-global-header-display":"","ast-banner-title-visibility":"","ast-main-header-display":"","ast-hfb-above-header-display":"","ast-hfb-below-header-display":"","ast-hfb-mobile-header-display":"","site-post-title":"","ast-breadcrumbs-content":"","ast-featured-img":"","footer-sml-layout":"","ast-disable-related-posts":"","theme-transparent-header-meta":"","adv-header-id-meta":"","stick-header-meta":"","header-above-stick-meta":"","header-main-stick-meta":"","header-below-stick-meta":"","astra-migrate-meta-layouts":"default","ast-page-background-enabled":"default","ast-page-background-meta":{"desktop":{"background-color":"var(--ast-global-color-5)","background-image":"","background-repeat":"repeat","background-position":"center center","background-size":"auto","background-attachment":"scroll","background-type":"","background-media":"","overlay-type":"","overlay-color":"","overlay-opacity":"","overlay-gradient":""},"tablet":{"background-color":"","background-image":"","background-repeat":"repeat","background-position":"center center","background-size":"auto","background-attachment":"scroll","background-type":"","background-media":"","overlay-type":"","overlay-color":"","overlay-opacity":"","overlay-gradient":""},"mobile":{"background-color":"","background-image":"","background-repeat":"repeat","background-position":"center center","background-size":"auto","background-attachment":"scroll","background-type":"","background-media":"","overlay-type":"","overlay-color":"","overlay-opacity":"","overlay-gradient":""}},"ast-content-background-meta":{"desktop":{"background-color":"var(--ast-global-color-4)","background-image":"","background-repeat":"repeat","background-position":"center center","background-size":"auto","background-attachment":"scroll","background-type":"","background-media":"","overlay-type":"","overlay-color":"","overlay-opacity":"","overlay-gradient":""},"tablet":{"background-color":"var(--ast-global-color-4)","background-image":"","background-repeat":"repeat","background-position":"center center","background-size":"auto","background-attachment":"scroll","background-type":"","background-media":"","overlay-type":"","overlay-color":"","overlay-opacity":"","overlay-gradient":""},"mobile":{"background-color":"var(--ast-global-color-4)","background-image":"","background-repeat":"repeat","background-position":"center center","background-size":"auto","background-attachment":"scroll","background-type":"","background-media":"","overlay-type":"","overlay-color":"","overlay-opacity":"","overlay-gradient":""}},"footnotes":""},"categories":[1,13,14],"tags":[],"class_list":["post-38687","post","type-post","status-publish","format-standard","has-post-thumbnail","hentry","category-noticias","category-provinciales","category-rio-negro"],"yoast_head":"<!-- This site is optimized with the Yoast SEO Premium plugin v23.0 (Yoast SEO v27.4) - https:\/\/yoast.com\/product\/yoast-seo-premium-wordpress\/ -->\n<title>EL CONVENIO CON LA PETROLERA PRESIDENT EST\u00c1 A UN PASO DEL TRATAMIENTO LEGISLATIVO<\/title>\n<meta name=\"robots\" content=\"index, follow, max-snippet:-1, max-image-preview:large, max-video-preview:-1\" \/>\n<link rel=\"canonical\" href=\"https:\/\/patagoniambiental.com.ar\/info\/el-convenio-con-la-petrolera-president-esta-a-un-paso-del-tratamiento-legislativo\/\" \/>\n<meta property=\"og:locale\" content=\"es_ES\" \/>\n<meta property=\"og:type\" content=\"article\" \/>\n<meta property=\"og:title\" content=\"EL CONVENIO CON LA PETROLERA PRESIDENT EST\u00c1 A UN PASO DEL TRATAMIENTO LEGISLATIVO\" \/>\n<meta property=\"og:description\" content=\"Viedma.-Luego de su tratamiento en comisiones, el bloque de Juntos Somos R\u00edo Negro dio su aval a la ratificaci\u00f3n del [&hellip;]\" \/>\n<meta property=\"og:url\" content=\"https:\/\/patagoniambiental.com.ar\/info\/el-convenio-con-la-petrolera-president-esta-a-un-paso-del-tratamiento-legislativo\/\" \/>\n<meta property=\"og:site_name\" content=\"Patagonia Ambiental\" \/>\n<meta property=\"article:publisher\" content=\"https:\/\/www.facebook.com\/patagonia.ambiental\" \/>\n<meta property=\"article:author\" content=\"https:\/\/www.facebook.com\/share\/1C1V8Gv9BX\/?mibextid=qi2Omg\" \/>\n<meta property=\"article:published_time\" content=\"2017-11-23T12:00:58+00:00\" \/>\n<meta property=\"article:modified_time\" content=\"2017-11-23T12:47:36+00:00\" \/>\n<meta property=\"og:image\" content=\"https:\/\/patagoniambiental.com.ar\/info\/wp-content\/uploads\/2017\/11\/SEBASTIAN-CALDIERO1.jpg\" \/>\n\t<meta property=\"og:image:width\" content=\"1200\" \/>\n\t<meta property=\"og:image:height\" content=\"800\" \/>\n\t<meta property=\"og:image:type\" content=\"image\/jpeg\" \/>\n<meta name=\"author\" content=\"Patagonia Ambiental\" \/>\n<meta name=\"twitter:card\" content=\"summary_large_image\" \/>\n<meta name=\"twitter:creator\" content=\"@PatAmb\" \/>\n<meta name=\"twitter:site\" content=\"@PatAmb\" \/>\n<script type=\"application\/ld+json\" class=\"yoast-schema-graph\">{\"@context\":\"https:\\\/\\\/schema.org\",\"@graph\":[{\"@type\":\"Article\",\"@id\":\"https:\\\/\\\/patagoniambiental.com.ar\\\/info\\\/el-convenio-con-la-petrolera-president-esta-a-un-paso-del-tratamiento-legislativo\\\/#article\",\"isPartOf\":{\"@id\":\"https:\\\/\\\/patagoniambiental.com.ar\\\/info\\\/el-convenio-con-la-petrolera-president-esta-a-un-paso-del-tratamiento-legislativo\\\/\"},\"author\":{\"name\":\"Patagonia Ambiental\",\"@id\":\"https:\\\/\\\/patagoniambiental.com.ar\\\/info\\\/#\\\/schema\\\/person\\\/db12bff64bbcbf6a253710bf0ea37b5d\"},\"headline\":\"EL CONVENIO CON LA PETROLERA PRESIDENT EST\u00c1 A UN PASO DEL TRATAMIENTO LEGISLATIVO\",\"datePublished\":\"2017-11-23T12:00:58+00:00\",\"dateModified\":\"2017-11-23T12:47:36+00:00\",\"mainEntityOfPage\":{\"@id\":\"https:\\\/\\\/patagoniambiental.com.ar\\\/info\\\/el-convenio-con-la-petrolera-president-esta-a-un-paso-del-tratamiento-legislativo\\\/\"},\"wordCount\":364,\"commentCount\":0,\"publisher\":{\"@id\":\"https:\\\/\\\/patagoniambiental.com.ar\\\/info\\\/#organization\"},\"image\":{\"@id\":\"https:\\\/\\\/patagoniambiental.com.ar\\\/info\\\/el-convenio-con-la-petrolera-president-esta-a-un-paso-del-tratamiento-legislativo\\\/#primaryimage\"},\"thumbnailUrl\":\"https:\\\/\\\/patagoniambiental.com.ar\\\/info\\\/wp-content\\\/uploads\\\/2017\\\/11\\\/SEBASTIAN-CALDIERO1.jpg\",\"articleSection\":[\"Noticias\",\"Provinciales\",\"R\u00edo Negro\"],\"inLanguage\":\"es\",\"potentialAction\":[{\"@type\":\"CommentAction\",\"name\":\"Comment\",\"target\":[\"https:\\\/\\\/patagoniambiental.com.ar\\\/info\\\/el-convenio-con-la-petrolera-president-esta-a-un-paso-del-tratamiento-legislativo\\\/#respond\"]}]},{\"@type\":\"WebPage\",\"@id\":\"https:\\\/\\\/patagoniambiental.com.ar\\\/info\\\/el-convenio-con-la-petrolera-president-esta-a-un-paso-del-tratamiento-legislativo\\\/\",\"url\":\"https:\\\/\\\/patagoniambiental.com.ar\\\/info\\\/el-convenio-con-la-petrolera-president-esta-a-un-paso-del-tratamiento-legislativo\\\/\",\"name\":\"EL CONVENIO CON LA PETROLERA PRESIDENT EST\u00c1 A UN PASO DEL TRATAMIENTO LEGISLATIVO\",\"isPartOf\":{\"@id\":\"https:\\\/\\\/patagoniambiental.com.ar\\\/info\\\/#website\"},\"primaryImageOfPage\":{\"@id\":\"https:\\\/\\\/patagoniambiental.com.ar\\\/info\\\/el-convenio-con-la-petrolera-president-esta-a-un-paso-del-tratamiento-legislativo\\\/#primaryimage\"},\"image\":{\"@id\":\"https:\\\/\\\/patagoniambiental.com.ar\\\/info\\\/el-convenio-con-la-petrolera-president-esta-a-un-paso-del-tratamiento-legislativo\\\/#primaryimage\"},\"thumbnailUrl\":\"https:\\\/\\\/patagoniambiental.com.ar\\\/info\\\/wp-content\\\/uploads\\\/2017\\\/11\\\/SEBASTIAN-CALDIERO1.jpg\",\"datePublished\":\"2017-11-23T12:00:58+00:00\",\"dateModified\":\"2017-11-23T12:47:36+00:00\",\"breadcrumb\":{\"@id\":\"https:\\\/\\\/patagoniambiental.com.ar\\\/info\\\/el-convenio-con-la-petrolera-president-esta-a-un-paso-del-tratamiento-legislativo\\\/#breadcrumb\"},\"inLanguage\":\"es\",\"potentialAction\":[{\"@type\":\"ReadAction\",\"target\":[\"https:\\\/\\\/patagoniambiental.com.ar\\\/info\\\/el-convenio-con-la-petrolera-president-esta-a-un-paso-del-tratamiento-legislativo\\\/\"]}]},{\"@type\":\"ImageObject\",\"inLanguage\":\"es\",\"@id\":\"https:\\\/\\\/patagoniambiental.com.ar\\\/info\\\/el-convenio-con-la-petrolera-president-esta-a-un-paso-del-tratamiento-legislativo\\\/#primaryimage\",\"url\":\"https:\\\/\\\/patagoniambiental.com.ar\\\/info\\\/wp-content\\\/uploads\\\/2017\\\/11\\\/SEBASTIAN-CALDIERO1.jpg\",\"contentUrl\":\"https:\\\/\\\/patagoniambiental.com.ar\\\/info\\\/wp-content\\\/uploads\\\/2017\\\/11\\\/SEBASTIAN-CALDIERO1.jpg\",\"width\":900,\"height\":600},{\"@type\":\"BreadcrumbList\",\"@id\":\"https:\\\/\\\/patagoniambiental.com.ar\\\/info\\\/el-convenio-con-la-petrolera-president-esta-a-un-paso-del-tratamiento-legislativo\\\/#breadcrumb\",\"itemListElement\":[{\"@type\":\"ListItem\",\"position\":1,\"name\":\"Inicio\",\"item\":\"https:\\\/\\\/patagoniambiental.com.ar\\\/info\\\/\"},{\"@type\":\"ListItem\",\"position\":2,\"name\":\"EL CONVENIO CON LA PETROLERA PRESIDENT EST\u00c1 A UN PASO DEL TRATAMIENTO LEGISLATIVO\"}]},{\"@type\":\"WebSite\",\"@id\":\"https:\\\/\\\/patagoniambiental.com.ar\\\/info\\\/#website\",\"url\":\"https:\\\/\\\/patagoniambiental.com.ar\\\/info\\\/\",\"name\":\"Patagonia Ambiental\",\"description\":\"Monitoreo y an\u00e1lisis de la situaci\u00f3n geopol\u00edtica en el mundo y su implicancia en la Patagonia\",\"publisher\":{\"@id\":\"https:\\\/\\\/patagoniambiental.com.ar\\\/info\\\/#organization\"},\"potentialAction\":[{\"@type\":\"SearchAction\",\"target\":{\"@type\":\"EntryPoint\",\"urlTemplate\":\"https:\\\/\\\/patagoniambiental.com.ar\\\/info\\\/?s={search_term_string}\"},\"query-input\":{\"@type\":\"PropertyValueSpecification\",\"valueRequired\":true,\"valueName\":\"search_term_string\"}}],\"inLanguage\":\"es\"},{\"@type\":\"Organization\",\"@id\":\"https:\\\/\\\/patagoniambiental.com.ar\\\/info\\\/#organization\",\"name\":\"Patagonia Ambiental\",\"url\":\"https:\\\/\\\/patagoniambiental.com.ar\\\/info\\\/\",\"logo\":{\"@type\":\"ImageObject\",\"inLanguage\":\"es\",\"@id\":\"https:\\\/\\\/patagoniambiental.com.ar\\\/info\\\/#\\\/schema\\\/logo\\\/image\\\/\",\"url\":\"https:\\\/\\\/patagoniambiental.com.ar\\\/info\\\/wp-content\\\/uploads\\\/2025\\\/05\\\/LOGO-PATAGONIA-AMBIENTAL.png\",\"contentUrl\":\"https:\\\/\\\/patagoniambiental.com.ar\\\/info\\\/wp-content\\\/uploads\\\/2025\\\/05\\\/LOGO-PATAGONIA-AMBIENTAL.png\",\"width\":433,\"height\":250,\"caption\":\"Patagonia Ambiental\"},\"image\":{\"@id\":\"https:\\\/\\\/patagoniambiental.com.ar\\\/info\\\/#\\\/schema\\\/logo\\\/image\\\/\"},\"sameAs\":[\"https:\\\/\\\/www.facebook.com\\\/patagonia.ambiental\",\"https:\\\/\\\/x.com\\\/PatAmb\"]},{\"@type\":\"Person\",\"@id\":\"https:\\\/\\\/patagoniambiental.com.ar\\\/info\\\/#\\\/schema\\\/person\\\/db12bff64bbcbf6a253710bf0ea37b5d\",\"name\":\"Patagonia Ambiental\",\"description\":\"Andr\u00e9s Nievas T\u00e9cnico en manejo ambiental, consultor Ambiental y escritor para medios locales e internacionales sobre temas de geopolitica y medio ambiente.\",\"sameAs\":[\"http:\\\/\\\/www.patagoniambiental.com.ar\",\"https:\\\/\\\/www.facebook.com\\\/share\\\/1C1V8Gv9BX\\\/?mibextid=qi2Omg\",\"@patagoniambiental\",\"https:\\\/\\\/youtube.com\\\/@patagoniaambiental2023?si=BLt58t0wuXquxlYZ\"]}]}<\/script>\n<!-- \/ Yoast SEO Premium plugin. -->","yoast_head_json":{"title":"EL CONVENIO CON LA PETROLERA PRESIDENT EST\u00c1 A UN PASO DEL TRATAMIENTO LEGISLATIVO","robots":{"index":"index","follow":"follow","max-snippet":"max-snippet:-1","max-image-preview":"max-image-preview:large","max-video-preview":"max-video-preview:-1"},"canonical":"https:\/\/patagoniambiental.com.ar\/info\/el-convenio-con-la-petrolera-president-esta-a-un-paso-del-tratamiento-legislativo\/","og_locale":"es_ES","og_type":"article","og_title":"EL CONVENIO CON LA PETROLERA PRESIDENT EST\u00c1 A UN PASO DEL TRATAMIENTO LEGISLATIVO","og_description":"Viedma.-Luego de su tratamiento en comisiones, el bloque de Juntos Somos R\u00edo Negro dio su aval a la ratificaci\u00f3n del [&hellip;]","og_url":"https:\/\/patagoniambiental.com.ar\/info\/el-convenio-con-la-petrolera-president-esta-a-un-paso-del-tratamiento-legislativo\/","og_site_name":"Patagonia Ambiental","article_publisher":"https:\/\/www.facebook.com\/patagonia.ambiental","article_author":"https:\/\/www.facebook.com\/share\/1C1V8Gv9BX\/?mibextid=qi2Omg","article_published_time":"2017-11-23T12:00:58+00:00","article_modified_time":"2017-11-23T12:47:36+00:00","og_image":[{"width":1200,"height":800,"url":"https:\/\/patagoniambiental.com.ar\/info\/wp-content\/uploads\/2017\/11\/SEBASTIAN-CALDIERO1.jpg","type":"image\/jpeg"}],"author":"Patagonia Ambiental","twitter_card":"summary_large_image","twitter_creator":"@PatAmb","twitter_site":"@PatAmb","schema":{"@context":"https:\/\/schema.org","@graph":[{"@type":"Article","@id":"https:\/\/patagoniambiental.com.ar\/info\/el-convenio-con-la-petrolera-president-esta-a-un-paso-del-tratamiento-legislativo\/#article","isPartOf":{"@id":"https:\/\/patagoniambiental.com.ar\/info\/el-convenio-con-la-petrolera-president-esta-a-un-paso-del-tratamiento-legislativo\/"},"author":{"name":"Patagonia Ambiental","@id":"https:\/\/patagoniambiental.com.ar\/info\/#\/schema\/person\/db12bff64bbcbf6a253710bf0ea37b5d"},"headline":"EL CONVENIO CON LA PETROLERA PRESIDENT EST\u00c1 A UN PASO DEL TRATAMIENTO LEGISLATIVO","datePublished":"2017-11-23T12:00:58+00:00","dateModified":"2017-11-23T12:47:36+00:00","mainEntityOfPage":{"@id":"https:\/\/patagoniambiental.com.ar\/info\/el-convenio-con-la-petrolera-president-esta-a-un-paso-del-tratamiento-legislativo\/"},"wordCount":364,"commentCount":0,"publisher":{"@id":"https:\/\/patagoniambiental.com.ar\/info\/#organization"},"image":{"@id":"https:\/\/patagoniambiental.com.ar\/info\/el-convenio-con-la-petrolera-president-esta-a-un-paso-del-tratamiento-legislativo\/#primaryimage"},"thumbnailUrl":"https:\/\/patagoniambiental.com.ar\/info\/wp-content\/uploads\/2017\/11\/SEBASTIAN-CALDIERO1.jpg","articleSection":["Noticias","Provinciales","R\u00edo Negro"],"inLanguage":"es","potentialAction":[{"@type":"CommentAction","name":"Comment","target":["https:\/\/patagoniambiental.com.ar\/info\/el-convenio-con-la-petrolera-president-esta-a-un-paso-del-tratamiento-legislativo\/#respond"]}]},{"@type":"WebPage","@id":"https:\/\/patagoniambiental.com.ar\/info\/el-convenio-con-la-petrolera-president-esta-a-un-paso-del-tratamiento-legislativo\/","url":"https:\/\/patagoniambiental.com.ar\/info\/el-convenio-con-la-petrolera-president-esta-a-un-paso-del-tratamiento-legislativo\/","name":"EL CONVENIO CON LA PETROLERA PRESIDENT EST\u00c1 A UN PASO DEL TRATAMIENTO LEGISLATIVO","isPartOf":{"@id":"https:\/\/patagoniambiental.com.ar\/info\/#website"},"primaryImageOfPage":{"@id":"https:\/\/patagoniambiental.com.ar\/info\/el-convenio-con-la-petrolera-president-esta-a-un-paso-del-tratamiento-legislativo\/#primaryimage"},"image":{"@id":"https:\/\/patagoniambiental.com.ar\/info\/el-convenio-con-la-petrolera-president-esta-a-un-paso-del-tratamiento-legislativo\/#primaryimage"},"thumbnailUrl":"https:\/\/patagoniambiental.com.ar\/info\/wp-content\/uploads\/2017\/11\/SEBASTIAN-CALDIERO1.jpg","datePublished":"2017-11-23T12:00:58+00:00","dateModified":"2017-11-23T12:47:36+00:00","breadcrumb":{"@id":"https:\/\/patagoniambiental.com.ar\/info\/el-convenio-con-la-petrolera-president-esta-a-un-paso-del-tratamiento-legislativo\/#breadcrumb"},"inLanguage":"es","potentialAction":[{"@type":"ReadAction","target":["https:\/\/patagoniambiental.com.ar\/info\/el-convenio-con-la-petrolera-president-esta-a-un-paso-del-tratamiento-legislativo\/"]}]},{"@type":"ImageObject","inLanguage":"es","@id":"https:\/\/patagoniambiental.com.ar\/info\/el-convenio-con-la-petrolera-president-esta-a-un-paso-del-tratamiento-legislativo\/#primaryimage","url":"https:\/\/patagoniambiental.com.ar\/info\/wp-content\/uploads\/2017\/11\/SEBASTIAN-CALDIERO1.jpg","contentUrl":"https:\/\/patagoniambiental.com.ar\/info\/wp-content\/uploads\/2017\/11\/SEBASTIAN-CALDIERO1.jpg","width":900,"height":600},{"@type":"BreadcrumbList","@id":"https:\/\/patagoniambiental.com.ar\/info\/el-convenio-con-la-petrolera-president-esta-a-un-paso-del-tratamiento-legislativo\/#breadcrumb","itemListElement":[{"@type":"ListItem","position":1,"name":"Inicio","item":"https:\/\/patagoniambiental.com.ar\/info\/"},{"@type":"ListItem","position":2,"name":"EL CONVENIO CON LA PETROLERA PRESIDENT EST\u00c1 A UN PASO DEL TRATAMIENTO LEGISLATIVO"}]},{"@type":"WebSite","@id":"https:\/\/patagoniambiental.com.ar\/info\/#website","url":"https:\/\/patagoniambiental.com.ar\/info\/","name":"Patagonia Ambiental","description":"Monitoreo y an\u00e1lisis de la situaci\u00f3n geopol\u00edtica en el mundo y su implicancia en la Patagonia","publisher":{"@id":"https:\/\/patagoniambiental.com.ar\/info\/#organization"},"potentialAction":[{"@type":"SearchAction","target":{"@type":"EntryPoint","urlTemplate":"https:\/\/patagoniambiental.com.ar\/info\/?s={search_term_string}"},"query-input":{"@type":"PropertyValueSpecification","valueRequired":true,"valueName":"search_term_string"}}],"inLanguage":"es"},{"@type":"Organization","@id":"https:\/\/patagoniambiental.com.ar\/info\/#organization","name":"Patagonia Ambiental","url":"https:\/\/patagoniambiental.com.ar\/info\/","logo":{"@type":"ImageObject","inLanguage":"es","@id":"https:\/\/patagoniambiental.com.ar\/info\/#\/schema\/logo\/image\/","url":"https:\/\/patagoniambiental.com.ar\/info\/wp-content\/uploads\/2025\/05\/LOGO-PATAGONIA-AMBIENTAL.png","contentUrl":"https:\/\/patagoniambiental.com.ar\/info\/wp-content\/uploads\/2025\/05\/LOGO-PATAGONIA-AMBIENTAL.png","width":433,"height":250,"caption":"Patagonia Ambiental"},"image":{"@id":"https:\/\/patagoniambiental.com.ar\/info\/#\/schema\/logo\/image\/"},"sameAs":["https:\/\/www.facebook.com\/patagonia.ambiental","https:\/\/x.com\/PatAmb"]},{"@type":"Person","@id":"https:\/\/patagoniambiental.com.ar\/info\/#\/schema\/person\/db12bff64bbcbf6a253710bf0ea37b5d","name":"Patagonia Ambiental","description":"Andr\u00e9s Nievas T\u00e9cnico en manejo ambiental, consultor Ambiental y escritor para medios locales e internacionales sobre temas de geopolitica y medio ambiente.","sameAs":["http:\/\/www.patagoniambiental.com.ar","https:\/\/www.facebook.com\/share\/1C1V8Gv9BX\/?mibextid=qi2Omg","@patagoniambiental","https:\/\/youtube.com\/@patagoniaambiental2023?si=BLt58t0wuXquxlYZ"]}]}},"_links":{"self":[{"href":"https:\/\/patagoniambiental.com.ar\/info\/wp-json\/wp\/v2\/posts\/38687","targetHints":{"allow":["GET"]}}],"collection":[{"href":"https:\/\/patagoniambiental.com.ar\/info\/wp-json\/wp\/v2\/posts"}],"about":[{"href":"https:\/\/patagoniambiental.com.ar\/info\/wp-json\/wp\/v2\/types\/post"}],"author":[{"embeddable":true,"href":"https:\/\/patagoniambiental.com.ar\/info\/wp-json\/wp\/v2\/users\/2"}],"replies":[{"embeddable":true,"href":"https:\/\/patagoniambiental.com.ar\/info\/wp-json\/wp\/v2\/comments?post=38687"}],"version-history":[{"count":0,"href":"https:\/\/patagoniambiental.com.ar\/info\/wp-json\/wp\/v2\/posts\/38687\/revisions"}],"wp:featuredmedia":[{"embeddable":true,"href":"https:\/\/patagoniambiental.com.ar\/info\/wp-json\/wp\/v2\/media\/38688"}],"wp:attachment":[{"href":"https:\/\/patagoniambiental.com.ar\/info\/wp-json\/wp\/v2\/media?parent=38687"}],"wp:term":[{"taxonomy":"category","embeddable":true,"href":"https:\/\/patagoniambiental.com.ar\/info\/wp-json\/wp\/v2\/categories?post=38687"},{"taxonomy":"post_tag","embeddable":true,"href":"https:\/\/patagoniambiental.com.ar\/info\/wp-json\/wp\/v2\/tags?post=38687"}],"curies":[{"name":"wp","href":"https:\/\/api.w.org\/{rel}","templated":true}]}}