{"id":38764,"date":"2017-11-26T19:00:53","date_gmt":"2017-11-26T22:00:53","guid":{"rendered":"http:\/\/patagoniambiental.com.ar\/info\/?p=38764"},"modified":"2017-11-24T17:26:41","modified_gmt":"2017-11-24T20:26:41","slug":"en-bonn-acnur-destaca-el-desplazamiento-relacionado-con-el-cambio-climatico","status":"publish","type":"post","link":"https:\/\/patagoniambiental.com.ar\/info\/en-bonn-acnur-destaca-el-desplazamiento-relacionado-con-el-cambio-climatico\/","title":{"rendered":"En Bonn,\u00a0ACNUR destaca el desplazamiento relacionado con el cambio clim\u00e1tico"},"content":{"rendered":"<div class=\"header\">\u00a0Bonn, Alemania.-La conferencia, conocida como COP 23, tuvo lugar en Bonn del 7 al 16 de noviembre y asistieron delegados de casi 200 pa\u00edses, as\u00ed como organizaciones no gubernamentales y compa\u00f1\u00edas comerciales.<\/div>\n<p><!--more--><\/p>\n<div class=\"news-img-wrap\">\n<div class=\"outer\">\n<div class=\"col-md-12 mediaelement mediaelement-image\">\n<p><a class=\"lightbox\" title=\"Sahra Ismael Elade, desplazada interna de Somalilandia, con su hija y su nieta. La familia se vio obligada a desplazarse despu\u00e9s de perder gran parte de su ganado por una severa sequ\u00eda. \u00a9 ACNUR\/Mustafa Saeed\" href=\"http:\/\/www.acnur.org\/fileadmin\/_processed_\/csm_11.2017.24_Bonn_e8e9f35a58.jpg\" rel=\"lightbox[myImageSet]\" data-toggle=\"lightbox\" data-title=\" Sahra Ismael Elade, desplazada interna de Somalilandia, con su hija y su nieta. La familia se vio obligada a desplazarse despu\u00e9s de perder gran parte de su ganado por una severa sequ\u00eda. \u00a9 ACNUR\/Mustafa Saeed\" data-footer=\"\"><img fetchpriority=\"high\" decoding=\"async\" class=\"img-responsive alignleft\" title=\"Sahra Ismael Elade, desplazada interna de Somalilandia, con su hija y su nieta. La familia se vio obligada a desplazarse despu\u00e9s de perder gran parte de su ganado por una severa sequ\u00eda. \u00a9 ACNUR\/Mustafa Saeed\" src=\"http:\/\/www.acnur.org\/fileadmin\/_processed_\/csm_11.2017.24_Bonn_c4858beeaa.jpg\" alt=\"\" width=\"615\" height=\"410\" \/><\/a><\/p>\n<div class=\"news-caption\">\n<p class=\"news-img-caption\">Sahra Ismael Elade, desplazada interna de Somalilandia, con su hija y su nieta. La familia se vio obligada a desplazarse despu\u00e9s de perder gran parte de su ganado por una severa sequ\u00eda. \u00a9 ACNUR\/Mustafa Saeed<\/p>\n<\/div>\n<\/div>\n<\/div>\n<\/div>\n<div class=\"news-text-wrap\">\n<p>GINEBRA, Suiza, 24 de noviembre de 2017 (ACNUR) &#8211; ACNUR, la Agencia de la ONU para los Refugiados, asisti\u00f3 este mes a la conferencia sobre cambio clim\u00e1tico de las Naciones Unidas en Alemania con el objetivo de crear conciencia sobre los desplazamientos causados por el clima extremo y otros efectos del cambio clim\u00e1tico.<\/p>\n<p>La Agencia, cuyo trabajo incluye la asistencia para las personas afectadas por el desplazamiento relacionado con desastres y el clima, argument\u00f3 que el cambio clim\u00e1tico no puede tratarse por separado de otras tendencias globales como el crecimiento de la poblaci\u00f3n y la urbanizaci\u00f3n, y se necesita un enfoque \u201chol\u00edstico\u201d para abordar las consecuencias .<\/p>\n<p>La conferencia, conocida como COP 23, tuvo lugar en Bonn del 7 al 16 de noviembre y asistieron delegados de casi 200 pa\u00edses, as\u00ed como organizaciones no gubernamentales y compa\u00f1\u00edas comerciales. Su objetivo era discutir formas de implementar el emblem\u00e1tico Acuerdo de Par\u00eds del 2015 para detener el calentamiento global.<\/p>\n<p>El desplazamiento causado por el cambio clim\u00e1tico fue un tema clave, tanto en la conferencia como en m\u00e1s de 20 eventos paralelos, en los que particip\u00f3 el ACNUR.<\/p>\n<p>Se\u00f1al\u00f3 que el cambio clim\u00e1tico amplifica la frecuencia e intensidad de los desastres repentinos, como huracanes, inundaciones y tornados, y contribuye a fen\u00f3menos ambientales m\u00e1s graduales, como la sequ\u00eda y el aumento del nivel del mar.<\/p>\n<p>Fuente:\u00a0http:\/\/www.acnur.org\/noticias\/noticia\/acnur-destaca-el-desplazamiento-relacionado-con-el-cambio-climatico-en-bonn\/<\/p>\n<\/div>\n","protected":false},"excerpt":{"rendered":"<p>\u00a0Bonn, Alemania.-La conferencia, conocida como COP 23, tuvo lugar en Bonn del 7 al 16 de noviembre y asistieron delegados [&hellip;]<\/p>\n","protected":false},"author":2,"featured_media":38766,"comment_status":"open","ping_status":"open","sticky":false,"template":"","format":"standard","meta":{"site-sidebar-layout":"default","site-content-layout":"","ast-site-content-layout":"default","site-content-style":"default","site-sidebar-style":"default","ast-global-header-display":"","ast-banner-title-visibility":"","ast-main-header-display":"","ast-hfb-above-header-display":"","ast-hfb-below-header-display":"","ast-hfb-mobile-header-display":"","site-post-title":"","ast-breadcrumbs-content":"","ast-featured-img":"","footer-sml-layout":"","ast-disable-related-posts":"","theme-transparent-header-meta":"","adv-header-id-meta":"","stick-header-meta":"","header-above-stick-meta":"","header-main-stick-meta":"","header-below-stick-meta":"","astra-migrate-meta-layouts":"default","ast-page-background-enabled":"default","ast-page-background-meta":{"desktop":{"background-color":"var(--ast-global-color-5)","background-image":"","background-repeat":"repeat","background-position":"center center","background-size":"auto","background-attachment":"scroll","background-type":"","background-media":"","overlay-type":"","overlay-color":"","overlay-opacity":"","overlay-gradient":""},"tablet":{"background-color":"","background-image":"","background-repeat":"repeat","background-position":"center center","background-size":"auto","background-attachment":"scroll","background-type":"","background-media":"","overlay-type":"","overlay-color":"","overlay-opacity":"","overlay-gradient":""},"mobile":{"background-color":"","background-image":"","background-repeat":"repeat","background-position":"center center","background-size":"auto","background-attachment":"scroll","background-type":"","background-media":"","overlay-type":"","overlay-color":"","overlay-opacity":"","overlay-gradient":""}},"ast-content-background-meta":{"desktop":{"background-color":"var(--ast-global-color-4)","background-image":"","background-repeat":"repeat","background-position":"center center","background-size":"auto","background-attachment":"scroll","background-type":"","background-media":"","overlay-type":"","overlay-color":"","overlay-opacity":"","overlay-gradient":""},"tablet":{"background-color":"var(--ast-global-color-4)","background-image":"","background-repeat":"repeat","background-position":"center center","background-size":"auto","background-attachment":"scroll","background-type":"","background-media":"","overlay-type":"","overlay-color":"","overlay-opacity":"","overlay-gradient":""},"mobile":{"background-color":"var(--ast-global-color-4)","background-image":"","background-repeat":"repeat","background-position":"center center","background-size":"auto","background-attachment":"scroll","background-type":"","background-media":"","overlay-type":"","overlay-color":"","overlay-opacity":"","overlay-gradient":""}},"footnotes":""},"categories":[23,1],"tags":[],"class_list":["post-38764","post","type-post","status-publish","format-standard","has-post-thumbnail","hentry","category-internacionales","category-noticias"],"yoast_head":"<!-- This site is optimized with the Yoast SEO Premium plugin v23.0 (Yoast SEO v27.4) - https:\/\/yoast.com\/product\/yoast-seo-premium-wordpress\/ -->\n<title>En Bonn,\u00a0ACNUR destaca el desplazamiento relacionado con el cambio clim\u00e1tico<\/title>\n<meta name=\"robots\" content=\"index, follow, max-snippet:-1, max-image-preview:large, max-video-preview:-1\" \/>\n<link rel=\"canonical\" href=\"https:\/\/patagoniambiental.com.ar\/info\/en-bonn-acnur-destaca-el-desplazamiento-relacionado-con-el-cambio-climatico\/\" \/>\n<meta property=\"og:locale\" content=\"es_ES\" \/>\n<meta property=\"og:type\" content=\"article\" \/>\n<meta property=\"og:title\" content=\"En Bonn,\u00a0ACNUR destaca el desplazamiento relacionado con el cambio clim\u00e1tico\" \/>\n<meta property=\"og:description\" content=\"\u00a0Bonn, Alemania.-La conferencia, conocida como COP 23, tuvo lugar en Bonn del 7 al 16 de noviembre y asistieron delegados [&hellip;]\" \/>\n<meta property=\"og:url\" content=\"https:\/\/patagoniambiental.com.ar\/info\/en-bonn-acnur-destaca-el-desplazamiento-relacionado-con-el-cambio-climatico\/\" \/>\n<meta property=\"og:site_name\" content=\"Patagonia Ambiental\" \/>\n<meta property=\"article:publisher\" content=\"https:\/\/www.facebook.com\/patagonia.ambiental\" \/>\n<meta property=\"article:author\" content=\"https:\/\/www.facebook.com\/share\/1C1V8Gv9BX\/?mibextid=qi2Omg\" \/>\n<meta property=\"article:published_time\" content=\"2017-11-26T22:00:53+00:00\" \/>\n<meta property=\"og:image\" content=\"https:\/\/patagoniambiental.com.ar\/info\/wp-content\/uploads\/2017\/11\/csm_11.2017.24_Bonn_c4858beeaa.jpg\" \/>\n\t<meta property=\"og:image:width\" content=\"615\" \/>\n\t<meta property=\"og:image:height\" content=\"410\" \/>\n\t<meta property=\"og:image:type\" content=\"image\/jpeg\" \/>\n<meta name=\"author\" content=\"Patagonia Ambiental\" \/>\n<meta name=\"twitter:card\" content=\"summary_large_image\" \/>\n<meta name=\"twitter:creator\" content=\"@PatAmb\" \/>\n<meta name=\"twitter:site\" content=\"@PatAmb\" \/>\n<script type=\"application\/ld+json\" class=\"yoast-schema-graph\">{\"@context\":\"https:\\\/\\\/schema.org\",\"@graph\":[{\"@type\":\"Article\",\"@id\":\"https:\\\/\\\/patagoniambiental.com.ar\\\/info\\\/en-bonn-acnur-destaca-el-desplazamiento-relacionado-con-el-cambio-climatico\\\/#article\",\"isPartOf\":{\"@id\":\"https:\\\/\\\/patagoniambiental.com.ar\\\/info\\\/en-bonn-acnur-destaca-el-desplazamiento-relacionado-con-el-cambio-climatico\\\/\"},\"author\":{\"name\":\"Patagonia Ambiental\",\"@id\":\"https:\\\/\\\/patagoniambiental.com.ar\\\/info\\\/#\\\/schema\\\/person\\\/db12bff64bbcbf6a253710bf0ea37b5d\"},\"headline\":\"En Bonn,\u00a0ACNUR destaca el desplazamiento relacionado con el cambio clim\u00e1tico\",\"datePublished\":\"2017-11-26T22:00:53+00:00\",\"mainEntityOfPage\":{\"@id\":\"https:\\\/\\\/patagoniambiental.com.ar\\\/info\\\/en-bonn-acnur-destaca-el-desplazamiento-relacionado-con-el-cambio-climatico\\\/\"},\"wordCount\":317,\"commentCount\":0,\"publisher\":{\"@id\":\"https:\\\/\\\/patagoniambiental.com.ar\\\/info\\\/#organization\"},\"image\":{\"@id\":\"https:\\\/\\\/patagoniambiental.com.ar\\\/info\\\/en-bonn-acnur-destaca-el-desplazamiento-relacionado-con-el-cambio-climatico\\\/#primaryimage\"},\"thumbnailUrl\":\"https:\\\/\\\/patagoniambiental.com.ar\\\/info\\\/wp-content\\\/uploads\\\/2017\\\/11\\\/csm_11.2017.24_Bonn_c4858beeaa.jpg\",\"articleSection\":[\"Internacionales\",\"Noticias\"],\"inLanguage\":\"es\",\"potentialAction\":[{\"@type\":\"CommentAction\",\"name\":\"Comment\",\"target\":[\"https:\\\/\\\/patagoniambiental.com.ar\\\/info\\\/en-bonn-acnur-destaca-el-desplazamiento-relacionado-con-el-cambio-climatico\\\/#respond\"]}]},{\"@type\":\"WebPage\",\"@id\":\"https:\\\/\\\/patagoniambiental.com.ar\\\/info\\\/en-bonn-acnur-destaca-el-desplazamiento-relacionado-con-el-cambio-climatico\\\/\",\"url\":\"https:\\\/\\\/patagoniambiental.com.ar\\\/info\\\/en-bonn-acnur-destaca-el-desplazamiento-relacionado-con-el-cambio-climatico\\\/\",\"name\":\"En Bonn,\u00a0ACNUR destaca el desplazamiento relacionado con el cambio clim\u00e1tico\",\"isPartOf\":{\"@id\":\"https:\\\/\\\/patagoniambiental.com.ar\\\/info\\\/#website\"},\"primaryImageOfPage\":{\"@id\":\"https:\\\/\\\/patagoniambiental.com.ar\\\/info\\\/en-bonn-acnur-destaca-el-desplazamiento-relacionado-con-el-cambio-climatico\\\/#primaryimage\"},\"image\":{\"@id\":\"https:\\\/\\\/patagoniambiental.com.ar\\\/info\\\/en-bonn-acnur-destaca-el-desplazamiento-relacionado-con-el-cambio-climatico\\\/#primaryimage\"},\"thumbnailUrl\":\"https:\\\/\\\/patagoniambiental.com.ar\\\/info\\\/wp-content\\\/uploads\\\/2017\\\/11\\\/csm_11.2017.24_Bonn_c4858beeaa.jpg\",\"datePublished\":\"2017-11-26T22:00:53+00:00\",\"breadcrumb\":{\"@id\":\"https:\\\/\\\/patagoniambiental.com.ar\\\/info\\\/en-bonn-acnur-destaca-el-desplazamiento-relacionado-con-el-cambio-climatico\\\/#breadcrumb\"},\"inLanguage\":\"es\",\"potentialAction\":[{\"@type\":\"ReadAction\",\"target\":[\"https:\\\/\\\/patagoniambiental.com.ar\\\/info\\\/en-bonn-acnur-destaca-el-desplazamiento-relacionado-con-el-cambio-climatico\\\/\"]}]},{\"@type\":\"ImageObject\",\"inLanguage\":\"es\",\"@id\":\"https:\\\/\\\/patagoniambiental.com.ar\\\/info\\\/en-bonn-acnur-destaca-el-desplazamiento-relacionado-con-el-cambio-climatico\\\/#primaryimage\",\"url\":\"https:\\\/\\\/patagoniambiental.com.ar\\\/info\\\/wp-content\\\/uploads\\\/2017\\\/11\\\/csm_11.2017.24_Bonn_c4858beeaa.jpg\",\"contentUrl\":\"https:\\\/\\\/patagoniambiental.com.ar\\\/info\\\/wp-content\\\/uploads\\\/2017\\\/11\\\/csm_11.2017.24_Bonn_c4858beeaa.jpg\",\"width\":615,\"height\":410},{\"@type\":\"BreadcrumbList\",\"@id\":\"https:\\\/\\\/patagoniambiental.com.ar\\\/info\\\/en-bonn-acnur-destaca-el-desplazamiento-relacionado-con-el-cambio-climatico\\\/#breadcrumb\",\"itemListElement\":[{\"@type\":\"ListItem\",\"position\":1,\"name\":\"Inicio\",\"item\":\"https:\\\/\\\/patagoniambiental.com.ar\\\/info\\\/\"},{\"@type\":\"ListItem\",\"position\":2,\"name\":\"En Bonn,\u00a0ACNUR destaca el desplazamiento relacionado con el cambio clim\u00e1tico\"}]},{\"@type\":\"WebSite\",\"@id\":\"https:\\\/\\\/patagoniambiental.com.ar\\\/info\\\/#website\",\"url\":\"https:\\\/\\\/patagoniambiental.com.ar\\\/info\\\/\",\"name\":\"Patagonia Ambiental\",\"description\":\"Monitoreo y an\u00e1lisis de la situaci\u00f3n geopol\u00edtica en el mundo y su implicancia en la Patagonia\",\"publisher\":{\"@id\":\"https:\\\/\\\/patagoniambiental.com.ar\\\/info\\\/#organization\"},\"potentialAction\":[{\"@type\":\"SearchAction\",\"target\":{\"@type\":\"EntryPoint\",\"urlTemplate\":\"https:\\\/\\\/patagoniambiental.com.ar\\\/info\\\/?s={search_term_string}\"},\"query-input\":{\"@type\":\"PropertyValueSpecification\",\"valueRequired\":true,\"valueName\":\"search_term_string\"}}],\"inLanguage\":\"es\"},{\"@type\":\"Organization\",\"@id\":\"https:\\\/\\\/patagoniambiental.com.ar\\\/info\\\/#organization\",\"name\":\"Patagonia Ambiental\",\"url\":\"https:\\\/\\\/patagoniambiental.com.ar\\\/info\\\/\",\"logo\":{\"@type\":\"ImageObject\",\"inLanguage\":\"es\",\"@id\":\"https:\\\/\\\/patagoniambiental.com.ar\\\/info\\\/#\\\/schema\\\/logo\\\/image\\\/\",\"url\":\"https:\\\/\\\/patagoniambiental.com.ar\\\/info\\\/wp-content\\\/uploads\\\/2025\\\/05\\\/LOGO-PATAGONIA-AMBIENTAL.png\",\"contentUrl\":\"https:\\\/\\\/patagoniambiental.com.ar\\\/info\\\/wp-content\\\/uploads\\\/2025\\\/05\\\/LOGO-PATAGONIA-AMBIENTAL.png\",\"width\":433,\"height\":250,\"caption\":\"Patagonia Ambiental\"},\"image\":{\"@id\":\"https:\\\/\\\/patagoniambiental.com.ar\\\/info\\\/#\\\/schema\\\/logo\\\/image\\\/\"},\"sameAs\":[\"https:\\\/\\\/www.facebook.com\\\/patagonia.ambiental\",\"https:\\\/\\\/x.com\\\/PatAmb\"]},{\"@type\":\"Person\",\"@id\":\"https:\\\/\\\/patagoniambiental.com.ar\\\/info\\\/#\\\/schema\\\/person\\\/db12bff64bbcbf6a253710bf0ea37b5d\",\"name\":\"Patagonia Ambiental\",\"description\":\"Andr\u00e9s Nievas T\u00e9cnico en manejo ambiental, consultor Ambiental y escritor para medios locales e internacionales sobre temas de geopolitica y medio ambiente.\",\"sameAs\":[\"http:\\\/\\\/www.patagoniambiental.com.ar\",\"https:\\\/\\\/www.facebook.com\\\/share\\\/1C1V8Gv9BX\\\/?mibextid=qi2Omg\",\"@patagoniambiental\",\"https:\\\/\\\/youtube.com\\\/@patagoniaambiental2023?si=BLt58t0wuXquxlYZ\"]}]}<\/script>\n<!-- \/ Yoast SEO Premium plugin. -->","yoast_head_json":{"title":"En Bonn,\u00a0ACNUR destaca el desplazamiento relacionado con el cambio clim\u00e1tico","robots":{"index":"index","follow":"follow","max-snippet":"max-snippet:-1","max-image-preview":"max-image-preview:large","max-video-preview":"max-video-preview:-1"},"canonical":"https:\/\/patagoniambiental.com.ar\/info\/en-bonn-acnur-destaca-el-desplazamiento-relacionado-con-el-cambio-climatico\/","og_locale":"es_ES","og_type":"article","og_title":"En Bonn,\u00a0ACNUR destaca el desplazamiento relacionado con el cambio clim\u00e1tico","og_description":"\u00a0Bonn, Alemania.-La conferencia, conocida como COP 23, tuvo lugar en Bonn del 7 al 16 de noviembre y asistieron delegados [&hellip;]","og_url":"https:\/\/patagoniambiental.com.ar\/info\/en-bonn-acnur-destaca-el-desplazamiento-relacionado-con-el-cambio-climatico\/","og_site_name":"Patagonia Ambiental","article_publisher":"https:\/\/www.facebook.com\/patagonia.ambiental","article_author":"https:\/\/www.facebook.com\/share\/1C1V8Gv9BX\/?mibextid=qi2Omg","article_published_time":"2017-11-26T22:00:53+00:00","og_image":[{"width":615,"height":410,"url":"https:\/\/patagoniambiental.com.ar\/info\/wp-content\/uploads\/2017\/11\/csm_11.2017.24_Bonn_c4858beeaa.jpg","type":"image\/jpeg"}],"author":"Patagonia Ambiental","twitter_card":"summary_large_image","twitter_creator":"@PatAmb","twitter_site":"@PatAmb","schema":{"@context":"https:\/\/schema.org","@graph":[{"@type":"Article","@id":"https:\/\/patagoniambiental.com.ar\/info\/en-bonn-acnur-destaca-el-desplazamiento-relacionado-con-el-cambio-climatico\/#article","isPartOf":{"@id":"https:\/\/patagoniambiental.com.ar\/info\/en-bonn-acnur-destaca-el-desplazamiento-relacionado-con-el-cambio-climatico\/"},"author":{"name":"Patagonia Ambiental","@id":"https:\/\/patagoniambiental.com.ar\/info\/#\/schema\/person\/db12bff64bbcbf6a253710bf0ea37b5d"},"headline":"En Bonn,\u00a0ACNUR destaca el desplazamiento relacionado con el cambio clim\u00e1tico","datePublished":"2017-11-26T22:00:53+00:00","mainEntityOfPage":{"@id":"https:\/\/patagoniambiental.com.ar\/info\/en-bonn-acnur-destaca-el-desplazamiento-relacionado-con-el-cambio-climatico\/"},"wordCount":317,"commentCount":0,"publisher":{"@id":"https:\/\/patagoniambiental.com.ar\/info\/#organization"},"image":{"@id":"https:\/\/patagoniambiental.com.ar\/info\/en-bonn-acnur-destaca-el-desplazamiento-relacionado-con-el-cambio-climatico\/#primaryimage"},"thumbnailUrl":"https:\/\/patagoniambiental.com.ar\/info\/wp-content\/uploads\/2017\/11\/csm_11.2017.24_Bonn_c4858beeaa.jpg","articleSection":["Internacionales","Noticias"],"inLanguage":"es","potentialAction":[{"@type":"CommentAction","name":"Comment","target":["https:\/\/patagoniambiental.com.ar\/info\/en-bonn-acnur-destaca-el-desplazamiento-relacionado-con-el-cambio-climatico\/#respond"]}]},{"@type":"WebPage","@id":"https:\/\/patagoniambiental.com.ar\/info\/en-bonn-acnur-destaca-el-desplazamiento-relacionado-con-el-cambio-climatico\/","url":"https:\/\/patagoniambiental.com.ar\/info\/en-bonn-acnur-destaca-el-desplazamiento-relacionado-con-el-cambio-climatico\/","name":"En Bonn,\u00a0ACNUR destaca el desplazamiento relacionado con el cambio clim\u00e1tico","isPartOf":{"@id":"https:\/\/patagoniambiental.com.ar\/info\/#website"},"primaryImageOfPage":{"@id":"https:\/\/patagoniambiental.com.ar\/info\/en-bonn-acnur-destaca-el-desplazamiento-relacionado-con-el-cambio-climatico\/#primaryimage"},"image":{"@id":"https:\/\/patagoniambiental.com.ar\/info\/en-bonn-acnur-destaca-el-desplazamiento-relacionado-con-el-cambio-climatico\/#primaryimage"},"thumbnailUrl":"https:\/\/patagoniambiental.com.ar\/info\/wp-content\/uploads\/2017\/11\/csm_11.2017.24_Bonn_c4858beeaa.jpg","datePublished":"2017-11-26T22:00:53+00:00","breadcrumb":{"@id":"https:\/\/patagoniambiental.com.ar\/info\/en-bonn-acnur-destaca-el-desplazamiento-relacionado-con-el-cambio-climatico\/#breadcrumb"},"inLanguage":"es","potentialAction":[{"@type":"ReadAction","target":["https:\/\/patagoniambiental.com.ar\/info\/en-bonn-acnur-destaca-el-desplazamiento-relacionado-con-el-cambio-climatico\/"]}]},{"@type":"ImageObject","inLanguage":"es","@id":"https:\/\/patagoniambiental.com.ar\/info\/en-bonn-acnur-destaca-el-desplazamiento-relacionado-con-el-cambio-climatico\/#primaryimage","url":"https:\/\/patagoniambiental.com.ar\/info\/wp-content\/uploads\/2017\/11\/csm_11.2017.24_Bonn_c4858beeaa.jpg","contentUrl":"https:\/\/patagoniambiental.com.ar\/info\/wp-content\/uploads\/2017\/11\/csm_11.2017.24_Bonn_c4858beeaa.jpg","width":615,"height":410},{"@type":"BreadcrumbList","@id":"https:\/\/patagoniambiental.com.ar\/info\/en-bonn-acnur-destaca-el-desplazamiento-relacionado-con-el-cambio-climatico\/#breadcrumb","itemListElement":[{"@type":"ListItem","position":1,"name":"Inicio","item":"https:\/\/patagoniambiental.com.ar\/info\/"},{"@type":"ListItem","position":2,"name":"En Bonn,\u00a0ACNUR destaca el desplazamiento relacionado con el cambio clim\u00e1tico"}]},{"@type":"WebSite","@id":"https:\/\/patagoniambiental.com.ar\/info\/#website","url":"https:\/\/patagoniambiental.com.ar\/info\/","name":"Patagonia Ambiental","description":"Monitoreo y an\u00e1lisis de la situaci\u00f3n geopol\u00edtica en el mundo y su implicancia en la Patagonia","publisher":{"@id":"https:\/\/patagoniambiental.com.ar\/info\/#organization"},"potentialAction":[{"@type":"SearchAction","target":{"@type":"EntryPoint","urlTemplate":"https:\/\/patagoniambiental.com.ar\/info\/?s={search_term_string}"},"query-input":{"@type":"PropertyValueSpecification","valueRequired":true,"valueName":"search_term_string"}}],"inLanguage":"es"},{"@type":"Organization","@id":"https:\/\/patagoniambiental.com.ar\/info\/#organization","name":"Patagonia Ambiental","url":"https:\/\/patagoniambiental.com.ar\/info\/","logo":{"@type":"ImageObject","inLanguage":"es","@id":"https:\/\/patagoniambiental.com.ar\/info\/#\/schema\/logo\/image\/","url":"https:\/\/patagoniambiental.com.ar\/info\/wp-content\/uploads\/2025\/05\/LOGO-PATAGONIA-AMBIENTAL.png","contentUrl":"https:\/\/patagoniambiental.com.ar\/info\/wp-content\/uploads\/2025\/05\/LOGO-PATAGONIA-AMBIENTAL.png","width":433,"height":250,"caption":"Patagonia Ambiental"},"image":{"@id":"https:\/\/patagoniambiental.com.ar\/info\/#\/schema\/logo\/image\/"},"sameAs":["https:\/\/www.facebook.com\/patagonia.ambiental","https:\/\/x.com\/PatAmb"]},{"@type":"Person","@id":"https:\/\/patagoniambiental.com.ar\/info\/#\/schema\/person\/db12bff64bbcbf6a253710bf0ea37b5d","name":"Patagonia Ambiental","description":"Andr\u00e9s Nievas T\u00e9cnico en manejo ambiental, consultor Ambiental y escritor para medios locales e internacionales sobre temas de geopolitica y medio ambiente.","sameAs":["http:\/\/www.patagoniambiental.com.ar","https:\/\/www.facebook.com\/share\/1C1V8Gv9BX\/?mibextid=qi2Omg","@patagoniambiental","https:\/\/youtube.com\/@patagoniaambiental2023?si=BLt58t0wuXquxlYZ"]}]}},"_links":{"self":[{"href":"https:\/\/patagoniambiental.com.ar\/info\/wp-json\/wp\/v2\/posts\/38764","targetHints":{"allow":["GET"]}}],"collection":[{"href":"https:\/\/patagoniambiental.com.ar\/info\/wp-json\/wp\/v2\/posts"}],"about":[{"href":"https:\/\/patagoniambiental.com.ar\/info\/wp-json\/wp\/v2\/types\/post"}],"author":[{"embeddable":true,"href":"https:\/\/patagoniambiental.com.ar\/info\/wp-json\/wp\/v2\/users\/2"}],"replies":[{"embeddable":true,"href":"https:\/\/patagoniambiental.com.ar\/info\/wp-json\/wp\/v2\/comments?post=38764"}],"version-history":[{"count":0,"href":"https:\/\/patagoniambiental.com.ar\/info\/wp-json\/wp\/v2\/posts\/38764\/revisions"}],"wp:featuredmedia":[{"embeddable":true,"href":"https:\/\/patagoniambiental.com.ar\/info\/wp-json\/wp\/v2\/media\/38766"}],"wp:attachment":[{"href":"https:\/\/patagoniambiental.com.ar\/info\/wp-json\/wp\/v2\/media?parent=38764"}],"wp:term":[{"taxonomy":"category","embeddable":true,"href":"https:\/\/patagoniambiental.com.ar\/info\/wp-json\/wp\/v2\/categories?post=38764"},{"taxonomy":"post_tag","embeddable":true,"href":"https:\/\/patagoniambiental.com.ar\/info\/wp-json\/wp\/v2\/tags?post=38764"}],"curies":[{"name":"wp","href":"https:\/\/api.w.org\/{rel}","templated":true}]}}