{"id":38817,"date":"2017-11-26T09:44:14","date_gmt":"2017-11-26T12:44:14","guid":{"rendered":"http:\/\/patagoniambiental.com.ar\/info\/?p=38817"},"modified":"2017-11-26T09:44:14","modified_gmt":"2017-11-26T12:44:14","slug":"la-muestra-de-lenga-madera-del-fin-del-mundo-se-llevo-a-cabo-en-buenos-aires","status":"publish","type":"post","link":"https:\/\/patagoniambiental.com.ar\/info\/la-muestra-de-lenga-madera-del-fin-del-mundo-se-llevo-a-cabo-en-buenos-aires\/","title":{"rendered":"La Muestra de Lenga \u201cMadera del Fin del mundo\u201d se llev\u00f3 a cabo en Buenos Aires"},"content":{"rendered":"<p>Tuvo lugar este mi\u00e9rcoles en Buenos Aires una serie de acciones para difundir y potenciar el desarrollo forestal de la provincia. El evento, realizado en la sede porte\u00f1a de la Confederaci\u00f3n Argentina de la Mediana Empresa, consisti\u00f3 en exposiciones de especialistas en la materia y muestras de lo producido en los bosques, aserraderos y carpinter\u00edas fueguinas. El evento fue organizado por el Ministerio de Agricultura, Ganader\u00eda y Pesca, acompa\u00f1ado por productores forestoindustriales de Tierra del Fuego.<br \/>\nEl secretario de Agroindustria, Kevin Colli, afirm\u00f3 que \u201cse mostr\u00f3 lo que se produce en Tierra del Fuego para continuar, de esta manera, con una pol\u00edtica de Estado que permita diversificar la matriz productiva y llegar a nuevos lugares y mercados, tal como lo defini\u00f3 la gobernadora Rosana Bertone en los inicios de su gesti\u00f3n\u201d.<br \/>\nPor este motivo, \u201cuna serie de productores nos acompa\u00f1aron\u201d y distintos especialistas \u201crepasaron los lineamientos del Plan de Desarrollo Forestoindustrial de la provincia: como se delimita la pol\u00edtica desde dicho sector, como se garantiza la perpetuidad en el aprovechamiento del recurso y la\u00a0 sustentabilidad de la especie en lo ambiental, social y lo econ\u00f3mico\u201d, detall\u00f3 Colli.<br \/>\nEl funcionario provincial remarc\u00f3 que en Tierra del Fuego existe un \u201caprovechamiento productivo s\u00f3lo de bosques nativos, lo cual es una gran sorpresa para el resto de los productores del pa\u00eds, que producen a trav\u00e9s del bosque con especies ex\u00f3ticas implantadas. Nosotros tenemos turnos de corte mucho m\u00e1s largo, por lo cual tenemos la obligaci\u00f3n y el deber de hacer un aprovechamiento puramente sostenible para cuidar el recurso que se regenera de forma natural\u201d.<br \/>\n\u201cEstamos muy conforme con el resultado de este encuentro. Es una acci\u00f3n complementaria, no es la \u00fanica acci\u00f3n que estamos desarrollando, y sostenemos que la suma de todos estos trabajos, consensuados con el sector forestal, es fundamental para el desarrollo productivo\u201d, puntualiz\u00f3 Colli.<br \/>\nEntre los productores que acompa\u00f1aron al Gobierno provincial en esta muestra coincidieron en lo positivo de generar acciones que permitan diversificar y difundir lo producido por la lenga fueguina.<br \/>\nAs\u00ed lo defini\u00f3 Marcelo Motta, uno de los productores: \u201cEsta posibilidad que nos dio el Gobierno de la provincia para nosotros es muy importante del punto de vista del solo hecho de llegar a Buenos Aires, mostrarnos y que vean lo realizado por todos nosotros es muy importante y permite demostrar todo lo que ha evolucionado Tierra del Fuego con respecto al tratamiento de la madera y la mano de obra\u201d.<br \/>\nDel encuentro participaron adem\u00e1s, empresarios; los presidentes de la C\u00e1mara de Comercio de R\u00edo Grande, Diego Navarro, y de Industria, Comercio y Turismo de Tolhuin, Ariel Carrasco; y referentes del Centro de Investigaci\u00f3n y Extensi\u00f3n Andino Patag\u00f3nico.<\/p>\n<table border=\"1\">\n<tbody>\n<tr>\n<td><strong>Se realizar\u00e1 la Primera Reuni\u00f3n de la Mesa Provincial de Producci\u00f3n Org\u00e1nica<\/strong><\/p>\n<p>El Ministerio de Industria, a trav\u00e9s de la Subsecretar\u00eda de Gesti\u00f3n y Pol\u00edticas de PyMes, y la Direcci\u00f3n de Programas Productivos realizar\u00e1n este viernes a partir de las 9 en el Consejo Profesional de Ciencias Econ\u00f3micas de R\u00edo Grande, la 1ra Reuni\u00f3n de la Mesa Provincial de Producci\u00f3n Org\u00e1nica<br \/>\nLa misma tiene como objetivo principal plantear el desarrollo de todos los productos org\u00e1nicos de Tierra del Fuego y cuenta con el apoyo del Ministerio de Agroindustria de Naci\u00f3n.<br \/>\nEl subsecretario de Gesti\u00f3n y Pol\u00edticas de PyMes, Jorge M\u00e9ndez se\u00f1al\u00f3 que la idea es tener \u201cun rol mucho m\u00e1s activo de desarrollo en la provincia con la ayuda de todas las instituciones y pensamos que tenemos suficientes elementos para desarrollar los productos locales e ingresar en el mercado\u201d.<br \/>\nAsimismo, M\u00e9ndez detall\u00f3 que \u201cen eso estamos trabajando y no lo vamos a hacer solos, obviamente\u201d e hizo la invitaci\u00f3n a los productores locales \u201ca esta mesa a todos que todos puedan aportar y poner en valor cada uno de estos productos\u201d.<br \/>\nPor su parte, la directora de Programas Productivos, Jessie Hern\u00e1ndez destac\u00f3 que \u201ctenemos el apoyo por los organismos que participan de la Comisi\u00f3n Asesora Nacional y de la Comisi\u00f3n Interamericana de Cultura Org\u00e1nica\u201d, afirmando adem\u00e1s que \u201cla intenci\u00f3n es fomentar la producci\u00f3n, no solamente en cuanto a actividades sino tamicen en n\u00fameros de productores en la provincia\u201d.<\/td>\n<\/tr>\n<\/tbody>\n<\/table>\n<p>&nbsp;<\/p>\n<p>Fuente:\u00a0http:\/\/www.eldiariodelfindelmundo.com\/noticias\/2017\/11\/24\/74840-la-muestra-de-lenga-madera-del-fin-del-mundo-se-llevo-a-cabo-en-buenos-aires<\/p>\n","protected":false},"excerpt":{"rendered":"<p>Tuvo lugar este mi\u00e9rcoles en Buenos Aires una serie de acciones para difundir y potenciar el desarrollo forestal de la [&hellip;]<\/p>\n","protected":false},"author":2,"featured_media":38818,"comment_status":"open","ping_status":"open","sticky":false,"template":"","format":"standard","meta":{"site-sidebar-layout":"default","site-content-layout":"","ast-site-content-layout":"default","site-content-style":"default","site-sidebar-style":"default","ast-global-header-display":"","ast-banner-title-visibility":"","ast-main-header-display":"","ast-hfb-above-header-display":"","ast-hfb-below-header-display":"","ast-hfb-mobile-header-display":"","site-post-title":"","ast-breadcrumbs-content":"","ast-featured-img":"","footer-sml-layout":"","ast-disable-related-posts":"","theme-transparent-header-meta":"","adv-header-id-meta":"","stick-header-meta":"","header-above-stick-meta":"","header-main-stick-meta":"","header-below-stick-meta":"","astra-migrate-meta-layouts":"default","ast-page-background-enabled":"default","ast-page-background-meta":{"desktop":{"background-color":"var(--ast-global-color-5)","background-image":"","background-repeat":"repeat","background-position":"center center","background-size":"auto","background-attachment":"scroll","background-type":"","background-media":"","overlay-type":"","overlay-color":"","overlay-opacity":"","overlay-gradient":""},"tablet":{"background-color":"","background-image":"","background-repeat":"repeat","background-position":"center center","background-size":"auto","background-attachment":"scroll","background-type":"","background-media":"","overlay-type":"","overlay-color":"","overlay-opacity":"","overlay-gradient":""},"mobile":{"background-color":"","background-image":"","background-repeat":"repeat","background-position":"center center","background-size":"auto","background-attachment":"scroll","background-type":"","background-media":"","overlay-type":"","overlay-color":"","overlay-opacity":"","overlay-gradient":""}},"ast-content-background-meta":{"desktop":{"background-color":"var(--ast-global-color-4)","background-image":"","background-repeat":"repeat","background-position":"center center","background-size":"auto","background-attachment":"scroll","background-type":"","background-media":"","overlay-type":"","overlay-color":"","overlay-opacity":"","overlay-gradient":""},"tablet":{"background-color":"var(--ast-global-color-4)","background-image":"","background-repeat":"repeat","background-position":"center center","background-size":"auto","background-attachment":"scroll","background-type":"","background-media":"","overlay-type":"","overlay-color":"","overlay-opacity":"","overlay-gradient":""},"mobile":{"background-color":"var(--ast-global-color-4)","background-image":"","background-repeat":"repeat","background-position":"center center","background-size":"auto","background-attachment":"scroll","background-type":"","background-media":"","overlay-type":"","overlay-color":"","overlay-opacity":"","overlay-gradient":""}},"footnotes":""},"categories":[1,25],"tags":[],"class_list":["post-38817","post","type-post","status-publish","format-standard","has-post-thumbnail","hentry","category-noticias","category-tierra-del-fuego"],"yoast_head":"<!-- This site is optimized with the Yoast SEO Premium plugin v23.0 (Yoast SEO v27.4) - https:\/\/yoast.com\/product\/yoast-seo-premium-wordpress\/ -->\n<title>La Muestra de Lenga \u201cMadera del Fin del mundo\u201d se llev\u00f3 a cabo en Buenos Aires<\/title>\n<meta name=\"robots\" content=\"index, follow, max-snippet:-1, max-image-preview:large, max-video-preview:-1\" \/>\n<link rel=\"canonical\" href=\"https:\/\/patagoniambiental.com.ar\/info\/la-muestra-de-lenga-madera-del-fin-del-mundo-se-llevo-a-cabo-en-buenos-aires\/\" \/>\n<meta property=\"og:locale\" content=\"es_ES\" \/>\n<meta property=\"og:type\" content=\"article\" \/>\n<meta property=\"og:title\" content=\"La Muestra de Lenga \u201cMadera del Fin del mundo\u201d se llev\u00f3 a cabo en Buenos Aires\" \/>\n<meta property=\"og:description\" content=\"Tuvo lugar este mi\u00e9rcoles en Buenos Aires una serie de acciones para difundir y potenciar el desarrollo forestal de la [&hellip;]\" \/>\n<meta property=\"og:url\" content=\"https:\/\/patagoniambiental.com.ar\/info\/la-muestra-de-lenga-madera-del-fin-del-mundo-se-llevo-a-cabo-en-buenos-aires\/\" \/>\n<meta property=\"og:site_name\" content=\"Patagonia Ambiental\" \/>\n<meta property=\"article:publisher\" content=\"https:\/\/www.facebook.com\/patagonia.ambiental\" \/>\n<meta property=\"article:author\" content=\"https:\/\/www.facebook.com\/share\/1C1V8Gv9BX\/?mibextid=qi2Omg\" \/>\n<meta property=\"article:published_time\" content=\"2017-11-26T12:44:14+00:00\" \/>\n<meta property=\"og:image\" content=\"https:\/\/patagoniambiental.com.ar\/info\/wp-content\/uploads\/2017\/11\/madera-del-fin-del-mundo.jpg\" \/>\n\t<meta property=\"og:image:width\" content=\"800\" \/>\n\t<meta property=\"og:image:height\" content=\"600\" \/>\n\t<meta property=\"og:image:type\" content=\"image\/jpeg\" \/>\n<meta name=\"author\" content=\"Patagonia Ambiental\" \/>\n<meta name=\"twitter:card\" content=\"summary_large_image\" \/>\n<meta name=\"twitter:creator\" content=\"@PatAmb\" \/>\n<meta name=\"twitter:site\" content=\"@PatAmb\" \/>\n<script type=\"application\/ld+json\" class=\"yoast-schema-graph\">{\"@context\":\"https:\\\/\\\/schema.org\",\"@graph\":[{\"@type\":\"Article\",\"@id\":\"https:\\\/\\\/patagoniambiental.com.ar\\\/info\\\/la-muestra-de-lenga-madera-del-fin-del-mundo-se-llevo-a-cabo-en-buenos-aires\\\/#article\",\"isPartOf\":{\"@id\":\"https:\\\/\\\/patagoniambiental.com.ar\\\/info\\\/la-muestra-de-lenga-madera-del-fin-del-mundo-se-llevo-a-cabo-en-buenos-aires\\\/\"},\"author\":{\"name\":\"Patagonia Ambiental\",\"@id\":\"https:\\\/\\\/patagoniambiental.com.ar\\\/info\\\/#\\\/schema\\\/person\\\/db12bff64bbcbf6a253710bf0ea37b5d\"},\"headline\":\"La Muestra de Lenga \u201cMadera del Fin del mundo\u201d se llev\u00f3 a cabo en Buenos Aires\",\"datePublished\":\"2017-11-26T12:44:14+00:00\",\"mainEntityOfPage\":{\"@id\":\"https:\\\/\\\/patagoniambiental.com.ar\\\/info\\\/la-muestra-de-lenga-madera-del-fin-del-mundo-se-llevo-a-cabo-en-buenos-aires\\\/\"},\"wordCount\":759,\"commentCount\":0,\"publisher\":{\"@id\":\"https:\\\/\\\/patagoniambiental.com.ar\\\/info\\\/#organization\"},\"image\":{\"@id\":\"https:\\\/\\\/patagoniambiental.com.ar\\\/info\\\/la-muestra-de-lenga-madera-del-fin-del-mundo-se-llevo-a-cabo-en-buenos-aires\\\/#primaryimage\"},\"thumbnailUrl\":\"https:\\\/\\\/patagoniambiental.com.ar\\\/info\\\/wp-content\\\/uploads\\\/2017\\\/11\\\/madera-del-fin-del-mundo.jpg\",\"articleSection\":[\"Noticias\",\"Tierra del Fuego\"],\"inLanguage\":\"es\",\"potentialAction\":[{\"@type\":\"CommentAction\",\"name\":\"Comment\",\"target\":[\"https:\\\/\\\/patagoniambiental.com.ar\\\/info\\\/la-muestra-de-lenga-madera-del-fin-del-mundo-se-llevo-a-cabo-en-buenos-aires\\\/#respond\"]}]},{\"@type\":\"WebPage\",\"@id\":\"https:\\\/\\\/patagoniambiental.com.ar\\\/info\\\/la-muestra-de-lenga-madera-del-fin-del-mundo-se-llevo-a-cabo-en-buenos-aires\\\/\",\"url\":\"https:\\\/\\\/patagoniambiental.com.ar\\\/info\\\/la-muestra-de-lenga-madera-del-fin-del-mundo-se-llevo-a-cabo-en-buenos-aires\\\/\",\"name\":\"La Muestra de Lenga \u201cMadera del Fin del mundo\u201d se llev\u00f3 a cabo en Buenos Aires\",\"isPartOf\":{\"@id\":\"https:\\\/\\\/patagoniambiental.com.ar\\\/info\\\/#website\"},\"primaryImageOfPage\":{\"@id\":\"https:\\\/\\\/patagoniambiental.com.ar\\\/info\\\/la-muestra-de-lenga-madera-del-fin-del-mundo-se-llevo-a-cabo-en-buenos-aires\\\/#primaryimage\"},\"image\":{\"@id\":\"https:\\\/\\\/patagoniambiental.com.ar\\\/info\\\/la-muestra-de-lenga-madera-del-fin-del-mundo-se-llevo-a-cabo-en-buenos-aires\\\/#primaryimage\"},\"thumbnailUrl\":\"https:\\\/\\\/patagoniambiental.com.ar\\\/info\\\/wp-content\\\/uploads\\\/2017\\\/11\\\/madera-del-fin-del-mundo.jpg\",\"datePublished\":\"2017-11-26T12:44:14+00:00\",\"breadcrumb\":{\"@id\":\"https:\\\/\\\/patagoniambiental.com.ar\\\/info\\\/la-muestra-de-lenga-madera-del-fin-del-mundo-se-llevo-a-cabo-en-buenos-aires\\\/#breadcrumb\"},\"inLanguage\":\"es\",\"potentialAction\":[{\"@type\":\"ReadAction\",\"target\":[\"https:\\\/\\\/patagoniambiental.com.ar\\\/info\\\/la-muestra-de-lenga-madera-del-fin-del-mundo-se-llevo-a-cabo-en-buenos-aires\\\/\"]}]},{\"@type\":\"ImageObject\",\"inLanguage\":\"es\",\"@id\":\"https:\\\/\\\/patagoniambiental.com.ar\\\/info\\\/la-muestra-de-lenga-madera-del-fin-del-mundo-se-llevo-a-cabo-en-buenos-aires\\\/#primaryimage\",\"url\":\"https:\\\/\\\/patagoniambiental.com.ar\\\/info\\\/wp-content\\\/uploads\\\/2017\\\/11\\\/madera-del-fin-del-mundo.jpg\",\"contentUrl\":\"https:\\\/\\\/patagoniambiental.com.ar\\\/info\\\/wp-content\\\/uploads\\\/2017\\\/11\\\/madera-del-fin-del-mundo.jpg\",\"width\":800,\"height\":600},{\"@type\":\"BreadcrumbList\",\"@id\":\"https:\\\/\\\/patagoniambiental.com.ar\\\/info\\\/la-muestra-de-lenga-madera-del-fin-del-mundo-se-llevo-a-cabo-en-buenos-aires\\\/#breadcrumb\",\"itemListElement\":[{\"@type\":\"ListItem\",\"position\":1,\"name\":\"Inicio\",\"item\":\"https:\\\/\\\/patagoniambiental.com.ar\\\/info\\\/\"},{\"@type\":\"ListItem\",\"position\":2,\"name\":\"La Muestra de Lenga \u201cMadera del Fin del mundo\u201d se llev\u00f3 a cabo en Buenos Aires\"}]},{\"@type\":\"WebSite\",\"@id\":\"https:\\\/\\\/patagoniambiental.com.ar\\\/info\\\/#website\",\"url\":\"https:\\\/\\\/patagoniambiental.com.ar\\\/info\\\/\",\"name\":\"Patagonia Ambiental\",\"description\":\"Monitoreo y an\u00e1lisis de la situaci\u00f3n geopol\u00edtica en el mundo y su implicancia en la Patagonia\",\"publisher\":{\"@id\":\"https:\\\/\\\/patagoniambiental.com.ar\\\/info\\\/#organization\"},\"potentialAction\":[{\"@type\":\"SearchAction\",\"target\":{\"@type\":\"EntryPoint\",\"urlTemplate\":\"https:\\\/\\\/patagoniambiental.com.ar\\\/info\\\/?s={search_term_string}\"},\"query-input\":{\"@type\":\"PropertyValueSpecification\",\"valueRequired\":true,\"valueName\":\"search_term_string\"}}],\"inLanguage\":\"es\"},{\"@type\":\"Organization\",\"@id\":\"https:\\\/\\\/patagoniambiental.com.ar\\\/info\\\/#organization\",\"name\":\"Patagonia Ambiental\",\"url\":\"https:\\\/\\\/patagoniambiental.com.ar\\\/info\\\/\",\"logo\":{\"@type\":\"ImageObject\",\"inLanguage\":\"es\",\"@id\":\"https:\\\/\\\/patagoniambiental.com.ar\\\/info\\\/#\\\/schema\\\/logo\\\/image\\\/\",\"url\":\"https:\\\/\\\/patagoniambiental.com.ar\\\/info\\\/wp-content\\\/uploads\\\/2025\\\/05\\\/LOGO-PATAGONIA-AMBIENTAL.png\",\"contentUrl\":\"https:\\\/\\\/patagoniambiental.com.ar\\\/info\\\/wp-content\\\/uploads\\\/2025\\\/05\\\/LOGO-PATAGONIA-AMBIENTAL.png\",\"width\":433,\"height\":250,\"caption\":\"Patagonia Ambiental\"},\"image\":{\"@id\":\"https:\\\/\\\/patagoniambiental.com.ar\\\/info\\\/#\\\/schema\\\/logo\\\/image\\\/\"},\"sameAs\":[\"https:\\\/\\\/www.facebook.com\\\/patagonia.ambiental\",\"https:\\\/\\\/x.com\\\/PatAmb\"]},{\"@type\":\"Person\",\"@id\":\"https:\\\/\\\/patagoniambiental.com.ar\\\/info\\\/#\\\/schema\\\/person\\\/db12bff64bbcbf6a253710bf0ea37b5d\",\"name\":\"Patagonia Ambiental\",\"description\":\"Andr\u00e9s Nievas T\u00e9cnico en manejo ambiental, consultor Ambiental y escritor para medios locales e internacionales sobre temas de geopolitica y medio ambiente.\",\"sameAs\":[\"http:\\\/\\\/www.patagoniambiental.com.ar\",\"https:\\\/\\\/www.facebook.com\\\/share\\\/1C1V8Gv9BX\\\/?mibextid=qi2Omg\",\"@patagoniambiental\",\"https:\\\/\\\/youtube.com\\\/@patagoniaambiental2023?si=BLt58t0wuXquxlYZ\"]}]}<\/script>\n<!-- \/ Yoast SEO Premium plugin. -->","yoast_head_json":{"title":"La Muestra de Lenga \u201cMadera del Fin del mundo\u201d se llev\u00f3 a cabo en Buenos Aires","robots":{"index":"index","follow":"follow","max-snippet":"max-snippet:-1","max-image-preview":"max-image-preview:large","max-video-preview":"max-video-preview:-1"},"canonical":"https:\/\/patagoniambiental.com.ar\/info\/la-muestra-de-lenga-madera-del-fin-del-mundo-se-llevo-a-cabo-en-buenos-aires\/","og_locale":"es_ES","og_type":"article","og_title":"La Muestra de Lenga \u201cMadera del Fin del mundo\u201d se llev\u00f3 a cabo en Buenos Aires","og_description":"Tuvo lugar este mi\u00e9rcoles en Buenos Aires una serie de acciones para difundir y potenciar el desarrollo forestal de la [&hellip;]","og_url":"https:\/\/patagoniambiental.com.ar\/info\/la-muestra-de-lenga-madera-del-fin-del-mundo-se-llevo-a-cabo-en-buenos-aires\/","og_site_name":"Patagonia Ambiental","article_publisher":"https:\/\/www.facebook.com\/patagonia.ambiental","article_author":"https:\/\/www.facebook.com\/share\/1C1V8Gv9BX\/?mibextid=qi2Omg","article_published_time":"2017-11-26T12:44:14+00:00","og_image":[{"width":800,"height":600,"url":"https:\/\/patagoniambiental.com.ar\/info\/wp-content\/uploads\/2017\/11\/madera-del-fin-del-mundo.jpg","type":"image\/jpeg"}],"author":"Patagonia Ambiental","twitter_card":"summary_large_image","twitter_creator":"@PatAmb","twitter_site":"@PatAmb","schema":{"@context":"https:\/\/schema.org","@graph":[{"@type":"Article","@id":"https:\/\/patagoniambiental.com.ar\/info\/la-muestra-de-lenga-madera-del-fin-del-mundo-se-llevo-a-cabo-en-buenos-aires\/#article","isPartOf":{"@id":"https:\/\/patagoniambiental.com.ar\/info\/la-muestra-de-lenga-madera-del-fin-del-mundo-se-llevo-a-cabo-en-buenos-aires\/"},"author":{"name":"Patagonia Ambiental","@id":"https:\/\/patagoniambiental.com.ar\/info\/#\/schema\/person\/db12bff64bbcbf6a253710bf0ea37b5d"},"headline":"La Muestra de Lenga \u201cMadera del Fin del mundo\u201d se llev\u00f3 a cabo en Buenos Aires","datePublished":"2017-11-26T12:44:14+00:00","mainEntityOfPage":{"@id":"https:\/\/patagoniambiental.com.ar\/info\/la-muestra-de-lenga-madera-del-fin-del-mundo-se-llevo-a-cabo-en-buenos-aires\/"},"wordCount":759,"commentCount":0,"publisher":{"@id":"https:\/\/patagoniambiental.com.ar\/info\/#organization"},"image":{"@id":"https:\/\/patagoniambiental.com.ar\/info\/la-muestra-de-lenga-madera-del-fin-del-mundo-se-llevo-a-cabo-en-buenos-aires\/#primaryimage"},"thumbnailUrl":"https:\/\/patagoniambiental.com.ar\/info\/wp-content\/uploads\/2017\/11\/madera-del-fin-del-mundo.jpg","articleSection":["Noticias","Tierra del Fuego"],"inLanguage":"es","potentialAction":[{"@type":"CommentAction","name":"Comment","target":["https:\/\/patagoniambiental.com.ar\/info\/la-muestra-de-lenga-madera-del-fin-del-mundo-se-llevo-a-cabo-en-buenos-aires\/#respond"]}]},{"@type":"WebPage","@id":"https:\/\/patagoniambiental.com.ar\/info\/la-muestra-de-lenga-madera-del-fin-del-mundo-se-llevo-a-cabo-en-buenos-aires\/","url":"https:\/\/patagoniambiental.com.ar\/info\/la-muestra-de-lenga-madera-del-fin-del-mundo-se-llevo-a-cabo-en-buenos-aires\/","name":"La Muestra de Lenga \u201cMadera del Fin del mundo\u201d se llev\u00f3 a cabo en Buenos Aires","isPartOf":{"@id":"https:\/\/patagoniambiental.com.ar\/info\/#website"},"primaryImageOfPage":{"@id":"https:\/\/patagoniambiental.com.ar\/info\/la-muestra-de-lenga-madera-del-fin-del-mundo-se-llevo-a-cabo-en-buenos-aires\/#primaryimage"},"image":{"@id":"https:\/\/patagoniambiental.com.ar\/info\/la-muestra-de-lenga-madera-del-fin-del-mundo-se-llevo-a-cabo-en-buenos-aires\/#primaryimage"},"thumbnailUrl":"https:\/\/patagoniambiental.com.ar\/info\/wp-content\/uploads\/2017\/11\/madera-del-fin-del-mundo.jpg","datePublished":"2017-11-26T12:44:14+00:00","breadcrumb":{"@id":"https:\/\/patagoniambiental.com.ar\/info\/la-muestra-de-lenga-madera-del-fin-del-mundo-se-llevo-a-cabo-en-buenos-aires\/#breadcrumb"},"inLanguage":"es","potentialAction":[{"@type":"ReadAction","target":["https:\/\/patagoniambiental.com.ar\/info\/la-muestra-de-lenga-madera-del-fin-del-mundo-se-llevo-a-cabo-en-buenos-aires\/"]}]},{"@type":"ImageObject","inLanguage":"es","@id":"https:\/\/patagoniambiental.com.ar\/info\/la-muestra-de-lenga-madera-del-fin-del-mundo-se-llevo-a-cabo-en-buenos-aires\/#primaryimage","url":"https:\/\/patagoniambiental.com.ar\/info\/wp-content\/uploads\/2017\/11\/madera-del-fin-del-mundo.jpg","contentUrl":"https:\/\/patagoniambiental.com.ar\/info\/wp-content\/uploads\/2017\/11\/madera-del-fin-del-mundo.jpg","width":800,"height":600},{"@type":"BreadcrumbList","@id":"https:\/\/patagoniambiental.com.ar\/info\/la-muestra-de-lenga-madera-del-fin-del-mundo-se-llevo-a-cabo-en-buenos-aires\/#breadcrumb","itemListElement":[{"@type":"ListItem","position":1,"name":"Inicio","item":"https:\/\/patagoniambiental.com.ar\/info\/"},{"@type":"ListItem","position":2,"name":"La Muestra de Lenga \u201cMadera del Fin del mundo\u201d se llev\u00f3 a cabo en Buenos Aires"}]},{"@type":"WebSite","@id":"https:\/\/patagoniambiental.com.ar\/info\/#website","url":"https:\/\/patagoniambiental.com.ar\/info\/","name":"Patagonia Ambiental","description":"Monitoreo y an\u00e1lisis de la situaci\u00f3n geopol\u00edtica en el mundo y su implicancia en la Patagonia","publisher":{"@id":"https:\/\/patagoniambiental.com.ar\/info\/#organization"},"potentialAction":[{"@type":"SearchAction","target":{"@type":"EntryPoint","urlTemplate":"https:\/\/patagoniambiental.com.ar\/info\/?s={search_term_string}"},"query-input":{"@type":"PropertyValueSpecification","valueRequired":true,"valueName":"search_term_string"}}],"inLanguage":"es"},{"@type":"Organization","@id":"https:\/\/patagoniambiental.com.ar\/info\/#organization","name":"Patagonia Ambiental","url":"https:\/\/patagoniambiental.com.ar\/info\/","logo":{"@type":"ImageObject","inLanguage":"es","@id":"https:\/\/patagoniambiental.com.ar\/info\/#\/schema\/logo\/image\/","url":"https:\/\/patagoniambiental.com.ar\/info\/wp-content\/uploads\/2025\/05\/LOGO-PATAGONIA-AMBIENTAL.png","contentUrl":"https:\/\/patagoniambiental.com.ar\/info\/wp-content\/uploads\/2025\/05\/LOGO-PATAGONIA-AMBIENTAL.png","width":433,"height":250,"caption":"Patagonia Ambiental"},"image":{"@id":"https:\/\/patagoniambiental.com.ar\/info\/#\/schema\/logo\/image\/"},"sameAs":["https:\/\/www.facebook.com\/patagonia.ambiental","https:\/\/x.com\/PatAmb"]},{"@type":"Person","@id":"https:\/\/patagoniambiental.com.ar\/info\/#\/schema\/person\/db12bff64bbcbf6a253710bf0ea37b5d","name":"Patagonia Ambiental","description":"Andr\u00e9s Nievas T\u00e9cnico en manejo ambiental, consultor Ambiental y escritor para medios locales e internacionales sobre temas de geopolitica y medio ambiente.","sameAs":["http:\/\/www.patagoniambiental.com.ar","https:\/\/www.facebook.com\/share\/1C1V8Gv9BX\/?mibextid=qi2Omg","@patagoniambiental","https:\/\/youtube.com\/@patagoniaambiental2023?si=BLt58t0wuXquxlYZ"]}]}},"_links":{"self":[{"href":"https:\/\/patagoniambiental.com.ar\/info\/wp-json\/wp\/v2\/posts\/38817","targetHints":{"allow":["GET"]}}],"collection":[{"href":"https:\/\/patagoniambiental.com.ar\/info\/wp-json\/wp\/v2\/posts"}],"about":[{"href":"https:\/\/patagoniambiental.com.ar\/info\/wp-json\/wp\/v2\/types\/post"}],"author":[{"embeddable":true,"href":"https:\/\/patagoniambiental.com.ar\/info\/wp-json\/wp\/v2\/users\/2"}],"replies":[{"embeddable":true,"href":"https:\/\/patagoniambiental.com.ar\/info\/wp-json\/wp\/v2\/comments?post=38817"}],"version-history":[{"count":0,"href":"https:\/\/patagoniambiental.com.ar\/info\/wp-json\/wp\/v2\/posts\/38817\/revisions"}],"wp:featuredmedia":[{"embeddable":true,"href":"https:\/\/patagoniambiental.com.ar\/info\/wp-json\/wp\/v2\/media\/38818"}],"wp:attachment":[{"href":"https:\/\/patagoniambiental.com.ar\/info\/wp-json\/wp\/v2\/media?parent=38817"}],"wp:term":[{"taxonomy":"category","embeddable":true,"href":"https:\/\/patagoniambiental.com.ar\/info\/wp-json\/wp\/v2\/categories?post=38817"},{"taxonomy":"post_tag","embeddable":true,"href":"https:\/\/patagoniambiental.com.ar\/info\/wp-json\/wp\/v2\/tags?post=38817"}],"curies":[{"name":"wp","href":"https:\/\/api.w.org\/{rel}","templated":true}]}}