{"id":38835,"date":"2017-11-27T09:00:19","date_gmt":"2017-11-27T12:00:19","guid":{"rendered":"http:\/\/patagoniambiental.com.ar\/info\/?p=38835"},"modified":"2017-11-26T17:32:49","modified_gmt":"2017-11-26T20:32:49","slug":"solo-se-clasifica-en-origen-el-15-de-la-basura-de-bariloche","status":"publish","type":"post","link":"https:\/\/patagoniambiental.com.ar\/info\/solo-se-clasifica-en-origen-el-15-de-la-basura-de-bariloche\/","title":{"rendered":"S\u00f3lo se clasifica en origen el 1,5% de la basura de Bariloche"},"content":{"rendered":"<div class=\"paragraph\">\n<p>BARILOCHE.- Al vertedero municipal entran entre 170 y 200 toneladas de basura por d\u00eda y en temporada alta ese n\u00famero se duplica. De esa enorme masa de residuos apenas entre el 1 y 1,5 por ciento viene clasificado en origen. A este ritmo, la celda de relleno sanitario en pocos meses estar\u00e1 desbordada y habr\u00e1 que construir otra con una inversi\u00f3n que hoy el municipio no tiene. El panorama es gris.<\/p>\n<p>\u201cEl porcentaje de residuos que llega clasificado en origen es pr\u00e1cticamente nada y as\u00ed no le sirve nada a Bariloche ni a la Asociaci\u00f3n de Recicladores\u201d, lament\u00f3 el director general del Centro de Residuos Urbanos Municipal (CRUM) Antonio Motos.<\/p>\n<p>El funcionario dijo que el problema de la basura es grave en la ciudad y hay que tomar medidas en el corto plazo.<\/p>\n<p>Admiti\u00f3 que el programa de promoci\u00f3n para la clasificaci\u00f3n domiciliaria de los residuos no dio el resultado esperado. \u201cEs totalmente cierto y real. Los programas no han dado resultados por varios factores como falta de presupuesto, de continuidad, de seguimiento\u201d, opin\u00f3.<\/p>\n<p>Motos dijo que el programa cuando se hizo cargo de la direcci\u00f3n del CRUM \u201cestaba un poco diluido\u201d y coment\u00f3 que urge \u201creorganizar todo y retomar el trabajo con las distintas \u00e1reas municipales y con organizaciones sociales, ONG\u00b4s, universidades porque se requiere abordar la problem\u00e1tica sin demora\u201d.<\/p>\n<p><b>Reactivaci\u00f3n<\/b><\/p>\n<p>Dijo que uno de los objetivos que se trazaron apunta a reactivar la mesa del programa de Gesti\u00f3n Integral de Residuos S\u00f3lidos Urbanos (Girsu) \u201ccon todas las organizaciones preocupadas por la tem\u00e1tica de la basura\u201d.<\/p>\n<p>\u201cHoy, el municipio est\u00e1 reorganizando y refundando la mesa de la Girsu como \u00e1mbito de discusi\u00f3n de propuestas\u201d, explic\u00f3 Motos.<\/p>\n<p>El funcionario que asumi\u00f3 al frente del CRUM reconoci\u00f3 que en este momento \u201cel reciclado y clasificaci\u00f3n en origen son pr\u00e1cticamente nulos\u201d.<\/p>\n<p>Dijo que para revertir el problema est\u00e1n organizando reuniones peri\u00f3dicas con juntas vecinales y con los grandes generadores de residuos para que implementen medidas para la separaci\u00f3n en origen.<\/p>\n<p>\u201cHay que retomar la tarea que se hizo con mucho esfuerzo del municipio pero con poca repercusi\u00f3n en la gente\u201d, afirm\u00f3 Motos. Una de las iniciativas busca convocar a instituciones y empresas que tienen proyectos de tratamiento y reciclado de basura. Dijo que hay un proyecto de reciclado de neum\u00e1ticos y otro que promueve el aprovechamiento de los residuos como generadores de gas.<\/p>\n<p>Dijo que una de las medidas a implementar es mejorar y ampliar la posibilidad de reciclado en la cinta transportadora de separaci\u00f3n de residuos, que funciona en la planta de tratamiento, en el vertedero municipal.<\/p>\n<p>Motos admiti\u00f3 que una enorme cantidad de residuos que entran al vertedero \u201choy no se pueden procesar y directamente lo estamos enterrando\u201d.<\/p>\n<p><b>Volumen<\/b><\/p>\n<p>\u201cHay un nuevo impulso para cambiar la situaci\u00f3n porque es un problema muy grave, que si logramos revertir queremos que Bariloche sea un punto de referencia\u201d, puntualiz\u00f3.<\/p>\n<p>Aunque lament\u00f3 que uno de los problemas que limita las posibilidades tiene que ver con la falta de presupuesto municipal.<\/p>\n<p>\u201cPor d\u00eda a la planta entran entre ciento setenta y doscientas toneladas entre residuos domiciliarios, ramas, escombros y esa cantidad se incrementa hasta duplicarse en temporada alta\u201d, describi\u00f3.<\/p>\n<p>Y advirti\u00f3 que la infraestructura de la planta no est\u00e1 preparada para tratar ese volumen de basura diario.<\/p>\n<p>\u201cLa gente del CRUM est\u00e1 haciendo un esfuerzo muy grande, el Soyem est\u00e1 colaborando con nosotros y el Girsu, pero tambi\u00e9n quieren colaborar la Fundaci\u00f3n de Invap, de Arelauquen, porque no deja de ser un tema muy preocupante\u201d, se\u00f1al\u00f3.<\/p>\n<p>Dijo que es tan poco el material que la ARB puede clasificar que se transforma en un problema para ellas (por las mujeres que integran la asociaci\u00f3n) al ver que no hay resultados\u201d.<\/p>\n<p><b>Poco espacio<\/b><\/p>\n<p>Advirti\u00f3 que la celda donde se deposita casi la totalidad de la basura que entra a la planta \u201cest\u00e1 en la etapa final de su vida \u00fatil y vamos a tener que abrir otra celda o crear un nuevo vertedero en la estepa, alejado de la ciudad, lo que significa un nuevo polo de contaminaci\u00f3n\u201d.<\/p>\n<p>Record\u00f3 que la celda que se construy\u00f3 hace 4 a\u00f1os y se proyectaba que tuviera una duraci\u00f3n de varios a\u00f1os, pero con un sistema de separaci\u00f3n en origen bien aceitado.<\/p>\n<p>Dijo que con la enorme cantidad de residuos que recibe todos los d\u00edas el vertedero, \u201cla celda de relleno est\u00e1 cubierta en un noventa por ciento\u201d.<\/p>\n<p>\u201cSi seguimos utilizando las mismas t\u00e9cnicas, que es pr\u00e1cticamente nada, en seis u ocho meses hay que pensar en abrir otra celda\u201d, alert\u00f3.<\/p>\n<p>\u201cHoy, el barilochense que est\u00e1 sacando su bolsa de residuos sin separar a la puerta, en realidad, le estamos trasladando el problema al vertedero\u201d, afirm\u00f3 Motos.<\/p>\n<p>Dijo que es un problema que se manda al patio trasero de la ciudad, donde supuestamente no se ve, \u201cpero el problema est\u00e1 y hay que resolverlo\u201d.<\/p>\n<p>Se\u00f1al\u00f3 que si bien el municipio debe abocarse al tema, no es el que genera, sino el que recibe los residuos. \u201cPor eso, el vecino y los grandes generadores de basura tienen que colaborar\u201d, enfatiz\u00f3. \u201cPorque el problema de la basura es mucho m\u00e1s complejo de lo que parece\u201d, advirti\u00f3 Motos.<\/p>\n<\/div>\n<div class=\"highlight_text ant-text\">Fuente: Por Jorge Villalobos para http:\/\/www.rionegro.com.ar\/bariloche\/solo-se-clasifica-en-origen-el-1-5-de-la-basura-de-bariloche-EG3976655<\/div>\n","protected":false},"excerpt":{"rendered":"<p>BARILOCHE.- Al vertedero municipal entran entre 170 y 200 toneladas de basura por d\u00eda y en temporada alta ese n\u00famero [&hellip;]<\/p>\n","protected":false},"author":2,"featured_media":38836,"comment_status":"open","ping_status":"open","sticky":false,"template":"","format":"standard","meta":{"site-sidebar-layout":"default","site-content-layout":"","ast-site-content-layout":"default","site-content-style":"default","site-sidebar-style":"default","ast-global-header-display":"","ast-banner-title-visibility":"","ast-main-header-display":"","ast-hfb-above-header-display":"","ast-hfb-below-header-display":"","ast-hfb-mobile-header-display":"","site-post-title":"","ast-breadcrumbs-content":"","ast-featured-img":"","footer-sml-layout":"","ast-disable-related-posts":"","theme-transparent-header-meta":"","adv-header-id-meta":"","stick-header-meta":"","header-above-stick-meta":"","header-main-stick-meta":"","header-below-stick-meta":"","astra-migrate-meta-layouts":"default","ast-page-background-enabled":"default","ast-page-background-meta":{"desktop":{"background-color":"var(--ast-global-color-5)","background-image":"","background-repeat":"repeat","background-position":"center center","background-size":"auto","background-attachment":"scroll","background-type":"","background-media":"","overlay-type":"","overlay-color":"","overlay-opacity":"","overlay-gradient":""},"tablet":{"background-color":"","background-image":"","background-repeat":"repeat","background-position":"center center","background-size":"auto","background-attachment":"scroll","background-type":"","background-media":"","overlay-type":"","overlay-color":"","overlay-opacity":"","overlay-gradient":""},"mobile":{"background-color":"","background-image":"","background-repeat":"repeat","background-position":"center center","background-size":"auto","background-attachment":"scroll","background-type":"","background-media":"","overlay-type":"","overlay-color":"","overlay-opacity":"","overlay-gradient":""}},"ast-content-background-meta":{"desktop":{"background-color":"var(--ast-global-color-4)","background-image":"","background-repeat":"repeat","background-position":"center center","background-size":"auto","background-attachment":"scroll","background-type":"","background-media":"","overlay-type":"","overlay-color":"","overlay-opacity":"","overlay-gradient":""},"tablet":{"background-color":"var(--ast-global-color-4)","background-image":"","background-repeat":"repeat","background-position":"center center","background-size":"auto","background-attachment":"scroll","background-type":"","background-media":"","overlay-type":"","overlay-color":"","overlay-opacity":"","overlay-gradient":""},"mobile":{"background-color":"var(--ast-global-color-4)","background-image":"","background-repeat":"repeat","background-position":"center center","background-size":"auto","background-attachment":"scroll","background-type":"","background-media":"","overlay-type":"","overlay-color":"","overlay-opacity":"","overlay-gradient":""}},"footnotes":""},"categories":[46,1],"tags":[],"class_list":["post-38835","post","type-post","status-publish","format-standard","has-post-thumbnail","hentry","category-municipios","category-noticias"],"yoast_head":"<!-- This site is optimized with the Yoast SEO Premium plugin v23.0 (Yoast SEO v27.4) - https:\/\/yoast.com\/product\/yoast-seo-premium-wordpress\/ -->\n<title>S\u00f3lo se clasifica en origen el 1,5% de la basura de Bariloche<\/title>\n<meta name=\"robots\" content=\"index, follow, max-snippet:-1, max-image-preview:large, max-video-preview:-1\" \/>\n<link rel=\"canonical\" href=\"https:\/\/patagoniambiental.com.ar\/info\/solo-se-clasifica-en-origen-el-15-de-la-basura-de-bariloche\/\" \/>\n<meta property=\"og:locale\" content=\"es_ES\" \/>\n<meta property=\"og:type\" content=\"article\" \/>\n<meta property=\"og:title\" content=\"S\u00f3lo se clasifica en origen el 1,5% de la basura de Bariloche\" \/>\n<meta property=\"og:description\" content=\"BARILOCHE.- Al vertedero municipal entran entre 170 y 200 toneladas de basura por d\u00eda y en temporada alta ese n\u00famero [&hellip;]\" \/>\n<meta property=\"og:url\" content=\"https:\/\/patagoniambiental.com.ar\/info\/solo-se-clasifica-en-origen-el-15-de-la-basura-de-bariloche\/\" \/>\n<meta property=\"og:site_name\" content=\"Patagonia Ambiental\" \/>\n<meta property=\"article:publisher\" content=\"https:\/\/www.facebook.com\/patagonia.ambiental\" \/>\n<meta property=\"article:author\" content=\"https:\/\/www.facebook.com\/share\/1C1V8Gv9BX\/?mibextid=qi2Omg\" \/>\n<meta property=\"article:published_time\" content=\"2017-11-27T12:00:19+00:00\" \/>\n<meta property=\"og:image\" content=\"https:\/\/patagoniambiental.com.ar\/info\/wp-content\/uploads\/2017\/11\/vertedero-bariloche.jpg\" \/>\n\t<meta property=\"og:image:width\" content=\"660\" \/>\n\t<meta property=\"og:image:height\" content=\"370\" \/>\n\t<meta property=\"og:image:type\" content=\"image\/jpeg\" \/>\n<meta name=\"author\" content=\"Patagonia Ambiental\" \/>\n<meta name=\"twitter:card\" content=\"summary_large_image\" \/>\n<meta name=\"twitter:creator\" content=\"@PatAmb\" \/>\n<meta name=\"twitter:site\" content=\"@PatAmb\" \/>\n<script type=\"application\/ld+json\" class=\"yoast-schema-graph\">{\"@context\":\"https:\\\/\\\/schema.org\",\"@graph\":[{\"@type\":\"Article\",\"@id\":\"https:\\\/\\\/patagoniambiental.com.ar\\\/info\\\/solo-se-clasifica-en-origen-el-15-de-la-basura-de-bariloche\\\/#article\",\"isPartOf\":{\"@id\":\"https:\\\/\\\/patagoniambiental.com.ar\\\/info\\\/solo-se-clasifica-en-origen-el-15-de-la-basura-de-bariloche\\\/\"},\"author\":{\"name\":\"Patagonia Ambiental\",\"@id\":\"https:\\\/\\\/patagoniambiental.com.ar\\\/info\\\/#\\\/schema\\\/person\\\/db12bff64bbcbf6a253710bf0ea37b5d\"},\"headline\":\"S\u00f3lo se clasifica en origen el 1,5% de la basura de Bariloche\",\"datePublished\":\"2017-11-27T12:00:19+00:00\",\"mainEntityOfPage\":{\"@id\":\"https:\\\/\\\/patagoniambiental.com.ar\\\/info\\\/solo-se-clasifica-en-origen-el-15-de-la-basura-de-bariloche\\\/\"},\"wordCount\":915,\"commentCount\":0,\"publisher\":{\"@id\":\"https:\\\/\\\/patagoniambiental.com.ar\\\/info\\\/#organization\"},\"image\":{\"@id\":\"https:\\\/\\\/patagoniambiental.com.ar\\\/info\\\/solo-se-clasifica-en-origen-el-15-de-la-basura-de-bariloche\\\/#primaryimage\"},\"thumbnailUrl\":\"https:\\\/\\\/patagoniambiental.com.ar\\\/info\\\/wp-content\\\/uploads\\\/2017\\\/11\\\/vertedero-bariloche.jpg\",\"articleSection\":[\"Municipios\",\"Noticias\"],\"inLanguage\":\"es\",\"potentialAction\":[{\"@type\":\"CommentAction\",\"name\":\"Comment\",\"target\":[\"https:\\\/\\\/patagoniambiental.com.ar\\\/info\\\/solo-se-clasifica-en-origen-el-15-de-la-basura-de-bariloche\\\/#respond\"]}]},{\"@type\":\"WebPage\",\"@id\":\"https:\\\/\\\/patagoniambiental.com.ar\\\/info\\\/solo-se-clasifica-en-origen-el-15-de-la-basura-de-bariloche\\\/\",\"url\":\"https:\\\/\\\/patagoniambiental.com.ar\\\/info\\\/solo-se-clasifica-en-origen-el-15-de-la-basura-de-bariloche\\\/\",\"name\":\"S\u00f3lo se clasifica en origen el 1,5% de la basura de Bariloche\",\"isPartOf\":{\"@id\":\"https:\\\/\\\/patagoniambiental.com.ar\\\/info\\\/#website\"},\"primaryImageOfPage\":{\"@id\":\"https:\\\/\\\/patagoniambiental.com.ar\\\/info\\\/solo-se-clasifica-en-origen-el-15-de-la-basura-de-bariloche\\\/#primaryimage\"},\"image\":{\"@id\":\"https:\\\/\\\/patagoniambiental.com.ar\\\/info\\\/solo-se-clasifica-en-origen-el-15-de-la-basura-de-bariloche\\\/#primaryimage\"},\"thumbnailUrl\":\"https:\\\/\\\/patagoniambiental.com.ar\\\/info\\\/wp-content\\\/uploads\\\/2017\\\/11\\\/vertedero-bariloche.jpg\",\"datePublished\":\"2017-11-27T12:00:19+00:00\",\"breadcrumb\":{\"@id\":\"https:\\\/\\\/patagoniambiental.com.ar\\\/info\\\/solo-se-clasifica-en-origen-el-15-de-la-basura-de-bariloche\\\/#breadcrumb\"},\"inLanguage\":\"es\",\"potentialAction\":[{\"@type\":\"ReadAction\",\"target\":[\"https:\\\/\\\/patagoniambiental.com.ar\\\/info\\\/solo-se-clasifica-en-origen-el-15-de-la-basura-de-bariloche\\\/\"]}]},{\"@type\":\"ImageObject\",\"inLanguage\":\"es\",\"@id\":\"https:\\\/\\\/patagoniambiental.com.ar\\\/info\\\/solo-se-clasifica-en-origen-el-15-de-la-basura-de-bariloche\\\/#primaryimage\",\"url\":\"https:\\\/\\\/patagoniambiental.com.ar\\\/info\\\/wp-content\\\/uploads\\\/2017\\\/11\\\/vertedero-bariloche.jpg\",\"contentUrl\":\"https:\\\/\\\/patagoniambiental.com.ar\\\/info\\\/wp-content\\\/uploads\\\/2017\\\/11\\\/vertedero-bariloche.jpg\",\"width\":660,\"height\":370,\"caption\":\"Foto Alfredo Leiva\"},{\"@type\":\"BreadcrumbList\",\"@id\":\"https:\\\/\\\/patagoniambiental.com.ar\\\/info\\\/solo-se-clasifica-en-origen-el-15-de-la-basura-de-bariloche\\\/#breadcrumb\",\"itemListElement\":[{\"@type\":\"ListItem\",\"position\":1,\"name\":\"Inicio\",\"item\":\"https:\\\/\\\/patagoniambiental.com.ar\\\/info\\\/\"},{\"@type\":\"ListItem\",\"position\":2,\"name\":\"S\u00f3lo se clasifica en origen el 1,5% de la basura de Bariloche\"}]},{\"@type\":\"WebSite\",\"@id\":\"https:\\\/\\\/patagoniambiental.com.ar\\\/info\\\/#website\",\"url\":\"https:\\\/\\\/patagoniambiental.com.ar\\\/info\\\/\",\"name\":\"Patagonia Ambiental\",\"description\":\"Monitoreo y an\u00e1lisis de la situaci\u00f3n geopol\u00edtica en el mundo y su implicancia en la Patagonia\",\"publisher\":{\"@id\":\"https:\\\/\\\/patagoniambiental.com.ar\\\/info\\\/#organization\"},\"potentialAction\":[{\"@type\":\"SearchAction\",\"target\":{\"@type\":\"EntryPoint\",\"urlTemplate\":\"https:\\\/\\\/patagoniambiental.com.ar\\\/info\\\/?s={search_term_string}\"},\"query-input\":{\"@type\":\"PropertyValueSpecification\",\"valueRequired\":true,\"valueName\":\"search_term_string\"}}],\"inLanguage\":\"es\"},{\"@type\":\"Organization\",\"@id\":\"https:\\\/\\\/patagoniambiental.com.ar\\\/info\\\/#organization\",\"name\":\"Patagonia Ambiental\",\"url\":\"https:\\\/\\\/patagoniambiental.com.ar\\\/info\\\/\",\"logo\":{\"@type\":\"ImageObject\",\"inLanguage\":\"es\",\"@id\":\"https:\\\/\\\/patagoniambiental.com.ar\\\/info\\\/#\\\/schema\\\/logo\\\/image\\\/\",\"url\":\"https:\\\/\\\/patagoniambiental.com.ar\\\/info\\\/wp-content\\\/uploads\\\/2025\\\/05\\\/LOGO-PATAGONIA-AMBIENTAL.png\",\"contentUrl\":\"https:\\\/\\\/patagoniambiental.com.ar\\\/info\\\/wp-content\\\/uploads\\\/2025\\\/05\\\/LOGO-PATAGONIA-AMBIENTAL.png\",\"width\":433,\"height\":250,\"caption\":\"Patagonia Ambiental\"},\"image\":{\"@id\":\"https:\\\/\\\/patagoniambiental.com.ar\\\/info\\\/#\\\/schema\\\/logo\\\/image\\\/\"},\"sameAs\":[\"https:\\\/\\\/www.facebook.com\\\/patagonia.ambiental\",\"https:\\\/\\\/x.com\\\/PatAmb\"]},{\"@type\":\"Person\",\"@id\":\"https:\\\/\\\/patagoniambiental.com.ar\\\/info\\\/#\\\/schema\\\/person\\\/db12bff64bbcbf6a253710bf0ea37b5d\",\"name\":\"Patagonia Ambiental\",\"description\":\"Andr\u00e9s Nievas T\u00e9cnico en manejo ambiental, consultor Ambiental y escritor para medios locales e internacionales sobre temas de geopolitica y medio ambiente.\",\"sameAs\":[\"http:\\\/\\\/www.patagoniambiental.com.ar\",\"https:\\\/\\\/www.facebook.com\\\/share\\\/1C1V8Gv9BX\\\/?mibextid=qi2Omg\",\"@patagoniambiental\",\"https:\\\/\\\/youtube.com\\\/@patagoniaambiental2023?si=BLt58t0wuXquxlYZ\"]}]}<\/script>\n<!-- \/ Yoast SEO Premium plugin. -->","yoast_head_json":{"title":"S\u00f3lo se clasifica en origen el 1,5% de la basura de Bariloche","robots":{"index":"index","follow":"follow","max-snippet":"max-snippet:-1","max-image-preview":"max-image-preview:large","max-video-preview":"max-video-preview:-1"},"canonical":"https:\/\/patagoniambiental.com.ar\/info\/solo-se-clasifica-en-origen-el-15-de-la-basura-de-bariloche\/","og_locale":"es_ES","og_type":"article","og_title":"S\u00f3lo se clasifica en origen el 1,5% de la basura de Bariloche","og_description":"BARILOCHE.- Al vertedero municipal entran entre 170 y 200 toneladas de basura por d\u00eda y en temporada alta ese n\u00famero [&hellip;]","og_url":"https:\/\/patagoniambiental.com.ar\/info\/solo-se-clasifica-en-origen-el-15-de-la-basura-de-bariloche\/","og_site_name":"Patagonia Ambiental","article_publisher":"https:\/\/www.facebook.com\/patagonia.ambiental","article_author":"https:\/\/www.facebook.com\/share\/1C1V8Gv9BX\/?mibextid=qi2Omg","article_published_time":"2017-11-27T12:00:19+00:00","og_image":[{"width":660,"height":370,"url":"https:\/\/patagoniambiental.com.ar\/info\/wp-content\/uploads\/2017\/11\/vertedero-bariloche.jpg","type":"image\/jpeg"}],"author":"Patagonia Ambiental","twitter_card":"summary_large_image","twitter_creator":"@PatAmb","twitter_site":"@PatAmb","schema":{"@context":"https:\/\/schema.org","@graph":[{"@type":"Article","@id":"https:\/\/patagoniambiental.com.ar\/info\/solo-se-clasifica-en-origen-el-15-de-la-basura-de-bariloche\/#article","isPartOf":{"@id":"https:\/\/patagoniambiental.com.ar\/info\/solo-se-clasifica-en-origen-el-15-de-la-basura-de-bariloche\/"},"author":{"name":"Patagonia Ambiental","@id":"https:\/\/patagoniambiental.com.ar\/info\/#\/schema\/person\/db12bff64bbcbf6a253710bf0ea37b5d"},"headline":"S\u00f3lo se clasifica en origen el 1,5% de la basura de Bariloche","datePublished":"2017-11-27T12:00:19+00:00","mainEntityOfPage":{"@id":"https:\/\/patagoniambiental.com.ar\/info\/solo-se-clasifica-en-origen-el-15-de-la-basura-de-bariloche\/"},"wordCount":915,"commentCount":0,"publisher":{"@id":"https:\/\/patagoniambiental.com.ar\/info\/#organization"},"image":{"@id":"https:\/\/patagoniambiental.com.ar\/info\/solo-se-clasifica-en-origen-el-15-de-la-basura-de-bariloche\/#primaryimage"},"thumbnailUrl":"https:\/\/patagoniambiental.com.ar\/info\/wp-content\/uploads\/2017\/11\/vertedero-bariloche.jpg","articleSection":["Municipios","Noticias"],"inLanguage":"es","potentialAction":[{"@type":"CommentAction","name":"Comment","target":["https:\/\/patagoniambiental.com.ar\/info\/solo-se-clasifica-en-origen-el-15-de-la-basura-de-bariloche\/#respond"]}]},{"@type":"WebPage","@id":"https:\/\/patagoniambiental.com.ar\/info\/solo-se-clasifica-en-origen-el-15-de-la-basura-de-bariloche\/","url":"https:\/\/patagoniambiental.com.ar\/info\/solo-se-clasifica-en-origen-el-15-de-la-basura-de-bariloche\/","name":"S\u00f3lo se clasifica en origen el 1,5% de la basura de Bariloche","isPartOf":{"@id":"https:\/\/patagoniambiental.com.ar\/info\/#website"},"primaryImageOfPage":{"@id":"https:\/\/patagoniambiental.com.ar\/info\/solo-se-clasifica-en-origen-el-15-de-la-basura-de-bariloche\/#primaryimage"},"image":{"@id":"https:\/\/patagoniambiental.com.ar\/info\/solo-se-clasifica-en-origen-el-15-de-la-basura-de-bariloche\/#primaryimage"},"thumbnailUrl":"https:\/\/patagoniambiental.com.ar\/info\/wp-content\/uploads\/2017\/11\/vertedero-bariloche.jpg","datePublished":"2017-11-27T12:00:19+00:00","breadcrumb":{"@id":"https:\/\/patagoniambiental.com.ar\/info\/solo-se-clasifica-en-origen-el-15-de-la-basura-de-bariloche\/#breadcrumb"},"inLanguage":"es","potentialAction":[{"@type":"ReadAction","target":["https:\/\/patagoniambiental.com.ar\/info\/solo-se-clasifica-en-origen-el-15-de-la-basura-de-bariloche\/"]}]},{"@type":"ImageObject","inLanguage":"es","@id":"https:\/\/patagoniambiental.com.ar\/info\/solo-se-clasifica-en-origen-el-15-de-la-basura-de-bariloche\/#primaryimage","url":"https:\/\/patagoniambiental.com.ar\/info\/wp-content\/uploads\/2017\/11\/vertedero-bariloche.jpg","contentUrl":"https:\/\/patagoniambiental.com.ar\/info\/wp-content\/uploads\/2017\/11\/vertedero-bariloche.jpg","width":660,"height":370,"caption":"Foto Alfredo Leiva"},{"@type":"BreadcrumbList","@id":"https:\/\/patagoniambiental.com.ar\/info\/solo-se-clasifica-en-origen-el-15-de-la-basura-de-bariloche\/#breadcrumb","itemListElement":[{"@type":"ListItem","position":1,"name":"Inicio","item":"https:\/\/patagoniambiental.com.ar\/info\/"},{"@type":"ListItem","position":2,"name":"S\u00f3lo se clasifica en origen el 1,5% de la basura de Bariloche"}]},{"@type":"WebSite","@id":"https:\/\/patagoniambiental.com.ar\/info\/#website","url":"https:\/\/patagoniambiental.com.ar\/info\/","name":"Patagonia Ambiental","description":"Monitoreo y an\u00e1lisis de la situaci\u00f3n geopol\u00edtica en el mundo y su implicancia en la Patagonia","publisher":{"@id":"https:\/\/patagoniambiental.com.ar\/info\/#organization"},"potentialAction":[{"@type":"SearchAction","target":{"@type":"EntryPoint","urlTemplate":"https:\/\/patagoniambiental.com.ar\/info\/?s={search_term_string}"},"query-input":{"@type":"PropertyValueSpecification","valueRequired":true,"valueName":"search_term_string"}}],"inLanguage":"es"},{"@type":"Organization","@id":"https:\/\/patagoniambiental.com.ar\/info\/#organization","name":"Patagonia Ambiental","url":"https:\/\/patagoniambiental.com.ar\/info\/","logo":{"@type":"ImageObject","inLanguage":"es","@id":"https:\/\/patagoniambiental.com.ar\/info\/#\/schema\/logo\/image\/","url":"https:\/\/patagoniambiental.com.ar\/info\/wp-content\/uploads\/2025\/05\/LOGO-PATAGONIA-AMBIENTAL.png","contentUrl":"https:\/\/patagoniambiental.com.ar\/info\/wp-content\/uploads\/2025\/05\/LOGO-PATAGONIA-AMBIENTAL.png","width":433,"height":250,"caption":"Patagonia Ambiental"},"image":{"@id":"https:\/\/patagoniambiental.com.ar\/info\/#\/schema\/logo\/image\/"},"sameAs":["https:\/\/www.facebook.com\/patagonia.ambiental","https:\/\/x.com\/PatAmb"]},{"@type":"Person","@id":"https:\/\/patagoniambiental.com.ar\/info\/#\/schema\/person\/db12bff64bbcbf6a253710bf0ea37b5d","name":"Patagonia Ambiental","description":"Andr\u00e9s Nievas T\u00e9cnico en manejo ambiental, consultor Ambiental y escritor para medios locales e internacionales sobre temas de geopolitica y medio ambiente.","sameAs":["http:\/\/www.patagoniambiental.com.ar","https:\/\/www.facebook.com\/share\/1C1V8Gv9BX\/?mibextid=qi2Omg","@patagoniambiental","https:\/\/youtube.com\/@patagoniaambiental2023?si=BLt58t0wuXquxlYZ"]}]}},"_links":{"self":[{"href":"https:\/\/patagoniambiental.com.ar\/info\/wp-json\/wp\/v2\/posts\/38835","targetHints":{"allow":["GET"]}}],"collection":[{"href":"https:\/\/patagoniambiental.com.ar\/info\/wp-json\/wp\/v2\/posts"}],"about":[{"href":"https:\/\/patagoniambiental.com.ar\/info\/wp-json\/wp\/v2\/types\/post"}],"author":[{"embeddable":true,"href":"https:\/\/patagoniambiental.com.ar\/info\/wp-json\/wp\/v2\/users\/2"}],"replies":[{"embeddable":true,"href":"https:\/\/patagoniambiental.com.ar\/info\/wp-json\/wp\/v2\/comments?post=38835"}],"version-history":[{"count":0,"href":"https:\/\/patagoniambiental.com.ar\/info\/wp-json\/wp\/v2\/posts\/38835\/revisions"}],"wp:featuredmedia":[{"embeddable":true,"href":"https:\/\/patagoniambiental.com.ar\/info\/wp-json\/wp\/v2\/media\/38836"}],"wp:attachment":[{"href":"https:\/\/patagoniambiental.com.ar\/info\/wp-json\/wp\/v2\/media?parent=38835"}],"wp:term":[{"taxonomy":"category","embeddable":true,"href":"https:\/\/patagoniambiental.com.ar\/info\/wp-json\/wp\/v2\/categories?post=38835"},{"taxonomy":"post_tag","embeddable":true,"href":"https:\/\/patagoniambiental.com.ar\/info\/wp-json\/wp\/v2\/tags?post=38835"}],"curies":[{"name":"wp","href":"https:\/\/api.w.org\/{rel}","templated":true}]}}