{"id":38863,"date":"2017-11-27T19:00:12","date_gmt":"2017-11-27T22:00:12","guid":{"rendered":"http:\/\/patagoniambiental.com.ar\/info\/?p=38863"},"modified":"2017-11-27T13:40:16","modified_gmt":"2017-11-27T16:40:16","slug":"esta-madrugada-el-ara-islas-malvinas-partio-de-ushuaia-en-busca-del-submarino","status":"publish","type":"post","link":"https:\/\/patagoniambiental.com.ar\/info\/esta-madrugada-el-ara-islas-malvinas-partio-de-ushuaia-en-busca-del-submarino\/","title":{"rendered":"ESTA MADRUGADA  El ARA Islas Malvinas parti\u00f3 de Ushuaia en busca del submarino"},"content":{"rendered":"<div class=\"f-right\">\n<p>Comodoro Rivadavia.-Lo confirm\u00f3 hace instantes el vocero de la Armada, capit\u00e1n Enrique Balbi. Se dirigir\u00e1 rumbo a Comodoro Rivadavia, donde se espera cargue equipamiento del avi\u00f3n ruso Antonov y lo traslade hacia la zona de b\u00fasqueda. Se cumplen este lunes 12 d\u00edas de la desaparici\u00f3n de la nave, con 44 tripulantes a bordo.<\/p>\n<\/div>\n<p><!--more--><\/p>\n<div class=\"w620 noborde\"><\/div>\n<div class=\"caja\">\n<div class=\"fotonota floatLeft mb20 cycle-slideshow\" style=\"margin-bottom: 20px !important; position: relative; background-color: #000000;\" data-cycle-fx=\"scrollHorz\" data-cycle-timeout=\"0\" data-cycle-prev=\"#foto-ant\" data-cycle-next=\"#foto-sig\" data-cycle-slides=\"&gt; .item\">\n<div class=\"item cycle-slide cycle-sentinel\"><a class=\"gal_fotonota cboxElement\" title=\"SUBMARINO, NUEVO PARTE. Balbi sostuvo que el aviso Islas Malvinas estar\u00eda arribando a destino este mi\u00e9rcoles, y se lo cargar\u00eda con un equipo ruso que permite rastrillar a 1000 metros de profundidad (F: Archivo).\" href=\"http:\/\/www.infofueguina.com\/u\/fotografias\/fotosnoticias\/2017\/11\/27\/37996.jpg\"><img decoding=\"async\" src=\"http:\/\/www.infofueguina.com\/u\/fotografias\/m\/2017\/11\/27\/f620x350-37996_69014_11.jpg\" alt=\"El ARA Islas Malvinas parti\u00f3 de Ushuaia en busca del submarino\" \/><\/a><\/div>\n<p class=\"epigrafe\">SUBMARINO, NUEVO PARTE. Balbi sostuvo que el aviso Islas Malvinas estar\u00eda arribando a destino este mi\u00e9rcoles, y se lo cargar\u00eda con un equipo ruso que permite rastrillar a 1000 metros de profundidad (F: Archivo).<\/p>\n<\/div>\n<div id=\"noticiaint\">\n<div class=\"w300\">\n<div class=\"notas_relacionadas\">\n<div class=\"cabezal\">NOTAS RELACIONADAS<\/div>\n<ul>\n<li><a href=\"http:\/\/www.infofueguina.com\/el-pais\/2017\/11\/26\/increible-historia-tripulante-bajo-ushuaia-viajo-jujuy-25870.html\">La incre\u00edble historia del tripulante 45 que se baj\u00f3 en Ushuaia y viaj\u00f3 a Jujuy (26\/11\/2017)<\/a><\/li>\n<li><a href=\"http:\/\/www.infofueguina.com\/tu-ciudad\/ushuaia\/2017\/11\/24\/ushuaia-misa-plegaria-tripulantes-juan-25853.html\">Ushuaia: Misa y plegaria por los 44 tripulantes del ARA San Juan (24\/11\/2017)<\/a><\/li>\n<li><a href=\"http:\/\/www.infofueguina.com\/tu-ciudad\/ushuaia\/2017\/11\/24\/arcando-afirmo-submarino-todo-perfectamente-normal-25848.html\">Arcando afirm\u00f3 que en el submarino \u00abtodo era perfectamente normal\u00bb (24\/11\/2017)<\/a><\/li>\n<\/ul>\n<\/div>\n<\/div>\n<div id=\"txtcontenido\">\n<p>El buque aviso A.R.A. Islas Malvinas parti\u00f3 -esta madrugada- desde la Base Naval de Ushuaia con destino Comodoro Rivadavia, donde participar\u00e1 del mancomunado e hist\u00f3rico operativo de b\u00fasqueda del submarino ARA San Juan, desaparecido desde el 15 de noviembre \u00faltimo.<\/p>\n<p>&nbsp;<\/p>\n<p>El nav\u00edo de la Armada arrib\u00f3 hace 24 horas\u00a0a la capital fueguina\u00a0proveniente de la Ant\u00e1rtida,\u00a0donde carg\u00f3 combustible y se reabasteci\u00f3 de provisiones, para emprender rumbo hacia el puerto chubutense.\u00a0Seg\u00fan afirm\u00f3 el vocero Enrique Balbi, se espera que, una vez en destino,\u00a0el nav\u00edo sea consolidado con importante equipamiento tecnol\u00f3gico, arribado d\u00edas atr\u00e1s al pa\u00eds a bordo de\u00a0la gigante aeronave rusa Antonov.<\/p>\n<p>&nbsp;<\/p>\n<p>En el \u00faltimo parte emitido -hace instantes- por el capit\u00e1n de la Armada Argentina, la noticia fue,\u00a0una vez m\u00e1s, que \u00abno hay novedades\u00bb\u00a0y que\u00a0\u00ab<strong>a\u00fan no se pudo localizar el submarino\u00bb<\/strong>. Las tareas de b\u00fasqueda ya suman m\u00e1s de 15 buques y una treintena de aviones de todo el mundo. En estos momentos, el operativo est\u00e1 concentrado\u00a0en una reducida \u00e1rea de 74 kil\u00f3metros cuadrados, circunscripta en la zona donde se registr\u00f3 el presunto\u00a0<strong>\u00abevento an\u00f3malo consistente en una explosi\u00f3n\u00bb.<\/strong><\/p>\n<p>Fuente:\u00a0http:\/\/www.infofueguina.com\/tu-ciudad\/ushuaia\/2017\/11\/27\/islas-malvinas-partio-ushuaia-busca-submarino-25886.html<\/p>\n<\/div>\n<\/div>\n<\/div>\n","protected":false},"excerpt":{"rendered":"<p>Comodoro Rivadavia.-Lo confirm\u00f3 hace instantes el vocero de la Armada, capit\u00e1n Enrique Balbi. Se dirigir\u00e1 rumbo a Comodoro Rivadavia, donde [&hellip;]<\/p>\n","protected":false},"author":2,"featured_media":38864,"comment_status":"open","ping_status":"open","sticky":false,"template":"","format":"standard","meta":{"site-sidebar-layout":"default","site-content-layout":"","ast-site-content-layout":"default","site-content-style":"default","site-sidebar-style":"default","ast-global-header-display":"","ast-banner-title-visibility":"","ast-main-header-display":"","ast-hfb-above-header-display":"","ast-hfb-below-header-display":"","ast-hfb-mobile-header-display":"","site-post-title":"","ast-breadcrumbs-content":"","ast-featured-img":"","footer-sml-layout":"","ast-disable-related-posts":"","theme-transparent-header-meta":"","adv-header-id-meta":"","stick-header-meta":"","header-above-stick-meta":"","header-main-stick-meta":"","header-below-stick-meta":"","astra-migrate-meta-layouts":"default","ast-page-background-enabled":"default","ast-page-background-meta":{"desktop":{"background-color":"var(--ast-global-color-5)","background-image":"","background-repeat":"repeat","background-position":"center center","background-size":"auto","background-attachment":"scroll","background-type":"","background-media":"","overlay-type":"","overlay-color":"","overlay-opacity":"","overlay-gradient":""},"tablet":{"background-color":"","background-image":"","background-repeat":"repeat","background-position":"center center","background-size":"auto","background-attachment":"scroll","background-type":"","background-media":"","overlay-type":"","overlay-color":"","overlay-opacity":"","overlay-gradient":""},"mobile":{"background-color":"","background-image":"","background-repeat":"repeat","background-position":"center center","background-size":"auto","background-attachment":"scroll","background-type":"","background-media":"","overlay-type":"","overlay-color":"","overlay-opacity":"","overlay-gradient":""}},"ast-content-background-meta":{"desktop":{"background-color":"var(--ast-global-color-4)","background-image":"","background-repeat":"repeat","background-position":"center center","background-size":"auto","background-attachment":"scroll","background-type":"","background-media":"","overlay-type":"","overlay-color":"","overlay-opacity":"","overlay-gradient":""},"tablet":{"background-color":"var(--ast-global-color-4)","background-image":"","background-repeat":"repeat","background-position":"center center","background-size":"auto","background-attachment":"scroll","background-type":"","background-media":"","overlay-type":"","overlay-color":"","overlay-opacity":"","overlay-gradient":""},"mobile":{"background-color":"var(--ast-global-color-4)","background-image":"","background-repeat":"repeat","background-position":"center center","background-size":"auto","background-attachment":"scroll","background-type":"","background-media":"","overlay-type":"","overlay-color":"","overlay-opacity":"","overlay-gradient":""}},"footnotes":""},"categories":[23,1],"tags":[],"class_list":["post-38863","post","type-post","status-publish","format-standard","has-post-thumbnail","hentry","category-internacionales","category-noticias"],"yoast_head":"<!-- This site is optimized with the Yoast SEO Premium plugin v23.0 (Yoast SEO v27.4) - https:\/\/yoast.com\/product\/yoast-seo-premium-wordpress\/ -->\n<title>ESTA MADRUGADA El ARA Islas Malvinas parti\u00f3 de Ushuaia en busca del submarino<\/title>\n<meta name=\"robots\" content=\"index, follow, max-snippet:-1, max-image-preview:large, max-video-preview:-1\" \/>\n<link rel=\"canonical\" href=\"https:\/\/patagoniambiental.com.ar\/info\/esta-madrugada-el-ara-islas-malvinas-partio-de-ushuaia-en-busca-del-submarino\/\" \/>\n<meta property=\"og:locale\" content=\"es_ES\" \/>\n<meta property=\"og:type\" content=\"article\" \/>\n<meta property=\"og:title\" content=\"ESTA MADRUGADA El ARA Islas Malvinas parti\u00f3 de Ushuaia en busca del submarino\" \/>\n<meta property=\"og:description\" content=\"Comodoro Rivadavia.-Lo confirm\u00f3 hace instantes el vocero de la Armada, capit\u00e1n Enrique Balbi. Se dirigir\u00e1 rumbo a Comodoro Rivadavia, donde [&hellip;]\" \/>\n<meta property=\"og:url\" content=\"https:\/\/patagoniambiental.com.ar\/info\/esta-madrugada-el-ara-islas-malvinas-partio-de-ushuaia-en-busca-del-submarino\/\" \/>\n<meta property=\"og:site_name\" content=\"Patagonia Ambiental\" \/>\n<meta property=\"article:publisher\" content=\"https:\/\/www.facebook.com\/patagonia.ambiental\" \/>\n<meta property=\"article:author\" content=\"https:\/\/www.facebook.com\/share\/1C1V8Gv9BX\/?mibextid=qi2Omg\" \/>\n<meta property=\"article:published_time\" content=\"2017-11-27T22:00:12+00:00\" \/>\n<meta property=\"og:image\" content=\"https:\/\/patagoniambiental.com.ar\/info\/wp-content\/uploads\/2017\/11\/f620x350-37996_69014_11.jpg\" \/>\n\t<meta property=\"og:image:width\" content=\"620\" \/>\n\t<meta property=\"og:image:height\" content=\"349\" \/>\n\t<meta property=\"og:image:type\" content=\"image\/jpeg\" \/>\n<meta name=\"author\" content=\"Patagonia Ambiental\" \/>\n<meta name=\"twitter:card\" content=\"summary_large_image\" \/>\n<meta name=\"twitter:creator\" content=\"@PatAmb\" \/>\n<meta name=\"twitter:site\" content=\"@PatAmb\" \/>\n<script type=\"application\/ld+json\" class=\"yoast-schema-graph\">{\"@context\":\"https:\\\/\\\/schema.org\",\"@graph\":[{\"@type\":\"Article\",\"@id\":\"https:\\\/\\\/patagoniambiental.com.ar\\\/info\\\/esta-madrugada-el-ara-islas-malvinas-partio-de-ushuaia-en-busca-del-submarino\\\/#article\",\"isPartOf\":{\"@id\":\"https:\\\/\\\/patagoniambiental.com.ar\\\/info\\\/esta-madrugada-el-ara-islas-malvinas-partio-de-ushuaia-en-busca-del-submarino\\\/\"},\"author\":{\"name\":\"Patagonia Ambiental\",\"@id\":\"https:\\\/\\\/patagoniambiental.com.ar\\\/info\\\/#\\\/schema\\\/person\\\/db12bff64bbcbf6a253710bf0ea37b5d\"},\"headline\":\"ESTA MADRUGADA El ARA Islas Malvinas parti\u00f3 de Ushuaia en busca del submarino\",\"datePublished\":\"2017-11-27T22:00:12+00:00\",\"mainEntityOfPage\":{\"@id\":\"https:\\\/\\\/patagoniambiental.com.ar\\\/info\\\/esta-madrugada-el-ara-islas-malvinas-partio-de-ushuaia-en-busca-del-submarino\\\/\"},\"wordCount\":359,\"commentCount\":0,\"publisher\":{\"@id\":\"https:\\\/\\\/patagoniambiental.com.ar\\\/info\\\/#organization\"},\"image\":{\"@id\":\"https:\\\/\\\/patagoniambiental.com.ar\\\/info\\\/esta-madrugada-el-ara-islas-malvinas-partio-de-ushuaia-en-busca-del-submarino\\\/#primaryimage\"},\"thumbnailUrl\":\"https:\\\/\\\/patagoniambiental.com.ar\\\/info\\\/wp-content\\\/uploads\\\/2017\\\/11\\\/f620x350-37996_69014_11.jpg\",\"articleSection\":[\"Internacionales\",\"Noticias\"],\"inLanguage\":\"es\",\"potentialAction\":[{\"@type\":\"CommentAction\",\"name\":\"Comment\",\"target\":[\"https:\\\/\\\/patagoniambiental.com.ar\\\/info\\\/esta-madrugada-el-ara-islas-malvinas-partio-de-ushuaia-en-busca-del-submarino\\\/#respond\"]}]},{\"@type\":\"WebPage\",\"@id\":\"https:\\\/\\\/patagoniambiental.com.ar\\\/info\\\/esta-madrugada-el-ara-islas-malvinas-partio-de-ushuaia-en-busca-del-submarino\\\/\",\"url\":\"https:\\\/\\\/patagoniambiental.com.ar\\\/info\\\/esta-madrugada-el-ara-islas-malvinas-partio-de-ushuaia-en-busca-del-submarino\\\/\",\"name\":\"ESTA MADRUGADA El ARA Islas Malvinas parti\u00f3 de Ushuaia en busca del submarino\",\"isPartOf\":{\"@id\":\"https:\\\/\\\/patagoniambiental.com.ar\\\/info\\\/#website\"},\"primaryImageOfPage\":{\"@id\":\"https:\\\/\\\/patagoniambiental.com.ar\\\/info\\\/esta-madrugada-el-ara-islas-malvinas-partio-de-ushuaia-en-busca-del-submarino\\\/#primaryimage\"},\"image\":{\"@id\":\"https:\\\/\\\/patagoniambiental.com.ar\\\/info\\\/esta-madrugada-el-ara-islas-malvinas-partio-de-ushuaia-en-busca-del-submarino\\\/#primaryimage\"},\"thumbnailUrl\":\"https:\\\/\\\/patagoniambiental.com.ar\\\/info\\\/wp-content\\\/uploads\\\/2017\\\/11\\\/f620x350-37996_69014_11.jpg\",\"datePublished\":\"2017-11-27T22:00:12+00:00\",\"breadcrumb\":{\"@id\":\"https:\\\/\\\/patagoniambiental.com.ar\\\/info\\\/esta-madrugada-el-ara-islas-malvinas-partio-de-ushuaia-en-busca-del-submarino\\\/#breadcrumb\"},\"inLanguage\":\"es\",\"potentialAction\":[{\"@type\":\"ReadAction\",\"target\":[\"https:\\\/\\\/patagoniambiental.com.ar\\\/info\\\/esta-madrugada-el-ara-islas-malvinas-partio-de-ushuaia-en-busca-del-submarino\\\/\"]}]},{\"@type\":\"ImageObject\",\"inLanguage\":\"es\",\"@id\":\"https:\\\/\\\/patagoniambiental.com.ar\\\/info\\\/esta-madrugada-el-ara-islas-malvinas-partio-de-ushuaia-en-busca-del-submarino\\\/#primaryimage\",\"url\":\"https:\\\/\\\/patagoniambiental.com.ar\\\/info\\\/wp-content\\\/uploads\\\/2017\\\/11\\\/f620x350-37996_69014_11.jpg\",\"contentUrl\":\"https:\\\/\\\/patagoniambiental.com.ar\\\/info\\\/wp-content\\\/uploads\\\/2017\\\/11\\\/f620x350-37996_69014_11.jpg\",\"width\":620,\"height\":349},{\"@type\":\"BreadcrumbList\",\"@id\":\"https:\\\/\\\/patagoniambiental.com.ar\\\/info\\\/esta-madrugada-el-ara-islas-malvinas-partio-de-ushuaia-en-busca-del-submarino\\\/#breadcrumb\",\"itemListElement\":[{\"@type\":\"ListItem\",\"position\":1,\"name\":\"Inicio\",\"item\":\"https:\\\/\\\/patagoniambiental.com.ar\\\/info\\\/\"},{\"@type\":\"ListItem\",\"position\":2,\"name\":\"ESTA MADRUGADA El ARA Islas Malvinas parti\u00f3 de Ushuaia en busca del submarino\"}]},{\"@type\":\"WebSite\",\"@id\":\"https:\\\/\\\/patagoniambiental.com.ar\\\/info\\\/#website\",\"url\":\"https:\\\/\\\/patagoniambiental.com.ar\\\/info\\\/\",\"name\":\"Patagonia Ambiental\",\"description\":\"Monitoreo y an\u00e1lisis de la situaci\u00f3n geopol\u00edtica en el mundo y su implicancia en la Patagonia\",\"publisher\":{\"@id\":\"https:\\\/\\\/patagoniambiental.com.ar\\\/info\\\/#organization\"},\"potentialAction\":[{\"@type\":\"SearchAction\",\"target\":{\"@type\":\"EntryPoint\",\"urlTemplate\":\"https:\\\/\\\/patagoniambiental.com.ar\\\/info\\\/?s={search_term_string}\"},\"query-input\":{\"@type\":\"PropertyValueSpecification\",\"valueRequired\":true,\"valueName\":\"search_term_string\"}}],\"inLanguage\":\"es\"},{\"@type\":\"Organization\",\"@id\":\"https:\\\/\\\/patagoniambiental.com.ar\\\/info\\\/#organization\",\"name\":\"Patagonia Ambiental\",\"url\":\"https:\\\/\\\/patagoniambiental.com.ar\\\/info\\\/\",\"logo\":{\"@type\":\"ImageObject\",\"inLanguage\":\"es\",\"@id\":\"https:\\\/\\\/patagoniambiental.com.ar\\\/info\\\/#\\\/schema\\\/logo\\\/image\\\/\",\"url\":\"https:\\\/\\\/patagoniambiental.com.ar\\\/info\\\/wp-content\\\/uploads\\\/2025\\\/05\\\/LOGO-PATAGONIA-AMBIENTAL.png\",\"contentUrl\":\"https:\\\/\\\/patagoniambiental.com.ar\\\/info\\\/wp-content\\\/uploads\\\/2025\\\/05\\\/LOGO-PATAGONIA-AMBIENTAL.png\",\"width\":433,\"height\":250,\"caption\":\"Patagonia Ambiental\"},\"image\":{\"@id\":\"https:\\\/\\\/patagoniambiental.com.ar\\\/info\\\/#\\\/schema\\\/logo\\\/image\\\/\"},\"sameAs\":[\"https:\\\/\\\/www.facebook.com\\\/patagonia.ambiental\",\"https:\\\/\\\/x.com\\\/PatAmb\"]},{\"@type\":\"Person\",\"@id\":\"https:\\\/\\\/patagoniambiental.com.ar\\\/info\\\/#\\\/schema\\\/person\\\/db12bff64bbcbf6a253710bf0ea37b5d\",\"name\":\"Patagonia Ambiental\",\"description\":\"Andr\u00e9s Nievas T\u00e9cnico en manejo ambiental, consultor Ambiental y escritor para medios locales e internacionales sobre temas de geopolitica y medio ambiente.\",\"sameAs\":[\"http:\\\/\\\/www.patagoniambiental.com.ar\",\"https:\\\/\\\/www.facebook.com\\\/share\\\/1C1V8Gv9BX\\\/?mibextid=qi2Omg\",\"@patagoniambiental\",\"https:\\\/\\\/youtube.com\\\/@patagoniaambiental2023?si=BLt58t0wuXquxlYZ\"]}]}<\/script>\n<!-- \/ Yoast SEO Premium plugin. -->","yoast_head_json":{"title":"ESTA MADRUGADA El ARA Islas Malvinas parti\u00f3 de Ushuaia en busca del submarino","robots":{"index":"index","follow":"follow","max-snippet":"max-snippet:-1","max-image-preview":"max-image-preview:large","max-video-preview":"max-video-preview:-1"},"canonical":"https:\/\/patagoniambiental.com.ar\/info\/esta-madrugada-el-ara-islas-malvinas-partio-de-ushuaia-en-busca-del-submarino\/","og_locale":"es_ES","og_type":"article","og_title":"ESTA MADRUGADA El ARA Islas Malvinas parti\u00f3 de Ushuaia en busca del submarino","og_description":"Comodoro Rivadavia.-Lo confirm\u00f3 hace instantes el vocero de la Armada, capit\u00e1n Enrique Balbi. Se dirigir\u00e1 rumbo a Comodoro Rivadavia, donde [&hellip;]","og_url":"https:\/\/patagoniambiental.com.ar\/info\/esta-madrugada-el-ara-islas-malvinas-partio-de-ushuaia-en-busca-del-submarino\/","og_site_name":"Patagonia Ambiental","article_publisher":"https:\/\/www.facebook.com\/patagonia.ambiental","article_author":"https:\/\/www.facebook.com\/share\/1C1V8Gv9BX\/?mibextid=qi2Omg","article_published_time":"2017-11-27T22:00:12+00:00","og_image":[{"width":620,"height":349,"url":"https:\/\/patagoniambiental.com.ar\/info\/wp-content\/uploads\/2017\/11\/f620x350-37996_69014_11.jpg","type":"image\/jpeg"}],"author":"Patagonia Ambiental","twitter_card":"summary_large_image","twitter_creator":"@PatAmb","twitter_site":"@PatAmb","schema":{"@context":"https:\/\/schema.org","@graph":[{"@type":"Article","@id":"https:\/\/patagoniambiental.com.ar\/info\/esta-madrugada-el-ara-islas-malvinas-partio-de-ushuaia-en-busca-del-submarino\/#article","isPartOf":{"@id":"https:\/\/patagoniambiental.com.ar\/info\/esta-madrugada-el-ara-islas-malvinas-partio-de-ushuaia-en-busca-del-submarino\/"},"author":{"name":"Patagonia Ambiental","@id":"https:\/\/patagoniambiental.com.ar\/info\/#\/schema\/person\/db12bff64bbcbf6a253710bf0ea37b5d"},"headline":"ESTA MADRUGADA El ARA Islas Malvinas parti\u00f3 de Ushuaia en busca del submarino","datePublished":"2017-11-27T22:00:12+00:00","mainEntityOfPage":{"@id":"https:\/\/patagoniambiental.com.ar\/info\/esta-madrugada-el-ara-islas-malvinas-partio-de-ushuaia-en-busca-del-submarino\/"},"wordCount":359,"commentCount":0,"publisher":{"@id":"https:\/\/patagoniambiental.com.ar\/info\/#organization"},"image":{"@id":"https:\/\/patagoniambiental.com.ar\/info\/esta-madrugada-el-ara-islas-malvinas-partio-de-ushuaia-en-busca-del-submarino\/#primaryimage"},"thumbnailUrl":"https:\/\/patagoniambiental.com.ar\/info\/wp-content\/uploads\/2017\/11\/f620x350-37996_69014_11.jpg","articleSection":["Internacionales","Noticias"],"inLanguage":"es","potentialAction":[{"@type":"CommentAction","name":"Comment","target":["https:\/\/patagoniambiental.com.ar\/info\/esta-madrugada-el-ara-islas-malvinas-partio-de-ushuaia-en-busca-del-submarino\/#respond"]}]},{"@type":"WebPage","@id":"https:\/\/patagoniambiental.com.ar\/info\/esta-madrugada-el-ara-islas-malvinas-partio-de-ushuaia-en-busca-del-submarino\/","url":"https:\/\/patagoniambiental.com.ar\/info\/esta-madrugada-el-ara-islas-malvinas-partio-de-ushuaia-en-busca-del-submarino\/","name":"ESTA MADRUGADA El ARA Islas Malvinas parti\u00f3 de Ushuaia en busca del submarino","isPartOf":{"@id":"https:\/\/patagoniambiental.com.ar\/info\/#website"},"primaryImageOfPage":{"@id":"https:\/\/patagoniambiental.com.ar\/info\/esta-madrugada-el-ara-islas-malvinas-partio-de-ushuaia-en-busca-del-submarino\/#primaryimage"},"image":{"@id":"https:\/\/patagoniambiental.com.ar\/info\/esta-madrugada-el-ara-islas-malvinas-partio-de-ushuaia-en-busca-del-submarino\/#primaryimage"},"thumbnailUrl":"https:\/\/patagoniambiental.com.ar\/info\/wp-content\/uploads\/2017\/11\/f620x350-37996_69014_11.jpg","datePublished":"2017-11-27T22:00:12+00:00","breadcrumb":{"@id":"https:\/\/patagoniambiental.com.ar\/info\/esta-madrugada-el-ara-islas-malvinas-partio-de-ushuaia-en-busca-del-submarino\/#breadcrumb"},"inLanguage":"es","potentialAction":[{"@type":"ReadAction","target":["https:\/\/patagoniambiental.com.ar\/info\/esta-madrugada-el-ara-islas-malvinas-partio-de-ushuaia-en-busca-del-submarino\/"]}]},{"@type":"ImageObject","inLanguage":"es","@id":"https:\/\/patagoniambiental.com.ar\/info\/esta-madrugada-el-ara-islas-malvinas-partio-de-ushuaia-en-busca-del-submarino\/#primaryimage","url":"https:\/\/patagoniambiental.com.ar\/info\/wp-content\/uploads\/2017\/11\/f620x350-37996_69014_11.jpg","contentUrl":"https:\/\/patagoniambiental.com.ar\/info\/wp-content\/uploads\/2017\/11\/f620x350-37996_69014_11.jpg","width":620,"height":349},{"@type":"BreadcrumbList","@id":"https:\/\/patagoniambiental.com.ar\/info\/esta-madrugada-el-ara-islas-malvinas-partio-de-ushuaia-en-busca-del-submarino\/#breadcrumb","itemListElement":[{"@type":"ListItem","position":1,"name":"Inicio","item":"https:\/\/patagoniambiental.com.ar\/info\/"},{"@type":"ListItem","position":2,"name":"ESTA MADRUGADA El ARA Islas Malvinas parti\u00f3 de Ushuaia en busca del submarino"}]},{"@type":"WebSite","@id":"https:\/\/patagoniambiental.com.ar\/info\/#website","url":"https:\/\/patagoniambiental.com.ar\/info\/","name":"Patagonia Ambiental","description":"Monitoreo y an\u00e1lisis de la situaci\u00f3n geopol\u00edtica en el mundo y su implicancia en la Patagonia","publisher":{"@id":"https:\/\/patagoniambiental.com.ar\/info\/#organization"},"potentialAction":[{"@type":"SearchAction","target":{"@type":"EntryPoint","urlTemplate":"https:\/\/patagoniambiental.com.ar\/info\/?s={search_term_string}"},"query-input":{"@type":"PropertyValueSpecification","valueRequired":true,"valueName":"search_term_string"}}],"inLanguage":"es"},{"@type":"Organization","@id":"https:\/\/patagoniambiental.com.ar\/info\/#organization","name":"Patagonia Ambiental","url":"https:\/\/patagoniambiental.com.ar\/info\/","logo":{"@type":"ImageObject","inLanguage":"es","@id":"https:\/\/patagoniambiental.com.ar\/info\/#\/schema\/logo\/image\/","url":"https:\/\/patagoniambiental.com.ar\/info\/wp-content\/uploads\/2025\/05\/LOGO-PATAGONIA-AMBIENTAL.png","contentUrl":"https:\/\/patagoniambiental.com.ar\/info\/wp-content\/uploads\/2025\/05\/LOGO-PATAGONIA-AMBIENTAL.png","width":433,"height":250,"caption":"Patagonia Ambiental"},"image":{"@id":"https:\/\/patagoniambiental.com.ar\/info\/#\/schema\/logo\/image\/"},"sameAs":["https:\/\/www.facebook.com\/patagonia.ambiental","https:\/\/x.com\/PatAmb"]},{"@type":"Person","@id":"https:\/\/patagoniambiental.com.ar\/info\/#\/schema\/person\/db12bff64bbcbf6a253710bf0ea37b5d","name":"Patagonia Ambiental","description":"Andr\u00e9s Nievas T\u00e9cnico en manejo ambiental, consultor Ambiental y escritor para medios locales e internacionales sobre temas de geopolitica y medio ambiente.","sameAs":["http:\/\/www.patagoniambiental.com.ar","https:\/\/www.facebook.com\/share\/1C1V8Gv9BX\/?mibextid=qi2Omg","@patagoniambiental","https:\/\/youtube.com\/@patagoniaambiental2023?si=BLt58t0wuXquxlYZ"]}]}},"_links":{"self":[{"href":"https:\/\/patagoniambiental.com.ar\/info\/wp-json\/wp\/v2\/posts\/38863","targetHints":{"allow":["GET"]}}],"collection":[{"href":"https:\/\/patagoniambiental.com.ar\/info\/wp-json\/wp\/v2\/posts"}],"about":[{"href":"https:\/\/patagoniambiental.com.ar\/info\/wp-json\/wp\/v2\/types\/post"}],"author":[{"embeddable":true,"href":"https:\/\/patagoniambiental.com.ar\/info\/wp-json\/wp\/v2\/users\/2"}],"replies":[{"embeddable":true,"href":"https:\/\/patagoniambiental.com.ar\/info\/wp-json\/wp\/v2\/comments?post=38863"}],"version-history":[{"count":0,"href":"https:\/\/patagoniambiental.com.ar\/info\/wp-json\/wp\/v2\/posts\/38863\/revisions"}],"wp:featuredmedia":[{"embeddable":true,"href":"https:\/\/patagoniambiental.com.ar\/info\/wp-json\/wp\/v2\/media\/38864"}],"wp:attachment":[{"href":"https:\/\/patagoniambiental.com.ar\/info\/wp-json\/wp\/v2\/media?parent=38863"}],"wp:term":[{"taxonomy":"category","embeddable":true,"href":"https:\/\/patagoniambiental.com.ar\/info\/wp-json\/wp\/v2\/categories?post=38863"},{"taxonomy":"post_tag","embeddable":true,"href":"https:\/\/patagoniambiental.com.ar\/info\/wp-json\/wp\/v2\/tags?post=38863"}],"curies":[{"name":"wp","href":"https:\/\/api.w.org\/{rel}","templated":true}]}}