{"id":38872,"date":"2017-11-27T19:00:03","date_gmt":"2017-11-27T22:00:03","guid":{"rendered":"http:\/\/patagoniambiental.com.ar\/info\/?p=38872"},"modified":"2017-11-27T15:43:31","modified_gmt":"2017-11-27T18:43:31","slug":"trafico-ilegal-de-fauna-ambiente-mando-a-destruir-jaulas-provenientes-de-allanamientos","status":"publish","type":"post","link":"https:\/\/patagoniambiental.com.ar\/info\/trafico-ilegal-de-fauna-ambiente-mando-a-destruir-jaulas-provenientes-de-allanamientos\/","title":{"rendered":"Tr\u00e1fico ilegal de fauna  Ambiente mand\u00f3 a destruir jaulas provenientes de allanamientos"},"content":{"rendered":"<p class=\"x_MsoNormal\"><i>Viedma.-Las mismas hab\u00edan sido incautadas en los diversos procedimientos realizados en la localidad de Viedma.<\/i><\/p>\n<p class=\"x_MsoNormal\"><!--more--><\/p>\n<p class=\"x_MsoNormal\">La secretaria de Ambiente y Desarrollo Sustentable, Dina Migani, manifest\u00f3 que \u201cdesde la Direcci\u00f3n de Fauna Silvestre y el Cuerpo de Guardafaunas Honorarios, se trabaja permanentemente en la recuperaci\u00f3n, acondicionamiento y liberaci\u00f3n de los ejemplares rescatados,\u00a0\u00a0y desde hace varios meses, estamos actuando sobre uno de los principales focos de distribuci\u00f3n: las redes sociales\u201d.<\/p>\n<p class=\"x_MsoNormal\">Cabe aclarar que dicha acci\u00f3n confiere un delito contemplado en la Ley Nacional de Fauna Silvestre Ley N\u00b0 22.421, por lo que en todos los casos se le da intervenci\u00f3n al juzgado de turno.<\/p>\n<p class=\"x_MsoNormal\">\u201cFruto de este accionar ilegal, muchas especies afrontan situaciones complejas, tal es el caso del Cardenal Amarillo (Gubernatrixcristata) quien se encuentra en peligro de extinci\u00f3n motivado por este accionar delictivo\u201d, explic\u00f3 la funcionaria.<\/p>\n<p class=\"x_MsoNormal\">Es importante destacar que muchos de los ejemplares capturados mueren durante o en los d\u00edas posteriores a su captura, adem\u00e1s que en algunos casos son capturados durante la \u00e9poca reproductiva, por lo que sus pichones mueren por falta de suministro de alimento por parte de los padres, afectando negativamente a las poblaciones de animales y a todo el ecosistema.<\/p>\n<p class=\"x_MsoNormal\">Finalmente, Migani hizo un llamado a la sociedad a reflexionar sobre este accionar, y solicit\u00f3 que \u201cquienes deseen brindar informaci\u00f3n sobre ejemplares de fauna silvestre mantenidos o comercializados de manera ilegal pueden hacerlo a trav\u00e9s del Facebook de la SAyDS o los Guardafaunas Honorarios de Rio Negro, o bien al tel\u00e9fono 2920- 423391\u201d.<\/p>\n<p><b><span lang=\"ES-AR\">Fuente: GOBIERNO DE R\u00cdO NEGRO<\/span><\/b><span lang=\"ES-AR\"><br \/>\nSecretar\u00eda de Medios<\/span><\/p>\n","protected":false},"excerpt":{"rendered":"<p>Viedma.-Las mismas hab\u00edan sido incautadas en los diversos procedimientos realizados en la localidad de Viedma.<\/p>\n","protected":false},"author":2,"featured_media":38873,"comment_status":"open","ping_status":"open","sticky":false,"template":"","format":"standard","meta":{"site-sidebar-layout":"default","site-content-layout":"","ast-site-content-layout":"default","site-content-style":"default","site-sidebar-style":"default","ast-global-header-display":"","ast-banner-title-visibility":"","ast-main-header-display":"","ast-hfb-above-header-display":"","ast-hfb-below-header-display":"","ast-hfb-mobile-header-display":"","site-post-title":"","ast-breadcrumbs-content":"","ast-featured-img":"","footer-sml-layout":"","ast-disable-related-posts":"","theme-transparent-header-meta":"","adv-header-id-meta":"","stick-header-meta":"","header-above-stick-meta":"","header-main-stick-meta":"","header-below-stick-meta":"","astra-migrate-meta-layouts":"default","ast-page-background-enabled":"default","ast-page-background-meta":{"desktop":{"background-color":"var(--ast-global-color-5)","background-image":"","background-repeat":"repeat","background-position":"center center","background-size":"auto","background-attachment":"scroll","background-type":"","background-media":"","overlay-type":"","overlay-color":"","overlay-opacity":"","overlay-gradient":""},"tablet":{"background-color":"","background-image":"","background-repeat":"repeat","background-position":"center center","background-size":"auto","background-attachment":"scroll","background-type":"","background-media":"","overlay-type":"","overlay-color":"","overlay-opacity":"","overlay-gradient":""},"mobile":{"background-color":"","background-image":"","background-repeat":"repeat","background-position":"center center","background-size":"auto","background-attachment":"scroll","background-type":"","background-media":"","overlay-type":"","overlay-color":"","overlay-opacity":"","overlay-gradient":""}},"ast-content-background-meta":{"desktop":{"background-color":"var(--ast-global-color-4)","background-image":"","background-repeat":"repeat","background-position":"center center","background-size":"auto","background-attachment":"scroll","background-type":"","background-media":"","overlay-type":"","overlay-color":"","overlay-opacity":"","overlay-gradient":""},"tablet":{"background-color":"var(--ast-global-color-4)","background-image":"","background-repeat":"repeat","background-position":"center center","background-size":"auto","background-attachment":"scroll","background-type":"","background-media":"","overlay-type":"","overlay-color":"","overlay-opacity":"","overlay-gradient":""},"mobile":{"background-color":"var(--ast-global-color-4)","background-image":"","background-repeat":"repeat","background-position":"center center","background-size":"auto","background-attachment":"scroll","background-type":"","background-media":"","overlay-type":"","overlay-color":"","overlay-opacity":"","overlay-gradient":""}},"footnotes":""},"categories":[1,13,14],"tags":[],"class_list":["post-38872","post","type-post","status-publish","format-standard","has-post-thumbnail","hentry","category-noticias","category-provinciales","category-rio-negro"],"yoast_head":"<!-- This site is optimized with the Yoast SEO Premium plugin v23.0 (Yoast SEO v27.4) - https:\/\/yoast.com\/product\/yoast-seo-premium-wordpress\/ -->\n<title>Tr\u00e1fico ilegal de fauna Ambiente mand\u00f3 a destruir jaulas provenientes de allanamientos<\/title>\n<meta name=\"robots\" content=\"index, follow, max-snippet:-1, max-image-preview:large, max-video-preview:-1\" \/>\n<link rel=\"canonical\" href=\"https:\/\/patagoniambiental.com.ar\/info\/trafico-ilegal-de-fauna-ambiente-mando-a-destruir-jaulas-provenientes-de-allanamientos\/\" \/>\n<meta property=\"og:locale\" content=\"es_ES\" \/>\n<meta property=\"og:type\" content=\"article\" \/>\n<meta property=\"og:title\" content=\"Tr\u00e1fico ilegal de fauna Ambiente mand\u00f3 a destruir jaulas provenientes de allanamientos\" \/>\n<meta property=\"og:description\" content=\"Viedma.-Las mismas hab\u00edan sido incautadas en los diversos procedimientos realizados en la localidad de Viedma.\" \/>\n<meta property=\"og:url\" content=\"https:\/\/patagoniambiental.com.ar\/info\/trafico-ilegal-de-fauna-ambiente-mando-a-destruir-jaulas-provenientes-de-allanamientos\/\" \/>\n<meta property=\"og:site_name\" content=\"Patagonia Ambiental\" \/>\n<meta property=\"article:publisher\" content=\"https:\/\/www.facebook.com\/patagonia.ambiental\" \/>\n<meta property=\"article:author\" content=\"https:\/\/www.facebook.com\/share\/1C1V8Gv9BX\/?mibextid=qi2Omg\" \/>\n<meta property=\"article:published_time\" content=\"2017-11-27T22:00:03+00:00\" \/>\n<meta property=\"og:image\" content=\"https:\/\/patagoniambiental.com.ar\/info\/wp-content\/uploads\/2017\/11\/00032164.jpg\" \/>\n\t<meta property=\"og:image:width\" content=\"924\" \/>\n\t<meta property=\"og:image:height\" content=\"616\" \/>\n\t<meta property=\"og:image:type\" content=\"image\/jpeg\" \/>\n<meta name=\"author\" content=\"Patagonia Ambiental\" \/>\n<meta name=\"twitter:card\" content=\"summary_large_image\" \/>\n<meta name=\"twitter:creator\" content=\"@PatAmb\" \/>\n<meta name=\"twitter:site\" content=\"@PatAmb\" \/>\n<script type=\"application\/ld+json\" class=\"yoast-schema-graph\">{\"@context\":\"https:\\\/\\\/schema.org\",\"@graph\":[{\"@type\":\"Article\",\"@id\":\"https:\\\/\\\/patagoniambiental.com.ar\\\/info\\\/trafico-ilegal-de-fauna-ambiente-mando-a-destruir-jaulas-provenientes-de-allanamientos\\\/#article\",\"isPartOf\":{\"@id\":\"https:\\\/\\\/patagoniambiental.com.ar\\\/info\\\/trafico-ilegal-de-fauna-ambiente-mando-a-destruir-jaulas-provenientes-de-allanamientos\\\/\"},\"author\":{\"name\":\"Patagonia Ambiental\",\"@id\":\"https:\\\/\\\/patagoniambiental.com.ar\\\/info\\\/#\\\/schema\\\/person\\\/db12bff64bbcbf6a253710bf0ea37b5d\"},\"headline\":\"Tr\u00e1fico ilegal de fauna Ambiente mand\u00f3 a destruir jaulas provenientes de allanamientos\",\"datePublished\":\"2017-11-27T22:00:03+00:00\",\"mainEntityOfPage\":{\"@id\":\"https:\\\/\\\/patagoniambiental.com.ar\\\/info\\\/trafico-ilegal-de-fauna-ambiente-mando-a-destruir-jaulas-provenientes-de-allanamientos\\\/\"},\"wordCount\":283,\"commentCount\":0,\"publisher\":{\"@id\":\"https:\\\/\\\/patagoniambiental.com.ar\\\/info\\\/#organization\"},\"image\":{\"@id\":\"https:\\\/\\\/patagoniambiental.com.ar\\\/info\\\/trafico-ilegal-de-fauna-ambiente-mando-a-destruir-jaulas-provenientes-de-allanamientos\\\/#primaryimage\"},\"thumbnailUrl\":\"https:\\\/\\\/patagoniambiental.com.ar\\\/info\\\/wp-content\\\/uploads\\\/2017\\\/11\\\/00032164.jpg\",\"articleSection\":[\"Noticias\",\"Provinciales\",\"R\u00edo Negro\"],\"inLanguage\":\"es\",\"potentialAction\":[{\"@type\":\"CommentAction\",\"name\":\"Comment\",\"target\":[\"https:\\\/\\\/patagoniambiental.com.ar\\\/info\\\/trafico-ilegal-de-fauna-ambiente-mando-a-destruir-jaulas-provenientes-de-allanamientos\\\/#respond\"]}]},{\"@type\":\"WebPage\",\"@id\":\"https:\\\/\\\/patagoniambiental.com.ar\\\/info\\\/trafico-ilegal-de-fauna-ambiente-mando-a-destruir-jaulas-provenientes-de-allanamientos\\\/\",\"url\":\"https:\\\/\\\/patagoniambiental.com.ar\\\/info\\\/trafico-ilegal-de-fauna-ambiente-mando-a-destruir-jaulas-provenientes-de-allanamientos\\\/\",\"name\":\"Tr\u00e1fico ilegal de fauna Ambiente mand\u00f3 a destruir jaulas provenientes de allanamientos\",\"isPartOf\":{\"@id\":\"https:\\\/\\\/patagoniambiental.com.ar\\\/info\\\/#website\"},\"primaryImageOfPage\":{\"@id\":\"https:\\\/\\\/patagoniambiental.com.ar\\\/info\\\/trafico-ilegal-de-fauna-ambiente-mando-a-destruir-jaulas-provenientes-de-allanamientos\\\/#primaryimage\"},\"image\":{\"@id\":\"https:\\\/\\\/patagoniambiental.com.ar\\\/info\\\/trafico-ilegal-de-fauna-ambiente-mando-a-destruir-jaulas-provenientes-de-allanamientos\\\/#primaryimage\"},\"thumbnailUrl\":\"https:\\\/\\\/patagoniambiental.com.ar\\\/info\\\/wp-content\\\/uploads\\\/2017\\\/11\\\/00032164.jpg\",\"datePublished\":\"2017-11-27T22:00:03+00:00\",\"breadcrumb\":{\"@id\":\"https:\\\/\\\/patagoniambiental.com.ar\\\/info\\\/trafico-ilegal-de-fauna-ambiente-mando-a-destruir-jaulas-provenientes-de-allanamientos\\\/#breadcrumb\"},\"inLanguage\":\"es\",\"potentialAction\":[{\"@type\":\"ReadAction\",\"target\":[\"https:\\\/\\\/patagoniambiental.com.ar\\\/info\\\/trafico-ilegal-de-fauna-ambiente-mando-a-destruir-jaulas-provenientes-de-allanamientos\\\/\"]}]},{\"@type\":\"ImageObject\",\"inLanguage\":\"es\",\"@id\":\"https:\\\/\\\/patagoniambiental.com.ar\\\/info\\\/trafico-ilegal-de-fauna-ambiente-mando-a-destruir-jaulas-provenientes-de-allanamientos\\\/#primaryimage\",\"url\":\"https:\\\/\\\/patagoniambiental.com.ar\\\/info\\\/wp-content\\\/uploads\\\/2017\\\/11\\\/00032164.jpg\",\"contentUrl\":\"https:\\\/\\\/patagoniambiental.com.ar\\\/info\\\/wp-content\\\/uploads\\\/2017\\\/11\\\/00032164.jpg\",\"width\":900,\"height\":600},{\"@type\":\"BreadcrumbList\",\"@id\":\"https:\\\/\\\/patagoniambiental.com.ar\\\/info\\\/trafico-ilegal-de-fauna-ambiente-mando-a-destruir-jaulas-provenientes-de-allanamientos\\\/#breadcrumb\",\"itemListElement\":[{\"@type\":\"ListItem\",\"position\":1,\"name\":\"Inicio\",\"item\":\"https:\\\/\\\/patagoniambiental.com.ar\\\/info\\\/\"},{\"@type\":\"ListItem\",\"position\":2,\"name\":\"Tr\u00e1fico ilegal de fauna Ambiente mand\u00f3 a destruir jaulas provenientes de allanamientos\"}]},{\"@type\":\"WebSite\",\"@id\":\"https:\\\/\\\/patagoniambiental.com.ar\\\/info\\\/#website\",\"url\":\"https:\\\/\\\/patagoniambiental.com.ar\\\/info\\\/\",\"name\":\"Patagonia Ambiental\",\"description\":\"Monitoreo y an\u00e1lisis de la situaci\u00f3n geopol\u00edtica en el mundo y su implicancia en la Patagonia\",\"publisher\":{\"@id\":\"https:\\\/\\\/patagoniambiental.com.ar\\\/info\\\/#organization\"},\"potentialAction\":[{\"@type\":\"SearchAction\",\"target\":{\"@type\":\"EntryPoint\",\"urlTemplate\":\"https:\\\/\\\/patagoniambiental.com.ar\\\/info\\\/?s={search_term_string}\"},\"query-input\":{\"@type\":\"PropertyValueSpecification\",\"valueRequired\":true,\"valueName\":\"search_term_string\"}}],\"inLanguage\":\"es\"},{\"@type\":\"Organization\",\"@id\":\"https:\\\/\\\/patagoniambiental.com.ar\\\/info\\\/#organization\",\"name\":\"Patagonia Ambiental\",\"url\":\"https:\\\/\\\/patagoniambiental.com.ar\\\/info\\\/\",\"logo\":{\"@type\":\"ImageObject\",\"inLanguage\":\"es\",\"@id\":\"https:\\\/\\\/patagoniambiental.com.ar\\\/info\\\/#\\\/schema\\\/logo\\\/image\\\/\",\"url\":\"https:\\\/\\\/patagoniambiental.com.ar\\\/info\\\/wp-content\\\/uploads\\\/2025\\\/05\\\/LOGO-PATAGONIA-AMBIENTAL.png\",\"contentUrl\":\"https:\\\/\\\/patagoniambiental.com.ar\\\/info\\\/wp-content\\\/uploads\\\/2025\\\/05\\\/LOGO-PATAGONIA-AMBIENTAL.png\",\"width\":433,\"height\":250,\"caption\":\"Patagonia Ambiental\"},\"image\":{\"@id\":\"https:\\\/\\\/patagoniambiental.com.ar\\\/info\\\/#\\\/schema\\\/logo\\\/image\\\/\"},\"sameAs\":[\"https:\\\/\\\/www.facebook.com\\\/patagonia.ambiental\",\"https:\\\/\\\/x.com\\\/PatAmb\"]},{\"@type\":\"Person\",\"@id\":\"https:\\\/\\\/patagoniambiental.com.ar\\\/info\\\/#\\\/schema\\\/person\\\/db12bff64bbcbf6a253710bf0ea37b5d\",\"name\":\"Patagonia Ambiental\",\"description\":\"Andr\u00e9s Nievas T\u00e9cnico en manejo ambiental, consultor Ambiental y escritor para medios locales e internacionales sobre temas de geopolitica y medio ambiente.\",\"sameAs\":[\"http:\\\/\\\/www.patagoniambiental.com.ar\",\"https:\\\/\\\/www.facebook.com\\\/share\\\/1C1V8Gv9BX\\\/?mibextid=qi2Omg\",\"@patagoniambiental\",\"https:\\\/\\\/youtube.com\\\/@patagoniaambiental2023?si=BLt58t0wuXquxlYZ\"]}]}<\/script>\n<!-- \/ Yoast SEO Premium plugin. -->","yoast_head_json":{"title":"Tr\u00e1fico ilegal de fauna Ambiente mand\u00f3 a destruir jaulas provenientes de allanamientos","robots":{"index":"index","follow":"follow","max-snippet":"max-snippet:-1","max-image-preview":"max-image-preview:large","max-video-preview":"max-video-preview:-1"},"canonical":"https:\/\/patagoniambiental.com.ar\/info\/trafico-ilegal-de-fauna-ambiente-mando-a-destruir-jaulas-provenientes-de-allanamientos\/","og_locale":"es_ES","og_type":"article","og_title":"Tr\u00e1fico ilegal de fauna Ambiente mand\u00f3 a destruir jaulas provenientes de allanamientos","og_description":"Viedma.-Las mismas hab\u00edan sido incautadas en los diversos procedimientos realizados en la localidad de Viedma.","og_url":"https:\/\/patagoniambiental.com.ar\/info\/trafico-ilegal-de-fauna-ambiente-mando-a-destruir-jaulas-provenientes-de-allanamientos\/","og_site_name":"Patagonia Ambiental","article_publisher":"https:\/\/www.facebook.com\/patagonia.ambiental","article_author":"https:\/\/www.facebook.com\/share\/1C1V8Gv9BX\/?mibextid=qi2Omg","article_published_time":"2017-11-27T22:00:03+00:00","og_image":[{"width":924,"height":616,"url":"https:\/\/patagoniambiental.com.ar\/info\/wp-content\/uploads\/2017\/11\/00032164.jpg","type":"image\/jpeg"}],"author":"Patagonia Ambiental","twitter_card":"summary_large_image","twitter_creator":"@PatAmb","twitter_site":"@PatAmb","schema":{"@context":"https:\/\/schema.org","@graph":[{"@type":"Article","@id":"https:\/\/patagoniambiental.com.ar\/info\/trafico-ilegal-de-fauna-ambiente-mando-a-destruir-jaulas-provenientes-de-allanamientos\/#article","isPartOf":{"@id":"https:\/\/patagoniambiental.com.ar\/info\/trafico-ilegal-de-fauna-ambiente-mando-a-destruir-jaulas-provenientes-de-allanamientos\/"},"author":{"name":"Patagonia Ambiental","@id":"https:\/\/patagoniambiental.com.ar\/info\/#\/schema\/person\/db12bff64bbcbf6a253710bf0ea37b5d"},"headline":"Tr\u00e1fico ilegal de fauna Ambiente mand\u00f3 a destruir jaulas provenientes de allanamientos","datePublished":"2017-11-27T22:00:03+00:00","mainEntityOfPage":{"@id":"https:\/\/patagoniambiental.com.ar\/info\/trafico-ilegal-de-fauna-ambiente-mando-a-destruir-jaulas-provenientes-de-allanamientos\/"},"wordCount":283,"commentCount":0,"publisher":{"@id":"https:\/\/patagoniambiental.com.ar\/info\/#organization"},"image":{"@id":"https:\/\/patagoniambiental.com.ar\/info\/trafico-ilegal-de-fauna-ambiente-mando-a-destruir-jaulas-provenientes-de-allanamientos\/#primaryimage"},"thumbnailUrl":"https:\/\/patagoniambiental.com.ar\/info\/wp-content\/uploads\/2017\/11\/00032164.jpg","articleSection":["Noticias","Provinciales","R\u00edo Negro"],"inLanguage":"es","potentialAction":[{"@type":"CommentAction","name":"Comment","target":["https:\/\/patagoniambiental.com.ar\/info\/trafico-ilegal-de-fauna-ambiente-mando-a-destruir-jaulas-provenientes-de-allanamientos\/#respond"]}]},{"@type":"WebPage","@id":"https:\/\/patagoniambiental.com.ar\/info\/trafico-ilegal-de-fauna-ambiente-mando-a-destruir-jaulas-provenientes-de-allanamientos\/","url":"https:\/\/patagoniambiental.com.ar\/info\/trafico-ilegal-de-fauna-ambiente-mando-a-destruir-jaulas-provenientes-de-allanamientos\/","name":"Tr\u00e1fico ilegal de fauna Ambiente mand\u00f3 a destruir jaulas provenientes de allanamientos","isPartOf":{"@id":"https:\/\/patagoniambiental.com.ar\/info\/#website"},"primaryImageOfPage":{"@id":"https:\/\/patagoniambiental.com.ar\/info\/trafico-ilegal-de-fauna-ambiente-mando-a-destruir-jaulas-provenientes-de-allanamientos\/#primaryimage"},"image":{"@id":"https:\/\/patagoniambiental.com.ar\/info\/trafico-ilegal-de-fauna-ambiente-mando-a-destruir-jaulas-provenientes-de-allanamientos\/#primaryimage"},"thumbnailUrl":"https:\/\/patagoniambiental.com.ar\/info\/wp-content\/uploads\/2017\/11\/00032164.jpg","datePublished":"2017-11-27T22:00:03+00:00","breadcrumb":{"@id":"https:\/\/patagoniambiental.com.ar\/info\/trafico-ilegal-de-fauna-ambiente-mando-a-destruir-jaulas-provenientes-de-allanamientos\/#breadcrumb"},"inLanguage":"es","potentialAction":[{"@type":"ReadAction","target":["https:\/\/patagoniambiental.com.ar\/info\/trafico-ilegal-de-fauna-ambiente-mando-a-destruir-jaulas-provenientes-de-allanamientos\/"]}]},{"@type":"ImageObject","inLanguage":"es","@id":"https:\/\/patagoniambiental.com.ar\/info\/trafico-ilegal-de-fauna-ambiente-mando-a-destruir-jaulas-provenientes-de-allanamientos\/#primaryimage","url":"https:\/\/patagoniambiental.com.ar\/info\/wp-content\/uploads\/2017\/11\/00032164.jpg","contentUrl":"https:\/\/patagoniambiental.com.ar\/info\/wp-content\/uploads\/2017\/11\/00032164.jpg","width":900,"height":600},{"@type":"BreadcrumbList","@id":"https:\/\/patagoniambiental.com.ar\/info\/trafico-ilegal-de-fauna-ambiente-mando-a-destruir-jaulas-provenientes-de-allanamientos\/#breadcrumb","itemListElement":[{"@type":"ListItem","position":1,"name":"Inicio","item":"https:\/\/patagoniambiental.com.ar\/info\/"},{"@type":"ListItem","position":2,"name":"Tr\u00e1fico ilegal de fauna Ambiente mand\u00f3 a destruir jaulas provenientes de allanamientos"}]},{"@type":"WebSite","@id":"https:\/\/patagoniambiental.com.ar\/info\/#website","url":"https:\/\/patagoniambiental.com.ar\/info\/","name":"Patagonia Ambiental","description":"Monitoreo y an\u00e1lisis de la situaci\u00f3n geopol\u00edtica en el mundo y su implicancia en la Patagonia","publisher":{"@id":"https:\/\/patagoniambiental.com.ar\/info\/#organization"},"potentialAction":[{"@type":"SearchAction","target":{"@type":"EntryPoint","urlTemplate":"https:\/\/patagoniambiental.com.ar\/info\/?s={search_term_string}"},"query-input":{"@type":"PropertyValueSpecification","valueRequired":true,"valueName":"search_term_string"}}],"inLanguage":"es"},{"@type":"Organization","@id":"https:\/\/patagoniambiental.com.ar\/info\/#organization","name":"Patagonia Ambiental","url":"https:\/\/patagoniambiental.com.ar\/info\/","logo":{"@type":"ImageObject","inLanguage":"es","@id":"https:\/\/patagoniambiental.com.ar\/info\/#\/schema\/logo\/image\/","url":"https:\/\/patagoniambiental.com.ar\/info\/wp-content\/uploads\/2025\/05\/LOGO-PATAGONIA-AMBIENTAL.png","contentUrl":"https:\/\/patagoniambiental.com.ar\/info\/wp-content\/uploads\/2025\/05\/LOGO-PATAGONIA-AMBIENTAL.png","width":433,"height":250,"caption":"Patagonia Ambiental"},"image":{"@id":"https:\/\/patagoniambiental.com.ar\/info\/#\/schema\/logo\/image\/"},"sameAs":["https:\/\/www.facebook.com\/patagonia.ambiental","https:\/\/x.com\/PatAmb"]},{"@type":"Person","@id":"https:\/\/patagoniambiental.com.ar\/info\/#\/schema\/person\/db12bff64bbcbf6a253710bf0ea37b5d","name":"Patagonia Ambiental","description":"Andr\u00e9s Nievas T\u00e9cnico en manejo ambiental, consultor Ambiental y escritor para medios locales e internacionales sobre temas de geopolitica y medio ambiente.","sameAs":["http:\/\/www.patagoniambiental.com.ar","https:\/\/www.facebook.com\/share\/1C1V8Gv9BX\/?mibextid=qi2Omg","@patagoniambiental","https:\/\/youtube.com\/@patagoniaambiental2023?si=BLt58t0wuXquxlYZ"]}]}},"_links":{"self":[{"href":"https:\/\/patagoniambiental.com.ar\/info\/wp-json\/wp\/v2\/posts\/38872","targetHints":{"allow":["GET"]}}],"collection":[{"href":"https:\/\/patagoniambiental.com.ar\/info\/wp-json\/wp\/v2\/posts"}],"about":[{"href":"https:\/\/patagoniambiental.com.ar\/info\/wp-json\/wp\/v2\/types\/post"}],"author":[{"embeddable":true,"href":"https:\/\/patagoniambiental.com.ar\/info\/wp-json\/wp\/v2\/users\/2"}],"replies":[{"embeddable":true,"href":"https:\/\/patagoniambiental.com.ar\/info\/wp-json\/wp\/v2\/comments?post=38872"}],"version-history":[{"count":0,"href":"https:\/\/patagoniambiental.com.ar\/info\/wp-json\/wp\/v2\/posts\/38872\/revisions"}],"wp:featuredmedia":[{"embeddable":true,"href":"https:\/\/patagoniambiental.com.ar\/info\/wp-json\/wp\/v2\/media\/38873"}],"wp:attachment":[{"href":"https:\/\/patagoniambiental.com.ar\/info\/wp-json\/wp\/v2\/media?parent=38872"}],"wp:term":[{"taxonomy":"category","embeddable":true,"href":"https:\/\/patagoniambiental.com.ar\/info\/wp-json\/wp\/v2\/categories?post=38872"},{"taxonomy":"post_tag","embeddable":true,"href":"https:\/\/patagoniambiental.com.ar\/info\/wp-json\/wp\/v2\/tags?post=38872"}],"curies":[{"name":"wp","href":"https:\/\/api.w.org\/{rel}","templated":true}]}}