{"id":38946,"date":"2017-11-29T09:00:00","date_gmt":"2017-11-29T12:00:00","guid":{"rendered":"http:\/\/patagoniambiental.com.ar\/info\/?p=38946"},"modified":"2017-11-29T06:45:04","modified_gmt":"2017-11-29T09:45:04","slug":"instalaron-un-solmaforo-en-el-calafate","status":"publish","type":"post","link":"https:\/\/patagoniambiental.com.ar\/info\/instalaron-un-solmaforo-en-el-calafate\/","title":{"rendered":"Instalaron un solm\u00e1foro en El Calafate"},"content":{"rendered":"<p>Est\u00e1 ubicado en la Intendencia del Parque Nacional Los Glaciares. Indica el nivel de radiaci\u00f3n de rayos Ultra Violeta, que afectan la piel de las personas.<\/p>\n<p>La Administraci\u00f3n de Parques Nacionales, a trav\u00e9s del Programa Parques Seguros que depende de la Direcci\u00f3n Nacional de Operaciones, busca impulsar\u00a0 un\u00a0 proyecto de fotoprotecci\u00f3n,\u00a0 para minimizar los riesgos derivados de la sobreexposici\u00f3n a la radiaci\u00f3n UV en las \u00e1reas protegidas.<\/p>\n<p>Es por eso que recientemente, y como prueba piloto, se instal\u00f3 un solm\u00e1foro en el predio de la Intendencia del Parque Nacional Los Glaciares con la idea de que, a partir de una muestra en un parque, se impulse la suscripci\u00f3n de un acuerdo con\u00a0 el Instituto de Investigaciones Cient\u00edficas y T\u00e9cnicas para la Defensa (CITEDEF), en el marco del Convenio existente entre el Ministerio de Defensa y la APN, contando con el apoyo financiero de la Agencia de Cooperaci\u00f3n Internacional del Jap\u00f3n (JICA).<\/p>\n<p><img decoding=\"async\" class=\"img-responsive\" src=\"http:\/\/ahoracalafate.com.ar\/11-2017\/resize_1511909321.jpg\" alt=\"\" \/>Dicho\u00a0 solm\u00e1foro consiste en un instrumento de medici\u00f3n y visualizaci\u00f3n de la radiaci\u00f3n UV erit\u00e9mica. Es decir, aquella que afecta principalmente a la piel de los seres humanos y\u00a0 sirve para difundir medidas de prevenci\u00f3n por sobreexposici\u00f3n.<\/p>\n<p>Est\u00e1 dirigido a todas las personas que practican actividades al aire libre, ya sean recreativas, deportivas o laborales.<\/p>\n<p>El dispositivo utiliza un sensor con una sensibilidad similar a la piel humana que mide continuamente el nivel de radiaci\u00f3n UV-B proveniente del sol, analiza la informaci\u00f3n y de acuerdo con una escala internacionalmente establecida por la Organizaci\u00f3n Mundial de la Salud, enciende luces para indicar el nivel de radiaci\u00f3n incidente y si deber\u00edan tomarse precauciones. Est\u00e1 dirigido a todas las personas que practican actividades al aire libre, ya sean recreativas, deportivas o laborales.<\/p>\n<p><img decoding=\"async\" class=\"img-responsive\" src=\"http:\/\/ahoracalafate.com.ar\/11-2017\/resize_1511909425.jpg\" alt=\"\" \/><\/p>\n<p>Una comisi\u00f3n\u00a0 integrada por representantes de la Agencia de Cooperaci\u00f3n Internacional del Jap\u00f3n, consultores externos, expertos y profesores de la Universidad de Nagoya, acompa\u00f1ados del coordinador de la JICA en Argentina, Sr. Yuji Misu, el evaluador externo Sr. Jorge Reyna y Mat\u00edas Paniagua,\u00a0 t\u00e9cnico que instal\u00f3 el dispositivo, visitaron la Intendencia del Parque para ver en funcionamiento el solm\u00e1foro y mantuvieron una peque\u00f1a reuni\u00f3n con personal del \u00e1rea protegida.<\/p>\n<p>La comisi\u00f3n qued\u00f3 gratamente sorprendida por el imponente jard\u00edn que rodea nuestro predio y\u00a0 la gran cantidad de visitantes de todas partes del mundo que recorren nuestras instalaciones, siendo el solm\u00e1foro un nuevo atractivo del lugar.\u00a0 Posteriormente, y para finalizar la misi\u00f3n, visitaron el Glaciar Perito Moreno.<\/p>\n<p><img decoding=\"async\" class=\"img-responsive\" src=\"http:\/\/ahoracalafate.com.ar\/11-2017\/resize_1511909470.jpg\" alt=\"\" \/><\/p>\n<div class=\"fb-like fb_iframe_widget\"><\/div>\n<div>Fuente:\u00a0http:\/\/ahoracalafate.com.ar\/nota\/7728\/instalaron-un-solmaforo-en-el-calafate<\/div>\n","protected":false},"excerpt":{"rendered":"<p>Est\u00e1 ubicado en la Intendencia del Parque Nacional Los Glaciares. Indica el nivel de radiaci\u00f3n de rayos Ultra Violeta, que [&hellip;]<\/p>\n","protected":false},"author":2,"featured_media":38947,"comment_status":"open","ping_status":"open","sticky":false,"template":"","format":"standard","meta":{"site-sidebar-layout":"default","site-content-layout":"","ast-site-content-layout":"default","site-content-style":"default","site-sidebar-style":"default","ast-global-header-display":"","ast-banner-title-visibility":"","ast-main-header-display":"","ast-hfb-above-header-display":"","ast-hfb-below-header-display":"","ast-hfb-mobile-header-display":"","site-post-title":"","ast-breadcrumbs-content":"","ast-featured-img":"","footer-sml-layout":"","ast-disable-related-posts":"","theme-transparent-header-meta":"","adv-header-id-meta":"","stick-header-meta":"","header-above-stick-meta":"","header-main-stick-meta":"","header-below-stick-meta":"","astra-migrate-meta-layouts":"default","ast-page-background-enabled":"default","ast-page-background-meta":{"desktop":{"background-color":"var(--ast-global-color-5)","background-image":"","background-repeat":"repeat","background-position":"center center","background-size":"auto","background-attachment":"scroll","background-type":"","background-media":"","overlay-type":"","overlay-color":"","overlay-opacity":"","overlay-gradient":""},"tablet":{"background-color":"","background-image":"","background-repeat":"repeat","background-position":"center center","background-size":"auto","background-attachment":"scroll","background-type":"","background-media":"","overlay-type":"","overlay-color":"","overlay-opacity":"","overlay-gradient":""},"mobile":{"background-color":"","background-image":"","background-repeat":"repeat","background-position":"center center","background-size":"auto","background-attachment":"scroll","background-type":"","background-media":"","overlay-type":"","overlay-color":"","overlay-opacity":"","overlay-gradient":""}},"ast-content-background-meta":{"desktop":{"background-color":"var(--ast-global-color-4)","background-image":"","background-repeat":"repeat","background-position":"center center","background-size":"auto","background-attachment":"scroll","background-type":"","background-media":"","overlay-type":"","overlay-color":"","overlay-opacity":"","overlay-gradient":""},"tablet":{"background-color":"var(--ast-global-color-4)","background-image":"","background-repeat":"repeat","background-position":"center center","background-size":"auto","background-attachment":"scroll","background-type":"","background-media":"","overlay-type":"","overlay-color":"","overlay-opacity":"","overlay-gradient":""},"mobile":{"background-color":"var(--ast-global-color-4)","background-image":"","background-repeat":"repeat","background-position":"center center","background-size":"auto","background-attachment":"scroll","background-type":"","background-media":"","overlay-type":"","overlay-color":"","overlay-opacity":"","overlay-gradient":""}},"footnotes":""},"categories":[46,1,10],"tags":[],"class_list":["post-38946","post","type-post","status-publish","format-standard","has-post-thumbnail","hentry","category-municipios","category-noticias","category-rotador"],"yoast_head":"<!-- This site is optimized with the Yoast SEO Premium plugin v23.0 (Yoast SEO v27.4) - https:\/\/yoast.com\/product\/yoast-seo-premium-wordpress\/ -->\n<title>Instalaron un solm\u00e1foro en El Calafate<\/title>\n<meta name=\"robots\" content=\"index, follow, max-snippet:-1, max-image-preview:large, max-video-preview:-1\" \/>\n<link rel=\"canonical\" href=\"https:\/\/patagoniambiental.com.ar\/info\/instalaron-un-solmaforo-en-el-calafate\/\" \/>\n<meta property=\"og:locale\" content=\"es_ES\" \/>\n<meta property=\"og:type\" content=\"article\" \/>\n<meta property=\"og:title\" content=\"Instalaron un solm\u00e1foro en El Calafate\" \/>\n<meta property=\"og:description\" content=\"Est\u00e1 ubicado en la Intendencia del Parque Nacional Los Glaciares. Indica el nivel de radiaci\u00f3n de rayos Ultra Violeta, que [&hellip;]\" \/>\n<meta property=\"og:url\" content=\"https:\/\/patagoniambiental.com.ar\/info\/instalaron-un-solmaforo-en-el-calafate\/\" \/>\n<meta property=\"og:site_name\" content=\"Patagonia Ambiental\" \/>\n<meta property=\"article:publisher\" content=\"https:\/\/www.facebook.com\/patagonia.ambiental\" \/>\n<meta property=\"article:author\" content=\"https:\/\/www.facebook.com\/share\/1C1V8Gv9BX\/?mibextid=qi2Omg\" \/>\n<meta property=\"article:published_time\" content=\"2017-11-29T12:00:00+00:00\" \/>\n<meta property=\"og:image\" content=\"https:\/\/patagoniambiental.com.ar\/info\/wp-content\/uploads\/2017\/11\/solmaforo.jpg\" \/>\n\t<meta property=\"og:image:width\" content=\"800\" \/>\n\t<meta property=\"og:image:height\" content=\"485\" \/>\n\t<meta property=\"og:image:type\" content=\"image\/jpeg\" \/>\n<meta name=\"author\" content=\"Patagonia Ambiental\" \/>\n<meta name=\"twitter:card\" content=\"summary_large_image\" \/>\n<meta name=\"twitter:creator\" content=\"@PatAmb\" \/>\n<meta name=\"twitter:site\" content=\"@PatAmb\" \/>\n<script type=\"application\/ld+json\" class=\"yoast-schema-graph\">{\"@context\":\"https:\\\/\\\/schema.org\",\"@graph\":[{\"@type\":\"Article\",\"@id\":\"https:\\\/\\\/patagoniambiental.com.ar\\\/info\\\/instalaron-un-solmaforo-en-el-calafate\\\/#article\",\"isPartOf\":{\"@id\":\"https:\\\/\\\/patagoniambiental.com.ar\\\/info\\\/instalaron-un-solmaforo-en-el-calafate\\\/\"},\"author\":{\"name\":\"Patagonia Ambiental\",\"@id\":\"https:\\\/\\\/patagoniambiental.com.ar\\\/info\\\/#\\\/schema\\\/person\\\/db12bff64bbcbf6a253710bf0ea37b5d\"},\"headline\":\"Instalaron un solm\u00e1foro en El Calafate\",\"datePublished\":\"2017-11-29T12:00:00+00:00\",\"mainEntityOfPage\":{\"@id\":\"https:\\\/\\\/patagoniambiental.com.ar\\\/info\\\/instalaron-un-solmaforo-en-el-calafate\\\/\"},\"wordCount\":448,\"commentCount\":0,\"publisher\":{\"@id\":\"https:\\\/\\\/patagoniambiental.com.ar\\\/info\\\/#organization\"},\"image\":{\"@id\":\"https:\\\/\\\/patagoniambiental.com.ar\\\/info\\\/instalaron-un-solmaforo-en-el-calafate\\\/#primaryimage\"},\"thumbnailUrl\":\"https:\\\/\\\/patagoniambiental.com.ar\\\/info\\\/wp-content\\\/uploads\\\/2017\\\/11\\\/solmaforo.jpg\",\"articleSection\":[\"Municipios\",\"Noticias\",\"Rotador\"],\"inLanguage\":\"es\",\"potentialAction\":[{\"@type\":\"CommentAction\",\"name\":\"Comment\",\"target\":[\"https:\\\/\\\/patagoniambiental.com.ar\\\/info\\\/instalaron-un-solmaforo-en-el-calafate\\\/#respond\"]}]},{\"@type\":\"WebPage\",\"@id\":\"https:\\\/\\\/patagoniambiental.com.ar\\\/info\\\/instalaron-un-solmaforo-en-el-calafate\\\/\",\"url\":\"https:\\\/\\\/patagoniambiental.com.ar\\\/info\\\/instalaron-un-solmaforo-en-el-calafate\\\/\",\"name\":\"Instalaron un solm\u00e1foro en El Calafate\",\"isPartOf\":{\"@id\":\"https:\\\/\\\/patagoniambiental.com.ar\\\/info\\\/#website\"},\"primaryImageOfPage\":{\"@id\":\"https:\\\/\\\/patagoniambiental.com.ar\\\/info\\\/instalaron-un-solmaforo-en-el-calafate\\\/#primaryimage\"},\"image\":{\"@id\":\"https:\\\/\\\/patagoniambiental.com.ar\\\/info\\\/instalaron-un-solmaforo-en-el-calafate\\\/#primaryimage\"},\"thumbnailUrl\":\"https:\\\/\\\/patagoniambiental.com.ar\\\/info\\\/wp-content\\\/uploads\\\/2017\\\/11\\\/solmaforo.jpg\",\"datePublished\":\"2017-11-29T12:00:00+00:00\",\"breadcrumb\":{\"@id\":\"https:\\\/\\\/patagoniambiental.com.ar\\\/info\\\/instalaron-un-solmaforo-en-el-calafate\\\/#breadcrumb\"},\"inLanguage\":\"es\",\"potentialAction\":[{\"@type\":\"ReadAction\",\"target\":[\"https:\\\/\\\/patagoniambiental.com.ar\\\/info\\\/instalaron-un-solmaforo-en-el-calafate\\\/\"]}]},{\"@type\":\"ImageObject\",\"inLanguage\":\"es\",\"@id\":\"https:\\\/\\\/patagoniambiental.com.ar\\\/info\\\/instalaron-un-solmaforo-en-el-calafate\\\/#primaryimage\",\"url\":\"https:\\\/\\\/patagoniambiental.com.ar\\\/info\\\/wp-content\\\/uploads\\\/2017\\\/11\\\/solmaforo.jpg\",\"contentUrl\":\"https:\\\/\\\/patagoniambiental.com.ar\\\/info\\\/wp-content\\\/uploads\\\/2017\\\/11\\\/solmaforo.jpg\",\"width\":800,\"height\":485},{\"@type\":\"BreadcrumbList\",\"@id\":\"https:\\\/\\\/patagoniambiental.com.ar\\\/info\\\/instalaron-un-solmaforo-en-el-calafate\\\/#breadcrumb\",\"itemListElement\":[{\"@type\":\"ListItem\",\"position\":1,\"name\":\"Inicio\",\"item\":\"https:\\\/\\\/patagoniambiental.com.ar\\\/info\\\/\"},{\"@type\":\"ListItem\",\"position\":2,\"name\":\"Instalaron un solm\u00e1foro en El Calafate\"}]},{\"@type\":\"WebSite\",\"@id\":\"https:\\\/\\\/patagoniambiental.com.ar\\\/info\\\/#website\",\"url\":\"https:\\\/\\\/patagoniambiental.com.ar\\\/info\\\/\",\"name\":\"Patagonia Ambiental\",\"description\":\"Monitoreo y an\u00e1lisis de la situaci\u00f3n geopol\u00edtica en el mundo y su implicancia en la Patagonia\",\"publisher\":{\"@id\":\"https:\\\/\\\/patagoniambiental.com.ar\\\/info\\\/#organization\"},\"potentialAction\":[{\"@type\":\"SearchAction\",\"target\":{\"@type\":\"EntryPoint\",\"urlTemplate\":\"https:\\\/\\\/patagoniambiental.com.ar\\\/info\\\/?s={search_term_string}\"},\"query-input\":{\"@type\":\"PropertyValueSpecification\",\"valueRequired\":true,\"valueName\":\"search_term_string\"}}],\"inLanguage\":\"es\"},{\"@type\":\"Organization\",\"@id\":\"https:\\\/\\\/patagoniambiental.com.ar\\\/info\\\/#organization\",\"name\":\"Patagonia Ambiental\",\"url\":\"https:\\\/\\\/patagoniambiental.com.ar\\\/info\\\/\",\"logo\":{\"@type\":\"ImageObject\",\"inLanguage\":\"es\",\"@id\":\"https:\\\/\\\/patagoniambiental.com.ar\\\/info\\\/#\\\/schema\\\/logo\\\/image\\\/\",\"url\":\"https:\\\/\\\/patagoniambiental.com.ar\\\/info\\\/wp-content\\\/uploads\\\/2025\\\/05\\\/LOGO-PATAGONIA-AMBIENTAL.png\",\"contentUrl\":\"https:\\\/\\\/patagoniambiental.com.ar\\\/info\\\/wp-content\\\/uploads\\\/2025\\\/05\\\/LOGO-PATAGONIA-AMBIENTAL.png\",\"width\":433,\"height\":250,\"caption\":\"Patagonia Ambiental\"},\"image\":{\"@id\":\"https:\\\/\\\/patagoniambiental.com.ar\\\/info\\\/#\\\/schema\\\/logo\\\/image\\\/\"},\"sameAs\":[\"https:\\\/\\\/www.facebook.com\\\/patagonia.ambiental\",\"https:\\\/\\\/x.com\\\/PatAmb\"]},{\"@type\":\"Person\",\"@id\":\"https:\\\/\\\/patagoniambiental.com.ar\\\/info\\\/#\\\/schema\\\/person\\\/db12bff64bbcbf6a253710bf0ea37b5d\",\"name\":\"Patagonia Ambiental\",\"description\":\"Andr\u00e9s Nievas T\u00e9cnico en manejo ambiental, consultor Ambiental y escritor para medios locales e internacionales sobre temas de geopolitica y medio ambiente.\",\"sameAs\":[\"http:\\\/\\\/www.patagoniambiental.com.ar\",\"https:\\\/\\\/www.facebook.com\\\/share\\\/1C1V8Gv9BX\\\/?mibextid=qi2Omg\",\"@patagoniambiental\",\"https:\\\/\\\/youtube.com\\\/@patagoniaambiental2023?si=BLt58t0wuXquxlYZ\"]}]}<\/script>\n<!-- \/ Yoast SEO Premium plugin. -->","yoast_head_json":{"title":"Instalaron un solm\u00e1foro en El Calafate","robots":{"index":"index","follow":"follow","max-snippet":"max-snippet:-1","max-image-preview":"max-image-preview:large","max-video-preview":"max-video-preview:-1"},"canonical":"https:\/\/patagoniambiental.com.ar\/info\/instalaron-un-solmaforo-en-el-calafate\/","og_locale":"es_ES","og_type":"article","og_title":"Instalaron un solm\u00e1foro en El Calafate","og_description":"Est\u00e1 ubicado en la Intendencia del Parque Nacional Los Glaciares. Indica el nivel de radiaci\u00f3n de rayos Ultra Violeta, que [&hellip;]","og_url":"https:\/\/patagoniambiental.com.ar\/info\/instalaron-un-solmaforo-en-el-calafate\/","og_site_name":"Patagonia Ambiental","article_publisher":"https:\/\/www.facebook.com\/patagonia.ambiental","article_author":"https:\/\/www.facebook.com\/share\/1C1V8Gv9BX\/?mibextid=qi2Omg","article_published_time":"2017-11-29T12:00:00+00:00","og_image":[{"width":800,"height":485,"url":"https:\/\/patagoniambiental.com.ar\/info\/wp-content\/uploads\/2017\/11\/solmaforo.jpg","type":"image\/jpeg"}],"author":"Patagonia Ambiental","twitter_card":"summary_large_image","twitter_creator":"@PatAmb","twitter_site":"@PatAmb","schema":{"@context":"https:\/\/schema.org","@graph":[{"@type":"Article","@id":"https:\/\/patagoniambiental.com.ar\/info\/instalaron-un-solmaforo-en-el-calafate\/#article","isPartOf":{"@id":"https:\/\/patagoniambiental.com.ar\/info\/instalaron-un-solmaforo-en-el-calafate\/"},"author":{"name":"Patagonia Ambiental","@id":"https:\/\/patagoniambiental.com.ar\/info\/#\/schema\/person\/db12bff64bbcbf6a253710bf0ea37b5d"},"headline":"Instalaron un solm\u00e1foro en El Calafate","datePublished":"2017-11-29T12:00:00+00:00","mainEntityOfPage":{"@id":"https:\/\/patagoniambiental.com.ar\/info\/instalaron-un-solmaforo-en-el-calafate\/"},"wordCount":448,"commentCount":0,"publisher":{"@id":"https:\/\/patagoniambiental.com.ar\/info\/#organization"},"image":{"@id":"https:\/\/patagoniambiental.com.ar\/info\/instalaron-un-solmaforo-en-el-calafate\/#primaryimage"},"thumbnailUrl":"https:\/\/patagoniambiental.com.ar\/info\/wp-content\/uploads\/2017\/11\/solmaforo.jpg","articleSection":["Municipios","Noticias","Rotador"],"inLanguage":"es","potentialAction":[{"@type":"CommentAction","name":"Comment","target":["https:\/\/patagoniambiental.com.ar\/info\/instalaron-un-solmaforo-en-el-calafate\/#respond"]}]},{"@type":"WebPage","@id":"https:\/\/patagoniambiental.com.ar\/info\/instalaron-un-solmaforo-en-el-calafate\/","url":"https:\/\/patagoniambiental.com.ar\/info\/instalaron-un-solmaforo-en-el-calafate\/","name":"Instalaron un solm\u00e1foro en El Calafate","isPartOf":{"@id":"https:\/\/patagoniambiental.com.ar\/info\/#website"},"primaryImageOfPage":{"@id":"https:\/\/patagoniambiental.com.ar\/info\/instalaron-un-solmaforo-en-el-calafate\/#primaryimage"},"image":{"@id":"https:\/\/patagoniambiental.com.ar\/info\/instalaron-un-solmaforo-en-el-calafate\/#primaryimage"},"thumbnailUrl":"https:\/\/patagoniambiental.com.ar\/info\/wp-content\/uploads\/2017\/11\/solmaforo.jpg","datePublished":"2017-11-29T12:00:00+00:00","breadcrumb":{"@id":"https:\/\/patagoniambiental.com.ar\/info\/instalaron-un-solmaforo-en-el-calafate\/#breadcrumb"},"inLanguage":"es","potentialAction":[{"@type":"ReadAction","target":["https:\/\/patagoniambiental.com.ar\/info\/instalaron-un-solmaforo-en-el-calafate\/"]}]},{"@type":"ImageObject","inLanguage":"es","@id":"https:\/\/patagoniambiental.com.ar\/info\/instalaron-un-solmaforo-en-el-calafate\/#primaryimage","url":"https:\/\/patagoniambiental.com.ar\/info\/wp-content\/uploads\/2017\/11\/solmaforo.jpg","contentUrl":"https:\/\/patagoniambiental.com.ar\/info\/wp-content\/uploads\/2017\/11\/solmaforo.jpg","width":800,"height":485},{"@type":"BreadcrumbList","@id":"https:\/\/patagoniambiental.com.ar\/info\/instalaron-un-solmaforo-en-el-calafate\/#breadcrumb","itemListElement":[{"@type":"ListItem","position":1,"name":"Inicio","item":"https:\/\/patagoniambiental.com.ar\/info\/"},{"@type":"ListItem","position":2,"name":"Instalaron un solm\u00e1foro en El Calafate"}]},{"@type":"WebSite","@id":"https:\/\/patagoniambiental.com.ar\/info\/#website","url":"https:\/\/patagoniambiental.com.ar\/info\/","name":"Patagonia Ambiental","description":"Monitoreo y an\u00e1lisis de la situaci\u00f3n geopol\u00edtica en el mundo y su implicancia en la Patagonia","publisher":{"@id":"https:\/\/patagoniambiental.com.ar\/info\/#organization"},"potentialAction":[{"@type":"SearchAction","target":{"@type":"EntryPoint","urlTemplate":"https:\/\/patagoniambiental.com.ar\/info\/?s={search_term_string}"},"query-input":{"@type":"PropertyValueSpecification","valueRequired":true,"valueName":"search_term_string"}}],"inLanguage":"es"},{"@type":"Organization","@id":"https:\/\/patagoniambiental.com.ar\/info\/#organization","name":"Patagonia Ambiental","url":"https:\/\/patagoniambiental.com.ar\/info\/","logo":{"@type":"ImageObject","inLanguage":"es","@id":"https:\/\/patagoniambiental.com.ar\/info\/#\/schema\/logo\/image\/","url":"https:\/\/patagoniambiental.com.ar\/info\/wp-content\/uploads\/2025\/05\/LOGO-PATAGONIA-AMBIENTAL.png","contentUrl":"https:\/\/patagoniambiental.com.ar\/info\/wp-content\/uploads\/2025\/05\/LOGO-PATAGONIA-AMBIENTAL.png","width":433,"height":250,"caption":"Patagonia Ambiental"},"image":{"@id":"https:\/\/patagoniambiental.com.ar\/info\/#\/schema\/logo\/image\/"},"sameAs":["https:\/\/www.facebook.com\/patagonia.ambiental","https:\/\/x.com\/PatAmb"]},{"@type":"Person","@id":"https:\/\/patagoniambiental.com.ar\/info\/#\/schema\/person\/db12bff64bbcbf6a253710bf0ea37b5d","name":"Patagonia Ambiental","description":"Andr\u00e9s Nievas T\u00e9cnico en manejo ambiental, consultor Ambiental y escritor para medios locales e internacionales sobre temas de geopolitica y medio ambiente.","sameAs":["http:\/\/www.patagoniambiental.com.ar","https:\/\/www.facebook.com\/share\/1C1V8Gv9BX\/?mibextid=qi2Omg","@patagoniambiental","https:\/\/youtube.com\/@patagoniaambiental2023?si=BLt58t0wuXquxlYZ"]}]}},"_links":{"self":[{"href":"https:\/\/patagoniambiental.com.ar\/info\/wp-json\/wp\/v2\/posts\/38946","targetHints":{"allow":["GET"]}}],"collection":[{"href":"https:\/\/patagoniambiental.com.ar\/info\/wp-json\/wp\/v2\/posts"}],"about":[{"href":"https:\/\/patagoniambiental.com.ar\/info\/wp-json\/wp\/v2\/types\/post"}],"author":[{"embeddable":true,"href":"https:\/\/patagoniambiental.com.ar\/info\/wp-json\/wp\/v2\/users\/2"}],"replies":[{"embeddable":true,"href":"https:\/\/patagoniambiental.com.ar\/info\/wp-json\/wp\/v2\/comments?post=38946"}],"version-history":[{"count":0,"href":"https:\/\/patagoniambiental.com.ar\/info\/wp-json\/wp\/v2\/posts\/38946\/revisions"}],"wp:featuredmedia":[{"embeddable":true,"href":"https:\/\/patagoniambiental.com.ar\/info\/wp-json\/wp\/v2\/media\/38947"}],"wp:attachment":[{"href":"https:\/\/patagoniambiental.com.ar\/info\/wp-json\/wp\/v2\/media?parent=38946"}],"wp:term":[{"taxonomy":"category","embeddable":true,"href":"https:\/\/patagoniambiental.com.ar\/info\/wp-json\/wp\/v2\/categories?post=38946"},{"taxonomy":"post_tag","embeddable":true,"href":"https:\/\/patagoniambiental.com.ar\/info\/wp-json\/wp\/v2\/tags?post=38946"}],"curies":[{"name":"wp","href":"https:\/\/api.w.org\/{rel}","templated":true}]}}