{"id":38949,"date":"2017-11-29T09:00:22","date_gmt":"2017-11-29T12:00:22","guid":{"rendered":"http:\/\/patagoniambiental.com.ar\/info\/?p=38949"},"modified":"2017-11-29T06:50:14","modified_gmt":"2017-11-29T09:50:14","slug":"trabajos-para-la-recuperacion-del-habitat-de-nidificacion-del-cauquen-colorado","status":"publish","type":"post","link":"https:\/\/patagoniambiental.com.ar\/info\/trabajos-para-la-recuperacion-del-habitat-de-nidificacion-del-cauquen-colorado\/","title":{"rendered":"Trabajos para la recuperaci\u00f3n del h\u00e1bitat de nidificaci\u00f3n del cauqu\u00e9n colorado"},"content":{"rendered":"<div class=\"contenido_individual_noticia\">\n<p>TIERRA DEL FUEGO.- La Secretar\u00eda de Ambiente Desarrollo Sostenible y Cambio Clim\u00e1tico estableci\u00f3 en la zona norte un \u00e1rea destinada a rehabilitar el h\u00e1bitat de nidificaci\u00f3n del cauqu\u00e9n colorado, especie que est\u00e1 en peligro de extinci\u00f3n.<br \/>\nEn el marco de las acciones que la Secretar\u00eda de Ambiente Desarrollo Sostenible y Cambio Clim\u00e1tico lleva adelante, a trav\u00e9s de la Direcci\u00f3n General de \u00c1reas Protegidas y Biodiversidad, para la conservaci\u00f3n de las diferentes especies de cauquenes migratorios, y en especial con el cauqu\u00e9n colorado, el cual habita en el norte de la provincia y se encuentra en serio peligro de extinci\u00f3n, se ha logrado avanzar con el proyecto de establecer, en dicha zona, un \u00e1rea destinada a la Rehabilitaci\u00f3n del H\u00e1bitat de Nidificaci\u00f3n.<br \/>\nEl objetivo principal de este Proyecto es rehabilitar el \u00e1rea de nidificaci\u00f3n y as\u00ed mejorar los \u00edndices de reproducci\u00f3n e incrementar tambi\u00e9n el conocimiento sobre esta etapa en la vida del cauqu\u00e9n colorado en la Argentina y poner a prueba aspectos sobre el manejo, la reparaci\u00f3n de su h\u00e1bitat y protecci\u00f3n de los depredadores, como el zorro gris y el vis\u00f3n, los cuales son especies ex\u00f3ticas invasoras\u00a0 y la principal amenaza para su subsistencia. Con el fin de lograr esto, el predio fue demarcado con un cerco perimetral que posee una altura de un metro cincuenta de alto y cubre una superficie de cinco hect\u00e1reas, con lo cual se espera dar protecci\u00f3n a las parejas de cauquenes colorados, sus nidos y a sus pichones.<br \/>\nEsta iniciativa fue posible gracias al aporte de Estancia Cullen, que permiti\u00f3 a la\u00a0 Direcci\u00f3n General de \u00c1reas Protegidas y Biodiversidad llevar adelante este proyecto dentro de su \u00e1rea privada, y a la colaboraci\u00f3n de la empresa Y.P.F S.A. (Negocio TDF), quien asumi\u00f3 el compromiso de aportar los materiales y la mano de obra necesarios para la construcci\u00f3n del cerco perimetral, cuya inversi\u00f3n fue de aproximadamente un mill\u00f3n de pesos, destac\u00e1ndose la colaboraci\u00f3n de ambas partes en pos de la conservaci\u00f3n de la especie.<br \/>\nEl lugar seleccionado fue establecido luego de observaciones y estudios realizados por el personal t\u00e9cnico de la DGAPyB, de los que participaron tambi\u00e9n la Direcci\u00f3n de Fauna Silvestre de la Naci\u00f3n, el experto Pablo Petracci (grupo Gekko \u2013 Universidad Nacional del Sur) e investigadores del CADIC-CONICET de Ushuaia. En este sitio, se pudo observar que a\u00f1o a a\u00f1o es utilizado por los cauquenes colorados para alimentarse y reproducirse.<br \/>\nEl Cauqu\u00e9n colorado (Chloephaga rubidiceps), es una especie end\u00e9mica de la Patagonia y las Islas Malvinas y habita ambientes h\u00famedos de la estepa. A fines de la d\u00e9cada de los noventa se comenz\u00f3 a observar una marcada disminuci\u00f3n en su poblaci\u00f3n, llegando a un m\u00ednimo actual que no supera los 500 ejemplares para la poblaci\u00f3n continental-fueguina.<br \/>\nDebido a su estado cr\u00edtico, la especie est\u00e1 declarada como \u201cEn Peligro de Extinci\u00f3n\u201d, m\u00e1xima categor\u00eda de amenaza que prev\u00e9 la Secretar\u00eda de Ambiente y Desarrollo Sostenible de la Naci\u00f3n). Su caza est\u00e1 prohibida tanto en la provincia de Tierra del Fuego como en todo el territorio argentino.<\/p>\n<\/div>\n<div class=\"contenedor_share_buttons_individual_noticia\">\u00a0Fuente:\u00a0http:\/\/www.eldiariodelfindelmundo.com\/noticias\/2017\/11\/28\/74868-trabajos-para-la-recuperacion-de-su-habitat-de-nidificacion-en-la-provincia<\/div>\n","protected":false},"excerpt":{"rendered":"<p>TIERRA DEL FUEGO.- La Secretar\u00eda de Ambiente Desarrollo Sostenible y Cambio Clim\u00e1tico estableci\u00f3 en la zona norte un \u00e1rea destinada [&hellip;]<\/p>\n","protected":false},"author":2,"featured_media":38950,"comment_status":"open","ping_status":"open","sticky":false,"template":"","format":"standard","meta":{"site-sidebar-layout":"default","site-content-layout":"","ast-site-content-layout":"default","site-content-style":"default","site-sidebar-style":"default","ast-global-header-display":"","ast-banner-title-visibility":"","ast-main-header-display":"","ast-hfb-above-header-display":"","ast-hfb-below-header-display":"","ast-hfb-mobile-header-display":"","site-post-title":"","ast-breadcrumbs-content":"","ast-featured-img":"","footer-sml-layout":"","ast-disable-related-posts":"","theme-transparent-header-meta":"","adv-header-id-meta":"","stick-header-meta":"","header-above-stick-meta":"","header-main-stick-meta":"","header-below-stick-meta":"","astra-migrate-meta-layouts":"default","ast-page-background-enabled":"default","ast-page-background-meta":{"desktop":{"background-color":"var(--ast-global-color-5)","background-image":"","background-repeat":"repeat","background-position":"center center","background-size":"auto","background-attachment":"scroll","background-type":"","background-media":"","overlay-type":"","overlay-color":"","overlay-opacity":"","overlay-gradient":""},"tablet":{"background-color":"","background-image":"","background-repeat":"repeat","background-position":"center center","background-size":"auto","background-attachment":"scroll","background-type":"","background-media":"","overlay-type":"","overlay-color":"","overlay-opacity":"","overlay-gradient":""},"mobile":{"background-color":"","background-image":"","background-repeat":"repeat","background-position":"center center","background-size":"auto","background-attachment":"scroll","background-type":"","background-media":"","overlay-type":"","overlay-color":"","overlay-opacity":"","overlay-gradient":""}},"ast-content-background-meta":{"desktop":{"background-color":"var(--ast-global-color-4)","background-image":"","background-repeat":"repeat","background-position":"center center","background-size":"auto","background-attachment":"scroll","background-type":"","background-media":"","overlay-type":"","overlay-color":"","overlay-opacity":"","overlay-gradient":""},"tablet":{"background-color":"var(--ast-global-color-4)","background-image":"","background-repeat":"repeat","background-position":"center center","background-size":"auto","background-attachment":"scroll","background-type":"","background-media":"","overlay-type":"","overlay-color":"","overlay-opacity":"","overlay-gradient":""},"mobile":{"background-color":"var(--ast-global-color-4)","background-image":"","background-repeat":"repeat","background-position":"center center","background-size":"auto","background-attachment":"scroll","background-type":"","background-media":"","overlay-type":"","overlay-color":"","overlay-opacity":"","overlay-gradient":""}},"footnotes":""},"categories":[1,25],"tags":[],"class_list":["post-38949","post","type-post","status-publish","format-standard","has-post-thumbnail","hentry","category-noticias","category-tierra-del-fuego"],"yoast_head":"<!-- This site is optimized with the Yoast SEO Premium plugin v23.0 (Yoast SEO v27.4) - https:\/\/yoast.com\/product\/yoast-seo-premium-wordpress\/ -->\n<title>Trabajos para la recuperaci\u00f3n del h\u00e1bitat de nidificaci\u00f3n del cauqu\u00e9n colorado<\/title>\n<meta name=\"robots\" content=\"index, follow, max-snippet:-1, max-image-preview:large, max-video-preview:-1\" \/>\n<link rel=\"canonical\" href=\"https:\/\/patagoniambiental.com.ar\/info\/trabajos-para-la-recuperacion-del-habitat-de-nidificacion-del-cauquen-colorado\/\" \/>\n<meta property=\"og:locale\" content=\"es_ES\" \/>\n<meta property=\"og:type\" content=\"article\" \/>\n<meta property=\"og:title\" content=\"Trabajos para la recuperaci\u00f3n del h\u00e1bitat de nidificaci\u00f3n del cauqu\u00e9n colorado\" \/>\n<meta property=\"og:description\" content=\"TIERRA DEL FUEGO.- La Secretar\u00eda de Ambiente Desarrollo Sostenible y Cambio Clim\u00e1tico estableci\u00f3 en la zona norte un \u00e1rea destinada [&hellip;]\" \/>\n<meta property=\"og:url\" content=\"https:\/\/patagoniambiental.com.ar\/info\/trabajos-para-la-recuperacion-del-habitat-de-nidificacion-del-cauquen-colorado\/\" \/>\n<meta property=\"og:site_name\" content=\"Patagonia Ambiental\" \/>\n<meta property=\"article:publisher\" content=\"https:\/\/www.facebook.com\/patagonia.ambiental\" \/>\n<meta property=\"article:author\" content=\"https:\/\/www.facebook.com\/share\/1C1V8Gv9BX\/?mibextid=qi2Omg\" \/>\n<meta property=\"article:published_time\" content=\"2017-11-29T12:00:22+00:00\" \/>\n<meta property=\"og:image\" content=\"https:\/\/patagoniambiental.com.ar\/info\/wp-content\/uploads\/2017\/11\/cauquen-colorado.jpg\" \/>\n\t<meta property=\"og:image:width\" content=\"599\" \/>\n\t<meta property=\"og:image:height\" content=\"450\" \/>\n\t<meta property=\"og:image:type\" content=\"image\/jpeg\" \/>\n<meta name=\"author\" content=\"Patagonia Ambiental\" \/>\n<meta name=\"twitter:card\" content=\"summary_large_image\" \/>\n<meta name=\"twitter:creator\" content=\"@PatAmb\" \/>\n<meta name=\"twitter:site\" content=\"@PatAmb\" \/>\n<script type=\"application\/ld+json\" class=\"yoast-schema-graph\">{\"@context\":\"https:\\\/\\\/schema.org\",\"@graph\":[{\"@type\":\"Article\",\"@id\":\"https:\\\/\\\/patagoniambiental.com.ar\\\/info\\\/trabajos-para-la-recuperacion-del-habitat-de-nidificacion-del-cauquen-colorado\\\/#article\",\"isPartOf\":{\"@id\":\"https:\\\/\\\/patagoniambiental.com.ar\\\/info\\\/trabajos-para-la-recuperacion-del-habitat-de-nidificacion-del-cauquen-colorado\\\/\"},\"author\":{\"name\":\"Patagonia Ambiental\",\"@id\":\"https:\\\/\\\/patagoniambiental.com.ar\\\/info\\\/#\\\/schema\\\/person\\\/db12bff64bbcbf6a253710bf0ea37b5d\"},\"headline\":\"Trabajos para la recuperaci\u00f3n del h\u00e1bitat de nidificaci\u00f3n del cauqu\u00e9n colorado\",\"datePublished\":\"2017-11-29T12:00:22+00:00\",\"mainEntityOfPage\":{\"@id\":\"https:\\\/\\\/patagoniambiental.com.ar\\\/info\\\/trabajos-para-la-recuperacion-del-habitat-de-nidificacion-del-cauquen-colorado\\\/\"},\"wordCount\":580,\"commentCount\":0,\"publisher\":{\"@id\":\"https:\\\/\\\/patagoniambiental.com.ar\\\/info\\\/#organization\"},\"image\":{\"@id\":\"https:\\\/\\\/patagoniambiental.com.ar\\\/info\\\/trabajos-para-la-recuperacion-del-habitat-de-nidificacion-del-cauquen-colorado\\\/#primaryimage\"},\"thumbnailUrl\":\"https:\\\/\\\/patagoniambiental.com.ar\\\/info\\\/wp-content\\\/uploads\\\/2017\\\/11\\\/cauquen-colorado.jpg\",\"articleSection\":[\"Noticias\",\"Tierra del Fuego\"],\"inLanguage\":\"es\",\"potentialAction\":[{\"@type\":\"CommentAction\",\"name\":\"Comment\",\"target\":[\"https:\\\/\\\/patagoniambiental.com.ar\\\/info\\\/trabajos-para-la-recuperacion-del-habitat-de-nidificacion-del-cauquen-colorado\\\/#respond\"]}]},{\"@type\":\"WebPage\",\"@id\":\"https:\\\/\\\/patagoniambiental.com.ar\\\/info\\\/trabajos-para-la-recuperacion-del-habitat-de-nidificacion-del-cauquen-colorado\\\/\",\"url\":\"https:\\\/\\\/patagoniambiental.com.ar\\\/info\\\/trabajos-para-la-recuperacion-del-habitat-de-nidificacion-del-cauquen-colorado\\\/\",\"name\":\"Trabajos para la recuperaci\u00f3n del h\u00e1bitat de nidificaci\u00f3n del cauqu\u00e9n colorado\",\"isPartOf\":{\"@id\":\"https:\\\/\\\/patagoniambiental.com.ar\\\/info\\\/#website\"},\"primaryImageOfPage\":{\"@id\":\"https:\\\/\\\/patagoniambiental.com.ar\\\/info\\\/trabajos-para-la-recuperacion-del-habitat-de-nidificacion-del-cauquen-colorado\\\/#primaryimage\"},\"image\":{\"@id\":\"https:\\\/\\\/patagoniambiental.com.ar\\\/info\\\/trabajos-para-la-recuperacion-del-habitat-de-nidificacion-del-cauquen-colorado\\\/#primaryimage\"},\"thumbnailUrl\":\"https:\\\/\\\/patagoniambiental.com.ar\\\/info\\\/wp-content\\\/uploads\\\/2017\\\/11\\\/cauquen-colorado.jpg\",\"datePublished\":\"2017-11-29T12:00:22+00:00\",\"breadcrumb\":{\"@id\":\"https:\\\/\\\/patagoniambiental.com.ar\\\/info\\\/trabajos-para-la-recuperacion-del-habitat-de-nidificacion-del-cauquen-colorado\\\/#breadcrumb\"},\"inLanguage\":\"es\",\"potentialAction\":[{\"@type\":\"ReadAction\",\"target\":[\"https:\\\/\\\/patagoniambiental.com.ar\\\/info\\\/trabajos-para-la-recuperacion-del-habitat-de-nidificacion-del-cauquen-colorado\\\/\"]}]},{\"@type\":\"ImageObject\",\"inLanguage\":\"es\",\"@id\":\"https:\\\/\\\/patagoniambiental.com.ar\\\/info\\\/trabajos-para-la-recuperacion-del-habitat-de-nidificacion-del-cauquen-colorado\\\/#primaryimage\",\"url\":\"https:\\\/\\\/patagoniambiental.com.ar\\\/info\\\/wp-content\\\/uploads\\\/2017\\\/11\\\/cauquen-colorado.jpg\",\"contentUrl\":\"https:\\\/\\\/patagoniambiental.com.ar\\\/info\\\/wp-content\\\/uploads\\\/2017\\\/11\\\/cauquen-colorado.jpg\",\"width\":599,\"height\":450},{\"@type\":\"BreadcrumbList\",\"@id\":\"https:\\\/\\\/patagoniambiental.com.ar\\\/info\\\/trabajos-para-la-recuperacion-del-habitat-de-nidificacion-del-cauquen-colorado\\\/#breadcrumb\",\"itemListElement\":[{\"@type\":\"ListItem\",\"position\":1,\"name\":\"Inicio\",\"item\":\"https:\\\/\\\/patagoniambiental.com.ar\\\/info\\\/\"},{\"@type\":\"ListItem\",\"position\":2,\"name\":\"Trabajos para la recuperaci\u00f3n del h\u00e1bitat de nidificaci\u00f3n del cauqu\u00e9n colorado\"}]},{\"@type\":\"WebSite\",\"@id\":\"https:\\\/\\\/patagoniambiental.com.ar\\\/info\\\/#website\",\"url\":\"https:\\\/\\\/patagoniambiental.com.ar\\\/info\\\/\",\"name\":\"Patagonia Ambiental\",\"description\":\"Monitoreo y an\u00e1lisis de la situaci\u00f3n geopol\u00edtica en el mundo y su implicancia en la Patagonia\",\"publisher\":{\"@id\":\"https:\\\/\\\/patagoniambiental.com.ar\\\/info\\\/#organization\"},\"potentialAction\":[{\"@type\":\"SearchAction\",\"target\":{\"@type\":\"EntryPoint\",\"urlTemplate\":\"https:\\\/\\\/patagoniambiental.com.ar\\\/info\\\/?s={search_term_string}\"},\"query-input\":{\"@type\":\"PropertyValueSpecification\",\"valueRequired\":true,\"valueName\":\"search_term_string\"}}],\"inLanguage\":\"es\"},{\"@type\":\"Organization\",\"@id\":\"https:\\\/\\\/patagoniambiental.com.ar\\\/info\\\/#organization\",\"name\":\"Patagonia Ambiental\",\"url\":\"https:\\\/\\\/patagoniambiental.com.ar\\\/info\\\/\",\"logo\":{\"@type\":\"ImageObject\",\"inLanguage\":\"es\",\"@id\":\"https:\\\/\\\/patagoniambiental.com.ar\\\/info\\\/#\\\/schema\\\/logo\\\/image\\\/\",\"url\":\"https:\\\/\\\/patagoniambiental.com.ar\\\/info\\\/wp-content\\\/uploads\\\/2025\\\/05\\\/LOGO-PATAGONIA-AMBIENTAL.png\",\"contentUrl\":\"https:\\\/\\\/patagoniambiental.com.ar\\\/info\\\/wp-content\\\/uploads\\\/2025\\\/05\\\/LOGO-PATAGONIA-AMBIENTAL.png\",\"width\":433,\"height\":250,\"caption\":\"Patagonia Ambiental\"},\"image\":{\"@id\":\"https:\\\/\\\/patagoniambiental.com.ar\\\/info\\\/#\\\/schema\\\/logo\\\/image\\\/\"},\"sameAs\":[\"https:\\\/\\\/www.facebook.com\\\/patagonia.ambiental\",\"https:\\\/\\\/x.com\\\/PatAmb\"]},{\"@type\":\"Person\",\"@id\":\"https:\\\/\\\/patagoniambiental.com.ar\\\/info\\\/#\\\/schema\\\/person\\\/db12bff64bbcbf6a253710bf0ea37b5d\",\"name\":\"Patagonia Ambiental\",\"description\":\"Andr\u00e9s Nievas T\u00e9cnico en manejo ambiental, consultor Ambiental y escritor para medios locales e internacionales sobre temas de geopolitica y medio ambiente.\",\"sameAs\":[\"http:\\\/\\\/www.patagoniambiental.com.ar\",\"https:\\\/\\\/www.facebook.com\\\/share\\\/1C1V8Gv9BX\\\/?mibextid=qi2Omg\",\"@patagoniambiental\",\"https:\\\/\\\/youtube.com\\\/@patagoniaambiental2023?si=BLt58t0wuXquxlYZ\"]}]}<\/script>\n<!-- \/ Yoast SEO Premium plugin. -->","yoast_head_json":{"title":"Trabajos para la recuperaci\u00f3n del h\u00e1bitat de nidificaci\u00f3n del cauqu\u00e9n colorado","robots":{"index":"index","follow":"follow","max-snippet":"max-snippet:-1","max-image-preview":"max-image-preview:large","max-video-preview":"max-video-preview:-1"},"canonical":"https:\/\/patagoniambiental.com.ar\/info\/trabajos-para-la-recuperacion-del-habitat-de-nidificacion-del-cauquen-colorado\/","og_locale":"es_ES","og_type":"article","og_title":"Trabajos para la recuperaci\u00f3n del h\u00e1bitat de nidificaci\u00f3n del cauqu\u00e9n colorado","og_description":"TIERRA DEL FUEGO.- La Secretar\u00eda de Ambiente Desarrollo Sostenible y Cambio Clim\u00e1tico estableci\u00f3 en la zona norte un \u00e1rea destinada [&hellip;]","og_url":"https:\/\/patagoniambiental.com.ar\/info\/trabajos-para-la-recuperacion-del-habitat-de-nidificacion-del-cauquen-colorado\/","og_site_name":"Patagonia Ambiental","article_publisher":"https:\/\/www.facebook.com\/patagonia.ambiental","article_author":"https:\/\/www.facebook.com\/share\/1C1V8Gv9BX\/?mibextid=qi2Omg","article_published_time":"2017-11-29T12:00:22+00:00","og_image":[{"width":599,"height":450,"url":"https:\/\/patagoniambiental.com.ar\/info\/wp-content\/uploads\/2017\/11\/cauquen-colorado.jpg","type":"image\/jpeg"}],"author":"Patagonia Ambiental","twitter_card":"summary_large_image","twitter_creator":"@PatAmb","twitter_site":"@PatAmb","schema":{"@context":"https:\/\/schema.org","@graph":[{"@type":"Article","@id":"https:\/\/patagoniambiental.com.ar\/info\/trabajos-para-la-recuperacion-del-habitat-de-nidificacion-del-cauquen-colorado\/#article","isPartOf":{"@id":"https:\/\/patagoniambiental.com.ar\/info\/trabajos-para-la-recuperacion-del-habitat-de-nidificacion-del-cauquen-colorado\/"},"author":{"name":"Patagonia Ambiental","@id":"https:\/\/patagoniambiental.com.ar\/info\/#\/schema\/person\/db12bff64bbcbf6a253710bf0ea37b5d"},"headline":"Trabajos para la recuperaci\u00f3n del h\u00e1bitat de nidificaci\u00f3n del cauqu\u00e9n colorado","datePublished":"2017-11-29T12:00:22+00:00","mainEntityOfPage":{"@id":"https:\/\/patagoniambiental.com.ar\/info\/trabajos-para-la-recuperacion-del-habitat-de-nidificacion-del-cauquen-colorado\/"},"wordCount":580,"commentCount":0,"publisher":{"@id":"https:\/\/patagoniambiental.com.ar\/info\/#organization"},"image":{"@id":"https:\/\/patagoniambiental.com.ar\/info\/trabajos-para-la-recuperacion-del-habitat-de-nidificacion-del-cauquen-colorado\/#primaryimage"},"thumbnailUrl":"https:\/\/patagoniambiental.com.ar\/info\/wp-content\/uploads\/2017\/11\/cauquen-colorado.jpg","articleSection":["Noticias","Tierra del Fuego"],"inLanguage":"es","potentialAction":[{"@type":"CommentAction","name":"Comment","target":["https:\/\/patagoniambiental.com.ar\/info\/trabajos-para-la-recuperacion-del-habitat-de-nidificacion-del-cauquen-colorado\/#respond"]}]},{"@type":"WebPage","@id":"https:\/\/patagoniambiental.com.ar\/info\/trabajos-para-la-recuperacion-del-habitat-de-nidificacion-del-cauquen-colorado\/","url":"https:\/\/patagoniambiental.com.ar\/info\/trabajos-para-la-recuperacion-del-habitat-de-nidificacion-del-cauquen-colorado\/","name":"Trabajos para la recuperaci\u00f3n del h\u00e1bitat de nidificaci\u00f3n del cauqu\u00e9n colorado","isPartOf":{"@id":"https:\/\/patagoniambiental.com.ar\/info\/#website"},"primaryImageOfPage":{"@id":"https:\/\/patagoniambiental.com.ar\/info\/trabajos-para-la-recuperacion-del-habitat-de-nidificacion-del-cauquen-colorado\/#primaryimage"},"image":{"@id":"https:\/\/patagoniambiental.com.ar\/info\/trabajos-para-la-recuperacion-del-habitat-de-nidificacion-del-cauquen-colorado\/#primaryimage"},"thumbnailUrl":"https:\/\/patagoniambiental.com.ar\/info\/wp-content\/uploads\/2017\/11\/cauquen-colorado.jpg","datePublished":"2017-11-29T12:00:22+00:00","breadcrumb":{"@id":"https:\/\/patagoniambiental.com.ar\/info\/trabajos-para-la-recuperacion-del-habitat-de-nidificacion-del-cauquen-colorado\/#breadcrumb"},"inLanguage":"es","potentialAction":[{"@type":"ReadAction","target":["https:\/\/patagoniambiental.com.ar\/info\/trabajos-para-la-recuperacion-del-habitat-de-nidificacion-del-cauquen-colorado\/"]}]},{"@type":"ImageObject","inLanguage":"es","@id":"https:\/\/patagoniambiental.com.ar\/info\/trabajos-para-la-recuperacion-del-habitat-de-nidificacion-del-cauquen-colorado\/#primaryimage","url":"https:\/\/patagoniambiental.com.ar\/info\/wp-content\/uploads\/2017\/11\/cauquen-colorado.jpg","contentUrl":"https:\/\/patagoniambiental.com.ar\/info\/wp-content\/uploads\/2017\/11\/cauquen-colorado.jpg","width":599,"height":450},{"@type":"BreadcrumbList","@id":"https:\/\/patagoniambiental.com.ar\/info\/trabajos-para-la-recuperacion-del-habitat-de-nidificacion-del-cauquen-colorado\/#breadcrumb","itemListElement":[{"@type":"ListItem","position":1,"name":"Inicio","item":"https:\/\/patagoniambiental.com.ar\/info\/"},{"@type":"ListItem","position":2,"name":"Trabajos para la recuperaci\u00f3n del h\u00e1bitat de nidificaci\u00f3n del cauqu\u00e9n colorado"}]},{"@type":"WebSite","@id":"https:\/\/patagoniambiental.com.ar\/info\/#website","url":"https:\/\/patagoniambiental.com.ar\/info\/","name":"Patagonia Ambiental","description":"Monitoreo y an\u00e1lisis de la situaci\u00f3n geopol\u00edtica en el mundo y su implicancia en la Patagonia","publisher":{"@id":"https:\/\/patagoniambiental.com.ar\/info\/#organization"},"potentialAction":[{"@type":"SearchAction","target":{"@type":"EntryPoint","urlTemplate":"https:\/\/patagoniambiental.com.ar\/info\/?s={search_term_string}"},"query-input":{"@type":"PropertyValueSpecification","valueRequired":true,"valueName":"search_term_string"}}],"inLanguage":"es"},{"@type":"Organization","@id":"https:\/\/patagoniambiental.com.ar\/info\/#organization","name":"Patagonia Ambiental","url":"https:\/\/patagoniambiental.com.ar\/info\/","logo":{"@type":"ImageObject","inLanguage":"es","@id":"https:\/\/patagoniambiental.com.ar\/info\/#\/schema\/logo\/image\/","url":"https:\/\/patagoniambiental.com.ar\/info\/wp-content\/uploads\/2025\/05\/LOGO-PATAGONIA-AMBIENTAL.png","contentUrl":"https:\/\/patagoniambiental.com.ar\/info\/wp-content\/uploads\/2025\/05\/LOGO-PATAGONIA-AMBIENTAL.png","width":433,"height":250,"caption":"Patagonia Ambiental"},"image":{"@id":"https:\/\/patagoniambiental.com.ar\/info\/#\/schema\/logo\/image\/"},"sameAs":["https:\/\/www.facebook.com\/patagonia.ambiental","https:\/\/x.com\/PatAmb"]},{"@type":"Person","@id":"https:\/\/patagoniambiental.com.ar\/info\/#\/schema\/person\/db12bff64bbcbf6a253710bf0ea37b5d","name":"Patagonia Ambiental","description":"Andr\u00e9s Nievas T\u00e9cnico en manejo ambiental, consultor Ambiental y escritor para medios locales e internacionales sobre temas de geopolitica y medio ambiente.","sameAs":["http:\/\/www.patagoniambiental.com.ar","https:\/\/www.facebook.com\/share\/1C1V8Gv9BX\/?mibextid=qi2Omg","@patagoniambiental","https:\/\/youtube.com\/@patagoniaambiental2023?si=BLt58t0wuXquxlYZ"]}]}},"_links":{"self":[{"href":"https:\/\/patagoniambiental.com.ar\/info\/wp-json\/wp\/v2\/posts\/38949","targetHints":{"allow":["GET"]}}],"collection":[{"href":"https:\/\/patagoniambiental.com.ar\/info\/wp-json\/wp\/v2\/posts"}],"about":[{"href":"https:\/\/patagoniambiental.com.ar\/info\/wp-json\/wp\/v2\/types\/post"}],"author":[{"embeddable":true,"href":"https:\/\/patagoniambiental.com.ar\/info\/wp-json\/wp\/v2\/users\/2"}],"replies":[{"embeddable":true,"href":"https:\/\/patagoniambiental.com.ar\/info\/wp-json\/wp\/v2\/comments?post=38949"}],"version-history":[{"count":0,"href":"https:\/\/patagoniambiental.com.ar\/info\/wp-json\/wp\/v2\/posts\/38949\/revisions"}],"wp:featuredmedia":[{"embeddable":true,"href":"https:\/\/patagoniambiental.com.ar\/info\/wp-json\/wp\/v2\/media\/38950"}],"wp:attachment":[{"href":"https:\/\/patagoniambiental.com.ar\/info\/wp-json\/wp\/v2\/media?parent=38949"}],"wp:term":[{"taxonomy":"category","embeddable":true,"href":"https:\/\/patagoniambiental.com.ar\/info\/wp-json\/wp\/v2\/categories?post=38949"},{"taxonomy":"post_tag","embeddable":true,"href":"https:\/\/patagoniambiental.com.ar\/info\/wp-json\/wp\/v2\/tags?post=38949"}],"curies":[{"name":"wp","href":"https:\/\/api.w.org\/{rel}","templated":true}]}}