{"id":38980,"date":"2017-11-29T19:00:56","date_gmt":"2017-11-29T22:00:56","guid":{"rendered":"http:\/\/patagoniambiental.com.ar\/info\/?p=38980"},"modified":"2017-11-29T16:26:01","modified_gmt":"2017-11-29T19:26:01","slug":"como-actua-la-cam-uno-de-los-grupos-mapuches-mas-radicalizados-de-chile","status":"publish","type":"post","link":"https:\/\/patagoniambiental.com.ar\/info\/como-actua-la-cam-uno-de-los-grupos-mapuches-mas-radicalizados-de-chile\/","title":{"rendered":"C\u00f3mo act\u00faa la CAM, uno de los grupos mapuches m\u00e1s radicalizados de Chile"},"content":{"rendered":"<div id=\"fA2Drw1EOu6IBq\" class=\"wrapper clearfix col-lg-12 pb-feature pb-layout-item pb-f-article-header col-md-12 col-sm-12 col-xs-12 no-align\">\n<div class=\"row\">\n<header class=\"article-header hed-first col-sm-12\">Chile.-La Coordinadora Arauco Malleco es una de las comunidades mapuches m\u00e1s violentas del pa\u00eds trasandino<\/header>\n<\/div>\n<\/div>\n<p><!--more--><\/p>\n<div id=\"fZ8gS02EOu6IBq\" class=\"wrapper clearfix col-lg-12 col-md-12 pb-feature pb-layout-item pb-f-article-byline col-sm-12 col-xs-12 no-align\"><\/div>\n<div id=\"cLqIjw1EOu6IBq\" class=\"col-md-8 col-sm-12 col-xs-12 pb-layout-item pb-chain pb-c-list-chain left-align\">\n<div id=\"f08MimYEOu6IBq\" class=\"wrapper clearfix full pb-feature pb-layout-item pb-f-article-body no-align\">\n<div id=\"article-body\" class=\"article-body article-body-elements\">\n<div id=\"article-content\">\n<div class=\"row\">Los \u00faltimos meses del a\u00f1o estuvieron marcados por conflictos, tomas y enfrentamientos con fuerzas de seguridad que fueron protagonizados por los sectores m\u00e1s radicalizados de la comunidad mapuche. El s\u00e1bado, en Villa Mascardi, R\u00edo Negro, la Prefectura se enfrent\u00f3 con un grupo mapuche y el saldo fue tr\u00e1gico. El joven<a href=\"https:\/\/www.infobae.com\/sociedad\/2017\/11\/27\/la-autopsia-confirmo-que-la-bala-que-mato-al-joven-mapuche-era-una-9mm-como-la-que-usa-prefectura\/\" target=\"_blank\" rel=\"noopener\">\u00a0Rafael Nahuel muri\u00f3 como consecuencia de un disparo que provino de efectivos de la fuerza naval.<\/a><\/div>\n<div class=\"row\">\n<div class=\"col-xs-12 col-print-12\">\n<p class=\"element element-paragraph\">La tensi\u00f3n entre algunos sectores de la comunidad mapuche y el gobierno nacional se acentuaron en este 2017. La ocupaci\u00f3n de territorios nacionales, los cortes de rutas y los enfrentamientos armados le dieron volumen a una problem\u00e1tica pol\u00edtica que preocupa al gobierno de Mauricio Macri.<\/p>\n<\/div>\n<\/div>\n<div class=\"row\">\n<div class=\"col-xs-12 col-print-12\">\n<p class=\"element element-paragraph\">El gobernador de R\u00edo Negro, Alberto Weretilneck, advirti\u00f3 este lunes sobre\u00a0<a href=\"https:\/\/www.infobae.com\/politica\/2017\/11\/27\/alberto-weretilneck-la-ram-es-un-grupo-violento-que-se-instalo-en-rio-negro-la-pelea-va-mas-alla-de-las-reivindicaciones-mapuches\/\" target=\"_blank\" rel=\"noopener\">la presencia de la RAM, un grupo violento de resistencia mapuche que naci\u00f3 en el sur de Chile, en su provincia.\u00a0<\/a>Asegur\u00f3 que no reconocen al Estado argentino, la Constituci\u00f3n y las leyes. En definitiva, le puso nombre a un conflicto que crece en la Patagonia de la Argentina.<\/p>\n<\/div>\n<\/div>\n<div class=\"row\">\n<div class=\"col-xs-12 col-print-12\">\n<p class=\"element element-paragraph\">Pero\u00a0los problemas entre el Estado y los grupos mapuches m\u00e1s violentos no solo se viven en Argentina.\u00a0<span class=\"body-text-highlight\">En Chile, la Coordinadora Arauco Malleco, conocida como la CAM, ataca al Estado del pa\u00eds trasandino y a las empresas.<\/span><\/p>\n<\/div>\n<\/div>\n<div class=\"row\">\n<div id=\"\" class=\"wrapper clearfix pb-feature pb-layout-item pb-f-ads-dfp left-align\">\n<div id=\"inline\" class=\"pb-ad-container pb-ad pb-ad-prod ad-1X1\" data-slot-name=\"inline\" data-mobile-display=\"true\" data-desktop-display=\"true\" data-google-query-id=\"CMjDi8vA5NcCFYqIkQodGDwDWA\">\n<div id=\"google_ads_iframe_\/1058609\/infobae\/sociedad\/nota\/inline_0__container__\"><iframe id=\"google_ads_iframe_\/1058609\/infobae\/sociedad\/nota\/inline_0\" title=\"3rd party ad content\" name=\"google_ads_iframe_\/1058609\/infobae\/sociedad\/nota\/inline_0\" width=\"1\" height=\"1\" frameborder=\"0\" marginwidth=\"0\" marginheight=\"0\" scrolling=\"no\" data-mce-fragment=\"1\"><\/iframe><\/div>\n<\/div>\n<div class=\"border-bottom-\"><\/div>\n<\/div>\n<figure class=\"element element-image col-xs-12\">\n<div class=\"single-image\">\n<div class=\"shares\"><\/div>\n<p><img decoding=\"async\" id=\"YFOCSBTYOZFSBI2EZ4BGJY3PJ4\" class=\"image-lazy\" src=\"https:\/\/www.infobae.com\/new-resizer\/YfL76xwtaFiP2gpDV-fZ16b9Mak=\/600x0\/filters:quality(100)\/s3.amazonaws.com\/arc-wordpress-client-uploads\/infobae-wp\/wp-content\/uploads\/2017\/11\/27173542\/Mapuches-en-Chile-9.jpg\" alt=\"El \u00d3rgano de Resistencia Territorial de la CAM\" width=\"750\" height=\"421.875\" data-url=\"http:\/\/www.infobae.com\/sociedad\/2017\/11\/27\/como-actua-la-cam-uno-de-los-grupos-mapuches-mas-radicalizados-de-chile\/%23YFOCSBTYOZFSBI2EZ4BGJY3PJ4\" data-original=\"https:\/\/www.infobae.com\/new-resizer\/YfL76xwtaFiP2gpDV-fZ16b9Mak=\/600x0\/filters:quality(100)\/s3.amazonaws.com\/arc-wordpress-client-uploads\/infobae-wp\/wp-content\/uploads\/2017\/11\/27173542\/Mapuches-en-Chile-9.jpg\" \/><\/p>\n<\/div><figcaption class=\"\"><span class=\"credit\">El \u00d3rgano de Resistencia Territorial de la CAM<\/span><\/figcaption><\/figure>\n<\/div>\n<div class=\"row\">\n<div class=\"col-xs-12 col-print-12\">\n<p class=\"element element-paragraph\">En un informe realizado en el 2016 por la Televisi\u00f3n Nacional de Chile, miembros del Organismo de Resistencia y el brazo armado de la CAM contaron c\u00f3mo act\u00faan, en forma violenta, en el sur del pa\u00eds vecino. Adem\u00e1s, su m\u00e1ximo l\u00edder,\u00a0<strong>H\u00e9ctor Llaitul<\/strong>, puso en palabras los objetivos del grupo mapuche m\u00e1s violento de Chile.<\/p>\n<\/div>\n<\/div>\n<div class=\"row\">\n<div class=\"col-xs-12 col-print-12\">\n<p class=\"element element-paragraph\"><strong>\u00abLa CAM busca la liberaci\u00f3n de la naci\u00f3n mapuche. Nuestras consignas siempre han sido territorio y autonom\u00eda. Eso es lo que queremos. Nos enfrentamos a un estado colonial que nos invadi\u00f3\u00bb.<\/strong>\u00a0En esos t\u00e9rminos, Llaitul, que estuvo preso durante siete a\u00f1os por reiterados delitos de lesiones y robos con intimidaci\u00f3n, explic\u00f3 cu\u00e1l es el objetivo de la agrupaci\u00f3n que lidera y en donde el di\u00e1logo no suele utilizarse como forma de negociaci\u00f3n.<\/p>\n<\/div>\n<\/div>\n<div class=\"row\">\n<div class=\"col-xs-12 col-print-12\">\n<p class=\"element element-paragraph\">Para los integrantes de la Coordinadora ingresar a una tierra en la que hay personas viviendo y desalojarlas por la fuerza no es un acto de violencia. No lo entienden as\u00ed. \u00abEs una recuperaci\u00f3n leg\u00edtima de la tierra. Lo violento es que la ocupaci\u00f3n territorial contin\u00fae\u00bb, es la explicaci\u00f3n del l\u00edder.<\/p>\n<\/div>\n<\/div>\n<div class=\"row\">\n<figure class=\"element element-image col-xs-12\">\n<div class=\"single-image\">\n<div class=\"shares\"><\/div>\n<p><img decoding=\"async\" id=\"KRBWESH6CVED7MJ7X6WA6KSFLQ\" class=\"image-lazy\" src=\"https:\/\/www.infobae.com\/new-resizer\/d3SukwQM3QhlGDsoNeeRTUBpXEo=\/600x0\/filters:quality(100)\/s3.amazonaws.com\/arc-wordpress-client-uploads\/infobae-wp\/wp-content\/uploads\/2017\/11\/27173522\/Mapuches-en-Chile-6.jpg\" alt=\"El l\u00edder de la CAM, H\u00e9ctor Llatitul\" width=\"750\" height=\"421.875\" data-url=\"http:\/\/www.infobae.com\/sociedad\/2017\/11\/27\/como-actua-la-cam-uno-de-los-grupos-mapuches-mas-radicalizados-de-chile\/%23KRBWESH6CVED7MJ7X6WA6KSFLQ\" data-original=\"https:\/\/www.infobae.com\/new-resizer\/d3SukwQM3QhlGDsoNeeRTUBpXEo=\/600x0\/filters:quality(100)\/s3.amazonaws.com\/arc-wordpress-client-uploads\/infobae-wp\/wp-content\/uploads\/2017\/11\/27173522\/Mapuches-en-Chile-6.jpg\" \/><\/p>\n<\/div><figcaption class=\"\"><span class=\"credit\">El l\u00edder de la CAM, H\u00e9ctor Llatitul<\/span><\/figcaption><\/figure>\n<\/div>\n<div class=\"row\">\n<div class=\"col-xs-12 col-print-12\">\n<p class=\"element element-paragraph\"><strong>El brazo armado de la CAM<\/strong><\/p>\n<\/div>\n<\/div>\n<div class=\"row\">\n<div class=\"col-xs-12 col-print-12\">\n<p class=\"element element-paragraph\"><span class=\"body-text-highlight\">La CAM actualmente tiene como blanco de sus ataques\u00a0a las empresas forestales e hidroel\u00e9ctricas<\/span>.\u00a0\u00a0<strong>\u00abSaboteamos intereses de las inversiones capitalistas en nuestro territorio. Asumimos las acciones violentas. Nos hacemos cargo. Atacamos a las empresas forestales. Atacamos las maquinarias y sus camiones\u00bb<\/strong>, indicaron.<\/p>\n<\/div>\n<\/div>\n<div class=\"row\">\n<figure class=\"element element-image col-xs-12\">\n<div class=\"single-image\">\n<div class=\"shares\"><\/div>\n<p><img decoding=\"async\" id=\"JRNMBXEECFAAXETOLMWAVAORUE\" class=\"image-lazy\" src=\"https:\/\/www.infobae.com\/new-resizer\/abf0LVsr6NBRbNrq5kCqsgY1JNY=\/600x0\/filters:quality(100)\/s3.amazonaws.com\/arc-wordpress-client-uploads\/infobae-wp\/wp-content\/uploads\/2017\/11\/27173507\/Mapuches-en-Chile-4.jpg\" alt=\"El brazo armado de la CAM\" width=\"750\" height=\"421.875\" data-url=\"http:\/\/www.infobae.com\/sociedad\/2017\/11\/27\/como-actua-la-cam-uno-de-los-grupos-mapuches-mas-radicalizados-de-chile\/%23JRNMBXEECFAAXETOLMWAVAORUE\" data-original=\"https:\/\/www.infobae.com\/new-resizer\/abf0LVsr6NBRbNrq5kCqsgY1JNY=\/600x0\/filters:quality(100)\/s3.amazonaws.com\/arc-wordpress-client-uploads\/infobae-wp\/wp-content\/uploads\/2017\/11\/27173507\/Mapuches-en-Chile-4.jpg\" \/><\/p>\n<\/div><figcaption class=\"\"><span class=\"credit\">El brazo armado de la CAM<\/span><\/figcaption><\/figure>\n<\/div>\n<div class=\"row\">\n<div class=\"col-xs-12 col-print-12\">\n<p class=\"element element-paragraph\">Durante el informe, que se film\u00f3 de madrugada y en el medio de la selva, los integrantes del brazo armado se defendieron de delitos por los que se los acusa en Chile. \u00abNosotros no quemamos casas particulares ni iglesias. Ese no es nuestro planteo\u00bb.<\/p>\n<\/div>\n<\/div>\n<div class=\"row\">\n<div class=\"col-xs-12 col-print-12\">\n<p class=\"element element-paragraph\">Los mapuches m\u00e1s radicalizados del grupo defienden la forma de actuar que utilizan. \u00abNo somos terroristas, no atacamos a las personas. No hacemos da\u00f1os a los trabajadores. Solo saboteamos las m\u00e1quinas de las empresas forestales\u00bb.<\/p>\n<\/div>\n<\/div>\n<div class=\"row\"><\/div>\n<div class=\"row\">\n<div class=\"col-xs-12 col-print-12\">\n<p class=\"element element-paragraph\"><strong>El \u00d3rgano de Resistencia Territorial de la CAM<\/strong><\/p>\n<\/div>\n<\/div>\n<div class=\"row\">\n<div class=\"col-xs-12 col-print-12\">\n<p class=\"element element-paragraph\"><span class=\"body-text-highlight\">La CAM revindica la autonom\u00eda del pueblo mapuche respecto al estado de Chile y la forma de hacerlo es atacando la propiedad privada y p\u00fablica con incendios, desalojos y conflictos armados\u00a0<\/span>. A mediados de los a\u00f1os noventa aparecieron en la vida p\u00fablica del pa\u00eds vecino con atentados a camiones de empresas privadas.<\/p>\n<\/div>\n<\/div>\n<div class=\"row\">\n<div class=\"col-xs-12 col-print-12\">\n<p class=\"element element-paragraph\">Un integrante del \u00d3rgano de Resistencia Territorial defini\u00f3 la concepci\u00f3n de la democracia que tiene el grupo mapuche.\u00a0<strong>\u00abNo estamos dispuestos ni al di\u00e1logo ni a parlamentar, solamente nos vamos a defender. Nosotros, con armamento rudimentario, defendemos el territorio mapuche\u00bb<\/strong>.<\/p>\n<\/div>\n<\/div>\n<div class=\"row\">\n<figure class=\"element element-image col-xs-12\">\n<div class=\"single-image\">\n<div class=\"shares\"><\/div>\n<p><img decoding=\"async\" id=\"UVI5IHPOR5GLDOR4PRRXMWWCB4\" class=\"image-lazy\" src=\"https:\/\/www.infobae.com\/new-resizer\/4_45FwXv4mRwMPneDSZYzWfhKlc=\/600x0\/filters:quality(100)\/s3.amazonaws.com\/arc-wordpress-client-uploads\/infobae-wp\/wp-content\/uploads\/2017\/11\/27173702\/Mapuches-en-Chile-21.jpg\" alt=\"\" width=\"750\" height=\"421.875\" data-url=\"http:\/\/www.infobae.com\/sociedad\/2017\/11\/27\/como-actua-la-cam-uno-de-los-grupos-mapuches-mas-radicalizados-de-chile\/%23UVI5IHPOR5GLDOR4PRRXMWWCB4\" data-original=\"https:\/\/www.infobae.com\/new-resizer\/4_45FwXv4mRwMPneDSZYzWfhKlc=\/600x0\/filters:quality(100)\/s3.amazonaws.com\/arc-wordpress-client-uploads\/infobae-wp\/wp-content\/uploads\/2017\/11\/27173702\/Mapuches-en-Chile-21.jpg\" \/><\/p>\n<\/div><figcaption class=\"\"><\/figcaption><\/figure>\n<\/div>\n<div class=\"row\">\n<div class=\"col-xs-12 col-print-12\">\n<p class=\"element element-paragraph\"><b>Fuente: Infobae<\/b><\/p>\n<\/div>\n<\/div>\n<\/div>\n<\/div>\n<\/div>\n<\/div>\n","protected":false},"excerpt":{"rendered":"<p>Chile.-La Coordinadora Arauco Malleco es una de las comunidades mapuches m\u00e1s violentas del pa\u00eds trasandino<\/p>\n","protected":false},"author":2,"featured_media":38981,"comment_status":"open","ping_status":"open","sticky":false,"template":"","format":"standard","meta":{"site-sidebar-layout":"default","site-content-layout":"","ast-site-content-layout":"default","site-content-style":"default","site-sidebar-style":"default","ast-global-header-display":"","ast-banner-title-visibility":"","ast-main-header-display":"","ast-hfb-above-header-display":"","ast-hfb-below-header-display":"","ast-hfb-mobile-header-display":"","site-post-title":"","ast-breadcrumbs-content":"","ast-featured-img":"","footer-sml-layout":"","ast-disable-related-posts":"","theme-transparent-header-meta":"","adv-header-id-meta":"","stick-header-meta":"","header-above-stick-meta":"","header-main-stick-meta":"","header-below-stick-meta":"","astra-migrate-meta-layouts":"default","ast-page-background-enabled":"default","ast-page-background-meta":{"desktop":{"background-color":"var(--ast-global-color-5)","background-image":"","background-repeat":"repeat","background-position":"center center","background-size":"auto","background-attachment":"scroll","background-type":"","background-media":"","overlay-type":"","overlay-color":"","overlay-opacity":"","overlay-gradient":""},"tablet":{"background-color":"","background-image":"","background-repeat":"repeat","background-position":"center center","background-size":"auto","background-attachment":"scroll","background-type":"","background-media":"","overlay-type":"","overlay-color":"","overlay-opacity":"","overlay-gradient":""},"mobile":{"background-color":"","background-image":"","background-repeat":"repeat","background-position":"center center","background-size":"auto","background-attachment":"scroll","background-type":"","background-media":"","overlay-type":"","overlay-color":"","overlay-opacity":"","overlay-gradient":""}},"ast-content-background-meta":{"desktop":{"background-color":"var(--ast-global-color-4)","background-image":"","background-repeat":"repeat","background-position":"center center","background-size":"auto","background-attachment":"scroll","background-type":"","background-media":"","overlay-type":"","overlay-color":"","overlay-opacity":"","overlay-gradient":""},"tablet":{"background-color":"var(--ast-global-color-4)","background-image":"","background-repeat":"repeat","background-position":"center center","background-size":"auto","background-attachment":"scroll","background-type":"","background-media":"","overlay-type":"","overlay-color":"","overlay-opacity":"","overlay-gradient":""},"mobile":{"background-color":"var(--ast-global-color-4)","background-image":"","background-repeat":"repeat","background-position":"center center","background-size":"auto","background-attachment":"scroll","background-type":"","background-media":"","overlay-type":"","overlay-color":"","overlay-opacity":"","overlay-gradient":""}},"footnotes":""},"categories":[23,1],"tags":[],"class_list":["post-38980","post","type-post","status-publish","format-standard","has-post-thumbnail","hentry","category-internacionales","category-noticias"],"yoast_head":"<!-- This site is optimized with the Yoast SEO Premium plugin v23.0 (Yoast SEO v27.4) - https:\/\/yoast.com\/product\/yoast-seo-premium-wordpress\/ -->\n<title>C\u00f3mo act\u00faa la CAM, uno de los grupos mapuches m\u00e1s radicalizados de Chile<\/title>\n<meta name=\"robots\" content=\"index, follow, max-snippet:-1, max-image-preview:large, max-video-preview:-1\" \/>\n<link rel=\"canonical\" href=\"https:\/\/patagoniambiental.com.ar\/info\/como-actua-la-cam-uno-de-los-grupos-mapuches-mas-radicalizados-de-chile\/\" \/>\n<meta property=\"og:locale\" content=\"es_ES\" \/>\n<meta property=\"og:type\" content=\"article\" \/>\n<meta property=\"og:title\" content=\"C\u00f3mo act\u00faa la CAM, uno de los grupos mapuches m\u00e1s radicalizados de Chile\" \/>\n<meta property=\"og:description\" content=\"Chile.-La Coordinadora Arauco Malleco es una de las comunidades mapuches m\u00e1s violentas del pa\u00eds trasandino\" \/>\n<meta property=\"og:url\" content=\"https:\/\/patagoniambiental.com.ar\/info\/como-actua-la-cam-uno-de-los-grupos-mapuches-mas-radicalizados-de-chile\/\" \/>\n<meta property=\"og:site_name\" content=\"Patagonia Ambiental\" \/>\n<meta property=\"article:publisher\" content=\"https:\/\/www.facebook.com\/patagonia.ambiental\" \/>\n<meta property=\"article:author\" content=\"https:\/\/www.facebook.com\/share\/1C1V8Gv9BX\/?mibextid=qi2Omg\" \/>\n<meta property=\"article:published_time\" content=\"2017-11-29T22:00:56+00:00\" \/>\n<meta property=\"og:image\" content=\"https:\/\/patagoniambiental.com.ar\/info\/wp-content\/uploads\/2017\/11\/Sin-t\u00edtulo-15.jpg\" \/>\n\t<meta property=\"og:image:width\" content=\"745\" \/>\n\t<meta property=\"og:image:height\" content=\"418\" \/>\n\t<meta property=\"og:image:type\" content=\"image\/jpeg\" \/>\n<meta name=\"author\" content=\"Patagonia Ambiental\" \/>\n<meta name=\"twitter:card\" content=\"summary_large_image\" \/>\n<meta name=\"twitter:creator\" content=\"@PatAmb\" \/>\n<meta name=\"twitter:site\" content=\"@PatAmb\" \/>\n<script type=\"application\/ld+json\" class=\"yoast-schema-graph\">{\"@context\":\"https:\\\/\\\/schema.org\",\"@graph\":[{\"@type\":\"Article\",\"@id\":\"https:\\\/\\\/patagoniambiental.com.ar\\\/info\\\/como-actua-la-cam-uno-de-los-grupos-mapuches-mas-radicalizados-de-chile\\\/#article\",\"isPartOf\":{\"@id\":\"https:\\\/\\\/patagoniambiental.com.ar\\\/info\\\/como-actua-la-cam-uno-de-los-grupos-mapuches-mas-radicalizados-de-chile\\\/\"},\"author\":{\"name\":\"Patagonia Ambiental\",\"@id\":\"https:\\\/\\\/patagoniambiental.com.ar\\\/info\\\/#\\\/schema\\\/person\\\/db12bff64bbcbf6a253710bf0ea37b5d\"},\"headline\":\"C\u00f3mo act\u00faa la CAM, uno de los grupos mapuches m\u00e1s radicalizados de Chile\",\"datePublished\":\"2017-11-29T22:00:56+00:00\",\"mainEntityOfPage\":{\"@id\":\"https:\\\/\\\/patagoniambiental.com.ar\\\/info\\\/como-actua-la-cam-uno-de-los-grupos-mapuches-mas-radicalizados-de-chile\\\/\"},\"wordCount\":721,\"commentCount\":0,\"publisher\":{\"@id\":\"https:\\\/\\\/patagoniambiental.com.ar\\\/info\\\/#organization\"},\"image\":{\"@id\":\"https:\\\/\\\/patagoniambiental.com.ar\\\/info\\\/como-actua-la-cam-uno-de-los-grupos-mapuches-mas-radicalizados-de-chile\\\/#primaryimage\"},\"thumbnailUrl\":\"https:\\\/\\\/patagoniambiental.com.ar\\\/info\\\/wp-content\\\/uploads\\\/2017\\\/11\\\/Sin-t\u00edtulo-15.jpg\",\"articleSection\":[\"Internacionales\",\"Noticias\"],\"inLanguage\":\"es\",\"potentialAction\":[{\"@type\":\"CommentAction\",\"name\":\"Comment\",\"target\":[\"https:\\\/\\\/patagoniambiental.com.ar\\\/info\\\/como-actua-la-cam-uno-de-los-grupos-mapuches-mas-radicalizados-de-chile\\\/#respond\"]}]},{\"@type\":\"WebPage\",\"@id\":\"https:\\\/\\\/patagoniambiental.com.ar\\\/info\\\/como-actua-la-cam-uno-de-los-grupos-mapuches-mas-radicalizados-de-chile\\\/\",\"url\":\"https:\\\/\\\/patagoniambiental.com.ar\\\/info\\\/como-actua-la-cam-uno-de-los-grupos-mapuches-mas-radicalizados-de-chile\\\/\",\"name\":\"C\u00f3mo act\u00faa la CAM, uno de los grupos mapuches m\u00e1s radicalizados de Chile\",\"isPartOf\":{\"@id\":\"https:\\\/\\\/patagoniambiental.com.ar\\\/info\\\/#website\"},\"primaryImageOfPage\":{\"@id\":\"https:\\\/\\\/patagoniambiental.com.ar\\\/info\\\/como-actua-la-cam-uno-de-los-grupos-mapuches-mas-radicalizados-de-chile\\\/#primaryimage\"},\"image\":{\"@id\":\"https:\\\/\\\/patagoniambiental.com.ar\\\/info\\\/como-actua-la-cam-uno-de-los-grupos-mapuches-mas-radicalizados-de-chile\\\/#primaryimage\"},\"thumbnailUrl\":\"https:\\\/\\\/patagoniambiental.com.ar\\\/info\\\/wp-content\\\/uploads\\\/2017\\\/11\\\/Sin-t\u00edtulo-15.jpg\",\"datePublished\":\"2017-11-29T22:00:56+00:00\",\"breadcrumb\":{\"@id\":\"https:\\\/\\\/patagoniambiental.com.ar\\\/info\\\/como-actua-la-cam-uno-de-los-grupos-mapuches-mas-radicalizados-de-chile\\\/#breadcrumb\"},\"inLanguage\":\"es\",\"potentialAction\":[{\"@type\":\"ReadAction\",\"target\":[\"https:\\\/\\\/patagoniambiental.com.ar\\\/info\\\/como-actua-la-cam-uno-de-los-grupos-mapuches-mas-radicalizados-de-chile\\\/\"]}]},{\"@type\":\"ImageObject\",\"inLanguage\":\"es\",\"@id\":\"https:\\\/\\\/patagoniambiental.com.ar\\\/info\\\/como-actua-la-cam-uno-de-los-grupos-mapuches-mas-radicalizados-de-chile\\\/#primaryimage\",\"url\":\"https:\\\/\\\/patagoniambiental.com.ar\\\/info\\\/wp-content\\\/uploads\\\/2017\\\/11\\\/Sin-t\u00edtulo-15.jpg\",\"contentUrl\":\"https:\\\/\\\/patagoniambiental.com.ar\\\/info\\\/wp-content\\\/uploads\\\/2017\\\/11\\\/Sin-t\u00edtulo-15.jpg\",\"width\":745,\"height\":418},{\"@type\":\"BreadcrumbList\",\"@id\":\"https:\\\/\\\/patagoniambiental.com.ar\\\/info\\\/como-actua-la-cam-uno-de-los-grupos-mapuches-mas-radicalizados-de-chile\\\/#breadcrumb\",\"itemListElement\":[{\"@type\":\"ListItem\",\"position\":1,\"name\":\"Inicio\",\"item\":\"https:\\\/\\\/patagoniambiental.com.ar\\\/info\\\/\"},{\"@type\":\"ListItem\",\"position\":2,\"name\":\"C\u00f3mo act\u00faa la CAM, uno de los grupos mapuches m\u00e1s radicalizados de Chile\"}]},{\"@type\":\"WebSite\",\"@id\":\"https:\\\/\\\/patagoniambiental.com.ar\\\/info\\\/#website\",\"url\":\"https:\\\/\\\/patagoniambiental.com.ar\\\/info\\\/\",\"name\":\"Patagonia Ambiental\",\"description\":\"Monitoreo y an\u00e1lisis de la situaci\u00f3n geopol\u00edtica en el mundo y su implicancia en la Patagonia\",\"publisher\":{\"@id\":\"https:\\\/\\\/patagoniambiental.com.ar\\\/info\\\/#organization\"},\"potentialAction\":[{\"@type\":\"SearchAction\",\"target\":{\"@type\":\"EntryPoint\",\"urlTemplate\":\"https:\\\/\\\/patagoniambiental.com.ar\\\/info\\\/?s={search_term_string}\"},\"query-input\":{\"@type\":\"PropertyValueSpecification\",\"valueRequired\":true,\"valueName\":\"search_term_string\"}}],\"inLanguage\":\"es\"},{\"@type\":\"Organization\",\"@id\":\"https:\\\/\\\/patagoniambiental.com.ar\\\/info\\\/#organization\",\"name\":\"Patagonia Ambiental\",\"url\":\"https:\\\/\\\/patagoniambiental.com.ar\\\/info\\\/\",\"logo\":{\"@type\":\"ImageObject\",\"inLanguage\":\"es\",\"@id\":\"https:\\\/\\\/patagoniambiental.com.ar\\\/info\\\/#\\\/schema\\\/logo\\\/image\\\/\",\"url\":\"https:\\\/\\\/patagoniambiental.com.ar\\\/info\\\/wp-content\\\/uploads\\\/2025\\\/05\\\/LOGO-PATAGONIA-AMBIENTAL.png\",\"contentUrl\":\"https:\\\/\\\/patagoniambiental.com.ar\\\/info\\\/wp-content\\\/uploads\\\/2025\\\/05\\\/LOGO-PATAGONIA-AMBIENTAL.png\",\"width\":433,\"height\":250,\"caption\":\"Patagonia Ambiental\"},\"image\":{\"@id\":\"https:\\\/\\\/patagoniambiental.com.ar\\\/info\\\/#\\\/schema\\\/logo\\\/image\\\/\"},\"sameAs\":[\"https:\\\/\\\/www.facebook.com\\\/patagonia.ambiental\",\"https:\\\/\\\/x.com\\\/PatAmb\"]},{\"@type\":\"Person\",\"@id\":\"https:\\\/\\\/patagoniambiental.com.ar\\\/info\\\/#\\\/schema\\\/person\\\/db12bff64bbcbf6a253710bf0ea37b5d\",\"name\":\"Patagonia Ambiental\",\"description\":\"Andr\u00e9s Nievas T\u00e9cnico en manejo ambiental, consultor Ambiental y escritor para medios locales e internacionales sobre temas de geopolitica y medio ambiente.\",\"sameAs\":[\"http:\\\/\\\/www.patagoniambiental.com.ar\",\"https:\\\/\\\/www.facebook.com\\\/share\\\/1C1V8Gv9BX\\\/?mibextid=qi2Omg\",\"@patagoniambiental\",\"https:\\\/\\\/youtube.com\\\/@patagoniaambiental2023?si=BLt58t0wuXquxlYZ\"]}]}<\/script>\n<!-- \/ Yoast SEO Premium plugin. -->","yoast_head_json":{"title":"C\u00f3mo act\u00faa la CAM, uno de los grupos mapuches m\u00e1s radicalizados de Chile","robots":{"index":"index","follow":"follow","max-snippet":"max-snippet:-1","max-image-preview":"max-image-preview:large","max-video-preview":"max-video-preview:-1"},"canonical":"https:\/\/patagoniambiental.com.ar\/info\/como-actua-la-cam-uno-de-los-grupos-mapuches-mas-radicalizados-de-chile\/","og_locale":"es_ES","og_type":"article","og_title":"C\u00f3mo act\u00faa la CAM, uno de los grupos mapuches m\u00e1s radicalizados de Chile","og_description":"Chile.-La Coordinadora Arauco Malleco es una de las comunidades mapuches m\u00e1s violentas del pa\u00eds trasandino","og_url":"https:\/\/patagoniambiental.com.ar\/info\/como-actua-la-cam-uno-de-los-grupos-mapuches-mas-radicalizados-de-chile\/","og_site_name":"Patagonia Ambiental","article_publisher":"https:\/\/www.facebook.com\/patagonia.ambiental","article_author":"https:\/\/www.facebook.com\/share\/1C1V8Gv9BX\/?mibextid=qi2Omg","article_published_time":"2017-11-29T22:00:56+00:00","og_image":[{"width":745,"height":418,"url":"https:\/\/patagoniambiental.com.ar\/info\/wp-content\/uploads\/2017\/11\/Sin-t\u00edtulo-15.jpg","type":"image\/jpeg"}],"author":"Patagonia Ambiental","twitter_card":"summary_large_image","twitter_creator":"@PatAmb","twitter_site":"@PatAmb","schema":{"@context":"https:\/\/schema.org","@graph":[{"@type":"Article","@id":"https:\/\/patagoniambiental.com.ar\/info\/como-actua-la-cam-uno-de-los-grupos-mapuches-mas-radicalizados-de-chile\/#article","isPartOf":{"@id":"https:\/\/patagoniambiental.com.ar\/info\/como-actua-la-cam-uno-de-los-grupos-mapuches-mas-radicalizados-de-chile\/"},"author":{"name":"Patagonia Ambiental","@id":"https:\/\/patagoniambiental.com.ar\/info\/#\/schema\/person\/db12bff64bbcbf6a253710bf0ea37b5d"},"headline":"C\u00f3mo act\u00faa la CAM, uno de los grupos mapuches m\u00e1s radicalizados de Chile","datePublished":"2017-11-29T22:00:56+00:00","mainEntityOfPage":{"@id":"https:\/\/patagoniambiental.com.ar\/info\/como-actua-la-cam-uno-de-los-grupos-mapuches-mas-radicalizados-de-chile\/"},"wordCount":721,"commentCount":0,"publisher":{"@id":"https:\/\/patagoniambiental.com.ar\/info\/#organization"},"image":{"@id":"https:\/\/patagoniambiental.com.ar\/info\/como-actua-la-cam-uno-de-los-grupos-mapuches-mas-radicalizados-de-chile\/#primaryimage"},"thumbnailUrl":"https:\/\/patagoniambiental.com.ar\/info\/wp-content\/uploads\/2017\/11\/Sin-t\u00edtulo-15.jpg","articleSection":["Internacionales","Noticias"],"inLanguage":"es","potentialAction":[{"@type":"CommentAction","name":"Comment","target":["https:\/\/patagoniambiental.com.ar\/info\/como-actua-la-cam-uno-de-los-grupos-mapuches-mas-radicalizados-de-chile\/#respond"]}]},{"@type":"WebPage","@id":"https:\/\/patagoniambiental.com.ar\/info\/como-actua-la-cam-uno-de-los-grupos-mapuches-mas-radicalizados-de-chile\/","url":"https:\/\/patagoniambiental.com.ar\/info\/como-actua-la-cam-uno-de-los-grupos-mapuches-mas-radicalizados-de-chile\/","name":"C\u00f3mo act\u00faa la CAM, uno de los grupos mapuches m\u00e1s radicalizados de Chile","isPartOf":{"@id":"https:\/\/patagoniambiental.com.ar\/info\/#website"},"primaryImageOfPage":{"@id":"https:\/\/patagoniambiental.com.ar\/info\/como-actua-la-cam-uno-de-los-grupos-mapuches-mas-radicalizados-de-chile\/#primaryimage"},"image":{"@id":"https:\/\/patagoniambiental.com.ar\/info\/como-actua-la-cam-uno-de-los-grupos-mapuches-mas-radicalizados-de-chile\/#primaryimage"},"thumbnailUrl":"https:\/\/patagoniambiental.com.ar\/info\/wp-content\/uploads\/2017\/11\/Sin-t\u00edtulo-15.jpg","datePublished":"2017-11-29T22:00:56+00:00","breadcrumb":{"@id":"https:\/\/patagoniambiental.com.ar\/info\/como-actua-la-cam-uno-de-los-grupos-mapuches-mas-radicalizados-de-chile\/#breadcrumb"},"inLanguage":"es","potentialAction":[{"@type":"ReadAction","target":["https:\/\/patagoniambiental.com.ar\/info\/como-actua-la-cam-uno-de-los-grupos-mapuches-mas-radicalizados-de-chile\/"]}]},{"@type":"ImageObject","inLanguage":"es","@id":"https:\/\/patagoniambiental.com.ar\/info\/como-actua-la-cam-uno-de-los-grupos-mapuches-mas-radicalizados-de-chile\/#primaryimage","url":"https:\/\/patagoniambiental.com.ar\/info\/wp-content\/uploads\/2017\/11\/Sin-t\u00edtulo-15.jpg","contentUrl":"https:\/\/patagoniambiental.com.ar\/info\/wp-content\/uploads\/2017\/11\/Sin-t\u00edtulo-15.jpg","width":745,"height":418},{"@type":"BreadcrumbList","@id":"https:\/\/patagoniambiental.com.ar\/info\/como-actua-la-cam-uno-de-los-grupos-mapuches-mas-radicalizados-de-chile\/#breadcrumb","itemListElement":[{"@type":"ListItem","position":1,"name":"Inicio","item":"https:\/\/patagoniambiental.com.ar\/info\/"},{"@type":"ListItem","position":2,"name":"C\u00f3mo act\u00faa la CAM, uno de los grupos mapuches m\u00e1s radicalizados de Chile"}]},{"@type":"WebSite","@id":"https:\/\/patagoniambiental.com.ar\/info\/#website","url":"https:\/\/patagoniambiental.com.ar\/info\/","name":"Patagonia Ambiental","description":"Monitoreo y an\u00e1lisis de la situaci\u00f3n geopol\u00edtica en el mundo y su implicancia en la Patagonia","publisher":{"@id":"https:\/\/patagoniambiental.com.ar\/info\/#organization"},"potentialAction":[{"@type":"SearchAction","target":{"@type":"EntryPoint","urlTemplate":"https:\/\/patagoniambiental.com.ar\/info\/?s={search_term_string}"},"query-input":{"@type":"PropertyValueSpecification","valueRequired":true,"valueName":"search_term_string"}}],"inLanguage":"es"},{"@type":"Organization","@id":"https:\/\/patagoniambiental.com.ar\/info\/#organization","name":"Patagonia Ambiental","url":"https:\/\/patagoniambiental.com.ar\/info\/","logo":{"@type":"ImageObject","inLanguage":"es","@id":"https:\/\/patagoniambiental.com.ar\/info\/#\/schema\/logo\/image\/","url":"https:\/\/patagoniambiental.com.ar\/info\/wp-content\/uploads\/2025\/05\/LOGO-PATAGONIA-AMBIENTAL.png","contentUrl":"https:\/\/patagoniambiental.com.ar\/info\/wp-content\/uploads\/2025\/05\/LOGO-PATAGONIA-AMBIENTAL.png","width":433,"height":250,"caption":"Patagonia Ambiental"},"image":{"@id":"https:\/\/patagoniambiental.com.ar\/info\/#\/schema\/logo\/image\/"},"sameAs":["https:\/\/www.facebook.com\/patagonia.ambiental","https:\/\/x.com\/PatAmb"]},{"@type":"Person","@id":"https:\/\/patagoniambiental.com.ar\/info\/#\/schema\/person\/db12bff64bbcbf6a253710bf0ea37b5d","name":"Patagonia Ambiental","description":"Andr\u00e9s Nievas T\u00e9cnico en manejo ambiental, consultor Ambiental y escritor para medios locales e internacionales sobre temas de geopolitica y medio ambiente.","sameAs":["http:\/\/www.patagoniambiental.com.ar","https:\/\/www.facebook.com\/share\/1C1V8Gv9BX\/?mibextid=qi2Omg","@patagoniambiental","https:\/\/youtube.com\/@patagoniaambiental2023?si=BLt58t0wuXquxlYZ"]}]}},"_links":{"self":[{"href":"https:\/\/patagoniambiental.com.ar\/info\/wp-json\/wp\/v2\/posts\/38980","targetHints":{"allow":["GET"]}}],"collection":[{"href":"https:\/\/patagoniambiental.com.ar\/info\/wp-json\/wp\/v2\/posts"}],"about":[{"href":"https:\/\/patagoniambiental.com.ar\/info\/wp-json\/wp\/v2\/types\/post"}],"author":[{"embeddable":true,"href":"https:\/\/patagoniambiental.com.ar\/info\/wp-json\/wp\/v2\/users\/2"}],"replies":[{"embeddable":true,"href":"https:\/\/patagoniambiental.com.ar\/info\/wp-json\/wp\/v2\/comments?post=38980"}],"version-history":[{"count":0,"href":"https:\/\/patagoniambiental.com.ar\/info\/wp-json\/wp\/v2\/posts\/38980\/revisions"}],"wp:featuredmedia":[{"embeddable":true,"href":"https:\/\/patagoniambiental.com.ar\/info\/wp-json\/wp\/v2\/media\/38981"}],"wp:attachment":[{"href":"https:\/\/patagoniambiental.com.ar\/info\/wp-json\/wp\/v2\/media?parent=38980"}],"wp:term":[{"taxonomy":"category","embeddable":true,"href":"https:\/\/patagoniambiental.com.ar\/info\/wp-json\/wp\/v2\/categories?post=38980"},{"taxonomy":"post_tag","embeddable":true,"href":"https:\/\/patagoniambiental.com.ar\/info\/wp-json\/wp\/v2\/tags?post=38980"}],"curies":[{"name":"wp","href":"https:\/\/api.w.org\/{rel}","templated":true}]}}