{"id":38997,"date":"2017-11-30T09:00:41","date_gmt":"2017-11-30T12:00:41","guid":{"rendered":"http:\/\/patagoniambiental.com.ar\/info\/?p=38997"},"modified":"2017-11-29T17:14:59","modified_gmt":"2017-11-29T20:14:59","slug":"rio-negro-la-provincia-trabaja-en-parajes-para-mejorar-la-calidad-de-vida-de-los-vecinos","status":"publish","type":"post","link":"https:\/\/patagoniambiental.com.ar\/info\/rio-negro-la-provincia-trabaja-en-parajes-para-mejorar-la-calidad-de-vida-de-los-vecinos\/","title":{"rendered":"R\u00edo Negro: La Provincia trabaja en parajes para mejorar la calidad de vida de los vecinos"},"content":{"rendered":"<p class=\"x_x_MsoNormal\">R\u00cdO NEGRO.- El Ministerio de Gobierno destac\u00f3 la mejora de todo el sistema de provisi\u00f3n de agua potable en El Cuy y reacondicionamiento de la plaza de Cerro Polic\u00eda, con una infraestructura que servir\u00e1 tambi\u00e9n como espacio de recreaci\u00f3n.<\/p>\n<p class=\"x_x_MsoNormal\">El director de Comisiones de Fomento, Yamel Mohana, se reuni\u00f3 en Cerro Polic\u00eda con el vocal Marcelo Riquelme, a quien ratific\u00f3 una serie de obras en la plaza del paraje, que tiene gran extensi\u00f3n, no s\u00f3lo como espacio verde, sino para que cuente con una infraestructura que sirva como lugar recreativo, incluyendo un escenario para actos y actividades culturales.<\/p>\n<p class=\"x_x_MsoNormal\">Indic\u00f3 que se decidi\u00f3 reacondicionar todo el espacio verde, hacer un lugar de esparcimiento con parrillas, juegos, iluminaci\u00f3n, y \u201cdado que se cuenta con mucho espacio, hacer una tarima que sirva como escenario para que los actos y espect\u00e1culos no tengan que hacerse en la calle\u201d. Agreg\u00f3 que \u201cadem\u00e1s vamos a poner todo el equipamiento para que se cuente con un riego importante\u201d.<\/p>\n<p class=\"x_x_MsoNormal\">Por otra parte, se instal\u00f3 d\u00edas atr\u00e1s el equipo m\u00f3vil del Registro Civil, para actualizar documentaci\u00f3n y realizar algunas partidas de nacimiento.<\/p>\n<p class=\"x_x_MsoNormal\">Al respecto, Mohana se\u00f1al\u00f3 que se realizaron tres partidas de nacimiento y 29 tr\u00e1mites de DNI Tarjeta, actualizando los domicilios y expres\u00f3 que \u201cinsistimos en esta tarea para emprolijar los padrones respecto a algunos programas sociales, como tickets ganaderos, Plan\u00a0\u00a0Calor y otros, ya que si no se cuenta con los domicilios reales en el paraje, se hace dif\u00edcil despu\u00e9s al comisionado tramitar los beneficios\u201d.<\/p>\n<p class=\"x_x_MsoNormal\">Respecto a El Cuy, Mohana asegur\u00f3 que \u201cse termin\u00f3 una obra importante de agua en un convenio con ARSA, con una inversi\u00f3n de $350.000. Se sistematiz\u00f3 todo el servicio, la captaci\u00f3n y abastecimiento, se mejor\u00f3 la presi\u00f3n, se repararon las redes, se dejaron a nuevo tres bombas con los tableros, se puso en funcionamiento un tanque a\u00e9reo, y todo esto garantiza una provisi\u00f3n eficaz para la temporada de verano\u201d.<\/p>\n<p class=\"x_x_MsoNormal\">Adelant\u00f3 que se cambiar\u00e1 la iluminaci\u00f3n sobre la Ruta 6 que atraviesa el pueblo y se har\u00e1 un nuevo basurero, ya acordamos con Vialidad Provincial, entre otros proyectos.\u00a0\u00a0\u201cVamos a seguir mejorando la conexi\u00f3n a internet, extendiendo el acceso al Wi-Fi; se est\u00e1 reactivando el vivero para forestar en todo el pueblo, se compra una bomba para el riego y, entre otras, se repar\u00f3 la camioneta con que cuenta la comisi\u00f3n de fomento\u201d, concluy\u00f3.<\/p>\n<p>Fuente: Gobierno de R\u00edo Negro<\/p>\n","protected":false},"excerpt":{"rendered":"<p>R\u00cdO NEGRO.- El Ministerio de Gobierno destac\u00f3 la mejora de todo el sistema de provisi\u00f3n de agua potable en El [&hellip;]<\/p>\n","protected":false},"author":2,"featured_media":38998,"comment_status":"open","ping_status":"open","sticky":false,"template":"","format":"standard","meta":{"site-sidebar-layout":"default","site-content-layout":"","ast-site-content-layout":"default","site-content-style":"default","site-sidebar-style":"default","ast-global-header-display":"","ast-banner-title-visibility":"","ast-main-header-display":"","ast-hfb-above-header-display":"","ast-hfb-below-header-display":"","ast-hfb-mobile-header-display":"","site-post-title":"","ast-breadcrumbs-content":"","ast-featured-img":"","footer-sml-layout":"","ast-disable-related-posts":"","theme-transparent-header-meta":"","adv-header-id-meta":"","stick-header-meta":"","header-above-stick-meta":"","header-main-stick-meta":"","header-below-stick-meta":"","astra-migrate-meta-layouts":"default","ast-page-background-enabled":"default","ast-page-background-meta":{"desktop":{"background-color":"var(--ast-global-color-5)","background-image":"","background-repeat":"repeat","background-position":"center center","background-size":"auto","background-attachment":"scroll","background-type":"","background-media":"","overlay-type":"","overlay-color":"","overlay-opacity":"","overlay-gradient":""},"tablet":{"background-color":"","background-image":"","background-repeat":"repeat","background-position":"center center","background-size":"auto","background-attachment":"scroll","background-type":"","background-media":"","overlay-type":"","overlay-color":"","overlay-opacity":"","overlay-gradient":""},"mobile":{"background-color":"","background-image":"","background-repeat":"repeat","background-position":"center center","background-size":"auto","background-attachment":"scroll","background-type":"","background-media":"","overlay-type":"","overlay-color":"","overlay-opacity":"","overlay-gradient":""}},"ast-content-background-meta":{"desktop":{"background-color":"var(--ast-global-color-4)","background-image":"","background-repeat":"repeat","background-position":"center center","background-size":"auto","background-attachment":"scroll","background-type":"","background-media":"","overlay-type":"","overlay-color":"","overlay-opacity":"","overlay-gradient":""},"tablet":{"background-color":"var(--ast-global-color-4)","background-image":"","background-repeat":"repeat","background-position":"center center","background-size":"auto","background-attachment":"scroll","background-type":"","background-media":"","overlay-type":"","overlay-color":"","overlay-opacity":"","overlay-gradient":""},"mobile":{"background-color":"var(--ast-global-color-4)","background-image":"","background-repeat":"repeat","background-position":"center center","background-size":"auto","background-attachment":"scroll","background-type":"","background-media":"","overlay-type":"","overlay-color":"","overlay-opacity":"","overlay-gradient":""}},"footnotes":""},"categories":[1,14],"tags":[],"class_list":["post-38997","post","type-post","status-publish","format-standard","has-post-thumbnail","hentry","category-noticias","category-rio-negro"],"yoast_head":"<!-- This site is optimized with the Yoast SEO Premium plugin v23.0 (Yoast SEO v27.4) - https:\/\/yoast.com\/product\/yoast-seo-premium-wordpress\/ -->\n<title>R\u00edo Negro: La Provincia trabaja en parajes para mejorar la calidad de vida de los vecinos<\/title>\n<meta name=\"robots\" content=\"index, follow, max-snippet:-1, max-image-preview:large, max-video-preview:-1\" \/>\n<link rel=\"canonical\" href=\"https:\/\/patagoniambiental.com.ar\/info\/rio-negro-la-provincia-trabaja-en-parajes-para-mejorar-la-calidad-de-vida-de-los-vecinos\/\" \/>\n<meta property=\"og:locale\" content=\"es_ES\" \/>\n<meta property=\"og:type\" content=\"article\" \/>\n<meta property=\"og:title\" content=\"R\u00edo Negro: La Provincia trabaja en parajes para mejorar la calidad de vida de los vecinos\" \/>\n<meta property=\"og:description\" content=\"R\u00cdO NEGRO.- El Ministerio de Gobierno destac\u00f3 la mejora de todo el sistema de provisi\u00f3n de agua potable en El [&hellip;]\" \/>\n<meta property=\"og:url\" content=\"https:\/\/patagoniambiental.com.ar\/info\/rio-negro-la-provincia-trabaja-en-parajes-para-mejorar-la-calidad-de-vida-de-los-vecinos\/\" \/>\n<meta property=\"og:site_name\" content=\"Patagonia Ambiental\" \/>\n<meta property=\"article:publisher\" content=\"https:\/\/www.facebook.com\/patagonia.ambiental\" \/>\n<meta property=\"article:author\" content=\"https:\/\/www.facebook.com\/share\/1C1V8Gv9BX\/?mibextid=qi2Omg\" \/>\n<meta property=\"article:published_time\" content=\"2017-11-30T12:00:41+00:00\" \/>\n<meta property=\"og:image\" content=\"https:\/\/patagoniambiental.com.ar\/info\/wp-content\/uploads\/2017\/11\/el-cuy5.jpg\" \/>\n\t<meta property=\"og:image:width\" content=\"300\" \/>\n\t<meta property=\"og:image:height\" content=\"168\" \/>\n\t<meta property=\"og:image:type\" content=\"image\/jpeg\" \/>\n<meta name=\"author\" content=\"Patagonia Ambiental\" \/>\n<meta name=\"twitter:card\" content=\"summary_large_image\" \/>\n<meta name=\"twitter:creator\" content=\"@PatAmb\" \/>\n<meta name=\"twitter:site\" content=\"@PatAmb\" \/>\n<script type=\"application\/ld+json\" class=\"yoast-schema-graph\">{\"@context\":\"https:\\\/\\\/schema.org\",\"@graph\":[{\"@type\":\"Article\",\"@id\":\"https:\\\/\\\/patagoniambiental.com.ar\\\/info\\\/rio-negro-la-provincia-trabaja-en-parajes-para-mejorar-la-calidad-de-vida-de-los-vecinos\\\/#article\",\"isPartOf\":{\"@id\":\"https:\\\/\\\/patagoniambiental.com.ar\\\/info\\\/rio-negro-la-provincia-trabaja-en-parajes-para-mejorar-la-calidad-de-vida-de-los-vecinos\\\/\"},\"author\":{\"name\":\"Patagonia Ambiental\",\"@id\":\"https:\\\/\\\/patagoniambiental.com.ar\\\/info\\\/#\\\/schema\\\/person\\\/db12bff64bbcbf6a253710bf0ea37b5d\"},\"headline\":\"R\u00edo Negro: La Provincia trabaja en parajes para mejorar la calidad de vida de los vecinos\",\"datePublished\":\"2017-11-30T12:00:41+00:00\",\"mainEntityOfPage\":{\"@id\":\"https:\\\/\\\/patagoniambiental.com.ar\\\/info\\\/rio-negro-la-provincia-trabaja-en-parajes-para-mejorar-la-calidad-de-vida-de-los-vecinos\\\/\"},\"wordCount\":439,\"commentCount\":0,\"publisher\":{\"@id\":\"https:\\\/\\\/patagoniambiental.com.ar\\\/info\\\/#organization\"},\"image\":{\"@id\":\"https:\\\/\\\/patagoniambiental.com.ar\\\/info\\\/rio-negro-la-provincia-trabaja-en-parajes-para-mejorar-la-calidad-de-vida-de-los-vecinos\\\/#primaryimage\"},\"thumbnailUrl\":\"https:\\\/\\\/patagoniambiental.com.ar\\\/info\\\/wp-content\\\/uploads\\\/2017\\\/11\\\/el-cuy5.jpg\",\"articleSection\":[\"Noticias\",\"R\u00edo Negro\"],\"inLanguage\":\"es\",\"potentialAction\":[{\"@type\":\"CommentAction\",\"name\":\"Comment\",\"target\":[\"https:\\\/\\\/patagoniambiental.com.ar\\\/info\\\/rio-negro-la-provincia-trabaja-en-parajes-para-mejorar-la-calidad-de-vida-de-los-vecinos\\\/#respond\"]}]},{\"@type\":\"WebPage\",\"@id\":\"https:\\\/\\\/patagoniambiental.com.ar\\\/info\\\/rio-negro-la-provincia-trabaja-en-parajes-para-mejorar-la-calidad-de-vida-de-los-vecinos\\\/\",\"url\":\"https:\\\/\\\/patagoniambiental.com.ar\\\/info\\\/rio-negro-la-provincia-trabaja-en-parajes-para-mejorar-la-calidad-de-vida-de-los-vecinos\\\/\",\"name\":\"R\u00edo Negro: La Provincia trabaja en parajes para mejorar la calidad de vida de los vecinos\",\"isPartOf\":{\"@id\":\"https:\\\/\\\/patagoniambiental.com.ar\\\/info\\\/#website\"},\"primaryImageOfPage\":{\"@id\":\"https:\\\/\\\/patagoniambiental.com.ar\\\/info\\\/rio-negro-la-provincia-trabaja-en-parajes-para-mejorar-la-calidad-de-vida-de-los-vecinos\\\/#primaryimage\"},\"image\":{\"@id\":\"https:\\\/\\\/patagoniambiental.com.ar\\\/info\\\/rio-negro-la-provincia-trabaja-en-parajes-para-mejorar-la-calidad-de-vida-de-los-vecinos\\\/#primaryimage\"},\"thumbnailUrl\":\"https:\\\/\\\/patagoniambiental.com.ar\\\/info\\\/wp-content\\\/uploads\\\/2017\\\/11\\\/el-cuy5.jpg\",\"datePublished\":\"2017-11-30T12:00:41+00:00\",\"breadcrumb\":{\"@id\":\"https:\\\/\\\/patagoniambiental.com.ar\\\/info\\\/rio-negro-la-provincia-trabaja-en-parajes-para-mejorar-la-calidad-de-vida-de-los-vecinos\\\/#breadcrumb\"},\"inLanguage\":\"es\",\"potentialAction\":[{\"@type\":\"ReadAction\",\"target\":[\"https:\\\/\\\/patagoniambiental.com.ar\\\/info\\\/rio-negro-la-provincia-trabaja-en-parajes-para-mejorar-la-calidad-de-vida-de-los-vecinos\\\/\"]}]},{\"@type\":\"ImageObject\",\"inLanguage\":\"es\",\"@id\":\"https:\\\/\\\/patagoniambiental.com.ar\\\/info\\\/rio-negro-la-provincia-trabaja-en-parajes-para-mejorar-la-calidad-de-vida-de-los-vecinos\\\/#primaryimage\",\"url\":\"https:\\\/\\\/patagoniambiental.com.ar\\\/info\\\/wp-content\\\/uploads\\\/2017\\\/11\\\/el-cuy5.jpg\",\"contentUrl\":\"https:\\\/\\\/patagoniambiental.com.ar\\\/info\\\/wp-content\\\/uploads\\\/2017\\\/11\\\/el-cuy5.jpg\",\"width\":300,\"height\":168},{\"@type\":\"BreadcrumbList\",\"@id\":\"https:\\\/\\\/patagoniambiental.com.ar\\\/info\\\/rio-negro-la-provincia-trabaja-en-parajes-para-mejorar-la-calidad-de-vida-de-los-vecinos\\\/#breadcrumb\",\"itemListElement\":[{\"@type\":\"ListItem\",\"position\":1,\"name\":\"Inicio\",\"item\":\"https:\\\/\\\/patagoniambiental.com.ar\\\/info\\\/\"},{\"@type\":\"ListItem\",\"position\":2,\"name\":\"R\u00edo Negro: La Provincia trabaja en parajes para mejorar la calidad de vida de los vecinos\"}]},{\"@type\":\"WebSite\",\"@id\":\"https:\\\/\\\/patagoniambiental.com.ar\\\/info\\\/#website\",\"url\":\"https:\\\/\\\/patagoniambiental.com.ar\\\/info\\\/\",\"name\":\"Patagonia Ambiental\",\"description\":\"Monitoreo y an\u00e1lisis de la situaci\u00f3n geopol\u00edtica en el mundo y su implicancia en la Patagonia\",\"publisher\":{\"@id\":\"https:\\\/\\\/patagoniambiental.com.ar\\\/info\\\/#organization\"},\"potentialAction\":[{\"@type\":\"SearchAction\",\"target\":{\"@type\":\"EntryPoint\",\"urlTemplate\":\"https:\\\/\\\/patagoniambiental.com.ar\\\/info\\\/?s={search_term_string}\"},\"query-input\":{\"@type\":\"PropertyValueSpecification\",\"valueRequired\":true,\"valueName\":\"search_term_string\"}}],\"inLanguage\":\"es\"},{\"@type\":\"Organization\",\"@id\":\"https:\\\/\\\/patagoniambiental.com.ar\\\/info\\\/#organization\",\"name\":\"Patagonia Ambiental\",\"url\":\"https:\\\/\\\/patagoniambiental.com.ar\\\/info\\\/\",\"logo\":{\"@type\":\"ImageObject\",\"inLanguage\":\"es\",\"@id\":\"https:\\\/\\\/patagoniambiental.com.ar\\\/info\\\/#\\\/schema\\\/logo\\\/image\\\/\",\"url\":\"https:\\\/\\\/patagoniambiental.com.ar\\\/info\\\/wp-content\\\/uploads\\\/2025\\\/05\\\/LOGO-PATAGONIA-AMBIENTAL.png\",\"contentUrl\":\"https:\\\/\\\/patagoniambiental.com.ar\\\/info\\\/wp-content\\\/uploads\\\/2025\\\/05\\\/LOGO-PATAGONIA-AMBIENTAL.png\",\"width\":433,\"height\":250,\"caption\":\"Patagonia Ambiental\"},\"image\":{\"@id\":\"https:\\\/\\\/patagoniambiental.com.ar\\\/info\\\/#\\\/schema\\\/logo\\\/image\\\/\"},\"sameAs\":[\"https:\\\/\\\/www.facebook.com\\\/patagonia.ambiental\",\"https:\\\/\\\/x.com\\\/PatAmb\"]},{\"@type\":\"Person\",\"@id\":\"https:\\\/\\\/patagoniambiental.com.ar\\\/info\\\/#\\\/schema\\\/person\\\/db12bff64bbcbf6a253710bf0ea37b5d\",\"name\":\"Patagonia Ambiental\",\"description\":\"Andr\u00e9s Nievas T\u00e9cnico en manejo ambiental, consultor Ambiental y escritor para medios locales e internacionales sobre temas de geopolitica y medio ambiente.\",\"sameAs\":[\"http:\\\/\\\/www.patagoniambiental.com.ar\",\"https:\\\/\\\/www.facebook.com\\\/share\\\/1C1V8Gv9BX\\\/?mibextid=qi2Omg\",\"@patagoniambiental\",\"https:\\\/\\\/youtube.com\\\/@patagoniaambiental2023?si=BLt58t0wuXquxlYZ\"]}]}<\/script>\n<!-- \/ Yoast SEO Premium plugin. -->","yoast_head_json":{"title":"R\u00edo Negro: La Provincia trabaja en parajes para mejorar la calidad de vida de los vecinos","robots":{"index":"index","follow":"follow","max-snippet":"max-snippet:-1","max-image-preview":"max-image-preview:large","max-video-preview":"max-video-preview:-1"},"canonical":"https:\/\/patagoniambiental.com.ar\/info\/rio-negro-la-provincia-trabaja-en-parajes-para-mejorar-la-calidad-de-vida-de-los-vecinos\/","og_locale":"es_ES","og_type":"article","og_title":"R\u00edo Negro: La Provincia trabaja en parajes para mejorar la calidad de vida de los vecinos","og_description":"R\u00cdO NEGRO.- El Ministerio de Gobierno destac\u00f3 la mejora de todo el sistema de provisi\u00f3n de agua potable en El [&hellip;]","og_url":"https:\/\/patagoniambiental.com.ar\/info\/rio-negro-la-provincia-trabaja-en-parajes-para-mejorar-la-calidad-de-vida-de-los-vecinos\/","og_site_name":"Patagonia Ambiental","article_publisher":"https:\/\/www.facebook.com\/patagonia.ambiental","article_author":"https:\/\/www.facebook.com\/share\/1C1V8Gv9BX\/?mibextid=qi2Omg","article_published_time":"2017-11-30T12:00:41+00:00","og_image":[{"width":300,"height":168,"url":"https:\/\/patagoniambiental.com.ar\/info\/wp-content\/uploads\/2017\/11\/el-cuy5.jpg","type":"image\/jpeg"}],"author":"Patagonia Ambiental","twitter_card":"summary_large_image","twitter_creator":"@PatAmb","twitter_site":"@PatAmb","schema":{"@context":"https:\/\/schema.org","@graph":[{"@type":"Article","@id":"https:\/\/patagoniambiental.com.ar\/info\/rio-negro-la-provincia-trabaja-en-parajes-para-mejorar-la-calidad-de-vida-de-los-vecinos\/#article","isPartOf":{"@id":"https:\/\/patagoniambiental.com.ar\/info\/rio-negro-la-provincia-trabaja-en-parajes-para-mejorar-la-calidad-de-vida-de-los-vecinos\/"},"author":{"name":"Patagonia Ambiental","@id":"https:\/\/patagoniambiental.com.ar\/info\/#\/schema\/person\/db12bff64bbcbf6a253710bf0ea37b5d"},"headline":"R\u00edo Negro: La Provincia trabaja en parajes para mejorar la calidad de vida de los vecinos","datePublished":"2017-11-30T12:00:41+00:00","mainEntityOfPage":{"@id":"https:\/\/patagoniambiental.com.ar\/info\/rio-negro-la-provincia-trabaja-en-parajes-para-mejorar-la-calidad-de-vida-de-los-vecinos\/"},"wordCount":439,"commentCount":0,"publisher":{"@id":"https:\/\/patagoniambiental.com.ar\/info\/#organization"},"image":{"@id":"https:\/\/patagoniambiental.com.ar\/info\/rio-negro-la-provincia-trabaja-en-parajes-para-mejorar-la-calidad-de-vida-de-los-vecinos\/#primaryimage"},"thumbnailUrl":"https:\/\/patagoniambiental.com.ar\/info\/wp-content\/uploads\/2017\/11\/el-cuy5.jpg","articleSection":["Noticias","R\u00edo Negro"],"inLanguage":"es","potentialAction":[{"@type":"CommentAction","name":"Comment","target":["https:\/\/patagoniambiental.com.ar\/info\/rio-negro-la-provincia-trabaja-en-parajes-para-mejorar-la-calidad-de-vida-de-los-vecinos\/#respond"]}]},{"@type":"WebPage","@id":"https:\/\/patagoniambiental.com.ar\/info\/rio-negro-la-provincia-trabaja-en-parajes-para-mejorar-la-calidad-de-vida-de-los-vecinos\/","url":"https:\/\/patagoniambiental.com.ar\/info\/rio-negro-la-provincia-trabaja-en-parajes-para-mejorar-la-calidad-de-vida-de-los-vecinos\/","name":"R\u00edo Negro: La Provincia trabaja en parajes para mejorar la calidad de vida de los vecinos","isPartOf":{"@id":"https:\/\/patagoniambiental.com.ar\/info\/#website"},"primaryImageOfPage":{"@id":"https:\/\/patagoniambiental.com.ar\/info\/rio-negro-la-provincia-trabaja-en-parajes-para-mejorar-la-calidad-de-vida-de-los-vecinos\/#primaryimage"},"image":{"@id":"https:\/\/patagoniambiental.com.ar\/info\/rio-negro-la-provincia-trabaja-en-parajes-para-mejorar-la-calidad-de-vida-de-los-vecinos\/#primaryimage"},"thumbnailUrl":"https:\/\/patagoniambiental.com.ar\/info\/wp-content\/uploads\/2017\/11\/el-cuy5.jpg","datePublished":"2017-11-30T12:00:41+00:00","breadcrumb":{"@id":"https:\/\/patagoniambiental.com.ar\/info\/rio-negro-la-provincia-trabaja-en-parajes-para-mejorar-la-calidad-de-vida-de-los-vecinos\/#breadcrumb"},"inLanguage":"es","potentialAction":[{"@type":"ReadAction","target":["https:\/\/patagoniambiental.com.ar\/info\/rio-negro-la-provincia-trabaja-en-parajes-para-mejorar-la-calidad-de-vida-de-los-vecinos\/"]}]},{"@type":"ImageObject","inLanguage":"es","@id":"https:\/\/patagoniambiental.com.ar\/info\/rio-negro-la-provincia-trabaja-en-parajes-para-mejorar-la-calidad-de-vida-de-los-vecinos\/#primaryimage","url":"https:\/\/patagoniambiental.com.ar\/info\/wp-content\/uploads\/2017\/11\/el-cuy5.jpg","contentUrl":"https:\/\/patagoniambiental.com.ar\/info\/wp-content\/uploads\/2017\/11\/el-cuy5.jpg","width":300,"height":168},{"@type":"BreadcrumbList","@id":"https:\/\/patagoniambiental.com.ar\/info\/rio-negro-la-provincia-trabaja-en-parajes-para-mejorar-la-calidad-de-vida-de-los-vecinos\/#breadcrumb","itemListElement":[{"@type":"ListItem","position":1,"name":"Inicio","item":"https:\/\/patagoniambiental.com.ar\/info\/"},{"@type":"ListItem","position":2,"name":"R\u00edo Negro: La Provincia trabaja en parajes para mejorar la calidad de vida de los vecinos"}]},{"@type":"WebSite","@id":"https:\/\/patagoniambiental.com.ar\/info\/#website","url":"https:\/\/patagoniambiental.com.ar\/info\/","name":"Patagonia Ambiental","description":"Monitoreo y an\u00e1lisis de la situaci\u00f3n geopol\u00edtica en el mundo y su implicancia en la Patagonia","publisher":{"@id":"https:\/\/patagoniambiental.com.ar\/info\/#organization"},"potentialAction":[{"@type":"SearchAction","target":{"@type":"EntryPoint","urlTemplate":"https:\/\/patagoniambiental.com.ar\/info\/?s={search_term_string}"},"query-input":{"@type":"PropertyValueSpecification","valueRequired":true,"valueName":"search_term_string"}}],"inLanguage":"es"},{"@type":"Organization","@id":"https:\/\/patagoniambiental.com.ar\/info\/#organization","name":"Patagonia Ambiental","url":"https:\/\/patagoniambiental.com.ar\/info\/","logo":{"@type":"ImageObject","inLanguage":"es","@id":"https:\/\/patagoniambiental.com.ar\/info\/#\/schema\/logo\/image\/","url":"https:\/\/patagoniambiental.com.ar\/info\/wp-content\/uploads\/2025\/05\/LOGO-PATAGONIA-AMBIENTAL.png","contentUrl":"https:\/\/patagoniambiental.com.ar\/info\/wp-content\/uploads\/2025\/05\/LOGO-PATAGONIA-AMBIENTAL.png","width":433,"height":250,"caption":"Patagonia Ambiental"},"image":{"@id":"https:\/\/patagoniambiental.com.ar\/info\/#\/schema\/logo\/image\/"},"sameAs":["https:\/\/www.facebook.com\/patagonia.ambiental","https:\/\/x.com\/PatAmb"]},{"@type":"Person","@id":"https:\/\/patagoniambiental.com.ar\/info\/#\/schema\/person\/db12bff64bbcbf6a253710bf0ea37b5d","name":"Patagonia Ambiental","description":"Andr\u00e9s Nievas T\u00e9cnico en manejo ambiental, consultor Ambiental y escritor para medios locales e internacionales sobre temas de geopolitica y medio ambiente.","sameAs":["http:\/\/www.patagoniambiental.com.ar","https:\/\/www.facebook.com\/share\/1C1V8Gv9BX\/?mibextid=qi2Omg","@patagoniambiental","https:\/\/youtube.com\/@patagoniaambiental2023?si=BLt58t0wuXquxlYZ"]}]}},"_links":{"self":[{"href":"https:\/\/patagoniambiental.com.ar\/info\/wp-json\/wp\/v2\/posts\/38997","targetHints":{"allow":["GET"]}}],"collection":[{"href":"https:\/\/patagoniambiental.com.ar\/info\/wp-json\/wp\/v2\/posts"}],"about":[{"href":"https:\/\/patagoniambiental.com.ar\/info\/wp-json\/wp\/v2\/types\/post"}],"author":[{"embeddable":true,"href":"https:\/\/patagoniambiental.com.ar\/info\/wp-json\/wp\/v2\/users\/2"}],"replies":[{"embeddable":true,"href":"https:\/\/patagoniambiental.com.ar\/info\/wp-json\/wp\/v2\/comments?post=38997"}],"version-history":[{"count":0,"href":"https:\/\/patagoniambiental.com.ar\/info\/wp-json\/wp\/v2\/posts\/38997\/revisions"}],"wp:featuredmedia":[{"embeddable":true,"href":"https:\/\/patagoniambiental.com.ar\/info\/wp-json\/wp\/v2\/media\/38998"}],"wp:attachment":[{"href":"https:\/\/patagoniambiental.com.ar\/info\/wp-json\/wp\/v2\/media?parent=38997"}],"wp:term":[{"taxonomy":"category","embeddable":true,"href":"https:\/\/patagoniambiental.com.ar\/info\/wp-json\/wp\/v2\/categories?post=38997"},{"taxonomy":"post_tag","embeddable":true,"href":"https:\/\/patagoniambiental.com.ar\/info\/wp-json\/wp\/v2\/tags?post=38997"}],"curies":[{"name":"wp","href":"https:\/\/api.w.org\/{rel}","templated":true}]}}