{"id":39003,"date":"2017-11-29T19:00:10","date_gmt":"2017-11-29T22:00:10","guid":{"rendered":"http:\/\/patagoniambiental.com.ar\/info\/?p=39003"},"modified":"2017-11-29T17:24:02","modified_gmt":"2017-11-29T20:24:02","slug":"prefectura-naval-argentina-asesina-a-rafael-nahuel-y-lesiona-a-otros-dos-jovenes-mapuche","status":"publish","type":"post","link":"https:\/\/patagoniambiental.com.ar\/info\/prefectura-naval-argentina-asesina-a-rafael-nahuel-y-lesiona-a-otros-dos-jovenes-mapuche\/","title":{"rendered":"Prefectura Naval Argentina, Asesina a Rafael Nahuel\u00a0y Lesiona a otros dos J\u00f3venes Mapuche."},"content":{"rendered":"<p><strong>Bristol, Inglaterra.-Por Reynaldo Mariqueo .<\/strong>El asesinato de Rafael Nahuel y las heridas de balas infligidas a otros tres j\u00f3venes mapuche, se suman a los violentos allanamientos, las torturas, vejaciones y detenciones de mujeres y ni\u00f1os en Villa Mascardi por los servicios de seguridad argentino.<!--more--><\/p>\n<p>&nbsp;<\/p>\n<p>Adem\u00e1s se encuentran detenidos en Bariloche Fausto Jones Huala (hermano del Lonko Facundo) y Lautaro Alejandro Gonz\u00e1lez desde el pasado domino 26 de noviembre. La sobrevivencia del pueblo Mapuche en la Patagonia se enmarca dentro de un panorama de violencia y persecuci\u00f3n por las fuerzas represivas del estado Argentino.<\/p>\n<p><img fetchpriority=\"high\" decoding=\"async\" class=\"alignleft wp-image-256\" src=\"http:\/\/www.mapuche-nation.org\/esp\/wp-content\/uploads\/sites\/5\/2017\/11\/Rafael-Nahuel-300x230.jpg\" sizes=\"(max-width: 560px) 100vw, 560px\" srcset=\"http:\/\/www.mapuche-nation.org\/esp\/wp-content\/uploads\/sites\/5\/2017\/11\/Rafael-Nahuel-300x230.jpg 300w, http:\/\/www.mapuche-nation.org\/esp\/wp-content\/uploads\/sites\/5\/2017\/11\/Rafael-Nahuel-255x195.jpg 255w, http:\/\/www.mapuche-nation.org\/esp\/wp-content\/uploads\/sites\/5\/2017\/11\/Rafael-Nahuel-275x210.jpg 275w, http:\/\/www.mapuche-nation.org\/esp\/wp-content\/uploads\/sites\/5\/2017\/11\/Rafael-Nahuel.jpg 700w\" alt=\"\" width=\"560\" height=\"430\" \/><\/p>\n<p>Las informaciones que emanan del Puelmapu (Argentina) nos llenan de consternaci\u00f3n por el grado de represi\u00f3n llevada a cabo por el actual gobierno de Macri contra las comunidades mapuche, que sobrevivieron el genocidio del General Roca hace poco m\u00e1s de cien a\u00f1os atr\u00e1s.\u00a0 Rafael Nahuel, joven mapuche de veinti\u00fan a\u00f1os de edad fue acribillado a balazos el s\u00e1bado 25 de noviembre pasado en Villa Mascardi, R\u00edo Negro, en los momentos que retornaba con sus compa\u00f1eros de la monta\u00f1a desde donde se hab\u00edan refugiado, cuando fueron sorpresivamente atacados con r\u00e1fagas de metralletas por una unidad de la Prefectura Naval.<\/p>\n<p>Frente al desproporcionado despliegue militar el pasado jueves 23 de noviembre los j\u00f3venes mapuche de la comunidad Lafken Winkul Mapu, huyeron a la monta\u00f1a para salvar sus vidas. Creyeron que de esta forma evadir\u00edan un tr\u00e1gico desenlace como lo ocurrido con Santiago Maldonado, muerto por gendarmer\u00eda por solidarizar, en una protesta pacifica de comunidades mapuche, que ped\u00edan la liberaci\u00f3n de su lonko (autoridad pol\u00edtica mapuche) Facundo Jones Huala, quien se encuentra actualmente encarcelado. Se ha informado que desde el incidente, dos de ellos recibieron impactos de balas de plomo, que habr\u00edan sido torturados, mientras se desconoce el paradero de otros miembros de la comunidad.<\/p>\n<p>La Prefectura Naval, entidad dependiente de la Armada Argentina, esta adiestrada para defender el pa\u00eds del enemigo externo, para resguardar el litoral mar\u00edtimo, fluvial, puertos y otras v\u00edas navegables y no para controlar la protesta social. La represi\u00f3n desencadenada por dicha instituci\u00f3n el pasado jueves y s\u00e1bado, esta enfocada para amedrentar y perseguir a un pueblo ind\u00edgena, por su condici\u00f3n \u00e9tnica, pueblo que hist\u00f3ricamente ha sufrido el genocidio y el despojo territorial, de parte del estado Argentino. Representa en los hechos, la continuaci\u00f3n de esa pol\u00edtica genocida que apunta a exterminarlo como pueblo distinto y negarle su derecho a preservar su acervo cultural preexistente a la formaci\u00f3n del estado Argentino. Esta acci\u00f3n en un estado de derecho y en un r\u00e9gimen democr\u00e1tico constituye un abuso de poder, porque contraviene el derecho consuetudinario y legislaciones internacionales humanitarias que protege a los pueblos ind\u00edgenas.<\/p>\n<p>Este incidente se produce en medio de un clima de estigmatizaci\u00f3n, odio racial y discriminaci\u00f3n en contra de los mapuche que luchan por la recuperaci\u00f3n de sus tierras ancestrales. Las comunidades mapuche reclaman el derecho a vivir en paz en el territorio de sus ancestros, el derecho a mantener su identidad cultural, mantener su idioma, su medio ambiente y espiritualidad, derechos consagrados en la legislaci\u00f3n nacional e internacional, que el gobierno de Macri deber\u00eda respetar.\u201d<\/p>\n<p>Personeros del actual gobierno y sectores de la prensa argentina, adem\u00e1s de grupos de extrema derecha han desvirtuado perversamente las justas demandas de los mapuche, con el objeto de incitar el odio racial hacia ellos y justificar la represi\u00f3n que presenciamos en estos momentos. La invocaci\u00f3n de ciertos principios y derechos consagrados en la Declaraci\u00f3n de la ONU sobre los derechos de los pueblos ind\u00edgenas, tales como la autonom\u00eda, libre determinaci\u00f3n y el autogobierno son interpretados maliciosamente, como aspiraciones separatistas.\u201d<\/p>\n<p>Para negarle a los mapuche el derecho a reclamar su territorio ancestral los acusan ser extranjeros de Argentina, no los ven como argentinos, su idioma mapuzugun es clasificado como idioma extranjero, en suma los tratan como ciudadanos de segunda categor\u00eda. Todo esto y, a pesar que las investigaciones acad\u00e9mica y restos arqueol\u00f3gicos encontrados, investigaciones conducidas por las propias universidades argentina, se\u00f1alan sobre la existencia de los mapuche en la Patagonia, por cientos de a\u00f1os ante de la llegada de los espa\u00f1oles al continente americano.<\/p>\n<p><img decoding=\"async\" class=\"alignnone wp-image-264\" src=\"http:\/\/www.mapuche-nation.org\/esp\/wp-content\/uploads\/sites\/5\/2017\/11\/mapuche-mascardi-20171125-300x169.jpg\" sizes=\"(max-width: 832px) 100vw, 832px\" srcset=\"http:\/\/www.mapuche-nation.org\/esp\/wp-content\/uploads\/sites\/5\/2017\/11\/mapuche-mascardi-20171125-300x169.jpg 300w, http:\/\/www.mapuche-nation.org\/esp\/wp-content\/uploads\/sites\/5\/2017\/11\/mapuche-mascardi-20171125-768x432.jpg 768w, http:\/\/www.mapuche-nation.org\/esp\/wp-content\/uploads\/sites\/5\/2017\/11\/mapuche-mascardi-20171125.jpg 889w\" alt=\"\" width=\"832\" height=\"468\" \/><br \/>\nLa Ministro de Seguridad Patricia Bullrich, responsable de la actual represi\u00f3n contra las comunidades mapuche, refiri\u00e9ndose a la muerte de Rafael Nahuel y la lucha mapuche por la recuperaci\u00f3n de sus tierras, afirm\u00f3 que:\u00a0<em>\u201cson grupos violentos, que no respetan la ley, que no reconocen a la Argentina, que no aceptan el estado, la constituci\u00f3n, los s\u00edmbolos.\u201d\u00a0<\/em>Obviamente la Ministro desconoce que el pueblo Mapuche fue un pueblo independiente, libre y soberano que su independencia le fue reconocida por Espa\u00f1a en el Tratado de Killen el 6 de enero de 1641, que por lo tanto los mapuches tienen sus propios h\u00e9roes y hero\u00ednas, sus propios s\u00edmbolos nacionales y fechas conmemorativas, anterior a los que se crearon con la formaci\u00f3n del estado Argentino, hace 200 a\u00f1os. \u00bfQue quiere la Ministro que los mapuche tambi\u00e9n olviden su identidad cultural y nacional?; \u00bfQu\u00e9 olviden su pasado hist\u00f3rico reciente?<\/p>\n<p>El Relator Especial de las Naciones Unidas sobre las formas contempor\u00e1neas de racismo, discriminaci\u00f3n racial, xenofobia y formas conexas de intolerancia Sr. Mutuma Ruteere emiti\u00f3 un informe sobre el trato vejatorio contra los pueblos ind\u00edgenas en Argentina, despu\u00e9s de su visita al pa\u00eds en mayo de 2016. El gobierno Argentino hace caso omiso y se niega implementar, hasta ahora, las recomendaciones del Relator.<\/p>\n<p>La Convenci\u00f3n Internacional sobre la Eliminaci\u00f3n de todas las Formas de Discriminaci\u00f3n Racial en su Articulo 2.1a), establece: \u201c<em>Cada Estado parte se compromete a no incurrir en ning\u00fan acto o pr\u00e1ctica de discriminaci\u00f3n racial contra personas, grupos de personas o instituciones y a velar por que todas las autoridades p\u00fablicas e instituciones p\u00fablicas, nacionales y locales, act\u00faen en conformidad con esta obligaci\u00f3n;\u201d<\/em>\u00a0El gobierno argentino ratific\u00f3 dicha Convenci\u00f3n, pero lejos de combatir el racismo y la discriminaci\u00f3n, a trav\u00e9s de la Ministro Bullrich, lo incentiva.<\/p>\n<p>Durante el operativo militar ordenado por el juez Gustavo Villanueva el pasado jueves, miembros de la comunidad fueron violenta e indiscriminadamente agredidos y torturados, se les detuvo ilegalmente, incluyendo a mujeres y ni\u00f1os, a la Machi (l\u00edder espiritual) de la comunidad, le obligaron comer tierra, como un acto de humillaci\u00f3n a la dignidad por su condici\u00f3n de autoridad mapuche. Los detenidos fueron sometidos a tratos crueles inhumanos y degradantes en directa contravenci\u00f3n con la legislaci\u00f3n nacional e internacional. Todo esto, mientras el presidente Macri no pierde la ocasi\u00f3n para criticar los derechos humanos en Venezuela, mientras reprime sin ninguna consideraci\u00f3n a las comunidades empobrecidas, m\u00e1s vulnerables e indefensas de Argentina.<\/p>\n<p>Frente a la agresi\u00f3n que es objeto el pueblo Mapuche, las organizaciones mapuche de dentro y fuera del Wallmapu deberemos apelar tanto a nivel nacional como internacional se respeten los derechos de la naci\u00f3n Mapuche, se termine con la represi\u00f3n indiscriminada y exigir que el estado Argentina respete la legislaci\u00f3n internacional que ha ratificado. Tenemos que exigir que el presidente Macri ordene investigar los excesos de gendarmer\u00eda y la Prefectura Naval, los numerosos mapuches desaparecidos y los responsables de tan alevoso crimen sean castigados.\u00a0 Debemos pedir que se ponga fin a la escalada de violencia, racismo y odio racial contra las comunidades mapuche que son incentivadas desde la propia institucionalidad del actual gobierno argentino.<\/p>\n<p>______________________<\/p>\n<p><strong>Nota adicional:<\/strong>\u00a0El Estado-naci\u00f3n mapuche fue violentamente anexado en 1885, tras una violenta ocupaci\u00f3n militar que encabezara el General Roca en 1879. \u00a0El gobierno Argentino le autoriz\u00f3 trasladar la frontera desde el r\u00edo Colorado al r\u00edo Negro, pero este arremeti\u00f3 contra todo los pueblos ind\u00edgenas de la Patagonia en un claro intento de exterminarlos.\u00a0 La naci\u00f3n Mapuche y otros pueblos ind\u00edgenas hasta entonces hab\u00edan permanecido independientes y reconocidos por tratados internacionales por Espa\u00f1a y los nacientes estados de Chile y Argentina. No existe hasta ahora ning\u00fan intento significativo de parte de los gobiernos de Argentina y Chile para abordar su legado colonial, ni existen iniciativas relacionadas con reparar los cr\u00edmenes de lesa humanidad cometido contra la naci\u00f3n Mapuche.<\/p>\n<p>Fuente:\u00a0http:\/\/www.mapuche-nation.org\/esp\/prefectura-naval-argentina-asesina-rafael-nahuel-y-lesiona-otros-dos-jovenes-mapuche\/<\/p>\n","protected":false},"excerpt":{"rendered":"<p>Bristol, Inglaterra.-Por Reynaldo Mariqueo .El asesinato de Rafael Nahuel y las heridas de balas infligidas a otros tres j\u00f3venes mapuche, [&hellip;]<\/p>\n","protected":false},"author":2,"featured_media":39004,"comment_status":"open","ping_status":"open","sticky":false,"template":"","format":"standard","meta":{"site-sidebar-layout":"default","site-content-layout":"","ast-site-content-layout":"default","site-content-style":"default","site-sidebar-style":"default","ast-global-header-display":"","ast-banner-title-visibility":"","ast-main-header-display":"","ast-hfb-above-header-display":"","ast-hfb-below-header-display":"","ast-hfb-mobile-header-display":"","site-post-title":"","ast-breadcrumbs-content":"","ast-featured-img":"","footer-sml-layout":"","ast-disable-related-posts":"","theme-transparent-header-meta":"","adv-header-id-meta":"","stick-header-meta":"","header-above-stick-meta":"","header-main-stick-meta":"","header-below-stick-meta":"","astra-migrate-meta-layouts":"default","ast-page-background-enabled":"default","ast-page-background-meta":{"desktop":{"background-color":"var(--ast-global-color-5)","background-image":"","background-repeat":"repeat","background-position":"center center","background-size":"auto","background-attachment":"scroll","background-type":"","background-media":"","overlay-type":"","overlay-color":"","overlay-opacity":"","overlay-gradient":""},"tablet":{"background-color":"","background-image":"","background-repeat":"repeat","background-position":"center center","background-size":"auto","background-attachment":"scroll","background-type":"","background-media":"","overlay-type":"","overlay-color":"","overlay-opacity":"","overlay-gradient":""},"mobile":{"background-color":"","background-image":"","background-repeat":"repeat","background-position":"center center","background-size":"auto","background-attachment":"scroll","background-type":"","background-media":"","overlay-type":"","overlay-color":"","overlay-opacity":"","overlay-gradient":""}},"ast-content-background-meta":{"desktop":{"background-color":"var(--ast-global-color-4)","background-image":"","background-repeat":"repeat","background-position":"center center","background-size":"auto","background-attachment":"scroll","background-type":"","background-media":"","overlay-type":"","overlay-color":"","overlay-opacity":"","overlay-gradient":""},"tablet":{"background-color":"var(--ast-global-color-4)","background-image":"","background-repeat":"repeat","background-position":"center center","background-size":"auto","background-attachment":"scroll","background-type":"","background-media":"","overlay-type":"","overlay-color":"","overlay-opacity":"","overlay-gradient":""},"mobile":{"background-color":"var(--ast-global-color-4)","background-image":"","background-repeat":"repeat","background-position":"center center","background-size":"auto","background-attachment":"scroll","background-type":"","background-media":"","overlay-type":"","overlay-color":"","overlay-opacity":"","overlay-gradient":""}},"footnotes":""},"categories":[23,1],"tags":[],"class_list":["post-39003","post","type-post","status-publish","format-standard","has-post-thumbnail","hentry","category-internacionales","category-noticias"],"yoast_head":"<!-- This site is optimized with the Yoast SEO Premium plugin v23.0 (Yoast SEO v27.4) - https:\/\/yoast.com\/product\/yoast-seo-premium-wordpress\/ -->\n<title>Prefectura Naval Argentina, Asesina a Rafael Nahuel\u00a0y Lesiona a otros dos J\u00f3venes Mapuche.<\/title>\n<meta name=\"robots\" content=\"index, follow, max-snippet:-1, max-image-preview:large, max-video-preview:-1\" \/>\n<link rel=\"canonical\" href=\"https:\/\/patagoniambiental.com.ar\/info\/prefectura-naval-argentina-asesina-a-rafael-nahuel-y-lesiona-a-otros-dos-jovenes-mapuche\/\" \/>\n<meta property=\"og:locale\" content=\"es_ES\" \/>\n<meta property=\"og:type\" content=\"article\" \/>\n<meta property=\"og:title\" content=\"Prefectura Naval Argentina, Asesina a Rafael Nahuel\u00a0y Lesiona a otros dos J\u00f3venes Mapuche.\" \/>\n<meta property=\"og:description\" content=\"Bristol, Inglaterra.-Por Reynaldo Mariqueo .El asesinato de Rafael Nahuel y las heridas de balas infligidas a otros tres j\u00f3venes mapuche, [&hellip;]\" \/>\n<meta property=\"og:url\" content=\"https:\/\/patagoniambiental.com.ar\/info\/prefectura-naval-argentina-asesina-a-rafael-nahuel-y-lesiona-a-otros-dos-jovenes-mapuche\/\" \/>\n<meta property=\"og:site_name\" content=\"Patagonia Ambiental\" \/>\n<meta property=\"article:publisher\" content=\"https:\/\/www.facebook.com\/patagonia.ambiental\" \/>\n<meta property=\"article:author\" content=\"https:\/\/www.facebook.com\/share\/1C1V8Gv9BX\/?mibextid=qi2Omg\" \/>\n<meta property=\"article:published_time\" content=\"2017-11-29T22:00:10+00:00\" \/>\n<meta property=\"og:image\" content=\"https:\/\/patagoniambiental.com.ar\/info\/wp-content\/uploads\/2017\/11\/Rafael-Nahuel.jpg\" \/>\n\t<meta property=\"og:image:width\" content=\"700\" \/>\n\t<meta property=\"og:image:height\" content=\"536\" \/>\n\t<meta property=\"og:image:type\" content=\"image\/jpeg\" \/>\n<meta name=\"author\" content=\"Patagonia Ambiental\" \/>\n<meta name=\"twitter:card\" content=\"summary_large_image\" \/>\n<meta name=\"twitter:creator\" content=\"@PatAmb\" \/>\n<meta name=\"twitter:site\" content=\"@PatAmb\" \/>\n<script type=\"application\/ld+json\" class=\"yoast-schema-graph\">{\"@context\":\"https:\\\/\\\/schema.org\",\"@graph\":[{\"@type\":\"Article\",\"@id\":\"https:\\\/\\\/patagoniambiental.com.ar\\\/info\\\/prefectura-naval-argentina-asesina-a-rafael-nahuel-y-lesiona-a-otros-dos-jovenes-mapuche\\\/#article\",\"isPartOf\":{\"@id\":\"https:\\\/\\\/patagoniambiental.com.ar\\\/info\\\/prefectura-naval-argentina-asesina-a-rafael-nahuel-y-lesiona-a-otros-dos-jovenes-mapuche\\\/\"},\"author\":{\"name\":\"Patagonia Ambiental\",\"@id\":\"https:\\\/\\\/patagoniambiental.com.ar\\\/info\\\/#\\\/schema\\\/person\\\/db12bff64bbcbf6a253710bf0ea37b5d\"},\"headline\":\"Prefectura Naval Argentina, Asesina a Rafael Nahuel\u00a0y Lesiona a otros dos J\u00f3venes Mapuche.\",\"datePublished\":\"2017-11-29T22:00:10+00:00\",\"mainEntityOfPage\":{\"@id\":\"https:\\\/\\\/patagoniambiental.com.ar\\\/info\\\/prefectura-naval-argentina-asesina-a-rafael-nahuel-y-lesiona-a-otros-dos-jovenes-mapuche\\\/\"},\"wordCount\":1444,\"commentCount\":0,\"publisher\":{\"@id\":\"https:\\\/\\\/patagoniambiental.com.ar\\\/info\\\/#organization\"},\"image\":{\"@id\":\"https:\\\/\\\/patagoniambiental.com.ar\\\/info\\\/prefectura-naval-argentina-asesina-a-rafael-nahuel-y-lesiona-a-otros-dos-jovenes-mapuche\\\/#primaryimage\"},\"thumbnailUrl\":\"https:\\\/\\\/patagoniambiental.com.ar\\\/info\\\/wp-content\\\/uploads\\\/2017\\\/11\\\/Rafael-Nahuel.jpg\",\"articleSection\":[\"Internacionales\",\"Noticias\"],\"inLanguage\":\"es\",\"potentialAction\":[{\"@type\":\"CommentAction\",\"name\":\"Comment\",\"target\":[\"https:\\\/\\\/patagoniambiental.com.ar\\\/info\\\/prefectura-naval-argentina-asesina-a-rafael-nahuel-y-lesiona-a-otros-dos-jovenes-mapuche\\\/#respond\"]}]},{\"@type\":\"WebPage\",\"@id\":\"https:\\\/\\\/patagoniambiental.com.ar\\\/info\\\/prefectura-naval-argentina-asesina-a-rafael-nahuel-y-lesiona-a-otros-dos-jovenes-mapuche\\\/\",\"url\":\"https:\\\/\\\/patagoniambiental.com.ar\\\/info\\\/prefectura-naval-argentina-asesina-a-rafael-nahuel-y-lesiona-a-otros-dos-jovenes-mapuche\\\/\",\"name\":\"Prefectura Naval Argentina, Asesina a Rafael Nahuel\u00a0y Lesiona a otros dos J\u00f3venes Mapuche.\",\"isPartOf\":{\"@id\":\"https:\\\/\\\/patagoniambiental.com.ar\\\/info\\\/#website\"},\"primaryImageOfPage\":{\"@id\":\"https:\\\/\\\/patagoniambiental.com.ar\\\/info\\\/prefectura-naval-argentina-asesina-a-rafael-nahuel-y-lesiona-a-otros-dos-jovenes-mapuche\\\/#primaryimage\"},\"image\":{\"@id\":\"https:\\\/\\\/patagoniambiental.com.ar\\\/info\\\/prefectura-naval-argentina-asesina-a-rafael-nahuel-y-lesiona-a-otros-dos-jovenes-mapuche\\\/#primaryimage\"},\"thumbnailUrl\":\"https:\\\/\\\/patagoniambiental.com.ar\\\/info\\\/wp-content\\\/uploads\\\/2017\\\/11\\\/Rafael-Nahuel.jpg\",\"datePublished\":\"2017-11-29T22:00:10+00:00\",\"breadcrumb\":{\"@id\":\"https:\\\/\\\/patagoniambiental.com.ar\\\/info\\\/prefectura-naval-argentina-asesina-a-rafael-nahuel-y-lesiona-a-otros-dos-jovenes-mapuche\\\/#breadcrumb\"},\"inLanguage\":\"es\",\"potentialAction\":[{\"@type\":\"ReadAction\",\"target\":[\"https:\\\/\\\/patagoniambiental.com.ar\\\/info\\\/prefectura-naval-argentina-asesina-a-rafael-nahuel-y-lesiona-a-otros-dos-jovenes-mapuche\\\/\"]}]},{\"@type\":\"ImageObject\",\"inLanguage\":\"es\",\"@id\":\"https:\\\/\\\/patagoniambiental.com.ar\\\/info\\\/prefectura-naval-argentina-asesina-a-rafael-nahuel-y-lesiona-a-otros-dos-jovenes-mapuche\\\/#primaryimage\",\"url\":\"https:\\\/\\\/patagoniambiental.com.ar\\\/info\\\/wp-content\\\/uploads\\\/2017\\\/11\\\/Rafael-Nahuel.jpg\",\"contentUrl\":\"https:\\\/\\\/patagoniambiental.com.ar\\\/info\\\/wp-content\\\/uploads\\\/2017\\\/11\\\/Rafael-Nahuel.jpg\",\"width\":700,\"height\":536},{\"@type\":\"BreadcrumbList\",\"@id\":\"https:\\\/\\\/patagoniambiental.com.ar\\\/info\\\/prefectura-naval-argentina-asesina-a-rafael-nahuel-y-lesiona-a-otros-dos-jovenes-mapuche\\\/#breadcrumb\",\"itemListElement\":[{\"@type\":\"ListItem\",\"position\":1,\"name\":\"Inicio\",\"item\":\"https:\\\/\\\/patagoniambiental.com.ar\\\/info\\\/\"},{\"@type\":\"ListItem\",\"position\":2,\"name\":\"Prefectura Naval Argentina, Asesina a Rafael Nahuel\u00a0y Lesiona a otros dos J\u00f3venes Mapuche.\"}]},{\"@type\":\"WebSite\",\"@id\":\"https:\\\/\\\/patagoniambiental.com.ar\\\/info\\\/#website\",\"url\":\"https:\\\/\\\/patagoniambiental.com.ar\\\/info\\\/\",\"name\":\"Patagonia Ambiental\",\"description\":\"Monitoreo y an\u00e1lisis de la situaci\u00f3n geopol\u00edtica en el mundo y su implicancia en la Patagonia\",\"publisher\":{\"@id\":\"https:\\\/\\\/patagoniambiental.com.ar\\\/info\\\/#organization\"},\"potentialAction\":[{\"@type\":\"SearchAction\",\"target\":{\"@type\":\"EntryPoint\",\"urlTemplate\":\"https:\\\/\\\/patagoniambiental.com.ar\\\/info\\\/?s={search_term_string}\"},\"query-input\":{\"@type\":\"PropertyValueSpecification\",\"valueRequired\":true,\"valueName\":\"search_term_string\"}}],\"inLanguage\":\"es\"},{\"@type\":\"Organization\",\"@id\":\"https:\\\/\\\/patagoniambiental.com.ar\\\/info\\\/#organization\",\"name\":\"Patagonia Ambiental\",\"url\":\"https:\\\/\\\/patagoniambiental.com.ar\\\/info\\\/\",\"logo\":{\"@type\":\"ImageObject\",\"inLanguage\":\"es\",\"@id\":\"https:\\\/\\\/patagoniambiental.com.ar\\\/info\\\/#\\\/schema\\\/logo\\\/image\\\/\",\"url\":\"https:\\\/\\\/patagoniambiental.com.ar\\\/info\\\/wp-content\\\/uploads\\\/2025\\\/05\\\/LOGO-PATAGONIA-AMBIENTAL.png\",\"contentUrl\":\"https:\\\/\\\/patagoniambiental.com.ar\\\/info\\\/wp-content\\\/uploads\\\/2025\\\/05\\\/LOGO-PATAGONIA-AMBIENTAL.png\",\"width\":433,\"height\":250,\"caption\":\"Patagonia Ambiental\"},\"image\":{\"@id\":\"https:\\\/\\\/patagoniambiental.com.ar\\\/info\\\/#\\\/schema\\\/logo\\\/image\\\/\"},\"sameAs\":[\"https:\\\/\\\/www.facebook.com\\\/patagonia.ambiental\",\"https:\\\/\\\/x.com\\\/PatAmb\"]},{\"@type\":\"Person\",\"@id\":\"https:\\\/\\\/patagoniambiental.com.ar\\\/info\\\/#\\\/schema\\\/person\\\/db12bff64bbcbf6a253710bf0ea37b5d\",\"name\":\"Patagonia Ambiental\",\"description\":\"Andr\u00e9s Nievas T\u00e9cnico en manejo ambiental, consultor Ambiental y escritor para medios locales e internacionales sobre temas de geopolitica y medio ambiente.\",\"sameAs\":[\"http:\\\/\\\/www.patagoniambiental.com.ar\",\"https:\\\/\\\/www.facebook.com\\\/share\\\/1C1V8Gv9BX\\\/?mibextid=qi2Omg\",\"@patagoniambiental\",\"https:\\\/\\\/youtube.com\\\/@patagoniaambiental2023?si=BLt58t0wuXquxlYZ\"]}]}<\/script>\n<!-- \/ Yoast SEO Premium plugin. -->","yoast_head_json":{"title":"Prefectura Naval Argentina, Asesina a Rafael Nahuel\u00a0y Lesiona a otros dos J\u00f3venes Mapuche.","robots":{"index":"index","follow":"follow","max-snippet":"max-snippet:-1","max-image-preview":"max-image-preview:large","max-video-preview":"max-video-preview:-1"},"canonical":"https:\/\/patagoniambiental.com.ar\/info\/prefectura-naval-argentina-asesina-a-rafael-nahuel-y-lesiona-a-otros-dos-jovenes-mapuche\/","og_locale":"es_ES","og_type":"article","og_title":"Prefectura Naval Argentina, Asesina a Rafael Nahuel\u00a0y Lesiona a otros dos J\u00f3venes Mapuche.","og_description":"Bristol, Inglaterra.-Por Reynaldo Mariqueo .El asesinato de Rafael Nahuel y las heridas de balas infligidas a otros tres j\u00f3venes mapuche, [&hellip;]","og_url":"https:\/\/patagoniambiental.com.ar\/info\/prefectura-naval-argentina-asesina-a-rafael-nahuel-y-lesiona-a-otros-dos-jovenes-mapuche\/","og_site_name":"Patagonia Ambiental","article_publisher":"https:\/\/www.facebook.com\/patagonia.ambiental","article_author":"https:\/\/www.facebook.com\/share\/1C1V8Gv9BX\/?mibextid=qi2Omg","article_published_time":"2017-11-29T22:00:10+00:00","og_image":[{"width":700,"height":536,"url":"https:\/\/patagoniambiental.com.ar\/info\/wp-content\/uploads\/2017\/11\/Rafael-Nahuel.jpg","type":"image\/jpeg"}],"author":"Patagonia Ambiental","twitter_card":"summary_large_image","twitter_creator":"@PatAmb","twitter_site":"@PatAmb","schema":{"@context":"https:\/\/schema.org","@graph":[{"@type":"Article","@id":"https:\/\/patagoniambiental.com.ar\/info\/prefectura-naval-argentina-asesina-a-rafael-nahuel-y-lesiona-a-otros-dos-jovenes-mapuche\/#article","isPartOf":{"@id":"https:\/\/patagoniambiental.com.ar\/info\/prefectura-naval-argentina-asesina-a-rafael-nahuel-y-lesiona-a-otros-dos-jovenes-mapuche\/"},"author":{"name":"Patagonia Ambiental","@id":"https:\/\/patagoniambiental.com.ar\/info\/#\/schema\/person\/db12bff64bbcbf6a253710bf0ea37b5d"},"headline":"Prefectura Naval Argentina, Asesina a Rafael Nahuel\u00a0y Lesiona a otros dos J\u00f3venes Mapuche.","datePublished":"2017-11-29T22:00:10+00:00","mainEntityOfPage":{"@id":"https:\/\/patagoniambiental.com.ar\/info\/prefectura-naval-argentina-asesina-a-rafael-nahuel-y-lesiona-a-otros-dos-jovenes-mapuche\/"},"wordCount":1444,"commentCount":0,"publisher":{"@id":"https:\/\/patagoniambiental.com.ar\/info\/#organization"},"image":{"@id":"https:\/\/patagoniambiental.com.ar\/info\/prefectura-naval-argentina-asesina-a-rafael-nahuel-y-lesiona-a-otros-dos-jovenes-mapuche\/#primaryimage"},"thumbnailUrl":"https:\/\/patagoniambiental.com.ar\/info\/wp-content\/uploads\/2017\/11\/Rafael-Nahuel.jpg","articleSection":["Internacionales","Noticias"],"inLanguage":"es","potentialAction":[{"@type":"CommentAction","name":"Comment","target":["https:\/\/patagoniambiental.com.ar\/info\/prefectura-naval-argentina-asesina-a-rafael-nahuel-y-lesiona-a-otros-dos-jovenes-mapuche\/#respond"]}]},{"@type":"WebPage","@id":"https:\/\/patagoniambiental.com.ar\/info\/prefectura-naval-argentina-asesina-a-rafael-nahuel-y-lesiona-a-otros-dos-jovenes-mapuche\/","url":"https:\/\/patagoniambiental.com.ar\/info\/prefectura-naval-argentina-asesina-a-rafael-nahuel-y-lesiona-a-otros-dos-jovenes-mapuche\/","name":"Prefectura Naval Argentina, Asesina a Rafael Nahuel\u00a0y Lesiona a otros dos J\u00f3venes Mapuche.","isPartOf":{"@id":"https:\/\/patagoniambiental.com.ar\/info\/#website"},"primaryImageOfPage":{"@id":"https:\/\/patagoniambiental.com.ar\/info\/prefectura-naval-argentina-asesina-a-rafael-nahuel-y-lesiona-a-otros-dos-jovenes-mapuche\/#primaryimage"},"image":{"@id":"https:\/\/patagoniambiental.com.ar\/info\/prefectura-naval-argentina-asesina-a-rafael-nahuel-y-lesiona-a-otros-dos-jovenes-mapuche\/#primaryimage"},"thumbnailUrl":"https:\/\/patagoniambiental.com.ar\/info\/wp-content\/uploads\/2017\/11\/Rafael-Nahuel.jpg","datePublished":"2017-11-29T22:00:10+00:00","breadcrumb":{"@id":"https:\/\/patagoniambiental.com.ar\/info\/prefectura-naval-argentina-asesina-a-rafael-nahuel-y-lesiona-a-otros-dos-jovenes-mapuche\/#breadcrumb"},"inLanguage":"es","potentialAction":[{"@type":"ReadAction","target":["https:\/\/patagoniambiental.com.ar\/info\/prefectura-naval-argentina-asesina-a-rafael-nahuel-y-lesiona-a-otros-dos-jovenes-mapuche\/"]}]},{"@type":"ImageObject","inLanguage":"es","@id":"https:\/\/patagoniambiental.com.ar\/info\/prefectura-naval-argentina-asesina-a-rafael-nahuel-y-lesiona-a-otros-dos-jovenes-mapuche\/#primaryimage","url":"https:\/\/patagoniambiental.com.ar\/info\/wp-content\/uploads\/2017\/11\/Rafael-Nahuel.jpg","contentUrl":"https:\/\/patagoniambiental.com.ar\/info\/wp-content\/uploads\/2017\/11\/Rafael-Nahuel.jpg","width":700,"height":536},{"@type":"BreadcrumbList","@id":"https:\/\/patagoniambiental.com.ar\/info\/prefectura-naval-argentina-asesina-a-rafael-nahuel-y-lesiona-a-otros-dos-jovenes-mapuche\/#breadcrumb","itemListElement":[{"@type":"ListItem","position":1,"name":"Inicio","item":"https:\/\/patagoniambiental.com.ar\/info\/"},{"@type":"ListItem","position":2,"name":"Prefectura Naval Argentina, Asesina a Rafael Nahuel\u00a0y Lesiona a otros dos J\u00f3venes Mapuche."}]},{"@type":"WebSite","@id":"https:\/\/patagoniambiental.com.ar\/info\/#website","url":"https:\/\/patagoniambiental.com.ar\/info\/","name":"Patagonia Ambiental","description":"Monitoreo y an\u00e1lisis de la situaci\u00f3n geopol\u00edtica en el mundo y su implicancia en la Patagonia","publisher":{"@id":"https:\/\/patagoniambiental.com.ar\/info\/#organization"},"potentialAction":[{"@type":"SearchAction","target":{"@type":"EntryPoint","urlTemplate":"https:\/\/patagoniambiental.com.ar\/info\/?s={search_term_string}"},"query-input":{"@type":"PropertyValueSpecification","valueRequired":true,"valueName":"search_term_string"}}],"inLanguage":"es"},{"@type":"Organization","@id":"https:\/\/patagoniambiental.com.ar\/info\/#organization","name":"Patagonia Ambiental","url":"https:\/\/patagoniambiental.com.ar\/info\/","logo":{"@type":"ImageObject","inLanguage":"es","@id":"https:\/\/patagoniambiental.com.ar\/info\/#\/schema\/logo\/image\/","url":"https:\/\/patagoniambiental.com.ar\/info\/wp-content\/uploads\/2025\/05\/LOGO-PATAGONIA-AMBIENTAL.png","contentUrl":"https:\/\/patagoniambiental.com.ar\/info\/wp-content\/uploads\/2025\/05\/LOGO-PATAGONIA-AMBIENTAL.png","width":433,"height":250,"caption":"Patagonia Ambiental"},"image":{"@id":"https:\/\/patagoniambiental.com.ar\/info\/#\/schema\/logo\/image\/"},"sameAs":["https:\/\/www.facebook.com\/patagonia.ambiental","https:\/\/x.com\/PatAmb"]},{"@type":"Person","@id":"https:\/\/patagoniambiental.com.ar\/info\/#\/schema\/person\/db12bff64bbcbf6a253710bf0ea37b5d","name":"Patagonia Ambiental","description":"Andr\u00e9s Nievas T\u00e9cnico en manejo ambiental, consultor Ambiental y escritor para medios locales e internacionales sobre temas de geopolitica y medio ambiente.","sameAs":["http:\/\/www.patagoniambiental.com.ar","https:\/\/www.facebook.com\/share\/1C1V8Gv9BX\/?mibextid=qi2Omg","@patagoniambiental","https:\/\/youtube.com\/@patagoniaambiental2023?si=BLt58t0wuXquxlYZ"]}]}},"_links":{"self":[{"href":"https:\/\/patagoniambiental.com.ar\/info\/wp-json\/wp\/v2\/posts\/39003","targetHints":{"allow":["GET"]}}],"collection":[{"href":"https:\/\/patagoniambiental.com.ar\/info\/wp-json\/wp\/v2\/posts"}],"about":[{"href":"https:\/\/patagoniambiental.com.ar\/info\/wp-json\/wp\/v2\/types\/post"}],"author":[{"embeddable":true,"href":"https:\/\/patagoniambiental.com.ar\/info\/wp-json\/wp\/v2\/users\/2"}],"replies":[{"embeddable":true,"href":"https:\/\/patagoniambiental.com.ar\/info\/wp-json\/wp\/v2\/comments?post=39003"}],"version-history":[{"count":0,"href":"https:\/\/patagoniambiental.com.ar\/info\/wp-json\/wp\/v2\/posts\/39003\/revisions"}],"wp:featuredmedia":[{"embeddable":true,"href":"https:\/\/patagoniambiental.com.ar\/info\/wp-json\/wp\/v2\/media\/39004"}],"wp:attachment":[{"href":"https:\/\/patagoniambiental.com.ar\/info\/wp-json\/wp\/v2\/media?parent=39003"}],"wp:term":[{"taxonomy":"category","embeddable":true,"href":"https:\/\/patagoniambiental.com.ar\/info\/wp-json\/wp\/v2\/categories?post=39003"},{"taxonomy":"post_tag","embeddable":true,"href":"https:\/\/patagoniambiental.com.ar\/info\/wp-json\/wp\/v2\/tags?post=39003"}],"curies":[{"name":"wp","href":"https:\/\/api.w.org\/{rel}","templated":true}]}}