{"id":39036,"date":"2017-11-30T19:00:56","date_gmt":"2017-11-30T22:00:56","guid":{"rendered":"http:\/\/patagoniambiental.com.ar\/info\/?p=39036"},"modified":"2017-11-30T11:36:11","modified_gmt":"2017-11-30T14:36:11","slug":"inquietud-del-papa-por-los-conflictos-territoriales-de-los-pueblos-originarios-los-mapuches-en-la-agenda-de-francisco","status":"publish","type":"post","link":"https:\/\/patagoniambiental.com.ar\/info\/inquietud-del-papa-por-los-conflictos-territoriales-de-los-pueblos-originarios-los-mapuches-en-la-agenda-de-francisco\/","title":{"rendered":"Inquietud del Papa por los conflictos territoriales de los pueblos originarios: Los mapuches en la agenda de Francisco"},"content":{"rendered":"<div class=\"article-titles\">\n<div class=\"article-title\">Chile.-Mientras en la Argentina Mauricio Macri avanza contra los mapuches, Jorge Bergoglio buscar\u00e1 en Chile acercar posiciones entre las comunidades ind\u00edgenas y las autoridades.<!--more--><\/div>\n<div><\/div>\n<div class=\"article-summary\">Lo har\u00e1 durante la visita que realizar\u00e1 a ese pa\u00eds a mediados de enero.<\/div>\n<\/div>\n<p>&nbsp;<\/p>\n<div class=\"article-main-media\">\n<div class=\"article-main-media-header\"><\/div>\n<div class=\"article-main-media-image\">\n<div class=\"article-main-media-image__container object-fit-block--contain\"><img decoding=\"async\" class=\"show-for-large-only lazyloaded\" src=\"https:\/\/images.pagina12.com.ar\/styles\/focal_16_9_960x540\/public\/2017-11\/na11fo01_23.jpg?itok=2ulbjtuQ\" alt=\"El papa Francisco se propone promover el di\u00e1logo entre los mapuches y las autoridades chilenas.\" data-src=\"https:\/\/images.pagina12.com.ar\/styles\/focal_16_9_960x540\/public\/2017-11\/na11fo01_23.jpg?itok=2ulbjtuQ\" \/><\/div>\n<div class=\"article-main-media-text\">\n<p><span class=\"article-main-media-text-image\">El papa Francisco se propone promover el di\u00e1logo entre los mapuches y las autoridades chilenas.\u00a0<\/span><\/p>\n<hr \/>\n<p><span class=\"article-main-media-text-image-source\">Imagen: AFP<\/span><\/p>\n<\/div>\n<\/div>\n<\/div>\n<div class=\"article-body diario\">\n<div class=\"article-text\">\n<p>En medio de la avanzada del gobierno de Mauricio Macri contra las comunidades mapuches de la Patagonia que reclaman por sus territorios, que en los \u00faltimos tres meses provoc\u00f3 dos muertos, el Papa intervendr\u00e1 en la cuesti\u00f3n mapuche en Chile. As\u00ed lo confirmaron las autoridades de la Iglesia cat\u00f3lica de ese pa\u00eds que se encargan de la agenda de la visita que Francisco tiene previsto realizar all\u00ed entre el 16 y 18 de enero del a\u00f1o pr\u00f3ximo.<\/p>\n<p>\u201cEl Papa buscar\u00e1 acercar posiciones en el conflicto de los ind\u00edgenas mapuches por la reivindicaci\u00f3n de tierras y el Estado chileno\u201d, anunci\u00f3 el director Ejecutivo de la Comisi\u00f3n Nacional Visita Papa Francisco a Chile, \u00a0Javier Peralta.<\/p>\n<div class=\"teads-inread\"><\/div>\n<p>El acercamiento que el Papa busca promover entre las comunidades mapuches y el Estado chileno tiene fecha: 17 de enero. Ese d\u00eda, Francisco oficiar\u00e1 una misa \u201cpor el progreso de los pueblos\u201d en el aer\u00f3dromo de Maquehue, en las afueras de Temuco. En esa ciudad tiene lugar uno de los continuos puntos de conflicto por la reivindicaci\u00f3n de territorios de parte del pueblo mapuche, por derecho ancestral.<\/p>\n<p>A pesar de que la referencia ser\u00e1 sobre el conflicto entre Chile y el pueblo originario asentado en el sur de ese pa\u00eds, el eco resonar\u00e1 en la Argentina. Cabe recordar que en junio pasado hubo entre Michele Bachelet y Mauricio Macri un di\u00e1logo por la cuesti\u00f3n mapuche. De hecho, la detenci\u00f3n del lonko Facundo Jones Huala ocurri\u00f3 horas despu\u00e9s del encuentro entre ambos presidentes, en el que se habl\u00f3 del caso.<\/p>\n<p>A Huala, el Estado chileno lo acusa de hechos vand\u00e1licos cometidos por organizaciones que reivindican las demandas territoriales, mientras que en la Argentina se lo liga a la supuesta Resistencia Ancestral Mapuche (RAM), una organizaci\u00f3n a la que el gobierno de Cambiemos considera como \u201cterrorista\u201d y acusa de promover la violencia.<\/p>\n<p>El caso de Huala tom\u00f3 mayor notoriedad tras la desaparici\u00f3n de Santiago Maldonado, el joven de 28 a\u00f1os que desapareci\u00f3 en medio de la represi\u00f3n de Gendarmer\u00eda a una protesta por la liberaci\u00f3n del l\u00edder mapuche. Setenta y ocho d\u00edas despu\u00e9s, el cuerpo de Maldonado apareci\u00f3 en el r\u00edo Chubut.<\/p>\n<p>Las reivindicaciones territoriales se repiten en la Argentina y en Chile. El marco en que las fuerzas de seguridad federales asesinaron al joven mapuche Rafael Nahuel, de 21 a\u00f1os, fue en una de ellas y tuvo lugar en Villa Mascardi, Bariloche.<\/p>\n<p>Lo que espera la Iglesia cat\u00f3lica chilena con la mediaci\u00f3n papal es que haya \u201cun aporte al di\u00e1logo, la paz y el respeto a la diversidad\u201d, sostuvo Peralta durante una conferencia de prensa, en la que aclar\u00f3 que la visita a Temuco se debe a que \u201ces la regi\u00f3n m\u00e1s pobre del pa\u00eds y tambi\u00e9n por el conflicto con los pueblos originarios, que es un tema muy presente en la agenda del Papa\u201d.<\/p>\n<p>Tambi\u00e9n puntualiz\u00f3 que, hasta el momento, el Vaticano no requiri\u00f3 ninguna seguridad adicional para la visita papal a ese lugar. Francisco \u201csiempre va a ir a aquellos lugares donde \u00e9l cree que su palabra y su mensaje va a ser uno que traiga paz\u201d, remarc\u00f3.<\/p>\n<p>El lema del viaje de Francisco, que estar\u00e1 en Santiago, Temuco e Iquique, es \u201cMi paz os doy\u201d. \u201cFue pensando en los mapuches, los inmigrantes y con sus pa\u00edses vecinos Bolivia y Per\u00fa, es un exponente de la \u2018Cultura del Encuentro\u2019\u201d que Francisco impulsa desde el comienzo de su pontificado, concluy\u00f3 Peralta.<\/p>\n<p>Fuente: Pagina12<\/p>\n<\/div>\n<\/div>\n","protected":false},"excerpt":{"rendered":"<p>Chile.-Mientras en la Argentina Mauricio Macri avanza contra los mapuches, Jorge Bergoglio buscar\u00e1 en Chile acercar posiciones entre las comunidades [&hellip;]<\/p>\n","protected":false},"author":2,"featured_media":39037,"comment_status":"open","ping_status":"open","sticky":false,"template":"","format":"standard","meta":{"site-sidebar-layout":"default","site-content-layout":"","ast-site-content-layout":"default","site-content-style":"default","site-sidebar-style":"default","ast-global-header-display":"","ast-banner-title-visibility":"","ast-main-header-display":"","ast-hfb-above-header-display":"","ast-hfb-below-header-display":"","ast-hfb-mobile-header-display":"","site-post-title":"","ast-breadcrumbs-content":"","ast-featured-img":"","footer-sml-layout":"","ast-disable-related-posts":"","theme-transparent-header-meta":"","adv-header-id-meta":"","stick-header-meta":"","header-above-stick-meta":"","header-main-stick-meta":"","header-below-stick-meta":"","astra-migrate-meta-layouts":"default","ast-page-background-enabled":"default","ast-page-background-meta":{"desktop":{"background-color":"var(--ast-global-color-5)","background-image":"","background-repeat":"repeat","background-position":"center center","background-size":"auto","background-attachment":"scroll","background-type":"","background-media":"","overlay-type":"","overlay-color":"","overlay-opacity":"","overlay-gradient":""},"tablet":{"background-color":"","background-image":"","background-repeat":"repeat","background-position":"center center","background-size":"auto","background-attachment":"scroll","background-type":"","background-media":"","overlay-type":"","overlay-color":"","overlay-opacity":"","overlay-gradient":""},"mobile":{"background-color":"","background-image":"","background-repeat":"repeat","background-position":"center center","background-size":"auto","background-attachment":"scroll","background-type":"","background-media":"","overlay-type":"","overlay-color":"","overlay-opacity":"","overlay-gradient":""}},"ast-content-background-meta":{"desktop":{"background-color":"var(--ast-global-color-4)","background-image":"","background-repeat":"repeat","background-position":"center center","background-size":"auto","background-attachment":"scroll","background-type":"","background-media":"","overlay-type":"","overlay-color":"","overlay-opacity":"","overlay-gradient":""},"tablet":{"background-color":"var(--ast-global-color-4)","background-image":"","background-repeat":"repeat","background-position":"center center","background-size":"auto","background-attachment":"scroll","background-type":"","background-media":"","overlay-type":"","overlay-color":"","overlay-opacity":"","overlay-gradient":""},"mobile":{"background-color":"var(--ast-global-color-4)","background-image":"","background-repeat":"repeat","background-position":"center center","background-size":"auto","background-attachment":"scroll","background-type":"","background-media":"","overlay-type":"","overlay-color":"","overlay-opacity":"","overlay-gradient":""}},"footnotes":""},"categories":[23,1],"tags":[],"class_list":["post-39036","post","type-post","status-publish","format-standard","has-post-thumbnail","hentry","category-internacionales","category-noticias"],"yoast_head":"<!-- This site is optimized with the Yoast SEO Premium plugin v23.0 (Yoast SEO v27.4) - https:\/\/yoast.com\/product\/yoast-seo-premium-wordpress\/ -->\n<title>Inquietud del Papa por los conflictos territoriales de los pueblos originarios: Los mapuches en la agenda de Francisco<\/title>\n<meta name=\"robots\" content=\"index, follow, max-snippet:-1, max-image-preview:large, max-video-preview:-1\" \/>\n<link rel=\"canonical\" href=\"https:\/\/patagoniambiental.com.ar\/info\/inquietud-del-papa-por-los-conflictos-territoriales-de-los-pueblos-originarios-los-mapuches-en-la-agenda-de-francisco\/\" \/>\n<meta property=\"og:locale\" content=\"es_ES\" \/>\n<meta property=\"og:type\" content=\"article\" \/>\n<meta property=\"og:title\" content=\"Inquietud del Papa por los conflictos territoriales de los pueblos originarios: Los mapuches en la agenda de Francisco\" \/>\n<meta property=\"og:description\" content=\"Chile.-Mientras en la Argentina Mauricio Macri avanza contra los mapuches, Jorge Bergoglio buscar\u00e1 en Chile acercar posiciones entre las comunidades [&hellip;]\" \/>\n<meta property=\"og:url\" content=\"https:\/\/patagoniambiental.com.ar\/info\/inquietud-del-papa-por-los-conflictos-territoriales-de-los-pueblos-originarios-los-mapuches-en-la-agenda-de-francisco\/\" \/>\n<meta property=\"og:site_name\" content=\"Patagonia Ambiental\" \/>\n<meta property=\"article:publisher\" content=\"https:\/\/www.facebook.com\/patagonia.ambiental\" \/>\n<meta property=\"article:author\" content=\"https:\/\/www.facebook.com\/share\/1C1V8Gv9BX\/?mibextid=qi2Omg\" \/>\n<meta property=\"article:published_time\" content=\"2017-11-30T22:00:56+00:00\" \/>\n<meta property=\"og:image\" content=\"https:\/\/patagoniambiental.com.ar\/info\/wp-content\/uploads\/2017\/11\/na11fo01_23.jpg\" \/>\n\t<meta property=\"og:image:width\" content=\"960\" \/>\n\t<meta property=\"og:image:height\" content=\"540\" \/>\n\t<meta property=\"og:image:type\" content=\"image\/jpeg\" \/>\n<meta name=\"author\" content=\"Patagonia Ambiental\" \/>\n<meta name=\"twitter:card\" content=\"summary_large_image\" \/>\n<meta name=\"twitter:creator\" content=\"@PatAmb\" \/>\n<meta name=\"twitter:site\" content=\"@PatAmb\" \/>\n<script type=\"application\/ld+json\" class=\"yoast-schema-graph\">{\"@context\":\"https:\\\/\\\/schema.org\",\"@graph\":[{\"@type\":\"Article\",\"@id\":\"https:\\\/\\\/patagoniambiental.com.ar\\\/info\\\/inquietud-del-papa-por-los-conflictos-territoriales-de-los-pueblos-originarios-los-mapuches-en-la-agenda-de-francisco\\\/#article\",\"isPartOf\":{\"@id\":\"https:\\\/\\\/patagoniambiental.com.ar\\\/info\\\/inquietud-del-papa-por-los-conflictos-territoriales-de-los-pueblos-originarios-los-mapuches-en-la-agenda-de-francisco\\\/\"},\"author\":{\"name\":\"Patagonia Ambiental\",\"@id\":\"https:\\\/\\\/patagoniambiental.com.ar\\\/info\\\/#\\\/schema\\\/person\\\/db12bff64bbcbf6a253710bf0ea37b5d\"},\"headline\":\"Inquietud del Papa por los conflictos territoriales de los pueblos originarios: Los mapuches en la agenda de Francisco\",\"datePublished\":\"2017-11-30T22:00:56+00:00\",\"mainEntityOfPage\":{\"@id\":\"https:\\\/\\\/patagoniambiental.com.ar\\\/info\\\/inquietud-del-papa-por-los-conflictos-territoriales-de-los-pueblos-originarios-los-mapuches-en-la-agenda-de-francisco\\\/\"},\"wordCount\":676,\"commentCount\":0,\"publisher\":{\"@id\":\"https:\\\/\\\/patagoniambiental.com.ar\\\/info\\\/#organization\"},\"image\":{\"@id\":\"https:\\\/\\\/patagoniambiental.com.ar\\\/info\\\/inquietud-del-papa-por-los-conflictos-territoriales-de-los-pueblos-originarios-los-mapuches-en-la-agenda-de-francisco\\\/#primaryimage\"},\"thumbnailUrl\":\"https:\\\/\\\/patagoniambiental.com.ar\\\/info\\\/wp-content\\\/uploads\\\/2017\\\/11\\\/na11fo01_23.jpg\",\"articleSection\":[\"Internacionales\",\"Noticias\"],\"inLanguage\":\"es\",\"potentialAction\":[{\"@type\":\"CommentAction\",\"name\":\"Comment\",\"target\":[\"https:\\\/\\\/patagoniambiental.com.ar\\\/info\\\/inquietud-del-papa-por-los-conflictos-territoriales-de-los-pueblos-originarios-los-mapuches-en-la-agenda-de-francisco\\\/#respond\"]}]},{\"@type\":\"WebPage\",\"@id\":\"https:\\\/\\\/patagoniambiental.com.ar\\\/info\\\/inquietud-del-papa-por-los-conflictos-territoriales-de-los-pueblos-originarios-los-mapuches-en-la-agenda-de-francisco\\\/\",\"url\":\"https:\\\/\\\/patagoniambiental.com.ar\\\/info\\\/inquietud-del-papa-por-los-conflictos-territoriales-de-los-pueblos-originarios-los-mapuches-en-la-agenda-de-francisco\\\/\",\"name\":\"Inquietud del Papa por los conflictos territoriales de los pueblos originarios: Los mapuches en la agenda de Francisco\",\"isPartOf\":{\"@id\":\"https:\\\/\\\/patagoniambiental.com.ar\\\/info\\\/#website\"},\"primaryImageOfPage\":{\"@id\":\"https:\\\/\\\/patagoniambiental.com.ar\\\/info\\\/inquietud-del-papa-por-los-conflictos-territoriales-de-los-pueblos-originarios-los-mapuches-en-la-agenda-de-francisco\\\/#primaryimage\"},\"image\":{\"@id\":\"https:\\\/\\\/patagoniambiental.com.ar\\\/info\\\/inquietud-del-papa-por-los-conflictos-territoriales-de-los-pueblos-originarios-los-mapuches-en-la-agenda-de-francisco\\\/#primaryimage\"},\"thumbnailUrl\":\"https:\\\/\\\/patagoniambiental.com.ar\\\/info\\\/wp-content\\\/uploads\\\/2017\\\/11\\\/na11fo01_23.jpg\",\"datePublished\":\"2017-11-30T22:00:56+00:00\",\"breadcrumb\":{\"@id\":\"https:\\\/\\\/patagoniambiental.com.ar\\\/info\\\/inquietud-del-papa-por-los-conflictos-territoriales-de-los-pueblos-originarios-los-mapuches-en-la-agenda-de-francisco\\\/#breadcrumb\"},\"inLanguage\":\"es\",\"potentialAction\":[{\"@type\":\"ReadAction\",\"target\":[\"https:\\\/\\\/patagoniambiental.com.ar\\\/info\\\/inquietud-del-papa-por-los-conflictos-territoriales-de-los-pueblos-originarios-los-mapuches-en-la-agenda-de-francisco\\\/\"]}]},{\"@type\":\"ImageObject\",\"inLanguage\":\"es\",\"@id\":\"https:\\\/\\\/patagoniambiental.com.ar\\\/info\\\/inquietud-del-papa-por-los-conflictos-territoriales-de-los-pueblos-originarios-los-mapuches-en-la-agenda-de-francisco\\\/#primaryimage\",\"url\":\"https:\\\/\\\/patagoniambiental.com.ar\\\/info\\\/wp-content\\\/uploads\\\/2017\\\/11\\\/na11fo01_23.jpg\",\"contentUrl\":\"https:\\\/\\\/patagoniambiental.com.ar\\\/info\\\/wp-content\\\/uploads\\\/2017\\\/11\\\/na11fo01_23.jpg\",\"width\":960,\"height\":540},{\"@type\":\"BreadcrumbList\",\"@id\":\"https:\\\/\\\/patagoniambiental.com.ar\\\/info\\\/inquietud-del-papa-por-los-conflictos-territoriales-de-los-pueblos-originarios-los-mapuches-en-la-agenda-de-francisco\\\/#breadcrumb\",\"itemListElement\":[{\"@type\":\"ListItem\",\"position\":1,\"name\":\"Inicio\",\"item\":\"https:\\\/\\\/patagoniambiental.com.ar\\\/info\\\/\"},{\"@type\":\"ListItem\",\"position\":2,\"name\":\"Inquietud del Papa por los conflictos territoriales de los pueblos originarios: Los mapuches en la agenda de Francisco\"}]},{\"@type\":\"WebSite\",\"@id\":\"https:\\\/\\\/patagoniambiental.com.ar\\\/info\\\/#website\",\"url\":\"https:\\\/\\\/patagoniambiental.com.ar\\\/info\\\/\",\"name\":\"Patagonia Ambiental\",\"description\":\"Monitoreo y an\u00e1lisis de la situaci\u00f3n geopol\u00edtica en el mundo y su implicancia en la Patagonia\",\"publisher\":{\"@id\":\"https:\\\/\\\/patagoniambiental.com.ar\\\/info\\\/#organization\"},\"potentialAction\":[{\"@type\":\"SearchAction\",\"target\":{\"@type\":\"EntryPoint\",\"urlTemplate\":\"https:\\\/\\\/patagoniambiental.com.ar\\\/info\\\/?s={search_term_string}\"},\"query-input\":{\"@type\":\"PropertyValueSpecification\",\"valueRequired\":true,\"valueName\":\"search_term_string\"}}],\"inLanguage\":\"es\"},{\"@type\":\"Organization\",\"@id\":\"https:\\\/\\\/patagoniambiental.com.ar\\\/info\\\/#organization\",\"name\":\"Patagonia Ambiental\",\"url\":\"https:\\\/\\\/patagoniambiental.com.ar\\\/info\\\/\",\"logo\":{\"@type\":\"ImageObject\",\"inLanguage\":\"es\",\"@id\":\"https:\\\/\\\/patagoniambiental.com.ar\\\/info\\\/#\\\/schema\\\/logo\\\/image\\\/\",\"url\":\"https:\\\/\\\/patagoniambiental.com.ar\\\/info\\\/wp-content\\\/uploads\\\/2025\\\/05\\\/LOGO-PATAGONIA-AMBIENTAL.png\",\"contentUrl\":\"https:\\\/\\\/patagoniambiental.com.ar\\\/info\\\/wp-content\\\/uploads\\\/2025\\\/05\\\/LOGO-PATAGONIA-AMBIENTAL.png\",\"width\":433,\"height\":250,\"caption\":\"Patagonia Ambiental\"},\"image\":{\"@id\":\"https:\\\/\\\/patagoniambiental.com.ar\\\/info\\\/#\\\/schema\\\/logo\\\/image\\\/\"},\"sameAs\":[\"https:\\\/\\\/www.facebook.com\\\/patagonia.ambiental\",\"https:\\\/\\\/x.com\\\/PatAmb\"]},{\"@type\":\"Person\",\"@id\":\"https:\\\/\\\/patagoniambiental.com.ar\\\/info\\\/#\\\/schema\\\/person\\\/db12bff64bbcbf6a253710bf0ea37b5d\",\"name\":\"Patagonia Ambiental\",\"description\":\"Andr\u00e9s Nievas T\u00e9cnico en manejo ambiental, consultor Ambiental y escritor para medios locales e internacionales sobre temas de geopolitica y medio ambiente.\",\"sameAs\":[\"http:\\\/\\\/www.patagoniambiental.com.ar\",\"https:\\\/\\\/www.facebook.com\\\/share\\\/1C1V8Gv9BX\\\/?mibextid=qi2Omg\",\"@patagoniambiental\",\"https:\\\/\\\/youtube.com\\\/@patagoniaambiental2023?si=BLt58t0wuXquxlYZ\"]}]}<\/script>\n<!-- \/ Yoast SEO Premium plugin. -->","yoast_head_json":{"title":"Inquietud del Papa por los conflictos territoriales de los pueblos originarios: Los mapuches en la agenda de Francisco","robots":{"index":"index","follow":"follow","max-snippet":"max-snippet:-1","max-image-preview":"max-image-preview:large","max-video-preview":"max-video-preview:-1"},"canonical":"https:\/\/patagoniambiental.com.ar\/info\/inquietud-del-papa-por-los-conflictos-territoriales-de-los-pueblos-originarios-los-mapuches-en-la-agenda-de-francisco\/","og_locale":"es_ES","og_type":"article","og_title":"Inquietud del Papa por los conflictos territoriales de los pueblos originarios: Los mapuches en la agenda de Francisco","og_description":"Chile.-Mientras en la Argentina Mauricio Macri avanza contra los mapuches, Jorge Bergoglio buscar\u00e1 en Chile acercar posiciones entre las comunidades [&hellip;]","og_url":"https:\/\/patagoniambiental.com.ar\/info\/inquietud-del-papa-por-los-conflictos-territoriales-de-los-pueblos-originarios-los-mapuches-en-la-agenda-de-francisco\/","og_site_name":"Patagonia Ambiental","article_publisher":"https:\/\/www.facebook.com\/patagonia.ambiental","article_author":"https:\/\/www.facebook.com\/share\/1C1V8Gv9BX\/?mibextid=qi2Omg","article_published_time":"2017-11-30T22:00:56+00:00","og_image":[{"width":960,"height":540,"url":"https:\/\/patagoniambiental.com.ar\/info\/wp-content\/uploads\/2017\/11\/na11fo01_23.jpg","type":"image\/jpeg"}],"author":"Patagonia Ambiental","twitter_card":"summary_large_image","twitter_creator":"@PatAmb","twitter_site":"@PatAmb","schema":{"@context":"https:\/\/schema.org","@graph":[{"@type":"Article","@id":"https:\/\/patagoniambiental.com.ar\/info\/inquietud-del-papa-por-los-conflictos-territoriales-de-los-pueblos-originarios-los-mapuches-en-la-agenda-de-francisco\/#article","isPartOf":{"@id":"https:\/\/patagoniambiental.com.ar\/info\/inquietud-del-papa-por-los-conflictos-territoriales-de-los-pueblos-originarios-los-mapuches-en-la-agenda-de-francisco\/"},"author":{"name":"Patagonia Ambiental","@id":"https:\/\/patagoniambiental.com.ar\/info\/#\/schema\/person\/db12bff64bbcbf6a253710bf0ea37b5d"},"headline":"Inquietud del Papa por los conflictos territoriales de los pueblos originarios: Los mapuches en la agenda de Francisco","datePublished":"2017-11-30T22:00:56+00:00","mainEntityOfPage":{"@id":"https:\/\/patagoniambiental.com.ar\/info\/inquietud-del-papa-por-los-conflictos-territoriales-de-los-pueblos-originarios-los-mapuches-en-la-agenda-de-francisco\/"},"wordCount":676,"commentCount":0,"publisher":{"@id":"https:\/\/patagoniambiental.com.ar\/info\/#organization"},"image":{"@id":"https:\/\/patagoniambiental.com.ar\/info\/inquietud-del-papa-por-los-conflictos-territoriales-de-los-pueblos-originarios-los-mapuches-en-la-agenda-de-francisco\/#primaryimage"},"thumbnailUrl":"https:\/\/patagoniambiental.com.ar\/info\/wp-content\/uploads\/2017\/11\/na11fo01_23.jpg","articleSection":["Internacionales","Noticias"],"inLanguage":"es","potentialAction":[{"@type":"CommentAction","name":"Comment","target":["https:\/\/patagoniambiental.com.ar\/info\/inquietud-del-papa-por-los-conflictos-territoriales-de-los-pueblos-originarios-los-mapuches-en-la-agenda-de-francisco\/#respond"]}]},{"@type":"WebPage","@id":"https:\/\/patagoniambiental.com.ar\/info\/inquietud-del-papa-por-los-conflictos-territoriales-de-los-pueblos-originarios-los-mapuches-en-la-agenda-de-francisco\/","url":"https:\/\/patagoniambiental.com.ar\/info\/inquietud-del-papa-por-los-conflictos-territoriales-de-los-pueblos-originarios-los-mapuches-en-la-agenda-de-francisco\/","name":"Inquietud del Papa por los conflictos territoriales de los pueblos originarios: Los mapuches en la agenda de Francisco","isPartOf":{"@id":"https:\/\/patagoniambiental.com.ar\/info\/#website"},"primaryImageOfPage":{"@id":"https:\/\/patagoniambiental.com.ar\/info\/inquietud-del-papa-por-los-conflictos-territoriales-de-los-pueblos-originarios-los-mapuches-en-la-agenda-de-francisco\/#primaryimage"},"image":{"@id":"https:\/\/patagoniambiental.com.ar\/info\/inquietud-del-papa-por-los-conflictos-territoriales-de-los-pueblos-originarios-los-mapuches-en-la-agenda-de-francisco\/#primaryimage"},"thumbnailUrl":"https:\/\/patagoniambiental.com.ar\/info\/wp-content\/uploads\/2017\/11\/na11fo01_23.jpg","datePublished":"2017-11-30T22:00:56+00:00","breadcrumb":{"@id":"https:\/\/patagoniambiental.com.ar\/info\/inquietud-del-papa-por-los-conflictos-territoriales-de-los-pueblos-originarios-los-mapuches-en-la-agenda-de-francisco\/#breadcrumb"},"inLanguage":"es","potentialAction":[{"@type":"ReadAction","target":["https:\/\/patagoniambiental.com.ar\/info\/inquietud-del-papa-por-los-conflictos-territoriales-de-los-pueblos-originarios-los-mapuches-en-la-agenda-de-francisco\/"]}]},{"@type":"ImageObject","inLanguage":"es","@id":"https:\/\/patagoniambiental.com.ar\/info\/inquietud-del-papa-por-los-conflictos-territoriales-de-los-pueblos-originarios-los-mapuches-en-la-agenda-de-francisco\/#primaryimage","url":"https:\/\/patagoniambiental.com.ar\/info\/wp-content\/uploads\/2017\/11\/na11fo01_23.jpg","contentUrl":"https:\/\/patagoniambiental.com.ar\/info\/wp-content\/uploads\/2017\/11\/na11fo01_23.jpg","width":960,"height":540},{"@type":"BreadcrumbList","@id":"https:\/\/patagoniambiental.com.ar\/info\/inquietud-del-papa-por-los-conflictos-territoriales-de-los-pueblos-originarios-los-mapuches-en-la-agenda-de-francisco\/#breadcrumb","itemListElement":[{"@type":"ListItem","position":1,"name":"Inicio","item":"https:\/\/patagoniambiental.com.ar\/info\/"},{"@type":"ListItem","position":2,"name":"Inquietud del Papa por los conflictos territoriales de los pueblos originarios: Los mapuches en la agenda de Francisco"}]},{"@type":"WebSite","@id":"https:\/\/patagoniambiental.com.ar\/info\/#website","url":"https:\/\/patagoniambiental.com.ar\/info\/","name":"Patagonia Ambiental","description":"Monitoreo y an\u00e1lisis de la situaci\u00f3n geopol\u00edtica en el mundo y su implicancia en la Patagonia","publisher":{"@id":"https:\/\/patagoniambiental.com.ar\/info\/#organization"},"potentialAction":[{"@type":"SearchAction","target":{"@type":"EntryPoint","urlTemplate":"https:\/\/patagoniambiental.com.ar\/info\/?s={search_term_string}"},"query-input":{"@type":"PropertyValueSpecification","valueRequired":true,"valueName":"search_term_string"}}],"inLanguage":"es"},{"@type":"Organization","@id":"https:\/\/patagoniambiental.com.ar\/info\/#organization","name":"Patagonia Ambiental","url":"https:\/\/patagoniambiental.com.ar\/info\/","logo":{"@type":"ImageObject","inLanguage":"es","@id":"https:\/\/patagoniambiental.com.ar\/info\/#\/schema\/logo\/image\/","url":"https:\/\/patagoniambiental.com.ar\/info\/wp-content\/uploads\/2025\/05\/LOGO-PATAGONIA-AMBIENTAL.png","contentUrl":"https:\/\/patagoniambiental.com.ar\/info\/wp-content\/uploads\/2025\/05\/LOGO-PATAGONIA-AMBIENTAL.png","width":433,"height":250,"caption":"Patagonia Ambiental"},"image":{"@id":"https:\/\/patagoniambiental.com.ar\/info\/#\/schema\/logo\/image\/"},"sameAs":["https:\/\/www.facebook.com\/patagonia.ambiental","https:\/\/x.com\/PatAmb"]},{"@type":"Person","@id":"https:\/\/patagoniambiental.com.ar\/info\/#\/schema\/person\/db12bff64bbcbf6a253710bf0ea37b5d","name":"Patagonia Ambiental","description":"Andr\u00e9s Nievas T\u00e9cnico en manejo ambiental, consultor Ambiental y escritor para medios locales e internacionales sobre temas de geopolitica y medio ambiente.","sameAs":["http:\/\/www.patagoniambiental.com.ar","https:\/\/www.facebook.com\/share\/1C1V8Gv9BX\/?mibextid=qi2Omg","@patagoniambiental","https:\/\/youtube.com\/@patagoniaambiental2023?si=BLt58t0wuXquxlYZ"]}]}},"_links":{"self":[{"href":"https:\/\/patagoniambiental.com.ar\/info\/wp-json\/wp\/v2\/posts\/39036","targetHints":{"allow":["GET"]}}],"collection":[{"href":"https:\/\/patagoniambiental.com.ar\/info\/wp-json\/wp\/v2\/posts"}],"about":[{"href":"https:\/\/patagoniambiental.com.ar\/info\/wp-json\/wp\/v2\/types\/post"}],"author":[{"embeddable":true,"href":"https:\/\/patagoniambiental.com.ar\/info\/wp-json\/wp\/v2\/users\/2"}],"replies":[{"embeddable":true,"href":"https:\/\/patagoniambiental.com.ar\/info\/wp-json\/wp\/v2\/comments?post=39036"}],"version-history":[{"count":0,"href":"https:\/\/patagoniambiental.com.ar\/info\/wp-json\/wp\/v2\/posts\/39036\/revisions"}],"wp:featuredmedia":[{"embeddable":true,"href":"https:\/\/patagoniambiental.com.ar\/info\/wp-json\/wp\/v2\/media\/39037"}],"wp:attachment":[{"href":"https:\/\/patagoniambiental.com.ar\/info\/wp-json\/wp\/v2\/media?parent=39036"}],"wp:term":[{"taxonomy":"category","embeddable":true,"href":"https:\/\/patagoniambiental.com.ar\/info\/wp-json\/wp\/v2\/categories?post=39036"},{"taxonomy":"post_tag","embeddable":true,"href":"https:\/\/patagoniambiental.com.ar\/info\/wp-json\/wp\/v2\/tags?post=39036"}],"curies":[{"name":"wp","href":"https:\/\/api.w.org\/{rel}","templated":true}]}}