{"id":39043,"date":"2017-11-30T19:00:44","date_gmt":"2017-11-30T22:00:44","guid":{"rendered":"http:\/\/patagoniambiental.com.ar\/info\/?p=39043"},"modified":"2017-11-30T11:40:40","modified_gmt":"2017-11-30T14:40:40","slug":"liberan-a-los-dos-mapuches-detenidos-en-los-incidentes-del-sabado","status":"publish","type":"post","link":"https:\/\/patagoniambiental.com.ar\/info\/liberan-a-los-dos-mapuches-detenidos-en-los-incidentes-del-sabado\/","title":{"rendered":"Liberan a los dos mapuches detenidos en los incidentes del s\u00e1bado"},"content":{"rendered":"<p class=\"bajada\">SAN CARLOS DE BARILOCHE.-\u00a0La mesa de di\u00e1logo entre las partes sostiene una tensa tregua en el lugar<!--more--><\/p>\n<figure class=\"XL floatFix\">\n<div class=\"conModal f-imagenRelacionada\" data-notaid=\"2086969\" data-imagenid=\"2580555\" data-tipo=\"imagen\" data-extension=\"jpg\" data-esrelacionada=\"0\"><img decoding=\"async\" id=\"imagen_2580555\" class=\"f-sinGif\" src=\"http:\/\/bucket3.glanacion.com\/anexos\/fotos\/55\/conflicto-mapuche-2580555h540.jpg\" alt=\"Jones Huala al ser liberado\" data-imagenid=\"2580555\" \/><\/div><figcaption id=\"epigrafe2580555\">Jones Huala al ser liberado. Foto: LA NACION \/ Emiliano Lasalvia \/ Enviado especial<\/figcaption><figcaption><\/figcaption><figcaption>Liberaron a los dos mapuches que hab\u00edan sido detenidos el s\u00e1bado<\/figcaption><\/figure>\n<section id=\"cuerpo\" class=\"floatFix\"><a class=\"link\" href=\"http:\/\/www.lanacion.com.ar\/2086938-liberaron-a-los-dos-mapuches-que-habian-sido-detenidos-el-sabado\" target=\"_blank\" rel=\"noopener\">Los mapuches Fausto Jones Huala y Lautaro Gonz\u00e1lez<\/a>, que hab\u00edan sido detenidos el s\u00e1bado en Villa Mascardi, fueron liberados anoche por orden del juez Gustavo Villanueva.<\/p>\n<aside class=\"banner caja2\" data-adpos=\"caja2\">\n<div id=\"eplAdDivcaja2\"><\/div>\n<\/aside>\n<p>Una tregua tensa se sostiene en Bariloche entre la comunidad mapuche Lafken Winkul Mapu, el Gobierno y la Justicia. La llamada mesa de di\u00e1logo, convocada por el obispo de la Di\u00f3cesis de San Carlos de Bariloche monse\u00f1or Juan Jos\u00e9 Chaparro, tuvo ayer un segundo cap\u00edtulo sin contratiempos, aunque con escasos avances para resolver la cuesti\u00f3n de fondo.<\/p>\n<aside class=\"S relacionadas\">\n<div class=\"techo\">M\u00e1s notas para entender este tema<\/div>\n<h3><a href=\"http:\/\/www.lanacion.com.ar\/2086968-monsenor-juan-jose-chaparro-yo-no-les-conozco-los-rostros-a-los-de-ram\">Monse\u00f1or Juan Jos\u00e9 Chaparro: \u00abYo no les conozco los rostros a los de RAM\u00bb<\/a><\/h3>\n<\/aside>\n<p>A la reuni\u00f3n, que se llev\u00f3 a cabo en el centro de Bariloche, asisti\u00f3 por el Gobierno la titular del Instituto Nacional de Asuntos Ind\u00edgenas (INAI), Jimena Psathakis, que extendi\u00f3 la postura del Gobierno: no se acordar\u00e1 nada por fuera del Estado de Derecho y el desalojo del predio en el Parque Nacional Nahuel Huapi en la zona de Villa Mascardi es la condici\u00f3n para encarar una soluci\u00f3n institucional. Los mapuches, por su parte, exigieron la \u00abdesmilitarizaci\u00f3n\u00bb del territorio y la liberaci\u00f3n de los dos penis (hermanos) detenidos durante el operativo del grupo Albatros del pasado s\u00e1bado, en el que muri\u00f3 de un balazo el joven de 22 a\u00f1os Rafael Nahuel. Esta \u00faltima condici\u00f3n se cumpli\u00f3 con la liberaci\u00f3n.<\/p>\n<aside class=\"banner caja3\" data-adpos=\"caja3\">\n<div id=\"eplAdDivcaja3\"><\/div>\n<\/aside>\n<figure class=\"L\">\n<div class=\"conModal f-imagenRelacionada\" data-notaid=\"2086969\" data-imagenid=\"2580556\" data-tipo=\"imagen\" data-extension=\"jpg\" data-esrelacionada=\"0\"><img decoding=\"async\" id=\"imagen_2580556\" class=\"f-sinGif\" src=\"http:\/\/bucket1.glanacion.com\/anexos\/fotos\/56\/conflicto-mapuche-2580556w640.jpg\" alt=\"Jones Huala al ser liberado\" data-imagenid=\"2580556\" \/><\/div><figcaption id=\"epigrafe2580556\">Jones Huala al ser liberado. Foto: LA NACION \/ Emiliano Lasalvia \/ Enviado especial<\/figcaption><div class=\"herramientas floatFix\"><\/div>\n<\/figure>\n<p>A las 13, Chaparro sali\u00f3 con prisa hacia el juzgado de Villanueva, el magistrado a cargo de la causa por presunta usurpaci\u00f3n y del expediente por la muerte del joven mapuche. El monse\u00f1or le acerc\u00f3 una carta, firmada por todos los presentes en la mesa, para exhibir la supervivencia de la paz. Fue un mensaje claro a la Justicia para evitar que cualquier nueva medida judicial en el territorio pueda romper la armon\u00eda. Por ahora, Villanueva orden\u00f3 que las fuerzas de seguridad se corran unos 150 metros hacia el sur y que despejen el sendero de ingreso a la comunidad. Pero el juez a\u00fan no pudo hacer los peritajes en el lugar para investigar los hechos que terminaron con la muerte de un joven y dos heridos.<\/p>\n<aside class=\"banner caja4\" data-adpos=\"caja4\">\n<div id=\"eplAdDivcaja4\"><\/div>\n<\/aside>\n<p>La mesa de di\u00e1logo pas\u00f3 as\u00ed a un cuarto intermedio hasta hoy, a las 11. El Gobierno choca en la reuni\u00f3n con muchas voces cr\u00edticas. Participan como veedores los diputados nacionales Silvia Horne (Peronismo para la Victoria), Leonardo Grosso (Movimiento Evita) y Mart\u00edn Do\u00f1ate (FPV), adem\u00e1n de la CTEP, la CTA de R\u00edo Negro, la Defensor\u00eda del Pueblo de Bariloche, la APDH y la Universidad de R\u00edo Negro. La mesa de di\u00e1logo reclama que se sumen representantes de Parques Nacionales, hasta ahora ausentes. Por su parte, desde el Gobierno ayer viaj\u00f3 a Bariloche Mat\u00edas Garrido, director nacional de pol\u00edticas contra la violencia institucional de la Secretar\u00eda de Derechos Humanos. El funcionario ten\u00eda en su agenda visitar a los dos mapuches que anoche fueron liberados.<\/p>\n<p>Fuente: La Nacion<\/p>\n<\/section>\n","protected":false},"excerpt":{"rendered":"<p>SAN CARLOS DE BARILOCHE.-\u00a0La mesa de di\u00e1logo entre las partes sostiene una tensa tregua en el lugar<\/p>\n","protected":false},"author":2,"featured_media":39044,"comment_status":"open","ping_status":"open","sticky":false,"template":"","format":"standard","meta":{"site-sidebar-layout":"default","site-content-layout":"","ast-site-content-layout":"default","site-content-style":"default","site-sidebar-style":"default","ast-global-header-display":"","ast-banner-title-visibility":"","ast-main-header-display":"","ast-hfb-above-header-display":"","ast-hfb-below-header-display":"","ast-hfb-mobile-header-display":"","site-post-title":"","ast-breadcrumbs-content":"","ast-featured-img":"","footer-sml-layout":"","ast-disable-related-posts":"","theme-transparent-header-meta":"","adv-header-id-meta":"","stick-header-meta":"","header-above-stick-meta":"","header-main-stick-meta":"","header-below-stick-meta":"","astra-migrate-meta-layouts":"default","ast-page-background-enabled":"default","ast-page-background-meta":{"desktop":{"background-color":"var(--ast-global-color-5)","background-image":"","background-repeat":"repeat","background-position":"center center","background-size":"auto","background-attachment":"scroll","background-type":"","background-media":"","overlay-type":"","overlay-color":"","overlay-opacity":"","overlay-gradient":""},"tablet":{"background-color":"","background-image":"","background-repeat":"repeat","background-position":"center center","background-size":"auto","background-attachment":"scroll","background-type":"","background-media":"","overlay-type":"","overlay-color":"","overlay-opacity":"","overlay-gradient":""},"mobile":{"background-color":"","background-image":"","background-repeat":"repeat","background-position":"center center","background-size":"auto","background-attachment":"scroll","background-type":"","background-media":"","overlay-type":"","overlay-color":"","overlay-opacity":"","overlay-gradient":""}},"ast-content-background-meta":{"desktop":{"background-color":"var(--ast-global-color-4)","background-image":"","background-repeat":"repeat","background-position":"center center","background-size":"auto","background-attachment":"scroll","background-type":"","background-media":"","overlay-type":"","overlay-color":"","overlay-opacity":"","overlay-gradient":""},"tablet":{"background-color":"var(--ast-global-color-4)","background-image":"","background-repeat":"repeat","background-position":"center center","background-size":"auto","background-attachment":"scroll","background-type":"","background-media":"","overlay-type":"","overlay-color":"","overlay-opacity":"","overlay-gradient":""},"mobile":{"background-color":"var(--ast-global-color-4)","background-image":"","background-repeat":"repeat","background-position":"center center","background-size":"auto","background-attachment":"scroll","background-type":"","background-media":"","overlay-type":"","overlay-color":"","overlay-opacity":"","overlay-gradient":""}},"footnotes":""},"categories":[23,1],"tags":[],"class_list":["post-39043","post","type-post","status-publish","format-standard","has-post-thumbnail","hentry","category-internacionales","category-noticias"],"yoast_head":"<!-- This site is optimized with the Yoast SEO Premium plugin v23.0 (Yoast SEO v27.4) - https:\/\/yoast.com\/product\/yoast-seo-premium-wordpress\/ -->\n<title>Liberan a los dos mapuches detenidos en los incidentes del s\u00e1bado<\/title>\n<meta name=\"robots\" content=\"index, follow, max-snippet:-1, max-image-preview:large, max-video-preview:-1\" \/>\n<link rel=\"canonical\" href=\"https:\/\/patagoniambiental.com.ar\/info\/liberan-a-los-dos-mapuches-detenidos-en-los-incidentes-del-sabado\/\" \/>\n<meta property=\"og:locale\" content=\"es_ES\" \/>\n<meta property=\"og:type\" content=\"article\" \/>\n<meta property=\"og:title\" content=\"Liberan a los dos mapuches detenidos en los incidentes del s\u00e1bado\" \/>\n<meta property=\"og:description\" content=\"SAN CARLOS DE BARILOCHE.-\u00a0La mesa de di\u00e1logo entre las partes sostiene una tensa tregua en el lugar\" \/>\n<meta property=\"og:url\" content=\"https:\/\/patagoniambiental.com.ar\/info\/liberan-a-los-dos-mapuches-detenidos-en-los-incidentes-del-sabado\/\" \/>\n<meta property=\"og:site_name\" content=\"Patagonia Ambiental\" \/>\n<meta property=\"article:publisher\" content=\"https:\/\/www.facebook.com\/patagonia.ambiental\" \/>\n<meta property=\"article:author\" content=\"https:\/\/www.facebook.com\/share\/1C1V8Gv9BX\/?mibextid=qi2Omg\" \/>\n<meta property=\"article:published_time\" content=\"2017-11-30T22:00:44+00:00\" \/>\n<meta property=\"og:image\" content=\"https:\/\/patagoniambiental.com.ar\/info\/wp-content\/uploads\/2017\/11\/conflicto-mapuche-2580555h540.jpg\" \/>\n\t<meta property=\"og:image:width\" content=\"960\" \/>\n\t<meta property=\"og:image:height\" content=\"540\" \/>\n\t<meta property=\"og:image:type\" content=\"image\/jpeg\" \/>\n<meta name=\"author\" content=\"Patagonia Ambiental\" \/>\n<meta name=\"twitter:card\" content=\"summary_large_image\" \/>\n<meta name=\"twitter:creator\" content=\"@PatAmb\" \/>\n<meta name=\"twitter:site\" content=\"@PatAmb\" \/>\n<script type=\"application\/ld+json\" class=\"yoast-schema-graph\">{\"@context\":\"https:\\\/\\\/schema.org\",\"@graph\":[{\"@type\":\"Article\",\"@id\":\"https:\\\/\\\/patagoniambiental.com.ar\\\/info\\\/liberan-a-los-dos-mapuches-detenidos-en-los-incidentes-del-sabado\\\/#article\",\"isPartOf\":{\"@id\":\"https:\\\/\\\/patagoniambiental.com.ar\\\/info\\\/liberan-a-los-dos-mapuches-detenidos-en-los-incidentes-del-sabado\\\/\"},\"author\":{\"name\":\"Patagonia Ambiental\",\"@id\":\"https:\\\/\\\/patagoniambiental.com.ar\\\/info\\\/#\\\/schema\\\/person\\\/db12bff64bbcbf6a253710bf0ea37b5d\"},\"headline\":\"Liberan a los dos mapuches detenidos en los incidentes del s\u00e1bado\",\"datePublished\":\"2017-11-30T22:00:44+00:00\",\"mainEntityOfPage\":{\"@id\":\"https:\\\/\\\/patagoniambiental.com.ar\\\/info\\\/liberan-a-los-dos-mapuches-detenidos-en-los-incidentes-del-sabado\\\/\"},\"wordCount\":579,\"commentCount\":0,\"publisher\":{\"@id\":\"https:\\\/\\\/patagoniambiental.com.ar\\\/info\\\/#organization\"},\"image\":{\"@id\":\"https:\\\/\\\/patagoniambiental.com.ar\\\/info\\\/liberan-a-los-dos-mapuches-detenidos-en-los-incidentes-del-sabado\\\/#primaryimage\"},\"thumbnailUrl\":\"https:\\\/\\\/patagoniambiental.com.ar\\\/info\\\/wp-content\\\/uploads\\\/2017\\\/11\\\/conflicto-mapuche-2580555h540.jpg\",\"articleSection\":[\"Internacionales\",\"Noticias\"],\"inLanguage\":\"es\",\"potentialAction\":[{\"@type\":\"CommentAction\",\"name\":\"Comment\",\"target\":[\"https:\\\/\\\/patagoniambiental.com.ar\\\/info\\\/liberan-a-los-dos-mapuches-detenidos-en-los-incidentes-del-sabado\\\/#respond\"]}]},{\"@type\":\"WebPage\",\"@id\":\"https:\\\/\\\/patagoniambiental.com.ar\\\/info\\\/liberan-a-los-dos-mapuches-detenidos-en-los-incidentes-del-sabado\\\/\",\"url\":\"https:\\\/\\\/patagoniambiental.com.ar\\\/info\\\/liberan-a-los-dos-mapuches-detenidos-en-los-incidentes-del-sabado\\\/\",\"name\":\"Liberan a los dos mapuches detenidos en los incidentes del s\u00e1bado\",\"isPartOf\":{\"@id\":\"https:\\\/\\\/patagoniambiental.com.ar\\\/info\\\/#website\"},\"primaryImageOfPage\":{\"@id\":\"https:\\\/\\\/patagoniambiental.com.ar\\\/info\\\/liberan-a-los-dos-mapuches-detenidos-en-los-incidentes-del-sabado\\\/#primaryimage\"},\"image\":{\"@id\":\"https:\\\/\\\/patagoniambiental.com.ar\\\/info\\\/liberan-a-los-dos-mapuches-detenidos-en-los-incidentes-del-sabado\\\/#primaryimage\"},\"thumbnailUrl\":\"https:\\\/\\\/patagoniambiental.com.ar\\\/info\\\/wp-content\\\/uploads\\\/2017\\\/11\\\/conflicto-mapuche-2580555h540.jpg\",\"datePublished\":\"2017-11-30T22:00:44+00:00\",\"breadcrumb\":{\"@id\":\"https:\\\/\\\/patagoniambiental.com.ar\\\/info\\\/liberan-a-los-dos-mapuches-detenidos-en-los-incidentes-del-sabado\\\/#breadcrumb\"},\"inLanguage\":\"es\",\"potentialAction\":[{\"@type\":\"ReadAction\",\"target\":[\"https:\\\/\\\/patagoniambiental.com.ar\\\/info\\\/liberan-a-los-dos-mapuches-detenidos-en-los-incidentes-del-sabado\\\/\"]}]},{\"@type\":\"ImageObject\",\"inLanguage\":\"es\",\"@id\":\"https:\\\/\\\/patagoniambiental.com.ar\\\/info\\\/liberan-a-los-dos-mapuches-detenidos-en-los-incidentes-del-sabado\\\/#primaryimage\",\"url\":\"https:\\\/\\\/patagoniambiental.com.ar\\\/info\\\/wp-content\\\/uploads\\\/2017\\\/11\\\/conflicto-mapuche-2580555h540.jpg\",\"contentUrl\":\"https:\\\/\\\/patagoniambiental.com.ar\\\/info\\\/wp-content\\\/uploads\\\/2017\\\/11\\\/conflicto-mapuche-2580555h540.jpg\",\"width\":960,\"height\":540},{\"@type\":\"BreadcrumbList\",\"@id\":\"https:\\\/\\\/patagoniambiental.com.ar\\\/info\\\/liberan-a-los-dos-mapuches-detenidos-en-los-incidentes-del-sabado\\\/#breadcrumb\",\"itemListElement\":[{\"@type\":\"ListItem\",\"position\":1,\"name\":\"Inicio\",\"item\":\"https:\\\/\\\/patagoniambiental.com.ar\\\/info\\\/\"},{\"@type\":\"ListItem\",\"position\":2,\"name\":\"Liberan a los dos mapuches detenidos en los incidentes del s\u00e1bado\"}]},{\"@type\":\"WebSite\",\"@id\":\"https:\\\/\\\/patagoniambiental.com.ar\\\/info\\\/#website\",\"url\":\"https:\\\/\\\/patagoniambiental.com.ar\\\/info\\\/\",\"name\":\"Patagonia Ambiental\",\"description\":\"Monitoreo y an\u00e1lisis de la situaci\u00f3n geopol\u00edtica en el mundo y su implicancia en la Patagonia\",\"publisher\":{\"@id\":\"https:\\\/\\\/patagoniambiental.com.ar\\\/info\\\/#organization\"},\"potentialAction\":[{\"@type\":\"SearchAction\",\"target\":{\"@type\":\"EntryPoint\",\"urlTemplate\":\"https:\\\/\\\/patagoniambiental.com.ar\\\/info\\\/?s={search_term_string}\"},\"query-input\":{\"@type\":\"PropertyValueSpecification\",\"valueRequired\":true,\"valueName\":\"search_term_string\"}}],\"inLanguage\":\"es\"},{\"@type\":\"Organization\",\"@id\":\"https:\\\/\\\/patagoniambiental.com.ar\\\/info\\\/#organization\",\"name\":\"Patagonia Ambiental\",\"url\":\"https:\\\/\\\/patagoniambiental.com.ar\\\/info\\\/\",\"logo\":{\"@type\":\"ImageObject\",\"inLanguage\":\"es\",\"@id\":\"https:\\\/\\\/patagoniambiental.com.ar\\\/info\\\/#\\\/schema\\\/logo\\\/image\\\/\",\"url\":\"https:\\\/\\\/patagoniambiental.com.ar\\\/info\\\/wp-content\\\/uploads\\\/2025\\\/05\\\/LOGO-PATAGONIA-AMBIENTAL.png\",\"contentUrl\":\"https:\\\/\\\/patagoniambiental.com.ar\\\/info\\\/wp-content\\\/uploads\\\/2025\\\/05\\\/LOGO-PATAGONIA-AMBIENTAL.png\",\"width\":433,\"height\":250,\"caption\":\"Patagonia Ambiental\"},\"image\":{\"@id\":\"https:\\\/\\\/patagoniambiental.com.ar\\\/info\\\/#\\\/schema\\\/logo\\\/image\\\/\"},\"sameAs\":[\"https:\\\/\\\/www.facebook.com\\\/patagonia.ambiental\",\"https:\\\/\\\/x.com\\\/PatAmb\"]},{\"@type\":\"Person\",\"@id\":\"https:\\\/\\\/patagoniambiental.com.ar\\\/info\\\/#\\\/schema\\\/person\\\/db12bff64bbcbf6a253710bf0ea37b5d\",\"name\":\"Patagonia Ambiental\",\"description\":\"Andr\u00e9s Nievas T\u00e9cnico en manejo ambiental, consultor Ambiental y escritor para medios locales e internacionales sobre temas de geopolitica y medio ambiente.\",\"sameAs\":[\"http:\\\/\\\/www.patagoniambiental.com.ar\",\"https:\\\/\\\/www.facebook.com\\\/share\\\/1C1V8Gv9BX\\\/?mibextid=qi2Omg\",\"@patagoniambiental\",\"https:\\\/\\\/youtube.com\\\/@patagoniaambiental2023?si=BLt58t0wuXquxlYZ\"]}]}<\/script>\n<!-- \/ Yoast SEO Premium plugin. -->","yoast_head_json":{"title":"Liberan a los dos mapuches detenidos en los incidentes del s\u00e1bado","robots":{"index":"index","follow":"follow","max-snippet":"max-snippet:-1","max-image-preview":"max-image-preview:large","max-video-preview":"max-video-preview:-1"},"canonical":"https:\/\/patagoniambiental.com.ar\/info\/liberan-a-los-dos-mapuches-detenidos-en-los-incidentes-del-sabado\/","og_locale":"es_ES","og_type":"article","og_title":"Liberan a los dos mapuches detenidos en los incidentes del s\u00e1bado","og_description":"SAN CARLOS DE BARILOCHE.-\u00a0La mesa de di\u00e1logo entre las partes sostiene una tensa tregua en el lugar","og_url":"https:\/\/patagoniambiental.com.ar\/info\/liberan-a-los-dos-mapuches-detenidos-en-los-incidentes-del-sabado\/","og_site_name":"Patagonia Ambiental","article_publisher":"https:\/\/www.facebook.com\/patagonia.ambiental","article_author":"https:\/\/www.facebook.com\/share\/1C1V8Gv9BX\/?mibextid=qi2Omg","article_published_time":"2017-11-30T22:00:44+00:00","og_image":[{"width":960,"height":540,"url":"https:\/\/patagoniambiental.com.ar\/info\/wp-content\/uploads\/2017\/11\/conflicto-mapuche-2580555h540.jpg","type":"image\/jpeg"}],"author":"Patagonia Ambiental","twitter_card":"summary_large_image","twitter_creator":"@PatAmb","twitter_site":"@PatAmb","schema":{"@context":"https:\/\/schema.org","@graph":[{"@type":"Article","@id":"https:\/\/patagoniambiental.com.ar\/info\/liberan-a-los-dos-mapuches-detenidos-en-los-incidentes-del-sabado\/#article","isPartOf":{"@id":"https:\/\/patagoniambiental.com.ar\/info\/liberan-a-los-dos-mapuches-detenidos-en-los-incidentes-del-sabado\/"},"author":{"name":"Patagonia Ambiental","@id":"https:\/\/patagoniambiental.com.ar\/info\/#\/schema\/person\/db12bff64bbcbf6a253710bf0ea37b5d"},"headline":"Liberan a los dos mapuches detenidos en los incidentes del s\u00e1bado","datePublished":"2017-11-30T22:00:44+00:00","mainEntityOfPage":{"@id":"https:\/\/patagoniambiental.com.ar\/info\/liberan-a-los-dos-mapuches-detenidos-en-los-incidentes-del-sabado\/"},"wordCount":579,"commentCount":0,"publisher":{"@id":"https:\/\/patagoniambiental.com.ar\/info\/#organization"},"image":{"@id":"https:\/\/patagoniambiental.com.ar\/info\/liberan-a-los-dos-mapuches-detenidos-en-los-incidentes-del-sabado\/#primaryimage"},"thumbnailUrl":"https:\/\/patagoniambiental.com.ar\/info\/wp-content\/uploads\/2017\/11\/conflicto-mapuche-2580555h540.jpg","articleSection":["Internacionales","Noticias"],"inLanguage":"es","potentialAction":[{"@type":"CommentAction","name":"Comment","target":["https:\/\/patagoniambiental.com.ar\/info\/liberan-a-los-dos-mapuches-detenidos-en-los-incidentes-del-sabado\/#respond"]}]},{"@type":"WebPage","@id":"https:\/\/patagoniambiental.com.ar\/info\/liberan-a-los-dos-mapuches-detenidos-en-los-incidentes-del-sabado\/","url":"https:\/\/patagoniambiental.com.ar\/info\/liberan-a-los-dos-mapuches-detenidos-en-los-incidentes-del-sabado\/","name":"Liberan a los dos mapuches detenidos en los incidentes del s\u00e1bado","isPartOf":{"@id":"https:\/\/patagoniambiental.com.ar\/info\/#website"},"primaryImageOfPage":{"@id":"https:\/\/patagoniambiental.com.ar\/info\/liberan-a-los-dos-mapuches-detenidos-en-los-incidentes-del-sabado\/#primaryimage"},"image":{"@id":"https:\/\/patagoniambiental.com.ar\/info\/liberan-a-los-dos-mapuches-detenidos-en-los-incidentes-del-sabado\/#primaryimage"},"thumbnailUrl":"https:\/\/patagoniambiental.com.ar\/info\/wp-content\/uploads\/2017\/11\/conflicto-mapuche-2580555h540.jpg","datePublished":"2017-11-30T22:00:44+00:00","breadcrumb":{"@id":"https:\/\/patagoniambiental.com.ar\/info\/liberan-a-los-dos-mapuches-detenidos-en-los-incidentes-del-sabado\/#breadcrumb"},"inLanguage":"es","potentialAction":[{"@type":"ReadAction","target":["https:\/\/patagoniambiental.com.ar\/info\/liberan-a-los-dos-mapuches-detenidos-en-los-incidentes-del-sabado\/"]}]},{"@type":"ImageObject","inLanguage":"es","@id":"https:\/\/patagoniambiental.com.ar\/info\/liberan-a-los-dos-mapuches-detenidos-en-los-incidentes-del-sabado\/#primaryimage","url":"https:\/\/patagoniambiental.com.ar\/info\/wp-content\/uploads\/2017\/11\/conflicto-mapuche-2580555h540.jpg","contentUrl":"https:\/\/patagoniambiental.com.ar\/info\/wp-content\/uploads\/2017\/11\/conflicto-mapuche-2580555h540.jpg","width":960,"height":540},{"@type":"BreadcrumbList","@id":"https:\/\/patagoniambiental.com.ar\/info\/liberan-a-los-dos-mapuches-detenidos-en-los-incidentes-del-sabado\/#breadcrumb","itemListElement":[{"@type":"ListItem","position":1,"name":"Inicio","item":"https:\/\/patagoniambiental.com.ar\/info\/"},{"@type":"ListItem","position":2,"name":"Liberan a los dos mapuches detenidos en los incidentes del s\u00e1bado"}]},{"@type":"WebSite","@id":"https:\/\/patagoniambiental.com.ar\/info\/#website","url":"https:\/\/patagoniambiental.com.ar\/info\/","name":"Patagonia Ambiental","description":"Monitoreo y an\u00e1lisis de la situaci\u00f3n geopol\u00edtica en el mundo y su implicancia en la Patagonia","publisher":{"@id":"https:\/\/patagoniambiental.com.ar\/info\/#organization"},"potentialAction":[{"@type":"SearchAction","target":{"@type":"EntryPoint","urlTemplate":"https:\/\/patagoniambiental.com.ar\/info\/?s={search_term_string}"},"query-input":{"@type":"PropertyValueSpecification","valueRequired":true,"valueName":"search_term_string"}}],"inLanguage":"es"},{"@type":"Organization","@id":"https:\/\/patagoniambiental.com.ar\/info\/#organization","name":"Patagonia Ambiental","url":"https:\/\/patagoniambiental.com.ar\/info\/","logo":{"@type":"ImageObject","inLanguage":"es","@id":"https:\/\/patagoniambiental.com.ar\/info\/#\/schema\/logo\/image\/","url":"https:\/\/patagoniambiental.com.ar\/info\/wp-content\/uploads\/2025\/05\/LOGO-PATAGONIA-AMBIENTAL.png","contentUrl":"https:\/\/patagoniambiental.com.ar\/info\/wp-content\/uploads\/2025\/05\/LOGO-PATAGONIA-AMBIENTAL.png","width":433,"height":250,"caption":"Patagonia Ambiental"},"image":{"@id":"https:\/\/patagoniambiental.com.ar\/info\/#\/schema\/logo\/image\/"},"sameAs":["https:\/\/www.facebook.com\/patagonia.ambiental","https:\/\/x.com\/PatAmb"]},{"@type":"Person","@id":"https:\/\/patagoniambiental.com.ar\/info\/#\/schema\/person\/db12bff64bbcbf6a253710bf0ea37b5d","name":"Patagonia Ambiental","description":"Andr\u00e9s Nievas T\u00e9cnico en manejo ambiental, consultor Ambiental y escritor para medios locales e internacionales sobre temas de geopolitica y medio ambiente.","sameAs":["http:\/\/www.patagoniambiental.com.ar","https:\/\/www.facebook.com\/share\/1C1V8Gv9BX\/?mibextid=qi2Omg","@patagoniambiental","https:\/\/youtube.com\/@patagoniaambiental2023?si=BLt58t0wuXquxlYZ"]}]}},"_links":{"self":[{"href":"https:\/\/patagoniambiental.com.ar\/info\/wp-json\/wp\/v2\/posts\/39043","targetHints":{"allow":["GET"]}}],"collection":[{"href":"https:\/\/patagoniambiental.com.ar\/info\/wp-json\/wp\/v2\/posts"}],"about":[{"href":"https:\/\/patagoniambiental.com.ar\/info\/wp-json\/wp\/v2\/types\/post"}],"author":[{"embeddable":true,"href":"https:\/\/patagoniambiental.com.ar\/info\/wp-json\/wp\/v2\/users\/2"}],"replies":[{"embeddable":true,"href":"https:\/\/patagoniambiental.com.ar\/info\/wp-json\/wp\/v2\/comments?post=39043"}],"version-history":[{"count":0,"href":"https:\/\/patagoniambiental.com.ar\/info\/wp-json\/wp\/v2\/posts\/39043\/revisions"}],"wp:featuredmedia":[{"embeddable":true,"href":"https:\/\/patagoniambiental.com.ar\/info\/wp-json\/wp\/v2\/media\/39044"}],"wp:attachment":[{"href":"https:\/\/patagoniambiental.com.ar\/info\/wp-json\/wp\/v2\/media?parent=39043"}],"wp:term":[{"taxonomy":"category","embeddable":true,"href":"https:\/\/patagoniambiental.com.ar\/info\/wp-json\/wp\/v2\/categories?post=39043"},{"taxonomy":"post_tag","embeddable":true,"href":"https:\/\/patagoniambiental.com.ar\/info\/wp-json\/wp\/v2\/tags?post=39043"}],"curies":[{"name":"wp","href":"https:\/\/api.w.org\/{rel}","templated":true}]}}