{"id":39113,"date":"2017-12-01T09:00:48","date_gmt":"2017-12-01T12:00:48","guid":{"rendered":"http:\/\/patagoniambiental.com.ar\/info\/?p=39113"},"modified":"2017-12-01T10:19:22","modified_gmt":"2017-12-01T13:19:22","slug":"la-armada-suspendio-el-rescate-de-los-tripulantes-del-submarino-ara-san-juan-indignacion-de-los-familiares-tiraron-por-la-borda-la-ultima-esperanza","status":"publish","type":"post","link":"https:\/\/patagoniambiental.com.ar\/info\/la-armada-suspendio-el-rescate-de-los-tripulantes-del-submarino-ara-san-juan-indignacion-de-los-familiares-tiraron-por-la-borda-la-ultima-esperanza\/","title":{"rendered":"La Armada suspendi\u00f3 el rescate de los tripulantes del submarino ARA San Juan. Indignaci\u00f3n de los familiares \u201cTiraron por la borda la \u00faltima esperanza\u201d"},"content":{"rendered":"<div class=\"article-titles\">\n<div class=\"article-title\"><\/div>\n<div class=\"article-summary\">Mar del Plata.-La Marina dio por terminada la fase de rescate de posibles sobrevivientes y a partir de ahora solo seguir\u00e1 buscando el nav\u00edo en el fondo del mar.<!--more--><\/div>\n<div><\/div>\n<div class=\"article-summary\">Los familiares criticaron la decisi\u00f3n, aseguraron que es \u201cabsurda y sin sentido\u201d e insistieron en sentirse \u201cenga\u00f1ados\u201d.<\/div>\n<\/div>\n<p>&nbsp;<\/p>\n<div class=\"article-main-media\">\n<div class=\"article-main-media-image\">\n<div class=\"article-main-media-image__container object-fit-block--contain\"><img decoding=\"async\" class=\"show-for-large-only lazyloaded\" src=\"https:\/\/images.pagina12.com.ar\/styles\/focal_16_9_960x540\/public\/2017-12\/na03fo01_0.jpg?itok=bAjLCT_4\" alt=\"Los pocos familiares que se encuentran en la Base Naval de la Armada fueron los \u00fanicos informados de la decisi\u00f3n.\" data-src=\"https:\/\/images.pagina12.com.ar\/styles\/focal_16_9_960x540\/public\/2017-12\/na03fo01_0.jpg?itok=bAjLCT_4\" \/><\/div>\n<div class=\"article-main-media-text\"><span class=\"article-main-media-text-image\">Los pocos familiares que se encuentran en la Base Naval de la Armada fueron los \u00fanicos informados de la decisi\u00f3n.\u00a0<\/span><\/div>\n<\/div>\n<\/div>\n<div class=\"article-body diario\">\n<div class=\"article-text\">\n<p>La Armada no lo dijo oficialmente, pero ya considera que los 44 tripulantes del submarino ARA San Juan est\u00e1n muertos: ayer anunci\u00f3 que dio por finalizada la etapa de rescate de posibles sobrevivientes y que de ahora en m\u00e1s se concentrar\u00e1 solo en la b\u00fasqueda del nav\u00edo en el lecho del Mar Argentino. La fuerza justific\u00f3 la decisi\u00f3n en la falta de resultados del operativo en el Atl\u00e1ntico sur y en el hecho de que las tareas de rescate se extendieron al doble del plazo de posible supervivencia del personal a bordo. En medio del renovado dolor, los familiares de los tripulantes que no se encontraban en la Base Naval de Mar del Plata se quejaron porque se enteraron de las novedades a trav\u00e9s de los medios y reiteraron sus cr\u00edticas: \u201cTienen una perversidad inusitada. No sab\u00edamos que iban a abandonar el rescate\u201d, resumi\u00f3 el sentir Luis Tagliapietra (padre de Alejandro, un teniente que iba en el nav\u00edo), quien en di\u00e1logo con P\u00e1ginaI12 exigi\u00f3 al presidente Mauricio Macri que \u201crevierta esta decisi\u00f3n arbitraria, absurda y cumpla su promesa de buscarlos hasta las \u00faltimas consecuencias\u201d.<\/p>\n<div class=\"article-card top-border-black float-left \">\n<div class=\"card-section\">\n<h5 class=\"article-prefix\"><a class=\"label-read-more\" href=\"https:\/\/www.pagina12.com.ar\/79639-tuiteos-inoportunos\">LEER M\u00c1S<\/a><\/h5>\n<h5 class=\"article-prefix\"><a class=\"label-1\" href=\"https:\/\/www.pagina12.com.ar\/79639-tuiteos-inoportunos\">Mientras se anunciaba la situaci\u00f3n del ARA San Juan, Macri celebraba por el G20<\/a>\u00a0|\u00a0<a class=\"label-4\" href=\"https:\/\/www.pagina12.com.ar\/79639-tuiteos-inoportunos\">Tuiteos inoportunos<\/a><\/h5>\n<\/div>\n<\/div>\n<p>En el d\u00eda hab\u00eda ido creciendo el desconcierto. A media ma\u00f1ana, trascendi\u00f3 que tres barcos que participaban del operativo en la zona del desastre estaban regresando a Comodoro Rivadavia. Entre ellos, el Sophie Siem, de bandera noruega, contratado por la Marina norteamericana para llevar al lugar un submarino de rescate de personas. No solo no se dio en ese momento informaci\u00f3n oficial al respecto sino que no se explic\u00f3 qui\u00e9n hab\u00eda tomado la decisi\u00f3n de emprender el regreso.<\/p>\n<div><\/div>\n<p>Para sumar desconcierto, la habitual conferencia de prensa de las 12 del vocero de la Armada, Enrique Balbi, fue postergada primero para las 16 y luego para las 18.<\/p>\n<p>Finalmente, se present\u00f3 ante los periodistas casi a las 18.30, cuando los buques llevaban casi medio d\u00eda navegando hacia el continente. Arranc\u00f3 anunciando que esta vez leer\u00eda una gacetilla de prensa. A trav\u00e9s de ella, la fuerza anunciaba que se daba por concluida la operaci\u00f3n para la \u201cb\u00fasqueda y salvamento de personas\u201d tras la desaparici\u00f3n del submarino y se centrar\u00e1 a partir de ahora en las tareas para localizar la nave en el lecho mar\u00edtimo, con lo cual puso fin a las esperanzas de encontrar con vida a sus 44 tripulantes. Y asegur\u00f3 que los barcos estaban volviendo \u201cpor cuestiones operativas\u201d (ver nota aparte).<\/p>\n<p>Dos minutos despu\u00e9s del anuncio de la Armada, Macri tuite\u00f3 sobre el G20 y asegur\u00f3 que el pa\u00eds viv\u00eda \u201cun d\u00eda hist\u00f3rico\u201d porque hab\u00eda quedado a cargo de la presidencia del organismo internacional. Tras una serie de cr\u00edticas en las redes sociales por lo inoportuno del tuit, el Presidente suspendi\u00f3 su agenda de hoy (ver recuadro).<\/p>\n<p>Los familiares que est\u00e1n en la Base Naval (principalmente algunos que llegaron del interior) fueron informados de la novedad minutos antes de la conferencia de prensa de Balbi, pero la gran mayor\u00eda no fue contactada previamente.<\/p>\n<p>La bronca la resumi\u00f3 Tagliapietra, pap\u00e1 del teniente de corbeta Alejandro Dami\u00e1n, de 27 a\u00f1os. \u201cEstoy muy triste, tiraron por la borda la \u00faltima esperanza que ten\u00edamos, de forma arbitraria porque no encontraron ni un tornillo y volvieron a hacer lo que hicieron estos d\u00edas: dilataron sin justificaci\u00f3n la conferencia para decir que cancelaron el rescate. Tienen una perversidad inusitada. Es muy cruel. Siento que nos manipularon, nos mintieron y no nos dijeron toda la verdad. No sab\u00edamos que iban a tomar la decisi\u00f3n de abandonar el rescate\u201d, sostuvo.<\/p>\n<p>Desde Caleta Olivia, hasta donde viaj\u00f3 para reunirse con la jueza federal Marta Y\u00e1\u00f1ez, que instruye la causa por la desaparici\u00f3n de la embarcaci\u00f3n, sostuvo que la caus\u00f3 indignaci\u00f3n la forma en que fue manejada la informaci\u00f3n. \u201cPrimero nos hablaban de la incomunicaci\u00f3n, despu\u00e9s de las bater\u00edas, m\u00e1s tarde de la entrada de agua por el snorkel y no voy a describir todo el proceso. \u00bfCon qu\u00e9 necesidad? Hace una semana nos promet\u00edan que los van a buscar hasta las \u00faltimas consecuencias, todav\u00eda estamos esperando el submarino ruso y hace tres d\u00edas zarp\u00f3 el Sophie Siem con gente que trabaj\u00f3 a destajo para adaptarlo y ahora dan de baja el rescate. La \u00faltima migaja de esperanza me la acaban de tirar a la basura\u201d.<\/p>\n<p>\u201cVan a hacer una b\u00fasqueda pasiva y dan por hecho que no hay sobrevivientes. Nos vienen mintiendo y no entiendo los motivos\u201d, dijo Tagliapietra.<\/p>\n<p>El padre de Alejandro, que es abogado y querellante en la causa, tambi\u00e9n remarc\u00f3 que la informaci\u00f3n \u201cestaba bajo secreto de Estado y reci\u00e9n ahora se levant\u00f3. Pedimos formalmente saber cu\u00e1l fue la misi\u00f3n del submarino. Nunca cre\u00ed la versi\u00f3n de que estaba para custodiar la pesca porque estaba solo\u201d.<\/p>\n<p>Por su parte, Mar\u00eda Rosa, la mam\u00e1 de Fernando Villarreal, jefe de Operaciones del ARA San Juan, dijo a este diario que \u201cestamos devastados, no esper\u00e1bamos esta decisi\u00f3n\u201d. Con la voz contenida, y con bronca remarc\u00f3: \u201cNos enteramos por televisi\u00f3n. No fueron capaces de llamarnos ni a nosotros ni a mi nuera\u201d. \u201cEst\u00e1bamos esperando el parte \u2013continu\u00f3\u2013 pero no nos imaginamos esto. Tenemos una sensaci\u00f3n de desamparo total por parte de las autoridades, no de la instituci\u00f3n. Las autoridades no han tenido piedad con nosotros, nunca nos llamaron, nunca nos dijeron que hab\u00eda desaparecido el submarino, nos tuvimos que enterar por la televisi\u00f3n. El 23 fue el \u00faltimo d\u00eda que fui a la Base Naval, discut\u00ed con el comandante, le dije dos o tres cosas, que no ten\u00edan ni idea de d\u00f3nde estaba el submarino y esto me lo est\u00e1 confirmando\u201d.<\/p>\n<p>\u201cLos dejaron solos, dejaron a la tripulaci\u00f3n sola y a nosotros tambi\u00e9n. \u00bf D\u00f3nde est\u00e1 el apoyo psicol\u00f3gico, la contenci\u00f3n? Salvo para las pocas familias que vinieron de las provincias, al resto no nos han dado apoyo\u201d.<\/p>\n<p>\u201cSiempre tengo esperanza de que mi hijo y la tripulaci\u00f3n van a volver, pero hay que ser realista\u201d, dijo con la voz quebrada, pero advirti\u00f3 que \u201cesto no va a quedar as\u00ed. Los que fueron responsables van a pagar. Tengo mucho para decir\u201d.<\/p>\n<p>Fuente: Pagina12<\/p>\n<\/div>\n<\/div>\n","protected":false},"excerpt":{"rendered":"<p>Mar del Plata.-La Marina dio por terminada la fase de rescate de posibles sobrevivientes y a partir de ahora solo [&hellip;]<\/p>\n","protected":false},"author":2,"featured_media":0,"comment_status":"open","ping_status":"open","sticky":false,"template":"","format":"standard","meta":{"site-sidebar-layout":"default","site-content-layout":"","ast-site-content-layout":"default","site-content-style":"default","site-sidebar-style":"default","ast-global-header-display":"","ast-banner-title-visibility":"","ast-main-header-display":"","ast-hfb-above-header-display":"","ast-hfb-below-header-display":"","ast-hfb-mobile-header-display":"","site-post-title":"","ast-breadcrumbs-content":"","ast-featured-img":"","footer-sml-layout":"","ast-disable-related-posts":"","theme-transparent-header-meta":"","adv-header-id-meta":"","stick-header-meta":"","header-above-stick-meta":"","header-main-stick-meta":"","header-below-stick-meta":"","astra-migrate-meta-layouts":"default","ast-page-background-enabled":"default","ast-page-background-meta":{"desktop":{"background-color":"var(--ast-global-color-5)","background-image":"","background-repeat":"repeat","background-position":"center center","background-size":"auto","background-attachment":"scroll","background-type":"","background-media":"","overlay-type":"","overlay-color":"","overlay-opacity":"","overlay-gradient":""},"tablet":{"background-color":"","background-image":"","background-repeat":"repeat","background-position":"center center","background-size":"auto","background-attachment":"scroll","background-type":"","background-media":"","overlay-type":"","overlay-color":"","overlay-opacity":"","overlay-gradient":""},"mobile":{"background-color":"","background-image":"","background-repeat":"repeat","background-position":"center center","background-size":"auto","background-attachment":"scroll","background-type":"","background-media":"","overlay-type":"","overlay-color":"","overlay-opacity":"","overlay-gradient":""}},"ast-content-background-meta":{"desktop":{"background-color":"var(--ast-global-color-4)","background-image":"","background-repeat":"repeat","background-position":"center center","background-size":"auto","background-attachment":"scroll","background-type":"","background-media":"","overlay-type":"","overlay-color":"","overlay-opacity":"","overlay-gradient":""},"tablet":{"background-color":"var(--ast-global-color-4)","background-image":"","background-repeat":"repeat","background-position":"center center","background-size":"auto","background-attachment":"scroll","background-type":"","background-media":"","overlay-type":"","overlay-color":"","overlay-opacity":"","overlay-gradient":""},"mobile":{"background-color":"var(--ast-global-color-4)","background-image":"","background-repeat":"repeat","background-position":"center center","background-size":"auto","background-attachment":"scroll","background-type":"","background-media":"","overlay-type":"","overlay-color":"","overlay-opacity":"","overlay-gradient":""}},"footnotes":""},"categories":[23,1],"tags":[],"class_list":["post-39113","post","type-post","status-publish","format-standard","hentry","category-internacionales","category-noticias"],"yoast_head":"<!-- This site is optimized with the Yoast SEO Premium plugin v23.0 (Yoast SEO v27.4) - https:\/\/yoast.com\/product\/yoast-seo-premium-wordpress\/ -->\n<title>La Armada suspendi\u00f3 el rescate de los tripulantes del submarino ARA San Juan. Indignaci\u00f3n de los familiares \u201cTiraron por la borda la \u00faltima esperanza\u201d<\/title>\n<meta name=\"robots\" content=\"index, follow, max-snippet:-1, max-image-preview:large, max-video-preview:-1\" \/>\n<link rel=\"canonical\" href=\"https:\/\/patagoniambiental.com.ar\/info\/la-armada-suspendio-el-rescate-de-los-tripulantes-del-submarino-ara-san-juan-indignacion-de-los-familiares-tiraron-por-la-borda-la-ultima-esperanza\/\" \/>\n<meta property=\"og:locale\" content=\"es_ES\" \/>\n<meta property=\"og:type\" content=\"article\" \/>\n<meta property=\"og:title\" content=\"La Armada suspendi\u00f3 el rescate de los tripulantes del submarino ARA San Juan. Indignaci\u00f3n de los familiares \u201cTiraron por la borda la \u00faltima esperanza\u201d\" \/>\n<meta property=\"og:description\" content=\"Mar del Plata.-La Marina dio por terminada la fase de rescate de posibles sobrevivientes y a partir de ahora solo [&hellip;]\" \/>\n<meta property=\"og:url\" content=\"https:\/\/patagoniambiental.com.ar\/info\/la-armada-suspendio-el-rescate-de-los-tripulantes-del-submarino-ara-san-juan-indignacion-de-los-familiares-tiraron-por-la-borda-la-ultima-esperanza\/\" \/>\n<meta property=\"og:site_name\" content=\"Patagonia Ambiental\" \/>\n<meta property=\"article:publisher\" content=\"https:\/\/www.facebook.com\/patagonia.ambiental\" \/>\n<meta property=\"article:author\" content=\"https:\/\/www.facebook.com\/share\/1C1V8Gv9BX\/?mibextid=qi2Omg\" \/>\n<meta property=\"article:published_time\" content=\"2017-12-01T12:00:48+00:00\" \/>\n<meta property=\"article:modified_time\" content=\"2017-12-01T13:19:22+00:00\" \/>\n<meta property=\"og:image\" content=\"https:\/\/images.pagina12.com.ar\/styles\/focal_16_9_960x540\/public\/2017-12\/na03fo01_0.jpg?itok=bAjLCT_4\" \/>\n<meta name=\"author\" content=\"Patagonia Ambiental\" \/>\n<meta name=\"twitter:card\" content=\"summary_large_image\" \/>\n<meta name=\"twitter:creator\" content=\"@PatAmb\" \/>\n<meta name=\"twitter:site\" content=\"@PatAmb\" \/>\n<script type=\"application\/ld+json\" class=\"yoast-schema-graph\">{\"@context\":\"https:\\\/\\\/schema.org\",\"@graph\":[{\"@type\":\"Article\",\"@id\":\"https:\\\/\\\/patagoniambiental.com.ar\\\/info\\\/la-armada-suspendio-el-rescate-de-los-tripulantes-del-submarino-ara-san-juan-indignacion-de-los-familiares-tiraron-por-la-borda-la-ultima-esperanza\\\/#article\",\"isPartOf\":{\"@id\":\"https:\\\/\\\/patagoniambiental.com.ar\\\/info\\\/la-armada-suspendio-el-rescate-de-los-tripulantes-del-submarino-ara-san-juan-indignacion-de-los-familiares-tiraron-por-la-borda-la-ultima-esperanza\\\/\"},\"author\":{\"name\":\"Patagonia Ambiental\",\"@id\":\"https:\\\/\\\/patagoniambiental.com.ar\\\/info\\\/#\\\/schema\\\/person\\\/db12bff64bbcbf6a253710bf0ea37b5d\"},\"headline\":\"La Armada suspendi\u00f3 el rescate de los tripulantes del submarino ARA San Juan. Indignaci\u00f3n de los familiares \u201cTiraron por la borda la \u00faltima esperanza\u201d\",\"datePublished\":\"2017-12-01T12:00:48+00:00\",\"dateModified\":\"2017-12-01T13:19:22+00:00\",\"mainEntityOfPage\":{\"@id\":\"https:\\\/\\\/patagoniambiental.com.ar\\\/info\\\/la-armada-suspendio-el-rescate-de-los-tripulantes-del-submarino-ara-san-juan-indignacion-de-los-familiares-tiraron-por-la-borda-la-ultima-esperanza\\\/\"},\"wordCount\":1185,\"commentCount\":0,\"publisher\":{\"@id\":\"https:\\\/\\\/patagoniambiental.com.ar\\\/info\\\/#organization\"},\"image\":{\"@id\":\"https:\\\/\\\/patagoniambiental.com.ar\\\/info\\\/la-armada-suspendio-el-rescate-de-los-tripulantes-del-submarino-ara-san-juan-indignacion-de-los-familiares-tiraron-por-la-borda-la-ultima-esperanza\\\/#primaryimage\"},\"thumbnailUrl\":\"https:\\\/\\\/images.pagina12.com.ar\\\/styles\\\/focal_16_9_960x540\\\/public\\\/2017-12\\\/na03fo01_0.jpg?itok=bAjLCT_4\",\"articleSection\":[\"Internacionales\",\"Noticias\"],\"inLanguage\":\"es\",\"potentialAction\":[{\"@type\":\"CommentAction\",\"name\":\"Comment\",\"target\":[\"https:\\\/\\\/patagoniambiental.com.ar\\\/info\\\/la-armada-suspendio-el-rescate-de-los-tripulantes-del-submarino-ara-san-juan-indignacion-de-los-familiares-tiraron-por-la-borda-la-ultima-esperanza\\\/#respond\"]}]},{\"@type\":\"WebPage\",\"@id\":\"https:\\\/\\\/patagoniambiental.com.ar\\\/info\\\/la-armada-suspendio-el-rescate-de-los-tripulantes-del-submarino-ara-san-juan-indignacion-de-los-familiares-tiraron-por-la-borda-la-ultima-esperanza\\\/\",\"url\":\"https:\\\/\\\/patagoniambiental.com.ar\\\/info\\\/la-armada-suspendio-el-rescate-de-los-tripulantes-del-submarino-ara-san-juan-indignacion-de-los-familiares-tiraron-por-la-borda-la-ultima-esperanza\\\/\",\"name\":\"La Armada suspendi\u00f3 el rescate de los tripulantes del submarino ARA San Juan. Indignaci\u00f3n de los familiares \u201cTiraron por la borda la \u00faltima esperanza\u201d\",\"isPartOf\":{\"@id\":\"https:\\\/\\\/patagoniambiental.com.ar\\\/info\\\/#website\"},\"primaryImageOfPage\":{\"@id\":\"https:\\\/\\\/patagoniambiental.com.ar\\\/info\\\/la-armada-suspendio-el-rescate-de-los-tripulantes-del-submarino-ara-san-juan-indignacion-de-los-familiares-tiraron-por-la-borda-la-ultima-esperanza\\\/#primaryimage\"},\"image\":{\"@id\":\"https:\\\/\\\/patagoniambiental.com.ar\\\/info\\\/la-armada-suspendio-el-rescate-de-los-tripulantes-del-submarino-ara-san-juan-indignacion-de-los-familiares-tiraron-por-la-borda-la-ultima-esperanza\\\/#primaryimage\"},\"thumbnailUrl\":\"https:\\\/\\\/images.pagina12.com.ar\\\/styles\\\/focal_16_9_960x540\\\/public\\\/2017-12\\\/na03fo01_0.jpg?itok=bAjLCT_4\",\"datePublished\":\"2017-12-01T12:00:48+00:00\",\"dateModified\":\"2017-12-01T13:19:22+00:00\",\"breadcrumb\":{\"@id\":\"https:\\\/\\\/patagoniambiental.com.ar\\\/info\\\/la-armada-suspendio-el-rescate-de-los-tripulantes-del-submarino-ara-san-juan-indignacion-de-los-familiares-tiraron-por-la-borda-la-ultima-esperanza\\\/#breadcrumb\"},\"inLanguage\":\"es\",\"potentialAction\":[{\"@type\":\"ReadAction\",\"target\":[\"https:\\\/\\\/patagoniambiental.com.ar\\\/info\\\/la-armada-suspendio-el-rescate-de-los-tripulantes-del-submarino-ara-san-juan-indignacion-de-los-familiares-tiraron-por-la-borda-la-ultima-esperanza\\\/\"]}]},{\"@type\":\"ImageObject\",\"inLanguage\":\"es\",\"@id\":\"https:\\\/\\\/patagoniambiental.com.ar\\\/info\\\/la-armada-suspendio-el-rescate-de-los-tripulantes-del-submarino-ara-san-juan-indignacion-de-los-familiares-tiraron-por-la-borda-la-ultima-esperanza\\\/#primaryimage\",\"url\":\"https:\\\/\\\/images.pagina12.com.ar\\\/styles\\\/focal_16_9_960x540\\\/public\\\/2017-12\\\/na03fo01_0.jpg?itok=bAjLCT_4\",\"contentUrl\":\"https:\\\/\\\/images.pagina12.com.ar\\\/styles\\\/focal_16_9_960x540\\\/public\\\/2017-12\\\/na03fo01_0.jpg?itok=bAjLCT_4\"},{\"@type\":\"BreadcrumbList\",\"@id\":\"https:\\\/\\\/patagoniambiental.com.ar\\\/info\\\/la-armada-suspendio-el-rescate-de-los-tripulantes-del-submarino-ara-san-juan-indignacion-de-los-familiares-tiraron-por-la-borda-la-ultima-esperanza\\\/#breadcrumb\",\"itemListElement\":[{\"@type\":\"ListItem\",\"position\":1,\"name\":\"Inicio\",\"item\":\"https:\\\/\\\/patagoniambiental.com.ar\\\/info\\\/\"},{\"@type\":\"ListItem\",\"position\":2,\"name\":\"La Armada suspendi\u00f3 el rescate de los tripulantes del submarino ARA San Juan. Indignaci\u00f3n de los familiares \u201cTiraron por la borda la \u00faltima esperanza\u201d\"}]},{\"@type\":\"WebSite\",\"@id\":\"https:\\\/\\\/patagoniambiental.com.ar\\\/info\\\/#website\",\"url\":\"https:\\\/\\\/patagoniambiental.com.ar\\\/info\\\/\",\"name\":\"Patagonia Ambiental\",\"description\":\"Monitoreo y an\u00e1lisis de la situaci\u00f3n geopol\u00edtica en el mundo y su implicancia en la Patagonia\",\"publisher\":{\"@id\":\"https:\\\/\\\/patagoniambiental.com.ar\\\/info\\\/#organization\"},\"potentialAction\":[{\"@type\":\"SearchAction\",\"target\":{\"@type\":\"EntryPoint\",\"urlTemplate\":\"https:\\\/\\\/patagoniambiental.com.ar\\\/info\\\/?s={search_term_string}\"},\"query-input\":{\"@type\":\"PropertyValueSpecification\",\"valueRequired\":true,\"valueName\":\"search_term_string\"}}],\"inLanguage\":\"es\"},{\"@type\":\"Organization\",\"@id\":\"https:\\\/\\\/patagoniambiental.com.ar\\\/info\\\/#organization\",\"name\":\"Patagonia Ambiental\",\"url\":\"https:\\\/\\\/patagoniambiental.com.ar\\\/info\\\/\",\"logo\":{\"@type\":\"ImageObject\",\"inLanguage\":\"es\",\"@id\":\"https:\\\/\\\/patagoniambiental.com.ar\\\/info\\\/#\\\/schema\\\/logo\\\/image\\\/\",\"url\":\"https:\\\/\\\/patagoniambiental.com.ar\\\/info\\\/wp-content\\\/uploads\\\/2025\\\/05\\\/LOGO-PATAGONIA-AMBIENTAL.png\",\"contentUrl\":\"https:\\\/\\\/patagoniambiental.com.ar\\\/info\\\/wp-content\\\/uploads\\\/2025\\\/05\\\/LOGO-PATAGONIA-AMBIENTAL.png\",\"width\":433,\"height\":250,\"caption\":\"Patagonia Ambiental\"},\"image\":{\"@id\":\"https:\\\/\\\/patagoniambiental.com.ar\\\/info\\\/#\\\/schema\\\/logo\\\/image\\\/\"},\"sameAs\":[\"https:\\\/\\\/www.facebook.com\\\/patagonia.ambiental\",\"https:\\\/\\\/x.com\\\/PatAmb\"]},{\"@type\":\"Person\",\"@id\":\"https:\\\/\\\/patagoniambiental.com.ar\\\/info\\\/#\\\/schema\\\/person\\\/db12bff64bbcbf6a253710bf0ea37b5d\",\"name\":\"Patagonia Ambiental\",\"description\":\"Andr\u00e9s Nievas T\u00e9cnico en manejo ambiental, consultor Ambiental y escritor para medios locales e internacionales sobre temas de geopolitica y medio ambiente.\",\"sameAs\":[\"http:\\\/\\\/www.patagoniambiental.com.ar\",\"https:\\\/\\\/www.facebook.com\\\/share\\\/1C1V8Gv9BX\\\/?mibextid=qi2Omg\",\"@patagoniambiental\",\"https:\\\/\\\/youtube.com\\\/@patagoniaambiental2023?si=BLt58t0wuXquxlYZ\"]}]}<\/script>\n<!-- \/ Yoast SEO Premium plugin. -->","yoast_head_json":{"title":"La Armada suspendi\u00f3 el rescate de los tripulantes del submarino ARA San Juan. Indignaci\u00f3n de los familiares \u201cTiraron por la borda la \u00faltima esperanza\u201d","robots":{"index":"index","follow":"follow","max-snippet":"max-snippet:-1","max-image-preview":"max-image-preview:large","max-video-preview":"max-video-preview:-1"},"canonical":"https:\/\/patagoniambiental.com.ar\/info\/la-armada-suspendio-el-rescate-de-los-tripulantes-del-submarino-ara-san-juan-indignacion-de-los-familiares-tiraron-por-la-borda-la-ultima-esperanza\/","og_locale":"es_ES","og_type":"article","og_title":"La Armada suspendi\u00f3 el rescate de los tripulantes del submarino ARA San Juan. Indignaci\u00f3n de los familiares \u201cTiraron por la borda la \u00faltima esperanza\u201d","og_description":"Mar del Plata.-La Marina dio por terminada la fase de rescate de posibles sobrevivientes y a partir de ahora solo [&hellip;]","og_url":"https:\/\/patagoniambiental.com.ar\/info\/la-armada-suspendio-el-rescate-de-los-tripulantes-del-submarino-ara-san-juan-indignacion-de-los-familiares-tiraron-por-la-borda-la-ultima-esperanza\/","og_site_name":"Patagonia Ambiental","article_publisher":"https:\/\/www.facebook.com\/patagonia.ambiental","article_author":"https:\/\/www.facebook.com\/share\/1C1V8Gv9BX\/?mibextid=qi2Omg","article_published_time":"2017-12-01T12:00:48+00:00","article_modified_time":"2017-12-01T13:19:22+00:00","og_image":[{"url":"https:\/\/images.pagina12.com.ar\/styles\/focal_16_9_960x540\/public\/2017-12\/na03fo01_0.jpg?itok=bAjLCT_4","type":"","width":"","height":""}],"author":"Patagonia Ambiental","twitter_card":"summary_large_image","twitter_creator":"@PatAmb","twitter_site":"@PatAmb","schema":{"@context":"https:\/\/schema.org","@graph":[{"@type":"Article","@id":"https:\/\/patagoniambiental.com.ar\/info\/la-armada-suspendio-el-rescate-de-los-tripulantes-del-submarino-ara-san-juan-indignacion-de-los-familiares-tiraron-por-la-borda-la-ultima-esperanza\/#article","isPartOf":{"@id":"https:\/\/patagoniambiental.com.ar\/info\/la-armada-suspendio-el-rescate-de-los-tripulantes-del-submarino-ara-san-juan-indignacion-de-los-familiares-tiraron-por-la-borda-la-ultima-esperanza\/"},"author":{"name":"Patagonia Ambiental","@id":"https:\/\/patagoniambiental.com.ar\/info\/#\/schema\/person\/db12bff64bbcbf6a253710bf0ea37b5d"},"headline":"La Armada suspendi\u00f3 el rescate de los tripulantes del submarino ARA San Juan. Indignaci\u00f3n de los familiares \u201cTiraron por la borda la \u00faltima esperanza\u201d","datePublished":"2017-12-01T12:00:48+00:00","dateModified":"2017-12-01T13:19:22+00:00","mainEntityOfPage":{"@id":"https:\/\/patagoniambiental.com.ar\/info\/la-armada-suspendio-el-rescate-de-los-tripulantes-del-submarino-ara-san-juan-indignacion-de-los-familiares-tiraron-por-la-borda-la-ultima-esperanza\/"},"wordCount":1185,"commentCount":0,"publisher":{"@id":"https:\/\/patagoniambiental.com.ar\/info\/#organization"},"image":{"@id":"https:\/\/patagoniambiental.com.ar\/info\/la-armada-suspendio-el-rescate-de-los-tripulantes-del-submarino-ara-san-juan-indignacion-de-los-familiares-tiraron-por-la-borda-la-ultima-esperanza\/#primaryimage"},"thumbnailUrl":"https:\/\/images.pagina12.com.ar\/styles\/focal_16_9_960x540\/public\/2017-12\/na03fo01_0.jpg?itok=bAjLCT_4","articleSection":["Internacionales","Noticias"],"inLanguage":"es","potentialAction":[{"@type":"CommentAction","name":"Comment","target":["https:\/\/patagoniambiental.com.ar\/info\/la-armada-suspendio-el-rescate-de-los-tripulantes-del-submarino-ara-san-juan-indignacion-de-los-familiares-tiraron-por-la-borda-la-ultima-esperanza\/#respond"]}]},{"@type":"WebPage","@id":"https:\/\/patagoniambiental.com.ar\/info\/la-armada-suspendio-el-rescate-de-los-tripulantes-del-submarino-ara-san-juan-indignacion-de-los-familiares-tiraron-por-la-borda-la-ultima-esperanza\/","url":"https:\/\/patagoniambiental.com.ar\/info\/la-armada-suspendio-el-rescate-de-los-tripulantes-del-submarino-ara-san-juan-indignacion-de-los-familiares-tiraron-por-la-borda-la-ultima-esperanza\/","name":"La Armada suspendi\u00f3 el rescate de los tripulantes del submarino ARA San Juan. Indignaci\u00f3n de los familiares \u201cTiraron por la borda la \u00faltima esperanza\u201d","isPartOf":{"@id":"https:\/\/patagoniambiental.com.ar\/info\/#website"},"primaryImageOfPage":{"@id":"https:\/\/patagoniambiental.com.ar\/info\/la-armada-suspendio-el-rescate-de-los-tripulantes-del-submarino-ara-san-juan-indignacion-de-los-familiares-tiraron-por-la-borda-la-ultima-esperanza\/#primaryimage"},"image":{"@id":"https:\/\/patagoniambiental.com.ar\/info\/la-armada-suspendio-el-rescate-de-los-tripulantes-del-submarino-ara-san-juan-indignacion-de-los-familiares-tiraron-por-la-borda-la-ultima-esperanza\/#primaryimage"},"thumbnailUrl":"https:\/\/images.pagina12.com.ar\/styles\/focal_16_9_960x540\/public\/2017-12\/na03fo01_0.jpg?itok=bAjLCT_4","datePublished":"2017-12-01T12:00:48+00:00","dateModified":"2017-12-01T13:19:22+00:00","breadcrumb":{"@id":"https:\/\/patagoniambiental.com.ar\/info\/la-armada-suspendio-el-rescate-de-los-tripulantes-del-submarino-ara-san-juan-indignacion-de-los-familiares-tiraron-por-la-borda-la-ultima-esperanza\/#breadcrumb"},"inLanguage":"es","potentialAction":[{"@type":"ReadAction","target":["https:\/\/patagoniambiental.com.ar\/info\/la-armada-suspendio-el-rescate-de-los-tripulantes-del-submarino-ara-san-juan-indignacion-de-los-familiares-tiraron-por-la-borda-la-ultima-esperanza\/"]}]},{"@type":"ImageObject","inLanguage":"es","@id":"https:\/\/patagoniambiental.com.ar\/info\/la-armada-suspendio-el-rescate-de-los-tripulantes-del-submarino-ara-san-juan-indignacion-de-los-familiares-tiraron-por-la-borda-la-ultima-esperanza\/#primaryimage","url":"https:\/\/images.pagina12.com.ar\/styles\/focal_16_9_960x540\/public\/2017-12\/na03fo01_0.jpg?itok=bAjLCT_4","contentUrl":"https:\/\/images.pagina12.com.ar\/styles\/focal_16_9_960x540\/public\/2017-12\/na03fo01_0.jpg?itok=bAjLCT_4"},{"@type":"BreadcrumbList","@id":"https:\/\/patagoniambiental.com.ar\/info\/la-armada-suspendio-el-rescate-de-los-tripulantes-del-submarino-ara-san-juan-indignacion-de-los-familiares-tiraron-por-la-borda-la-ultima-esperanza\/#breadcrumb","itemListElement":[{"@type":"ListItem","position":1,"name":"Inicio","item":"https:\/\/patagoniambiental.com.ar\/info\/"},{"@type":"ListItem","position":2,"name":"La Armada suspendi\u00f3 el rescate de los tripulantes del submarino ARA San Juan. Indignaci\u00f3n de los familiares \u201cTiraron por la borda la \u00faltima esperanza\u201d"}]},{"@type":"WebSite","@id":"https:\/\/patagoniambiental.com.ar\/info\/#website","url":"https:\/\/patagoniambiental.com.ar\/info\/","name":"Patagonia Ambiental","description":"Monitoreo y an\u00e1lisis de la situaci\u00f3n geopol\u00edtica en el mundo y su implicancia en la Patagonia","publisher":{"@id":"https:\/\/patagoniambiental.com.ar\/info\/#organization"},"potentialAction":[{"@type":"SearchAction","target":{"@type":"EntryPoint","urlTemplate":"https:\/\/patagoniambiental.com.ar\/info\/?s={search_term_string}"},"query-input":{"@type":"PropertyValueSpecification","valueRequired":true,"valueName":"search_term_string"}}],"inLanguage":"es"},{"@type":"Organization","@id":"https:\/\/patagoniambiental.com.ar\/info\/#organization","name":"Patagonia Ambiental","url":"https:\/\/patagoniambiental.com.ar\/info\/","logo":{"@type":"ImageObject","inLanguage":"es","@id":"https:\/\/patagoniambiental.com.ar\/info\/#\/schema\/logo\/image\/","url":"https:\/\/patagoniambiental.com.ar\/info\/wp-content\/uploads\/2025\/05\/LOGO-PATAGONIA-AMBIENTAL.png","contentUrl":"https:\/\/patagoniambiental.com.ar\/info\/wp-content\/uploads\/2025\/05\/LOGO-PATAGONIA-AMBIENTAL.png","width":433,"height":250,"caption":"Patagonia Ambiental"},"image":{"@id":"https:\/\/patagoniambiental.com.ar\/info\/#\/schema\/logo\/image\/"},"sameAs":["https:\/\/www.facebook.com\/patagonia.ambiental","https:\/\/x.com\/PatAmb"]},{"@type":"Person","@id":"https:\/\/patagoniambiental.com.ar\/info\/#\/schema\/person\/db12bff64bbcbf6a253710bf0ea37b5d","name":"Patagonia Ambiental","description":"Andr\u00e9s Nievas T\u00e9cnico en manejo ambiental, consultor Ambiental y escritor para medios locales e internacionales sobre temas de geopolitica y medio ambiente.","sameAs":["http:\/\/www.patagoniambiental.com.ar","https:\/\/www.facebook.com\/share\/1C1V8Gv9BX\/?mibextid=qi2Omg","@patagoniambiental","https:\/\/youtube.com\/@patagoniaambiental2023?si=BLt58t0wuXquxlYZ"]}]}},"_links":{"self":[{"href":"https:\/\/patagoniambiental.com.ar\/info\/wp-json\/wp\/v2\/posts\/39113","targetHints":{"allow":["GET"]}}],"collection":[{"href":"https:\/\/patagoniambiental.com.ar\/info\/wp-json\/wp\/v2\/posts"}],"about":[{"href":"https:\/\/patagoniambiental.com.ar\/info\/wp-json\/wp\/v2\/types\/post"}],"author":[{"embeddable":true,"href":"https:\/\/patagoniambiental.com.ar\/info\/wp-json\/wp\/v2\/users\/2"}],"replies":[{"embeddable":true,"href":"https:\/\/patagoniambiental.com.ar\/info\/wp-json\/wp\/v2\/comments?post=39113"}],"version-history":[{"count":0,"href":"https:\/\/patagoniambiental.com.ar\/info\/wp-json\/wp\/v2\/posts\/39113\/revisions"}],"wp:attachment":[{"href":"https:\/\/patagoniambiental.com.ar\/info\/wp-json\/wp\/v2\/media?parent=39113"}],"wp:term":[{"taxonomy":"category","embeddable":true,"href":"https:\/\/patagoniambiental.com.ar\/info\/wp-json\/wp\/v2\/categories?post=39113"},{"taxonomy":"post_tag","embeddable":true,"href":"https:\/\/patagoniambiental.com.ar\/info\/wp-json\/wp\/v2\/tags?post=39113"}],"curies":[{"name":"wp","href":"https:\/\/api.w.org\/{rel}","templated":true}]}}