{"id":39116,"date":"2017-12-01T19:00:48","date_gmt":"2017-12-01T22:00:48","guid":{"rendered":"http:\/\/patagoniambiental.com.ar\/info\/?p=39116"},"modified":"2017-12-01T10:20:56","modified_gmt":"2017-12-01T13:20:56","slug":"como-es-la-nueva-etapa-del-operativo-de-busqueda-objetivo-submarino","status":"publish","type":"post","link":"https:\/\/patagoniambiental.com.ar\/info\/como-es-la-nueva-etapa-del-operativo-de-busqueda-objetivo-submarino\/","title":{"rendered":"C\u00f3mo es la nueva etapa del operativo de b\u00fasqueda Objetivo submarino"},"content":{"rendered":"<div class=\"article-titles\">\n<div class=\"article-title\"><\/div>\n<div class=\"article-summary\">Mar del Plata.-La tarea a partir de ahora se centrar\u00e1 en dar con el nav\u00edo y evaluar su posible recuperaci\u00f3n. Rastrillar\u00e1n hasta 6000 metros de profundidad. La readecuaci\u00f3n a la nueva fase.<\/div>\n<\/div>\n<p><!--more--><\/p>\n<div class=\"article-main-media\">\n<div class=\"article-main-media-header\"><\/div>\n<div class=\"article-main-media-image\">\n<div class=\"article-main-media-image__container object-fit-block--contain\"><img decoding=\"async\" class=\"show-for-large-only lazyloaded\" src=\"https:\/\/images.pagina12.com.ar\/styles\/focal_16_9_960x540\/public\/2017-12\/na02fo01_0.jpg?itok=r-uhZrxD\" data-src=\"https:\/\/images.pagina12.com.ar\/styles\/focal_16_9_960x540\/public\/2017-12\/na02fo01_0.jpg?itok=r-uhZrxD\" \/><\/div>\n<\/div>\n<\/div>\n<div class=\"article-body diario\">\n<div class=\"article-text\">\n<p>El vocero de la Armada, Enrique Balbi, anunci\u00f3 que leer\u00eda una gacetilla de prensa, que hab\u00eda sido consensuada entre el Ministerio de Defensa y la Armada. Inform\u00f3 estonces que a \u201clas 16.20 se declar\u00f3 finalizado el caso SAR (de B\u00fasqueda y Rescate, Search and Rescue, en ingl\u00e9s) del Submarino ARA San Juan, cambiando a la fase de b\u00fasqueda del mismo\u201d. Fue la primera vez que el contacto con la prensa empez\u00f3 con la lectura de un texto y no con las explicaciones del vocero.<\/p>\n<p>A 14 d\u00edas de la desaparici\u00f3n de la nave en el Mar Argentino, el vocero se\u00f1al\u00f3 que el operativo \u201cse ha extendido a m\u00e1s del doble de los d\u00edas de rescate de la tripulaci\u00f3n\u201d, pero evit\u00f3 ser \u201ccateg\u00f3rico\u201d en la posibilidad de encontrar sin vida a los 44 tripulantes.<\/p>\n<div><\/div>\n<p>El segundo p\u00e1rrafo de la gacetilla que ley\u00f3 el vocero dice textualmente: \u201cEl plan SAR tiene como misi\u00f3n ejecutar la b\u00fasqueda y salvamento de personas en peligro en el \u00e1rea mar\u00edtima, fluvial y lacustre bajo jurisdicci\u00f3n SAR Argentina, con el fin de preservar la vida humana en el mar, que por ley nacional 22.445 le compete a la Armada Argentina\u201d. La b\u00fasqueda \u201cha contado con personal altamente capacitado y las tecnolog\u00edas m\u00e1s avanzadas del mundo, no encontrando evidencia alguna del naufragio en las a\u00e9reas exploradas\u201d, asegur\u00f3.<\/p>\n<p>Dijo que la b\u00fasqueda se hizo mediante unidades a\u00e9reas y navales desde hace 15 d\u00edas, barriendo un total de 557.000 millas n\u00e1uticas cuadradas de exploraci\u00f3n visual, y 1.049.479 millas n\u00e1uticas cuadradas de exploraci\u00f3n radar, sin obtener contacto con el Submarino ARA San Juan ni con sus balsas salvavidas. \u201cSe ha dispuesto en el esfuerzo de la b\u00fasqueda 28 buques (16 de la Armada Argentina), 9 aeronaves (3 de la Armada Argentina), 4000 hombres involucrados (3200 de la Armada Argentina), sumando un total de 18 pa\u00edses de apoyo; y a pesar de la magnitud de los esfuerzos realizados, no ha sido posible localizar el submarino\u201d, detall\u00f3.<\/p>\n<p>Explic\u00f3 entonces que, en lo concreto, el cambio de fase implica un recambio obligado de la tecnolog\u00eda a utilizar y por lo tanto de los hombres asignados. Por eso, explic\u00f3, algunos de los buques que patrullaban la zona de b\u00fasqueda hab\u00edan iniciado la vuelta a puerto. El Sophie Siem (foto), que trasladaba el minisubmarino de rescate de la Marina norteamericana, vuelve a Comodoro Rivadavia para resolver el tema del agua potable (descubrieron que se hab\u00eda contaminado el agua de a bordo y hay que solucionar el problema y volver a cargar los 8000 litros de agua potable). Este minisubmarino ya no se usar\u00e1. El Atlantis, un barco norteamericano que tambi\u00e9n estaba en la zona de b\u00fasqueda, se dirig\u00eda anoche a puerto para que lo acondicionaran para el traslado de otro robot norteamericano (que llega en estos d\u00edas al pa\u00eds) con capacidad para sumergirse y rastrillar el lecho marino a una profundidad de 6000 metros.<\/p>\n<p>Balbi indic\u00f3 que se continuar\u00e1 \u201crastrillando la zona de mayor ocurrencia\u201d de la desaparici\u00f3n del submarino, que contempla una \u00e1rea equivalente a veinte veces la de la Ciudad de Buenos Aires, a una profundidad de entre 200 y 1000 metros. Y reiter\u00f3: \u201cVamos a seguir en la b\u00fasqueda y en la localizaci\u00f3n hasta encontrar el ARA San Juan\u201d, con los minisubmarinos no tripulados (uno ruso y otro norteamericano).<\/p>\n<p>Durante el turno de preguntas de la conferencia de prensa, Balbi asegur\u00f3 que \u201cno hay ning\u00fan tipo de informaci\u00f3n clasificada ni secreta\u201d en torno de la desaparici\u00f3n del ARA San Juan, volvi\u00f3 a destacar la informaci\u00f3n sobre la \u201canomal\u00eda hidroac\u00fastica en proximidad de la \u00faltima posici\u00f3n conocida\u201d e indic\u00f3 que se trata \u201cprobablemente de una explosi\u00f3n\u201d.<\/p>\n<p>Dos veces destac\u00f3 que \u201ctoda la informaci\u00f3n de que dispon\u00edamos se la fuimos contando a ustedes\u201d, a veces en t\u00e9rminos t\u00e9cnicos y a veces con mayor informalidad, pero siempre se difundi\u00f3 todo lo que se sab\u00eda.<\/p>\n<p>Y esquiv\u00f3 todos los intentos por hacerlo ser concreto respecto de la tripulaci\u00f3n. Se neg\u00f3 a \u201chacer conjeturas hasta que no hayamos localizado al submarino\u201d, pero resalt\u00f3 que \u201cla etapa SAR se extendi\u00f3 m\u00e1s del doble del tiempo\u201d que determina la posibilidad de rescatar a sus tripulantes.<\/p>\n<p>Fuente: Pagina12<\/p>\n<\/div>\n<\/div>\n","protected":false},"excerpt":{"rendered":"<p>Mar del Plata.-La tarea a partir de ahora se centrar\u00e1 en dar con el nav\u00edo y evaluar su posible recuperaci\u00f3n. [&hellip;]<\/p>\n","protected":false},"author":2,"featured_media":0,"comment_status":"open","ping_status":"open","sticky":false,"template":"","format":"standard","meta":{"site-sidebar-layout":"default","site-content-layout":"","ast-site-content-layout":"default","site-content-style":"default","site-sidebar-style":"default","ast-global-header-display":"","ast-banner-title-visibility":"","ast-main-header-display":"","ast-hfb-above-header-display":"","ast-hfb-below-header-display":"","ast-hfb-mobile-header-display":"","site-post-title":"","ast-breadcrumbs-content":"","ast-featured-img":"","footer-sml-layout":"","ast-disable-related-posts":"","theme-transparent-header-meta":"","adv-header-id-meta":"","stick-header-meta":"","header-above-stick-meta":"","header-main-stick-meta":"","header-below-stick-meta":"","astra-migrate-meta-layouts":"default","ast-page-background-enabled":"default","ast-page-background-meta":{"desktop":{"background-color":"var(--ast-global-color-5)","background-image":"","background-repeat":"repeat","background-position":"center center","background-size":"auto","background-attachment":"scroll","background-type":"","background-media":"","overlay-type":"","overlay-color":"","overlay-opacity":"","overlay-gradient":""},"tablet":{"background-color":"","background-image":"","background-repeat":"repeat","background-position":"center center","background-size":"auto","background-attachment":"scroll","background-type":"","background-media":"","overlay-type":"","overlay-color":"","overlay-opacity":"","overlay-gradient":""},"mobile":{"background-color":"","background-image":"","background-repeat":"repeat","background-position":"center center","background-size":"auto","background-attachment":"scroll","background-type":"","background-media":"","overlay-type":"","overlay-color":"","overlay-opacity":"","overlay-gradient":""}},"ast-content-background-meta":{"desktop":{"background-color":"var(--ast-global-color-4)","background-image":"","background-repeat":"repeat","background-position":"center center","background-size":"auto","background-attachment":"scroll","background-type":"","background-media":"","overlay-type":"","overlay-color":"","overlay-opacity":"","overlay-gradient":""},"tablet":{"background-color":"var(--ast-global-color-4)","background-image":"","background-repeat":"repeat","background-position":"center center","background-size":"auto","background-attachment":"scroll","background-type":"","background-media":"","overlay-type":"","overlay-color":"","overlay-opacity":"","overlay-gradient":""},"mobile":{"background-color":"var(--ast-global-color-4)","background-image":"","background-repeat":"repeat","background-position":"center center","background-size":"auto","background-attachment":"scroll","background-type":"","background-media":"","overlay-type":"","overlay-color":"","overlay-opacity":"","overlay-gradient":""}},"footnotes":""},"categories":[23,1],"tags":[],"class_list":["post-39116","post","type-post","status-publish","format-standard","hentry","category-internacionales","category-noticias"],"yoast_head":"<!-- This site is optimized with the Yoast SEO Premium plugin v23.0 (Yoast SEO v27.4) - https:\/\/yoast.com\/product\/yoast-seo-premium-wordpress\/ -->\n<title>C\u00f3mo es la nueva etapa del operativo de b\u00fasqueda Objetivo submarino<\/title>\n<meta name=\"robots\" content=\"index, follow, max-snippet:-1, max-image-preview:large, max-video-preview:-1\" \/>\n<link rel=\"canonical\" href=\"https:\/\/patagoniambiental.com.ar\/info\/como-es-la-nueva-etapa-del-operativo-de-busqueda-objetivo-submarino\/\" \/>\n<meta property=\"og:locale\" content=\"es_ES\" \/>\n<meta property=\"og:type\" content=\"article\" \/>\n<meta property=\"og:title\" content=\"C\u00f3mo es la nueva etapa del operativo de b\u00fasqueda Objetivo submarino\" \/>\n<meta property=\"og:description\" content=\"Mar del Plata.-La tarea a partir de ahora se centrar\u00e1 en dar con el nav\u00edo y evaluar su posible recuperaci\u00f3n. [&hellip;]\" \/>\n<meta property=\"og:url\" content=\"https:\/\/patagoniambiental.com.ar\/info\/como-es-la-nueva-etapa-del-operativo-de-busqueda-objetivo-submarino\/\" \/>\n<meta property=\"og:site_name\" content=\"Patagonia Ambiental\" \/>\n<meta property=\"article:publisher\" content=\"https:\/\/www.facebook.com\/patagonia.ambiental\" \/>\n<meta property=\"article:author\" content=\"https:\/\/www.facebook.com\/share\/1C1V8Gv9BX\/?mibextid=qi2Omg\" \/>\n<meta property=\"article:published_time\" content=\"2017-12-01T22:00:48+00:00\" \/>\n<meta property=\"og:image\" content=\"https:\/\/images.pagina12.com.ar\/styles\/focal_16_9_960x540\/public\/2017-12\/na02fo01_0.jpg?itok=r-uhZrxD\" \/>\n<meta name=\"author\" content=\"Patagonia Ambiental\" \/>\n<meta name=\"twitter:card\" content=\"summary_large_image\" \/>\n<meta name=\"twitter:creator\" content=\"@PatAmb\" \/>\n<meta name=\"twitter:site\" content=\"@PatAmb\" \/>\n<script type=\"application\/ld+json\" class=\"yoast-schema-graph\">{\"@context\":\"https:\\\/\\\/schema.org\",\"@graph\":[{\"@type\":\"Article\",\"@id\":\"https:\\\/\\\/patagoniambiental.com.ar\\\/info\\\/como-es-la-nueva-etapa-del-operativo-de-busqueda-objetivo-submarino\\\/#article\",\"isPartOf\":{\"@id\":\"https:\\\/\\\/patagoniambiental.com.ar\\\/info\\\/como-es-la-nueva-etapa-del-operativo-de-busqueda-objetivo-submarino\\\/\"},\"author\":{\"name\":\"Patagonia Ambiental\",\"@id\":\"https:\\\/\\\/patagoniambiental.com.ar\\\/info\\\/#\\\/schema\\\/person\\\/db12bff64bbcbf6a253710bf0ea37b5d\"},\"headline\":\"C\u00f3mo es la nueva etapa del operativo de b\u00fasqueda Objetivo submarino\",\"datePublished\":\"2017-12-01T22:00:48+00:00\",\"mainEntityOfPage\":{\"@id\":\"https:\\\/\\\/patagoniambiental.com.ar\\\/info\\\/como-es-la-nueva-etapa-del-operativo-de-busqueda-objetivo-submarino\\\/\"},\"wordCount\":775,\"commentCount\":0,\"publisher\":{\"@id\":\"https:\\\/\\\/patagoniambiental.com.ar\\\/info\\\/#organization\"},\"image\":{\"@id\":\"https:\\\/\\\/patagoniambiental.com.ar\\\/info\\\/como-es-la-nueva-etapa-del-operativo-de-busqueda-objetivo-submarino\\\/#primaryimage\"},\"thumbnailUrl\":\"https:\\\/\\\/images.pagina12.com.ar\\\/styles\\\/focal_16_9_960x540\\\/public\\\/2017-12\\\/na02fo01_0.jpg?itok=r-uhZrxD\",\"articleSection\":[\"Internacionales\",\"Noticias\"],\"inLanguage\":\"es\",\"potentialAction\":[{\"@type\":\"CommentAction\",\"name\":\"Comment\",\"target\":[\"https:\\\/\\\/patagoniambiental.com.ar\\\/info\\\/como-es-la-nueva-etapa-del-operativo-de-busqueda-objetivo-submarino\\\/#respond\"]}]},{\"@type\":\"WebPage\",\"@id\":\"https:\\\/\\\/patagoniambiental.com.ar\\\/info\\\/como-es-la-nueva-etapa-del-operativo-de-busqueda-objetivo-submarino\\\/\",\"url\":\"https:\\\/\\\/patagoniambiental.com.ar\\\/info\\\/como-es-la-nueva-etapa-del-operativo-de-busqueda-objetivo-submarino\\\/\",\"name\":\"C\u00f3mo es la nueva etapa del operativo de b\u00fasqueda Objetivo submarino\",\"isPartOf\":{\"@id\":\"https:\\\/\\\/patagoniambiental.com.ar\\\/info\\\/#website\"},\"primaryImageOfPage\":{\"@id\":\"https:\\\/\\\/patagoniambiental.com.ar\\\/info\\\/como-es-la-nueva-etapa-del-operativo-de-busqueda-objetivo-submarino\\\/#primaryimage\"},\"image\":{\"@id\":\"https:\\\/\\\/patagoniambiental.com.ar\\\/info\\\/como-es-la-nueva-etapa-del-operativo-de-busqueda-objetivo-submarino\\\/#primaryimage\"},\"thumbnailUrl\":\"https:\\\/\\\/images.pagina12.com.ar\\\/styles\\\/focal_16_9_960x540\\\/public\\\/2017-12\\\/na02fo01_0.jpg?itok=r-uhZrxD\",\"datePublished\":\"2017-12-01T22:00:48+00:00\",\"breadcrumb\":{\"@id\":\"https:\\\/\\\/patagoniambiental.com.ar\\\/info\\\/como-es-la-nueva-etapa-del-operativo-de-busqueda-objetivo-submarino\\\/#breadcrumb\"},\"inLanguage\":\"es\",\"potentialAction\":[{\"@type\":\"ReadAction\",\"target\":[\"https:\\\/\\\/patagoniambiental.com.ar\\\/info\\\/como-es-la-nueva-etapa-del-operativo-de-busqueda-objetivo-submarino\\\/\"]}]},{\"@type\":\"ImageObject\",\"inLanguage\":\"es\",\"@id\":\"https:\\\/\\\/patagoniambiental.com.ar\\\/info\\\/como-es-la-nueva-etapa-del-operativo-de-busqueda-objetivo-submarino\\\/#primaryimage\",\"url\":\"https:\\\/\\\/images.pagina12.com.ar\\\/styles\\\/focal_16_9_960x540\\\/public\\\/2017-12\\\/na02fo01_0.jpg?itok=r-uhZrxD\",\"contentUrl\":\"https:\\\/\\\/images.pagina12.com.ar\\\/styles\\\/focal_16_9_960x540\\\/public\\\/2017-12\\\/na02fo01_0.jpg?itok=r-uhZrxD\"},{\"@type\":\"BreadcrumbList\",\"@id\":\"https:\\\/\\\/patagoniambiental.com.ar\\\/info\\\/como-es-la-nueva-etapa-del-operativo-de-busqueda-objetivo-submarino\\\/#breadcrumb\",\"itemListElement\":[{\"@type\":\"ListItem\",\"position\":1,\"name\":\"Inicio\",\"item\":\"https:\\\/\\\/patagoniambiental.com.ar\\\/info\\\/\"},{\"@type\":\"ListItem\",\"position\":2,\"name\":\"C\u00f3mo es la nueva etapa del operativo de b\u00fasqueda Objetivo submarino\"}]},{\"@type\":\"WebSite\",\"@id\":\"https:\\\/\\\/patagoniambiental.com.ar\\\/info\\\/#website\",\"url\":\"https:\\\/\\\/patagoniambiental.com.ar\\\/info\\\/\",\"name\":\"Patagonia Ambiental\",\"description\":\"Monitoreo y an\u00e1lisis de la situaci\u00f3n geopol\u00edtica en el mundo y su implicancia en la Patagonia\",\"publisher\":{\"@id\":\"https:\\\/\\\/patagoniambiental.com.ar\\\/info\\\/#organization\"},\"potentialAction\":[{\"@type\":\"SearchAction\",\"target\":{\"@type\":\"EntryPoint\",\"urlTemplate\":\"https:\\\/\\\/patagoniambiental.com.ar\\\/info\\\/?s={search_term_string}\"},\"query-input\":{\"@type\":\"PropertyValueSpecification\",\"valueRequired\":true,\"valueName\":\"search_term_string\"}}],\"inLanguage\":\"es\"},{\"@type\":\"Organization\",\"@id\":\"https:\\\/\\\/patagoniambiental.com.ar\\\/info\\\/#organization\",\"name\":\"Patagonia Ambiental\",\"url\":\"https:\\\/\\\/patagoniambiental.com.ar\\\/info\\\/\",\"logo\":{\"@type\":\"ImageObject\",\"inLanguage\":\"es\",\"@id\":\"https:\\\/\\\/patagoniambiental.com.ar\\\/info\\\/#\\\/schema\\\/logo\\\/image\\\/\",\"url\":\"https:\\\/\\\/patagoniambiental.com.ar\\\/info\\\/wp-content\\\/uploads\\\/2025\\\/05\\\/LOGO-PATAGONIA-AMBIENTAL.png\",\"contentUrl\":\"https:\\\/\\\/patagoniambiental.com.ar\\\/info\\\/wp-content\\\/uploads\\\/2025\\\/05\\\/LOGO-PATAGONIA-AMBIENTAL.png\",\"width\":433,\"height\":250,\"caption\":\"Patagonia Ambiental\"},\"image\":{\"@id\":\"https:\\\/\\\/patagoniambiental.com.ar\\\/info\\\/#\\\/schema\\\/logo\\\/image\\\/\"},\"sameAs\":[\"https:\\\/\\\/www.facebook.com\\\/patagonia.ambiental\",\"https:\\\/\\\/x.com\\\/PatAmb\"]},{\"@type\":\"Person\",\"@id\":\"https:\\\/\\\/patagoniambiental.com.ar\\\/info\\\/#\\\/schema\\\/person\\\/db12bff64bbcbf6a253710bf0ea37b5d\",\"name\":\"Patagonia Ambiental\",\"description\":\"Andr\u00e9s Nievas T\u00e9cnico en manejo ambiental, consultor Ambiental y escritor para medios locales e internacionales sobre temas de geopolitica y medio ambiente.\",\"sameAs\":[\"http:\\\/\\\/www.patagoniambiental.com.ar\",\"https:\\\/\\\/www.facebook.com\\\/share\\\/1C1V8Gv9BX\\\/?mibextid=qi2Omg\",\"@patagoniambiental\",\"https:\\\/\\\/youtube.com\\\/@patagoniaambiental2023?si=BLt58t0wuXquxlYZ\"]}]}<\/script>\n<!-- \/ Yoast SEO Premium plugin. -->","yoast_head_json":{"title":"C\u00f3mo es la nueva etapa del operativo de b\u00fasqueda Objetivo submarino","robots":{"index":"index","follow":"follow","max-snippet":"max-snippet:-1","max-image-preview":"max-image-preview:large","max-video-preview":"max-video-preview:-1"},"canonical":"https:\/\/patagoniambiental.com.ar\/info\/como-es-la-nueva-etapa-del-operativo-de-busqueda-objetivo-submarino\/","og_locale":"es_ES","og_type":"article","og_title":"C\u00f3mo es la nueva etapa del operativo de b\u00fasqueda Objetivo submarino","og_description":"Mar del Plata.-La tarea a partir de ahora se centrar\u00e1 en dar con el nav\u00edo y evaluar su posible recuperaci\u00f3n. [&hellip;]","og_url":"https:\/\/patagoniambiental.com.ar\/info\/como-es-la-nueva-etapa-del-operativo-de-busqueda-objetivo-submarino\/","og_site_name":"Patagonia Ambiental","article_publisher":"https:\/\/www.facebook.com\/patagonia.ambiental","article_author":"https:\/\/www.facebook.com\/share\/1C1V8Gv9BX\/?mibextid=qi2Omg","article_published_time":"2017-12-01T22:00:48+00:00","og_image":[{"url":"https:\/\/images.pagina12.com.ar\/styles\/focal_16_9_960x540\/public\/2017-12\/na02fo01_0.jpg?itok=r-uhZrxD","type":"","width":"","height":""}],"author":"Patagonia Ambiental","twitter_card":"summary_large_image","twitter_creator":"@PatAmb","twitter_site":"@PatAmb","schema":{"@context":"https:\/\/schema.org","@graph":[{"@type":"Article","@id":"https:\/\/patagoniambiental.com.ar\/info\/como-es-la-nueva-etapa-del-operativo-de-busqueda-objetivo-submarino\/#article","isPartOf":{"@id":"https:\/\/patagoniambiental.com.ar\/info\/como-es-la-nueva-etapa-del-operativo-de-busqueda-objetivo-submarino\/"},"author":{"name":"Patagonia Ambiental","@id":"https:\/\/patagoniambiental.com.ar\/info\/#\/schema\/person\/db12bff64bbcbf6a253710bf0ea37b5d"},"headline":"C\u00f3mo es la nueva etapa del operativo de b\u00fasqueda Objetivo submarino","datePublished":"2017-12-01T22:00:48+00:00","mainEntityOfPage":{"@id":"https:\/\/patagoniambiental.com.ar\/info\/como-es-la-nueva-etapa-del-operativo-de-busqueda-objetivo-submarino\/"},"wordCount":775,"commentCount":0,"publisher":{"@id":"https:\/\/patagoniambiental.com.ar\/info\/#organization"},"image":{"@id":"https:\/\/patagoniambiental.com.ar\/info\/como-es-la-nueva-etapa-del-operativo-de-busqueda-objetivo-submarino\/#primaryimage"},"thumbnailUrl":"https:\/\/images.pagina12.com.ar\/styles\/focal_16_9_960x540\/public\/2017-12\/na02fo01_0.jpg?itok=r-uhZrxD","articleSection":["Internacionales","Noticias"],"inLanguage":"es","potentialAction":[{"@type":"CommentAction","name":"Comment","target":["https:\/\/patagoniambiental.com.ar\/info\/como-es-la-nueva-etapa-del-operativo-de-busqueda-objetivo-submarino\/#respond"]}]},{"@type":"WebPage","@id":"https:\/\/patagoniambiental.com.ar\/info\/como-es-la-nueva-etapa-del-operativo-de-busqueda-objetivo-submarino\/","url":"https:\/\/patagoniambiental.com.ar\/info\/como-es-la-nueva-etapa-del-operativo-de-busqueda-objetivo-submarino\/","name":"C\u00f3mo es la nueva etapa del operativo de b\u00fasqueda Objetivo submarino","isPartOf":{"@id":"https:\/\/patagoniambiental.com.ar\/info\/#website"},"primaryImageOfPage":{"@id":"https:\/\/patagoniambiental.com.ar\/info\/como-es-la-nueva-etapa-del-operativo-de-busqueda-objetivo-submarino\/#primaryimage"},"image":{"@id":"https:\/\/patagoniambiental.com.ar\/info\/como-es-la-nueva-etapa-del-operativo-de-busqueda-objetivo-submarino\/#primaryimage"},"thumbnailUrl":"https:\/\/images.pagina12.com.ar\/styles\/focal_16_9_960x540\/public\/2017-12\/na02fo01_0.jpg?itok=r-uhZrxD","datePublished":"2017-12-01T22:00:48+00:00","breadcrumb":{"@id":"https:\/\/patagoniambiental.com.ar\/info\/como-es-la-nueva-etapa-del-operativo-de-busqueda-objetivo-submarino\/#breadcrumb"},"inLanguage":"es","potentialAction":[{"@type":"ReadAction","target":["https:\/\/patagoniambiental.com.ar\/info\/como-es-la-nueva-etapa-del-operativo-de-busqueda-objetivo-submarino\/"]}]},{"@type":"ImageObject","inLanguage":"es","@id":"https:\/\/patagoniambiental.com.ar\/info\/como-es-la-nueva-etapa-del-operativo-de-busqueda-objetivo-submarino\/#primaryimage","url":"https:\/\/images.pagina12.com.ar\/styles\/focal_16_9_960x540\/public\/2017-12\/na02fo01_0.jpg?itok=r-uhZrxD","contentUrl":"https:\/\/images.pagina12.com.ar\/styles\/focal_16_9_960x540\/public\/2017-12\/na02fo01_0.jpg?itok=r-uhZrxD"},{"@type":"BreadcrumbList","@id":"https:\/\/patagoniambiental.com.ar\/info\/como-es-la-nueva-etapa-del-operativo-de-busqueda-objetivo-submarino\/#breadcrumb","itemListElement":[{"@type":"ListItem","position":1,"name":"Inicio","item":"https:\/\/patagoniambiental.com.ar\/info\/"},{"@type":"ListItem","position":2,"name":"C\u00f3mo es la nueva etapa del operativo de b\u00fasqueda Objetivo submarino"}]},{"@type":"WebSite","@id":"https:\/\/patagoniambiental.com.ar\/info\/#website","url":"https:\/\/patagoniambiental.com.ar\/info\/","name":"Patagonia Ambiental","description":"Monitoreo y an\u00e1lisis de la situaci\u00f3n geopol\u00edtica en el mundo y su implicancia en la Patagonia","publisher":{"@id":"https:\/\/patagoniambiental.com.ar\/info\/#organization"},"potentialAction":[{"@type":"SearchAction","target":{"@type":"EntryPoint","urlTemplate":"https:\/\/patagoniambiental.com.ar\/info\/?s={search_term_string}"},"query-input":{"@type":"PropertyValueSpecification","valueRequired":true,"valueName":"search_term_string"}}],"inLanguage":"es"},{"@type":"Organization","@id":"https:\/\/patagoniambiental.com.ar\/info\/#organization","name":"Patagonia Ambiental","url":"https:\/\/patagoniambiental.com.ar\/info\/","logo":{"@type":"ImageObject","inLanguage":"es","@id":"https:\/\/patagoniambiental.com.ar\/info\/#\/schema\/logo\/image\/","url":"https:\/\/patagoniambiental.com.ar\/info\/wp-content\/uploads\/2025\/05\/LOGO-PATAGONIA-AMBIENTAL.png","contentUrl":"https:\/\/patagoniambiental.com.ar\/info\/wp-content\/uploads\/2025\/05\/LOGO-PATAGONIA-AMBIENTAL.png","width":433,"height":250,"caption":"Patagonia Ambiental"},"image":{"@id":"https:\/\/patagoniambiental.com.ar\/info\/#\/schema\/logo\/image\/"},"sameAs":["https:\/\/www.facebook.com\/patagonia.ambiental","https:\/\/x.com\/PatAmb"]},{"@type":"Person","@id":"https:\/\/patagoniambiental.com.ar\/info\/#\/schema\/person\/db12bff64bbcbf6a253710bf0ea37b5d","name":"Patagonia Ambiental","description":"Andr\u00e9s Nievas T\u00e9cnico en manejo ambiental, consultor Ambiental y escritor para medios locales e internacionales sobre temas de geopolitica y medio ambiente.","sameAs":["http:\/\/www.patagoniambiental.com.ar","https:\/\/www.facebook.com\/share\/1C1V8Gv9BX\/?mibextid=qi2Omg","@patagoniambiental","https:\/\/youtube.com\/@patagoniaambiental2023?si=BLt58t0wuXquxlYZ"]}]}},"_links":{"self":[{"href":"https:\/\/patagoniambiental.com.ar\/info\/wp-json\/wp\/v2\/posts\/39116","targetHints":{"allow":["GET"]}}],"collection":[{"href":"https:\/\/patagoniambiental.com.ar\/info\/wp-json\/wp\/v2\/posts"}],"about":[{"href":"https:\/\/patagoniambiental.com.ar\/info\/wp-json\/wp\/v2\/types\/post"}],"author":[{"embeddable":true,"href":"https:\/\/patagoniambiental.com.ar\/info\/wp-json\/wp\/v2\/users\/2"}],"replies":[{"embeddable":true,"href":"https:\/\/patagoniambiental.com.ar\/info\/wp-json\/wp\/v2\/comments?post=39116"}],"version-history":[{"count":0,"href":"https:\/\/patagoniambiental.com.ar\/info\/wp-json\/wp\/v2\/posts\/39116\/revisions"}],"wp:attachment":[{"href":"https:\/\/patagoniambiental.com.ar\/info\/wp-json\/wp\/v2\/media?parent=39116"}],"wp:term":[{"taxonomy":"category","embeddable":true,"href":"https:\/\/patagoniambiental.com.ar\/info\/wp-json\/wp\/v2\/categories?post=39116"},{"taxonomy":"post_tag","embeddable":true,"href":"https:\/\/patagoniambiental.com.ar\/info\/wp-json\/wp\/v2\/tags?post=39116"}],"curies":[{"name":"wp","href":"https:\/\/api.w.org\/{rel}","templated":true}]}}