{"id":39119,"date":"2017-12-02T19:00:19","date_gmt":"2017-12-02T22:00:19","guid":{"rendered":"http:\/\/patagoniambiental.com.ar\/info\/?p=39119"},"modified":"2017-12-01T10:25:11","modified_gmt":"2017-12-01T13:25:11","slug":"ambiente-sur-apoya-la-ampliacion-del-parque-nacional-patagonia-2","status":"publish","type":"post","link":"https:\/\/patagoniambiental.com.ar\/info\/ambiente-sur-apoya-la-ampliacion-del-parque-nacional-patagonia-2\/","title":{"rendered":"Ambiente Sur apoya la ampliaci\u00f3n del Parque Nacional Patagonia"},"content":{"rendered":"<div class=\"td-full-screen-header-image-wrap\">Santa Cruz.-La Asociaci\u00f3n Ambiente Sur expres\u00f3 su apoyo a la ampliaci\u00f3n del Parque Nacional Patagonia ante el inminente tratamiento de un proyecto de ley presentado en la Legislatura de la Provincia de Santa Cruz que transfiere la jurisdicci\u00f3n provincial a la Naci\u00f3n sobre tierras en el noroeste provincial con el \u00fanico fin de ser destinadas a la ampliaci\u00f3n de este parque nacional.<\/div>\n<div class=\"td-container\">\n<div class=\"td-pb-row\">\n<div class=\"td-pb-span8 td-main-content\" role=\"main\">\n<div class=\"td-ss-main-content\">\n<div class=\"td-post-sharing td-post-sharing-top td-with-like\">\n<div class=\"td-default-sharing\">\n<div class=\"td-social-but-text\"><!--more--><\/div>\n<\/div>\n<\/div>\n<div class=\"td-post-content\">\n<p>Desde 2007, junto a otras organizaciones, la Asociaci\u00f3n Ambiente Sur ha trabajado en la zona con prop\u00f3sitos cient\u00edficos y conservacionistas, haciendo foco en una especie \u00fanica de nuestra provincia, el mac\u00e1 tobiano (Podiceps gallardoi), en Peligro Cr\u00edtico de Extinci\u00f3n, que utiliza las lagunas de la Meseta del Lago Buenos Aires en su etapa reproductiva, y que enfrenta serias amenazas para su supervivencia.<\/p>\n<p>En 2009, Ambiente Sur junto a la Ong Aves Argentinas, pusieron en marcha el Proyecto Mac\u00e1 Tobiano, que realiza acciones cient\u00edficas y conteos de la especie retomando los estudios realizados en los \u00b480 luego de su descubrimiento en 1974. El proyecto desarrolla medidas de control en el terreno para asegurar la nidificaci\u00f3n y reproducci\u00f3n exitosa del mac\u00e1 tobiano, acciones de sensibilizaci\u00f3n con las comunidades pr\u00f3ximas y junto a la Administraci\u00f3n de Parques Nacionales, la Fundaci\u00f3n Flora y Fauna y vecinos interesados en la conservaci\u00f3n de la biodiversidad de una regi\u00f3n \u00fanica, apoyaron e impulsaron la creaci\u00f3n del Parque Nacional Patagonia. Las medidas tomadas y la protecci\u00f3n del \u00e1rea de nidificaci\u00f3n del mac\u00e1 tobiano son esenciales para asegurar su reproducci\u00f3n, dando esperanzas sobre su supervivencia. El seguimiento de la especie permite suponer que se ha detenido su declive poblacional, aunque el total ronda s\u00f3lo los 800 individuos.<\/p>\n<p>Con la creaci\u00f3n del Parque Nacional Patagonia en 2014 se protegi\u00f3 una muestra de un ecosistema, la meseta y estepa patag\u00f3nica, que no se encontraba representado dentro de las \u00e1reas protegidas de los Parques Nacionales. En ese sentido, tambi\u00e9n entienden desde la Ong que la creaci\u00f3n del Parque y ahora su ampliaci\u00f3n, brindan a los pobladores de la regi\u00f3n un recurso ecotur\u00edstico que posiciona a nivel mundial la marca de la comarca noroeste de Santa Cruz de manera sustentable, generando mayor cantidad de puestos de trabajo en turismo y servicios que las actividades tradicionales, y asegurar\u00e1 la provisi\u00f3n de inestimables beneficios ambientales para los actuales habitantes y las futuras generaciones.<\/p>\n<p>Desde el punto de vista del desarrollo tur\u00edstico, el Parque Nacional protege un patrimonio natural y cultural \u00fanico. La Meseta del lago Buenos Aires es una altiplanicie volc\u00e1nica que se destaca por su gran biodiversidad y que incluye especies end\u00e9micas (exclusivas de una ecoregi\u00f3n) de flora y fauna, a la vez que constituye uno de los \u00faltimos refugios del mac\u00e1 tobiano, Monumento Natural Provincial, que podr\u00eda ser declarado en esta categor\u00eda a nivel nacional.<\/p>\n<p>Por otra parte, los pueblos originarios otorgaron gran valor simb\u00f3lico a la meseta. Las evidencias de su paso por la regi\u00f3n quedaron plasmadas en enigm\u00e1ticos petroglifos grabados en las piedras volc\u00e1nicas, donde se considera que a\u00fan quedan yacimientos arqueol\u00f3gicos sin explorar, y su proximidad a la Cueva de las Manos, declarada Patrimonio de la Humanidad, suman un alto valor que cada a\u00f1o atrae a miles de visitantes a la regi\u00f3n a trav\u00e9s de los circuitos tur\u00edsticos sobre las rutas 40, 41 y 43, que son recibidos en las localidades de Los Antiguos, Perito Moreno, Bajo Caracoles y Lago Posadas. El proyecto presentado incluye adem\u00e1s la creaci\u00f3n del Parque Provincial Cueva de las Manos y la cesi\u00f3n de tierras a la Naci\u00f3n para la ampliaci\u00f3n de los parques nacionales Perito Moreno y Los Glaciares, potenciando a\u00fan m\u00e1s ese corredor tur\u00edstico. Todo esto, en un marco de incre\u00edble belleza paisaj\u00edstica que tambi\u00e9n se busca proteger.<\/p>\n<p>Respecto a los servicios ambientales que brinda el Parque, las localidades cercanas valoran a la meseta como reserva h\u00eddrica, no s\u00f3lo como fuente de vida sino tambi\u00e9n como provisi\u00f3n indispensable para el desarrollo de otras actividades productivas tradicionales de la regi\u00f3n, como la ganader\u00eda o la producci\u00f3n de cerezas. Desde la reserva h\u00eddrica que el Parque Nacional protege descienden r\u00edos, arroyos y manantiales que aseguran la provisi\u00f3n de agua a una amplia regi\u00f3n, y otros beneficios como el aire puro y un reservorio de semillas de pastos y plantas nativas.<\/p>\n<p>Ambiente Sur considera importante aclarar adem\u00e1s que el proyecto de cesi\u00f3n de tierras al Estado Nacional estipula cinco a\u00f1os para la adjudicaci\u00f3n de estas tierras al objetivo indicado, con condiciones claras respecto a la elaboraci\u00f3n de planes de manejo y trabajo con los propietarios colindantes al Parque. Si esto no fuera as\u00ed en el lapso estipulado, las tierras deben ser devueltas a la jurisdicci\u00f3n provincial.<\/p>\n<p>Sin embargo, eval\u00faan desde la Ong que la trayectoria y desarrollo de los parques nacionales, sumados a las voluntades de organizaciones de la sociedad civil, como la que representa la Asociaci\u00f3n, y de ciudadanos activos e interesados en la conservaci\u00f3n, los avances ya registrados respecto del manejo del \u00e1rea en cuesti\u00f3n y el visible aumento de la actividad tur\u00edstica en la zona, permiten ser entusiasta respecto de los beneficios que el Parque y su ampliaci\u00f3n traer\u00e1n a la regi\u00f3n pero tambi\u00e9n al pa\u00eds y al mundo, asegurando la preservaci\u00f3n de un ambiente \u00fanico.<\/p>\n<p><a class=\"td-modal-image\" href=\"http:\/\/vocesyapuntes.com\/v6\/wp-content\/uploads\/2017\/11\/Pque.jpg\"><img fetchpriority=\"high\" decoding=\"async\" class=\"alignnone size-full wp-image-68888 td-animation-stack-type0-2\" src=\"http:\/\/vocesyapuntes.com\/v6\/wp-content\/uploads\/2017\/11\/Pque.jpg\" sizes=\"(max-width: 1920px) 100vw, 1920px\" srcset=\"http:\/\/vocesyapuntes.com\/v6\/wp-content\/uploads\/2017\/11\/Pque.jpg 1920w, http:\/\/vocesyapuntes.com\/v6\/wp-content\/uploads\/2017\/11\/Pque-300x199.jpg 300w, http:\/\/vocesyapuntes.com\/v6\/wp-content\/uploads\/2017\/11\/Pque-768x509.jpg 768w, http:\/\/vocesyapuntes.com\/v6\/wp-content\/uploads\/2017\/11\/Pque-1024x678.jpg 1024w, http:\/\/vocesyapuntes.com\/v6\/wp-content\/uploads\/2017\/11\/Pque-696x461.jpg 696w, http:\/\/vocesyapuntes.com\/v6\/wp-content\/uploads\/2017\/11\/Pque-1068x708.jpg 1068w, http:\/\/vocesyapuntes.com\/v6\/wp-content\/uploads\/2017\/11\/Pque-634x420.jpg 634w\" alt=\"\" width=\"1920\" height=\"1272\" \/><\/a><\/p>\n<h3><\/h3>\n<\/div>\n<\/div>\n<\/div>\n<\/div>\n<\/div>\n<p>Fuente:\u00a0http:\/\/vocesyapuntes.com\/v6\/2017\/11\/30\/ambiente-sur-apoya-la-ampliacion-del-parque-nacional-patagonia\/<\/p>\n","protected":false},"excerpt":{"rendered":"<p>Santa Cruz.-La Asociaci\u00f3n Ambiente Sur expres\u00f3 su apoyo a la ampliaci\u00f3n del Parque Nacional Patagonia ante el inminente tratamiento de [&hellip;]<\/p>\n","protected":false},"author":2,"featured_media":0,"comment_status":"open","ping_status":"open","sticky":false,"template":"","format":"standard","meta":{"site-sidebar-layout":"default","site-content-layout":"","ast-site-content-layout":"default","site-content-style":"default","site-sidebar-style":"default","ast-global-header-display":"","ast-banner-title-visibility":"","ast-main-header-display":"","ast-hfb-above-header-display":"","ast-hfb-below-header-display":"","ast-hfb-mobile-header-display":"","site-post-title":"","ast-breadcrumbs-content":"","ast-featured-img":"","footer-sml-layout":"","ast-disable-related-posts":"","theme-transparent-header-meta":"","adv-header-id-meta":"","stick-header-meta":"","header-above-stick-meta":"","header-main-stick-meta":"","header-below-stick-meta":"","astra-migrate-meta-layouts":"default","ast-page-background-enabled":"default","ast-page-background-meta":{"desktop":{"background-color":"var(--ast-global-color-5)","background-image":"","background-repeat":"repeat","background-position":"center center","background-size":"auto","background-attachment":"scroll","background-type":"","background-media":"","overlay-type":"","overlay-color":"","overlay-opacity":"","overlay-gradient":""},"tablet":{"background-color":"","background-image":"","background-repeat":"repeat","background-position":"center center","background-size":"auto","background-attachment":"scroll","background-type":"","background-media":"","overlay-type":"","overlay-color":"","overlay-opacity":"","overlay-gradient":""},"mobile":{"background-color":"","background-image":"","background-repeat":"repeat","background-position":"center center","background-size":"auto","background-attachment":"scroll","background-type":"","background-media":"","overlay-type":"","overlay-color":"","overlay-opacity":"","overlay-gradient":""}},"ast-content-background-meta":{"desktop":{"background-color":"var(--ast-global-color-4)","background-image":"","background-repeat":"repeat","background-position":"center center","background-size":"auto","background-attachment":"scroll","background-type":"","background-media":"","overlay-type":"","overlay-color":"","overlay-opacity":"","overlay-gradient":""},"tablet":{"background-color":"var(--ast-global-color-4)","background-image":"","background-repeat":"repeat","background-position":"center center","background-size":"auto","background-attachment":"scroll","background-type":"","background-media":"","overlay-type":"","overlay-color":"","overlay-opacity":"","overlay-gradient":""},"mobile":{"background-color":"var(--ast-global-color-4)","background-image":"","background-repeat":"repeat","background-position":"center center","background-size":"auto","background-attachment":"scroll","background-type":"","background-media":"","overlay-type":"","overlay-color":"","overlay-opacity":"","overlay-gradient":""}},"footnotes":""},"categories":[1,3],"tags":[],"class_list":["post-39119","post","type-post","status-publish","format-standard","hentry","category-noticias","category-ong"],"yoast_head":"<!-- This site is optimized with the Yoast SEO Premium plugin v23.0 (Yoast SEO v27.4) - https:\/\/yoast.com\/product\/yoast-seo-premium-wordpress\/ -->\n<title>Ambiente Sur apoya la ampliaci\u00f3n del Parque Nacional Patagonia<\/title>\n<meta name=\"robots\" content=\"index, follow, max-snippet:-1, max-image-preview:large, max-video-preview:-1\" \/>\n<link rel=\"canonical\" href=\"https:\/\/patagoniambiental.com.ar\/info\/ambiente-sur-apoya-la-ampliacion-del-parque-nacional-patagonia-2\/\" \/>\n<meta property=\"og:locale\" content=\"es_ES\" \/>\n<meta property=\"og:type\" content=\"article\" \/>\n<meta property=\"og:title\" content=\"Ambiente Sur apoya la ampliaci\u00f3n del Parque Nacional Patagonia\" \/>\n<meta property=\"og:description\" content=\"Santa Cruz.-La Asociaci\u00f3n Ambiente Sur expres\u00f3 su apoyo a la ampliaci\u00f3n del Parque Nacional Patagonia ante el inminente tratamiento de [&hellip;]\" \/>\n<meta property=\"og:url\" content=\"https:\/\/patagoniambiental.com.ar\/info\/ambiente-sur-apoya-la-ampliacion-del-parque-nacional-patagonia-2\/\" \/>\n<meta property=\"og:site_name\" content=\"Patagonia Ambiental\" \/>\n<meta property=\"article:publisher\" content=\"https:\/\/www.facebook.com\/patagonia.ambiental\" \/>\n<meta property=\"article:author\" content=\"https:\/\/www.facebook.com\/share\/1C1V8Gv9BX\/?mibextid=qi2Omg\" \/>\n<meta property=\"article:published_time\" content=\"2017-12-02T22:00:19+00:00\" \/>\n<meta property=\"og:image\" content=\"http:\/\/vocesyapuntes.com\/v6\/wp-content\/uploads\/2017\/11\/Pque.jpg\" \/>\n<meta name=\"author\" content=\"Patagonia Ambiental\" \/>\n<meta name=\"twitter:card\" content=\"summary_large_image\" \/>\n<meta name=\"twitter:creator\" content=\"@PatAmb\" \/>\n<meta name=\"twitter:site\" content=\"@PatAmb\" \/>\n<script type=\"application\/ld+json\" class=\"yoast-schema-graph\">{\"@context\":\"https:\\\/\\\/schema.org\",\"@graph\":[{\"@type\":\"Article\",\"@id\":\"https:\\\/\\\/patagoniambiental.com.ar\\\/info\\\/ambiente-sur-apoya-la-ampliacion-del-parque-nacional-patagonia-2\\\/#article\",\"isPartOf\":{\"@id\":\"https:\\\/\\\/patagoniambiental.com.ar\\\/info\\\/ambiente-sur-apoya-la-ampliacion-del-parque-nacional-patagonia-2\\\/\"},\"author\":{\"name\":\"Patagonia Ambiental\",\"@id\":\"https:\\\/\\\/patagoniambiental.com.ar\\\/info\\\/#\\\/schema\\\/person\\\/db12bff64bbcbf6a253710bf0ea37b5d\"},\"headline\":\"Ambiente Sur apoya la ampliaci\u00f3n del Parque Nacional Patagonia\",\"datePublished\":\"2017-12-02T22:00:19+00:00\",\"mainEntityOfPage\":{\"@id\":\"https:\\\/\\\/patagoniambiental.com.ar\\\/info\\\/ambiente-sur-apoya-la-ampliacion-del-parque-nacional-patagonia-2\\\/\"},\"wordCount\":950,\"commentCount\":0,\"publisher\":{\"@id\":\"https:\\\/\\\/patagoniambiental.com.ar\\\/info\\\/#organization\"},\"image\":{\"@id\":\"https:\\\/\\\/patagoniambiental.com.ar\\\/info\\\/ambiente-sur-apoya-la-ampliacion-del-parque-nacional-patagonia-2\\\/#primaryimage\"},\"thumbnailUrl\":\"http:\\\/\\\/vocesyapuntes.com\\\/v6\\\/wp-content\\\/uploads\\\/2017\\\/11\\\/Pque.jpg\",\"articleSection\":[\"Noticias\",\"ONG\"],\"inLanguage\":\"es\",\"potentialAction\":[{\"@type\":\"CommentAction\",\"name\":\"Comment\",\"target\":[\"https:\\\/\\\/patagoniambiental.com.ar\\\/info\\\/ambiente-sur-apoya-la-ampliacion-del-parque-nacional-patagonia-2\\\/#respond\"]}]},{\"@type\":\"WebPage\",\"@id\":\"https:\\\/\\\/patagoniambiental.com.ar\\\/info\\\/ambiente-sur-apoya-la-ampliacion-del-parque-nacional-patagonia-2\\\/\",\"url\":\"https:\\\/\\\/patagoniambiental.com.ar\\\/info\\\/ambiente-sur-apoya-la-ampliacion-del-parque-nacional-patagonia-2\\\/\",\"name\":\"Ambiente Sur apoya la ampliaci\u00f3n del Parque Nacional Patagonia\",\"isPartOf\":{\"@id\":\"https:\\\/\\\/patagoniambiental.com.ar\\\/info\\\/#website\"},\"primaryImageOfPage\":{\"@id\":\"https:\\\/\\\/patagoniambiental.com.ar\\\/info\\\/ambiente-sur-apoya-la-ampliacion-del-parque-nacional-patagonia-2\\\/#primaryimage\"},\"image\":{\"@id\":\"https:\\\/\\\/patagoniambiental.com.ar\\\/info\\\/ambiente-sur-apoya-la-ampliacion-del-parque-nacional-patagonia-2\\\/#primaryimage\"},\"thumbnailUrl\":\"http:\\\/\\\/vocesyapuntes.com\\\/v6\\\/wp-content\\\/uploads\\\/2017\\\/11\\\/Pque.jpg\",\"datePublished\":\"2017-12-02T22:00:19+00:00\",\"breadcrumb\":{\"@id\":\"https:\\\/\\\/patagoniambiental.com.ar\\\/info\\\/ambiente-sur-apoya-la-ampliacion-del-parque-nacional-patagonia-2\\\/#breadcrumb\"},\"inLanguage\":\"es\",\"potentialAction\":[{\"@type\":\"ReadAction\",\"target\":[\"https:\\\/\\\/patagoniambiental.com.ar\\\/info\\\/ambiente-sur-apoya-la-ampliacion-del-parque-nacional-patagonia-2\\\/\"]}]},{\"@type\":\"ImageObject\",\"inLanguage\":\"es\",\"@id\":\"https:\\\/\\\/patagoniambiental.com.ar\\\/info\\\/ambiente-sur-apoya-la-ampliacion-del-parque-nacional-patagonia-2\\\/#primaryimage\",\"url\":\"http:\\\/\\\/vocesyapuntes.com\\\/v6\\\/wp-content\\\/uploads\\\/2017\\\/11\\\/Pque.jpg\",\"contentUrl\":\"http:\\\/\\\/vocesyapuntes.com\\\/v6\\\/wp-content\\\/uploads\\\/2017\\\/11\\\/Pque.jpg\"},{\"@type\":\"BreadcrumbList\",\"@id\":\"https:\\\/\\\/patagoniambiental.com.ar\\\/info\\\/ambiente-sur-apoya-la-ampliacion-del-parque-nacional-patagonia-2\\\/#breadcrumb\",\"itemListElement\":[{\"@type\":\"ListItem\",\"position\":1,\"name\":\"Inicio\",\"item\":\"https:\\\/\\\/patagoniambiental.com.ar\\\/info\\\/\"},{\"@type\":\"ListItem\",\"position\":2,\"name\":\"Ambiente Sur apoya la ampliaci\u00f3n del Parque Nacional Patagonia\"}]},{\"@type\":\"WebSite\",\"@id\":\"https:\\\/\\\/patagoniambiental.com.ar\\\/info\\\/#website\",\"url\":\"https:\\\/\\\/patagoniambiental.com.ar\\\/info\\\/\",\"name\":\"Patagonia Ambiental\",\"description\":\"Monitoreo y an\u00e1lisis de la situaci\u00f3n geopol\u00edtica en el mundo y su implicancia en la Patagonia\",\"publisher\":{\"@id\":\"https:\\\/\\\/patagoniambiental.com.ar\\\/info\\\/#organization\"},\"potentialAction\":[{\"@type\":\"SearchAction\",\"target\":{\"@type\":\"EntryPoint\",\"urlTemplate\":\"https:\\\/\\\/patagoniambiental.com.ar\\\/info\\\/?s={search_term_string}\"},\"query-input\":{\"@type\":\"PropertyValueSpecification\",\"valueRequired\":true,\"valueName\":\"search_term_string\"}}],\"inLanguage\":\"es\"},{\"@type\":\"Organization\",\"@id\":\"https:\\\/\\\/patagoniambiental.com.ar\\\/info\\\/#organization\",\"name\":\"Patagonia Ambiental\",\"url\":\"https:\\\/\\\/patagoniambiental.com.ar\\\/info\\\/\",\"logo\":{\"@type\":\"ImageObject\",\"inLanguage\":\"es\",\"@id\":\"https:\\\/\\\/patagoniambiental.com.ar\\\/info\\\/#\\\/schema\\\/logo\\\/image\\\/\",\"url\":\"https:\\\/\\\/patagoniambiental.com.ar\\\/info\\\/wp-content\\\/uploads\\\/2025\\\/05\\\/LOGO-PATAGONIA-AMBIENTAL.png\",\"contentUrl\":\"https:\\\/\\\/patagoniambiental.com.ar\\\/info\\\/wp-content\\\/uploads\\\/2025\\\/05\\\/LOGO-PATAGONIA-AMBIENTAL.png\",\"width\":433,\"height\":250,\"caption\":\"Patagonia Ambiental\"},\"image\":{\"@id\":\"https:\\\/\\\/patagoniambiental.com.ar\\\/info\\\/#\\\/schema\\\/logo\\\/image\\\/\"},\"sameAs\":[\"https:\\\/\\\/www.facebook.com\\\/patagonia.ambiental\",\"https:\\\/\\\/x.com\\\/PatAmb\"]},{\"@type\":\"Person\",\"@id\":\"https:\\\/\\\/patagoniambiental.com.ar\\\/info\\\/#\\\/schema\\\/person\\\/db12bff64bbcbf6a253710bf0ea37b5d\",\"name\":\"Patagonia Ambiental\",\"description\":\"Andr\u00e9s Nievas T\u00e9cnico en manejo ambiental, consultor Ambiental y escritor para medios locales e internacionales sobre temas de geopolitica y medio ambiente.\",\"sameAs\":[\"http:\\\/\\\/www.patagoniambiental.com.ar\",\"https:\\\/\\\/www.facebook.com\\\/share\\\/1C1V8Gv9BX\\\/?mibextid=qi2Omg\",\"@patagoniambiental\",\"https:\\\/\\\/youtube.com\\\/@patagoniaambiental2023?si=BLt58t0wuXquxlYZ\"]}]}<\/script>\n<!-- \/ Yoast SEO Premium plugin. -->","yoast_head_json":{"title":"Ambiente Sur apoya la ampliaci\u00f3n del Parque Nacional Patagonia","robots":{"index":"index","follow":"follow","max-snippet":"max-snippet:-1","max-image-preview":"max-image-preview:large","max-video-preview":"max-video-preview:-1"},"canonical":"https:\/\/patagoniambiental.com.ar\/info\/ambiente-sur-apoya-la-ampliacion-del-parque-nacional-patagonia-2\/","og_locale":"es_ES","og_type":"article","og_title":"Ambiente Sur apoya la ampliaci\u00f3n del Parque Nacional Patagonia","og_description":"Santa Cruz.-La Asociaci\u00f3n Ambiente Sur expres\u00f3 su apoyo a la ampliaci\u00f3n del Parque Nacional Patagonia ante el inminente tratamiento de [&hellip;]","og_url":"https:\/\/patagoniambiental.com.ar\/info\/ambiente-sur-apoya-la-ampliacion-del-parque-nacional-patagonia-2\/","og_site_name":"Patagonia Ambiental","article_publisher":"https:\/\/www.facebook.com\/patagonia.ambiental","article_author":"https:\/\/www.facebook.com\/share\/1C1V8Gv9BX\/?mibextid=qi2Omg","article_published_time":"2017-12-02T22:00:19+00:00","og_image":[{"url":"http:\/\/vocesyapuntes.com\/v6\/wp-content\/uploads\/2017\/11\/Pque.jpg","type":"","width":"","height":""}],"author":"Patagonia Ambiental","twitter_card":"summary_large_image","twitter_creator":"@PatAmb","twitter_site":"@PatAmb","schema":{"@context":"https:\/\/schema.org","@graph":[{"@type":"Article","@id":"https:\/\/patagoniambiental.com.ar\/info\/ambiente-sur-apoya-la-ampliacion-del-parque-nacional-patagonia-2\/#article","isPartOf":{"@id":"https:\/\/patagoniambiental.com.ar\/info\/ambiente-sur-apoya-la-ampliacion-del-parque-nacional-patagonia-2\/"},"author":{"name":"Patagonia Ambiental","@id":"https:\/\/patagoniambiental.com.ar\/info\/#\/schema\/person\/db12bff64bbcbf6a253710bf0ea37b5d"},"headline":"Ambiente Sur apoya la ampliaci\u00f3n del Parque Nacional Patagonia","datePublished":"2017-12-02T22:00:19+00:00","mainEntityOfPage":{"@id":"https:\/\/patagoniambiental.com.ar\/info\/ambiente-sur-apoya-la-ampliacion-del-parque-nacional-patagonia-2\/"},"wordCount":950,"commentCount":0,"publisher":{"@id":"https:\/\/patagoniambiental.com.ar\/info\/#organization"},"image":{"@id":"https:\/\/patagoniambiental.com.ar\/info\/ambiente-sur-apoya-la-ampliacion-del-parque-nacional-patagonia-2\/#primaryimage"},"thumbnailUrl":"http:\/\/vocesyapuntes.com\/v6\/wp-content\/uploads\/2017\/11\/Pque.jpg","articleSection":["Noticias","ONG"],"inLanguage":"es","potentialAction":[{"@type":"CommentAction","name":"Comment","target":["https:\/\/patagoniambiental.com.ar\/info\/ambiente-sur-apoya-la-ampliacion-del-parque-nacional-patagonia-2\/#respond"]}]},{"@type":"WebPage","@id":"https:\/\/patagoniambiental.com.ar\/info\/ambiente-sur-apoya-la-ampliacion-del-parque-nacional-patagonia-2\/","url":"https:\/\/patagoniambiental.com.ar\/info\/ambiente-sur-apoya-la-ampliacion-del-parque-nacional-patagonia-2\/","name":"Ambiente Sur apoya la ampliaci\u00f3n del Parque Nacional Patagonia","isPartOf":{"@id":"https:\/\/patagoniambiental.com.ar\/info\/#website"},"primaryImageOfPage":{"@id":"https:\/\/patagoniambiental.com.ar\/info\/ambiente-sur-apoya-la-ampliacion-del-parque-nacional-patagonia-2\/#primaryimage"},"image":{"@id":"https:\/\/patagoniambiental.com.ar\/info\/ambiente-sur-apoya-la-ampliacion-del-parque-nacional-patagonia-2\/#primaryimage"},"thumbnailUrl":"http:\/\/vocesyapuntes.com\/v6\/wp-content\/uploads\/2017\/11\/Pque.jpg","datePublished":"2017-12-02T22:00:19+00:00","breadcrumb":{"@id":"https:\/\/patagoniambiental.com.ar\/info\/ambiente-sur-apoya-la-ampliacion-del-parque-nacional-patagonia-2\/#breadcrumb"},"inLanguage":"es","potentialAction":[{"@type":"ReadAction","target":["https:\/\/patagoniambiental.com.ar\/info\/ambiente-sur-apoya-la-ampliacion-del-parque-nacional-patagonia-2\/"]}]},{"@type":"ImageObject","inLanguage":"es","@id":"https:\/\/patagoniambiental.com.ar\/info\/ambiente-sur-apoya-la-ampliacion-del-parque-nacional-patagonia-2\/#primaryimage","url":"http:\/\/vocesyapuntes.com\/v6\/wp-content\/uploads\/2017\/11\/Pque.jpg","contentUrl":"http:\/\/vocesyapuntes.com\/v6\/wp-content\/uploads\/2017\/11\/Pque.jpg"},{"@type":"BreadcrumbList","@id":"https:\/\/patagoniambiental.com.ar\/info\/ambiente-sur-apoya-la-ampliacion-del-parque-nacional-patagonia-2\/#breadcrumb","itemListElement":[{"@type":"ListItem","position":1,"name":"Inicio","item":"https:\/\/patagoniambiental.com.ar\/info\/"},{"@type":"ListItem","position":2,"name":"Ambiente Sur apoya la ampliaci\u00f3n del Parque Nacional Patagonia"}]},{"@type":"WebSite","@id":"https:\/\/patagoniambiental.com.ar\/info\/#website","url":"https:\/\/patagoniambiental.com.ar\/info\/","name":"Patagonia Ambiental","description":"Monitoreo y an\u00e1lisis de la situaci\u00f3n geopol\u00edtica en el mundo y su implicancia en la Patagonia","publisher":{"@id":"https:\/\/patagoniambiental.com.ar\/info\/#organization"},"potentialAction":[{"@type":"SearchAction","target":{"@type":"EntryPoint","urlTemplate":"https:\/\/patagoniambiental.com.ar\/info\/?s={search_term_string}"},"query-input":{"@type":"PropertyValueSpecification","valueRequired":true,"valueName":"search_term_string"}}],"inLanguage":"es"},{"@type":"Organization","@id":"https:\/\/patagoniambiental.com.ar\/info\/#organization","name":"Patagonia Ambiental","url":"https:\/\/patagoniambiental.com.ar\/info\/","logo":{"@type":"ImageObject","inLanguage":"es","@id":"https:\/\/patagoniambiental.com.ar\/info\/#\/schema\/logo\/image\/","url":"https:\/\/patagoniambiental.com.ar\/info\/wp-content\/uploads\/2025\/05\/LOGO-PATAGONIA-AMBIENTAL.png","contentUrl":"https:\/\/patagoniambiental.com.ar\/info\/wp-content\/uploads\/2025\/05\/LOGO-PATAGONIA-AMBIENTAL.png","width":433,"height":250,"caption":"Patagonia Ambiental"},"image":{"@id":"https:\/\/patagoniambiental.com.ar\/info\/#\/schema\/logo\/image\/"},"sameAs":["https:\/\/www.facebook.com\/patagonia.ambiental","https:\/\/x.com\/PatAmb"]},{"@type":"Person","@id":"https:\/\/patagoniambiental.com.ar\/info\/#\/schema\/person\/db12bff64bbcbf6a253710bf0ea37b5d","name":"Patagonia Ambiental","description":"Andr\u00e9s Nievas T\u00e9cnico en manejo ambiental, consultor Ambiental y escritor para medios locales e internacionales sobre temas de geopolitica y medio ambiente.","sameAs":["http:\/\/www.patagoniambiental.com.ar","https:\/\/www.facebook.com\/share\/1C1V8Gv9BX\/?mibextid=qi2Omg","@patagoniambiental","https:\/\/youtube.com\/@patagoniaambiental2023?si=BLt58t0wuXquxlYZ"]}]}},"_links":{"self":[{"href":"https:\/\/patagoniambiental.com.ar\/info\/wp-json\/wp\/v2\/posts\/39119","targetHints":{"allow":["GET"]}}],"collection":[{"href":"https:\/\/patagoniambiental.com.ar\/info\/wp-json\/wp\/v2\/posts"}],"about":[{"href":"https:\/\/patagoniambiental.com.ar\/info\/wp-json\/wp\/v2\/types\/post"}],"author":[{"embeddable":true,"href":"https:\/\/patagoniambiental.com.ar\/info\/wp-json\/wp\/v2\/users\/2"}],"replies":[{"embeddable":true,"href":"https:\/\/patagoniambiental.com.ar\/info\/wp-json\/wp\/v2\/comments?post=39119"}],"version-history":[{"count":0,"href":"https:\/\/patagoniambiental.com.ar\/info\/wp-json\/wp\/v2\/posts\/39119\/revisions"}],"wp:attachment":[{"href":"https:\/\/patagoniambiental.com.ar\/info\/wp-json\/wp\/v2\/media?parent=39119"}],"wp:term":[{"taxonomy":"category","embeddable":true,"href":"https:\/\/patagoniambiental.com.ar\/info\/wp-json\/wp\/v2\/categories?post=39119"},{"taxonomy":"post_tag","embeddable":true,"href":"https:\/\/patagoniambiental.com.ar\/info\/wp-json\/wp\/v2\/tags?post=39119"}],"curies":[{"name":"wp","href":"https:\/\/api.w.org\/{rel}","templated":true}]}}