{"id":39123,"date":"2017-12-01T19:00:18","date_gmt":"2017-12-01T22:00:18","guid":{"rendered":"http:\/\/patagoniambiental.com.ar\/info\/?p=39123"},"modified":"2017-12-01T10:27:24","modified_gmt":"2017-12-01T13:27:24","slug":"invasion-en-la-cuenca-fueguina-estudian-la-accion-del-alga-didymo-en-el-parque-nacional-tdf","status":"publish","type":"post","link":"https:\/\/patagoniambiental.com.ar\/info\/invasion-en-la-cuenca-fueguina-estudian-la-accion-del-alga-didymo-en-el-parque-nacional-tdf\/","title":{"rendered":"INVASI\u00d3N EN LA CUENCA FUEGUINA  Estudian la acci\u00f3n del alga didymo en el Parque Nacional TDF"},"content":{"rendered":"<div class=\"copete_individual_noticia\">Tierra del Fuego.-Con el fin de prevenir el avance de esta plaga e informar a la comunidad sobre aspectos de prevenci\u00f3n, referentes de la pesca deportiva y el sector cient\u00edfico gubernamental acordaron aumentar los esfuerzos institucionales para trabajar al respecto.<\/div>\n<p><!--more--><\/p>\n<div class=\"fecha_individual_noticia\"><\/div>\n<div class=\"clear_both\"><\/div>\n<div class=\"contenido_individual_noticia\">\n<div class=\"contenedor_primera_letra_individual_noticia\">Diversos actores vinculados a la pesca deportiva y el sector cient\u00edfico gubernamental se reunieron este mi\u00e9rcoles en la Universidad Nacional de Tierra del Fuego (UNTDF) con el objetivo de analizar la actual situaci\u00f3n del alga invasora conocida como didymo en las cuencas fueguinas y las estrategias que se han tomado tendientes a contener su avance.<br \/>\nEl encuentro sin precedentes, impulsado por la Coordinaci\u00f3n de Vinculaci\u00f3n Tecnol\u00f3gica de la UNTDF (CVT), convoc\u00f3 a docentes investigadores del Instituto de Ciencias Polares Recursos Naturales y Ambiente (ICPA) de la UNTDF, personal t\u00e9cnico de la Secretaria de Ambiente Desarrollo Sostenible y Cambio Clim\u00e1tico de la Provincia y a investigadores del Centro Austral de Investigaciones Cient\u00edficas (CADIC-CONICET). Tambi\u00e9n participaron autoridades y t\u00e9cnicos del Parque Nacional de Tierra del Fuego (PN TDF) y\u00a0\u00a0 referentes de la Asociaci\u00f3n de Pesca con Mosca (APMU), quienes en el \u00faltimo periodo solicitaron revisi\u00f3n de las medidas que actualmente existen para evitar la expansi\u00f3n del alga, cuya erradicaci\u00f3n es irreversible una vez que ingresa al ecosistema.<br \/>\nLas autoridades presentes del PN TDF expusieron para todos los presentes la actual situaci\u00f3n del alga invasora dentro del \u00e1rea total abarcada por el PN, comentando que en el corriente a\u00f1o han detectado un foco menor que se encuentra controlado en R\u00edo Lapataia. Asimismo, han destacado que las principales medidas adoptadas son preventivas, las que incluyen la prohibici\u00f3n total de la pesca deportiva y restricciones y controles para las embarcaciones y actividades acu\u00e1ticas a realizarse dentro del parque. Dichas medidas se acompa\u00f1an con informaci\u00f3n brindada a los visitantes al PN.<br \/>\nDesde la Direcci\u00f3n General de Recursos H\u00eddricos de la Provincia se ha manifestado que desde esta dependencia mantienen actualmente el monitoreo en 68 puntos estrat\u00e9gicos de la provincia, mediante an\u00e1lisis que permiten detectar la presencia\/ausencia del alga invasora. Del mismo modo, afirman que a\u00fan no existen medidas eficaces para revertir el avance del didymo, por lo que corresponde tomar la mayor cantidad de medidas de prevenci\u00f3n posibles.<br \/>\nEs importante destacar que el avance del didymo tiene tratamiento particular a nivel nacional en el marco de la \u201cEstrategia Nacional sobre Especies Ex\u00f3ticas Invasoras\u201d (ENEEI), coordinada por el Ministerio de Ambiente y Desarrollo Sustentable de la Naci\u00f3n y que incorpora a m\u00e1s de 650 especies consideradas ex\u00f3ticas invasoras.<br \/>\nLos investigadores revelaron que a\u00fan no existe un modelo de dispersi\u00f3n del alga didymo adaptado a Tierra del Fuego, por lo que resulta de alta importancia minimizar las actividades antr\u00f3picas que pueden contribuir su dispersi\u00f3n.<br \/>\nLos presentes concluyeron que la situaci\u00f3n amerita mantener los m\u00e1s altos est\u00e1ndares de prevenci\u00f3n en las cuencas del PN TDF como en las dem\u00e1s cuencas de la provincia. Asimismo, destacan que es necesario reforzar las medidas de comunicaci\u00f3n hacia toda la comunidad para que todos tomemos conciencia sobre la problem\u00e1tica.<br \/>\nNo solo la pesca deportiva y actividades acu\u00e1ticas (buceo, kayaking, navegaci\u00f3n) pueden ser vectores de dispersi\u00f3n del alga invasora; sino tambi\u00e9n actividades como el senderismo y otras ligadas al turismo y a la recreaci\u00f3n de todos los fueguinos pueden contribuir negativamente.<br \/>\nEl Lic.\u00a0 Federico G.\u00a0 Rayes (Coordinaci\u00f3n de Vinculaci\u00f3n Tecnol\u00f3gica-UNTDF) expres\u00f3 que \u201cestamos muy satisfechos con los resultados de este encuentro, es un gran paso para abordar inter disciplinariamente la problem\u00e1tica del didymo. Hay que reconocer que no s\u00f3lo la aproximaci\u00f3n desde la biolog\u00eda y la conservaci\u00f3n es importante, sino que tambi\u00e9n hay que comprender los intereses de distintos actores sociales y la importancia de mantener buenos canales de comunicaci\u00f3n\u201d.<br \/>\nFinalmente, los presentes acordaron realizar esfuerzos institucionales conjuntos para aumentar las acciones de prevenci\u00f3n y de difusi\u00f3n de informaci\u00f3n a la poblaci\u00f3n fueguina.<\/p>\n<p><strong>Sobre el didymo<\/strong><\/p>\n<p>Su nombre cient\u00edfico es didymosphenia geminata, conocida vulgarmente como Didymo o moco de roca, por el aspecto desagradable a la vista y el tacto. Debido a su elevada capacidad invasiva, puede convertirse en plaga en cortos periodos de tiempo. Sobrevive en sitios h\u00famedos, en condiciones de baja exposici\u00f3n solar, raz\u00f3n por la cual las c\u00e9lulas de Didymo pueden sobrevivir hasta m\u00e1s de 40 d\u00edas fuera del agua.<\/p>\n<p><strong>Or\u00edgenes<\/strong><\/p>\n<p>Fue descripta por primera vez en Escocia en 1899, y desde inicios de siglo XXI se ha propagado como una plaga en distintos cuerpos de aguas del mundo. A la Patagonia lleg\u00f3 en 2010 en la cuenca del Futaleufu, y a lo largo de estos a\u00f1os coloniz\u00f3 una gran cantidad de cuencas.<\/p>\n<p><strong>Recomendaciones de prevenci\u00f3n en 3 simples pasos<\/strong><\/p>\n<p>RETIRAR restos de vegetaci\u00f3n, barro, algas, sedimento y agua de los equipos y embarcaciones antes de abandonar lagos y r\u00edos.<br \/>\nREMOJAR todo lo que estuvo en contacto reciente con el agua durante al menos un minuto en un recipiente de agua con lavandina (200 ml) cada 10 litros de agua (un balde dom\u00e9stico) o en agua caliente por encima de 60\u00ba. Los equipos que absorban agua (chalecos salvavidas, botas de vadeo, waders) debe dejarse en remojo al menos 30 minutos para asegurar su limpieza.<br \/>\nSECAR. Si la limpieza no es posible, dejar secar totalmente los equipos al sol y esperar 48 hs. antes de volver a usarlos en otro sitio.<\/p><\/div>\n<table border=\"1\">\n<tbody>\n<tr>\n<td><strong>Intercambio acad\u00e9mico entre UNTDF\/UMAG<\/strong><\/p>\n<p>La Universidad Nacional de Tierra del Fuego (UNTDF) a trav\u00e9s de su Secretar\u00eda de Ciencia y Tecnolog\u00eda organiza el Seminario Binacional de cooperaci\u00f3n con la Universidad de Magallanes (Chile), un espacio de intercambio acad\u00e9mico y cient\u00edfico que propiciar\u00e1 la participaci\u00f3n de representantes de instituciones de la regi\u00f3n.<br \/>\nLa reuni\u00f3n de trabajo que, se extender\u00e1 del 6 al 7 de diciembre, tiene por finalidad generar un espacio para ampliar progresivamente la cooperaci\u00f3n institucional en materia de formaci\u00f3n de posgrado e investigaci\u00f3n, as\u00ed como difundir y poner en com\u00fan las actividades conjuntas que se han logrado desarrollar en el trascurso del corriente a\u00f1o. La ceremonia de apertura se realizar\u00e1 a las 14:30 horas del 6 de diciembre.<br \/>\nCabe mencionar que en el transcurso del corriente a\u00f1o se han propiciado diversas reuniones en la ciudad de Punta Arenas, organizadas por la UMAG y auspiciadas por el Consulado de Chile en Ushuaia, en las que comitivas de la UNTDF y otras instituciones como el CADIC y el Ministerio de Ciencia y Tecnolog\u00eda de la Provincia fueron convocadas para acordar sobre prioridades en materia de Cooperaci\u00f3n en Ciencia y Tecnolog\u00eda y dar a conocimiento las \u00e1reas de investigaci\u00f3n en las que se trabaja.<br \/>\nAsimismo, la UNTDF formaliz\u00f3 en el presente a\u00f1o un Convenio Marco de Cooperaci\u00f3n con la Universidad de Magallanes (UMAG) con el fin de fortalecer el intercambio acad\u00e9mico, cient\u00edfico entre ambas instituciones de Educaci\u00f3n Superior ubicadas en el extremo sur de Argentina y Chile.<br \/>\nEl Secretario de Ciencia y tecnolog\u00eda de la UNTDF, Ing. Rodolfo Iturraspe, destac\u00f3 el alcance de este evento que \u201csignifica un avance importante para proyectar l\u00edneas de trabajo conjuntas, aunar esfuerzos y compartir informaci\u00f3n, ya que en ambos pa\u00edses estamos estudiando temas similares de alcance regional en los que muy frecuentemente no hay sujeci\u00f3n a l\u00edmites ni divisiones geogr\u00e1ficas\u201d.<\/p>\n<p>Fuente: El Diario del Fin el Mundo<\/td>\n<\/tr>\n<\/tbody>\n<\/table>\n<\/div>\n","protected":false},"excerpt":{"rendered":"<p>Tierra del Fuego.-Con el fin de prevenir el avance de esta plaga e informar a la comunidad sobre aspectos de [&hellip;]<\/p>\n","protected":false},"author":2,"featured_media":38824,"comment_status":"open","ping_status":"open","sticky":false,"template":"","format":"standard","meta":{"site-sidebar-layout":"default","site-content-layout":"","ast-site-content-layout":"default","site-content-style":"default","site-sidebar-style":"default","ast-global-header-display":"","ast-banner-title-visibility":"","ast-main-header-display":"","ast-hfb-above-header-display":"","ast-hfb-below-header-display":"","ast-hfb-mobile-header-display":"","site-post-title":"","ast-breadcrumbs-content":"","ast-featured-img":"","footer-sml-layout":"","ast-disable-related-posts":"","theme-transparent-header-meta":"","adv-header-id-meta":"","stick-header-meta":"","header-above-stick-meta":"","header-main-stick-meta":"","header-below-stick-meta":"","astra-migrate-meta-layouts":"default","ast-page-background-enabled":"default","ast-page-background-meta":{"desktop":{"background-color":"var(--ast-global-color-5)","background-image":"","background-repeat":"repeat","background-position":"center center","background-size":"auto","background-attachment":"scroll","background-type":"","background-media":"","overlay-type":"","overlay-color":"","overlay-opacity":"","overlay-gradient":""},"tablet":{"background-color":"","background-image":"","background-repeat":"repeat","background-position":"center center","background-size":"auto","background-attachment":"scroll","background-type":"","background-media":"","overlay-type":"","overlay-color":"","overlay-opacity":"","overlay-gradient":""},"mobile":{"background-color":"","background-image":"","background-repeat":"repeat","background-position":"center center","background-size":"auto","background-attachment":"scroll","background-type":"","background-media":"","overlay-type":"","overlay-color":"","overlay-opacity":"","overlay-gradient":""}},"ast-content-background-meta":{"desktop":{"background-color":"var(--ast-global-color-4)","background-image":"","background-repeat":"repeat","background-position":"center center","background-size":"auto","background-attachment":"scroll","background-type":"","background-media":"","overlay-type":"","overlay-color":"","overlay-opacity":"","overlay-gradient":""},"tablet":{"background-color":"var(--ast-global-color-4)","background-image":"","background-repeat":"repeat","background-position":"center center","background-size":"auto","background-attachment":"scroll","background-type":"","background-media":"","overlay-type":"","overlay-color":"","overlay-opacity":"","overlay-gradient":""},"mobile":{"background-color":"var(--ast-global-color-4)","background-image":"","background-repeat":"repeat","background-position":"center center","background-size":"auto","background-attachment":"scroll","background-type":"","background-media":"","overlay-type":"","overlay-color":"","overlay-opacity":"","overlay-gradient":""}},"footnotes":""},"categories":[1,13,25],"tags":[],"class_list":["post-39123","post","type-post","status-publish","format-standard","has-post-thumbnail","hentry","category-noticias","category-provinciales","category-tierra-del-fuego"],"yoast_head":"<!-- This site is optimized with the Yoast SEO Premium plugin v23.0 (Yoast SEO v27.4) - https:\/\/yoast.com\/product\/yoast-seo-premium-wordpress\/ -->\n<title>INVASI\u00d3N EN LA CUENCA FUEGUINA Estudian la acci\u00f3n del alga didymo en el Parque Nacional TDF<\/title>\n<meta name=\"robots\" content=\"index, follow, max-snippet:-1, max-image-preview:large, max-video-preview:-1\" \/>\n<link rel=\"canonical\" href=\"https:\/\/patagoniambiental.com.ar\/info\/invasion-en-la-cuenca-fueguina-estudian-la-accion-del-alga-didymo-en-el-parque-nacional-tdf\/\" \/>\n<meta property=\"og:locale\" content=\"es_ES\" \/>\n<meta property=\"og:type\" content=\"article\" \/>\n<meta property=\"og:title\" content=\"INVASI\u00d3N EN LA CUENCA FUEGUINA Estudian la acci\u00f3n del alga didymo en el Parque Nacional TDF\" \/>\n<meta property=\"og:description\" content=\"Tierra del Fuego.-Con el fin de prevenir el avance de esta plaga e informar a la comunidad sobre aspectos de [&hellip;]\" \/>\n<meta property=\"og:url\" content=\"https:\/\/patagoniambiental.com.ar\/info\/invasion-en-la-cuenca-fueguina-estudian-la-accion-del-alga-didymo-en-el-parque-nacional-tdf\/\" \/>\n<meta property=\"og:site_name\" content=\"Patagonia Ambiental\" \/>\n<meta property=\"article:publisher\" content=\"https:\/\/www.facebook.com\/patagonia.ambiental\" \/>\n<meta property=\"article:author\" content=\"https:\/\/www.facebook.com\/share\/1C1V8Gv9BX\/?mibextid=qi2Omg\" \/>\n<meta property=\"article:published_time\" content=\"2017-12-01T22:00:18+00:00\" \/>\n<meta property=\"og:image\" content=\"https:\/\/patagoniambiental.com.ar\/info\/wp-content\/uploads\/2017\/11\/didymo.jpg\" \/>\n\t<meta property=\"og:image:width\" content=\"660\" \/>\n\t<meta property=\"og:image:height\" content=\"370\" \/>\n\t<meta property=\"og:image:type\" content=\"image\/jpeg\" \/>\n<meta name=\"author\" content=\"Patagonia Ambiental\" \/>\n<meta name=\"twitter:card\" content=\"summary_large_image\" \/>\n<meta name=\"twitter:creator\" content=\"@PatAmb\" \/>\n<meta name=\"twitter:site\" content=\"@PatAmb\" \/>\n<script type=\"application\/ld+json\" class=\"yoast-schema-graph\">{\"@context\":\"https:\\\/\\\/schema.org\",\"@graph\":[{\"@type\":\"Article\",\"@id\":\"https:\\\/\\\/patagoniambiental.com.ar\\\/info\\\/invasion-en-la-cuenca-fueguina-estudian-la-accion-del-alga-didymo-en-el-parque-nacional-tdf\\\/#article\",\"isPartOf\":{\"@id\":\"https:\\\/\\\/patagoniambiental.com.ar\\\/info\\\/invasion-en-la-cuenca-fueguina-estudian-la-accion-del-alga-didymo-en-el-parque-nacional-tdf\\\/\"},\"author\":{\"name\":\"Patagonia Ambiental\",\"@id\":\"https:\\\/\\\/patagoniambiental.com.ar\\\/info\\\/#\\\/schema\\\/person\\\/db12bff64bbcbf6a253710bf0ea37b5d\"},\"headline\":\"INVASI\u00d3N EN LA CUENCA FUEGUINA Estudian la acci\u00f3n del alga didymo en el Parque Nacional TDF\",\"datePublished\":\"2017-12-01T22:00:18+00:00\",\"mainEntityOfPage\":{\"@id\":\"https:\\\/\\\/patagoniambiental.com.ar\\\/info\\\/invasion-en-la-cuenca-fueguina-estudian-la-accion-del-alga-didymo-en-el-parque-nacional-tdf\\\/\"},\"wordCount\":1295,\"commentCount\":0,\"publisher\":{\"@id\":\"https:\\\/\\\/patagoniambiental.com.ar\\\/info\\\/#organization\"},\"image\":{\"@id\":\"https:\\\/\\\/patagoniambiental.com.ar\\\/info\\\/invasion-en-la-cuenca-fueguina-estudian-la-accion-del-alga-didymo-en-el-parque-nacional-tdf\\\/#primaryimage\"},\"thumbnailUrl\":\"https:\\\/\\\/patagoniambiental.com.ar\\\/info\\\/wp-content\\\/uploads\\\/2017\\\/11\\\/didymo.jpg\",\"articleSection\":[\"Noticias\",\"Provinciales\",\"Tierra del Fuego\"],\"inLanguage\":\"es\",\"potentialAction\":[{\"@type\":\"CommentAction\",\"name\":\"Comment\",\"target\":[\"https:\\\/\\\/patagoniambiental.com.ar\\\/info\\\/invasion-en-la-cuenca-fueguina-estudian-la-accion-del-alga-didymo-en-el-parque-nacional-tdf\\\/#respond\"]}]},{\"@type\":\"WebPage\",\"@id\":\"https:\\\/\\\/patagoniambiental.com.ar\\\/info\\\/invasion-en-la-cuenca-fueguina-estudian-la-accion-del-alga-didymo-en-el-parque-nacional-tdf\\\/\",\"url\":\"https:\\\/\\\/patagoniambiental.com.ar\\\/info\\\/invasion-en-la-cuenca-fueguina-estudian-la-accion-del-alga-didymo-en-el-parque-nacional-tdf\\\/\",\"name\":\"INVASI\u00d3N EN LA CUENCA FUEGUINA Estudian la acci\u00f3n del alga didymo en el Parque Nacional TDF\",\"isPartOf\":{\"@id\":\"https:\\\/\\\/patagoniambiental.com.ar\\\/info\\\/#website\"},\"primaryImageOfPage\":{\"@id\":\"https:\\\/\\\/patagoniambiental.com.ar\\\/info\\\/invasion-en-la-cuenca-fueguina-estudian-la-accion-del-alga-didymo-en-el-parque-nacional-tdf\\\/#primaryimage\"},\"image\":{\"@id\":\"https:\\\/\\\/patagoniambiental.com.ar\\\/info\\\/invasion-en-la-cuenca-fueguina-estudian-la-accion-del-alga-didymo-en-el-parque-nacional-tdf\\\/#primaryimage\"},\"thumbnailUrl\":\"https:\\\/\\\/patagoniambiental.com.ar\\\/info\\\/wp-content\\\/uploads\\\/2017\\\/11\\\/didymo.jpg\",\"datePublished\":\"2017-12-01T22:00:18+00:00\",\"breadcrumb\":{\"@id\":\"https:\\\/\\\/patagoniambiental.com.ar\\\/info\\\/invasion-en-la-cuenca-fueguina-estudian-la-accion-del-alga-didymo-en-el-parque-nacional-tdf\\\/#breadcrumb\"},\"inLanguage\":\"es\",\"potentialAction\":[{\"@type\":\"ReadAction\",\"target\":[\"https:\\\/\\\/patagoniambiental.com.ar\\\/info\\\/invasion-en-la-cuenca-fueguina-estudian-la-accion-del-alga-didymo-en-el-parque-nacional-tdf\\\/\"]}]},{\"@type\":\"ImageObject\",\"inLanguage\":\"es\",\"@id\":\"https:\\\/\\\/patagoniambiental.com.ar\\\/info\\\/invasion-en-la-cuenca-fueguina-estudian-la-accion-del-alga-didymo-en-el-parque-nacional-tdf\\\/#primaryimage\",\"url\":\"https:\\\/\\\/patagoniambiental.com.ar\\\/info\\\/wp-content\\\/uploads\\\/2017\\\/11\\\/didymo.jpg\",\"contentUrl\":\"https:\\\/\\\/patagoniambiental.com.ar\\\/info\\\/wp-content\\\/uploads\\\/2017\\\/11\\\/didymo.jpg\",\"width\":660,\"height\":370},{\"@type\":\"BreadcrumbList\",\"@id\":\"https:\\\/\\\/patagoniambiental.com.ar\\\/info\\\/invasion-en-la-cuenca-fueguina-estudian-la-accion-del-alga-didymo-en-el-parque-nacional-tdf\\\/#breadcrumb\",\"itemListElement\":[{\"@type\":\"ListItem\",\"position\":1,\"name\":\"Inicio\",\"item\":\"https:\\\/\\\/patagoniambiental.com.ar\\\/info\\\/\"},{\"@type\":\"ListItem\",\"position\":2,\"name\":\"INVASI\u00d3N EN LA CUENCA FUEGUINA Estudian la acci\u00f3n del alga didymo en el Parque Nacional TDF\"}]},{\"@type\":\"WebSite\",\"@id\":\"https:\\\/\\\/patagoniambiental.com.ar\\\/info\\\/#website\",\"url\":\"https:\\\/\\\/patagoniambiental.com.ar\\\/info\\\/\",\"name\":\"Patagonia Ambiental\",\"description\":\"Monitoreo y an\u00e1lisis de la situaci\u00f3n geopol\u00edtica en el mundo y su implicancia en la Patagonia\",\"publisher\":{\"@id\":\"https:\\\/\\\/patagoniambiental.com.ar\\\/info\\\/#organization\"},\"potentialAction\":[{\"@type\":\"SearchAction\",\"target\":{\"@type\":\"EntryPoint\",\"urlTemplate\":\"https:\\\/\\\/patagoniambiental.com.ar\\\/info\\\/?s={search_term_string}\"},\"query-input\":{\"@type\":\"PropertyValueSpecification\",\"valueRequired\":true,\"valueName\":\"search_term_string\"}}],\"inLanguage\":\"es\"},{\"@type\":\"Organization\",\"@id\":\"https:\\\/\\\/patagoniambiental.com.ar\\\/info\\\/#organization\",\"name\":\"Patagonia Ambiental\",\"url\":\"https:\\\/\\\/patagoniambiental.com.ar\\\/info\\\/\",\"logo\":{\"@type\":\"ImageObject\",\"inLanguage\":\"es\",\"@id\":\"https:\\\/\\\/patagoniambiental.com.ar\\\/info\\\/#\\\/schema\\\/logo\\\/image\\\/\",\"url\":\"https:\\\/\\\/patagoniambiental.com.ar\\\/info\\\/wp-content\\\/uploads\\\/2025\\\/05\\\/LOGO-PATAGONIA-AMBIENTAL.png\",\"contentUrl\":\"https:\\\/\\\/patagoniambiental.com.ar\\\/info\\\/wp-content\\\/uploads\\\/2025\\\/05\\\/LOGO-PATAGONIA-AMBIENTAL.png\",\"width\":433,\"height\":250,\"caption\":\"Patagonia Ambiental\"},\"image\":{\"@id\":\"https:\\\/\\\/patagoniambiental.com.ar\\\/info\\\/#\\\/schema\\\/logo\\\/image\\\/\"},\"sameAs\":[\"https:\\\/\\\/www.facebook.com\\\/patagonia.ambiental\",\"https:\\\/\\\/x.com\\\/PatAmb\"]},{\"@type\":\"Person\",\"@id\":\"https:\\\/\\\/patagoniambiental.com.ar\\\/info\\\/#\\\/schema\\\/person\\\/db12bff64bbcbf6a253710bf0ea37b5d\",\"name\":\"Patagonia Ambiental\",\"description\":\"Andr\u00e9s Nievas T\u00e9cnico en manejo ambiental, consultor Ambiental y escritor para medios locales e internacionales sobre temas de geopolitica y medio ambiente.\",\"sameAs\":[\"http:\\\/\\\/www.patagoniambiental.com.ar\",\"https:\\\/\\\/www.facebook.com\\\/share\\\/1C1V8Gv9BX\\\/?mibextid=qi2Omg\",\"@patagoniambiental\",\"https:\\\/\\\/youtube.com\\\/@patagoniaambiental2023?si=BLt58t0wuXquxlYZ\"]}]}<\/script>\n<!-- \/ Yoast SEO Premium plugin. -->","yoast_head_json":{"title":"INVASI\u00d3N EN LA CUENCA FUEGUINA Estudian la acci\u00f3n del alga didymo en el Parque Nacional TDF","robots":{"index":"index","follow":"follow","max-snippet":"max-snippet:-1","max-image-preview":"max-image-preview:large","max-video-preview":"max-video-preview:-1"},"canonical":"https:\/\/patagoniambiental.com.ar\/info\/invasion-en-la-cuenca-fueguina-estudian-la-accion-del-alga-didymo-en-el-parque-nacional-tdf\/","og_locale":"es_ES","og_type":"article","og_title":"INVASI\u00d3N EN LA CUENCA FUEGUINA Estudian la acci\u00f3n del alga didymo en el Parque Nacional TDF","og_description":"Tierra del Fuego.-Con el fin de prevenir el avance de esta plaga e informar a la comunidad sobre aspectos de [&hellip;]","og_url":"https:\/\/patagoniambiental.com.ar\/info\/invasion-en-la-cuenca-fueguina-estudian-la-accion-del-alga-didymo-en-el-parque-nacional-tdf\/","og_site_name":"Patagonia Ambiental","article_publisher":"https:\/\/www.facebook.com\/patagonia.ambiental","article_author":"https:\/\/www.facebook.com\/share\/1C1V8Gv9BX\/?mibextid=qi2Omg","article_published_time":"2017-12-01T22:00:18+00:00","og_image":[{"width":660,"height":370,"url":"https:\/\/patagoniambiental.com.ar\/info\/wp-content\/uploads\/2017\/11\/didymo.jpg","type":"image\/jpeg"}],"author":"Patagonia Ambiental","twitter_card":"summary_large_image","twitter_creator":"@PatAmb","twitter_site":"@PatAmb","schema":{"@context":"https:\/\/schema.org","@graph":[{"@type":"Article","@id":"https:\/\/patagoniambiental.com.ar\/info\/invasion-en-la-cuenca-fueguina-estudian-la-accion-del-alga-didymo-en-el-parque-nacional-tdf\/#article","isPartOf":{"@id":"https:\/\/patagoniambiental.com.ar\/info\/invasion-en-la-cuenca-fueguina-estudian-la-accion-del-alga-didymo-en-el-parque-nacional-tdf\/"},"author":{"name":"Patagonia Ambiental","@id":"https:\/\/patagoniambiental.com.ar\/info\/#\/schema\/person\/db12bff64bbcbf6a253710bf0ea37b5d"},"headline":"INVASI\u00d3N EN LA CUENCA FUEGUINA Estudian la acci\u00f3n del alga didymo en el Parque Nacional TDF","datePublished":"2017-12-01T22:00:18+00:00","mainEntityOfPage":{"@id":"https:\/\/patagoniambiental.com.ar\/info\/invasion-en-la-cuenca-fueguina-estudian-la-accion-del-alga-didymo-en-el-parque-nacional-tdf\/"},"wordCount":1295,"commentCount":0,"publisher":{"@id":"https:\/\/patagoniambiental.com.ar\/info\/#organization"},"image":{"@id":"https:\/\/patagoniambiental.com.ar\/info\/invasion-en-la-cuenca-fueguina-estudian-la-accion-del-alga-didymo-en-el-parque-nacional-tdf\/#primaryimage"},"thumbnailUrl":"https:\/\/patagoniambiental.com.ar\/info\/wp-content\/uploads\/2017\/11\/didymo.jpg","articleSection":["Noticias","Provinciales","Tierra del Fuego"],"inLanguage":"es","potentialAction":[{"@type":"CommentAction","name":"Comment","target":["https:\/\/patagoniambiental.com.ar\/info\/invasion-en-la-cuenca-fueguina-estudian-la-accion-del-alga-didymo-en-el-parque-nacional-tdf\/#respond"]}]},{"@type":"WebPage","@id":"https:\/\/patagoniambiental.com.ar\/info\/invasion-en-la-cuenca-fueguina-estudian-la-accion-del-alga-didymo-en-el-parque-nacional-tdf\/","url":"https:\/\/patagoniambiental.com.ar\/info\/invasion-en-la-cuenca-fueguina-estudian-la-accion-del-alga-didymo-en-el-parque-nacional-tdf\/","name":"INVASI\u00d3N EN LA CUENCA FUEGUINA Estudian la acci\u00f3n del alga didymo en el Parque Nacional TDF","isPartOf":{"@id":"https:\/\/patagoniambiental.com.ar\/info\/#website"},"primaryImageOfPage":{"@id":"https:\/\/patagoniambiental.com.ar\/info\/invasion-en-la-cuenca-fueguina-estudian-la-accion-del-alga-didymo-en-el-parque-nacional-tdf\/#primaryimage"},"image":{"@id":"https:\/\/patagoniambiental.com.ar\/info\/invasion-en-la-cuenca-fueguina-estudian-la-accion-del-alga-didymo-en-el-parque-nacional-tdf\/#primaryimage"},"thumbnailUrl":"https:\/\/patagoniambiental.com.ar\/info\/wp-content\/uploads\/2017\/11\/didymo.jpg","datePublished":"2017-12-01T22:00:18+00:00","breadcrumb":{"@id":"https:\/\/patagoniambiental.com.ar\/info\/invasion-en-la-cuenca-fueguina-estudian-la-accion-del-alga-didymo-en-el-parque-nacional-tdf\/#breadcrumb"},"inLanguage":"es","potentialAction":[{"@type":"ReadAction","target":["https:\/\/patagoniambiental.com.ar\/info\/invasion-en-la-cuenca-fueguina-estudian-la-accion-del-alga-didymo-en-el-parque-nacional-tdf\/"]}]},{"@type":"ImageObject","inLanguage":"es","@id":"https:\/\/patagoniambiental.com.ar\/info\/invasion-en-la-cuenca-fueguina-estudian-la-accion-del-alga-didymo-en-el-parque-nacional-tdf\/#primaryimage","url":"https:\/\/patagoniambiental.com.ar\/info\/wp-content\/uploads\/2017\/11\/didymo.jpg","contentUrl":"https:\/\/patagoniambiental.com.ar\/info\/wp-content\/uploads\/2017\/11\/didymo.jpg","width":660,"height":370},{"@type":"BreadcrumbList","@id":"https:\/\/patagoniambiental.com.ar\/info\/invasion-en-la-cuenca-fueguina-estudian-la-accion-del-alga-didymo-en-el-parque-nacional-tdf\/#breadcrumb","itemListElement":[{"@type":"ListItem","position":1,"name":"Inicio","item":"https:\/\/patagoniambiental.com.ar\/info\/"},{"@type":"ListItem","position":2,"name":"INVASI\u00d3N EN LA CUENCA FUEGUINA Estudian la acci\u00f3n del alga didymo en el Parque Nacional TDF"}]},{"@type":"WebSite","@id":"https:\/\/patagoniambiental.com.ar\/info\/#website","url":"https:\/\/patagoniambiental.com.ar\/info\/","name":"Patagonia Ambiental","description":"Monitoreo y an\u00e1lisis de la situaci\u00f3n geopol\u00edtica en el mundo y su implicancia en la Patagonia","publisher":{"@id":"https:\/\/patagoniambiental.com.ar\/info\/#organization"},"potentialAction":[{"@type":"SearchAction","target":{"@type":"EntryPoint","urlTemplate":"https:\/\/patagoniambiental.com.ar\/info\/?s={search_term_string}"},"query-input":{"@type":"PropertyValueSpecification","valueRequired":true,"valueName":"search_term_string"}}],"inLanguage":"es"},{"@type":"Organization","@id":"https:\/\/patagoniambiental.com.ar\/info\/#organization","name":"Patagonia Ambiental","url":"https:\/\/patagoniambiental.com.ar\/info\/","logo":{"@type":"ImageObject","inLanguage":"es","@id":"https:\/\/patagoniambiental.com.ar\/info\/#\/schema\/logo\/image\/","url":"https:\/\/patagoniambiental.com.ar\/info\/wp-content\/uploads\/2025\/05\/LOGO-PATAGONIA-AMBIENTAL.png","contentUrl":"https:\/\/patagoniambiental.com.ar\/info\/wp-content\/uploads\/2025\/05\/LOGO-PATAGONIA-AMBIENTAL.png","width":433,"height":250,"caption":"Patagonia Ambiental"},"image":{"@id":"https:\/\/patagoniambiental.com.ar\/info\/#\/schema\/logo\/image\/"},"sameAs":["https:\/\/www.facebook.com\/patagonia.ambiental","https:\/\/x.com\/PatAmb"]},{"@type":"Person","@id":"https:\/\/patagoniambiental.com.ar\/info\/#\/schema\/person\/db12bff64bbcbf6a253710bf0ea37b5d","name":"Patagonia Ambiental","description":"Andr\u00e9s Nievas T\u00e9cnico en manejo ambiental, consultor Ambiental y escritor para medios locales e internacionales sobre temas de geopolitica y medio ambiente.","sameAs":["http:\/\/www.patagoniambiental.com.ar","https:\/\/www.facebook.com\/share\/1C1V8Gv9BX\/?mibextid=qi2Omg","@patagoniambiental","https:\/\/youtube.com\/@patagoniaambiental2023?si=BLt58t0wuXquxlYZ"]}]}},"_links":{"self":[{"href":"https:\/\/patagoniambiental.com.ar\/info\/wp-json\/wp\/v2\/posts\/39123","targetHints":{"allow":["GET"]}}],"collection":[{"href":"https:\/\/patagoniambiental.com.ar\/info\/wp-json\/wp\/v2\/posts"}],"about":[{"href":"https:\/\/patagoniambiental.com.ar\/info\/wp-json\/wp\/v2\/types\/post"}],"author":[{"embeddable":true,"href":"https:\/\/patagoniambiental.com.ar\/info\/wp-json\/wp\/v2\/users\/2"}],"replies":[{"embeddable":true,"href":"https:\/\/patagoniambiental.com.ar\/info\/wp-json\/wp\/v2\/comments?post=39123"}],"version-history":[{"count":0,"href":"https:\/\/patagoniambiental.com.ar\/info\/wp-json\/wp\/v2\/posts\/39123\/revisions"}],"wp:featuredmedia":[{"embeddable":true,"href":"https:\/\/patagoniambiental.com.ar\/info\/wp-json\/wp\/v2\/media\/38824"}],"wp:attachment":[{"href":"https:\/\/patagoniambiental.com.ar\/info\/wp-json\/wp\/v2\/media?parent=39123"}],"wp:term":[{"taxonomy":"category","embeddable":true,"href":"https:\/\/patagoniambiental.com.ar\/info\/wp-json\/wp\/v2\/categories?post=39123"},{"taxonomy":"post_tag","embeddable":true,"href":"https:\/\/patagoniambiental.com.ar\/info\/wp-json\/wp\/v2\/tags?post=39123"}],"curies":[{"name":"wp","href":"https:\/\/api.w.org\/{rel}","templated":true}]}}