{"id":39131,"date":"2017-12-02T19:00:17","date_gmt":"2017-12-02T22:00:17","guid":{"rendered":"http:\/\/patagoniambiental.com.ar\/info\/?p=39131"},"modified":"2017-12-01T10:39:33","modified_gmt":"2017-12-01T13:39:33","slug":"la-municipalidad-advierte-se-acelera-la-degradacion-del-sistema-cloacal","status":"publish","type":"post","link":"https:\/\/patagoniambiental.com.ar\/info\/la-municipalidad-advierte-se-acelera-la-degradacion-del-sistema-cloacal\/","title":{"rendered":"La Municipalidad advierte: se acelera la degradaci\u00f3n del sistema cloacal"},"content":{"rendered":"<header class=\"article-header clearfix\">\n<p class=\"article-title\"><strong>Santa Rosa.-Emergencia sobre emergencia.<\/strong>\u00a0Mientras el Ministerio de Salud -en el marco del Observatorio Sanitario Socioambiental- se advierten los \u201cgraves riesgos\u201d para la poblaci\u00f3n, desde la comuna difunden que se hacen controles que permiten garantizar, por ejemplo, la calidad del agua.<\/p>\n<\/header>\n<p><!--more--><\/p>\n<aside class=\"article-aside clearfix\">\n<dl class=\"article-info pull-left\">\n<dd class=\"published\"><\/dd>\n<\/dl>\n<div class=\"addthis_sharing_toolbox addthis_16x16_style\" data-url=\"http:\/\/www.eldiariodelapampa.com.ar\/index.php\/112-portada\/cuater\/37230-la-municipalidad-advierte-se-acelera-la-degradacion-del-sistema-cloacal\" data-title=\"La Municipalidad advierte: se acelera la degradaci\u00f3n del sistema cloacal\" data-description=\"&amp;nbsp; Emergencia sobre emergencia. Mientras el Ministerio de Salud -en el marco del Observatorio Sanitario Socioambiental- se advierten los \u201cgraves riesgos\u201d para la poblaci\u00f3n, desde la comuna difunden que se hacen controles que permiten garantizar, por ejemplo, la calidad del agua. \"><\/div>\n<\/aside>\n<section class=\"article-content clearfix row\">\n<div class=\"article-body span12 span8 eq-first\">\n<div class=\"pull-left item-image\"><img fetchpriority=\"high\" decoding=\"async\" class=\"alignleft\" src=\"http:\/\/www.eldiariodelapampa.com.ar\/images\/2017\/Noviembre\/30-11-2017\/perdidas-cloacales.jpg\" alt=\"\" width=\"650\" height=\"434\" \/><\/div>\n<div><\/div>\n<p>&nbsp;<\/p>\n<p>&nbsp;<\/p>\n<p>La Municipalidad de Santa Rosa advirti\u00f3 que como consecuencia de las inundaciones que elevaron la napa fre\u00e1tica, la emergencia sanitaria tiene otra emergencia sobre s\u00ed misma: hay un aceleramiento de la degradaci\u00f3n del sistema cloacal, seg\u00fan admiti\u00f3 la comuna en el marco del encuentro del Observatorio Sanitario Socioambiental.<\/p>\n<p>Esa situaci\u00f3n -dijeron los funcionarios- genera \u201cuna crisis generalizada dentro de la emergencia sanitaria\u201d. Esta misma semana la Municipalidad hab\u00eda salido a difundir que la situaci\u00f3n de derrames, tanto cloacales como de agua, hab\u00eda \u201cmejorado\u201d, bas\u00e1ndose para esa afirmaci\u00f3n en el hecho de que hab\u00eda menos reclamos telef\u00f3nicos de los vecinos.<\/p>\n<p>La gesti\u00f3n del intendente Leandro Altolaguirre reaccion\u00f3 con la difusi\u00f3n de esta novedad luego de que el Observatorio cuestionara la situaci\u00f3n de la capital provincial y advirtiera que hay \u201cun alt\u00edsimo riesgo\u201d para la poblaci\u00f3n, que es una teor\u00eda que ya viene agitando el Ministerio de Salud.<\/p>\n<p>El municipio difundi\u00f3 reproches hacia el Observatorio: le reclam\u00f3 que intervenga para destrabar la medida cautelar que impide el funcionamiento del Centro de Transferencia de Residuos S\u00f3lidos en la zona del Plan 5.000.<\/p>\n<p><strong>\u201cControles permanentes\u201d<\/strong><\/p>\n<p>La Municipalidad sali\u00f3 a fijar p\u00fablicamente su posici\u00f3n tras la comunicaci\u00f3n oficial del Ministerio de Salud. Remarc\u00f3 que para presentar el informe de situaci\u00f3n epidemiol\u00f3gica, estuvieron presentes el director de Agua y Saneamiento Marcelo Furch, el subdirector de Planificaci\u00f3n y Diagn\u00f3stico Leandro Altamirano, el subdirector de Estaciones de Bombeo, Desag\u00fces Pluviales, Planta de Tratamiento y Acueductos, Fabricio Gonz\u00e1lez Mart\u00edn y la directora de Ambiente, Paola Aliaga.<\/p>\n<p>Respecto del agua de red, los funcionarios comunales se\u00f1alaron que \u201cse realizan controles permanentes de calidad del agua potable que se distribuye en la red, informaci\u00f3n que es respaldada por los datos espec\u00edficos resultantes de los an\u00e1lisis de contenido de cloro f\u00edsico-qu\u00edmicos y microbiol\u00f3gicos que se realizan diariamente, poniendo a disposici\u00f3n de este organismo el hist\u00f3rico de los mismos, adem\u00e1s de poder encontrar estos datos de p\u00fablico conocimiento, en la web del municipio\u201d.<\/p>\n<p>En cuanto a las cloacas, destacaron que \u201cse realizan trabajos constantes de mantenimiento y limpieza\u201d de c\u00e1maras, control y reacci\u00f3n de bocas de registro, atenci\u00f3n de colapsos puntuales y generales, atento adem\u00e1s que ante la Emergencia por aletargamiento, \u201cse acude inmediatamente para asistir con personal id\u00f3neo\u201d.<\/p>\n<p>\u201cResaltamos que en este a\u00f1o uno de los problemas graves han sido las urgencias generadas por las inundaciones que elevaron el nivel de las napas fre\u00e1ticas, acelerando la degradaci\u00f3n del sistema cloacal y provocando una crisis generalizada dentro de la Emergencia Sanitaria\u201d, admiti\u00f3 el municipio.<\/p>\n<p>Inform\u00f3 adem\u00e1s que se present\u00f3 al ENOHSA un detalle de 19 intervenciones de obras importantes por un monto superior a los $30 millones y se firm\u00f3 junto al gobierno provincial el convenio para realizar la obra de cloacas del barrio Butal\u00f3.<\/p>\n<p><strong>Tareas de prevenci\u00f3n<\/strong><\/p>\n<p>El municipio indic\u00f3 que se efectu\u00f3 un \u201cinforme detallado\u201d de las distintas medidas de prevenci\u00f3n que se vienen realizando por el riesgo sanitario, que incluye:<\/p>\n<p>&#8211; Pulverizaciones para matar transmisores vectores de enfermedades como moscas, mosquitos, pulgas, garrapatas, chinches, piojos, etc, utilizando diferentes productos aprobados por el Ministerio de Salud de la Naci\u00f3n y el A.N.M.A.T.<\/p>\n<p>&#8211; Control de roedores utilizando un monitoreo permanente para la detecci\u00f3n y eliminaci\u00f3n de estos vectores.<\/p>\n<p>&#8211; Jornadas de mejoramiento barrial, con el programa \u00abCuidando nuestro barrio\u00bb donde se realiza descacharrizado y recolecci\u00f3n de residuos en distintos sectores de la ciudad, adem\u00e1s de visitas puerta a puerta a los vecinos para promover la eliminaci\u00f3n de elementos que puedan ser dep\u00f3sitos de roedores e insectos.<\/p>\n<p>&#8211; \u201cDesarrollamos castraciones y vacunaciones en conjunto con Vida Animal, trabajo que se realiza semanalmente en diferentes sectores de la ciudad\u201d.<\/p>\n<p>&#8211; Eliminaci\u00f3n de mini basurales.<\/p>\n<p>Unas de \u201clas m\u00e1s importantes inversiones\u201d que est\u00e1 llevando adelante el municipio para la erradicaci\u00f3n de los basurales, y que implica un monto superior a los diez millones de pesos, es el Centro de Transferencia del Barrio Sur, ubicado en calle Tita Merello a 100 metros de Utrac\u00e1n: \u201ccon ello lograr\u00edamos eliminar el mega basural de calle Felice y Balb\u00edn\u201d, dijeron los funcionarios municipales.<\/p>\n<p>Indicaron que se tom\u00f3 del modelo del Centro de Transferencia de Residuos S\u00f3lidos de la ciudad de General Pico: \u201clo que necesitamos -dijeron- es que el Observatorio Sanitario Socioambiental contribuya a destrabar la medida cautelar que no permite el funcionamiento del mismo, teniendo en cuenta que necesitamos una medida sanitaria urgente para dar una soluci\u00f3n definitiva a este problema\u201d, reprocharon.<br \/>\nLa pr\u00f3xima reuni\u00f3n se llevar\u00e1 a cabo el d\u00eda 14 de diciembre para analizar la realizaci\u00f3n de tareas en conjunto.<\/p>\n<p>Fuente:\u00a0http:\/\/www.eldiariodelapampa.com.ar\/index.php\/112-portada\/cuater\/37230-la-municipalidad-advierte-se-acelera-la-degradacion-del-sistema-cloacal<\/p>\n<\/div>\n<\/section>\n","protected":false},"excerpt":{"rendered":"<p>Santa Rosa.-Emergencia sobre emergencia.\u00a0Mientras el Ministerio de Salud -en el marco del Observatorio Sanitario Socioambiental- se advierten los \u201cgraves riesgos\u201d [&hellip;]<\/p>\n","protected":false},"author":2,"featured_media":0,"comment_status":"open","ping_status":"open","sticky":false,"template":"","format":"standard","meta":{"site-sidebar-layout":"default","site-content-layout":"","ast-site-content-layout":"default","site-content-style":"default","site-sidebar-style":"default","ast-global-header-display":"","ast-banner-title-visibility":"","ast-main-header-display":"","ast-hfb-above-header-display":"","ast-hfb-below-header-display":"","ast-hfb-mobile-header-display":"","site-post-title":"","ast-breadcrumbs-content":"","ast-featured-img":"","footer-sml-layout":"","ast-disable-related-posts":"","theme-transparent-header-meta":"","adv-header-id-meta":"","stick-header-meta":"","header-above-stick-meta":"","header-main-stick-meta":"","header-below-stick-meta":"","astra-migrate-meta-layouts":"default","ast-page-background-enabled":"default","ast-page-background-meta":{"desktop":{"background-color":"var(--ast-global-color-5)","background-image":"","background-repeat":"repeat","background-position":"center center","background-size":"auto","background-attachment":"scroll","background-type":"","background-media":"","overlay-type":"","overlay-color":"","overlay-opacity":"","overlay-gradient":""},"tablet":{"background-color":"","background-image":"","background-repeat":"repeat","background-position":"center center","background-size":"auto","background-attachment":"scroll","background-type":"","background-media":"","overlay-type":"","overlay-color":"","overlay-opacity":"","overlay-gradient":""},"mobile":{"background-color":"","background-image":"","background-repeat":"repeat","background-position":"center center","background-size":"auto","background-attachment":"scroll","background-type":"","background-media":"","overlay-type":"","overlay-color":"","overlay-opacity":"","overlay-gradient":""}},"ast-content-background-meta":{"desktop":{"background-color":"var(--ast-global-color-4)","background-image":"","background-repeat":"repeat","background-position":"center center","background-size":"auto","background-attachment":"scroll","background-type":"","background-media":"","overlay-type":"","overlay-color":"","overlay-opacity":"","overlay-gradient":""},"tablet":{"background-color":"var(--ast-global-color-4)","background-image":"","background-repeat":"repeat","background-position":"center center","background-size":"auto","background-attachment":"scroll","background-type":"","background-media":"","overlay-type":"","overlay-color":"","overlay-opacity":"","overlay-gradient":""},"mobile":{"background-color":"var(--ast-global-color-4)","background-image":"","background-repeat":"repeat","background-position":"center center","background-size":"auto","background-attachment":"scroll","background-type":"","background-media":"","overlay-type":"","overlay-color":"","overlay-opacity":"","overlay-gradient":""}},"footnotes":""},"categories":[59,16,1],"tags":[],"class_list":["post-39131","post","type-post","status-publish","format-standard","hentry","category-la-pampa","category-municipales","category-noticias"],"yoast_head":"<!-- This site is optimized with the Yoast SEO Premium plugin v23.0 (Yoast SEO v27.4) - https:\/\/yoast.com\/product\/yoast-seo-premium-wordpress\/ -->\n<title>La Municipalidad advierte: se acelera la degradaci\u00f3n del sistema cloacal<\/title>\n<meta name=\"robots\" content=\"index, follow, max-snippet:-1, max-image-preview:large, max-video-preview:-1\" \/>\n<link rel=\"canonical\" href=\"https:\/\/patagoniambiental.com.ar\/info\/la-municipalidad-advierte-se-acelera-la-degradacion-del-sistema-cloacal\/\" \/>\n<meta property=\"og:locale\" content=\"es_ES\" \/>\n<meta property=\"og:type\" content=\"article\" \/>\n<meta property=\"og:title\" content=\"La Municipalidad advierte: se acelera la degradaci\u00f3n del sistema cloacal\" \/>\n<meta property=\"og:description\" content=\"Santa Rosa.-Emergencia sobre emergencia.\u00a0Mientras el Ministerio de Salud -en el marco del Observatorio Sanitario Socioambiental- se advierten los \u201cgraves riesgos\u201d [&hellip;]\" \/>\n<meta property=\"og:url\" content=\"https:\/\/patagoniambiental.com.ar\/info\/la-municipalidad-advierte-se-acelera-la-degradacion-del-sistema-cloacal\/\" \/>\n<meta property=\"og:site_name\" content=\"Patagonia Ambiental\" \/>\n<meta property=\"article:publisher\" content=\"https:\/\/www.facebook.com\/patagonia.ambiental\" \/>\n<meta property=\"article:author\" content=\"https:\/\/www.facebook.com\/share\/1C1V8Gv9BX\/?mibextid=qi2Omg\" \/>\n<meta property=\"article:published_time\" content=\"2017-12-02T22:00:17+00:00\" \/>\n<meta property=\"og:image\" content=\"http:\/\/www.eldiariodelapampa.com.ar\/images\/2017\/Noviembre\/30-11-2017\/perdidas-cloacales.jpg\" \/>\n<meta name=\"author\" content=\"Patagonia Ambiental\" \/>\n<meta name=\"twitter:card\" content=\"summary_large_image\" \/>\n<meta name=\"twitter:creator\" content=\"@PatAmb\" \/>\n<meta name=\"twitter:site\" content=\"@PatAmb\" \/>\n<script type=\"application\/ld+json\" class=\"yoast-schema-graph\">{\"@context\":\"https:\\\/\\\/schema.org\",\"@graph\":[{\"@type\":\"Article\",\"@id\":\"https:\\\/\\\/patagoniambiental.com.ar\\\/info\\\/la-municipalidad-advierte-se-acelera-la-degradacion-del-sistema-cloacal\\\/#article\",\"isPartOf\":{\"@id\":\"https:\\\/\\\/patagoniambiental.com.ar\\\/info\\\/la-municipalidad-advierte-se-acelera-la-degradacion-del-sistema-cloacal\\\/\"},\"author\":{\"name\":\"Patagonia Ambiental\",\"@id\":\"https:\\\/\\\/patagoniambiental.com.ar\\\/info\\\/#\\\/schema\\\/person\\\/db12bff64bbcbf6a253710bf0ea37b5d\"},\"headline\":\"La Municipalidad advierte: se acelera la degradaci\u00f3n del sistema cloacal\",\"datePublished\":\"2017-12-02T22:00:17+00:00\",\"mainEntityOfPage\":{\"@id\":\"https:\\\/\\\/patagoniambiental.com.ar\\\/info\\\/la-municipalidad-advierte-se-acelera-la-degradacion-del-sistema-cloacal\\\/\"},\"wordCount\":880,\"commentCount\":0,\"publisher\":{\"@id\":\"https:\\\/\\\/patagoniambiental.com.ar\\\/info\\\/#organization\"},\"image\":{\"@id\":\"https:\\\/\\\/patagoniambiental.com.ar\\\/info\\\/la-municipalidad-advierte-se-acelera-la-degradacion-del-sistema-cloacal\\\/#primaryimage\"},\"thumbnailUrl\":\"http:\\\/\\\/www.eldiariodelapampa.com.ar\\\/images\\\/2017\\\/Noviembre\\\/30-11-2017\\\/perdidas-cloacales.jpg\",\"articleSection\":[\"La Pampa\",\"Municipales\",\"Noticias\"],\"inLanguage\":\"es\",\"potentialAction\":[{\"@type\":\"CommentAction\",\"name\":\"Comment\",\"target\":[\"https:\\\/\\\/patagoniambiental.com.ar\\\/info\\\/la-municipalidad-advierte-se-acelera-la-degradacion-del-sistema-cloacal\\\/#respond\"]}]},{\"@type\":\"WebPage\",\"@id\":\"https:\\\/\\\/patagoniambiental.com.ar\\\/info\\\/la-municipalidad-advierte-se-acelera-la-degradacion-del-sistema-cloacal\\\/\",\"url\":\"https:\\\/\\\/patagoniambiental.com.ar\\\/info\\\/la-municipalidad-advierte-se-acelera-la-degradacion-del-sistema-cloacal\\\/\",\"name\":\"La Municipalidad advierte: se acelera la degradaci\u00f3n del sistema cloacal\",\"isPartOf\":{\"@id\":\"https:\\\/\\\/patagoniambiental.com.ar\\\/info\\\/#website\"},\"primaryImageOfPage\":{\"@id\":\"https:\\\/\\\/patagoniambiental.com.ar\\\/info\\\/la-municipalidad-advierte-se-acelera-la-degradacion-del-sistema-cloacal\\\/#primaryimage\"},\"image\":{\"@id\":\"https:\\\/\\\/patagoniambiental.com.ar\\\/info\\\/la-municipalidad-advierte-se-acelera-la-degradacion-del-sistema-cloacal\\\/#primaryimage\"},\"thumbnailUrl\":\"http:\\\/\\\/www.eldiariodelapampa.com.ar\\\/images\\\/2017\\\/Noviembre\\\/30-11-2017\\\/perdidas-cloacales.jpg\",\"datePublished\":\"2017-12-02T22:00:17+00:00\",\"breadcrumb\":{\"@id\":\"https:\\\/\\\/patagoniambiental.com.ar\\\/info\\\/la-municipalidad-advierte-se-acelera-la-degradacion-del-sistema-cloacal\\\/#breadcrumb\"},\"inLanguage\":\"es\",\"potentialAction\":[{\"@type\":\"ReadAction\",\"target\":[\"https:\\\/\\\/patagoniambiental.com.ar\\\/info\\\/la-municipalidad-advierte-se-acelera-la-degradacion-del-sistema-cloacal\\\/\"]}]},{\"@type\":\"ImageObject\",\"inLanguage\":\"es\",\"@id\":\"https:\\\/\\\/patagoniambiental.com.ar\\\/info\\\/la-municipalidad-advierte-se-acelera-la-degradacion-del-sistema-cloacal\\\/#primaryimage\",\"url\":\"http:\\\/\\\/www.eldiariodelapampa.com.ar\\\/images\\\/2017\\\/Noviembre\\\/30-11-2017\\\/perdidas-cloacales.jpg\",\"contentUrl\":\"http:\\\/\\\/www.eldiariodelapampa.com.ar\\\/images\\\/2017\\\/Noviembre\\\/30-11-2017\\\/perdidas-cloacales.jpg\"},{\"@type\":\"BreadcrumbList\",\"@id\":\"https:\\\/\\\/patagoniambiental.com.ar\\\/info\\\/la-municipalidad-advierte-se-acelera-la-degradacion-del-sistema-cloacal\\\/#breadcrumb\",\"itemListElement\":[{\"@type\":\"ListItem\",\"position\":1,\"name\":\"Inicio\",\"item\":\"https:\\\/\\\/patagoniambiental.com.ar\\\/info\\\/\"},{\"@type\":\"ListItem\",\"position\":2,\"name\":\"La Municipalidad advierte: se acelera la degradaci\u00f3n del sistema cloacal\"}]},{\"@type\":\"WebSite\",\"@id\":\"https:\\\/\\\/patagoniambiental.com.ar\\\/info\\\/#website\",\"url\":\"https:\\\/\\\/patagoniambiental.com.ar\\\/info\\\/\",\"name\":\"Patagonia Ambiental\",\"description\":\"Monitoreo y an\u00e1lisis de la situaci\u00f3n geopol\u00edtica en el mundo y su implicancia en la Patagonia\",\"publisher\":{\"@id\":\"https:\\\/\\\/patagoniambiental.com.ar\\\/info\\\/#organization\"},\"potentialAction\":[{\"@type\":\"SearchAction\",\"target\":{\"@type\":\"EntryPoint\",\"urlTemplate\":\"https:\\\/\\\/patagoniambiental.com.ar\\\/info\\\/?s={search_term_string}\"},\"query-input\":{\"@type\":\"PropertyValueSpecification\",\"valueRequired\":true,\"valueName\":\"search_term_string\"}}],\"inLanguage\":\"es\"},{\"@type\":\"Organization\",\"@id\":\"https:\\\/\\\/patagoniambiental.com.ar\\\/info\\\/#organization\",\"name\":\"Patagonia Ambiental\",\"url\":\"https:\\\/\\\/patagoniambiental.com.ar\\\/info\\\/\",\"logo\":{\"@type\":\"ImageObject\",\"inLanguage\":\"es\",\"@id\":\"https:\\\/\\\/patagoniambiental.com.ar\\\/info\\\/#\\\/schema\\\/logo\\\/image\\\/\",\"url\":\"https:\\\/\\\/patagoniambiental.com.ar\\\/info\\\/wp-content\\\/uploads\\\/2025\\\/05\\\/LOGO-PATAGONIA-AMBIENTAL.png\",\"contentUrl\":\"https:\\\/\\\/patagoniambiental.com.ar\\\/info\\\/wp-content\\\/uploads\\\/2025\\\/05\\\/LOGO-PATAGONIA-AMBIENTAL.png\",\"width\":433,\"height\":250,\"caption\":\"Patagonia Ambiental\"},\"image\":{\"@id\":\"https:\\\/\\\/patagoniambiental.com.ar\\\/info\\\/#\\\/schema\\\/logo\\\/image\\\/\"},\"sameAs\":[\"https:\\\/\\\/www.facebook.com\\\/patagonia.ambiental\",\"https:\\\/\\\/x.com\\\/PatAmb\"]},{\"@type\":\"Person\",\"@id\":\"https:\\\/\\\/patagoniambiental.com.ar\\\/info\\\/#\\\/schema\\\/person\\\/db12bff64bbcbf6a253710bf0ea37b5d\",\"name\":\"Patagonia Ambiental\",\"description\":\"Andr\u00e9s Nievas T\u00e9cnico en manejo ambiental, consultor Ambiental y escritor para medios locales e internacionales sobre temas de geopolitica y medio ambiente.\",\"sameAs\":[\"http:\\\/\\\/www.patagoniambiental.com.ar\",\"https:\\\/\\\/www.facebook.com\\\/share\\\/1C1V8Gv9BX\\\/?mibextid=qi2Omg\",\"@patagoniambiental\",\"https:\\\/\\\/youtube.com\\\/@patagoniaambiental2023?si=BLt58t0wuXquxlYZ\"]}]}<\/script>\n<!-- \/ Yoast SEO Premium plugin. -->","yoast_head_json":{"title":"La Municipalidad advierte: se acelera la degradaci\u00f3n del sistema cloacal","robots":{"index":"index","follow":"follow","max-snippet":"max-snippet:-1","max-image-preview":"max-image-preview:large","max-video-preview":"max-video-preview:-1"},"canonical":"https:\/\/patagoniambiental.com.ar\/info\/la-municipalidad-advierte-se-acelera-la-degradacion-del-sistema-cloacal\/","og_locale":"es_ES","og_type":"article","og_title":"La Municipalidad advierte: se acelera la degradaci\u00f3n del sistema cloacal","og_description":"Santa Rosa.-Emergencia sobre emergencia.\u00a0Mientras el Ministerio de Salud -en el marco del Observatorio Sanitario Socioambiental- se advierten los \u201cgraves riesgos\u201d [&hellip;]","og_url":"https:\/\/patagoniambiental.com.ar\/info\/la-municipalidad-advierte-se-acelera-la-degradacion-del-sistema-cloacal\/","og_site_name":"Patagonia Ambiental","article_publisher":"https:\/\/www.facebook.com\/patagonia.ambiental","article_author":"https:\/\/www.facebook.com\/share\/1C1V8Gv9BX\/?mibextid=qi2Omg","article_published_time":"2017-12-02T22:00:17+00:00","og_image":[{"url":"http:\/\/www.eldiariodelapampa.com.ar\/images\/2017\/Noviembre\/30-11-2017\/perdidas-cloacales.jpg","type":"","width":"","height":""}],"author":"Patagonia Ambiental","twitter_card":"summary_large_image","twitter_creator":"@PatAmb","twitter_site":"@PatAmb","schema":{"@context":"https:\/\/schema.org","@graph":[{"@type":"Article","@id":"https:\/\/patagoniambiental.com.ar\/info\/la-municipalidad-advierte-se-acelera-la-degradacion-del-sistema-cloacal\/#article","isPartOf":{"@id":"https:\/\/patagoniambiental.com.ar\/info\/la-municipalidad-advierte-se-acelera-la-degradacion-del-sistema-cloacal\/"},"author":{"name":"Patagonia Ambiental","@id":"https:\/\/patagoniambiental.com.ar\/info\/#\/schema\/person\/db12bff64bbcbf6a253710bf0ea37b5d"},"headline":"La Municipalidad advierte: se acelera la degradaci\u00f3n del sistema cloacal","datePublished":"2017-12-02T22:00:17+00:00","mainEntityOfPage":{"@id":"https:\/\/patagoniambiental.com.ar\/info\/la-municipalidad-advierte-se-acelera-la-degradacion-del-sistema-cloacal\/"},"wordCount":880,"commentCount":0,"publisher":{"@id":"https:\/\/patagoniambiental.com.ar\/info\/#organization"},"image":{"@id":"https:\/\/patagoniambiental.com.ar\/info\/la-municipalidad-advierte-se-acelera-la-degradacion-del-sistema-cloacal\/#primaryimage"},"thumbnailUrl":"http:\/\/www.eldiariodelapampa.com.ar\/images\/2017\/Noviembre\/30-11-2017\/perdidas-cloacales.jpg","articleSection":["La Pampa","Municipales","Noticias"],"inLanguage":"es","potentialAction":[{"@type":"CommentAction","name":"Comment","target":["https:\/\/patagoniambiental.com.ar\/info\/la-municipalidad-advierte-se-acelera-la-degradacion-del-sistema-cloacal\/#respond"]}]},{"@type":"WebPage","@id":"https:\/\/patagoniambiental.com.ar\/info\/la-municipalidad-advierte-se-acelera-la-degradacion-del-sistema-cloacal\/","url":"https:\/\/patagoniambiental.com.ar\/info\/la-municipalidad-advierte-se-acelera-la-degradacion-del-sistema-cloacal\/","name":"La Municipalidad advierte: se acelera la degradaci\u00f3n del sistema cloacal","isPartOf":{"@id":"https:\/\/patagoniambiental.com.ar\/info\/#website"},"primaryImageOfPage":{"@id":"https:\/\/patagoniambiental.com.ar\/info\/la-municipalidad-advierte-se-acelera-la-degradacion-del-sistema-cloacal\/#primaryimage"},"image":{"@id":"https:\/\/patagoniambiental.com.ar\/info\/la-municipalidad-advierte-se-acelera-la-degradacion-del-sistema-cloacal\/#primaryimage"},"thumbnailUrl":"http:\/\/www.eldiariodelapampa.com.ar\/images\/2017\/Noviembre\/30-11-2017\/perdidas-cloacales.jpg","datePublished":"2017-12-02T22:00:17+00:00","breadcrumb":{"@id":"https:\/\/patagoniambiental.com.ar\/info\/la-municipalidad-advierte-se-acelera-la-degradacion-del-sistema-cloacal\/#breadcrumb"},"inLanguage":"es","potentialAction":[{"@type":"ReadAction","target":["https:\/\/patagoniambiental.com.ar\/info\/la-municipalidad-advierte-se-acelera-la-degradacion-del-sistema-cloacal\/"]}]},{"@type":"ImageObject","inLanguage":"es","@id":"https:\/\/patagoniambiental.com.ar\/info\/la-municipalidad-advierte-se-acelera-la-degradacion-del-sistema-cloacal\/#primaryimage","url":"http:\/\/www.eldiariodelapampa.com.ar\/images\/2017\/Noviembre\/30-11-2017\/perdidas-cloacales.jpg","contentUrl":"http:\/\/www.eldiariodelapampa.com.ar\/images\/2017\/Noviembre\/30-11-2017\/perdidas-cloacales.jpg"},{"@type":"BreadcrumbList","@id":"https:\/\/patagoniambiental.com.ar\/info\/la-municipalidad-advierte-se-acelera-la-degradacion-del-sistema-cloacal\/#breadcrumb","itemListElement":[{"@type":"ListItem","position":1,"name":"Inicio","item":"https:\/\/patagoniambiental.com.ar\/info\/"},{"@type":"ListItem","position":2,"name":"La Municipalidad advierte: se acelera la degradaci\u00f3n del sistema cloacal"}]},{"@type":"WebSite","@id":"https:\/\/patagoniambiental.com.ar\/info\/#website","url":"https:\/\/patagoniambiental.com.ar\/info\/","name":"Patagonia Ambiental","description":"Monitoreo y an\u00e1lisis de la situaci\u00f3n geopol\u00edtica en el mundo y su implicancia en la Patagonia","publisher":{"@id":"https:\/\/patagoniambiental.com.ar\/info\/#organization"},"potentialAction":[{"@type":"SearchAction","target":{"@type":"EntryPoint","urlTemplate":"https:\/\/patagoniambiental.com.ar\/info\/?s={search_term_string}"},"query-input":{"@type":"PropertyValueSpecification","valueRequired":true,"valueName":"search_term_string"}}],"inLanguage":"es"},{"@type":"Organization","@id":"https:\/\/patagoniambiental.com.ar\/info\/#organization","name":"Patagonia Ambiental","url":"https:\/\/patagoniambiental.com.ar\/info\/","logo":{"@type":"ImageObject","inLanguage":"es","@id":"https:\/\/patagoniambiental.com.ar\/info\/#\/schema\/logo\/image\/","url":"https:\/\/patagoniambiental.com.ar\/info\/wp-content\/uploads\/2025\/05\/LOGO-PATAGONIA-AMBIENTAL.png","contentUrl":"https:\/\/patagoniambiental.com.ar\/info\/wp-content\/uploads\/2025\/05\/LOGO-PATAGONIA-AMBIENTAL.png","width":433,"height":250,"caption":"Patagonia Ambiental"},"image":{"@id":"https:\/\/patagoniambiental.com.ar\/info\/#\/schema\/logo\/image\/"},"sameAs":["https:\/\/www.facebook.com\/patagonia.ambiental","https:\/\/x.com\/PatAmb"]},{"@type":"Person","@id":"https:\/\/patagoniambiental.com.ar\/info\/#\/schema\/person\/db12bff64bbcbf6a253710bf0ea37b5d","name":"Patagonia Ambiental","description":"Andr\u00e9s Nievas T\u00e9cnico en manejo ambiental, consultor Ambiental y escritor para medios locales e internacionales sobre temas de geopolitica y medio ambiente.","sameAs":["http:\/\/www.patagoniambiental.com.ar","https:\/\/www.facebook.com\/share\/1C1V8Gv9BX\/?mibextid=qi2Omg","@patagoniambiental","https:\/\/youtube.com\/@patagoniaambiental2023?si=BLt58t0wuXquxlYZ"]}]}},"_links":{"self":[{"href":"https:\/\/patagoniambiental.com.ar\/info\/wp-json\/wp\/v2\/posts\/39131","targetHints":{"allow":["GET"]}}],"collection":[{"href":"https:\/\/patagoniambiental.com.ar\/info\/wp-json\/wp\/v2\/posts"}],"about":[{"href":"https:\/\/patagoniambiental.com.ar\/info\/wp-json\/wp\/v2\/types\/post"}],"author":[{"embeddable":true,"href":"https:\/\/patagoniambiental.com.ar\/info\/wp-json\/wp\/v2\/users\/2"}],"replies":[{"embeddable":true,"href":"https:\/\/patagoniambiental.com.ar\/info\/wp-json\/wp\/v2\/comments?post=39131"}],"version-history":[{"count":0,"href":"https:\/\/patagoniambiental.com.ar\/info\/wp-json\/wp\/v2\/posts\/39131\/revisions"}],"wp:attachment":[{"href":"https:\/\/patagoniambiental.com.ar\/info\/wp-json\/wp\/v2\/media?parent=39131"}],"wp:term":[{"taxonomy":"category","embeddable":true,"href":"https:\/\/patagoniambiental.com.ar\/info\/wp-json\/wp\/v2\/categories?post=39131"},{"taxonomy":"post_tag","embeddable":true,"href":"https:\/\/patagoniambiental.com.ar\/info\/wp-json\/wp\/v2\/tags?post=39131"}],"curies":[{"name":"wp","href":"https:\/\/api.w.org\/{rel}","templated":true}]}}