{"id":39136,"date":"2017-12-02T19:00:49","date_gmt":"2017-12-02T22:00:49","guid":{"rendered":"http:\/\/patagoniambiental.com.ar\/info\/?p=39136"},"modified":"2017-12-01T10:42:49","modified_gmt":"2017-12-01T13:42:49","slug":"chile-ingresa-a-pacto-global-de-alcaldes-para-luchar-contra-el-cambio-climatico","status":"publish","type":"post","link":"https:\/\/patagoniambiental.com.ar\/info\/chile-ingresa-a-pacto-global-de-alcaldes-para-luchar-contra-el-cambio-climatico\/","title":{"rendered":"Chile ingresa a pacto global de alcaldes para luchar contra el cambio clim\u00e1tico"},"content":{"rendered":"<p>Chile.-Autor:\u00a0C. Gonz\u00e1lez I.-Este jueves se suscribi\u00f3 en la capital un acuerdo clim\u00e1tico liderado por la Uni\u00f3n Europea.<\/p>\n<p><!--more--><\/p>\n<div class=\"img_destacada\"><img decoding=\"async\" class=\"lazy\" src=\"http:\/\/d2vpb0i3hb2k8a.cloudfront.net\/wp-content\/uploads\/sites\/7\/2017\/11\/30\/Imagen-Aton_42537-820x385.jpg\" alt=\"Chile ingresa a pacto global de alcaldes para luchar contra el cambio clim\u00e1tico\" data-original=\"http:\/\/d2vpb0i3hb2k8a.cloudfront.net\/wp-content\/uploads\/sites\/7\/2017\/11\/30\/Imagen-Aton_42537-820x385.jpg\" \/><\/div>\n<p>Marejadas afectan el borde costero de la Regi\u00f3n de Valpara\u00edso en 2015.<\/p>\n<div class=\"contenido\">\n<p>Santiago tendr\u00e1 la variaci\u00f3n m\u00e1s extrema de temperatura de todas las capitales regionales al 2050, subir\u00e1 2,7\u00b0C, seg\u00fan un estudio divulgado por el Ministerio de Medio Ambiente en 2016. As\u00ed como la capital, otras comunas tambi\u00e9n sufrir\u00e1n alteraciones en temperatura y precipitaciones, raz\u00f3n por la que los municipios hoy trabajan para adaptarse a esta nueva realidad.<\/p>\n<p>En este contexto, ayer en el Foro de Alcaldes ante el Cambio Clim\u00e1tico, organizado por la ONG Adapt Chile, desarrollado en Santiago, se suscribi\u00f3 el Pacto Global de Alcaldes por el Clima y la Energ\u00eda, protocolo que lidera la Uni\u00f3n Europea y al que pertenecen m\u00e1s de siete mil municipios de todo el planeta.<\/p>\n<p>\u201cEl pacto es una iniciativa europea que est\u00e1 iniciando una expansi\u00f3n global\u201d, dice Jordan Harris, director nacional de Adapt.<\/p>\n<p>La ONG, que integra la comisi\u00f3n asesora presidencial de cambio clim\u00e1tico, explica que un comit\u00e9 consultivo resolver\u00e1 las comunas que ser\u00e1n incorporadas en forma piloto a la iniciativa que promueve la reducci\u00f3n de gases de efecto invernadero.<\/p>\n<p>Agrega que hoy los municipios carecen de los recursos t\u00e9cnicos para enfrentar este fen\u00f3meno y muchas veces reaccionan sin un buen diagn\u00f3stico frente a los eventos derivados del calentamiento global. En Adapt preparan a los municipios para generar sus planes locales de adaptaci\u00f3n, pero hasta ahora solo seis municipios cuentan con uno, por lo que esperan sumar otros 20 en 2018.<\/p>\n<p>Manuel Fuentes, coordinador del pacto de alcaldes en Am\u00e9rica Latina, explica que el acuerdo busca apoyar a los municipios para que desarrollen sus planes de acci\u00f3n clim\u00e1tica, con el objetivo que contribuyan a cumplir con las metas que sus pa\u00edses han comprometido en el Acuerdo de Par\u00eds.<\/p>\n<p>Tras la firma de una carta compromiso, la comuna tiene tres a\u00f1os para dise\u00f1ar un plan, el que luego es monitoreado por un organismo especializado.<\/p>\n<p>Fuente:\u00a0http:\/\/www.latercera.com\/noticia\/chile-ingresa-pacto-global-alcaldes-luchar-cambio-climatico\/<\/p>\n<\/div>\n","protected":false},"excerpt":{"rendered":"<p>Chile.-Autor:\u00a0C. Gonz\u00e1lez I.-Este jueves se suscribi\u00f3 en la capital un acuerdo clim\u00e1tico liderado por la Uni\u00f3n Europea.<\/p>\n","protected":false},"author":2,"featured_media":0,"comment_status":"open","ping_status":"open","sticky":false,"template":"","format":"standard","meta":{"site-sidebar-layout":"default","site-content-layout":"","ast-site-content-layout":"default","site-content-style":"default","site-sidebar-style":"default","ast-global-header-display":"","ast-banner-title-visibility":"","ast-main-header-display":"","ast-hfb-above-header-display":"","ast-hfb-below-header-display":"","ast-hfb-mobile-header-display":"","site-post-title":"","ast-breadcrumbs-content":"","ast-featured-img":"","footer-sml-layout":"","ast-disable-related-posts":"","theme-transparent-header-meta":"","adv-header-id-meta":"","stick-header-meta":"","header-above-stick-meta":"","header-main-stick-meta":"","header-below-stick-meta":"","astra-migrate-meta-layouts":"default","ast-page-background-enabled":"default","ast-page-background-meta":{"desktop":{"background-color":"var(--ast-global-color-5)","background-image":"","background-repeat":"repeat","background-position":"center center","background-size":"auto","background-attachment":"scroll","background-type":"","background-media":"","overlay-type":"","overlay-color":"","overlay-opacity":"","overlay-gradient":""},"tablet":{"background-color":"","background-image":"","background-repeat":"repeat","background-position":"center center","background-size":"auto","background-attachment":"scroll","background-type":"","background-media":"","overlay-type":"","overlay-color":"","overlay-opacity":"","overlay-gradient":""},"mobile":{"background-color":"","background-image":"","background-repeat":"repeat","background-position":"center center","background-size":"auto","background-attachment":"scroll","background-type":"","background-media":"","overlay-type":"","overlay-color":"","overlay-opacity":"","overlay-gradient":""}},"ast-content-background-meta":{"desktop":{"background-color":"var(--ast-global-color-4)","background-image":"","background-repeat":"repeat","background-position":"center center","background-size":"auto","background-attachment":"scroll","background-type":"","background-media":"","overlay-type":"","overlay-color":"","overlay-opacity":"","overlay-gradient":""},"tablet":{"background-color":"var(--ast-global-color-4)","background-image":"","background-repeat":"repeat","background-position":"center center","background-size":"auto","background-attachment":"scroll","background-type":"","background-media":"","overlay-type":"","overlay-color":"","overlay-opacity":"","overlay-gradient":""},"mobile":{"background-color":"var(--ast-global-color-4)","background-image":"","background-repeat":"repeat","background-position":"center center","background-size":"auto","background-attachment":"scroll","background-type":"","background-media":"","overlay-type":"","overlay-color":"","overlay-opacity":"","overlay-gradient":""}},"footnotes":""},"categories":[23,1],"tags":[],"class_list":["post-39136","post","type-post","status-publish","format-standard","hentry","category-internacionales","category-noticias"],"yoast_head":"<!-- This site is optimized with the Yoast SEO Premium plugin v23.0 (Yoast SEO v27.4) - https:\/\/yoast.com\/product\/yoast-seo-premium-wordpress\/ -->\n<title>Chile ingresa a pacto global de alcaldes para luchar contra el cambio clim\u00e1tico<\/title>\n<meta name=\"robots\" content=\"index, follow, max-snippet:-1, max-image-preview:large, max-video-preview:-1\" \/>\n<link rel=\"canonical\" href=\"https:\/\/patagoniambiental.com.ar\/info\/chile-ingresa-a-pacto-global-de-alcaldes-para-luchar-contra-el-cambio-climatico\/\" \/>\n<meta property=\"og:locale\" content=\"es_ES\" \/>\n<meta property=\"og:type\" content=\"article\" \/>\n<meta property=\"og:title\" content=\"Chile ingresa a pacto global de alcaldes para luchar contra el cambio clim\u00e1tico\" \/>\n<meta property=\"og:description\" content=\"Chile.-Autor:\u00a0C. Gonz\u00e1lez I.-Este jueves se suscribi\u00f3 en la capital un acuerdo clim\u00e1tico liderado por la Uni\u00f3n Europea.\" \/>\n<meta property=\"og:url\" content=\"https:\/\/patagoniambiental.com.ar\/info\/chile-ingresa-a-pacto-global-de-alcaldes-para-luchar-contra-el-cambio-climatico\/\" \/>\n<meta property=\"og:site_name\" content=\"Patagonia Ambiental\" \/>\n<meta property=\"article:publisher\" content=\"https:\/\/www.facebook.com\/patagonia.ambiental\" \/>\n<meta property=\"article:author\" content=\"https:\/\/www.facebook.com\/share\/1C1V8Gv9BX\/?mibextid=qi2Omg\" \/>\n<meta property=\"article:published_time\" content=\"2017-12-02T22:00:49+00:00\" \/>\n<meta property=\"og:image\" content=\"http:\/\/d2vpb0i3hb2k8a.cloudfront.net\/wp-content\/uploads\/sites\/7\/2017\/11\/30\/Imagen-Aton_42537-820x385.jpg\" \/>\n<meta name=\"author\" content=\"Patagonia Ambiental\" \/>\n<meta name=\"twitter:card\" content=\"summary_large_image\" \/>\n<meta name=\"twitter:creator\" content=\"@PatAmb\" \/>\n<meta name=\"twitter:site\" content=\"@PatAmb\" \/>\n<script type=\"application\/ld+json\" class=\"yoast-schema-graph\">{\"@context\":\"https:\\\/\\\/schema.org\",\"@graph\":[{\"@type\":\"Article\",\"@id\":\"https:\\\/\\\/patagoniambiental.com.ar\\\/info\\\/chile-ingresa-a-pacto-global-de-alcaldes-para-luchar-contra-el-cambio-climatico\\\/#article\",\"isPartOf\":{\"@id\":\"https:\\\/\\\/patagoniambiental.com.ar\\\/info\\\/chile-ingresa-a-pacto-global-de-alcaldes-para-luchar-contra-el-cambio-climatico\\\/\"},\"author\":{\"name\":\"Patagonia Ambiental\",\"@id\":\"https:\\\/\\\/patagoniambiental.com.ar\\\/info\\\/#\\\/schema\\\/person\\\/db12bff64bbcbf6a253710bf0ea37b5d\"},\"headline\":\"Chile ingresa a pacto global de alcaldes para luchar contra el cambio clim\u00e1tico\",\"datePublished\":\"2017-12-02T22:00:49+00:00\",\"mainEntityOfPage\":{\"@id\":\"https:\\\/\\\/patagoniambiental.com.ar\\\/info\\\/chile-ingresa-a-pacto-global-de-alcaldes-para-luchar-contra-el-cambio-climatico\\\/\"},\"wordCount\":378,\"commentCount\":0,\"publisher\":{\"@id\":\"https:\\\/\\\/patagoniambiental.com.ar\\\/info\\\/#organization\"},\"image\":{\"@id\":\"https:\\\/\\\/patagoniambiental.com.ar\\\/info\\\/chile-ingresa-a-pacto-global-de-alcaldes-para-luchar-contra-el-cambio-climatico\\\/#primaryimage\"},\"thumbnailUrl\":\"http:\\\/\\\/d2vpb0i3hb2k8a.cloudfront.net\\\/wp-content\\\/uploads\\\/sites\\\/7\\\/2017\\\/11\\\/30\\\/Imagen-Aton_42537-820x385.jpg\",\"articleSection\":[\"Internacionales\",\"Noticias\"],\"inLanguage\":\"es\",\"potentialAction\":[{\"@type\":\"CommentAction\",\"name\":\"Comment\",\"target\":[\"https:\\\/\\\/patagoniambiental.com.ar\\\/info\\\/chile-ingresa-a-pacto-global-de-alcaldes-para-luchar-contra-el-cambio-climatico\\\/#respond\"]}]},{\"@type\":\"WebPage\",\"@id\":\"https:\\\/\\\/patagoniambiental.com.ar\\\/info\\\/chile-ingresa-a-pacto-global-de-alcaldes-para-luchar-contra-el-cambio-climatico\\\/\",\"url\":\"https:\\\/\\\/patagoniambiental.com.ar\\\/info\\\/chile-ingresa-a-pacto-global-de-alcaldes-para-luchar-contra-el-cambio-climatico\\\/\",\"name\":\"Chile ingresa a pacto global de alcaldes para luchar contra el cambio clim\u00e1tico\",\"isPartOf\":{\"@id\":\"https:\\\/\\\/patagoniambiental.com.ar\\\/info\\\/#website\"},\"primaryImageOfPage\":{\"@id\":\"https:\\\/\\\/patagoniambiental.com.ar\\\/info\\\/chile-ingresa-a-pacto-global-de-alcaldes-para-luchar-contra-el-cambio-climatico\\\/#primaryimage\"},\"image\":{\"@id\":\"https:\\\/\\\/patagoniambiental.com.ar\\\/info\\\/chile-ingresa-a-pacto-global-de-alcaldes-para-luchar-contra-el-cambio-climatico\\\/#primaryimage\"},\"thumbnailUrl\":\"http:\\\/\\\/d2vpb0i3hb2k8a.cloudfront.net\\\/wp-content\\\/uploads\\\/sites\\\/7\\\/2017\\\/11\\\/30\\\/Imagen-Aton_42537-820x385.jpg\",\"datePublished\":\"2017-12-02T22:00:49+00:00\",\"breadcrumb\":{\"@id\":\"https:\\\/\\\/patagoniambiental.com.ar\\\/info\\\/chile-ingresa-a-pacto-global-de-alcaldes-para-luchar-contra-el-cambio-climatico\\\/#breadcrumb\"},\"inLanguage\":\"es\",\"potentialAction\":[{\"@type\":\"ReadAction\",\"target\":[\"https:\\\/\\\/patagoniambiental.com.ar\\\/info\\\/chile-ingresa-a-pacto-global-de-alcaldes-para-luchar-contra-el-cambio-climatico\\\/\"]}]},{\"@type\":\"ImageObject\",\"inLanguage\":\"es\",\"@id\":\"https:\\\/\\\/patagoniambiental.com.ar\\\/info\\\/chile-ingresa-a-pacto-global-de-alcaldes-para-luchar-contra-el-cambio-climatico\\\/#primaryimage\",\"url\":\"http:\\\/\\\/d2vpb0i3hb2k8a.cloudfront.net\\\/wp-content\\\/uploads\\\/sites\\\/7\\\/2017\\\/11\\\/30\\\/Imagen-Aton_42537-820x385.jpg\",\"contentUrl\":\"http:\\\/\\\/d2vpb0i3hb2k8a.cloudfront.net\\\/wp-content\\\/uploads\\\/sites\\\/7\\\/2017\\\/11\\\/30\\\/Imagen-Aton_42537-820x385.jpg\"},{\"@type\":\"BreadcrumbList\",\"@id\":\"https:\\\/\\\/patagoniambiental.com.ar\\\/info\\\/chile-ingresa-a-pacto-global-de-alcaldes-para-luchar-contra-el-cambio-climatico\\\/#breadcrumb\",\"itemListElement\":[{\"@type\":\"ListItem\",\"position\":1,\"name\":\"Inicio\",\"item\":\"https:\\\/\\\/patagoniambiental.com.ar\\\/info\\\/\"},{\"@type\":\"ListItem\",\"position\":2,\"name\":\"Chile ingresa a pacto global de alcaldes para luchar contra el cambio clim\u00e1tico\"}]},{\"@type\":\"WebSite\",\"@id\":\"https:\\\/\\\/patagoniambiental.com.ar\\\/info\\\/#website\",\"url\":\"https:\\\/\\\/patagoniambiental.com.ar\\\/info\\\/\",\"name\":\"Patagonia Ambiental\",\"description\":\"Monitoreo y an\u00e1lisis de la situaci\u00f3n geopol\u00edtica en el mundo y su implicancia en la Patagonia\",\"publisher\":{\"@id\":\"https:\\\/\\\/patagoniambiental.com.ar\\\/info\\\/#organization\"},\"potentialAction\":[{\"@type\":\"SearchAction\",\"target\":{\"@type\":\"EntryPoint\",\"urlTemplate\":\"https:\\\/\\\/patagoniambiental.com.ar\\\/info\\\/?s={search_term_string}\"},\"query-input\":{\"@type\":\"PropertyValueSpecification\",\"valueRequired\":true,\"valueName\":\"search_term_string\"}}],\"inLanguage\":\"es\"},{\"@type\":\"Organization\",\"@id\":\"https:\\\/\\\/patagoniambiental.com.ar\\\/info\\\/#organization\",\"name\":\"Patagonia Ambiental\",\"url\":\"https:\\\/\\\/patagoniambiental.com.ar\\\/info\\\/\",\"logo\":{\"@type\":\"ImageObject\",\"inLanguage\":\"es\",\"@id\":\"https:\\\/\\\/patagoniambiental.com.ar\\\/info\\\/#\\\/schema\\\/logo\\\/image\\\/\",\"url\":\"https:\\\/\\\/patagoniambiental.com.ar\\\/info\\\/wp-content\\\/uploads\\\/2025\\\/05\\\/LOGO-PATAGONIA-AMBIENTAL.png\",\"contentUrl\":\"https:\\\/\\\/patagoniambiental.com.ar\\\/info\\\/wp-content\\\/uploads\\\/2025\\\/05\\\/LOGO-PATAGONIA-AMBIENTAL.png\",\"width\":433,\"height\":250,\"caption\":\"Patagonia Ambiental\"},\"image\":{\"@id\":\"https:\\\/\\\/patagoniambiental.com.ar\\\/info\\\/#\\\/schema\\\/logo\\\/image\\\/\"},\"sameAs\":[\"https:\\\/\\\/www.facebook.com\\\/patagonia.ambiental\",\"https:\\\/\\\/x.com\\\/PatAmb\"]},{\"@type\":\"Person\",\"@id\":\"https:\\\/\\\/patagoniambiental.com.ar\\\/info\\\/#\\\/schema\\\/person\\\/db12bff64bbcbf6a253710bf0ea37b5d\",\"name\":\"Patagonia Ambiental\",\"description\":\"Andr\u00e9s Nievas T\u00e9cnico en manejo ambiental, consultor Ambiental y escritor para medios locales e internacionales sobre temas de geopolitica y medio ambiente.\",\"sameAs\":[\"http:\\\/\\\/www.patagoniambiental.com.ar\",\"https:\\\/\\\/www.facebook.com\\\/share\\\/1C1V8Gv9BX\\\/?mibextid=qi2Omg\",\"@patagoniambiental\",\"https:\\\/\\\/youtube.com\\\/@patagoniaambiental2023?si=BLt58t0wuXquxlYZ\"]}]}<\/script>\n<!-- \/ Yoast SEO Premium plugin. -->","yoast_head_json":{"title":"Chile ingresa a pacto global de alcaldes para luchar contra el cambio clim\u00e1tico","robots":{"index":"index","follow":"follow","max-snippet":"max-snippet:-1","max-image-preview":"max-image-preview:large","max-video-preview":"max-video-preview:-1"},"canonical":"https:\/\/patagoniambiental.com.ar\/info\/chile-ingresa-a-pacto-global-de-alcaldes-para-luchar-contra-el-cambio-climatico\/","og_locale":"es_ES","og_type":"article","og_title":"Chile ingresa a pacto global de alcaldes para luchar contra el cambio clim\u00e1tico","og_description":"Chile.-Autor:\u00a0C. Gonz\u00e1lez I.-Este jueves se suscribi\u00f3 en la capital un acuerdo clim\u00e1tico liderado por la Uni\u00f3n Europea.","og_url":"https:\/\/patagoniambiental.com.ar\/info\/chile-ingresa-a-pacto-global-de-alcaldes-para-luchar-contra-el-cambio-climatico\/","og_site_name":"Patagonia Ambiental","article_publisher":"https:\/\/www.facebook.com\/patagonia.ambiental","article_author":"https:\/\/www.facebook.com\/share\/1C1V8Gv9BX\/?mibextid=qi2Omg","article_published_time":"2017-12-02T22:00:49+00:00","og_image":[{"url":"http:\/\/d2vpb0i3hb2k8a.cloudfront.net\/wp-content\/uploads\/sites\/7\/2017\/11\/30\/Imagen-Aton_42537-820x385.jpg","type":"","width":"","height":""}],"author":"Patagonia Ambiental","twitter_card":"summary_large_image","twitter_creator":"@PatAmb","twitter_site":"@PatAmb","schema":{"@context":"https:\/\/schema.org","@graph":[{"@type":"Article","@id":"https:\/\/patagoniambiental.com.ar\/info\/chile-ingresa-a-pacto-global-de-alcaldes-para-luchar-contra-el-cambio-climatico\/#article","isPartOf":{"@id":"https:\/\/patagoniambiental.com.ar\/info\/chile-ingresa-a-pacto-global-de-alcaldes-para-luchar-contra-el-cambio-climatico\/"},"author":{"name":"Patagonia Ambiental","@id":"https:\/\/patagoniambiental.com.ar\/info\/#\/schema\/person\/db12bff64bbcbf6a253710bf0ea37b5d"},"headline":"Chile ingresa a pacto global de alcaldes para luchar contra el cambio clim\u00e1tico","datePublished":"2017-12-02T22:00:49+00:00","mainEntityOfPage":{"@id":"https:\/\/patagoniambiental.com.ar\/info\/chile-ingresa-a-pacto-global-de-alcaldes-para-luchar-contra-el-cambio-climatico\/"},"wordCount":378,"commentCount":0,"publisher":{"@id":"https:\/\/patagoniambiental.com.ar\/info\/#organization"},"image":{"@id":"https:\/\/patagoniambiental.com.ar\/info\/chile-ingresa-a-pacto-global-de-alcaldes-para-luchar-contra-el-cambio-climatico\/#primaryimage"},"thumbnailUrl":"http:\/\/d2vpb0i3hb2k8a.cloudfront.net\/wp-content\/uploads\/sites\/7\/2017\/11\/30\/Imagen-Aton_42537-820x385.jpg","articleSection":["Internacionales","Noticias"],"inLanguage":"es","potentialAction":[{"@type":"CommentAction","name":"Comment","target":["https:\/\/patagoniambiental.com.ar\/info\/chile-ingresa-a-pacto-global-de-alcaldes-para-luchar-contra-el-cambio-climatico\/#respond"]}]},{"@type":"WebPage","@id":"https:\/\/patagoniambiental.com.ar\/info\/chile-ingresa-a-pacto-global-de-alcaldes-para-luchar-contra-el-cambio-climatico\/","url":"https:\/\/patagoniambiental.com.ar\/info\/chile-ingresa-a-pacto-global-de-alcaldes-para-luchar-contra-el-cambio-climatico\/","name":"Chile ingresa a pacto global de alcaldes para luchar contra el cambio clim\u00e1tico","isPartOf":{"@id":"https:\/\/patagoniambiental.com.ar\/info\/#website"},"primaryImageOfPage":{"@id":"https:\/\/patagoniambiental.com.ar\/info\/chile-ingresa-a-pacto-global-de-alcaldes-para-luchar-contra-el-cambio-climatico\/#primaryimage"},"image":{"@id":"https:\/\/patagoniambiental.com.ar\/info\/chile-ingresa-a-pacto-global-de-alcaldes-para-luchar-contra-el-cambio-climatico\/#primaryimage"},"thumbnailUrl":"http:\/\/d2vpb0i3hb2k8a.cloudfront.net\/wp-content\/uploads\/sites\/7\/2017\/11\/30\/Imagen-Aton_42537-820x385.jpg","datePublished":"2017-12-02T22:00:49+00:00","breadcrumb":{"@id":"https:\/\/patagoniambiental.com.ar\/info\/chile-ingresa-a-pacto-global-de-alcaldes-para-luchar-contra-el-cambio-climatico\/#breadcrumb"},"inLanguage":"es","potentialAction":[{"@type":"ReadAction","target":["https:\/\/patagoniambiental.com.ar\/info\/chile-ingresa-a-pacto-global-de-alcaldes-para-luchar-contra-el-cambio-climatico\/"]}]},{"@type":"ImageObject","inLanguage":"es","@id":"https:\/\/patagoniambiental.com.ar\/info\/chile-ingresa-a-pacto-global-de-alcaldes-para-luchar-contra-el-cambio-climatico\/#primaryimage","url":"http:\/\/d2vpb0i3hb2k8a.cloudfront.net\/wp-content\/uploads\/sites\/7\/2017\/11\/30\/Imagen-Aton_42537-820x385.jpg","contentUrl":"http:\/\/d2vpb0i3hb2k8a.cloudfront.net\/wp-content\/uploads\/sites\/7\/2017\/11\/30\/Imagen-Aton_42537-820x385.jpg"},{"@type":"BreadcrumbList","@id":"https:\/\/patagoniambiental.com.ar\/info\/chile-ingresa-a-pacto-global-de-alcaldes-para-luchar-contra-el-cambio-climatico\/#breadcrumb","itemListElement":[{"@type":"ListItem","position":1,"name":"Inicio","item":"https:\/\/patagoniambiental.com.ar\/info\/"},{"@type":"ListItem","position":2,"name":"Chile ingresa a pacto global de alcaldes para luchar contra el cambio clim\u00e1tico"}]},{"@type":"WebSite","@id":"https:\/\/patagoniambiental.com.ar\/info\/#website","url":"https:\/\/patagoniambiental.com.ar\/info\/","name":"Patagonia Ambiental","description":"Monitoreo y an\u00e1lisis de la situaci\u00f3n geopol\u00edtica en el mundo y su implicancia en la Patagonia","publisher":{"@id":"https:\/\/patagoniambiental.com.ar\/info\/#organization"},"potentialAction":[{"@type":"SearchAction","target":{"@type":"EntryPoint","urlTemplate":"https:\/\/patagoniambiental.com.ar\/info\/?s={search_term_string}"},"query-input":{"@type":"PropertyValueSpecification","valueRequired":true,"valueName":"search_term_string"}}],"inLanguage":"es"},{"@type":"Organization","@id":"https:\/\/patagoniambiental.com.ar\/info\/#organization","name":"Patagonia Ambiental","url":"https:\/\/patagoniambiental.com.ar\/info\/","logo":{"@type":"ImageObject","inLanguage":"es","@id":"https:\/\/patagoniambiental.com.ar\/info\/#\/schema\/logo\/image\/","url":"https:\/\/patagoniambiental.com.ar\/info\/wp-content\/uploads\/2025\/05\/LOGO-PATAGONIA-AMBIENTAL.png","contentUrl":"https:\/\/patagoniambiental.com.ar\/info\/wp-content\/uploads\/2025\/05\/LOGO-PATAGONIA-AMBIENTAL.png","width":433,"height":250,"caption":"Patagonia Ambiental"},"image":{"@id":"https:\/\/patagoniambiental.com.ar\/info\/#\/schema\/logo\/image\/"},"sameAs":["https:\/\/www.facebook.com\/patagonia.ambiental","https:\/\/x.com\/PatAmb"]},{"@type":"Person","@id":"https:\/\/patagoniambiental.com.ar\/info\/#\/schema\/person\/db12bff64bbcbf6a253710bf0ea37b5d","name":"Patagonia Ambiental","description":"Andr\u00e9s Nievas T\u00e9cnico en manejo ambiental, consultor Ambiental y escritor para medios locales e internacionales sobre temas de geopolitica y medio ambiente.","sameAs":["http:\/\/www.patagoniambiental.com.ar","https:\/\/www.facebook.com\/share\/1C1V8Gv9BX\/?mibextid=qi2Omg","@patagoniambiental","https:\/\/youtube.com\/@patagoniaambiental2023?si=BLt58t0wuXquxlYZ"]}]}},"_links":{"self":[{"href":"https:\/\/patagoniambiental.com.ar\/info\/wp-json\/wp\/v2\/posts\/39136","targetHints":{"allow":["GET"]}}],"collection":[{"href":"https:\/\/patagoniambiental.com.ar\/info\/wp-json\/wp\/v2\/posts"}],"about":[{"href":"https:\/\/patagoniambiental.com.ar\/info\/wp-json\/wp\/v2\/types\/post"}],"author":[{"embeddable":true,"href":"https:\/\/patagoniambiental.com.ar\/info\/wp-json\/wp\/v2\/users\/2"}],"replies":[{"embeddable":true,"href":"https:\/\/patagoniambiental.com.ar\/info\/wp-json\/wp\/v2\/comments?post=39136"}],"version-history":[{"count":0,"href":"https:\/\/patagoniambiental.com.ar\/info\/wp-json\/wp\/v2\/posts\/39136\/revisions"}],"wp:attachment":[{"href":"https:\/\/patagoniambiental.com.ar\/info\/wp-json\/wp\/v2\/media?parent=39136"}],"wp:term":[{"taxonomy":"category","embeddable":true,"href":"https:\/\/patagoniambiental.com.ar\/info\/wp-json\/wp\/v2\/categories?post=39136"},{"taxonomy":"post_tag","embeddable":true,"href":"https:\/\/patagoniambiental.com.ar\/info\/wp-json\/wp\/v2\/tags?post=39136"}],"curies":[{"name":"wp","href":"https:\/\/api.w.org\/{rel}","templated":true}]}}