{"id":39139,"date":"2017-12-02T19:00:14","date_gmt":"2017-12-02T22:00:14","guid":{"rendered":"http:\/\/patagoniambiental.com.ar\/info\/?p=39139"},"modified":"2017-12-01T10:46:21","modified_gmt":"2017-12-01T13:46:21","slug":"podria-un-paraiso-tropical-suramericano-quedar-anegado-por-el-calentamiento-global","status":"publish","type":"post","link":"https:\/\/patagoniambiental.com.ar\/info\/podria-un-paraiso-tropical-suramericano-quedar-anegado-por-el-calentamiento-global\/","title":{"rendered":"\u00bfPodr\u00eda un para\u00edso tropical suramericano quedar anegado por el calentamiento global?"},"content":{"rendered":"<div class=\"l-wrap\">\n<div class=\"b-header\">\n<div class=\"b-article__header\">\n<div class=\"b-article__header-title \">\n<p>Am\u00e9rica Latina.-Una nueva herramienta de la NASA muestra c\u00f3mo el derretimiento de los glaciares, propiciado por el calentamiento global, podr\u00eda causar un aumento en el nivel del mar en casi 300 ciudades costeras del planeta.<\/p>\n<p><!--more--><\/p>\n<p>La ciudad brasile\u00f1a m\u00e1s visitada por los turistas, R\u00edo de Janeiro, ser\u00eda una de las afectadas.<\/p>\n<\/div>\n<div class=\"b-article__header-copy\"><a href=\"https:\/\/creativecommons.org\/publicdomain\/zero\/1.0\/\">CC0<\/a>\u00a0\/\u00a0<a href=\"https:\/\/pixabay.com\/photo-99388\/\">Pixabay<\/a><\/div>\n<\/div>\n<\/div>\n<\/div>\n<p>&nbsp;<\/p>\n<div class=\"l-main m-oh\">\n<div class=\"l-wrap m-clear\">\n<div class=\"l-maincolumn m-static\">\n<div class=\"b-article\">\n<div class=\"b-article__refs-text\"><a class=\"b-article__refs-rubric\" href=\"https:\/\/mundo.sputniknews.com\/americalatina\/\">AM\u00c9RICA LATINA<\/a><\/p>\n<div class=\"b-article__refs-credits\"><time class=\"b-article__refs-date\" datetime=\"2017-12-01T15:18\">15:18 01.12.2017<\/time><time class=\"b-article__refs-date-upd\" datetime=\"2017-12-01T14:41\">(actualizada a las 14:41 01.12.2017)<\/time><span id=\"getShortUrl\" class=\"b-article__refs-getshorturl\" data-article=\"1074413122\">URL corto<\/span><\/div>\n<div class=\"b-counters \"><a class=\"b-counters-icon b-counters-icon_comments\" href=\"https:\/\/mundo.sputniknews.com\/americalatina\/201712011074413122-rio-de-janeiro-bajo-el-agua\/#comments\"><i><\/i>\u00a00\u00a0<\/a><span class=\"b-counters-icon b-counters-icon_like\"><i><\/i>1<\/span><span class=\"b-counters-icon b-counters-icon_dislike\"><i><\/i>0<\/span><\/div>\n<\/div>\n<div class=\"b-article__lead\">\n<p>&nbsp;<\/p>\n<\/div>\n<div class=\"b-article__text\">\n<div class=\"b-inject m-inject-min\">\n<div class=\"b-inject__media\"><img fetchpriority=\"high\" decoding=\"async\" class=\"\" title=\"Calentamiento global (ilustraci\u00f3n)\" src=\"https:\/\/cdnmundo2.img.sputniknews.com\/images\/106788\/84\/1067888489.jpg\" alt=\"Calentamiento global (ilustraci\u00f3n)\" width=\"705\" height=\"375\" \/><\/div>\n<div class=\"b-inject__copy\"><a href=\"https:\/\/pixabay.com\/photo-2034896\/\" target=\"_blank\" rel=\"noopener\">\u00a9 FOTO: PIXABAY\/PETE LINFORTH<\/a><\/div>\n<div class=\"b-inject__content\"><a href=\"https:\/\/mundo.sputniknews.com\/ciencia\/201703271067888746-extincion-masiva-cambio-climatico\/\">\u00bfPodr\u00eda el calentamiento global causar el apocalipsis?<\/a><\/div>\n<\/div>\n<p>Las\u00a0<a href=\"https:\/\/vesl.jpl.nasa.gov\/research\/sea-level\/slr-gfm\/\" target=\"_blank\" rel=\"nofollow noopener\">simulaciones<\/a>\u00a0llevadas a cabo por un equipo de cient\u00edficos del Laboratorio de Propulsi\u00f3n a Reacci\u00f3n (JPL, por sus siglas en ingl\u00e9s) de la NASA muestran que las aguas provenientes del hielo derretido no se esparcen de manera uniforme a trav\u00e9s de los oc\u00e9anos del mundo debido a un tir\u00f3n gravitacional entre el hielo y el oc\u00e9ano.De acuerdo con los\u00a0<a href=\"http:\/\/advances.sciencemag.org\/content\/3\/11\/e1700537.full\" target=\"_blank\" rel=\"nofollow noopener\">c\u00e1lculos<\/a>, si los glaciares de Groenlandia se derritiesen por completo, el nivel de los oc\u00e9anos mundiales se incrementar\u00edan en cerca de seis metros, lo que traer\u00eda consecuencias catastr\u00f3ficas para todo el planeta. En el caso de R\u00edo de Janeiro, el estudio mostr\u00f3 que el nivel del mar ha crecido 3,03 mil\u00edmetros anualmente en los \u00faltimos 12 a\u00f1os.<\/p>\n<p>Seg\u00fan el ocean\u00f3grafo, ingeniero ambiental y profesor de la Universidad del Estado de R\u00edo de Janeiro (UERJ) David Zee, el estudio de la NASA revela la gravedad y el riesgo del aumento de la temperatura del planeta. En una entrevista con\u00a0<a href=\"https:\/\/br.sputniknews.com\/ciencia_tecnologia\/201711309971497-meio-ambiente-sociedade-inundacoes-aquecimento-global-ecosistemas-economia\/\" target=\"_blank\" rel=\"noopener\">Sputnik Brasil<\/a>, Zee asegur\u00f3 que incluso una peque\u00f1a variaci\u00f3n de dos grados Celsius ya ser\u00eda suficiente para la destrucci\u00f3n de ecosistemas importantes, como las barreras de corales y manglares, fuentes primordiales para el equilibrio de toda la vida marina.<\/p>\n<p><strong>Le puede interesar:\u00a0<a href=\"https:\/\/mundo.sputniknews.com\/ciencia\/201706111069889252-lluvias-tropicales-nubes-altas\/\">\u00bfSe acerca un nuevo diluvio? La advertencia de la NASA<\/a><\/strong><\/p>\n<p class=\"marker-quote1\">\u00abCon la elevaci\u00f3n del nivel del mar, de la temperatura, de la capacidad de dilataci\u00f3n del agua del mar y la geograf\u00eda costera, [el modelo matem\u00e1tico] logra predecir c\u00f3mo avanzan ciertas olas, sean de marea, corriente o presi\u00f3n atmosf\u00e9rica y estimar los riesgos de invasi\u00f3n de las aguas, principalmente en \u00e1reas densamente ocupadas\u00bb, concluy\u00f3 Zee.<\/p>\n<p>Fuente: Agencia Sputnik<\/p>\n<\/div>\n<\/div>\n<\/div>\n<\/div>\n<\/div>\n","protected":false},"excerpt":{"rendered":"<p>Am\u00e9rica Latina.-Una nueva herramienta de la NASA muestra c\u00f3mo el derretimiento de los glaciares, propiciado por el calentamiento global, podr\u00eda [&hellip;]<\/p>\n","protected":false},"author":2,"featured_media":0,"comment_status":"open","ping_status":"open","sticky":false,"template":"","format":"standard","meta":{"site-sidebar-layout":"default","site-content-layout":"","ast-site-content-layout":"default","site-content-style":"default","site-sidebar-style":"default","ast-global-header-display":"","ast-banner-title-visibility":"","ast-main-header-display":"","ast-hfb-above-header-display":"","ast-hfb-below-header-display":"","ast-hfb-mobile-header-display":"","site-post-title":"","ast-breadcrumbs-content":"","ast-featured-img":"","footer-sml-layout":"","ast-disable-related-posts":"","theme-transparent-header-meta":"","adv-header-id-meta":"","stick-header-meta":"","header-above-stick-meta":"","header-main-stick-meta":"","header-below-stick-meta":"","astra-migrate-meta-layouts":"default","ast-page-background-enabled":"default","ast-page-background-meta":{"desktop":{"background-color":"var(--ast-global-color-5)","background-image":"","background-repeat":"repeat","background-position":"center center","background-size":"auto","background-attachment":"scroll","background-type":"","background-media":"","overlay-type":"","overlay-color":"","overlay-opacity":"","overlay-gradient":""},"tablet":{"background-color":"","background-image":"","background-repeat":"repeat","background-position":"center center","background-size":"auto","background-attachment":"scroll","background-type":"","background-media":"","overlay-type":"","overlay-color":"","overlay-opacity":"","overlay-gradient":""},"mobile":{"background-color":"","background-image":"","background-repeat":"repeat","background-position":"center center","background-size":"auto","background-attachment":"scroll","background-type":"","background-media":"","overlay-type":"","overlay-color":"","overlay-opacity":"","overlay-gradient":""}},"ast-content-background-meta":{"desktop":{"background-color":"var(--ast-global-color-4)","background-image":"","background-repeat":"repeat","background-position":"center center","background-size":"auto","background-attachment":"scroll","background-type":"","background-media":"","overlay-type":"","overlay-color":"","overlay-opacity":"","overlay-gradient":""},"tablet":{"background-color":"var(--ast-global-color-4)","background-image":"","background-repeat":"repeat","background-position":"center center","background-size":"auto","background-attachment":"scroll","background-type":"","background-media":"","overlay-type":"","overlay-color":"","overlay-opacity":"","overlay-gradient":""},"mobile":{"background-color":"var(--ast-global-color-4)","background-image":"","background-repeat":"repeat","background-position":"center center","background-size":"auto","background-attachment":"scroll","background-type":"","background-media":"","overlay-type":"","overlay-color":"","overlay-opacity":"","overlay-gradient":""}},"footnotes":""},"categories":[23,1],"tags":[],"class_list":["post-39139","post","type-post","status-publish","format-standard","hentry","category-internacionales","category-noticias"],"yoast_head":"<!-- This site is optimized with the Yoast SEO Premium plugin v23.0 (Yoast SEO v27.4) - https:\/\/yoast.com\/product\/yoast-seo-premium-wordpress\/ -->\n<title>\u00bfPodr\u00eda un para\u00edso tropical suramericano quedar anegado por el calentamiento global?<\/title>\n<meta name=\"robots\" content=\"index, follow, max-snippet:-1, max-image-preview:large, max-video-preview:-1\" \/>\n<link rel=\"canonical\" href=\"https:\/\/patagoniambiental.com.ar\/info\/podria-un-paraiso-tropical-suramericano-quedar-anegado-por-el-calentamiento-global\/\" \/>\n<meta property=\"og:locale\" content=\"es_ES\" \/>\n<meta property=\"og:type\" content=\"article\" \/>\n<meta property=\"og:title\" content=\"\u00bfPodr\u00eda un para\u00edso tropical suramericano quedar anegado por el calentamiento global?\" \/>\n<meta property=\"og:description\" content=\"Am\u00e9rica Latina.-Una nueva herramienta de la NASA muestra c\u00f3mo el derretimiento de los glaciares, propiciado por el calentamiento global, podr\u00eda [&hellip;]\" \/>\n<meta property=\"og:url\" content=\"https:\/\/patagoniambiental.com.ar\/info\/podria-un-paraiso-tropical-suramericano-quedar-anegado-por-el-calentamiento-global\/\" \/>\n<meta property=\"og:site_name\" content=\"Patagonia Ambiental\" \/>\n<meta property=\"article:publisher\" content=\"https:\/\/www.facebook.com\/patagonia.ambiental\" \/>\n<meta property=\"article:author\" content=\"https:\/\/www.facebook.com\/share\/1C1V8Gv9BX\/?mibextid=qi2Omg\" \/>\n<meta property=\"article:published_time\" content=\"2017-12-02T22:00:14+00:00\" \/>\n<meta property=\"og:image\" content=\"https:\/\/cdnmundo2.img.sputniknews.com\/images\/106788\/84\/1067888489.jpg\" \/>\n<meta name=\"author\" content=\"Patagonia Ambiental\" \/>\n<meta name=\"twitter:card\" content=\"summary_large_image\" \/>\n<meta name=\"twitter:creator\" content=\"@PatAmb\" \/>\n<meta name=\"twitter:site\" content=\"@PatAmb\" \/>\n<script type=\"application\/ld+json\" class=\"yoast-schema-graph\">{\"@context\":\"https:\\\/\\\/schema.org\",\"@graph\":[{\"@type\":\"Article\",\"@id\":\"https:\\\/\\\/patagoniambiental.com.ar\\\/info\\\/podria-un-paraiso-tropical-suramericano-quedar-anegado-por-el-calentamiento-global\\\/#article\",\"isPartOf\":{\"@id\":\"https:\\\/\\\/patagoniambiental.com.ar\\\/info\\\/podria-un-paraiso-tropical-suramericano-quedar-anegado-por-el-calentamiento-global\\\/\"},\"author\":{\"name\":\"Patagonia Ambiental\",\"@id\":\"https:\\\/\\\/patagoniambiental.com.ar\\\/info\\\/#\\\/schema\\\/person\\\/db12bff64bbcbf6a253710bf0ea37b5d\"},\"headline\":\"\u00bfPodr\u00eda un para\u00edso tropical suramericano quedar anegado por el calentamiento global?\",\"datePublished\":\"2017-12-02T22:00:14+00:00\",\"mainEntityOfPage\":{\"@id\":\"https:\\\/\\\/patagoniambiental.com.ar\\\/info\\\/podria-un-paraiso-tropical-suramericano-quedar-anegado-por-el-calentamiento-global\\\/\"},\"wordCount\":393,\"commentCount\":0,\"publisher\":{\"@id\":\"https:\\\/\\\/patagoniambiental.com.ar\\\/info\\\/#organization\"},\"image\":{\"@id\":\"https:\\\/\\\/patagoniambiental.com.ar\\\/info\\\/podria-un-paraiso-tropical-suramericano-quedar-anegado-por-el-calentamiento-global\\\/#primaryimage\"},\"thumbnailUrl\":\"https:\\\/\\\/cdnmundo2.img.sputniknews.com\\\/images\\\/106788\\\/84\\\/1067888489.jpg\",\"articleSection\":[\"Internacionales\",\"Noticias\"],\"inLanguage\":\"es\",\"potentialAction\":[{\"@type\":\"CommentAction\",\"name\":\"Comment\",\"target\":[\"https:\\\/\\\/patagoniambiental.com.ar\\\/info\\\/podria-un-paraiso-tropical-suramericano-quedar-anegado-por-el-calentamiento-global\\\/#respond\"]}]},{\"@type\":\"WebPage\",\"@id\":\"https:\\\/\\\/patagoniambiental.com.ar\\\/info\\\/podria-un-paraiso-tropical-suramericano-quedar-anegado-por-el-calentamiento-global\\\/\",\"url\":\"https:\\\/\\\/patagoniambiental.com.ar\\\/info\\\/podria-un-paraiso-tropical-suramericano-quedar-anegado-por-el-calentamiento-global\\\/\",\"name\":\"\u00bfPodr\u00eda un para\u00edso tropical suramericano quedar anegado por el calentamiento global?\",\"isPartOf\":{\"@id\":\"https:\\\/\\\/patagoniambiental.com.ar\\\/info\\\/#website\"},\"primaryImageOfPage\":{\"@id\":\"https:\\\/\\\/patagoniambiental.com.ar\\\/info\\\/podria-un-paraiso-tropical-suramericano-quedar-anegado-por-el-calentamiento-global\\\/#primaryimage\"},\"image\":{\"@id\":\"https:\\\/\\\/patagoniambiental.com.ar\\\/info\\\/podria-un-paraiso-tropical-suramericano-quedar-anegado-por-el-calentamiento-global\\\/#primaryimage\"},\"thumbnailUrl\":\"https:\\\/\\\/cdnmundo2.img.sputniknews.com\\\/images\\\/106788\\\/84\\\/1067888489.jpg\",\"datePublished\":\"2017-12-02T22:00:14+00:00\",\"breadcrumb\":{\"@id\":\"https:\\\/\\\/patagoniambiental.com.ar\\\/info\\\/podria-un-paraiso-tropical-suramericano-quedar-anegado-por-el-calentamiento-global\\\/#breadcrumb\"},\"inLanguage\":\"es\",\"potentialAction\":[{\"@type\":\"ReadAction\",\"target\":[\"https:\\\/\\\/patagoniambiental.com.ar\\\/info\\\/podria-un-paraiso-tropical-suramericano-quedar-anegado-por-el-calentamiento-global\\\/\"]}]},{\"@type\":\"ImageObject\",\"inLanguage\":\"es\",\"@id\":\"https:\\\/\\\/patagoniambiental.com.ar\\\/info\\\/podria-un-paraiso-tropical-suramericano-quedar-anegado-por-el-calentamiento-global\\\/#primaryimage\",\"url\":\"https:\\\/\\\/cdnmundo2.img.sputniknews.com\\\/images\\\/106788\\\/84\\\/1067888489.jpg\",\"contentUrl\":\"https:\\\/\\\/cdnmundo2.img.sputniknews.com\\\/images\\\/106788\\\/84\\\/1067888489.jpg\"},{\"@type\":\"BreadcrumbList\",\"@id\":\"https:\\\/\\\/patagoniambiental.com.ar\\\/info\\\/podria-un-paraiso-tropical-suramericano-quedar-anegado-por-el-calentamiento-global\\\/#breadcrumb\",\"itemListElement\":[{\"@type\":\"ListItem\",\"position\":1,\"name\":\"Inicio\",\"item\":\"https:\\\/\\\/patagoniambiental.com.ar\\\/info\\\/\"},{\"@type\":\"ListItem\",\"position\":2,\"name\":\"\u00bfPodr\u00eda un para\u00edso tropical suramericano quedar anegado por el calentamiento global?\"}]},{\"@type\":\"WebSite\",\"@id\":\"https:\\\/\\\/patagoniambiental.com.ar\\\/info\\\/#website\",\"url\":\"https:\\\/\\\/patagoniambiental.com.ar\\\/info\\\/\",\"name\":\"Patagonia Ambiental\",\"description\":\"Monitoreo y an\u00e1lisis de la situaci\u00f3n geopol\u00edtica en el mundo y su implicancia en la Patagonia\",\"publisher\":{\"@id\":\"https:\\\/\\\/patagoniambiental.com.ar\\\/info\\\/#organization\"},\"potentialAction\":[{\"@type\":\"SearchAction\",\"target\":{\"@type\":\"EntryPoint\",\"urlTemplate\":\"https:\\\/\\\/patagoniambiental.com.ar\\\/info\\\/?s={search_term_string}\"},\"query-input\":{\"@type\":\"PropertyValueSpecification\",\"valueRequired\":true,\"valueName\":\"search_term_string\"}}],\"inLanguage\":\"es\"},{\"@type\":\"Organization\",\"@id\":\"https:\\\/\\\/patagoniambiental.com.ar\\\/info\\\/#organization\",\"name\":\"Patagonia Ambiental\",\"url\":\"https:\\\/\\\/patagoniambiental.com.ar\\\/info\\\/\",\"logo\":{\"@type\":\"ImageObject\",\"inLanguage\":\"es\",\"@id\":\"https:\\\/\\\/patagoniambiental.com.ar\\\/info\\\/#\\\/schema\\\/logo\\\/image\\\/\",\"url\":\"https:\\\/\\\/patagoniambiental.com.ar\\\/info\\\/wp-content\\\/uploads\\\/2025\\\/05\\\/LOGO-PATAGONIA-AMBIENTAL.png\",\"contentUrl\":\"https:\\\/\\\/patagoniambiental.com.ar\\\/info\\\/wp-content\\\/uploads\\\/2025\\\/05\\\/LOGO-PATAGONIA-AMBIENTAL.png\",\"width\":433,\"height\":250,\"caption\":\"Patagonia Ambiental\"},\"image\":{\"@id\":\"https:\\\/\\\/patagoniambiental.com.ar\\\/info\\\/#\\\/schema\\\/logo\\\/image\\\/\"},\"sameAs\":[\"https:\\\/\\\/www.facebook.com\\\/patagonia.ambiental\",\"https:\\\/\\\/x.com\\\/PatAmb\"]},{\"@type\":\"Person\",\"@id\":\"https:\\\/\\\/patagoniambiental.com.ar\\\/info\\\/#\\\/schema\\\/person\\\/db12bff64bbcbf6a253710bf0ea37b5d\",\"name\":\"Patagonia Ambiental\",\"description\":\"Andr\u00e9s Nievas T\u00e9cnico en manejo ambiental, consultor Ambiental y escritor para medios locales e internacionales sobre temas de geopolitica y medio ambiente.\",\"sameAs\":[\"http:\\\/\\\/www.patagoniambiental.com.ar\",\"https:\\\/\\\/www.facebook.com\\\/share\\\/1C1V8Gv9BX\\\/?mibextid=qi2Omg\",\"@patagoniambiental\",\"https:\\\/\\\/youtube.com\\\/@patagoniaambiental2023?si=BLt58t0wuXquxlYZ\"]}]}<\/script>\n<!-- \/ Yoast SEO Premium plugin. -->","yoast_head_json":{"title":"\u00bfPodr\u00eda un para\u00edso tropical suramericano quedar anegado por el calentamiento global?","robots":{"index":"index","follow":"follow","max-snippet":"max-snippet:-1","max-image-preview":"max-image-preview:large","max-video-preview":"max-video-preview:-1"},"canonical":"https:\/\/patagoniambiental.com.ar\/info\/podria-un-paraiso-tropical-suramericano-quedar-anegado-por-el-calentamiento-global\/","og_locale":"es_ES","og_type":"article","og_title":"\u00bfPodr\u00eda un para\u00edso tropical suramericano quedar anegado por el calentamiento global?","og_description":"Am\u00e9rica Latina.-Una nueva herramienta de la NASA muestra c\u00f3mo el derretimiento de los glaciares, propiciado por el calentamiento global, podr\u00eda [&hellip;]","og_url":"https:\/\/patagoniambiental.com.ar\/info\/podria-un-paraiso-tropical-suramericano-quedar-anegado-por-el-calentamiento-global\/","og_site_name":"Patagonia Ambiental","article_publisher":"https:\/\/www.facebook.com\/patagonia.ambiental","article_author":"https:\/\/www.facebook.com\/share\/1C1V8Gv9BX\/?mibextid=qi2Omg","article_published_time":"2017-12-02T22:00:14+00:00","og_image":[{"url":"https:\/\/cdnmundo2.img.sputniknews.com\/images\/106788\/84\/1067888489.jpg","type":"","width":"","height":""}],"author":"Patagonia Ambiental","twitter_card":"summary_large_image","twitter_creator":"@PatAmb","twitter_site":"@PatAmb","schema":{"@context":"https:\/\/schema.org","@graph":[{"@type":"Article","@id":"https:\/\/patagoniambiental.com.ar\/info\/podria-un-paraiso-tropical-suramericano-quedar-anegado-por-el-calentamiento-global\/#article","isPartOf":{"@id":"https:\/\/patagoniambiental.com.ar\/info\/podria-un-paraiso-tropical-suramericano-quedar-anegado-por-el-calentamiento-global\/"},"author":{"name":"Patagonia Ambiental","@id":"https:\/\/patagoniambiental.com.ar\/info\/#\/schema\/person\/db12bff64bbcbf6a253710bf0ea37b5d"},"headline":"\u00bfPodr\u00eda un para\u00edso tropical suramericano quedar anegado por el calentamiento global?","datePublished":"2017-12-02T22:00:14+00:00","mainEntityOfPage":{"@id":"https:\/\/patagoniambiental.com.ar\/info\/podria-un-paraiso-tropical-suramericano-quedar-anegado-por-el-calentamiento-global\/"},"wordCount":393,"commentCount":0,"publisher":{"@id":"https:\/\/patagoniambiental.com.ar\/info\/#organization"},"image":{"@id":"https:\/\/patagoniambiental.com.ar\/info\/podria-un-paraiso-tropical-suramericano-quedar-anegado-por-el-calentamiento-global\/#primaryimage"},"thumbnailUrl":"https:\/\/cdnmundo2.img.sputniknews.com\/images\/106788\/84\/1067888489.jpg","articleSection":["Internacionales","Noticias"],"inLanguage":"es","potentialAction":[{"@type":"CommentAction","name":"Comment","target":["https:\/\/patagoniambiental.com.ar\/info\/podria-un-paraiso-tropical-suramericano-quedar-anegado-por-el-calentamiento-global\/#respond"]}]},{"@type":"WebPage","@id":"https:\/\/patagoniambiental.com.ar\/info\/podria-un-paraiso-tropical-suramericano-quedar-anegado-por-el-calentamiento-global\/","url":"https:\/\/patagoniambiental.com.ar\/info\/podria-un-paraiso-tropical-suramericano-quedar-anegado-por-el-calentamiento-global\/","name":"\u00bfPodr\u00eda un para\u00edso tropical suramericano quedar anegado por el calentamiento global?","isPartOf":{"@id":"https:\/\/patagoniambiental.com.ar\/info\/#website"},"primaryImageOfPage":{"@id":"https:\/\/patagoniambiental.com.ar\/info\/podria-un-paraiso-tropical-suramericano-quedar-anegado-por-el-calentamiento-global\/#primaryimage"},"image":{"@id":"https:\/\/patagoniambiental.com.ar\/info\/podria-un-paraiso-tropical-suramericano-quedar-anegado-por-el-calentamiento-global\/#primaryimage"},"thumbnailUrl":"https:\/\/cdnmundo2.img.sputniknews.com\/images\/106788\/84\/1067888489.jpg","datePublished":"2017-12-02T22:00:14+00:00","breadcrumb":{"@id":"https:\/\/patagoniambiental.com.ar\/info\/podria-un-paraiso-tropical-suramericano-quedar-anegado-por-el-calentamiento-global\/#breadcrumb"},"inLanguage":"es","potentialAction":[{"@type":"ReadAction","target":["https:\/\/patagoniambiental.com.ar\/info\/podria-un-paraiso-tropical-suramericano-quedar-anegado-por-el-calentamiento-global\/"]}]},{"@type":"ImageObject","inLanguage":"es","@id":"https:\/\/patagoniambiental.com.ar\/info\/podria-un-paraiso-tropical-suramericano-quedar-anegado-por-el-calentamiento-global\/#primaryimage","url":"https:\/\/cdnmundo2.img.sputniknews.com\/images\/106788\/84\/1067888489.jpg","contentUrl":"https:\/\/cdnmundo2.img.sputniknews.com\/images\/106788\/84\/1067888489.jpg"},{"@type":"BreadcrumbList","@id":"https:\/\/patagoniambiental.com.ar\/info\/podria-un-paraiso-tropical-suramericano-quedar-anegado-por-el-calentamiento-global\/#breadcrumb","itemListElement":[{"@type":"ListItem","position":1,"name":"Inicio","item":"https:\/\/patagoniambiental.com.ar\/info\/"},{"@type":"ListItem","position":2,"name":"\u00bfPodr\u00eda un para\u00edso tropical suramericano quedar anegado por el calentamiento global?"}]},{"@type":"WebSite","@id":"https:\/\/patagoniambiental.com.ar\/info\/#website","url":"https:\/\/patagoniambiental.com.ar\/info\/","name":"Patagonia Ambiental","description":"Monitoreo y an\u00e1lisis de la situaci\u00f3n geopol\u00edtica en el mundo y su implicancia en la Patagonia","publisher":{"@id":"https:\/\/patagoniambiental.com.ar\/info\/#organization"},"potentialAction":[{"@type":"SearchAction","target":{"@type":"EntryPoint","urlTemplate":"https:\/\/patagoniambiental.com.ar\/info\/?s={search_term_string}"},"query-input":{"@type":"PropertyValueSpecification","valueRequired":true,"valueName":"search_term_string"}}],"inLanguage":"es"},{"@type":"Organization","@id":"https:\/\/patagoniambiental.com.ar\/info\/#organization","name":"Patagonia Ambiental","url":"https:\/\/patagoniambiental.com.ar\/info\/","logo":{"@type":"ImageObject","inLanguage":"es","@id":"https:\/\/patagoniambiental.com.ar\/info\/#\/schema\/logo\/image\/","url":"https:\/\/patagoniambiental.com.ar\/info\/wp-content\/uploads\/2025\/05\/LOGO-PATAGONIA-AMBIENTAL.png","contentUrl":"https:\/\/patagoniambiental.com.ar\/info\/wp-content\/uploads\/2025\/05\/LOGO-PATAGONIA-AMBIENTAL.png","width":433,"height":250,"caption":"Patagonia Ambiental"},"image":{"@id":"https:\/\/patagoniambiental.com.ar\/info\/#\/schema\/logo\/image\/"},"sameAs":["https:\/\/www.facebook.com\/patagonia.ambiental","https:\/\/x.com\/PatAmb"]},{"@type":"Person","@id":"https:\/\/patagoniambiental.com.ar\/info\/#\/schema\/person\/db12bff64bbcbf6a253710bf0ea37b5d","name":"Patagonia Ambiental","description":"Andr\u00e9s Nievas T\u00e9cnico en manejo ambiental, consultor Ambiental y escritor para medios locales e internacionales sobre temas de geopolitica y medio ambiente.","sameAs":["http:\/\/www.patagoniambiental.com.ar","https:\/\/www.facebook.com\/share\/1C1V8Gv9BX\/?mibextid=qi2Omg","@patagoniambiental","https:\/\/youtube.com\/@patagoniaambiental2023?si=BLt58t0wuXquxlYZ"]}]}},"_links":{"self":[{"href":"https:\/\/patagoniambiental.com.ar\/info\/wp-json\/wp\/v2\/posts\/39139","targetHints":{"allow":["GET"]}}],"collection":[{"href":"https:\/\/patagoniambiental.com.ar\/info\/wp-json\/wp\/v2\/posts"}],"about":[{"href":"https:\/\/patagoniambiental.com.ar\/info\/wp-json\/wp\/v2\/types\/post"}],"author":[{"embeddable":true,"href":"https:\/\/patagoniambiental.com.ar\/info\/wp-json\/wp\/v2\/users\/2"}],"replies":[{"embeddable":true,"href":"https:\/\/patagoniambiental.com.ar\/info\/wp-json\/wp\/v2\/comments?post=39139"}],"version-history":[{"count":0,"href":"https:\/\/patagoniambiental.com.ar\/info\/wp-json\/wp\/v2\/posts\/39139\/revisions"}],"wp:attachment":[{"href":"https:\/\/patagoniambiental.com.ar\/info\/wp-json\/wp\/v2\/media?parent=39139"}],"wp:term":[{"taxonomy":"category","embeddable":true,"href":"https:\/\/patagoniambiental.com.ar\/info\/wp-json\/wp\/v2\/categories?post=39139"},{"taxonomy":"post_tag","embeddable":true,"href":"https:\/\/patagoniambiental.com.ar\/info\/wp-json\/wp\/v2\/tags?post=39139"}],"curies":[{"name":"wp","href":"https:\/\/api.w.org\/{rel}","templated":true}]}}