{"id":39146,"date":"2017-12-03T19:00:54","date_gmt":"2017-12-03T22:00:54","guid":{"rendered":"http:\/\/patagoniambiental.com.ar\/info\/?p=39146"},"modified":"2017-12-01T15:29:09","modified_gmt":"2017-12-01T18:29:09","slug":"de-cara-a-la-temporada-de-verano-prevenir-y-concientizar-es-fundamental-cuando-se-habla-de-incendios","status":"publish","type":"post","link":"https:\/\/patagoniambiental.com.ar\/info\/de-cara-a-la-temporada-de-verano-prevenir-y-concientizar-es-fundamental-cuando-se-habla-de-incendios\/","title":{"rendered":"De cara a la temporada de verano  \u201cPrevenir y concientizar es fundamental cuando se habla de incendios\u201d"},"content":{"rendered":"<p class=\"x_MsoNormal\"><i>El Bolson.-As\u00ed lo se\u00f1al\u00f3 el jefe de la central SPLIF El Bols\u00f3n, Domingo Sales, de cara a una nueva temporada de alta posibilidad de ocurrencia de incendios en la provincia.<\/i><!--more--><\/p>\n<p class=\"x_MsoNormal\">\u201cPoder llegar con un mensaje y concientizar a los m\u00e1s chicos y a la gente en general, es muy importante. Los bosques cada a\u00f1o se est\u00e1n quemando m\u00e1s. El medio ambiente est\u00e1 cambiando, por eso es fundamental la prevenci\u00f3n. Nuestra experiencia muestra que hemos logrado reducir los incendios forestales con campa\u00f1as que ayudan a concientizar a la gente sobre la importancia de cuidar nuestros recursos naturales\u201d.<\/p>\n<p class=\"x_MsoNormal\">El SPLIF en su conjunto, con las tres centrales de El Bols\u00f3n, Bariloche y General Conesa, participa en fiestas provinciales y eventos junto al Ministerio de Agricultura, Ganader\u00eda y Pesca (MAGyP), acercando a trav\u00e9s de juegos y charlas, informaci\u00f3n sobre c\u00f3mo evitar incendios. Su \u00faltima participaci\u00f3n fue durante la Expo IDEVI en Viedma.<\/p>\n<p class=\"x_MsoNormal\">Acompa\u00f1ando el trabajo de los combatientes, el Gobierno provincial emitir\u00e1 desde hoy una campa\u00f1a publicitaria en radios, medios digitales y televisivos, con mensajes destinados a la prevenci\u00f3n y cuidados que se deben tener para evitar el fuego no deseado.<\/p>\n<p class=\"x_MsoNormal\">\u201cLa prevenci\u00f3n y detecci\u00f3n r\u00e1pida son fundamentales. Pero no s\u00f3lo trabajamos con las escuelas y en eventos en prevenci\u00f3n, tambi\u00e9n hacemos prevenci\u00f3n cuando hacemos relevamientos de cartogr\u00e1fica, recursos h\u00eddricos o caminos, cuando inspeccionamos campings o hacemos quemas controladas\u201d, finaliz\u00f3 Sales.<\/p>\n<p class=\"x_MsoNormal\"><b><i><u>Personal y equipamiento para la temporada<\/u><\/i><\/b><\/p>\n<p class=\"x_MsoNormal\">Como todos los a\u00f1os, el SPLIF incorpora personal temporario para ayudar en el combate de incendios. En el caso de El Bols\u00f3n, se contrataron a 11 personas, Bariloche incorpor\u00f3 nueve y la nueva central de Conesa est\u00e1 terminando la contrataci\u00f3n de sus primeros 21 combatientes.<\/p>\n<p class=\"x_MsoNormal\">\u201cEstamos trabajando en conjunto desde Bols\u00f3n y Bariloche con la nueva central de Conesa. Colaborando con equipamiento y apoyo en la capacitaci\u00f3n del nuevo personal. Esperamos seguir aportando todo lo que podamos para que esta Central Operativa salga adelante y comience a trabajar\u201d, se\u00f1al\u00f3 Sales.<\/p>\n<p class=\"x_MsoNormal\">En cuanto a equipamiento, el Gobierno Provincial ha comprado nuevas motobombas y en 2016, se incorporaron camiones y camioneta nuevas. \u201cHemos crecido mucho en estos \u00faltimos a\u00f1os gracias al apoyo del Gobierno en la contrataci\u00f3n de gente y equipamiento\u201d, finaliz\u00f3.<\/p>\n<p><b><span lang=\"ES-AR\">Fuente: GOBIERNO DE R\u00cdO NEGRO<\/span><\/b><span lang=\"ES-AR\"><br \/>\nSecretar\u00eda de Medios<\/span><\/p>\n","protected":false},"excerpt":{"rendered":"<p>El Bolson.-As\u00ed lo se\u00f1al\u00f3 el jefe de la central SPLIF El Bols\u00f3n, Domingo Sales, de cara a una nueva temporada [&hellip;]<\/p>\n","protected":false},"author":2,"featured_media":30887,"comment_status":"open","ping_status":"open","sticky":false,"template":"","format":"standard","meta":{"site-sidebar-layout":"default","site-content-layout":"","ast-site-content-layout":"default","site-content-style":"default","site-sidebar-style":"default","ast-global-header-display":"","ast-banner-title-visibility":"","ast-main-header-display":"","ast-hfb-above-header-display":"","ast-hfb-below-header-display":"","ast-hfb-mobile-header-display":"","site-post-title":"","ast-breadcrumbs-content":"","ast-featured-img":"","footer-sml-layout":"","ast-disable-related-posts":"","theme-transparent-header-meta":"","adv-header-id-meta":"","stick-header-meta":"","header-above-stick-meta":"","header-main-stick-meta":"","header-below-stick-meta":"","astra-migrate-meta-layouts":"default","ast-page-background-enabled":"default","ast-page-background-meta":{"desktop":{"background-color":"var(--ast-global-color-5)","background-image":"","background-repeat":"repeat","background-position":"center center","background-size":"auto","background-attachment":"scroll","background-type":"","background-media":"","overlay-type":"","overlay-color":"","overlay-opacity":"","overlay-gradient":""},"tablet":{"background-color":"","background-image":"","background-repeat":"repeat","background-position":"center center","background-size":"auto","background-attachment":"scroll","background-type":"","background-media":"","overlay-type":"","overlay-color":"","overlay-opacity":"","overlay-gradient":""},"mobile":{"background-color":"","background-image":"","background-repeat":"repeat","background-position":"center center","background-size":"auto","background-attachment":"scroll","background-type":"","background-media":"","overlay-type":"","overlay-color":"","overlay-opacity":"","overlay-gradient":""}},"ast-content-background-meta":{"desktop":{"background-color":"var(--ast-global-color-4)","background-image":"","background-repeat":"repeat","background-position":"center center","background-size":"auto","background-attachment":"scroll","background-type":"","background-media":"","overlay-type":"","overlay-color":"","overlay-opacity":"","overlay-gradient":""},"tablet":{"background-color":"var(--ast-global-color-4)","background-image":"","background-repeat":"repeat","background-position":"center center","background-size":"auto","background-attachment":"scroll","background-type":"","background-media":"","overlay-type":"","overlay-color":"","overlay-opacity":"","overlay-gradient":""},"mobile":{"background-color":"var(--ast-global-color-4)","background-image":"","background-repeat":"repeat","background-position":"center center","background-size":"auto","background-attachment":"scroll","background-type":"","background-media":"","overlay-type":"","overlay-color":"","overlay-opacity":"","overlay-gradient":""}},"footnotes":""},"categories":[1,13,14],"tags":[],"class_list":["post-39146","post","type-post","status-publish","format-standard","has-post-thumbnail","hentry","category-noticias","category-provinciales","category-rio-negro"],"yoast_head":"<!-- This site is optimized with the Yoast SEO Premium plugin v23.0 (Yoast SEO v27.4) - https:\/\/yoast.com\/product\/yoast-seo-premium-wordpress\/ -->\n<title>De cara a la temporada de verano \u201cPrevenir y concientizar es fundamental cuando se habla de incendios\u201d<\/title>\n<meta name=\"robots\" content=\"index, follow, max-snippet:-1, max-image-preview:large, max-video-preview:-1\" \/>\n<link rel=\"canonical\" href=\"https:\/\/patagoniambiental.com.ar\/info\/de-cara-a-la-temporada-de-verano-prevenir-y-concientizar-es-fundamental-cuando-se-habla-de-incendios\/\" \/>\n<meta property=\"og:locale\" content=\"es_ES\" \/>\n<meta property=\"og:type\" content=\"article\" \/>\n<meta property=\"og:title\" content=\"De cara a la temporada de verano \u201cPrevenir y concientizar es fundamental cuando se habla de incendios\u201d\" \/>\n<meta property=\"og:description\" content=\"El Bolson.-As\u00ed lo se\u00f1al\u00f3 el jefe de la central SPLIF El Bols\u00f3n, Domingo Sales, de cara a una nueva temporada [&hellip;]\" \/>\n<meta property=\"og:url\" content=\"https:\/\/patagoniambiental.com.ar\/info\/de-cara-a-la-temporada-de-verano-prevenir-y-concientizar-es-fundamental-cuando-se-habla-de-incendios\/\" \/>\n<meta property=\"og:site_name\" content=\"Patagonia Ambiental\" \/>\n<meta property=\"article:publisher\" content=\"https:\/\/www.facebook.com\/patagonia.ambiental\" \/>\n<meta property=\"article:author\" content=\"https:\/\/www.facebook.com\/share\/1C1V8Gv9BX\/?mibextid=qi2Omg\" \/>\n<meta property=\"article:published_time\" content=\"2017-12-03T22:00:54+00:00\" \/>\n<meta property=\"og:image\" content=\"https:\/\/patagoniambiental.com.ar\/info\/wp-content\/uploads\/2017\/06\/IncendioPortugal-320bpvnl95o0-520x245.jpg\" \/>\n\t<meta property=\"og:image:width\" content=\"520\" \/>\n\t<meta property=\"og:image:height\" content=\"245\" \/>\n\t<meta property=\"og:image:type\" content=\"image\/jpeg\" \/>\n<meta name=\"author\" content=\"Patagonia Ambiental\" \/>\n<meta name=\"twitter:card\" content=\"summary_large_image\" \/>\n<meta name=\"twitter:creator\" content=\"@PatAmb\" \/>\n<meta name=\"twitter:site\" content=\"@PatAmb\" \/>\n<script type=\"application\/ld+json\" class=\"yoast-schema-graph\">{\"@context\":\"https:\\\/\\\/schema.org\",\"@graph\":[{\"@type\":\"Article\",\"@id\":\"https:\\\/\\\/patagoniambiental.com.ar\\\/info\\\/de-cara-a-la-temporada-de-verano-prevenir-y-concientizar-es-fundamental-cuando-se-habla-de-incendios\\\/#article\",\"isPartOf\":{\"@id\":\"https:\\\/\\\/patagoniambiental.com.ar\\\/info\\\/de-cara-a-la-temporada-de-verano-prevenir-y-concientizar-es-fundamental-cuando-se-habla-de-incendios\\\/\"},\"author\":{\"name\":\"Patagonia Ambiental\",\"@id\":\"https:\\\/\\\/patagoniambiental.com.ar\\\/info\\\/#\\\/schema\\\/person\\\/db12bff64bbcbf6a253710bf0ea37b5d\"},\"headline\":\"De cara a la temporada de verano \u201cPrevenir y concientizar es fundamental cuando se habla de incendios\u201d\",\"datePublished\":\"2017-12-03T22:00:54+00:00\",\"mainEntityOfPage\":{\"@id\":\"https:\\\/\\\/patagoniambiental.com.ar\\\/info\\\/de-cara-a-la-temporada-de-verano-prevenir-y-concientizar-es-fundamental-cuando-se-habla-de-incendios\\\/\"},\"wordCount\":423,\"commentCount\":0,\"publisher\":{\"@id\":\"https:\\\/\\\/patagoniambiental.com.ar\\\/info\\\/#organization\"},\"image\":{\"@id\":\"https:\\\/\\\/patagoniambiental.com.ar\\\/info\\\/de-cara-a-la-temporada-de-verano-prevenir-y-concientizar-es-fundamental-cuando-se-habla-de-incendios\\\/#primaryimage\"},\"thumbnailUrl\":\"https:\\\/\\\/patagoniambiental.com.ar\\\/info\\\/wp-content\\\/uploads\\\/2017\\\/06\\\/IncendioPortugal-320bpvnl95o0-520x245.jpg\",\"articleSection\":[\"Noticias\",\"Provinciales\",\"R\u00edo Negro\"],\"inLanguage\":\"es\",\"potentialAction\":[{\"@type\":\"CommentAction\",\"name\":\"Comment\",\"target\":[\"https:\\\/\\\/patagoniambiental.com.ar\\\/info\\\/de-cara-a-la-temporada-de-verano-prevenir-y-concientizar-es-fundamental-cuando-se-habla-de-incendios\\\/#respond\"]}]},{\"@type\":\"WebPage\",\"@id\":\"https:\\\/\\\/patagoniambiental.com.ar\\\/info\\\/de-cara-a-la-temporada-de-verano-prevenir-y-concientizar-es-fundamental-cuando-se-habla-de-incendios\\\/\",\"url\":\"https:\\\/\\\/patagoniambiental.com.ar\\\/info\\\/de-cara-a-la-temporada-de-verano-prevenir-y-concientizar-es-fundamental-cuando-se-habla-de-incendios\\\/\",\"name\":\"De cara a la temporada de verano \u201cPrevenir y concientizar es fundamental cuando se habla de incendios\u201d\",\"isPartOf\":{\"@id\":\"https:\\\/\\\/patagoniambiental.com.ar\\\/info\\\/#website\"},\"primaryImageOfPage\":{\"@id\":\"https:\\\/\\\/patagoniambiental.com.ar\\\/info\\\/de-cara-a-la-temporada-de-verano-prevenir-y-concientizar-es-fundamental-cuando-se-habla-de-incendios\\\/#primaryimage\"},\"image\":{\"@id\":\"https:\\\/\\\/patagoniambiental.com.ar\\\/info\\\/de-cara-a-la-temporada-de-verano-prevenir-y-concientizar-es-fundamental-cuando-se-habla-de-incendios\\\/#primaryimage\"},\"thumbnailUrl\":\"https:\\\/\\\/patagoniambiental.com.ar\\\/info\\\/wp-content\\\/uploads\\\/2017\\\/06\\\/IncendioPortugal-320bpvnl95o0-520x245.jpg\",\"datePublished\":\"2017-12-03T22:00:54+00:00\",\"breadcrumb\":{\"@id\":\"https:\\\/\\\/patagoniambiental.com.ar\\\/info\\\/de-cara-a-la-temporada-de-verano-prevenir-y-concientizar-es-fundamental-cuando-se-habla-de-incendios\\\/#breadcrumb\"},\"inLanguage\":\"es\",\"potentialAction\":[{\"@type\":\"ReadAction\",\"target\":[\"https:\\\/\\\/patagoniambiental.com.ar\\\/info\\\/de-cara-a-la-temporada-de-verano-prevenir-y-concientizar-es-fundamental-cuando-se-habla-de-incendios\\\/\"]}]},{\"@type\":\"ImageObject\",\"inLanguage\":\"es\",\"@id\":\"https:\\\/\\\/patagoniambiental.com.ar\\\/info\\\/de-cara-a-la-temporada-de-verano-prevenir-y-concientizar-es-fundamental-cuando-se-habla-de-incendios\\\/#primaryimage\",\"url\":\"https:\\\/\\\/patagoniambiental.com.ar\\\/info\\\/wp-content\\\/uploads\\\/2017\\\/06\\\/IncendioPortugal-320bpvnl95o0-520x245.jpg\",\"contentUrl\":\"https:\\\/\\\/patagoniambiental.com.ar\\\/info\\\/wp-content\\\/uploads\\\/2017\\\/06\\\/IncendioPortugal-320bpvnl95o0-520x245.jpg\",\"width\":520,\"height\":245},{\"@type\":\"BreadcrumbList\",\"@id\":\"https:\\\/\\\/patagoniambiental.com.ar\\\/info\\\/de-cara-a-la-temporada-de-verano-prevenir-y-concientizar-es-fundamental-cuando-se-habla-de-incendios\\\/#breadcrumb\",\"itemListElement\":[{\"@type\":\"ListItem\",\"position\":1,\"name\":\"Inicio\",\"item\":\"https:\\\/\\\/patagoniambiental.com.ar\\\/info\\\/\"},{\"@type\":\"ListItem\",\"position\":2,\"name\":\"De cara a la temporada de verano \u201cPrevenir y concientizar es fundamental cuando se habla de incendios\u201d\"}]},{\"@type\":\"WebSite\",\"@id\":\"https:\\\/\\\/patagoniambiental.com.ar\\\/info\\\/#website\",\"url\":\"https:\\\/\\\/patagoniambiental.com.ar\\\/info\\\/\",\"name\":\"Patagonia Ambiental\",\"description\":\"Monitoreo y an\u00e1lisis de la situaci\u00f3n geopol\u00edtica en el mundo y su implicancia en la Patagonia\",\"publisher\":{\"@id\":\"https:\\\/\\\/patagoniambiental.com.ar\\\/info\\\/#organization\"},\"potentialAction\":[{\"@type\":\"SearchAction\",\"target\":{\"@type\":\"EntryPoint\",\"urlTemplate\":\"https:\\\/\\\/patagoniambiental.com.ar\\\/info\\\/?s={search_term_string}\"},\"query-input\":{\"@type\":\"PropertyValueSpecification\",\"valueRequired\":true,\"valueName\":\"search_term_string\"}}],\"inLanguage\":\"es\"},{\"@type\":\"Organization\",\"@id\":\"https:\\\/\\\/patagoniambiental.com.ar\\\/info\\\/#organization\",\"name\":\"Patagonia Ambiental\",\"url\":\"https:\\\/\\\/patagoniambiental.com.ar\\\/info\\\/\",\"logo\":{\"@type\":\"ImageObject\",\"inLanguage\":\"es\",\"@id\":\"https:\\\/\\\/patagoniambiental.com.ar\\\/info\\\/#\\\/schema\\\/logo\\\/image\\\/\",\"url\":\"https:\\\/\\\/patagoniambiental.com.ar\\\/info\\\/wp-content\\\/uploads\\\/2025\\\/05\\\/LOGO-PATAGONIA-AMBIENTAL.png\",\"contentUrl\":\"https:\\\/\\\/patagoniambiental.com.ar\\\/info\\\/wp-content\\\/uploads\\\/2025\\\/05\\\/LOGO-PATAGONIA-AMBIENTAL.png\",\"width\":433,\"height\":250,\"caption\":\"Patagonia Ambiental\"},\"image\":{\"@id\":\"https:\\\/\\\/patagoniambiental.com.ar\\\/info\\\/#\\\/schema\\\/logo\\\/image\\\/\"},\"sameAs\":[\"https:\\\/\\\/www.facebook.com\\\/patagonia.ambiental\",\"https:\\\/\\\/x.com\\\/PatAmb\"]},{\"@type\":\"Person\",\"@id\":\"https:\\\/\\\/patagoniambiental.com.ar\\\/info\\\/#\\\/schema\\\/person\\\/db12bff64bbcbf6a253710bf0ea37b5d\",\"name\":\"Patagonia Ambiental\",\"description\":\"Andr\u00e9s Nievas T\u00e9cnico en manejo ambiental, consultor Ambiental y escritor para medios locales e internacionales sobre temas de geopolitica y medio ambiente.\",\"sameAs\":[\"http:\\\/\\\/www.patagoniambiental.com.ar\",\"https:\\\/\\\/www.facebook.com\\\/share\\\/1C1V8Gv9BX\\\/?mibextid=qi2Omg\",\"@patagoniambiental\",\"https:\\\/\\\/youtube.com\\\/@patagoniaambiental2023?si=BLt58t0wuXquxlYZ\"]}]}<\/script>\n<!-- \/ Yoast SEO Premium plugin. -->","yoast_head_json":{"title":"De cara a la temporada de verano \u201cPrevenir y concientizar es fundamental cuando se habla de incendios\u201d","robots":{"index":"index","follow":"follow","max-snippet":"max-snippet:-1","max-image-preview":"max-image-preview:large","max-video-preview":"max-video-preview:-1"},"canonical":"https:\/\/patagoniambiental.com.ar\/info\/de-cara-a-la-temporada-de-verano-prevenir-y-concientizar-es-fundamental-cuando-se-habla-de-incendios\/","og_locale":"es_ES","og_type":"article","og_title":"De cara a la temporada de verano \u201cPrevenir y concientizar es fundamental cuando se habla de incendios\u201d","og_description":"El Bolson.-As\u00ed lo se\u00f1al\u00f3 el jefe de la central SPLIF El Bols\u00f3n, Domingo Sales, de cara a una nueva temporada [&hellip;]","og_url":"https:\/\/patagoniambiental.com.ar\/info\/de-cara-a-la-temporada-de-verano-prevenir-y-concientizar-es-fundamental-cuando-se-habla-de-incendios\/","og_site_name":"Patagonia Ambiental","article_publisher":"https:\/\/www.facebook.com\/patagonia.ambiental","article_author":"https:\/\/www.facebook.com\/share\/1C1V8Gv9BX\/?mibextid=qi2Omg","article_published_time":"2017-12-03T22:00:54+00:00","og_image":[{"width":520,"height":245,"url":"https:\/\/patagoniambiental.com.ar\/info\/wp-content\/uploads\/2017\/06\/IncendioPortugal-320bpvnl95o0-520x245.jpg","type":"image\/jpeg"}],"author":"Patagonia Ambiental","twitter_card":"summary_large_image","twitter_creator":"@PatAmb","twitter_site":"@PatAmb","schema":{"@context":"https:\/\/schema.org","@graph":[{"@type":"Article","@id":"https:\/\/patagoniambiental.com.ar\/info\/de-cara-a-la-temporada-de-verano-prevenir-y-concientizar-es-fundamental-cuando-se-habla-de-incendios\/#article","isPartOf":{"@id":"https:\/\/patagoniambiental.com.ar\/info\/de-cara-a-la-temporada-de-verano-prevenir-y-concientizar-es-fundamental-cuando-se-habla-de-incendios\/"},"author":{"name":"Patagonia Ambiental","@id":"https:\/\/patagoniambiental.com.ar\/info\/#\/schema\/person\/db12bff64bbcbf6a253710bf0ea37b5d"},"headline":"De cara a la temporada de verano \u201cPrevenir y concientizar es fundamental cuando se habla de incendios\u201d","datePublished":"2017-12-03T22:00:54+00:00","mainEntityOfPage":{"@id":"https:\/\/patagoniambiental.com.ar\/info\/de-cara-a-la-temporada-de-verano-prevenir-y-concientizar-es-fundamental-cuando-se-habla-de-incendios\/"},"wordCount":423,"commentCount":0,"publisher":{"@id":"https:\/\/patagoniambiental.com.ar\/info\/#organization"},"image":{"@id":"https:\/\/patagoniambiental.com.ar\/info\/de-cara-a-la-temporada-de-verano-prevenir-y-concientizar-es-fundamental-cuando-se-habla-de-incendios\/#primaryimage"},"thumbnailUrl":"https:\/\/patagoniambiental.com.ar\/info\/wp-content\/uploads\/2017\/06\/IncendioPortugal-320bpvnl95o0-520x245.jpg","articleSection":["Noticias","Provinciales","R\u00edo Negro"],"inLanguage":"es","potentialAction":[{"@type":"CommentAction","name":"Comment","target":["https:\/\/patagoniambiental.com.ar\/info\/de-cara-a-la-temporada-de-verano-prevenir-y-concientizar-es-fundamental-cuando-se-habla-de-incendios\/#respond"]}]},{"@type":"WebPage","@id":"https:\/\/patagoniambiental.com.ar\/info\/de-cara-a-la-temporada-de-verano-prevenir-y-concientizar-es-fundamental-cuando-se-habla-de-incendios\/","url":"https:\/\/patagoniambiental.com.ar\/info\/de-cara-a-la-temporada-de-verano-prevenir-y-concientizar-es-fundamental-cuando-se-habla-de-incendios\/","name":"De cara a la temporada de verano \u201cPrevenir y concientizar es fundamental cuando se habla de incendios\u201d","isPartOf":{"@id":"https:\/\/patagoniambiental.com.ar\/info\/#website"},"primaryImageOfPage":{"@id":"https:\/\/patagoniambiental.com.ar\/info\/de-cara-a-la-temporada-de-verano-prevenir-y-concientizar-es-fundamental-cuando-se-habla-de-incendios\/#primaryimage"},"image":{"@id":"https:\/\/patagoniambiental.com.ar\/info\/de-cara-a-la-temporada-de-verano-prevenir-y-concientizar-es-fundamental-cuando-se-habla-de-incendios\/#primaryimage"},"thumbnailUrl":"https:\/\/patagoniambiental.com.ar\/info\/wp-content\/uploads\/2017\/06\/IncendioPortugal-320bpvnl95o0-520x245.jpg","datePublished":"2017-12-03T22:00:54+00:00","breadcrumb":{"@id":"https:\/\/patagoniambiental.com.ar\/info\/de-cara-a-la-temporada-de-verano-prevenir-y-concientizar-es-fundamental-cuando-se-habla-de-incendios\/#breadcrumb"},"inLanguage":"es","potentialAction":[{"@type":"ReadAction","target":["https:\/\/patagoniambiental.com.ar\/info\/de-cara-a-la-temporada-de-verano-prevenir-y-concientizar-es-fundamental-cuando-se-habla-de-incendios\/"]}]},{"@type":"ImageObject","inLanguage":"es","@id":"https:\/\/patagoniambiental.com.ar\/info\/de-cara-a-la-temporada-de-verano-prevenir-y-concientizar-es-fundamental-cuando-se-habla-de-incendios\/#primaryimage","url":"https:\/\/patagoniambiental.com.ar\/info\/wp-content\/uploads\/2017\/06\/IncendioPortugal-320bpvnl95o0-520x245.jpg","contentUrl":"https:\/\/patagoniambiental.com.ar\/info\/wp-content\/uploads\/2017\/06\/IncendioPortugal-320bpvnl95o0-520x245.jpg","width":520,"height":245},{"@type":"BreadcrumbList","@id":"https:\/\/patagoniambiental.com.ar\/info\/de-cara-a-la-temporada-de-verano-prevenir-y-concientizar-es-fundamental-cuando-se-habla-de-incendios\/#breadcrumb","itemListElement":[{"@type":"ListItem","position":1,"name":"Inicio","item":"https:\/\/patagoniambiental.com.ar\/info\/"},{"@type":"ListItem","position":2,"name":"De cara a la temporada de verano \u201cPrevenir y concientizar es fundamental cuando se habla de incendios\u201d"}]},{"@type":"WebSite","@id":"https:\/\/patagoniambiental.com.ar\/info\/#website","url":"https:\/\/patagoniambiental.com.ar\/info\/","name":"Patagonia Ambiental","description":"Monitoreo y an\u00e1lisis de la situaci\u00f3n geopol\u00edtica en el mundo y su implicancia en la Patagonia","publisher":{"@id":"https:\/\/patagoniambiental.com.ar\/info\/#organization"},"potentialAction":[{"@type":"SearchAction","target":{"@type":"EntryPoint","urlTemplate":"https:\/\/patagoniambiental.com.ar\/info\/?s={search_term_string}"},"query-input":{"@type":"PropertyValueSpecification","valueRequired":true,"valueName":"search_term_string"}}],"inLanguage":"es"},{"@type":"Organization","@id":"https:\/\/patagoniambiental.com.ar\/info\/#organization","name":"Patagonia Ambiental","url":"https:\/\/patagoniambiental.com.ar\/info\/","logo":{"@type":"ImageObject","inLanguage":"es","@id":"https:\/\/patagoniambiental.com.ar\/info\/#\/schema\/logo\/image\/","url":"https:\/\/patagoniambiental.com.ar\/info\/wp-content\/uploads\/2025\/05\/LOGO-PATAGONIA-AMBIENTAL.png","contentUrl":"https:\/\/patagoniambiental.com.ar\/info\/wp-content\/uploads\/2025\/05\/LOGO-PATAGONIA-AMBIENTAL.png","width":433,"height":250,"caption":"Patagonia Ambiental"},"image":{"@id":"https:\/\/patagoniambiental.com.ar\/info\/#\/schema\/logo\/image\/"},"sameAs":["https:\/\/www.facebook.com\/patagonia.ambiental","https:\/\/x.com\/PatAmb"]},{"@type":"Person","@id":"https:\/\/patagoniambiental.com.ar\/info\/#\/schema\/person\/db12bff64bbcbf6a253710bf0ea37b5d","name":"Patagonia Ambiental","description":"Andr\u00e9s Nievas T\u00e9cnico en manejo ambiental, consultor Ambiental y escritor para medios locales e internacionales sobre temas de geopolitica y medio ambiente.","sameAs":["http:\/\/www.patagoniambiental.com.ar","https:\/\/www.facebook.com\/share\/1C1V8Gv9BX\/?mibextid=qi2Omg","@patagoniambiental","https:\/\/youtube.com\/@patagoniaambiental2023?si=BLt58t0wuXquxlYZ"]}]}},"_links":{"self":[{"href":"https:\/\/patagoniambiental.com.ar\/info\/wp-json\/wp\/v2\/posts\/39146","targetHints":{"allow":["GET"]}}],"collection":[{"href":"https:\/\/patagoniambiental.com.ar\/info\/wp-json\/wp\/v2\/posts"}],"about":[{"href":"https:\/\/patagoniambiental.com.ar\/info\/wp-json\/wp\/v2\/types\/post"}],"author":[{"embeddable":true,"href":"https:\/\/patagoniambiental.com.ar\/info\/wp-json\/wp\/v2\/users\/2"}],"replies":[{"embeddable":true,"href":"https:\/\/patagoniambiental.com.ar\/info\/wp-json\/wp\/v2\/comments?post=39146"}],"version-history":[{"count":0,"href":"https:\/\/patagoniambiental.com.ar\/info\/wp-json\/wp\/v2\/posts\/39146\/revisions"}],"wp:featuredmedia":[{"embeddable":true,"href":"https:\/\/patagoniambiental.com.ar\/info\/wp-json\/wp\/v2\/media\/30887"}],"wp:attachment":[{"href":"https:\/\/patagoniambiental.com.ar\/info\/wp-json\/wp\/v2\/media?parent=39146"}],"wp:term":[{"taxonomy":"category","embeddable":true,"href":"https:\/\/patagoniambiental.com.ar\/info\/wp-json\/wp\/v2\/categories?post=39146"},{"taxonomy":"post_tag","embeddable":true,"href":"https:\/\/patagoniambiental.com.ar\/info\/wp-json\/wp\/v2\/tags?post=39146"}],"curies":[{"name":"wp","href":"https:\/\/api.w.org\/{rel}","templated":true}]}}