{"id":39172,"date":"2017-12-02T09:00:32","date_gmt":"2017-12-02T12:00:32","guid":{"rendered":"http:\/\/patagoniambiental.com.ar\/info\/?p=39172"},"modified":"2017-12-01T21:28:52","modified_gmt":"2017-12-02T00:28:52","slug":"despues-de-35-anos-logran-identificar-a-88-argentinos-enterrados-en-malvinas","status":"publish","type":"post","link":"https:\/\/patagoniambiental.com.ar\/info\/despues-de-35-anos-logran-identificar-a-88-argentinos-enterrados-en-malvinas\/","title":{"rendered":"Despu\u00e9s de 35 a\u00f1os, logran identificar a 88 argentinos enterrados en Malvinas"},"content":{"rendered":"<div class=\"row news-block\">\n<div class=\"col-xs-24 col-sm-22 col-sm-offset-1 col-md-20 col-md-offset-2\">\n<div class=\"article-view\">\n<div class=\"news-view no-margin-sides\">\n<div class=\"main-col-article\">\n<div class=\"row\">\n<div class=\"col-xs-24 content-news margin-bottom-x no-padding-sides\">\n<p><strong>El equipo forense del Comit\u00e9 Internacional de la Cruz Roja (CICR) que estudi\u00f3 los restos de 123 soldados argentinos sepultados sin identificar en el cementerio Darwin en las islas\u00a0Malvinas\u00a0ha conseguido establecer la identidad de 88 de ellos, confirm\u00f3 hoy la organizaci\u00f3n.\u00a0<\/strong><\/p>\n<p>A finales del a\u00f1o pasado, Argentina y el Reino Unido acordaron otorgar conjuntamente el mandato al CICR para llevar a cabo la identificaci\u00f3n de esos soldados argentinos muertos en la guerra que enfrent\u00f3 a ambos pa\u00edses en 1982.<\/p>\n<div class=\"row peperito general article-box no-margin-sides\">\n<div class=\"col-xs-24 no-padding-sides\">\n<div id=\"eplAdDivBox2\">El objetivo de esta labor fue estrictamente humanitario, con el \u00fanico fin de identificar la mayor cantidad posible de soldados argentinos enterrados en el cementerio de Darwin.<\/div>\n<\/div>\n<\/div>\n<p>El trabajo de exhumaci\u00f3n de los cuerpos acab\u00f3 el pasado agosto y hoy el CICR entreg\u00f3 a las delegaciones de Argentina y Reino Unido los informes forenses.<\/p>\n<p>\u00abNos alegra saber que ser\u00e1 posible devolver la identidad a muchos de los soldados no identificados y con ello brindar respuestas a una gran parte de las familias que esperan hace m\u00e1s de 30 a\u00f1os\u00bb, afirm\u00f3 el director de Actividades Operacionales del CICR, Dominik Stillhart.<\/p>\n<div class=\"row peperito general article-box no-margin-sides\">\n<div class=\"col-xs-24 no-padding-sides\">\n<div id=\"eplAdDivBox3\">Los resultados fueron presentados a las delegaciones de Argentina y Reino Unido en la sede del CICR en Ginebra, durante una reuni\u00f3n presidida por Stillhart.<\/div>\n<\/div>\n<\/div>\n<p>Los embajadores H\u00e9ctor Marcelo Cima, de Argentina, y Julian Braithwaite, del Reino Unido, encabezaron sus delegaciones y en la ceremonia tambi\u00e9n particip\u00f3 el secretario de Derechos Humanos y Pluralismo Cultural de la Rep\u00fablica Argentina, Claudio Avruj.<\/p>\n<p>El trabajo lo llevaron a cabo catorce especialistas forenses de varias nacionalidades que procedieron a exhumar, analizar, obtener muestras y documentar cada uno de los restos mortales sin identificar.<\/p>\n<div class=\"row peperito general article-box no-margin-sides\">\n<div class=\"col-xs-24 no-padding-sides\">\n<div id=\"eplAdDivBox4\">Tras el cuidadoso an\u00e1lisis llevado a cabo en una morgue temporal equipada con alta tecnolog\u00eda en el cementerio de\u00a0Malvinas, cada uno de los cuerpos exhumados fue colocado en un nuevo f\u00e9retro y sepultado en su tumba original el mismo d\u00eda de su exhumaci\u00f3n.<\/div>\n<\/div>\n<\/div>\n<p>Las muestras para an\u00e1lisis gen\u00e9tico se analizaron en el laboratorio forense del Equipo Argentino de Antropolog\u00eda Forense (EAAF) en C\u00f3rdoba , donde est\u00e1n las muestras de referencia de los familiares.<\/p>\n<p>En paralelo, otros dos laboratorios en el Reino Unido y Espa\u00f1a se encargaron del control y el aseguramiento de la calidad del an\u00e1lisis de ADN.<\/p>\n<p>Las autoridades argentinas informar\u00e1n de los resultados de manera bilateral y confidencial a las familias que han solicitado la identificaci\u00f3n de sus parientes.<\/p>\n<p>La guerra por la soberan\u00eda de las Islas\u00a0Malvinas\u00a0se inici\u00f3 el 2 de abril de 1982 con el desembarco de tropas argentinas en el archipi\u00e9lago y concluy\u00f3 en junio de ese a\u00f1o con su rendici\u00f3n ante las fuerzas enviadas por el Reino Unido.<\/p>\n<p>En ese conflicto murieron 255 brit\u00e1nicos, tres isle\u00f1os y 649 argentinos, de los que 123 est\u00e1n enterrados como \u00abNN\u00bb (soldado desconocido) en las islas.<br \/>\nFuente:\u00a0https:\/\/losandes.com.ar\/article\/view?slug=despues-de-35-anos-logran-identificar-a-88-argentinos-enterrados-en-malvinas<\/p>\n<\/div>\n<\/div>\n<\/div>\n<\/div>\n<\/div>\n<\/div>\n<\/div>\n","protected":false},"excerpt":{"rendered":"<p>El equipo forense del Comit\u00e9 Internacional de la Cruz Roja (CICR) que estudi\u00f3 los restos de 123 soldados argentinos sepultados [&hellip;]<\/p>\n","protected":false},"author":2,"featured_media":0,"comment_status":"open","ping_status":"open","sticky":false,"template":"","format":"standard","meta":{"site-sidebar-layout":"default","site-content-layout":"","ast-site-content-layout":"default","site-content-style":"default","site-sidebar-style":"default","ast-global-header-display":"","ast-banner-title-visibility":"","ast-main-header-display":"","ast-hfb-above-header-display":"","ast-hfb-below-header-display":"","ast-hfb-mobile-header-display":"","site-post-title":"","ast-breadcrumbs-content":"","ast-featured-img":"","footer-sml-layout":"","ast-disable-related-posts":"","theme-transparent-header-meta":"","adv-header-id-meta":"","stick-header-meta":"","header-above-stick-meta":"","header-main-stick-meta":"","header-below-stick-meta":"","astra-migrate-meta-layouts":"default","ast-page-background-enabled":"default","ast-page-background-meta":{"desktop":{"background-color":"var(--ast-global-color-5)","background-image":"","background-repeat":"repeat","background-position":"center center","background-size":"auto","background-attachment":"scroll","background-type":"","background-media":"","overlay-type":"","overlay-color":"","overlay-opacity":"","overlay-gradient":""},"tablet":{"background-color":"","background-image":"","background-repeat":"repeat","background-position":"center center","background-size":"auto","background-attachment":"scroll","background-type":"","background-media":"","overlay-type":"","overlay-color":"","overlay-opacity":"","overlay-gradient":""},"mobile":{"background-color":"","background-image":"","background-repeat":"repeat","background-position":"center center","background-size":"auto","background-attachment":"scroll","background-type":"","background-media":"","overlay-type":"","overlay-color":"","overlay-opacity":"","overlay-gradient":""}},"ast-content-background-meta":{"desktop":{"background-color":"var(--ast-global-color-4)","background-image":"","background-repeat":"repeat","background-position":"center center","background-size":"auto","background-attachment":"scroll","background-type":"","background-media":"","overlay-type":"","overlay-color":"","overlay-opacity":"","overlay-gradient":""},"tablet":{"background-color":"var(--ast-global-color-4)","background-image":"","background-repeat":"repeat","background-position":"center center","background-size":"auto","background-attachment":"scroll","background-type":"","background-media":"","overlay-type":"","overlay-color":"","overlay-opacity":"","overlay-gradient":""},"mobile":{"background-color":"var(--ast-global-color-4)","background-image":"","background-repeat":"repeat","background-position":"center center","background-size":"auto","background-attachment":"scroll","background-type":"","background-media":"","overlay-type":"","overlay-color":"","overlay-opacity":"","overlay-gradient":""}},"footnotes":""},"categories":[1],"tags":[],"class_list":["post-39172","post","type-post","status-publish","format-standard","hentry","category-noticias"],"yoast_head":"<!-- This site is optimized with the Yoast SEO Premium plugin v23.0 (Yoast SEO v27.4) - https:\/\/yoast.com\/product\/yoast-seo-premium-wordpress\/ -->\n<title>Despu\u00e9s de 35 a\u00f1os, logran identificar a 88 argentinos enterrados en Malvinas<\/title>\n<meta name=\"robots\" content=\"index, follow, max-snippet:-1, max-image-preview:large, max-video-preview:-1\" \/>\n<link rel=\"canonical\" href=\"https:\/\/patagoniambiental.com.ar\/info\/despues-de-35-anos-logran-identificar-a-88-argentinos-enterrados-en-malvinas\/\" \/>\n<meta property=\"og:locale\" content=\"es_ES\" \/>\n<meta property=\"og:type\" content=\"article\" \/>\n<meta property=\"og:title\" content=\"Despu\u00e9s de 35 a\u00f1os, logran identificar a 88 argentinos enterrados en Malvinas\" \/>\n<meta property=\"og:description\" content=\"El equipo forense del Comit\u00e9 Internacional de la Cruz Roja (CICR) que estudi\u00f3 los restos de 123 soldados argentinos sepultados [&hellip;]\" \/>\n<meta property=\"og:url\" content=\"https:\/\/patagoniambiental.com.ar\/info\/despues-de-35-anos-logran-identificar-a-88-argentinos-enterrados-en-malvinas\/\" \/>\n<meta property=\"og:site_name\" content=\"Patagonia Ambiental\" \/>\n<meta property=\"article:publisher\" content=\"https:\/\/www.facebook.com\/patagonia.ambiental\" \/>\n<meta property=\"article:author\" content=\"https:\/\/www.facebook.com\/share\/1C1V8Gv9BX\/?mibextid=qi2Omg\" \/>\n<meta property=\"article:published_time\" content=\"2017-12-02T12:00:32+00:00\" \/>\n<meta name=\"author\" content=\"Patagonia Ambiental\" \/>\n<meta name=\"twitter:card\" content=\"summary_large_image\" \/>\n<meta name=\"twitter:creator\" content=\"@PatAmb\" \/>\n<meta name=\"twitter:site\" content=\"@PatAmb\" \/>\n<script type=\"application\/ld+json\" class=\"yoast-schema-graph\">{\"@context\":\"https:\\\/\\\/schema.org\",\"@graph\":[{\"@type\":\"Article\",\"@id\":\"https:\\\/\\\/patagoniambiental.com.ar\\\/info\\\/despues-de-35-anos-logran-identificar-a-88-argentinos-enterrados-en-malvinas\\\/#article\",\"isPartOf\":{\"@id\":\"https:\\\/\\\/patagoniambiental.com.ar\\\/info\\\/despues-de-35-anos-logran-identificar-a-88-argentinos-enterrados-en-malvinas\\\/\"},\"author\":{\"name\":\"Patagonia Ambiental\",\"@id\":\"https:\\\/\\\/patagoniambiental.com.ar\\\/info\\\/#\\\/schema\\\/person\\\/db12bff64bbcbf6a253710bf0ea37b5d\"},\"headline\":\"Despu\u00e9s de 35 a\u00f1os, logran identificar a 88 argentinos enterrados en Malvinas\",\"datePublished\":\"2017-12-02T12:00:32+00:00\",\"mainEntityOfPage\":{\"@id\":\"https:\\\/\\\/patagoniambiental.com.ar\\\/info\\\/despues-de-35-anos-logran-identificar-a-88-argentinos-enterrados-en-malvinas\\\/\"},\"wordCount\":505,\"commentCount\":0,\"publisher\":{\"@id\":\"https:\\\/\\\/patagoniambiental.com.ar\\\/info\\\/#organization\"},\"articleSection\":[\"Noticias\"],\"inLanguage\":\"es\",\"potentialAction\":[{\"@type\":\"CommentAction\",\"name\":\"Comment\",\"target\":[\"https:\\\/\\\/patagoniambiental.com.ar\\\/info\\\/despues-de-35-anos-logran-identificar-a-88-argentinos-enterrados-en-malvinas\\\/#respond\"]}]},{\"@type\":\"WebPage\",\"@id\":\"https:\\\/\\\/patagoniambiental.com.ar\\\/info\\\/despues-de-35-anos-logran-identificar-a-88-argentinos-enterrados-en-malvinas\\\/\",\"url\":\"https:\\\/\\\/patagoniambiental.com.ar\\\/info\\\/despues-de-35-anos-logran-identificar-a-88-argentinos-enterrados-en-malvinas\\\/\",\"name\":\"Despu\u00e9s de 35 a\u00f1os, logran identificar a 88 argentinos enterrados en Malvinas\",\"isPartOf\":{\"@id\":\"https:\\\/\\\/patagoniambiental.com.ar\\\/info\\\/#website\"},\"datePublished\":\"2017-12-02T12:00:32+00:00\",\"breadcrumb\":{\"@id\":\"https:\\\/\\\/patagoniambiental.com.ar\\\/info\\\/despues-de-35-anos-logran-identificar-a-88-argentinos-enterrados-en-malvinas\\\/#breadcrumb\"},\"inLanguage\":\"es\",\"potentialAction\":[{\"@type\":\"ReadAction\",\"target\":[\"https:\\\/\\\/patagoniambiental.com.ar\\\/info\\\/despues-de-35-anos-logran-identificar-a-88-argentinos-enterrados-en-malvinas\\\/\"]}]},{\"@type\":\"BreadcrumbList\",\"@id\":\"https:\\\/\\\/patagoniambiental.com.ar\\\/info\\\/despues-de-35-anos-logran-identificar-a-88-argentinos-enterrados-en-malvinas\\\/#breadcrumb\",\"itemListElement\":[{\"@type\":\"ListItem\",\"position\":1,\"name\":\"Inicio\",\"item\":\"https:\\\/\\\/patagoniambiental.com.ar\\\/info\\\/\"},{\"@type\":\"ListItem\",\"position\":2,\"name\":\"Despu\u00e9s de 35 a\u00f1os, logran identificar a 88 argentinos enterrados en Malvinas\"}]},{\"@type\":\"WebSite\",\"@id\":\"https:\\\/\\\/patagoniambiental.com.ar\\\/info\\\/#website\",\"url\":\"https:\\\/\\\/patagoniambiental.com.ar\\\/info\\\/\",\"name\":\"Patagonia Ambiental\",\"description\":\"Monitoreo y an\u00e1lisis de la situaci\u00f3n geopol\u00edtica en el mundo y su implicancia en la Patagonia\",\"publisher\":{\"@id\":\"https:\\\/\\\/patagoniambiental.com.ar\\\/info\\\/#organization\"},\"potentialAction\":[{\"@type\":\"SearchAction\",\"target\":{\"@type\":\"EntryPoint\",\"urlTemplate\":\"https:\\\/\\\/patagoniambiental.com.ar\\\/info\\\/?s={search_term_string}\"},\"query-input\":{\"@type\":\"PropertyValueSpecification\",\"valueRequired\":true,\"valueName\":\"search_term_string\"}}],\"inLanguage\":\"es\"},{\"@type\":\"Organization\",\"@id\":\"https:\\\/\\\/patagoniambiental.com.ar\\\/info\\\/#organization\",\"name\":\"Patagonia Ambiental\",\"url\":\"https:\\\/\\\/patagoniambiental.com.ar\\\/info\\\/\",\"logo\":{\"@type\":\"ImageObject\",\"inLanguage\":\"es\",\"@id\":\"https:\\\/\\\/patagoniambiental.com.ar\\\/info\\\/#\\\/schema\\\/logo\\\/image\\\/\",\"url\":\"https:\\\/\\\/patagoniambiental.com.ar\\\/info\\\/wp-content\\\/uploads\\\/2025\\\/05\\\/LOGO-PATAGONIA-AMBIENTAL.png\",\"contentUrl\":\"https:\\\/\\\/patagoniambiental.com.ar\\\/info\\\/wp-content\\\/uploads\\\/2025\\\/05\\\/LOGO-PATAGONIA-AMBIENTAL.png\",\"width\":433,\"height\":250,\"caption\":\"Patagonia Ambiental\"},\"image\":{\"@id\":\"https:\\\/\\\/patagoniambiental.com.ar\\\/info\\\/#\\\/schema\\\/logo\\\/image\\\/\"},\"sameAs\":[\"https:\\\/\\\/www.facebook.com\\\/patagonia.ambiental\",\"https:\\\/\\\/x.com\\\/PatAmb\"]},{\"@type\":\"Person\",\"@id\":\"https:\\\/\\\/patagoniambiental.com.ar\\\/info\\\/#\\\/schema\\\/person\\\/db12bff64bbcbf6a253710bf0ea37b5d\",\"name\":\"Patagonia Ambiental\",\"description\":\"Andr\u00e9s Nievas T\u00e9cnico en manejo ambiental, consultor Ambiental y escritor para medios locales e internacionales sobre temas de geopolitica y medio ambiente.\",\"sameAs\":[\"http:\\\/\\\/www.patagoniambiental.com.ar\",\"https:\\\/\\\/www.facebook.com\\\/share\\\/1C1V8Gv9BX\\\/?mibextid=qi2Omg\",\"@patagoniambiental\",\"https:\\\/\\\/youtube.com\\\/@patagoniaambiental2023?si=BLt58t0wuXquxlYZ\"]}]}<\/script>\n<!-- \/ Yoast SEO Premium plugin. -->","yoast_head_json":{"title":"Despu\u00e9s de 35 a\u00f1os, logran identificar a 88 argentinos enterrados en Malvinas","robots":{"index":"index","follow":"follow","max-snippet":"max-snippet:-1","max-image-preview":"max-image-preview:large","max-video-preview":"max-video-preview:-1"},"canonical":"https:\/\/patagoniambiental.com.ar\/info\/despues-de-35-anos-logran-identificar-a-88-argentinos-enterrados-en-malvinas\/","og_locale":"es_ES","og_type":"article","og_title":"Despu\u00e9s de 35 a\u00f1os, logran identificar a 88 argentinos enterrados en Malvinas","og_description":"El equipo forense del Comit\u00e9 Internacional de la Cruz Roja (CICR) que estudi\u00f3 los restos de 123 soldados argentinos sepultados [&hellip;]","og_url":"https:\/\/patagoniambiental.com.ar\/info\/despues-de-35-anos-logran-identificar-a-88-argentinos-enterrados-en-malvinas\/","og_site_name":"Patagonia Ambiental","article_publisher":"https:\/\/www.facebook.com\/patagonia.ambiental","article_author":"https:\/\/www.facebook.com\/share\/1C1V8Gv9BX\/?mibextid=qi2Omg","article_published_time":"2017-12-02T12:00:32+00:00","author":"Patagonia Ambiental","twitter_card":"summary_large_image","twitter_creator":"@PatAmb","twitter_site":"@PatAmb","schema":{"@context":"https:\/\/schema.org","@graph":[{"@type":"Article","@id":"https:\/\/patagoniambiental.com.ar\/info\/despues-de-35-anos-logran-identificar-a-88-argentinos-enterrados-en-malvinas\/#article","isPartOf":{"@id":"https:\/\/patagoniambiental.com.ar\/info\/despues-de-35-anos-logran-identificar-a-88-argentinos-enterrados-en-malvinas\/"},"author":{"name":"Patagonia Ambiental","@id":"https:\/\/patagoniambiental.com.ar\/info\/#\/schema\/person\/db12bff64bbcbf6a253710bf0ea37b5d"},"headline":"Despu\u00e9s de 35 a\u00f1os, logran identificar a 88 argentinos enterrados en Malvinas","datePublished":"2017-12-02T12:00:32+00:00","mainEntityOfPage":{"@id":"https:\/\/patagoniambiental.com.ar\/info\/despues-de-35-anos-logran-identificar-a-88-argentinos-enterrados-en-malvinas\/"},"wordCount":505,"commentCount":0,"publisher":{"@id":"https:\/\/patagoniambiental.com.ar\/info\/#organization"},"articleSection":["Noticias"],"inLanguage":"es","potentialAction":[{"@type":"CommentAction","name":"Comment","target":["https:\/\/patagoniambiental.com.ar\/info\/despues-de-35-anos-logran-identificar-a-88-argentinos-enterrados-en-malvinas\/#respond"]}]},{"@type":"WebPage","@id":"https:\/\/patagoniambiental.com.ar\/info\/despues-de-35-anos-logran-identificar-a-88-argentinos-enterrados-en-malvinas\/","url":"https:\/\/patagoniambiental.com.ar\/info\/despues-de-35-anos-logran-identificar-a-88-argentinos-enterrados-en-malvinas\/","name":"Despu\u00e9s de 35 a\u00f1os, logran identificar a 88 argentinos enterrados en Malvinas","isPartOf":{"@id":"https:\/\/patagoniambiental.com.ar\/info\/#website"},"datePublished":"2017-12-02T12:00:32+00:00","breadcrumb":{"@id":"https:\/\/patagoniambiental.com.ar\/info\/despues-de-35-anos-logran-identificar-a-88-argentinos-enterrados-en-malvinas\/#breadcrumb"},"inLanguage":"es","potentialAction":[{"@type":"ReadAction","target":["https:\/\/patagoniambiental.com.ar\/info\/despues-de-35-anos-logran-identificar-a-88-argentinos-enterrados-en-malvinas\/"]}]},{"@type":"BreadcrumbList","@id":"https:\/\/patagoniambiental.com.ar\/info\/despues-de-35-anos-logran-identificar-a-88-argentinos-enterrados-en-malvinas\/#breadcrumb","itemListElement":[{"@type":"ListItem","position":1,"name":"Inicio","item":"https:\/\/patagoniambiental.com.ar\/info\/"},{"@type":"ListItem","position":2,"name":"Despu\u00e9s de 35 a\u00f1os, logran identificar a 88 argentinos enterrados en Malvinas"}]},{"@type":"WebSite","@id":"https:\/\/patagoniambiental.com.ar\/info\/#website","url":"https:\/\/patagoniambiental.com.ar\/info\/","name":"Patagonia Ambiental","description":"Monitoreo y an\u00e1lisis de la situaci\u00f3n geopol\u00edtica en el mundo y su implicancia en la Patagonia","publisher":{"@id":"https:\/\/patagoniambiental.com.ar\/info\/#organization"},"potentialAction":[{"@type":"SearchAction","target":{"@type":"EntryPoint","urlTemplate":"https:\/\/patagoniambiental.com.ar\/info\/?s={search_term_string}"},"query-input":{"@type":"PropertyValueSpecification","valueRequired":true,"valueName":"search_term_string"}}],"inLanguage":"es"},{"@type":"Organization","@id":"https:\/\/patagoniambiental.com.ar\/info\/#organization","name":"Patagonia Ambiental","url":"https:\/\/patagoniambiental.com.ar\/info\/","logo":{"@type":"ImageObject","inLanguage":"es","@id":"https:\/\/patagoniambiental.com.ar\/info\/#\/schema\/logo\/image\/","url":"https:\/\/patagoniambiental.com.ar\/info\/wp-content\/uploads\/2025\/05\/LOGO-PATAGONIA-AMBIENTAL.png","contentUrl":"https:\/\/patagoniambiental.com.ar\/info\/wp-content\/uploads\/2025\/05\/LOGO-PATAGONIA-AMBIENTAL.png","width":433,"height":250,"caption":"Patagonia Ambiental"},"image":{"@id":"https:\/\/patagoniambiental.com.ar\/info\/#\/schema\/logo\/image\/"},"sameAs":["https:\/\/www.facebook.com\/patagonia.ambiental","https:\/\/x.com\/PatAmb"]},{"@type":"Person","@id":"https:\/\/patagoniambiental.com.ar\/info\/#\/schema\/person\/db12bff64bbcbf6a253710bf0ea37b5d","name":"Patagonia Ambiental","description":"Andr\u00e9s Nievas T\u00e9cnico en manejo ambiental, consultor Ambiental y escritor para medios locales e internacionales sobre temas de geopolitica y medio ambiente.","sameAs":["http:\/\/www.patagoniambiental.com.ar","https:\/\/www.facebook.com\/share\/1C1V8Gv9BX\/?mibextid=qi2Omg","@patagoniambiental","https:\/\/youtube.com\/@patagoniaambiental2023?si=BLt58t0wuXquxlYZ"]}]}},"_links":{"self":[{"href":"https:\/\/patagoniambiental.com.ar\/info\/wp-json\/wp\/v2\/posts\/39172","targetHints":{"allow":["GET"]}}],"collection":[{"href":"https:\/\/patagoniambiental.com.ar\/info\/wp-json\/wp\/v2\/posts"}],"about":[{"href":"https:\/\/patagoniambiental.com.ar\/info\/wp-json\/wp\/v2\/types\/post"}],"author":[{"embeddable":true,"href":"https:\/\/patagoniambiental.com.ar\/info\/wp-json\/wp\/v2\/users\/2"}],"replies":[{"embeddable":true,"href":"https:\/\/patagoniambiental.com.ar\/info\/wp-json\/wp\/v2\/comments?post=39172"}],"version-history":[{"count":0,"href":"https:\/\/patagoniambiental.com.ar\/info\/wp-json\/wp\/v2\/posts\/39172\/revisions"}],"wp:attachment":[{"href":"https:\/\/patagoniambiental.com.ar\/info\/wp-json\/wp\/v2\/media?parent=39172"}],"wp:term":[{"taxonomy":"category","embeddable":true,"href":"https:\/\/patagoniambiental.com.ar\/info\/wp-json\/wp\/v2\/categories?post=39172"},{"taxonomy":"post_tag","embeddable":true,"href":"https:\/\/patagoniambiental.com.ar\/info\/wp-json\/wp\/v2\/tags?post=39172"}],"curies":[{"name":"wp","href":"https:\/\/api.w.org\/{rel}","templated":true}]}}