{"id":39180,"date":"2017-12-02T09:00:19","date_gmt":"2017-12-02T12:00:19","guid":{"rendered":"http:\/\/patagoniambiental.com.ar\/info\/?p=39180"},"modified":"2017-12-01T21:39:39","modified_gmt":"2017-12-02T00:39:39","slug":"zara-superviso-las-tareas-que-optimizaran-la-distribucion-de-agua-potable-en-stroeder-y-villalonga","status":"publish","type":"post","link":"https:\/\/patagoniambiental.com.ar\/info\/zara-superviso-las-tareas-que-optimizaran-la-distribucion-de-agua-potable-en-stroeder-y-villalonga\/","title":{"rendered":"Zara supervis\u00f3 las tareas que optimizar\u00e1n la distribuci\u00f3n de agua potable en Stroeder y Villalonga"},"content":{"rendered":"<p class=\"x_x_MsoNormal\">PATAGONES.- El intendente municipal, Jos\u00e9 Luis Zara, junto al Secretario de Obras y Servicios P\u00fablicos, Jorge Isaac, visitaron hoy las localidades de Stroeder y Villalonga para interiorizarse y supervisar los trabajos que se efect\u00faan para el mejoramiento de la provisi\u00f3n y distribuci\u00f3n del servicio de agua potable, \u00a0brindado por la empresa Aguas Bonaerenses \u2013ABSA-.<\/p>\n<p class=\"x_x_MsoNormal\">\u201cEstamos pidiendo celeridad en las obras debido a que con anterioridad reclamamos\u00a0 la instalaci\u00f3n de un nuevo m\u00f3dulo potabilizador y desde entonces tuvimos el compromiso de la empresa para instalarlo antes del verano. Hoy estamos teniendo problemas en Stroeder y Villalonga, por que no se alcanza a producir la cantidad de agua que necesita cada uno de los habitantes de esas localidades\u201d,\u00a0 remarc\u00f3 Zara.<\/p>\n<p class=\"x_x_MsoNormal\">Por su parte, Isaac resalt\u00f3 que los trabajos \u201cservir\u00e1n para optimizar la distribuci\u00f3n y provisi\u00f3n del recurso tanto en Villalonga como en Stroeder\u201d. Asimismo destac\u00f3 que dado que la empresa ABSA \u201cno tiene ubicado el\u00a0 m\u00f3dulo potabilizador,\u00a0 hoy se realiza un refuerzo de agua con camiones cisterna que traslada el recurso\u00a0 desde Pedro Luro y es depositado\u00a0 en la cisterna de Stroeder\u201d.<\/p>\n<p class=\"x_x_MsoNormal\">Se estableci\u00f3 que para la segunda quincena de diciembre estar\u00e1 instalado y en operaci\u00f3n,\u00a0 el m\u00f3dulo potabilizador en Villalonga lo que\u00a0 permitir\u00e1 un 50% m\u00e1s de provisi\u00f3n de agua potable para el lugar.<\/p>\n<p class=\"x_x_MsoNormal\">El sistema de distribuci\u00f3n de agua es producido en la planta potabilizadora de esa localidad y luego llega a Stroeder a trav\u00e9s de un sistema de rebombeo que se encuentra a mitad de camino entre ambas ciudades.<\/p>\n<p class=\"x_x_MsoNormal\">Acompa\u00f1aron el recorrido el subsecretario de Planificaci\u00f3n y Patrimonio Hist\u00f3rico, Juan Carlos Ricca,\u00a0 la presidente del HCD, Mar\u00eda Ciccone y los delegados municipales de Villalonga, Fabio Bettinelli y de Stroeder, Romina Becker, junto a las autoridades regionales de la empresa ABSA con asiento en Bah\u00eda Blanca.<\/p>\n<p>Fuente: Municipio de Patagones<\/p>\n<p>&nbsp;<\/p>\n<p>&nbsp;<\/p>\n<div class=\"x_x_gmail_signature\"><\/div>\n","protected":false},"excerpt":{"rendered":"<p>PATAGONES.- El intendente municipal, Jos\u00e9 Luis Zara, junto al Secretario de Obras y Servicios P\u00fablicos, Jorge Isaac, visitaron hoy las [&hellip;]<\/p>\n","protected":false},"author":2,"featured_media":0,"comment_status":"open","ping_status":"open","sticky":false,"template":"","format":"standard","meta":{"site-sidebar-layout":"default","site-content-layout":"","ast-site-content-layout":"default","site-content-style":"default","site-sidebar-style":"default","ast-global-header-display":"","ast-banner-title-visibility":"","ast-main-header-display":"","ast-hfb-above-header-display":"","ast-hfb-below-header-display":"","ast-hfb-mobile-header-display":"","site-post-title":"","ast-breadcrumbs-content":"","ast-featured-img":"","footer-sml-layout":"","ast-disable-related-posts":"","theme-transparent-header-meta":"","adv-header-id-meta":"","stick-header-meta":"","header-above-stick-meta":"","header-main-stick-meta":"","header-below-stick-meta":"","astra-migrate-meta-layouts":"default","ast-page-background-enabled":"default","ast-page-background-meta":{"desktop":{"background-color":"var(--ast-global-color-5)","background-image":"","background-repeat":"repeat","background-position":"center center","background-size":"auto","background-attachment":"scroll","background-type":"","background-media":"","overlay-type":"","overlay-color":"","overlay-opacity":"","overlay-gradient":""},"tablet":{"background-color":"","background-image":"","background-repeat":"repeat","background-position":"center center","background-size":"auto","background-attachment":"scroll","background-type":"","background-media":"","overlay-type":"","overlay-color":"","overlay-opacity":"","overlay-gradient":""},"mobile":{"background-color":"","background-image":"","background-repeat":"repeat","background-position":"center center","background-size":"auto","background-attachment":"scroll","background-type":"","background-media":"","overlay-type":"","overlay-color":"","overlay-opacity":"","overlay-gradient":""}},"ast-content-background-meta":{"desktop":{"background-color":"var(--ast-global-color-4)","background-image":"","background-repeat":"repeat","background-position":"center center","background-size":"auto","background-attachment":"scroll","background-type":"","background-media":"","overlay-type":"","overlay-color":"","overlay-opacity":"","overlay-gradient":""},"tablet":{"background-color":"var(--ast-global-color-4)","background-image":"","background-repeat":"repeat","background-position":"center center","background-size":"auto","background-attachment":"scroll","background-type":"","background-media":"","overlay-type":"","overlay-color":"","overlay-opacity":"","overlay-gradient":""},"mobile":{"background-color":"var(--ast-global-color-4)","background-image":"","background-repeat":"repeat","background-position":"center center","background-size":"auto","background-attachment":"scroll","background-type":"","background-media":"","overlay-type":"","overlay-color":"","overlay-opacity":"","overlay-gradient":""}},"footnotes":""},"categories":[46],"tags":[],"class_list":["post-39180","post","type-post","status-publish","format-standard","hentry","category-municipios"],"yoast_head":"<!-- This site is optimized with the Yoast SEO Premium plugin v23.0 (Yoast SEO v27.4) - https:\/\/yoast.com\/product\/yoast-seo-premium-wordpress\/ -->\n<title>Zara supervis\u00f3 las tareas que optimizar\u00e1n la distribuci\u00f3n de agua potable en Stroeder y Villalonga<\/title>\n<meta name=\"robots\" content=\"index, follow, max-snippet:-1, max-image-preview:large, max-video-preview:-1\" \/>\n<link rel=\"canonical\" href=\"https:\/\/patagoniambiental.com.ar\/info\/zara-superviso-las-tareas-que-optimizaran-la-distribucion-de-agua-potable-en-stroeder-y-villalonga\/\" \/>\n<meta property=\"og:locale\" content=\"es_ES\" \/>\n<meta property=\"og:type\" content=\"article\" \/>\n<meta property=\"og:title\" content=\"Zara supervis\u00f3 las tareas que optimizar\u00e1n la distribuci\u00f3n de agua potable en Stroeder y Villalonga\" \/>\n<meta property=\"og:description\" content=\"PATAGONES.- El intendente municipal, Jos\u00e9 Luis Zara, junto al Secretario de Obras y Servicios P\u00fablicos, Jorge Isaac, visitaron hoy las [&hellip;]\" \/>\n<meta property=\"og:url\" content=\"https:\/\/patagoniambiental.com.ar\/info\/zara-superviso-las-tareas-que-optimizaran-la-distribucion-de-agua-potable-en-stroeder-y-villalonga\/\" \/>\n<meta property=\"og:site_name\" content=\"Patagonia Ambiental\" \/>\n<meta property=\"article:publisher\" content=\"https:\/\/www.facebook.com\/patagonia.ambiental\" \/>\n<meta property=\"article:author\" content=\"https:\/\/www.facebook.com\/share\/1C1V8Gv9BX\/?mibextid=qi2Omg\" \/>\n<meta property=\"article:published_time\" content=\"2017-12-02T12:00:19+00:00\" \/>\n<meta name=\"author\" content=\"Patagonia Ambiental\" \/>\n<meta name=\"twitter:card\" content=\"summary_large_image\" \/>\n<meta name=\"twitter:creator\" content=\"@PatAmb\" \/>\n<meta name=\"twitter:site\" content=\"@PatAmb\" \/>\n<script type=\"application\/ld+json\" class=\"yoast-schema-graph\">{\"@context\":\"https:\\\/\\\/schema.org\",\"@graph\":[{\"@type\":\"Article\",\"@id\":\"https:\\\/\\\/patagoniambiental.com.ar\\\/info\\\/zara-superviso-las-tareas-que-optimizaran-la-distribucion-de-agua-potable-en-stroeder-y-villalonga\\\/#article\",\"isPartOf\":{\"@id\":\"https:\\\/\\\/patagoniambiental.com.ar\\\/info\\\/zara-superviso-las-tareas-que-optimizaran-la-distribucion-de-agua-potable-en-stroeder-y-villalonga\\\/\"},\"author\":{\"name\":\"Patagonia Ambiental\",\"@id\":\"https:\\\/\\\/patagoniambiental.com.ar\\\/info\\\/#\\\/schema\\\/person\\\/db12bff64bbcbf6a253710bf0ea37b5d\"},\"headline\":\"Zara supervis\u00f3 las tareas que optimizar\u00e1n la distribuci\u00f3n de agua potable en Stroeder y Villalonga\",\"datePublished\":\"2017-12-02T12:00:19+00:00\",\"mainEntityOfPage\":{\"@id\":\"https:\\\/\\\/patagoniambiental.com.ar\\\/info\\\/zara-superviso-las-tareas-que-optimizaran-la-distribucion-de-agua-potable-en-stroeder-y-villalonga\\\/\"},\"wordCount\":340,\"commentCount\":0,\"publisher\":{\"@id\":\"https:\\\/\\\/patagoniambiental.com.ar\\\/info\\\/#organization\"},\"articleSection\":[\"Municipios\"],\"inLanguage\":\"es\",\"potentialAction\":[{\"@type\":\"CommentAction\",\"name\":\"Comment\",\"target\":[\"https:\\\/\\\/patagoniambiental.com.ar\\\/info\\\/zara-superviso-las-tareas-que-optimizaran-la-distribucion-de-agua-potable-en-stroeder-y-villalonga\\\/#respond\"]}]},{\"@type\":\"WebPage\",\"@id\":\"https:\\\/\\\/patagoniambiental.com.ar\\\/info\\\/zara-superviso-las-tareas-que-optimizaran-la-distribucion-de-agua-potable-en-stroeder-y-villalonga\\\/\",\"url\":\"https:\\\/\\\/patagoniambiental.com.ar\\\/info\\\/zara-superviso-las-tareas-que-optimizaran-la-distribucion-de-agua-potable-en-stroeder-y-villalonga\\\/\",\"name\":\"Zara supervis\u00f3 las tareas que optimizar\u00e1n la distribuci\u00f3n de agua potable en Stroeder y Villalonga\",\"isPartOf\":{\"@id\":\"https:\\\/\\\/patagoniambiental.com.ar\\\/info\\\/#website\"},\"datePublished\":\"2017-12-02T12:00:19+00:00\",\"breadcrumb\":{\"@id\":\"https:\\\/\\\/patagoniambiental.com.ar\\\/info\\\/zara-superviso-las-tareas-que-optimizaran-la-distribucion-de-agua-potable-en-stroeder-y-villalonga\\\/#breadcrumb\"},\"inLanguage\":\"es\",\"potentialAction\":[{\"@type\":\"ReadAction\",\"target\":[\"https:\\\/\\\/patagoniambiental.com.ar\\\/info\\\/zara-superviso-las-tareas-que-optimizaran-la-distribucion-de-agua-potable-en-stroeder-y-villalonga\\\/\"]}]},{\"@type\":\"BreadcrumbList\",\"@id\":\"https:\\\/\\\/patagoniambiental.com.ar\\\/info\\\/zara-superviso-las-tareas-que-optimizaran-la-distribucion-de-agua-potable-en-stroeder-y-villalonga\\\/#breadcrumb\",\"itemListElement\":[{\"@type\":\"ListItem\",\"position\":1,\"name\":\"Inicio\",\"item\":\"https:\\\/\\\/patagoniambiental.com.ar\\\/info\\\/\"},{\"@type\":\"ListItem\",\"position\":2,\"name\":\"Zara supervis\u00f3 las tareas que optimizar\u00e1n la distribuci\u00f3n de agua potable en Stroeder y Villalonga\"}]},{\"@type\":\"WebSite\",\"@id\":\"https:\\\/\\\/patagoniambiental.com.ar\\\/info\\\/#website\",\"url\":\"https:\\\/\\\/patagoniambiental.com.ar\\\/info\\\/\",\"name\":\"Patagonia Ambiental\",\"description\":\"Monitoreo y an\u00e1lisis de la situaci\u00f3n geopol\u00edtica en el mundo y su implicancia en la Patagonia\",\"publisher\":{\"@id\":\"https:\\\/\\\/patagoniambiental.com.ar\\\/info\\\/#organization\"},\"potentialAction\":[{\"@type\":\"SearchAction\",\"target\":{\"@type\":\"EntryPoint\",\"urlTemplate\":\"https:\\\/\\\/patagoniambiental.com.ar\\\/info\\\/?s={search_term_string}\"},\"query-input\":{\"@type\":\"PropertyValueSpecification\",\"valueRequired\":true,\"valueName\":\"search_term_string\"}}],\"inLanguage\":\"es\"},{\"@type\":\"Organization\",\"@id\":\"https:\\\/\\\/patagoniambiental.com.ar\\\/info\\\/#organization\",\"name\":\"Patagonia Ambiental\",\"url\":\"https:\\\/\\\/patagoniambiental.com.ar\\\/info\\\/\",\"logo\":{\"@type\":\"ImageObject\",\"inLanguage\":\"es\",\"@id\":\"https:\\\/\\\/patagoniambiental.com.ar\\\/info\\\/#\\\/schema\\\/logo\\\/image\\\/\",\"url\":\"https:\\\/\\\/patagoniambiental.com.ar\\\/info\\\/wp-content\\\/uploads\\\/2025\\\/05\\\/LOGO-PATAGONIA-AMBIENTAL.png\",\"contentUrl\":\"https:\\\/\\\/patagoniambiental.com.ar\\\/info\\\/wp-content\\\/uploads\\\/2025\\\/05\\\/LOGO-PATAGONIA-AMBIENTAL.png\",\"width\":433,\"height\":250,\"caption\":\"Patagonia Ambiental\"},\"image\":{\"@id\":\"https:\\\/\\\/patagoniambiental.com.ar\\\/info\\\/#\\\/schema\\\/logo\\\/image\\\/\"},\"sameAs\":[\"https:\\\/\\\/www.facebook.com\\\/patagonia.ambiental\",\"https:\\\/\\\/x.com\\\/PatAmb\"]},{\"@type\":\"Person\",\"@id\":\"https:\\\/\\\/patagoniambiental.com.ar\\\/info\\\/#\\\/schema\\\/person\\\/db12bff64bbcbf6a253710bf0ea37b5d\",\"name\":\"Patagonia Ambiental\",\"description\":\"Andr\u00e9s Nievas T\u00e9cnico en manejo ambiental, consultor Ambiental y escritor para medios locales e internacionales sobre temas de geopolitica y medio ambiente.\",\"sameAs\":[\"http:\\\/\\\/www.patagoniambiental.com.ar\",\"https:\\\/\\\/www.facebook.com\\\/share\\\/1C1V8Gv9BX\\\/?mibextid=qi2Omg\",\"@patagoniambiental\",\"https:\\\/\\\/youtube.com\\\/@patagoniaambiental2023?si=BLt58t0wuXquxlYZ\"]}]}<\/script>\n<!-- \/ Yoast SEO Premium plugin. -->","yoast_head_json":{"title":"Zara supervis\u00f3 las tareas que optimizar\u00e1n la distribuci\u00f3n de agua potable en Stroeder y Villalonga","robots":{"index":"index","follow":"follow","max-snippet":"max-snippet:-1","max-image-preview":"max-image-preview:large","max-video-preview":"max-video-preview:-1"},"canonical":"https:\/\/patagoniambiental.com.ar\/info\/zara-superviso-las-tareas-que-optimizaran-la-distribucion-de-agua-potable-en-stroeder-y-villalonga\/","og_locale":"es_ES","og_type":"article","og_title":"Zara supervis\u00f3 las tareas que optimizar\u00e1n la distribuci\u00f3n de agua potable en Stroeder y Villalonga","og_description":"PATAGONES.- El intendente municipal, Jos\u00e9 Luis Zara, junto al Secretario de Obras y Servicios P\u00fablicos, Jorge Isaac, visitaron hoy las [&hellip;]","og_url":"https:\/\/patagoniambiental.com.ar\/info\/zara-superviso-las-tareas-que-optimizaran-la-distribucion-de-agua-potable-en-stroeder-y-villalonga\/","og_site_name":"Patagonia Ambiental","article_publisher":"https:\/\/www.facebook.com\/patagonia.ambiental","article_author":"https:\/\/www.facebook.com\/share\/1C1V8Gv9BX\/?mibextid=qi2Omg","article_published_time":"2017-12-02T12:00:19+00:00","author":"Patagonia Ambiental","twitter_card":"summary_large_image","twitter_creator":"@PatAmb","twitter_site":"@PatAmb","schema":{"@context":"https:\/\/schema.org","@graph":[{"@type":"Article","@id":"https:\/\/patagoniambiental.com.ar\/info\/zara-superviso-las-tareas-que-optimizaran-la-distribucion-de-agua-potable-en-stroeder-y-villalonga\/#article","isPartOf":{"@id":"https:\/\/patagoniambiental.com.ar\/info\/zara-superviso-las-tareas-que-optimizaran-la-distribucion-de-agua-potable-en-stroeder-y-villalonga\/"},"author":{"name":"Patagonia Ambiental","@id":"https:\/\/patagoniambiental.com.ar\/info\/#\/schema\/person\/db12bff64bbcbf6a253710bf0ea37b5d"},"headline":"Zara supervis\u00f3 las tareas que optimizar\u00e1n la distribuci\u00f3n de agua potable en Stroeder y Villalonga","datePublished":"2017-12-02T12:00:19+00:00","mainEntityOfPage":{"@id":"https:\/\/patagoniambiental.com.ar\/info\/zara-superviso-las-tareas-que-optimizaran-la-distribucion-de-agua-potable-en-stroeder-y-villalonga\/"},"wordCount":340,"commentCount":0,"publisher":{"@id":"https:\/\/patagoniambiental.com.ar\/info\/#organization"},"articleSection":["Municipios"],"inLanguage":"es","potentialAction":[{"@type":"CommentAction","name":"Comment","target":["https:\/\/patagoniambiental.com.ar\/info\/zara-superviso-las-tareas-que-optimizaran-la-distribucion-de-agua-potable-en-stroeder-y-villalonga\/#respond"]}]},{"@type":"WebPage","@id":"https:\/\/patagoniambiental.com.ar\/info\/zara-superviso-las-tareas-que-optimizaran-la-distribucion-de-agua-potable-en-stroeder-y-villalonga\/","url":"https:\/\/patagoniambiental.com.ar\/info\/zara-superviso-las-tareas-que-optimizaran-la-distribucion-de-agua-potable-en-stroeder-y-villalonga\/","name":"Zara supervis\u00f3 las tareas que optimizar\u00e1n la distribuci\u00f3n de agua potable en Stroeder y Villalonga","isPartOf":{"@id":"https:\/\/patagoniambiental.com.ar\/info\/#website"},"datePublished":"2017-12-02T12:00:19+00:00","breadcrumb":{"@id":"https:\/\/patagoniambiental.com.ar\/info\/zara-superviso-las-tareas-que-optimizaran-la-distribucion-de-agua-potable-en-stroeder-y-villalonga\/#breadcrumb"},"inLanguage":"es","potentialAction":[{"@type":"ReadAction","target":["https:\/\/patagoniambiental.com.ar\/info\/zara-superviso-las-tareas-que-optimizaran-la-distribucion-de-agua-potable-en-stroeder-y-villalonga\/"]}]},{"@type":"BreadcrumbList","@id":"https:\/\/patagoniambiental.com.ar\/info\/zara-superviso-las-tareas-que-optimizaran-la-distribucion-de-agua-potable-en-stroeder-y-villalonga\/#breadcrumb","itemListElement":[{"@type":"ListItem","position":1,"name":"Inicio","item":"https:\/\/patagoniambiental.com.ar\/info\/"},{"@type":"ListItem","position":2,"name":"Zara supervis\u00f3 las tareas que optimizar\u00e1n la distribuci\u00f3n de agua potable en Stroeder y Villalonga"}]},{"@type":"WebSite","@id":"https:\/\/patagoniambiental.com.ar\/info\/#website","url":"https:\/\/patagoniambiental.com.ar\/info\/","name":"Patagonia Ambiental","description":"Monitoreo y an\u00e1lisis de la situaci\u00f3n geopol\u00edtica en el mundo y su implicancia en la Patagonia","publisher":{"@id":"https:\/\/patagoniambiental.com.ar\/info\/#organization"},"potentialAction":[{"@type":"SearchAction","target":{"@type":"EntryPoint","urlTemplate":"https:\/\/patagoniambiental.com.ar\/info\/?s={search_term_string}"},"query-input":{"@type":"PropertyValueSpecification","valueRequired":true,"valueName":"search_term_string"}}],"inLanguage":"es"},{"@type":"Organization","@id":"https:\/\/patagoniambiental.com.ar\/info\/#organization","name":"Patagonia Ambiental","url":"https:\/\/patagoniambiental.com.ar\/info\/","logo":{"@type":"ImageObject","inLanguage":"es","@id":"https:\/\/patagoniambiental.com.ar\/info\/#\/schema\/logo\/image\/","url":"https:\/\/patagoniambiental.com.ar\/info\/wp-content\/uploads\/2025\/05\/LOGO-PATAGONIA-AMBIENTAL.png","contentUrl":"https:\/\/patagoniambiental.com.ar\/info\/wp-content\/uploads\/2025\/05\/LOGO-PATAGONIA-AMBIENTAL.png","width":433,"height":250,"caption":"Patagonia Ambiental"},"image":{"@id":"https:\/\/patagoniambiental.com.ar\/info\/#\/schema\/logo\/image\/"},"sameAs":["https:\/\/www.facebook.com\/patagonia.ambiental","https:\/\/x.com\/PatAmb"]},{"@type":"Person","@id":"https:\/\/patagoniambiental.com.ar\/info\/#\/schema\/person\/db12bff64bbcbf6a253710bf0ea37b5d","name":"Patagonia Ambiental","description":"Andr\u00e9s Nievas T\u00e9cnico en manejo ambiental, consultor Ambiental y escritor para medios locales e internacionales sobre temas de geopolitica y medio ambiente.","sameAs":["http:\/\/www.patagoniambiental.com.ar","https:\/\/www.facebook.com\/share\/1C1V8Gv9BX\/?mibextid=qi2Omg","@patagoniambiental","https:\/\/youtube.com\/@patagoniaambiental2023?si=BLt58t0wuXquxlYZ"]}]}},"_links":{"self":[{"href":"https:\/\/patagoniambiental.com.ar\/info\/wp-json\/wp\/v2\/posts\/39180","targetHints":{"allow":["GET"]}}],"collection":[{"href":"https:\/\/patagoniambiental.com.ar\/info\/wp-json\/wp\/v2\/posts"}],"about":[{"href":"https:\/\/patagoniambiental.com.ar\/info\/wp-json\/wp\/v2\/types\/post"}],"author":[{"embeddable":true,"href":"https:\/\/patagoniambiental.com.ar\/info\/wp-json\/wp\/v2\/users\/2"}],"replies":[{"embeddable":true,"href":"https:\/\/patagoniambiental.com.ar\/info\/wp-json\/wp\/v2\/comments?post=39180"}],"version-history":[{"count":0,"href":"https:\/\/patagoniambiental.com.ar\/info\/wp-json\/wp\/v2\/posts\/39180\/revisions"}],"wp:attachment":[{"href":"https:\/\/patagoniambiental.com.ar\/info\/wp-json\/wp\/v2\/media?parent=39180"}],"wp:term":[{"taxonomy":"category","embeddable":true,"href":"https:\/\/patagoniambiental.com.ar\/info\/wp-json\/wp\/v2\/categories?post=39180"},{"taxonomy":"post_tag","embeddable":true,"href":"https:\/\/patagoniambiental.com.ar\/info\/wp-json\/wp\/v2\/tags?post=39180"}],"curies":[{"name":"wp","href":"https:\/\/api.w.org\/{rel}","templated":true}]}}