{"id":39215,"date":"2017-12-09T19:00:35","date_gmt":"2017-12-09T22:00:35","guid":{"rendered":"http:\/\/patagoniambiental.com.ar\/info\/?p=39215"},"modified":"2017-12-07T13:37:45","modified_gmt":"2017-12-07T16:37:45","slug":"con-una-variada-agenda-para-el-fin-de-semana-largo-puerto-madryn-lanzara-la-temporada-de-verano-20172018","status":"publish","type":"post","link":"https:\/\/patagoniambiental.com.ar\/info\/con-una-variada-agenda-para-el-fin-de-semana-largo-puerto-madryn-lanzara-la-temporada-de-verano-20172018\/","title":{"rendered":"Con una variada agenda para el fin de semana largo, Puerto Madryn lanzar\u00e1 la temporada de verano 2017\/2018"},"content":{"rendered":"<div>\n<div id=\"notapage_texto\" class=\"notapage_cuerpo\">\n<p>PUERTO MADRYN.- El jueves 7 de diciembre a las 11 en instalaciones del Ecocentro, el Intendente Ricardo Sastre dejar\u00e1 oficialmente inaugurada la Temporada de Verano 2017\/2018. El Jefe Comunal anunciar\u00e1 las acciones que se llevar\u00e1n a cabo desde las distintas \u00e1reas municipales durante la temporada estival. En el marco de la apertura oficial, habr\u00e1 numerosas y variadas propuestas recreativas, tur\u00edsticas y culturales durante el 8, 9 y 10 de diciembre.<\/p>\n<p>En cuanto a las expectativas, Sastre se\u00f1al\u00f3: \u201cSe acerca una nueva temporada y creemos que va a ser muy buena. Junto al Ente Mixto de Promoci\u00f3n Tur\u00edstica, venimos trabajando en una fuerte promoci\u00f3n del destino con acciones concretas y sostenidas en el tiempo y eso es algo que ya viene dando sus frutos. Ejemplo de ello es que, en \u00faltimos fines de semana largo, especialmente el del 12 de octubre, contamos con un gran porcentaje de ocupaci\u00f3n, el m\u00e1s alto en los \u00faltimos nueve a\u00f1os\u201d.<br \/>\nAdem\u00e1s, el Jefe Comunal a\u00f1adi\u00f3: \u201cEs notorio el incremento de veraneantes a\u00f1o tras a\u00f1o, provenientes de localidades patag\u00f3nicas, pero tambi\u00e9n de los grandes centros emisores como Buenos Aires y C\u00f3rdoba a partir de las acciones realizadas y la concreci\u00f3n de la conectividad \u00e1rea\u201d.<\/p>\n<p>La ceremonia contar\u00e1 con la presencia de funcionarios provinciales, municipales, representantes del sector tur\u00edstico como as\u00ed tambi\u00e9n agentes municipales, especialmente relacionados con las tareas propias que cada verano requiere para la ciudad.<\/p>\n<p>En el marco del lanzamiento de la temporada estival, diferentes \u00e1reas del Municipio llevar\u00e1n adelante un gran programa actividades combinando varios formatos y ofertas que turistas y residentes podr\u00e1n disfrutar durante el \u00faltimo fin de semana largo del a\u00f1o.<\/p>\n<p>\u201cEste fin de semana ser\u00e1 la antesala de nuestro verano 2018 con diversas propuestas para todos los gustos. Trabajamos todo el a\u00f1o para una temporada espectacular y para que Madryn sea \u201cLa M\u00e1s Linda\u201d, tal como pregona nuestro lema. Por eso, hemos trabajado no s\u00f3lo en la puesta a punto de la ciudad, sino tambi\u00e9n en un cronograma repleto de actividades para fortalecer la oferta tur\u00edstica\u201d, explic\u00f3 el Intendente Sastre.<\/p>\n<p>Dentro de la agenda habr\u00e1 actividades en el Play\u00f3n Recreativo, ubicado en las inmediaciones del Muelle Luis Piedra Buena. All\u00ed durante el viernes 8 se podr\u00e1 disfrutar de un planetario m\u00f3vil con proyecci\u00f3n 360\u00ba 3D \u00a0y una Feria gastron\u00f3mica y cervecera. Tambi\u00e9n se realizar\u00e1 una nueva ciclov\u00eda recreativa y muchas otras opciones para compartir con la familia y amigos.Adem\u00e1s habr\u00e1 un Festival de Playa en el Multiespacio Deportivo Costero y una Kayakeada. Como en otras oportunidades tendr\u00e1 lugar un nuevo paseo por el \u201cCamino de Productores del Parque Ecol\u00f3gico El Doradillo\u201d y por primera vez se realizar\u00e1 un Circuito de Cerveza Artesanal en bus.<\/p>\n<p><strong>Agenda<\/strong><\/p>\n<p><strong>Jueves 7 de diciembre<\/strong><br \/>\nLanzamiento oficial de la Temporada de Verano 2017\/18<br \/>\nHorario: 11 horas<br \/>\nLugar: Ecocentro<\/p>\n<p><strong>Viernes 8 de diciembre\u00a0<\/strong><br \/>\nActividades en el Play\u00f3n Recreativo (Inmediaciones del Muelle Luis Piedra Buena)<br \/>\n10 a 23 hs. Planetario + Patio Gastron\u00f3mico<br \/>\n10 a 23 hs. Punto Limpio M\u00f3vil<br \/>\n10 a 12 hs. Ciclov\u00eda Recreativa<\/p>\n<p><strong>S\u00e1bado 9 de diciembre<\/strong><br \/>\n-Actividades en el Multiespacio Deportivo Costero (Sector costero, entre la Plazoleta de los Abuelos &#8211; a la altura de Sarmiento- hacia el norte de la ciudad)<br \/>\n15 a 19 hs. Festival de Playa (f\u00fatbol, v\u00f3ley y handball).<br \/>\n-Monumento a la Mujer Galesa (Av. Roca y Belgragno<br \/>\n14 hs. Kayakeada por el orgullo gay<\/p>\n<p><strong>Domingo 10 de diciembre<\/strong><br \/>\n10 hs. Paseo \u201cCamino de Productores del Parque Ecol\u00f3gico El Doradillo\u201d.<br \/>\nCircuito guiado con degustaciones para vivenciar el proceso de elaboraci\u00f3n artesanal de productos tales como T\u00e9 Blens, miel, aceite de oliva, alcaparras, etc.<br \/>\nInscripciones: Secretar\u00eda de Turismo (Av. Roca 223).<\/p>\n<p>20 hs. Circuito de Cerveza Artesanal (en bus)<br \/>\nCervecer\u00edas a visitar: Kaiser, Wirra, Cara de Perro, Rango, Panoramix.<br \/>\nInscripciones: Hasta el 8\/12 en la Secretar\u00eda de Turismo (Av. Roca 223).<\/p>\n<\/div>\n<\/div>\n<div class=\"ppp ppp_P6 ppp_desktop\">\u00a0Fuente:\u00a0http:\/\/www.elchubut.com.ar\/nota\/2017-12-3-18-6-7-con-una-variada-agenda-para-el-fin-de-semana-largo-puerto-madryn-lanzara-la-temporada-de-verano-2017-2018<\/div>\n","protected":false},"excerpt":{"rendered":"<p>PUERTO MADRYN.- El jueves 7 de diciembre a las 11 en instalaciones del Ecocentro, el Intendente Ricardo Sastre dejar\u00e1 oficialmente [&hellip;]<\/p>\n","protected":false},"author":2,"featured_media":0,"comment_status":"open","ping_status":"open","sticky":false,"template":"","format":"standard","meta":{"site-sidebar-layout":"default","site-content-layout":"","ast-site-content-layout":"default","site-content-style":"default","site-sidebar-style":"default","ast-global-header-display":"","ast-banner-title-visibility":"","ast-main-header-display":"","ast-hfb-above-header-display":"","ast-hfb-below-header-display":"","ast-hfb-mobile-header-display":"","site-post-title":"","ast-breadcrumbs-content":"","ast-featured-img":"","footer-sml-layout":"","ast-disable-related-posts":"","theme-transparent-header-meta":"","adv-header-id-meta":"","stick-header-meta":"","header-above-stick-meta":"","header-main-stick-meta":"","header-below-stick-meta":"","astra-migrate-meta-layouts":"default","ast-page-background-enabled":"default","ast-page-background-meta":{"desktop":{"background-color":"var(--ast-global-color-5)","background-image":"","background-repeat":"repeat","background-position":"center center","background-size":"auto","background-attachment":"scroll","background-type":"","background-media":"","overlay-type":"","overlay-color":"","overlay-opacity":"","overlay-gradient":""},"tablet":{"background-color":"","background-image":"","background-repeat":"repeat","background-position":"center center","background-size":"auto","background-attachment":"scroll","background-type":"","background-media":"","overlay-type":"","overlay-color":"","overlay-opacity":"","overlay-gradient":""},"mobile":{"background-color":"","background-image":"","background-repeat":"repeat","background-position":"center center","background-size":"auto","background-attachment":"scroll","background-type":"","background-media":"","overlay-type":"","overlay-color":"","overlay-opacity":"","overlay-gradient":""}},"ast-content-background-meta":{"desktop":{"background-color":"var(--ast-global-color-4)","background-image":"","background-repeat":"repeat","background-position":"center center","background-size":"auto","background-attachment":"scroll","background-type":"","background-media":"","overlay-type":"","overlay-color":"","overlay-opacity":"","overlay-gradient":""},"tablet":{"background-color":"var(--ast-global-color-4)","background-image":"","background-repeat":"repeat","background-position":"center center","background-size":"auto","background-attachment":"scroll","background-type":"","background-media":"","overlay-type":"","overlay-color":"","overlay-opacity":"","overlay-gradient":""},"mobile":{"background-color":"var(--ast-global-color-4)","background-image":"","background-repeat":"repeat","background-position":"center center","background-size":"auto","background-attachment":"scroll","background-type":"","background-media":"","overlay-type":"","overlay-color":"","overlay-opacity":"","overlay-gradient":""}},"footnotes":""},"categories":[12,46,1],"tags":[],"class_list":["post-39215","post","type-post","status-publish","format-standard","hentry","category-agenda-ambiental","category-municipios","category-noticias"],"yoast_head":"<!-- This site is optimized with the Yoast SEO Premium plugin v23.0 (Yoast SEO v27.4) - https:\/\/yoast.com\/product\/yoast-seo-premium-wordpress\/ -->\n<title>Con una variada agenda para el fin de semana largo, Puerto Madryn lanzar\u00e1 la temporada de verano 2017\/2018<\/title>\n<meta name=\"robots\" content=\"index, follow, max-snippet:-1, max-image-preview:large, max-video-preview:-1\" \/>\n<link rel=\"canonical\" href=\"https:\/\/patagoniambiental.com.ar\/info\/con-una-variada-agenda-para-el-fin-de-semana-largo-puerto-madryn-lanzara-la-temporada-de-verano-20172018\/\" \/>\n<meta property=\"og:locale\" content=\"es_ES\" \/>\n<meta property=\"og:type\" content=\"article\" \/>\n<meta property=\"og:title\" content=\"Con una variada agenda para el fin de semana largo, Puerto Madryn lanzar\u00e1 la temporada de verano 2017\/2018\" \/>\n<meta property=\"og:description\" content=\"PUERTO MADRYN.- El jueves 7 de diciembre a las 11 en instalaciones del Ecocentro, el Intendente Ricardo Sastre dejar\u00e1 oficialmente [&hellip;]\" \/>\n<meta property=\"og:url\" content=\"https:\/\/patagoniambiental.com.ar\/info\/con-una-variada-agenda-para-el-fin-de-semana-largo-puerto-madryn-lanzara-la-temporada-de-verano-20172018\/\" \/>\n<meta property=\"og:site_name\" content=\"Patagonia Ambiental\" \/>\n<meta property=\"article:publisher\" content=\"https:\/\/www.facebook.com\/patagonia.ambiental\" \/>\n<meta property=\"article:author\" content=\"https:\/\/www.facebook.com\/share\/1C1V8Gv9BX\/?mibextid=qi2Omg\" \/>\n<meta property=\"article:published_time\" content=\"2017-12-09T22:00:35+00:00\" \/>\n<meta name=\"author\" content=\"Patagonia Ambiental\" \/>\n<meta name=\"twitter:card\" content=\"summary_large_image\" \/>\n<meta name=\"twitter:creator\" content=\"@PatAmb\" \/>\n<meta name=\"twitter:site\" content=\"@PatAmb\" \/>\n<script type=\"application\/ld+json\" class=\"yoast-schema-graph\">{\"@context\":\"https:\\\/\\\/schema.org\",\"@graph\":[{\"@type\":\"Article\",\"@id\":\"https:\\\/\\\/patagoniambiental.com.ar\\\/info\\\/con-una-variada-agenda-para-el-fin-de-semana-largo-puerto-madryn-lanzara-la-temporada-de-verano-20172018\\\/#article\",\"isPartOf\":{\"@id\":\"https:\\\/\\\/patagoniambiental.com.ar\\\/info\\\/con-una-variada-agenda-para-el-fin-de-semana-largo-puerto-madryn-lanzara-la-temporada-de-verano-20172018\\\/\"},\"author\":{\"name\":\"Patagonia Ambiental\",\"@id\":\"https:\\\/\\\/patagoniambiental.com.ar\\\/info\\\/#\\\/schema\\\/person\\\/db12bff64bbcbf6a253710bf0ea37b5d\"},\"headline\":\"Con una variada agenda para el fin de semana largo, Puerto Madryn lanzar\u00e1 la temporada de verano 2017\\\/2018\",\"datePublished\":\"2017-12-09T22:00:35+00:00\",\"mainEntityOfPage\":{\"@id\":\"https:\\\/\\\/patagoniambiental.com.ar\\\/info\\\/con-una-variada-agenda-para-el-fin-de-semana-largo-puerto-madryn-lanzara-la-temporada-de-verano-20172018\\\/\"},\"wordCount\":678,\"commentCount\":0,\"publisher\":{\"@id\":\"https:\\\/\\\/patagoniambiental.com.ar\\\/info\\\/#organization\"},\"articleSection\":[\"Agenda Ambiental\",\"Municipios\",\"Noticias\"],\"inLanguage\":\"es\",\"potentialAction\":[{\"@type\":\"CommentAction\",\"name\":\"Comment\",\"target\":[\"https:\\\/\\\/patagoniambiental.com.ar\\\/info\\\/con-una-variada-agenda-para-el-fin-de-semana-largo-puerto-madryn-lanzara-la-temporada-de-verano-20172018\\\/#respond\"]}]},{\"@type\":\"WebPage\",\"@id\":\"https:\\\/\\\/patagoniambiental.com.ar\\\/info\\\/con-una-variada-agenda-para-el-fin-de-semana-largo-puerto-madryn-lanzara-la-temporada-de-verano-20172018\\\/\",\"url\":\"https:\\\/\\\/patagoniambiental.com.ar\\\/info\\\/con-una-variada-agenda-para-el-fin-de-semana-largo-puerto-madryn-lanzara-la-temporada-de-verano-20172018\\\/\",\"name\":\"Con una variada agenda para el fin de semana largo, Puerto Madryn lanzar\u00e1 la temporada de verano 2017\\\/2018\",\"isPartOf\":{\"@id\":\"https:\\\/\\\/patagoniambiental.com.ar\\\/info\\\/#website\"},\"datePublished\":\"2017-12-09T22:00:35+00:00\",\"breadcrumb\":{\"@id\":\"https:\\\/\\\/patagoniambiental.com.ar\\\/info\\\/con-una-variada-agenda-para-el-fin-de-semana-largo-puerto-madryn-lanzara-la-temporada-de-verano-20172018\\\/#breadcrumb\"},\"inLanguage\":\"es\",\"potentialAction\":[{\"@type\":\"ReadAction\",\"target\":[\"https:\\\/\\\/patagoniambiental.com.ar\\\/info\\\/con-una-variada-agenda-para-el-fin-de-semana-largo-puerto-madryn-lanzara-la-temporada-de-verano-20172018\\\/\"]}]},{\"@type\":\"BreadcrumbList\",\"@id\":\"https:\\\/\\\/patagoniambiental.com.ar\\\/info\\\/con-una-variada-agenda-para-el-fin-de-semana-largo-puerto-madryn-lanzara-la-temporada-de-verano-20172018\\\/#breadcrumb\",\"itemListElement\":[{\"@type\":\"ListItem\",\"position\":1,\"name\":\"Inicio\",\"item\":\"https:\\\/\\\/patagoniambiental.com.ar\\\/info\\\/\"},{\"@type\":\"ListItem\",\"position\":2,\"name\":\"Con una variada agenda para el fin de semana largo, Puerto Madryn lanzar\u00e1 la temporada de verano 2017\\\/2018\"}]},{\"@type\":\"WebSite\",\"@id\":\"https:\\\/\\\/patagoniambiental.com.ar\\\/info\\\/#website\",\"url\":\"https:\\\/\\\/patagoniambiental.com.ar\\\/info\\\/\",\"name\":\"Patagonia Ambiental\",\"description\":\"Monitoreo y an\u00e1lisis de la situaci\u00f3n geopol\u00edtica en el mundo y su implicancia en la Patagonia\",\"publisher\":{\"@id\":\"https:\\\/\\\/patagoniambiental.com.ar\\\/info\\\/#organization\"},\"potentialAction\":[{\"@type\":\"SearchAction\",\"target\":{\"@type\":\"EntryPoint\",\"urlTemplate\":\"https:\\\/\\\/patagoniambiental.com.ar\\\/info\\\/?s={search_term_string}\"},\"query-input\":{\"@type\":\"PropertyValueSpecification\",\"valueRequired\":true,\"valueName\":\"search_term_string\"}}],\"inLanguage\":\"es\"},{\"@type\":\"Organization\",\"@id\":\"https:\\\/\\\/patagoniambiental.com.ar\\\/info\\\/#organization\",\"name\":\"Patagonia Ambiental\",\"url\":\"https:\\\/\\\/patagoniambiental.com.ar\\\/info\\\/\",\"logo\":{\"@type\":\"ImageObject\",\"inLanguage\":\"es\",\"@id\":\"https:\\\/\\\/patagoniambiental.com.ar\\\/info\\\/#\\\/schema\\\/logo\\\/image\\\/\",\"url\":\"https:\\\/\\\/patagoniambiental.com.ar\\\/info\\\/wp-content\\\/uploads\\\/2025\\\/05\\\/LOGO-PATAGONIA-AMBIENTAL.png\",\"contentUrl\":\"https:\\\/\\\/patagoniambiental.com.ar\\\/info\\\/wp-content\\\/uploads\\\/2025\\\/05\\\/LOGO-PATAGONIA-AMBIENTAL.png\",\"width\":433,\"height\":250,\"caption\":\"Patagonia Ambiental\"},\"image\":{\"@id\":\"https:\\\/\\\/patagoniambiental.com.ar\\\/info\\\/#\\\/schema\\\/logo\\\/image\\\/\"},\"sameAs\":[\"https:\\\/\\\/www.facebook.com\\\/patagonia.ambiental\",\"https:\\\/\\\/x.com\\\/PatAmb\"]},{\"@type\":\"Person\",\"@id\":\"https:\\\/\\\/patagoniambiental.com.ar\\\/info\\\/#\\\/schema\\\/person\\\/db12bff64bbcbf6a253710bf0ea37b5d\",\"name\":\"Patagonia Ambiental\",\"description\":\"Andr\u00e9s Nievas T\u00e9cnico en manejo ambiental, consultor Ambiental y escritor para medios locales e internacionales sobre temas de geopolitica y medio ambiente.\",\"sameAs\":[\"http:\\\/\\\/www.patagoniambiental.com.ar\",\"https:\\\/\\\/www.facebook.com\\\/share\\\/1C1V8Gv9BX\\\/?mibextid=qi2Omg\",\"@patagoniambiental\",\"https:\\\/\\\/youtube.com\\\/@patagoniaambiental2023?si=BLt58t0wuXquxlYZ\"]}]}<\/script>\n<!-- \/ Yoast SEO Premium plugin. -->","yoast_head_json":{"title":"Con una variada agenda para el fin de semana largo, Puerto Madryn lanzar\u00e1 la temporada de verano 2017\/2018","robots":{"index":"index","follow":"follow","max-snippet":"max-snippet:-1","max-image-preview":"max-image-preview:large","max-video-preview":"max-video-preview:-1"},"canonical":"https:\/\/patagoniambiental.com.ar\/info\/con-una-variada-agenda-para-el-fin-de-semana-largo-puerto-madryn-lanzara-la-temporada-de-verano-20172018\/","og_locale":"es_ES","og_type":"article","og_title":"Con una variada agenda para el fin de semana largo, Puerto Madryn lanzar\u00e1 la temporada de verano 2017\/2018","og_description":"PUERTO MADRYN.- El jueves 7 de diciembre a las 11 en instalaciones del Ecocentro, el Intendente Ricardo Sastre dejar\u00e1 oficialmente [&hellip;]","og_url":"https:\/\/patagoniambiental.com.ar\/info\/con-una-variada-agenda-para-el-fin-de-semana-largo-puerto-madryn-lanzara-la-temporada-de-verano-20172018\/","og_site_name":"Patagonia Ambiental","article_publisher":"https:\/\/www.facebook.com\/patagonia.ambiental","article_author":"https:\/\/www.facebook.com\/share\/1C1V8Gv9BX\/?mibextid=qi2Omg","article_published_time":"2017-12-09T22:00:35+00:00","author":"Patagonia Ambiental","twitter_card":"summary_large_image","twitter_creator":"@PatAmb","twitter_site":"@PatAmb","schema":{"@context":"https:\/\/schema.org","@graph":[{"@type":"Article","@id":"https:\/\/patagoniambiental.com.ar\/info\/con-una-variada-agenda-para-el-fin-de-semana-largo-puerto-madryn-lanzara-la-temporada-de-verano-20172018\/#article","isPartOf":{"@id":"https:\/\/patagoniambiental.com.ar\/info\/con-una-variada-agenda-para-el-fin-de-semana-largo-puerto-madryn-lanzara-la-temporada-de-verano-20172018\/"},"author":{"name":"Patagonia Ambiental","@id":"https:\/\/patagoniambiental.com.ar\/info\/#\/schema\/person\/db12bff64bbcbf6a253710bf0ea37b5d"},"headline":"Con una variada agenda para el fin de semana largo, Puerto Madryn lanzar\u00e1 la temporada de verano 2017\/2018","datePublished":"2017-12-09T22:00:35+00:00","mainEntityOfPage":{"@id":"https:\/\/patagoniambiental.com.ar\/info\/con-una-variada-agenda-para-el-fin-de-semana-largo-puerto-madryn-lanzara-la-temporada-de-verano-20172018\/"},"wordCount":678,"commentCount":0,"publisher":{"@id":"https:\/\/patagoniambiental.com.ar\/info\/#organization"},"articleSection":["Agenda Ambiental","Municipios","Noticias"],"inLanguage":"es","potentialAction":[{"@type":"CommentAction","name":"Comment","target":["https:\/\/patagoniambiental.com.ar\/info\/con-una-variada-agenda-para-el-fin-de-semana-largo-puerto-madryn-lanzara-la-temporada-de-verano-20172018\/#respond"]}]},{"@type":"WebPage","@id":"https:\/\/patagoniambiental.com.ar\/info\/con-una-variada-agenda-para-el-fin-de-semana-largo-puerto-madryn-lanzara-la-temporada-de-verano-20172018\/","url":"https:\/\/patagoniambiental.com.ar\/info\/con-una-variada-agenda-para-el-fin-de-semana-largo-puerto-madryn-lanzara-la-temporada-de-verano-20172018\/","name":"Con una variada agenda para el fin de semana largo, Puerto Madryn lanzar\u00e1 la temporada de verano 2017\/2018","isPartOf":{"@id":"https:\/\/patagoniambiental.com.ar\/info\/#website"},"datePublished":"2017-12-09T22:00:35+00:00","breadcrumb":{"@id":"https:\/\/patagoniambiental.com.ar\/info\/con-una-variada-agenda-para-el-fin-de-semana-largo-puerto-madryn-lanzara-la-temporada-de-verano-20172018\/#breadcrumb"},"inLanguage":"es","potentialAction":[{"@type":"ReadAction","target":["https:\/\/patagoniambiental.com.ar\/info\/con-una-variada-agenda-para-el-fin-de-semana-largo-puerto-madryn-lanzara-la-temporada-de-verano-20172018\/"]}]},{"@type":"BreadcrumbList","@id":"https:\/\/patagoniambiental.com.ar\/info\/con-una-variada-agenda-para-el-fin-de-semana-largo-puerto-madryn-lanzara-la-temporada-de-verano-20172018\/#breadcrumb","itemListElement":[{"@type":"ListItem","position":1,"name":"Inicio","item":"https:\/\/patagoniambiental.com.ar\/info\/"},{"@type":"ListItem","position":2,"name":"Con una variada agenda para el fin de semana largo, Puerto Madryn lanzar\u00e1 la temporada de verano 2017\/2018"}]},{"@type":"WebSite","@id":"https:\/\/patagoniambiental.com.ar\/info\/#website","url":"https:\/\/patagoniambiental.com.ar\/info\/","name":"Patagonia Ambiental","description":"Monitoreo y an\u00e1lisis de la situaci\u00f3n geopol\u00edtica en el mundo y su implicancia en la Patagonia","publisher":{"@id":"https:\/\/patagoniambiental.com.ar\/info\/#organization"},"potentialAction":[{"@type":"SearchAction","target":{"@type":"EntryPoint","urlTemplate":"https:\/\/patagoniambiental.com.ar\/info\/?s={search_term_string}"},"query-input":{"@type":"PropertyValueSpecification","valueRequired":true,"valueName":"search_term_string"}}],"inLanguage":"es"},{"@type":"Organization","@id":"https:\/\/patagoniambiental.com.ar\/info\/#organization","name":"Patagonia Ambiental","url":"https:\/\/patagoniambiental.com.ar\/info\/","logo":{"@type":"ImageObject","inLanguage":"es","@id":"https:\/\/patagoniambiental.com.ar\/info\/#\/schema\/logo\/image\/","url":"https:\/\/patagoniambiental.com.ar\/info\/wp-content\/uploads\/2025\/05\/LOGO-PATAGONIA-AMBIENTAL.png","contentUrl":"https:\/\/patagoniambiental.com.ar\/info\/wp-content\/uploads\/2025\/05\/LOGO-PATAGONIA-AMBIENTAL.png","width":433,"height":250,"caption":"Patagonia Ambiental"},"image":{"@id":"https:\/\/patagoniambiental.com.ar\/info\/#\/schema\/logo\/image\/"},"sameAs":["https:\/\/www.facebook.com\/patagonia.ambiental","https:\/\/x.com\/PatAmb"]},{"@type":"Person","@id":"https:\/\/patagoniambiental.com.ar\/info\/#\/schema\/person\/db12bff64bbcbf6a253710bf0ea37b5d","name":"Patagonia Ambiental","description":"Andr\u00e9s Nievas T\u00e9cnico en manejo ambiental, consultor Ambiental y escritor para medios locales e internacionales sobre temas de geopolitica y medio ambiente.","sameAs":["http:\/\/www.patagoniambiental.com.ar","https:\/\/www.facebook.com\/share\/1C1V8Gv9BX\/?mibextid=qi2Omg","@patagoniambiental","https:\/\/youtube.com\/@patagoniaambiental2023?si=BLt58t0wuXquxlYZ"]}]}},"_links":{"self":[{"href":"https:\/\/patagoniambiental.com.ar\/info\/wp-json\/wp\/v2\/posts\/39215","targetHints":{"allow":["GET"]}}],"collection":[{"href":"https:\/\/patagoniambiental.com.ar\/info\/wp-json\/wp\/v2\/posts"}],"about":[{"href":"https:\/\/patagoniambiental.com.ar\/info\/wp-json\/wp\/v2\/types\/post"}],"author":[{"embeddable":true,"href":"https:\/\/patagoniambiental.com.ar\/info\/wp-json\/wp\/v2\/users\/2"}],"replies":[{"embeddable":true,"href":"https:\/\/patagoniambiental.com.ar\/info\/wp-json\/wp\/v2\/comments?post=39215"}],"version-history":[{"count":0,"href":"https:\/\/patagoniambiental.com.ar\/info\/wp-json\/wp\/v2\/posts\/39215\/revisions"}],"wp:attachment":[{"href":"https:\/\/patagoniambiental.com.ar\/info\/wp-json\/wp\/v2\/media?parent=39215"}],"wp:term":[{"taxonomy":"category","embeddable":true,"href":"https:\/\/patagoniambiental.com.ar\/info\/wp-json\/wp\/v2\/categories?post=39215"},{"taxonomy":"post_tag","embeddable":true,"href":"https:\/\/patagoniambiental.com.ar\/info\/wp-json\/wp\/v2\/tags?post=39215"}],"curies":[{"name":"wp","href":"https:\/\/api.w.org\/{rel}","templated":true}]}}