{"id":39218,"date":"2017-12-04T09:00:44","date_gmt":"2017-12-04T12:00:44","guid":{"rendered":"http:\/\/patagoniambiental.com.ar\/info\/?p=39218"},"modified":"2017-12-03T20:05:57","modified_gmt":"2017-12-03T23:05:57","slug":"se-suman-las-criticas-a-la-comercializacion-de-carne-de-guanaco","status":"publish","type":"post","link":"https:\/\/patagoniambiental.com.ar\/info\/se-suman-las-criticas-a-la-comercializacion-de-carne-de-guanaco\/","title":{"rendered":"Se suman las cr\u00edticas a la comercializaci\u00f3n de carne de guanaco"},"content":{"rendered":"<p>Crece en todo el pa\u00eds la pol\u00e9mica por la autorizaci\u00f3n que dio Naci\u00f3n para faenar y comercializar carne de guanaco en la provincia de Santa Cruz.<br \/>\nDesde que se hizo p\u00fablica la resoluci\u00f3n 766-E\/2017 del Ministerio de Ambiente y Desarrollo Sustentable que autoriz\u00f3 a comercializar hasta 6000 animales varios especialistas levantaron sus voces para advertir sobre los peligros de esta decisi\u00f3n, al tiempo que cuestionan los monitoreos que muestran el supuesto crecimiento sostenido de la especie en la \u00faltima d\u00e9cada.<\/p>\n<p><strong>Crecimiento cuestionado<\/strong><\/p>\n<p>La mencionada resoluci\u00f3n, que habilitar\u00e1 el comercio de carne de guanaco desde el a\u00f1o que viene le dio un marco a los ensayos y programas que se desarrollan para buscar un manejo sustentable de la especie, cuya poblaci\u00f3n, seg\u00fan datos oficiales, creci\u00f3 m\u00e1s de un 400 por ciento.<br \/>\nEl censo hecho en 2015 por el Instituto Nacional de Tecnolog\u00eda Agropecuaria (INTA) determin\u00f3 que hay 1,3 millones de guanacos. Es decir, entre cuatro y cinco animales por persona. Por esto, aseguran, el crecimiento de la \u00faltima d\u00e9cada gener\u00f3 una fuerte competencia con el ganado ovino por los pastizales. En este sentido, Gabriel Oliva, investigador del \u00e1rea de Recursos Naturales del INTA Santa Cruz, detall\u00f3 que, de acuerdo con las investigaciones realizadas, un guanaco come en promedio 1,5 veces lo que una oveja. As\u00ed, el consumo total casi equipara el de los 2,3 millones de ejemplares ovinos santacruce\u00f1os.<br \/>\nEl plan de manejo dise\u00f1ado por la provincia tiene, entre otros objetivos, controlar el crecimiento, aprovechar el recurso y evitar matanzas indiscriminadas en los campos superpoblados de guanacos. Sin embargo, se\u00f1ala el diario La Naci\u00f3n, la ONG Aves Argentinas, a trav\u00e9s del Programa Patagonia y en sinton\u00eda con las manifestaciones expresadas por otras organizaciones ambientalistas, expres\u00f3 su preocupaci\u00f3n frente a la puesta en pr\u00e1ctica del proyecto que, seg\u00fan autoridades del Consejo Agrario Provincia de la Santa Cruz (CAP), promete transformarse en un modelo de manejo para la regi\u00f3n: \u201cSe parte de un diagn\u00f3stico inicial errado. Se habla del guanaco como plaga y como el principal problema que enfrentan hoy los pastizales en la Patagonia y no es as\u00ed\u201d, se\u00f1al\u00f3 Hern\u00e1n Casa\u00f1as, presidente ejecutivo de Aves Argentinas.<br \/>\nSeg\u00fan la asociaci\u00f3n, la autorizaci\u00f3n para que Santa Cruz comercialice la carne de guanaco al resto del pa\u00eds \u201cmenciona estimaciones de abundancia a escala regional, no adecuadas para modelar ni monitorear los efectos sobre la poblaci\u00f3n local manejada\u201d. Adem\u00e1s, cuestiona los valores oficiales que determinaron el aumento de la poblaci\u00f3n. \u201cNo s\u00f3lo han sido realizadas con diferentes metodolog\u00edas, algunas de las cuales son cuanto menos controversiales, sino que si los valores fueran aceptables, comparables y ajustados a la actualidad, no mostrar\u00edan un incremento en la abundancia de guanacos desde 2005\u201d, indican desde Aves Argentinas.<br \/>\nLa resoluci\u00f3n que autoriza la comercializaci\u00f3n puntualiza que se hizo un \u201crelevamiento de la poblaci\u00f3n a partir del cual se estim\u00f3 la abundancia de guanacos para toda la provincia en 1.077.531 individuos, con un intervalo de confianza entre 893.307 y 1.261.755 animales\u201d, y que existen otros estudios que dan cuenta de un marcado \u201cincremento de la poblaci\u00f3n\u201d.<br \/>\nPor su parte, Javier de Urquiza, presidente del CAP, afirma que se hicieron relevamientos con distintas metodolog\u00edas y todas coinciden en el crecimiento sostenido. \u201cEl plan tambi\u00e9n est\u00e1 destinado a la preservaci\u00f3n de la especie, y que sea de forma equilibrada. Aqu\u00ed, el guanaco no es considerado una plaga\u201d, afirm\u00f3 y agreg\u00f3 que este a\u00f1o se faenaron 200 animales en el Frigor\u00edfico Faimali, en R\u00edo Gallegos. Con la resoluci\u00f3n se determin\u00f3 que la pr\u00f3xima temporada el n\u00famero llegue hasta 6000. \u201cAll\u00ed se va a poder adquirir experiencia sobre las cualidades de la carne, encontrar mercados dentro del pa\u00eds, sondear las posibilidades de la exportaci\u00f3n y avanzar en la evoluci\u00f3n de la demanda de la fibra de guanaco\u201d, se\u00f1al\u00f3 Urquiza.<\/p>\n<p><strong>Antecedentes<\/strong><\/p>\n<p>Otra de las razones que se esgrimen desde Naci\u00f3n es que la restricci\u00f3n sobre la caza aplicada a mitad de los 90 surti\u00f3 efecto y el guanaco empez\u00f3 a multiplicarse r\u00e1pidamente: \u201cDe 455.000 ejemplares que relevamos en 2002 en la Patagonia, en 2015 pasamos a casi 2,09 millones\u201d, afirm\u00f3 Gabriel Oliva, considerando que de ese n\u00famero, entre 1,3 y 1,5 millones est\u00e1n en esta provincia.<br \/>\nEl especialista sostiene que un guanaco come en promedio 1,5 veces lo que una oveja, con lo que el consumo de la poblaci\u00f3n total casi equipara el de los 2,3 millones de ovejas santacruce\u00f1as. Sus datos indican que la capacidad de carga global reci\u00e9n ahora est\u00e1 equilibrada; sin embargo, los pastizales se volvieron la disputa entre la oveja y el guanaco.<br \/>\nEn este sentido Aves Argentinas considera: \u201cDeber\u00edan evaluarse, evitarse y\/o mitigarse los posibles impactos negativos que los productos derivados de guanacos muertos puedan tener sobre otras formas de uso sustentable de la especie (esquila in vivo de animales silvestres) y la comercializaci\u00f3n de esos productos (fibra)\u201d.<\/p>\n<div class=\"sharedaddy sd-sharing-enabled\">\u00a0Fuente:\u00a0http:\/\/www.eldiariodemadryn.com\/2017\/12\/se-suman-las-criticas-a-la-comercializacion-de-carne-de-guanaco\/<\/div>\n","protected":false},"excerpt":{"rendered":"<p>Crece en todo el pa\u00eds la pol\u00e9mica por la autorizaci\u00f3n que dio Naci\u00f3n para faenar y comercializar carne de guanaco [&hellip;]<\/p>\n","protected":false},"author":2,"featured_media":0,"comment_status":"open","ping_status":"open","sticky":false,"template":"","format":"standard","meta":{"site-sidebar-layout":"default","site-content-layout":"","ast-site-content-layout":"default","site-content-style":"default","site-sidebar-style":"default","ast-global-header-display":"","ast-banner-title-visibility":"","ast-main-header-display":"","ast-hfb-above-header-display":"","ast-hfb-below-header-display":"","ast-hfb-mobile-header-display":"","site-post-title":"","ast-breadcrumbs-content":"","ast-featured-img":"","footer-sml-layout":"","ast-disable-related-posts":"","theme-transparent-header-meta":"","adv-header-id-meta":"","stick-header-meta":"","header-above-stick-meta":"","header-main-stick-meta":"","header-below-stick-meta":"","astra-migrate-meta-layouts":"default","ast-page-background-enabled":"default","ast-page-background-meta":{"desktop":{"background-color":"var(--ast-global-color-5)","background-image":"","background-repeat":"repeat","background-position":"center center","background-size":"auto","background-attachment":"scroll","background-type":"","background-media":"","overlay-type":"","overlay-color":"","overlay-opacity":"","overlay-gradient":""},"tablet":{"background-color":"","background-image":"","background-repeat":"repeat","background-position":"center center","background-size":"auto","background-attachment":"scroll","background-type":"","background-media":"","overlay-type":"","overlay-color":"","overlay-opacity":"","overlay-gradient":""},"mobile":{"background-color":"","background-image":"","background-repeat":"repeat","background-position":"center center","background-size":"auto","background-attachment":"scroll","background-type":"","background-media":"","overlay-type":"","overlay-color":"","overlay-opacity":"","overlay-gradient":""}},"ast-content-background-meta":{"desktop":{"background-color":"var(--ast-global-color-4)","background-image":"","background-repeat":"repeat","background-position":"center center","background-size":"auto","background-attachment":"scroll","background-type":"","background-media":"","overlay-type":"","overlay-color":"","overlay-opacity":"","overlay-gradient":""},"tablet":{"background-color":"var(--ast-global-color-4)","background-image":"","background-repeat":"repeat","background-position":"center center","background-size":"auto","background-attachment":"scroll","background-type":"","background-media":"","overlay-type":"","overlay-color":"","overlay-opacity":"","overlay-gradient":""},"mobile":{"background-color":"var(--ast-global-color-4)","background-image":"","background-repeat":"repeat","background-position":"center center","background-size":"auto","background-attachment":"scroll","background-type":"","background-media":"","overlay-type":"","overlay-color":"","overlay-opacity":"","overlay-gradient":""}},"footnotes":""},"categories":[1],"tags":[],"class_list":["post-39218","post","type-post","status-publish","format-standard","hentry","category-noticias"],"yoast_head":"<!-- This site is optimized with the Yoast SEO Premium plugin v23.0 (Yoast SEO v27.4) - https:\/\/yoast.com\/product\/yoast-seo-premium-wordpress\/ -->\n<title>Se suman las cr\u00edticas a la comercializaci\u00f3n de carne de guanaco<\/title>\n<meta name=\"robots\" content=\"index, follow, max-snippet:-1, max-image-preview:large, max-video-preview:-1\" \/>\n<link rel=\"canonical\" href=\"https:\/\/patagoniambiental.com.ar\/info\/se-suman-las-criticas-a-la-comercializacion-de-carne-de-guanaco\/\" \/>\n<meta property=\"og:locale\" content=\"es_ES\" \/>\n<meta property=\"og:type\" content=\"article\" \/>\n<meta property=\"og:title\" content=\"Se suman las cr\u00edticas a la comercializaci\u00f3n de carne de guanaco\" \/>\n<meta property=\"og:description\" content=\"Crece en todo el pa\u00eds la pol\u00e9mica por la autorizaci\u00f3n que dio Naci\u00f3n para faenar y comercializar carne de guanaco [&hellip;]\" \/>\n<meta property=\"og:url\" content=\"https:\/\/patagoniambiental.com.ar\/info\/se-suman-las-criticas-a-la-comercializacion-de-carne-de-guanaco\/\" \/>\n<meta property=\"og:site_name\" content=\"Patagonia Ambiental\" \/>\n<meta property=\"article:publisher\" content=\"https:\/\/www.facebook.com\/patagonia.ambiental\" \/>\n<meta property=\"article:author\" content=\"https:\/\/www.facebook.com\/share\/1C1V8Gv9BX\/?mibextid=qi2Omg\" \/>\n<meta property=\"article:published_time\" content=\"2017-12-04T12:00:44+00:00\" \/>\n<meta name=\"author\" content=\"Patagonia Ambiental\" \/>\n<meta name=\"twitter:card\" content=\"summary_large_image\" \/>\n<meta name=\"twitter:creator\" content=\"@PatAmb\" \/>\n<meta name=\"twitter:site\" content=\"@PatAmb\" \/>\n<script type=\"application\/ld+json\" class=\"yoast-schema-graph\">{\"@context\":\"https:\\\/\\\/schema.org\",\"@graph\":[{\"@type\":\"Article\",\"@id\":\"https:\\\/\\\/patagoniambiental.com.ar\\\/info\\\/se-suman-las-criticas-a-la-comercializacion-de-carne-de-guanaco\\\/#article\",\"isPartOf\":{\"@id\":\"https:\\\/\\\/patagoniambiental.com.ar\\\/info\\\/se-suman-las-criticas-a-la-comercializacion-de-carne-de-guanaco\\\/\"},\"author\":{\"name\":\"Patagonia Ambiental\",\"@id\":\"https:\\\/\\\/patagoniambiental.com.ar\\\/info\\\/#\\\/schema\\\/person\\\/db12bff64bbcbf6a253710bf0ea37b5d\"},\"headline\":\"Se suman las cr\u00edticas a la comercializaci\u00f3n de carne de guanaco\",\"datePublished\":\"2017-12-04T12:00:44+00:00\",\"mainEntityOfPage\":{\"@id\":\"https:\\\/\\\/patagoniambiental.com.ar\\\/info\\\/se-suman-las-criticas-a-la-comercializacion-de-carne-de-guanaco\\\/\"},\"wordCount\":862,\"commentCount\":0,\"publisher\":{\"@id\":\"https:\\\/\\\/patagoniambiental.com.ar\\\/info\\\/#organization\"},\"articleSection\":[\"Noticias\"],\"inLanguage\":\"es\",\"potentialAction\":[{\"@type\":\"CommentAction\",\"name\":\"Comment\",\"target\":[\"https:\\\/\\\/patagoniambiental.com.ar\\\/info\\\/se-suman-las-criticas-a-la-comercializacion-de-carne-de-guanaco\\\/#respond\"]}]},{\"@type\":\"WebPage\",\"@id\":\"https:\\\/\\\/patagoniambiental.com.ar\\\/info\\\/se-suman-las-criticas-a-la-comercializacion-de-carne-de-guanaco\\\/\",\"url\":\"https:\\\/\\\/patagoniambiental.com.ar\\\/info\\\/se-suman-las-criticas-a-la-comercializacion-de-carne-de-guanaco\\\/\",\"name\":\"Se suman las cr\u00edticas a la comercializaci\u00f3n de carne de guanaco\",\"isPartOf\":{\"@id\":\"https:\\\/\\\/patagoniambiental.com.ar\\\/info\\\/#website\"},\"datePublished\":\"2017-12-04T12:00:44+00:00\",\"breadcrumb\":{\"@id\":\"https:\\\/\\\/patagoniambiental.com.ar\\\/info\\\/se-suman-las-criticas-a-la-comercializacion-de-carne-de-guanaco\\\/#breadcrumb\"},\"inLanguage\":\"es\",\"potentialAction\":[{\"@type\":\"ReadAction\",\"target\":[\"https:\\\/\\\/patagoniambiental.com.ar\\\/info\\\/se-suman-las-criticas-a-la-comercializacion-de-carne-de-guanaco\\\/\"]}]},{\"@type\":\"BreadcrumbList\",\"@id\":\"https:\\\/\\\/patagoniambiental.com.ar\\\/info\\\/se-suman-las-criticas-a-la-comercializacion-de-carne-de-guanaco\\\/#breadcrumb\",\"itemListElement\":[{\"@type\":\"ListItem\",\"position\":1,\"name\":\"Inicio\",\"item\":\"https:\\\/\\\/patagoniambiental.com.ar\\\/info\\\/\"},{\"@type\":\"ListItem\",\"position\":2,\"name\":\"Se suman las cr\u00edticas a la comercializaci\u00f3n de carne de guanaco\"}]},{\"@type\":\"WebSite\",\"@id\":\"https:\\\/\\\/patagoniambiental.com.ar\\\/info\\\/#website\",\"url\":\"https:\\\/\\\/patagoniambiental.com.ar\\\/info\\\/\",\"name\":\"Patagonia Ambiental\",\"description\":\"Monitoreo y an\u00e1lisis de la situaci\u00f3n geopol\u00edtica en el mundo y su implicancia en la Patagonia\",\"publisher\":{\"@id\":\"https:\\\/\\\/patagoniambiental.com.ar\\\/info\\\/#organization\"},\"potentialAction\":[{\"@type\":\"SearchAction\",\"target\":{\"@type\":\"EntryPoint\",\"urlTemplate\":\"https:\\\/\\\/patagoniambiental.com.ar\\\/info\\\/?s={search_term_string}\"},\"query-input\":{\"@type\":\"PropertyValueSpecification\",\"valueRequired\":true,\"valueName\":\"search_term_string\"}}],\"inLanguage\":\"es\"},{\"@type\":\"Organization\",\"@id\":\"https:\\\/\\\/patagoniambiental.com.ar\\\/info\\\/#organization\",\"name\":\"Patagonia Ambiental\",\"url\":\"https:\\\/\\\/patagoniambiental.com.ar\\\/info\\\/\",\"logo\":{\"@type\":\"ImageObject\",\"inLanguage\":\"es\",\"@id\":\"https:\\\/\\\/patagoniambiental.com.ar\\\/info\\\/#\\\/schema\\\/logo\\\/image\\\/\",\"url\":\"https:\\\/\\\/patagoniambiental.com.ar\\\/info\\\/wp-content\\\/uploads\\\/2025\\\/05\\\/LOGO-PATAGONIA-AMBIENTAL.png\",\"contentUrl\":\"https:\\\/\\\/patagoniambiental.com.ar\\\/info\\\/wp-content\\\/uploads\\\/2025\\\/05\\\/LOGO-PATAGONIA-AMBIENTAL.png\",\"width\":433,\"height\":250,\"caption\":\"Patagonia Ambiental\"},\"image\":{\"@id\":\"https:\\\/\\\/patagoniambiental.com.ar\\\/info\\\/#\\\/schema\\\/logo\\\/image\\\/\"},\"sameAs\":[\"https:\\\/\\\/www.facebook.com\\\/patagonia.ambiental\",\"https:\\\/\\\/x.com\\\/PatAmb\"]},{\"@type\":\"Person\",\"@id\":\"https:\\\/\\\/patagoniambiental.com.ar\\\/info\\\/#\\\/schema\\\/person\\\/db12bff64bbcbf6a253710bf0ea37b5d\",\"name\":\"Patagonia Ambiental\",\"description\":\"Andr\u00e9s Nievas T\u00e9cnico en manejo ambiental, consultor Ambiental y escritor para medios locales e internacionales sobre temas de geopolitica y medio ambiente.\",\"sameAs\":[\"http:\\\/\\\/www.patagoniambiental.com.ar\",\"https:\\\/\\\/www.facebook.com\\\/share\\\/1C1V8Gv9BX\\\/?mibextid=qi2Omg\",\"@patagoniambiental\",\"https:\\\/\\\/youtube.com\\\/@patagoniaambiental2023?si=BLt58t0wuXquxlYZ\"]}]}<\/script>\n<!-- \/ Yoast SEO Premium plugin. -->","yoast_head_json":{"title":"Se suman las cr\u00edticas a la comercializaci\u00f3n de carne de guanaco","robots":{"index":"index","follow":"follow","max-snippet":"max-snippet:-1","max-image-preview":"max-image-preview:large","max-video-preview":"max-video-preview:-1"},"canonical":"https:\/\/patagoniambiental.com.ar\/info\/se-suman-las-criticas-a-la-comercializacion-de-carne-de-guanaco\/","og_locale":"es_ES","og_type":"article","og_title":"Se suman las cr\u00edticas a la comercializaci\u00f3n de carne de guanaco","og_description":"Crece en todo el pa\u00eds la pol\u00e9mica por la autorizaci\u00f3n que dio Naci\u00f3n para faenar y comercializar carne de guanaco [&hellip;]","og_url":"https:\/\/patagoniambiental.com.ar\/info\/se-suman-las-criticas-a-la-comercializacion-de-carne-de-guanaco\/","og_site_name":"Patagonia Ambiental","article_publisher":"https:\/\/www.facebook.com\/patagonia.ambiental","article_author":"https:\/\/www.facebook.com\/share\/1C1V8Gv9BX\/?mibextid=qi2Omg","article_published_time":"2017-12-04T12:00:44+00:00","author":"Patagonia Ambiental","twitter_card":"summary_large_image","twitter_creator":"@PatAmb","twitter_site":"@PatAmb","schema":{"@context":"https:\/\/schema.org","@graph":[{"@type":"Article","@id":"https:\/\/patagoniambiental.com.ar\/info\/se-suman-las-criticas-a-la-comercializacion-de-carne-de-guanaco\/#article","isPartOf":{"@id":"https:\/\/patagoniambiental.com.ar\/info\/se-suman-las-criticas-a-la-comercializacion-de-carne-de-guanaco\/"},"author":{"name":"Patagonia Ambiental","@id":"https:\/\/patagoniambiental.com.ar\/info\/#\/schema\/person\/db12bff64bbcbf6a253710bf0ea37b5d"},"headline":"Se suman las cr\u00edticas a la comercializaci\u00f3n de carne de guanaco","datePublished":"2017-12-04T12:00:44+00:00","mainEntityOfPage":{"@id":"https:\/\/patagoniambiental.com.ar\/info\/se-suman-las-criticas-a-la-comercializacion-de-carne-de-guanaco\/"},"wordCount":862,"commentCount":0,"publisher":{"@id":"https:\/\/patagoniambiental.com.ar\/info\/#organization"},"articleSection":["Noticias"],"inLanguage":"es","potentialAction":[{"@type":"CommentAction","name":"Comment","target":["https:\/\/patagoniambiental.com.ar\/info\/se-suman-las-criticas-a-la-comercializacion-de-carne-de-guanaco\/#respond"]}]},{"@type":"WebPage","@id":"https:\/\/patagoniambiental.com.ar\/info\/se-suman-las-criticas-a-la-comercializacion-de-carne-de-guanaco\/","url":"https:\/\/patagoniambiental.com.ar\/info\/se-suman-las-criticas-a-la-comercializacion-de-carne-de-guanaco\/","name":"Se suman las cr\u00edticas a la comercializaci\u00f3n de carne de guanaco","isPartOf":{"@id":"https:\/\/patagoniambiental.com.ar\/info\/#website"},"datePublished":"2017-12-04T12:00:44+00:00","breadcrumb":{"@id":"https:\/\/patagoniambiental.com.ar\/info\/se-suman-las-criticas-a-la-comercializacion-de-carne-de-guanaco\/#breadcrumb"},"inLanguage":"es","potentialAction":[{"@type":"ReadAction","target":["https:\/\/patagoniambiental.com.ar\/info\/se-suman-las-criticas-a-la-comercializacion-de-carne-de-guanaco\/"]}]},{"@type":"BreadcrumbList","@id":"https:\/\/patagoniambiental.com.ar\/info\/se-suman-las-criticas-a-la-comercializacion-de-carne-de-guanaco\/#breadcrumb","itemListElement":[{"@type":"ListItem","position":1,"name":"Inicio","item":"https:\/\/patagoniambiental.com.ar\/info\/"},{"@type":"ListItem","position":2,"name":"Se suman las cr\u00edticas a la comercializaci\u00f3n de carne de guanaco"}]},{"@type":"WebSite","@id":"https:\/\/patagoniambiental.com.ar\/info\/#website","url":"https:\/\/patagoniambiental.com.ar\/info\/","name":"Patagonia Ambiental","description":"Monitoreo y an\u00e1lisis de la situaci\u00f3n geopol\u00edtica en el mundo y su implicancia en la Patagonia","publisher":{"@id":"https:\/\/patagoniambiental.com.ar\/info\/#organization"},"potentialAction":[{"@type":"SearchAction","target":{"@type":"EntryPoint","urlTemplate":"https:\/\/patagoniambiental.com.ar\/info\/?s={search_term_string}"},"query-input":{"@type":"PropertyValueSpecification","valueRequired":true,"valueName":"search_term_string"}}],"inLanguage":"es"},{"@type":"Organization","@id":"https:\/\/patagoniambiental.com.ar\/info\/#organization","name":"Patagonia Ambiental","url":"https:\/\/patagoniambiental.com.ar\/info\/","logo":{"@type":"ImageObject","inLanguage":"es","@id":"https:\/\/patagoniambiental.com.ar\/info\/#\/schema\/logo\/image\/","url":"https:\/\/patagoniambiental.com.ar\/info\/wp-content\/uploads\/2025\/05\/LOGO-PATAGONIA-AMBIENTAL.png","contentUrl":"https:\/\/patagoniambiental.com.ar\/info\/wp-content\/uploads\/2025\/05\/LOGO-PATAGONIA-AMBIENTAL.png","width":433,"height":250,"caption":"Patagonia Ambiental"},"image":{"@id":"https:\/\/patagoniambiental.com.ar\/info\/#\/schema\/logo\/image\/"},"sameAs":["https:\/\/www.facebook.com\/patagonia.ambiental","https:\/\/x.com\/PatAmb"]},{"@type":"Person","@id":"https:\/\/patagoniambiental.com.ar\/info\/#\/schema\/person\/db12bff64bbcbf6a253710bf0ea37b5d","name":"Patagonia Ambiental","description":"Andr\u00e9s Nievas T\u00e9cnico en manejo ambiental, consultor Ambiental y escritor para medios locales e internacionales sobre temas de geopolitica y medio ambiente.","sameAs":["http:\/\/www.patagoniambiental.com.ar","https:\/\/www.facebook.com\/share\/1C1V8Gv9BX\/?mibextid=qi2Omg","@patagoniambiental","https:\/\/youtube.com\/@patagoniaambiental2023?si=BLt58t0wuXquxlYZ"]}]}},"_links":{"self":[{"href":"https:\/\/patagoniambiental.com.ar\/info\/wp-json\/wp\/v2\/posts\/39218","targetHints":{"allow":["GET"]}}],"collection":[{"href":"https:\/\/patagoniambiental.com.ar\/info\/wp-json\/wp\/v2\/posts"}],"about":[{"href":"https:\/\/patagoniambiental.com.ar\/info\/wp-json\/wp\/v2\/types\/post"}],"author":[{"embeddable":true,"href":"https:\/\/patagoniambiental.com.ar\/info\/wp-json\/wp\/v2\/users\/2"}],"replies":[{"embeddable":true,"href":"https:\/\/patagoniambiental.com.ar\/info\/wp-json\/wp\/v2\/comments?post=39218"}],"version-history":[{"count":0,"href":"https:\/\/patagoniambiental.com.ar\/info\/wp-json\/wp\/v2\/posts\/39218\/revisions"}],"wp:attachment":[{"href":"https:\/\/patagoniambiental.com.ar\/info\/wp-json\/wp\/v2\/media?parent=39218"}],"wp:term":[{"taxonomy":"category","embeddable":true,"href":"https:\/\/patagoniambiental.com.ar\/info\/wp-json\/wp\/v2\/categories?post=39218"},{"taxonomy":"post_tag","embeddable":true,"href":"https:\/\/patagoniambiental.com.ar\/info\/wp-json\/wp\/v2\/tags?post=39218"}],"curies":[{"name":"wp","href":"https:\/\/api.w.org\/{rel}","templated":true}]}}