{"id":39228,"date":"2017-12-04T09:00:42","date_gmt":"2017-12-04T12:00:42","guid":{"rendered":"http:\/\/patagoniambiental.com.ar\/info\/?p=39228"},"modified":"2017-12-03T20:19:58","modified_gmt":"2017-12-03T23:19:58","slug":"inicio-la-temporada-de-rafting-en-esquel","status":"publish","type":"post","link":"https:\/\/patagoniambiental.com.ar\/info\/inicio-la-temporada-de-rafting-en-esquel\/","title":{"rendered":"Inici\u00f3 la temporada de rafting en Esquel"},"content":{"rendered":"<header>\n<p class=\"interiorCopete\">La Patagonia Argentina es una regi\u00f3n tur\u00edstica que posee una gran diversidad de paisajes a trav\u00e9s de sus diferentes biomas, es el lugar donde la naturaleza se muestra en todo su esplendor. Existen destinos ideales para vivir experiencias deportivas incre\u00edbles como lo es el rafting en un marco de inigualable belleza. Esquel invita a disfrutar de sus tesoros m\u00e1s preciados a trav\u00e9s de esta actividad que conlleva un crisol de emociones y adrenalina en medio de la naturaleza.<\/p>\n<\/header>\n<div class=\"head-image thumb-wrap relative\">\n<div class=\"cuerpo clearfix\">\n<p>Esquel se encuentra en un lugar privilegiado de la Patagonia Argentina, dentro del bioma \u00abbosque patag\u00f3nico\u00bb, entre la estepa y la cordillera de los andes, se pueden encontrar lagos y r\u00edos que deslumbran con su belleza. Estos espacios naturales permiten pr\u00e1cticas n\u00e1uticas como es el rafting.<\/p>\n<p>Las excursiones pueden adaptarse a la experiencia y tiempo de cada visitante. Son una oportunidad \u00fanica de realizar un deporte de aventura disfrutando de los ca\u00f1adones que cortan la Cordillera de los Andes.<\/p>\n<div id=\"2688288-Libre-1713252160_wrap\" class=\"embed_cont type_imagen\">\n<div id=\"2688288-Libre-1713252160_content\" class=\"embed_content\"><img decoding=\"async\" id=\"2688288-Libre-1713252160_embed\" src=\"https:\/\/media.elpatagonico.com\/adjuntos\/193\/imagenes\/028\/726\/0028726371.jpg?0000-00-00-00-00-00\" alt=\"\" \/><\/div>\n<div id=\"2688288-Libre-1713252160_copyright\" class=\"embed_copyright\"><\/div>\n<\/div>\n<p><strong>PURA EMOCION Y ADRENALINA<\/strong><\/p>\n<p>El R\u00edo Corcovado presenta una dificultad de clase II y III, y es el lugar ideal para realizar rafting sin necesidad de tener experiencia previa. Las excursiones cuentan con gu\u00edas y equipos apropiados para aprovechar al m\u00e1ximo toda la jornada. Se puede realizar una bajada de 2 horas o una excursi\u00f3n de d\u00eda completo, recorriendo unos 17 kil\u00f3metros.<\/p>\n<p>Generalmente cada gu\u00eda le da su toque de estilo y propone algunas actividades que suman a la diversi\u00f3n, como poder tirarse al agua y nadar, saltar desde las rocas o, para los m\u00e1s osados saltar desde el puente, dando de esta forma un cierre a pura adrenalina. Otra opci\u00f3n para deportistas con experiencia es la que recorre 10 kil\u00f3metros con dificultad clase IV y termina en la frontera con Chile.<\/p>\n<p>El R\u00edo Corcovado contin\u00faa su curso en Chile donde recibe el nombre de R\u00edo Palena. Eventualmente, y a pedido, se programan excursiones que lo recorren hasta llegar al Oc\u00e9ano Pac\u00edfico.<\/p>\n<p>Esquel tiene actividades para todos los gustos en las distintas \u00e9pocas del a\u00f1o, pero el rafting es uno de los \u00edconos con la interacci\u00f3n del l\u00edquido elemento que son las estrellas para estos meses que vienen, posibilitando un sin fin de sensaciones para disfrutar y emocionarse, en lugares de ensue\u00f1o y donde los paisajes enamoran al turista.<\/p>\n<p>Fuente:\u00a0https:\/\/www.elpatagonico.com\/inicio-la-temporada-rafting-esquel-n3051984<\/p>\n<\/div>\n<\/div>\n","protected":false},"excerpt":{"rendered":"<p>La Patagonia Argentina es una regi\u00f3n tur\u00edstica que posee una gran diversidad de paisajes a trav\u00e9s de sus diferentes biomas, [&hellip;]<\/p>\n","protected":false},"author":2,"featured_media":0,"comment_status":"open","ping_status":"open","sticky":false,"template":"","format":"standard","meta":{"site-sidebar-layout":"default","site-content-layout":"","ast-site-content-layout":"default","site-content-style":"default","site-sidebar-style":"default","ast-global-header-display":"","ast-banner-title-visibility":"","ast-main-header-display":"","ast-hfb-above-header-display":"","ast-hfb-below-header-display":"","ast-hfb-mobile-header-display":"","site-post-title":"","ast-breadcrumbs-content":"","ast-featured-img":"","footer-sml-layout":"","ast-disable-related-posts":"","theme-transparent-header-meta":"","adv-header-id-meta":"","stick-header-meta":"","header-above-stick-meta":"","header-main-stick-meta":"","header-below-stick-meta":"","astra-migrate-meta-layouts":"default","ast-page-background-enabled":"default","ast-page-background-meta":{"desktop":{"background-color":"var(--ast-global-color-5)","background-image":"","background-repeat":"repeat","background-position":"center center","background-size":"auto","background-attachment":"scroll","background-type":"","background-media":"","overlay-type":"","overlay-color":"","overlay-opacity":"","overlay-gradient":""},"tablet":{"background-color":"","background-image":"","background-repeat":"repeat","background-position":"center center","background-size":"auto","background-attachment":"scroll","background-type":"","background-media":"","overlay-type":"","overlay-color":"","overlay-opacity":"","overlay-gradient":""},"mobile":{"background-color":"","background-image":"","background-repeat":"repeat","background-position":"center center","background-size":"auto","background-attachment":"scroll","background-type":"","background-media":"","overlay-type":"","overlay-color":"","overlay-opacity":"","overlay-gradient":""}},"ast-content-background-meta":{"desktop":{"background-color":"var(--ast-global-color-4)","background-image":"","background-repeat":"repeat","background-position":"center center","background-size":"auto","background-attachment":"scroll","background-type":"","background-media":"","overlay-type":"","overlay-color":"","overlay-opacity":"","overlay-gradient":""},"tablet":{"background-color":"var(--ast-global-color-4)","background-image":"","background-repeat":"repeat","background-position":"center center","background-size":"auto","background-attachment":"scroll","background-type":"","background-media":"","overlay-type":"","overlay-color":"","overlay-opacity":"","overlay-gradient":""},"mobile":{"background-color":"var(--ast-global-color-4)","background-image":"","background-repeat":"repeat","background-position":"center center","background-size":"auto","background-attachment":"scroll","background-type":"","background-media":"","overlay-type":"","overlay-color":"","overlay-opacity":"","overlay-gradient":""}},"footnotes":""},"categories":[46,1],"tags":[],"class_list":["post-39228","post","type-post","status-publish","format-standard","hentry","category-municipios","category-noticias"],"yoast_head":"<!-- This site is optimized with the Yoast SEO Premium plugin v23.0 (Yoast SEO v27.4) - https:\/\/yoast.com\/product\/yoast-seo-premium-wordpress\/ -->\n<title>Inici\u00f3 la temporada de rafting en Esquel<\/title>\n<meta name=\"robots\" content=\"index, follow, max-snippet:-1, max-image-preview:large, max-video-preview:-1\" \/>\n<link rel=\"canonical\" href=\"https:\/\/patagoniambiental.com.ar\/info\/inicio-la-temporada-de-rafting-en-esquel\/\" \/>\n<meta property=\"og:locale\" content=\"es_ES\" \/>\n<meta property=\"og:type\" content=\"article\" \/>\n<meta property=\"og:title\" content=\"Inici\u00f3 la temporada de rafting en Esquel\" \/>\n<meta property=\"og:description\" content=\"La Patagonia Argentina es una regi\u00f3n tur\u00edstica que posee una gran diversidad de paisajes a trav\u00e9s de sus diferentes biomas, [&hellip;]\" \/>\n<meta property=\"og:url\" content=\"https:\/\/patagoniambiental.com.ar\/info\/inicio-la-temporada-de-rafting-en-esquel\/\" \/>\n<meta property=\"og:site_name\" content=\"Patagonia Ambiental\" \/>\n<meta property=\"article:publisher\" content=\"https:\/\/www.facebook.com\/patagonia.ambiental\" \/>\n<meta property=\"article:author\" content=\"https:\/\/www.facebook.com\/share\/1C1V8Gv9BX\/?mibextid=qi2Omg\" \/>\n<meta property=\"article:published_time\" content=\"2017-12-04T12:00:42+00:00\" \/>\n<meta property=\"og:image\" content=\"https:\/\/media.elpatagonico.com\/adjuntos\/193\/imagenes\/028\/726\/0028726371.jpg?0000-00-00-00-00-00\" \/>\n<meta name=\"author\" content=\"Patagonia Ambiental\" \/>\n<meta name=\"twitter:card\" content=\"summary_large_image\" \/>\n<meta name=\"twitter:creator\" content=\"@PatAmb\" \/>\n<meta name=\"twitter:site\" content=\"@PatAmb\" \/>\n<script type=\"application\/ld+json\" class=\"yoast-schema-graph\">{\"@context\":\"https:\\\/\\\/schema.org\",\"@graph\":[{\"@type\":\"Article\",\"@id\":\"https:\\\/\\\/patagoniambiental.com.ar\\\/info\\\/inicio-la-temporada-de-rafting-en-esquel\\\/#article\",\"isPartOf\":{\"@id\":\"https:\\\/\\\/patagoniambiental.com.ar\\\/info\\\/inicio-la-temporada-de-rafting-en-esquel\\\/\"},\"author\":{\"name\":\"Patagonia Ambiental\",\"@id\":\"https:\\\/\\\/patagoniambiental.com.ar\\\/info\\\/#\\\/schema\\\/person\\\/db12bff64bbcbf6a253710bf0ea37b5d\"},\"headline\":\"Inici\u00f3 la temporada de rafting en Esquel\",\"datePublished\":\"2017-12-04T12:00:42+00:00\",\"mainEntityOfPage\":{\"@id\":\"https:\\\/\\\/patagoniambiental.com.ar\\\/info\\\/inicio-la-temporada-de-rafting-en-esquel\\\/\"},\"wordCount\":417,\"commentCount\":0,\"publisher\":{\"@id\":\"https:\\\/\\\/patagoniambiental.com.ar\\\/info\\\/#organization\"},\"image\":{\"@id\":\"https:\\\/\\\/patagoniambiental.com.ar\\\/info\\\/inicio-la-temporada-de-rafting-en-esquel\\\/#primaryimage\"},\"thumbnailUrl\":\"https:\\\/\\\/media.elpatagonico.com\\\/adjuntos\\\/193\\\/imagenes\\\/028\\\/726\\\/0028726371.jpg?0000-00-00-00-00-00\",\"articleSection\":[\"Municipios\",\"Noticias\"],\"inLanguage\":\"es\",\"potentialAction\":[{\"@type\":\"CommentAction\",\"name\":\"Comment\",\"target\":[\"https:\\\/\\\/patagoniambiental.com.ar\\\/info\\\/inicio-la-temporada-de-rafting-en-esquel\\\/#respond\"]}]},{\"@type\":\"WebPage\",\"@id\":\"https:\\\/\\\/patagoniambiental.com.ar\\\/info\\\/inicio-la-temporada-de-rafting-en-esquel\\\/\",\"url\":\"https:\\\/\\\/patagoniambiental.com.ar\\\/info\\\/inicio-la-temporada-de-rafting-en-esquel\\\/\",\"name\":\"Inici\u00f3 la temporada de rafting en Esquel\",\"isPartOf\":{\"@id\":\"https:\\\/\\\/patagoniambiental.com.ar\\\/info\\\/#website\"},\"primaryImageOfPage\":{\"@id\":\"https:\\\/\\\/patagoniambiental.com.ar\\\/info\\\/inicio-la-temporada-de-rafting-en-esquel\\\/#primaryimage\"},\"image\":{\"@id\":\"https:\\\/\\\/patagoniambiental.com.ar\\\/info\\\/inicio-la-temporada-de-rafting-en-esquel\\\/#primaryimage\"},\"thumbnailUrl\":\"https:\\\/\\\/media.elpatagonico.com\\\/adjuntos\\\/193\\\/imagenes\\\/028\\\/726\\\/0028726371.jpg?0000-00-00-00-00-00\",\"datePublished\":\"2017-12-04T12:00:42+00:00\",\"breadcrumb\":{\"@id\":\"https:\\\/\\\/patagoniambiental.com.ar\\\/info\\\/inicio-la-temporada-de-rafting-en-esquel\\\/#breadcrumb\"},\"inLanguage\":\"es\",\"potentialAction\":[{\"@type\":\"ReadAction\",\"target\":[\"https:\\\/\\\/patagoniambiental.com.ar\\\/info\\\/inicio-la-temporada-de-rafting-en-esquel\\\/\"]}]},{\"@type\":\"ImageObject\",\"inLanguage\":\"es\",\"@id\":\"https:\\\/\\\/patagoniambiental.com.ar\\\/info\\\/inicio-la-temporada-de-rafting-en-esquel\\\/#primaryimage\",\"url\":\"https:\\\/\\\/media.elpatagonico.com\\\/adjuntos\\\/193\\\/imagenes\\\/028\\\/726\\\/0028726371.jpg?0000-00-00-00-00-00\",\"contentUrl\":\"https:\\\/\\\/media.elpatagonico.com\\\/adjuntos\\\/193\\\/imagenes\\\/028\\\/726\\\/0028726371.jpg?0000-00-00-00-00-00\"},{\"@type\":\"BreadcrumbList\",\"@id\":\"https:\\\/\\\/patagoniambiental.com.ar\\\/info\\\/inicio-la-temporada-de-rafting-en-esquel\\\/#breadcrumb\",\"itemListElement\":[{\"@type\":\"ListItem\",\"position\":1,\"name\":\"Inicio\",\"item\":\"https:\\\/\\\/patagoniambiental.com.ar\\\/info\\\/\"},{\"@type\":\"ListItem\",\"position\":2,\"name\":\"Inici\u00f3 la temporada de rafting en Esquel\"}]},{\"@type\":\"WebSite\",\"@id\":\"https:\\\/\\\/patagoniambiental.com.ar\\\/info\\\/#website\",\"url\":\"https:\\\/\\\/patagoniambiental.com.ar\\\/info\\\/\",\"name\":\"Patagonia Ambiental\",\"description\":\"Monitoreo y an\u00e1lisis de la situaci\u00f3n geopol\u00edtica en el mundo y su implicancia en la Patagonia\",\"publisher\":{\"@id\":\"https:\\\/\\\/patagoniambiental.com.ar\\\/info\\\/#organization\"},\"potentialAction\":[{\"@type\":\"SearchAction\",\"target\":{\"@type\":\"EntryPoint\",\"urlTemplate\":\"https:\\\/\\\/patagoniambiental.com.ar\\\/info\\\/?s={search_term_string}\"},\"query-input\":{\"@type\":\"PropertyValueSpecification\",\"valueRequired\":true,\"valueName\":\"search_term_string\"}}],\"inLanguage\":\"es\"},{\"@type\":\"Organization\",\"@id\":\"https:\\\/\\\/patagoniambiental.com.ar\\\/info\\\/#organization\",\"name\":\"Patagonia Ambiental\",\"url\":\"https:\\\/\\\/patagoniambiental.com.ar\\\/info\\\/\",\"logo\":{\"@type\":\"ImageObject\",\"inLanguage\":\"es\",\"@id\":\"https:\\\/\\\/patagoniambiental.com.ar\\\/info\\\/#\\\/schema\\\/logo\\\/image\\\/\",\"url\":\"https:\\\/\\\/patagoniambiental.com.ar\\\/info\\\/wp-content\\\/uploads\\\/2025\\\/05\\\/LOGO-PATAGONIA-AMBIENTAL.png\",\"contentUrl\":\"https:\\\/\\\/patagoniambiental.com.ar\\\/info\\\/wp-content\\\/uploads\\\/2025\\\/05\\\/LOGO-PATAGONIA-AMBIENTAL.png\",\"width\":433,\"height\":250,\"caption\":\"Patagonia Ambiental\"},\"image\":{\"@id\":\"https:\\\/\\\/patagoniambiental.com.ar\\\/info\\\/#\\\/schema\\\/logo\\\/image\\\/\"},\"sameAs\":[\"https:\\\/\\\/www.facebook.com\\\/patagonia.ambiental\",\"https:\\\/\\\/x.com\\\/PatAmb\"]},{\"@type\":\"Person\",\"@id\":\"https:\\\/\\\/patagoniambiental.com.ar\\\/info\\\/#\\\/schema\\\/person\\\/db12bff64bbcbf6a253710bf0ea37b5d\",\"name\":\"Patagonia Ambiental\",\"description\":\"Andr\u00e9s Nievas T\u00e9cnico en manejo ambiental, consultor Ambiental y escritor para medios locales e internacionales sobre temas de geopolitica y medio ambiente.\",\"sameAs\":[\"http:\\\/\\\/www.patagoniambiental.com.ar\",\"https:\\\/\\\/www.facebook.com\\\/share\\\/1C1V8Gv9BX\\\/?mibextid=qi2Omg\",\"@patagoniambiental\",\"https:\\\/\\\/youtube.com\\\/@patagoniaambiental2023?si=BLt58t0wuXquxlYZ\"]}]}<\/script>\n<!-- \/ Yoast SEO Premium plugin. -->","yoast_head_json":{"title":"Inici\u00f3 la temporada de rafting en Esquel","robots":{"index":"index","follow":"follow","max-snippet":"max-snippet:-1","max-image-preview":"max-image-preview:large","max-video-preview":"max-video-preview:-1"},"canonical":"https:\/\/patagoniambiental.com.ar\/info\/inicio-la-temporada-de-rafting-en-esquel\/","og_locale":"es_ES","og_type":"article","og_title":"Inici\u00f3 la temporada de rafting en Esquel","og_description":"La Patagonia Argentina es una regi\u00f3n tur\u00edstica que posee una gran diversidad de paisajes a trav\u00e9s de sus diferentes biomas, [&hellip;]","og_url":"https:\/\/patagoniambiental.com.ar\/info\/inicio-la-temporada-de-rafting-en-esquel\/","og_site_name":"Patagonia Ambiental","article_publisher":"https:\/\/www.facebook.com\/patagonia.ambiental","article_author":"https:\/\/www.facebook.com\/share\/1C1V8Gv9BX\/?mibextid=qi2Omg","article_published_time":"2017-12-04T12:00:42+00:00","og_image":[{"url":"https:\/\/media.elpatagonico.com\/adjuntos\/193\/imagenes\/028\/726\/0028726371.jpg?0000-00-00-00-00-00","type":"","width":"","height":""}],"author":"Patagonia Ambiental","twitter_card":"summary_large_image","twitter_creator":"@PatAmb","twitter_site":"@PatAmb","schema":{"@context":"https:\/\/schema.org","@graph":[{"@type":"Article","@id":"https:\/\/patagoniambiental.com.ar\/info\/inicio-la-temporada-de-rafting-en-esquel\/#article","isPartOf":{"@id":"https:\/\/patagoniambiental.com.ar\/info\/inicio-la-temporada-de-rafting-en-esquel\/"},"author":{"name":"Patagonia Ambiental","@id":"https:\/\/patagoniambiental.com.ar\/info\/#\/schema\/person\/db12bff64bbcbf6a253710bf0ea37b5d"},"headline":"Inici\u00f3 la temporada de rafting en Esquel","datePublished":"2017-12-04T12:00:42+00:00","mainEntityOfPage":{"@id":"https:\/\/patagoniambiental.com.ar\/info\/inicio-la-temporada-de-rafting-en-esquel\/"},"wordCount":417,"commentCount":0,"publisher":{"@id":"https:\/\/patagoniambiental.com.ar\/info\/#organization"},"image":{"@id":"https:\/\/patagoniambiental.com.ar\/info\/inicio-la-temporada-de-rafting-en-esquel\/#primaryimage"},"thumbnailUrl":"https:\/\/media.elpatagonico.com\/adjuntos\/193\/imagenes\/028\/726\/0028726371.jpg?0000-00-00-00-00-00","articleSection":["Municipios","Noticias"],"inLanguage":"es","potentialAction":[{"@type":"CommentAction","name":"Comment","target":["https:\/\/patagoniambiental.com.ar\/info\/inicio-la-temporada-de-rafting-en-esquel\/#respond"]}]},{"@type":"WebPage","@id":"https:\/\/patagoniambiental.com.ar\/info\/inicio-la-temporada-de-rafting-en-esquel\/","url":"https:\/\/patagoniambiental.com.ar\/info\/inicio-la-temporada-de-rafting-en-esquel\/","name":"Inici\u00f3 la temporada de rafting en Esquel","isPartOf":{"@id":"https:\/\/patagoniambiental.com.ar\/info\/#website"},"primaryImageOfPage":{"@id":"https:\/\/patagoniambiental.com.ar\/info\/inicio-la-temporada-de-rafting-en-esquel\/#primaryimage"},"image":{"@id":"https:\/\/patagoniambiental.com.ar\/info\/inicio-la-temporada-de-rafting-en-esquel\/#primaryimage"},"thumbnailUrl":"https:\/\/media.elpatagonico.com\/adjuntos\/193\/imagenes\/028\/726\/0028726371.jpg?0000-00-00-00-00-00","datePublished":"2017-12-04T12:00:42+00:00","breadcrumb":{"@id":"https:\/\/patagoniambiental.com.ar\/info\/inicio-la-temporada-de-rafting-en-esquel\/#breadcrumb"},"inLanguage":"es","potentialAction":[{"@type":"ReadAction","target":["https:\/\/patagoniambiental.com.ar\/info\/inicio-la-temporada-de-rafting-en-esquel\/"]}]},{"@type":"ImageObject","inLanguage":"es","@id":"https:\/\/patagoniambiental.com.ar\/info\/inicio-la-temporada-de-rafting-en-esquel\/#primaryimage","url":"https:\/\/media.elpatagonico.com\/adjuntos\/193\/imagenes\/028\/726\/0028726371.jpg?0000-00-00-00-00-00","contentUrl":"https:\/\/media.elpatagonico.com\/adjuntos\/193\/imagenes\/028\/726\/0028726371.jpg?0000-00-00-00-00-00"},{"@type":"BreadcrumbList","@id":"https:\/\/patagoniambiental.com.ar\/info\/inicio-la-temporada-de-rafting-en-esquel\/#breadcrumb","itemListElement":[{"@type":"ListItem","position":1,"name":"Inicio","item":"https:\/\/patagoniambiental.com.ar\/info\/"},{"@type":"ListItem","position":2,"name":"Inici\u00f3 la temporada de rafting en Esquel"}]},{"@type":"WebSite","@id":"https:\/\/patagoniambiental.com.ar\/info\/#website","url":"https:\/\/patagoniambiental.com.ar\/info\/","name":"Patagonia Ambiental","description":"Monitoreo y an\u00e1lisis de la situaci\u00f3n geopol\u00edtica en el mundo y su implicancia en la Patagonia","publisher":{"@id":"https:\/\/patagoniambiental.com.ar\/info\/#organization"},"potentialAction":[{"@type":"SearchAction","target":{"@type":"EntryPoint","urlTemplate":"https:\/\/patagoniambiental.com.ar\/info\/?s={search_term_string}"},"query-input":{"@type":"PropertyValueSpecification","valueRequired":true,"valueName":"search_term_string"}}],"inLanguage":"es"},{"@type":"Organization","@id":"https:\/\/patagoniambiental.com.ar\/info\/#organization","name":"Patagonia Ambiental","url":"https:\/\/patagoniambiental.com.ar\/info\/","logo":{"@type":"ImageObject","inLanguage":"es","@id":"https:\/\/patagoniambiental.com.ar\/info\/#\/schema\/logo\/image\/","url":"https:\/\/patagoniambiental.com.ar\/info\/wp-content\/uploads\/2025\/05\/LOGO-PATAGONIA-AMBIENTAL.png","contentUrl":"https:\/\/patagoniambiental.com.ar\/info\/wp-content\/uploads\/2025\/05\/LOGO-PATAGONIA-AMBIENTAL.png","width":433,"height":250,"caption":"Patagonia Ambiental"},"image":{"@id":"https:\/\/patagoniambiental.com.ar\/info\/#\/schema\/logo\/image\/"},"sameAs":["https:\/\/www.facebook.com\/patagonia.ambiental","https:\/\/x.com\/PatAmb"]},{"@type":"Person","@id":"https:\/\/patagoniambiental.com.ar\/info\/#\/schema\/person\/db12bff64bbcbf6a253710bf0ea37b5d","name":"Patagonia Ambiental","description":"Andr\u00e9s Nievas T\u00e9cnico en manejo ambiental, consultor Ambiental y escritor para medios locales e internacionales sobre temas de geopolitica y medio ambiente.","sameAs":["http:\/\/www.patagoniambiental.com.ar","https:\/\/www.facebook.com\/share\/1C1V8Gv9BX\/?mibextid=qi2Omg","@patagoniambiental","https:\/\/youtube.com\/@patagoniaambiental2023?si=BLt58t0wuXquxlYZ"]}]}},"_links":{"self":[{"href":"https:\/\/patagoniambiental.com.ar\/info\/wp-json\/wp\/v2\/posts\/39228","targetHints":{"allow":["GET"]}}],"collection":[{"href":"https:\/\/patagoniambiental.com.ar\/info\/wp-json\/wp\/v2\/posts"}],"about":[{"href":"https:\/\/patagoniambiental.com.ar\/info\/wp-json\/wp\/v2\/types\/post"}],"author":[{"embeddable":true,"href":"https:\/\/patagoniambiental.com.ar\/info\/wp-json\/wp\/v2\/users\/2"}],"replies":[{"embeddable":true,"href":"https:\/\/patagoniambiental.com.ar\/info\/wp-json\/wp\/v2\/comments?post=39228"}],"version-history":[{"count":0,"href":"https:\/\/patagoniambiental.com.ar\/info\/wp-json\/wp\/v2\/posts\/39228\/revisions"}],"wp:attachment":[{"href":"https:\/\/patagoniambiental.com.ar\/info\/wp-json\/wp\/v2\/media?parent=39228"}],"wp:term":[{"taxonomy":"category","embeddable":true,"href":"https:\/\/patagoniambiental.com.ar\/info\/wp-json\/wp\/v2\/categories?post=39228"},{"taxonomy":"post_tag","embeddable":true,"href":"https:\/\/patagoniambiental.com.ar\/info\/wp-json\/wp\/v2\/tags?post=39228"}],"curies":[{"name":"wp","href":"https:\/\/api.w.org\/{rel}","templated":true}]}}