{"id":39252,"date":"2017-12-04T19:00:30","date_gmt":"2017-12-04T22:00:30","guid":{"rendered":"http:\/\/patagoniambiental.com.ar\/info\/?p=39252"},"modified":"2017-12-04T08:54:24","modified_gmt":"2017-12-04T11:54:24","slug":"el-dilema-mapuche-abrazar-a-una-machi-sanadora-o-insistir-con-la-violencia-de-la-ram","status":"publish","type":"post","link":"https:\/\/patagoniambiental.com.ar\/info\/el-dilema-mapuche-abrazar-a-una-machi-sanadora-o-insistir-con-la-violencia-de-la-ram\/","title":{"rendered":"El dilema mapuche: abrazar a una \u00abMachi\u00bb sanadora o insistir con la violencia de la RAM"},"content":{"rendered":"<div id=\"fA2Drw1EOu6IBq\" class=\"wrapper clearfix col-lg-12 pb-feature pb-layout-item pb-f-article-header col-md-12 col-sm-12 col-xs-12 no-align\">\n<div class=\"row\">\n<header class=\"article-header hed-first col-sm-12\">Villa Mascardi.-Las comunidades ind\u00edgenas defender\u00e1n a una gu\u00eda espiritual que se encuentra en las tierras tomadas de Villa Mascardi.<!--more--><\/p>\n<p>Los grupos violentos persisten en defenderse con accionar de todo tipo<\/p>\n<\/header>\n<\/div>\n<\/div>\n<p>&nbsp;<\/p>\n<div id=\"fZ8gS02EOu6IBq\" class=\"wrapper clearfix col-lg-12 col-md-12 pb-feature pb-layout-item pb-f-article-byline col-sm-12 col-xs-12 no-align\">\n<div class=\"byline col-md-8 col-xs-12 col-print-12\">\n<div class=\"clearfix\"><img decoding=\"async\" src=\"https:\/\/www.infobae.com\/new-resizer\/kbo9TwK-IY00VnV8OtgiNkjkETA=\/0x200\/filters:quality(100)\/s3.amazonaws.com\/arc-authors\/infobae\/0e74a70a-8382-4fdb-8c9c-74149ac0a34d.png\" \/><\/p>\n<div class=\"byline-author\">Por\u00a0<a class=\"author-name\" href=\"https:\/\/www.infobae.com\/autor\/martin-dinatale\/\" rel=\"author\">Mart\u00edn Dinatale<\/a>\u00a0<span class=\"byline-date\">3 de diciembre de 2017<\/span><\/div>\n<div class=\"byline-bio\">mdinatale@infobae.com<\/div>\n<\/div>\n<\/div>\n<\/div>\n<div id=\"cLqIjw1EOu6IBq\" class=\"col-md-8 col-sm-12 col-xs-12 pb-layout-item pb-chain pb-c-list-chain left-align\">\n<div id=\"f08MimYEOu6IBq\" class=\"wrapper clearfix full pb-feature pb-layout-item pb-f-article-body no-align\">\n<div id=\"article-body\" class=\"article-body article-body-elements\">\n<div id=\"article-content\">\n<div class=\"row\">\n<figure class=\"element element-image col-xs-12\">\n<div class=\"single-image\">\n<div class=\"shares\"><\/div>\n<p><img decoding=\"async\" id=\"UMTFZINMMFDBRMWMBENXI72VCQ\" class=\"image-lazy\" src=\"https:\/\/www.infobae.com\/new-resizer\/WwQ-aHzeBiG8wXK7Y0IwzPbvM2E=\/600x0\/filters:quality(100)\/s3.amazonaws.com\/arc-wordpress-client-uploads\/infobae-wp\/wp-content\/uploads\/2017\/11\/28184951\/mapuches-mesa-de-negociacion-4-1920.jpg\" alt=\"La mesa de negociaci\u00f3n en Bariloche\" width=\"750\" height=\"421.875\" data-url=\"http:\/\/www.infobae.com\/politica\/2017\/12\/03\/el-dilema-mapuche-abrazar-a-una-machi-sanadora-o-insistir-con-la-violencia-de-la-ram\/%23UMTFZINMMFDBRMWMBENXI72VCQ\" data-original=\"https:\/\/www.infobae.com\/new-resizer\/WwQ-aHzeBiG8wXK7Y0IwzPbvM2E=\/600x0\/filters:quality(100)\/s3.amazonaws.com\/arc-wordpress-client-uploads\/infobae-wp\/wp-content\/uploads\/2017\/11\/28184951\/mapuches-mesa-de-negociacion-4-1920.jpg\" \/><\/div><figcaption class=\"\"><span class=\"credit\">La mesa de negociaci\u00f3n en Bariloche<\/span><\/figcaption><\/figure>\n<\/div>\n<div class=\"row\">\n<div class=\"col-xs-12 col-print-12\">\n<p class=\"element element-paragraph\"><em>(Enviado especial)<\/em>.- M\u00e1s all\u00e1 del duro enfrentamiento que tienen con el gobierno de Mauricio Macri por la posesi\u00f3n de tierras que reclaman como propias, las comunidades mapuches en la Argentina se debaten en estos d\u00edas ante un dilema interno de dif\u00edcil resoluci\u00f3n inmediata:\u00a0<strong>la defensa pac\u00edfica de una \u00abMachi\u00bb sanadora y gu\u00eda espiritual de todo el pueblo ind\u00edgena frente a la violencia ejercida por el grupo de Resistencia Ancestral Mapuche (RAM).<\/strong><\/p>\n<\/div>\n<\/div>\n<div class=\"row\">\n<div class=\"col-xs-12 col-print-12\">\n<p class=\"element element-paragraph\">La muerte del joven mapuche Rafael Nahuel del Lof Lafken Winkul Maipu tras un intento de desalojo de parte de la Prefectura en los terrenos de Parques Nacionales de Villa Mascardi no hizo m\u00e1s que cristalizar un debate interno que tienen los mapuches y que no saben c\u00f3mo canalizarlo.\u00a0<strong>Tampoco el Gobierno logr\u00f3 hasta ahora una receta para dilucidar este dilema, m\u00e1s all\u00e1 de negociaciones fallidas o el uso de la fuerza.<\/strong>\u00a0Pero la cuesti\u00f3n hoy es interna al pueblo mapuche. Durante toda la semana pasada en Bariloche las comunidades de todo el pa\u00eds debatieron de este tema sin llegar a\u00fan a una soluci\u00f3n.<\/p>\n<\/div>\n<\/div>\n<div class=\"row\">\n<div class=\"col-xs-12 col-print-12\">\n<p class=\"element element-paragraph\">Seg\u00fan el relato que hicieron ante\u00a0<strong>Infobae<\/strong>\u00a0referentes de diversas comunidades mapuches de R\u00edo Negro, Neuqu\u00e9n y Chubut, la puja por las tierras de Villa Mascardi no es una pelea m\u00e1s en todo el historial de enfrentamientos que hubo con los gobiernos en los \u00faltimos a\u00f1os:\u00a0<strong>all\u00ed decidi\u00f3 establecerse por \u00abun llamado espiritual\u00bb la Machi o gu\u00eda del pueblo<\/strong>. Se trata de una joven de 16 a\u00f1os que se llama Betiana Loan, los padres se encuentran con ella y, seg\u00fan dicen, expresa \u00abpoderes \u00fanicos\u00bb: cuenta con dones para lograr una sanaci\u00f3n f\u00edsica y espiritual,\u00a0<strong>se enferma mucho pero carece de problemas para vivir, habla otros idiomas desconocidos adem\u00e1s del espa\u00f1ol o el mapuche y en menos de dos meses pasar\u00e1 de ser una \u00abMachil\u00bb a una verdadera \u00abMachi\u00bb que estar\u00e1 en condiciones de guiar a todo el pueblo,<\/strong>\u00a0seg\u00fan sostienen.<\/p>\n<\/div>\n<\/div>\n<div class=\"row\">\n<div class=\"col-xs-12 col-print-12\">\n<p class=\"element element-paragraph\">\u00abEsta es una situaci\u00f3n que los que no conocen al pueblo mapuche no van a entender. Pero la Machi ha elegido ese sitio de Villa Mascardi como lugar sagrado para vivir, como pudo ser el Volc\u00e1n Lan\u00edn, que tambi\u00e9n es sagrado.\u00a0<strong>Y por primera vez en cientos de a\u00f1os el pueblo mapuche observa que hay una gu\u00eda espiritual que hay que respetar y defender\u00bb,<\/strong>\u00a0dijo a\u00a0<strong>Infobae<\/strong>\u00a0Luis Pilquiman, presidente del Parlamento Mapuche de todo el pa\u00eds.<\/p>\n<\/div>\n<\/div>\n<div class=\"row\">\n<div id=\"\" class=\"wrapper clearfix pb-feature pb-layout-item pb-f-ads-dfp left-align\">\n<div id=\"inline\" class=\"pb-ad-container pb-ad pb-ad-prod ad-1X1\" data-slot-name=\"inline\" data-mobile-display=\"true\" data-desktop-display=\"true\" data-google-query-id=\"CIPdwbSl8NcCFUcMkQodKK8MbQ\">\n<div id=\"google_ads_iframe_\/1058609\/infobae\/politica\/nota\/inline_0__container__\"><iframe id=\"google_ads_iframe_\/1058609\/infobae\/politica\/nota\/inline_0\" title=\"3rd party ad content\" name=\"google_ads_iframe_\/1058609\/infobae\/politica\/nota\/inline_0\" width=\"1\" height=\"1\" frameborder=\"0\" marginwidth=\"0\" marginheight=\"0\" scrolling=\"no\" data-mce-fragment=\"1\"><\/iframe><\/div>\n<\/div>\n<div class=\"border-bottom-\"><\/div>\n<\/div>\n<figure class=\"element element-image col-xs-12\">\n<div class=\"single-image\">\n<div class=\"shares\"><\/div>\n<p><img decoding=\"async\" id=\"CVJL45MIT5E5NLM4JZKYZTK3BE\" class=\"image-lazy\" src=\"https:\/\/www.infobae.com\/new-resizer\/SvIQv-xI7wkahyUbgN2tRP5w2UM=\/600x0\/filters:quality(100)\/s3.amazonaws.com\/arc-wordpress-client-uploads\/infobae-wp\/wp-content\/uploads\/2017\/11\/30182621\/mesa-dialogo-universidad-del-comahue-7.jpg\" alt=\"La mesa de di\u00e1logo en la universidad del Comahue\" width=\"750\" height=\"421.875\" data-url=\"http:\/\/www.infobae.com\/politica\/2017\/12\/03\/el-dilema-mapuche-abrazar-a-una-machi-sanadora-o-insistir-con-la-violencia-de-la-ram\/%23CVJL45MIT5E5NLM4JZKYZTK3BE\" data-original=\"https:\/\/www.infobae.com\/new-resizer\/SvIQv-xI7wkahyUbgN2tRP5w2UM=\/600x0\/filters:quality(100)\/s3.amazonaws.com\/arc-wordpress-client-uploads\/infobae-wp\/wp-content\/uploads\/2017\/11\/30182621\/mesa-dialogo-universidad-del-comahue-7.jpg\" \/><\/div><figcaption class=\"\"><span class=\"credit\">La mesa de di\u00e1logo en la universidad del Comahue<\/span><\/figcaption><\/figure>\n<\/div>\n<div class=\"row\">\n<div class=\"col-xs-12 col-print-12\">\n<p class=\"element element-paragraph\">La \u00abMachi\u00bb fue presentada esta semana en forma muy reservada ante la mesa de di\u00e1logo conformada por la Iglesia con la comunidad mapuche, el gobierno y referentes de los gremios y movimientos sociales. \u00abNadie la pod\u00eda tocar y hay una movilizaci\u00f3n muy fuerte entre los mapuches por este tema\u00bb, dijo uno de los integrantes de ese espacio de di\u00e1logo.<\/p>\n<\/div>\n<\/div>\n<div class=\"row\">\n<div class=\"col-xs-12 col-print-12\">\n<p class=\"element element-paragraph\">Amancay Quintripueo, de la comunidad mapuche Lof Kinxiwen, que se encuentra cerca de Villa La Angostura, tambi\u00e9n sostiene que\u00a0<strong>\u00abla aparici\u00f3n de una Machi en estas tierras no se registraba desde la \u00e9poca de la conquista del desierto y es por eso que todo el pueblo mapuche est\u00e1 movilizado\u00bb.<\/strong><\/p>\n<\/div>\n<\/div>\n<div class=\"row\">\n<div class=\"col-xs-12 col-print-12\">\n<p class=\"element element-paragraph\">A su vez, Miriam Liempe, que tambi\u00e9n forma parte del colectivo mapuche de R\u00edo Negro y representa a la CTA en la mesa de di\u00e1logo, explic\u00f3: \u00abEstamos ante la presencia de una Machi que eligi\u00f3 las tierras de Villa Mascardi como sagradas para vivir y necesitamos como nunca esas tierras para que nuestra Machi crezca all\u00ed en paz. Por eso vamos a defender y a resistir como sea esas tierras\u00bb.<\/p>\n<\/div>\n<\/div>\n<div class=\"row\">\n<div class=\"col-xs-12 col-print-12\">\n<p class=\"element element-paragraph\">El dilema que se abre all\u00ed es c\u00f3mo defender esas tierras y hasta d\u00f3nde llegar\u00e1n los mapuches para mantener esa \u00abcausa nacional\u00bb de protecci\u00f3n de la Machi.\u00a0<strong>La defensa de esos terrenos ya le cost\u00f3 la vida a Rafael Nahuel y los nexos del Lof Lafken Winkul Maipu de Villa Mascardi con la RAM son m\u00e1s que visibles.<\/strong>\u00a0Desde el Gobierno exponen pruebas: varios de los miembros de esa comunidad mapuche, como Fausto Jones Huala, es hermano de Facundo, que est\u00e1 preso y reivindica a la RAM desde la agrupaci\u00f3n mapuche de Cushamen, all\u00ed donde falleci\u00f3 Santiago Madonado. No son los \u00fanicos nexos de esa comunidad con la RAM. Tambi\u00e9n hay una conexi\u00f3n con el grupo violento de Chile denominado Comunidad Arauco Mapuche (CAM) ya que los mapuches de Chile defienden a la Machi de este lado de la Cordillera.<\/p>\n<\/div>\n<\/div>\n<div class=\"row\">\n<figure class=\"element element-image col-xs-12\">\n<div class=\"single-image\">\n<div class=\"shares\"><\/div>\n<p><img decoding=\"async\" id=\"IKFUHQQG3ZGL7LEJVPVDV5HLAY\" class=\"image-lazy\" src=\"https:\/\/www.infobae.com\/new-resizer\/Bi2hSs4SMCNjm7Ea7uOEdQtynoY=\/600x0\/filters:quality(100)\/s3.amazonaws.com\/arc-wordpress-client-uploads\/infobae-wp\/wp-content\/uploads\/2017\/11\/28184938\/mapuches-mesa-de-negociacion-2-1920.jpg\" alt=\"(Enviado especial de INFOBAE)\" width=\"750\" height=\"421.875\" data-url=\"http:\/\/www.infobae.com\/politica\/2017\/12\/03\/el-dilema-mapuche-abrazar-a-una-machi-sanadora-o-insistir-con-la-violencia-de-la-ram\/%23IKFUHQQG3ZGL7LEJVPVDV5HLAY\" data-original=\"https:\/\/www.infobae.com\/new-resizer\/Bi2hSs4SMCNjm7Ea7uOEdQtynoY=\/600x0\/filters:quality(100)\/s3.amazonaws.com\/arc-wordpress-client-uploads\/infobae-wp\/wp-content\/uploads\/2017\/11\/28184938\/mapuches-mesa-de-negociacion-2-1920.jpg\" \/><\/div><figcaption class=\"\"><span class=\"credit\">(Enviado especial de INFOBAE)<\/span><\/figcaption><\/figure>\n<\/div>\n<div class=\"row\">\n<div class=\"col-xs-12 col-print-12\">\n<p class=\"element element-paragraph\">\u00abLa RAM es consecuencia de que el Estado no nos reconoce como pueblo ni reconoce nuestras tierras y la violencia es del Estado no de nosotros\u00bb expres\u00f3 a\u00a0este medio\u00a0J\u00e9sica Milialonco de la comunidad La Waikeka, ubicada a unos 20 kilometros de Bariloche.<\/p>\n<\/div>\n<\/div>\n<div class=\"row\">\n<div class=\"col-xs-12 col-print-12\">\n<p class=\"element element-paragraph\">La t\u00eda de Rafael Nahuel, Mar\u00eda, tambi\u00e9n defendi\u00f3 el uso de la violencia para defender a la Machi:\u00a0<strong>\u00abVamos a resistir como sea\u00bb,<\/strong>\u00a0dijo en la protesta del jueves pasado en el Centro C\u00edvico de Bariloche.<\/p>\n<\/div>\n<\/div>\n<div class=\"row\">\n<div class=\"col-xs-12 col-print-12\">\n<p class=\"element element-paragraph\">El dilema para muchos mapuches es que la forma violenta en que esta mostr\u00e1ndose la RAM\u00a0<strong>deslegitima el reclamo de tierras que hacen<\/strong>, incluido el mayor pedido de asentamiento que es el de Villa Mascardi donde decidi\u00f3 instalarse la Machi como lugar sagrado.<\/p>\n<\/div>\n<\/div>\n<div class=\"row\">\n<div class=\"col-xs-12 col-print-12\">\n<p class=\"element element-paragraph\">En la mesa de di\u00e1logo, los referentes del Parlamento Mapuche y de las diferentes comunidades decidieron incluir en el acta un p\u00e1rrafo espec\u00edfico donde desconocen por completo a la RAM. Pero al mismo tiempo reconocen que Fausto Jones Huala es parte de la comunidad de Villa Mascardi.<br \/>\n\u00bfC\u00f3mo separar los deseos pac\u00edficos de la mayor parte de las comunidades mapuches del accionar violento de la RAM, que resulta visible?<\/p>\n<\/div>\n<\/div>\n<div class=\"row\">\n<div class=\"col-xs-12 col-print-12\">\n<p class=\"element element-paragraph\">En Bariloche, los mapuches de la RAM incendiaron hace unos meses los refugios de alta monta\u00f1a de Laguna Jacob y el Neumeyer. Adem\u00e1s, en el Club Andino Bariloche dijeron a\u00a0<strong>Infobae<\/strong>\u00a0que recientemente recibieron amenazas para quemar esa sede situada en plena ciudad.\u00a0<strong>\u00abNo entienden que los monta\u00f1istas tenemos el mismo esp\u00edritu de conservaci\u00f3n de la tierra que los mapuches. Pero nos ven como enemigos\u00bb,<\/strong>\u00a0dijo un miembro de ese club de monta\u00f1a.<\/p>\n<\/div>\n<\/div>\n<div class=\"row\">\n<div class=\"col-xs-12 col-print-12\">\n<p class=\"element element-paragraph\">El Ministerio de Seguridad tiene un informe reservado que contabiliz\u00f3 en los dos \u00faltimos a\u00f1os 77 hechos delictivos, atentados, incendios, privaci\u00f3n de la libertad y amenazas a personas. la mayor parte de estos hechos fueron adjudicados a la RAM.<\/p>\n<\/div>\n<\/div>\n<div class=\"row\">\n<div class=\"col-xs-12 col-print-12\">\n<p class=\"element element-paragraph\">Hay m\u00e1s. Seg\u00fan un relevamiento que hicieron los comerciantes, empresarios y pobladores de Neuqu\u00e9n, hay m\u00e1s de 15 atentados a una de las zonas m\u00e1s preciadas de la econom\u00eda argentina en estos momentos:\u00a0<strong>los yacimientos petroleros de Vaca Muerta.<\/strong>\u00a0La comunidad Kaxipayi\u00f1 realiz\u00f3 all\u00ed varias usurpaciones a terrenos de Los Barreales, hubo atentados de la RAM en el \u00e1rea que opera YPF en Loma de la Lata; la comunidad de Campo Maripe tiene una causa judicial por haber \u00abplantado\u00bb cad\u00e1veres para justificar su \u00abancestralidad\u00bb; la RAM se acaba de reivindicar los ataques a un pozo petrolero de Pluspetrol; en el pozo Allen se encontraron artefactos explosivos con carteles de la RAM y la comunidad Pe\u00f1ihuen usurp\u00f3 tierras con altos niveles de violencia en el Parque Industrial de A\u00f1elo.\u00a0<strong>Se estima que un 50% de las tierras de Vaca Muerta son reclamadas por los mapuches y que YPF dej\u00f3 de facturar unos 415 millones de pesos el \u00faltimo a\u00f1o por las usurpaciones y otros tanto el resto de las petroleras.<\/strong><\/p>\n<\/div>\n<\/div>\n<div class=\"row\">\n<div class=\"col-xs-12 col-print-12\">\n<p class=\"element element-paragraph\">El desalojo de otras comunidades, como la de Villa Mascardi, est\u00e1 a flor de piel en toda la Patagonia. Seg\u00fan informes oficiales del INAI, hay 129 sentencias firmes en la justicia por pedidos de desalojo y un centenar m\u00e1s que esperan fallos judiciales. Ayer, el juez Guillermo Villanueva rechaz\u00f3 un pedido de amparo que present\u00f3 el Consejo de Abogados Ind\u00edgenas de R\u00edo Negro por unas 10 comunidades. Temen que haya nuevos desalojos.\u00a0<strong>\u00bfResponder\u00e1n con el accionar violento de la RAM, habr\u00e1 otro enfrentamiento sangriento con las fuerzas de seguridad, se refugiar\u00e1n en los poderes de la Machi?<\/strong>\u00a0Nadie lo sabe.<\/p>\n<\/div>\n<\/div>\n<div class=\"row\">\n<div class=\"col-xs-12 col-print-12\">\n<p class=\"element element-paragraph\">Fuentes allegadas al ministro de Medio Ambiente, el rabino Sergio Bergman, que decidi\u00f3 que Parques Nacionales no se sentara a la mesa de di\u00e1logo de Bariloche si antes no se desaloja la zona de Villa Mascardi dijeron a\u00a0<strong>Infobae<\/strong>\u00a0tajantemente:\u00a0<strong>\u00abNo se negociar\u00e1 con grupos violentos. Se puede dialogar y cumplir la ley a la vez\u00bb<\/strong>. S\u00f3lo que en hebreo, suele bromear Bergman, el orden es inverso: \u00abSe debe cumplir con la ley primero para poder dialogar\u00bb.<\/p>\n<p>Fuente: La Ma\u00f1ana Neuquen<\/p>\n<\/div>\n<\/div>\n<\/div>\n<\/div>\n<\/div>\n<\/div>\n","protected":false},"excerpt":{"rendered":"<p>Villa Mascardi.-Las comunidades ind\u00edgenas defender\u00e1n a una gu\u00eda espiritual que se encuentra en las tierras tomadas de Villa Mascardi.<\/p>\n","protected":false},"author":2,"featured_media":0,"comment_status":"open","ping_status":"open","sticky":false,"template":"","format":"standard","meta":{"site-sidebar-layout":"default","site-content-layout":"","ast-site-content-layout":"default","site-content-style":"default","site-sidebar-style":"default","ast-global-header-display":"","ast-banner-title-visibility":"","ast-main-header-display":"","ast-hfb-above-header-display":"","ast-hfb-below-header-display":"","ast-hfb-mobile-header-display":"","site-post-title":"","ast-breadcrumbs-content":"","ast-featured-img":"","footer-sml-layout":"","ast-disable-related-posts":"","theme-transparent-header-meta":"","adv-header-id-meta":"","stick-header-meta":"","header-above-stick-meta":"","header-main-stick-meta":"","header-below-stick-meta":"","astra-migrate-meta-layouts":"default","ast-page-background-enabled":"default","ast-page-background-meta":{"desktop":{"background-color":"var(--ast-global-color-5)","background-image":"","background-repeat":"repeat","background-position":"center center","background-size":"auto","background-attachment":"scroll","background-type":"","background-media":"","overlay-type":"","overlay-color":"","overlay-opacity":"","overlay-gradient":""},"tablet":{"background-color":"","background-image":"","background-repeat":"repeat","background-position":"center center","background-size":"auto","background-attachment":"scroll","background-type":"","background-media":"","overlay-type":"","overlay-color":"","overlay-opacity":"","overlay-gradient":""},"mobile":{"background-color":"","background-image":"","background-repeat":"repeat","background-position":"center center","background-size":"auto","background-attachment":"scroll","background-type":"","background-media":"","overlay-type":"","overlay-color":"","overlay-opacity":"","overlay-gradient":""}},"ast-content-background-meta":{"desktop":{"background-color":"var(--ast-global-color-4)","background-image":"","background-repeat":"repeat","background-position":"center center","background-size":"auto","background-attachment":"scroll","background-type":"","background-media":"","overlay-type":"","overlay-color":"","overlay-opacity":"","overlay-gradient":""},"tablet":{"background-color":"var(--ast-global-color-4)","background-image":"","background-repeat":"repeat","background-position":"center center","background-size":"auto","background-attachment":"scroll","background-type":"","background-media":"","overlay-type":"","overlay-color":"","overlay-opacity":"","overlay-gradient":""},"mobile":{"background-color":"var(--ast-global-color-4)","background-image":"","background-repeat":"repeat","background-position":"center center","background-size":"auto","background-attachment":"scroll","background-type":"","background-media":"","overlay-type":"","overlay-color":"","overlay-opacity":"","overlay-gradient":""}},"footnotes":""},"categories":[1,13,14],"tags":[],"class_list":["post-39252","post","type-post","status-publish","format-standard","hentry","category-noticias","category-provinciales","category-rio-negro"],"yoast_head":"<!-- This site is optimized with the Yoast SEO Premium plugin v23.0 (Yoast SEO v27.4) - https:\/\/yoast.com\/product\/yoast-seo-premium-wordpress\/ -->\n<title>El dilema mapuche: abrazar a una &quot;Machi&quot; sanadora o insistir con la violencia de la RAM<\/title>\n<meta name=\"robots\" content=\"index, follow, max-snippet:-1, max-image-preview:large, max-video-preview:-1\" \/>\n<link rel=\"canonical\" href=\"https:\/\/patagoniambiental.com.ar\/info\/el-dilema-mapuche-abrazar-a-una-machi-sanadora-o-insistir-con-la-violencia-de-la-ram\/\" \/>\n<meta property=\"og:locale\" content=\"es_ES\" \/>\n<meta property=\"og:type\" content=\"article\" \/>\n<meta property=\"og:title\" content=\"El dilema mapuche: abrazar a una &quot;Machi&quot; sanadora o insistir con la violencia de la RAM\" \/>\n<meta property=\"og:description\" content=\"Villa Mascardi.-Las comunidades ind\u00edgenas defender\u00e1n a una gu\u00eda espiritual que se encuentra en las tierras tomadas de Villa Mascardi.\" \/>\n<meta property=\"og:url\" content=\"https:\/\/patagoniambiental.com.ar\/info\/el-dilema-mapuche-abrazar-a-una-machi-sanadora-o-insistir-con-la-violencia-de-la-ram\/\" \/>\n<meta property=\"og:site_name\" content=\"Patagonia Ambiental\" \/>\n<meta property=\"article:publisher\" content=\"https:\/\/www.facebook.com\/patagonia.ambiental\" \/>\n<meta property=\"article:author\" content=\"https:\/\/www.facebook.com\/share\/1C1V8Gv9BX\/?mibextid=qi2Omg\" \/>\n<meta property=\"article:published_time\" content=\"2017-12-04T22:00:30+00:00\" \/>\n<meta property=\"og:image\" content=\"https:\/\/www.infobae.com\/new-resizer\/kbo9TwK-IY00VnV8OtgiNkjkETA=\/0x200\/filters:quality(100)\/s3.amazonaws.com\/arc-authors\/infobae\/0e74a70a-8382-4fdb-8c9c-74149ac0a34d.png\" \/>\n<meta name=\"author\" content=\"Patagonia Ambiental\" \/>\n<meta name=\"twitter:card\" content=\"summary_large_image\" \/>\n<meta name=\"twitter:creator\" content=\"@PatAmb\" \/>\n<meta name=\"twitter:site\" content=\"@PatAmb\" \/>\n<script type=\"application\/ld+json\" class=\"yoast-schema-graph\">{\"@context\":\"https:\\\/\\\/schema.org\",\"@graph\":[{\"@type\":\"Article\",\"@id\":\"https:\\\/\\\/patagoniambiental.com.ar\\\/info\\\/el-dilema-mapuche-abrazar-a-una-machi-sanadora-o-insistir-con-la-violencia-de-la-ram\\\/#article\",\"isPartOf\":{\"@id\":\"https:\\\/\\\/patagoniambiental.com.ar\\\/info\\\/el-dilema-mapuche-abrazar-a-una-machi-sanadora-o-insistir-con-la-violencia-de-la-ram\\\/\"},\"author\":{\"name\":\"Patagonia Ambiental\",\"@id\":\"https:\\\/\\\/patagoniambiental.com.ar\\\/info\\\/#\\\/schema\\\/person\\\/db12bff64bbcbf6a253710bf0ea37b5d\"},\"headline\":\"El dilema mapuche: abrazar a una \u00abMachi\u00bb sanadora o insistir con la violencia de la RAM\",\"datePublished\":\"2017-12-04T22:00:30+00:00\",\"mainEntityOfPage\":{\"@id\":\"https:\\\/\\\/patagoniambiental.com.ar\\\/info\\\/el-dilema-mapuche-abrazar-a-una-machi-sanadora-o-insistir-con-la-violencia-de-la-ram\\\/\"},\"wordCount\":1529,\"commentCount\":0,\"publisher\":{\"@id\":\"https:\\\/\\\/patagoniambiental.com.ar\\\/info\\\/#organization\"},\"image\":{\"@id\":\"https:\\\/\\\/patagoniambiental.com.ar\\\/info\\\/el-dilema-mapuche-abrazar-a-una-machi-sanadora-o-insistir-con-la-violencia-de-la-ram\\\/#primaryimage\"},\"thumbnailUrl\":\"https:\\\/\\\/www.infobae.com\\\/new-resizer\\\/kbo9TwK-IY00VnV8OtgiNkjkETA=\\\/0x200\\\/filters:quality(100)\\\/s3.amazonaws.com\\\/arc-authors\\\/infobae\\\/0e74a70a-8382-4fdb-8c9c-74149ac0a34d.png\",\"articleSection\":[\"Noticias\",\"Provinciales\",\"R\u00edo Negro\"],\"inLanguage\":\"es\",\"potentialAction\":[{\"@type\":\"CommentAction\",\"name\":\"Comment\",\"target\":[\"https:\\\/\\\/patagoniambiental.com.ar\\\/info\\\/el-dilema-mapuche-abrazar-a-una-machi-sanadora-o-insistir-con-la-violencia-de-la-ram\\\/#respond\"]}]},{\"@type\":\"WebPage\",\"@id\":\"https:\\\/\\\/patagoniambiental.com.ar\\\/info\\\/el-dilema-mapuche-abrazar-a-una-machi-sanadora-o-insistir-con-la-violencia-de-la-ram\\\/\",\"url\":\"https:\\\/\\\/patagoniambiental.com.ar\\\/info\\\/el-dilema-mapuche-abrazar-a-una-machi-sanadora-o-insistir-con-la-violencia-de-la-ram\\\/\",\"name\":\"El dilema mapuche: abrazar a una \\\"Machi\\\" sanadora o insistir con la violencia de la RAM\",\"isPartOf\":{\"@id\":\"https:\\\/\\\/patagoniambiental.com.ar\\\/info\\\/#website\"},\"primaryImageOfPage\":{\"@id\":\"https:\\\/\\\/patagoniambiental.com.ar\\\/info\\\/el-dilema-mapuche-abrazar-a-una-machi-sanadora-o-insistir-con-la-violencia-de-la-ram\\\/#primaryimage\"},\"image\":{\"@id\":\"https:\\\/\\\/patagoniambiental.com.ar\\\/info\\\/el-dilema-mapuche-abrazar-a-una-machi-sanadora-o-insistir-con-la-violencia-de-la-ram\\\/#primaryimage\"},\"thumbnailUrl\":\"https:\\\/\\\/www.infobae.com\\\/new-resizer\\\/kbo9TwK-IY00VnV8OtgiNkjkETA=\\\/0x200\\\/filters:quality(100)\\\/s3.amazonaws.com\\\/arc-authors\\\/infobae\\\/0e74a70a-8382-4fdb-8c9c-74149ac0a34d.png\",\"datePublished\":\"2017-12-04T22:00:30+00:00\",\"breadcrumb\":{\"@id\":\"https:\\\/\\\/patagoniambiental.com.ar\\\/info\\\/el-dilema-mapuche-abrazar-a-una-machi-sanadora-o-insistir-con-la-violencia-de-la-ram\\\/#breadcrumb\"},\"inLanguage\":\"es\",\"potentialAction\":[{\"@type\":\"ReadAction\",\"target\":[\"https:\\\/\\\/patagoniambiental.com.ar\\\/info\\\/el-dilema-mapuche-abrazar-a-una-machi-sanadora-o-insistir-con-la-violencia-de-la-ram\\\/\"]}]},{\"@type\":\"ImageObject\",\"inLanguage\":\"es\",\"@id\":\"https:\\\/\\\/patagoniambiental.com.ar\\\/info\\\/el-dilema-mapuche-abrazar-a-una-machi-sanadora-o-insistir-con-la-violencia-de-la-ram\\\/#primaryimage\",\"url\":\"https:\\\/\\\/www.infobae.com\\\/new-resizer\\\/kbo9TwK-IY00VnV8OtgiNkjkETA=\\\/0x200\\\/filters:quality(100)\\\/s3.amazonaws.com\\\/arc-authors\\\/infobae\\\/0e74a70a-8382-4fdb-8c9c-74149ac0a34d.png\",\"contentUrl\":\"https:\\\/\\\/www.infobae.com\\\/new-resizer\\\/kbo9TwK-IY00VnV8OtgiNkjkETA=\\\/0x200\\\/filters:quality(100)\\\/s3.amazonaws.com\\\/arc-authors\\\/infobae\\\/0e74a70a-8382-4fdb-8c9c-74149ac0a34d.png\"},{\"@type\":\"BreadcrumbList\",\"@id\":\"https:\\\/\\\/patagoniambiental.com.ar\\\/info\\\/el-dilema-mapuche-abrazar-a-una-machi-sanadora-o-insistir-con-la-violencia-de-la-ram\\\/#breadcrumb\",\"itemListElement\":[{\"@type\":\"ListItem\",\"position\":1,\"name\":\"Inicio\",\"item\":\"https:\\\/\\\/patagoniambiental.com.ar\\\/info\\\/\"},{\"@type\":\"ListItem\",\"position\":2,\"name\":\"El dilema mapuche: abrazar a una \u00abMachi\u00bb sanadora o insistir con la violencia de la RAM\"}]},{\"@type\":\"WebSite\",\"@id\":\"https:\\\/\\\/patagoniambiental.com.ar\\\/info\\\/#website\",\"url\":\"https:\\\/\\\/patagoniambiental.com.ar\\\/info\\\/\",\"name\":\"Patagonia Ambiental\",\"description\":\"Monitoreo y an\u00e1lisis de la situaci\u00f3n geopol\u00edtica en el mundo y su implicancia en la Patagonia\",\"publisher\":{\"@id\":\"https:\\\/\\\/patagoniambiental.com.ar\\\/info\\\/#organization\"},\"potentialAction\":[{\"@type\":\"SearchAction\",\"target\":{\"@type\":\"EntryPoint\",\"urlTemplate\":\"https:\\\/\\\/patagoniambiental.com.ar\\\/info\\\/?s={search_term_string}\"},\"query-input\":{\"@type\":\"PropertyValueSpecification\",\"valueRequired\":true,\"valueName\":\"search_term_string\"}}],\"inLanguage\":\"es\"},{\"@type\":\"Organization\",\"@id\":\"https:\\\/\\\/patagoniambiental.com.ar\\\/info\\\/#organization\",\"name\":\"Patagonia Ambiental\",\"url\":\"https:\\\/\\\/patagoniambiental.com.ar\\\/info\\\/\",\"logo\":{\"@type\":\"ImageObject\",\"inLanguage\":\"es\",\"@id\":\"https:\\\/\\\/patagoniambiental.com.ar\\\/info\\\/#\\\/schema\\\/logo\\\/image\\\/\",\"url\":\"https:\\\/\\\/patagoniambiental.com.ar\\\/info\\\/wp-content\\\/uploads\\\/2025\\\/05\\\/LOGO-PATAGONIA-AMBIENTAL.png\",\"contentUrl\":\"https:\\\/\\\/patagoniambiental.com.ar\\\/info\\\/wp-content\\\/uploads\\\/2025\\\/05\\\/LOGO-PATAGONIA-AMBIENTAL.png\",\"width\":433,\"height\":250,\"caption\":\"Patagonia Ambiental\"},\"image\":{\"@id\":\"https:\\\/\\\/patagoniambiental.com.ar\\\/info\\\/#\\\/schema\\\/logo\\\/image\\\/\"},\"sameAs\":[\"https:\\\/\\\/www.facebook.com\\\/patagonia.ambiental\",\"https:\\\/\\\/x.com\\\/PatAmb\"]},{\"@type\":\"Person\",\"@id\":\"https:\\\/\\\/patagoniambiental.com.ar\\\/info\\\/#\\\/schema\\\/person\\\/db12bff64bbcbf6a253710bf0ea37b5d\",\"name\":\"Patagonia Ambiental\",\"description\":\"Andr\u00e9s Nievas T\u00e9cnico en manejo ambiental, consultor Ambiental y escritor para medios locales e internacionales sobre temas de geopolitica y medio ambiente.\",\"sameAs\":[\"http:\\\/\\\/www.patagoniambiental.com.ar\",\"https:\\\/\\\/www.facebook.com\\\/share\\\/1C1V8Gv9BX\\\/?mibextid=qi2Omg\",\"@patagoniambiental\",\"https:\\\/\\\/youtube.com\\\/@patagoniaambiental2023?si=BLt58t0wuXquxlYZ\"]}]}<\/script>\n<!-- \/ Yoast SEO Premium plugin. -->","yoast_head_json":{"title":"El dilema mapuche: abrazar a una \"Machi\" sanadora o insistir con la violencia de la RAM","robots":{"index":"index","follow":"follow","max-snippet":"max-snippet:-1","max-image-preview":"max-image-preview:large","max-video-preview":"max-video-preview:-1"},"canonical":"https:\/\/patagoniambiental.com.ar\/info\/el-dilema-mapuche-abrazar-a-una-machi-sanadora-o-insistir-con-la-violencia-de-la-ram\/","og_locale":"es_ES","og_type":"article","og_title":"El dilema mapuche: abrazar a una \"Machi\" sanadora o insistir con la violencia de la RAM","og_description":"Villa Mascardi.-Las comunidades ind\u00edgenas defender\u00e1n a una gu\u00eda espiritual que se encuentra en las tierras tomadas de Villa Mascardi.","og_url":"https:\/\/patagoniambiental.com.ar\/info\/el-dilema-mapuche-abrazar-a-una-machi-sanadora-o-insistir-con-la-violencia-de-la-ram\/","og_site_name":"Patagonia Ambiental","article_publisher":"https:\/\/www.facebook.com\/patagonia.ambiental","article_author":"https:\/\/www.facebook.com\/share\/1C1V8Gv9BX\/?mibextid=qi2Omg","article_published_time":"2017-12-04T22:00:30+00:00","og_image":[{"url":"https:\/\/www.infobae.com\/new-resizer\/kbo9TwK-IY00VnV8OtgiNkjkETA=\/0x200\/filters:quality(100)\/s3.amazonaws.com\/arc-authors\/infobae\/0e74a70a-8382-4fdb-8c9c-74149ac0a34d.png","type":"","width":"","height":""}],"author":"Patagonia Ambiental","twitter_card":"summary_large_image","twitter_creator":"@PatAmb","twitter_site":"@PatAmb","schema":{"@context":"https:\/\/schema.org","@graph":[{"@type":"Article","@id":"https:\/\/patagoniambiental.com.ar\/info\/el-dilema-mapuche-abrazar-a-una-machi-sanadora-o-insistir-con-la-violencia-de-la-ram\/#article","isPartOf":{"@id":"https:\/\/patagoniambiental.com.ar\/info\/el-dilema-mapuche-abrazar-a-una-machi-sanadora-o-insistir-con-la-violencia-de-la-ram\/"},"author":{"name":"Patagonia Ambiental","@id":"https:\/\/patagoniambiental.com.ar\/info\/#\/schema\/person\/db12bff64bbcbf6a253710bf0ea37b5d"},"headline":"El dilema mapuche: abrazar a una \u00abMachi\u00bb sanadora o insistir con la violencia de la RAM","datePublished":"2017-12-04T22:00:30+00:00","mainEntityOfPage":{"@id":"https:\/\/patagoniambiental.com.ar\/info\/el-dilema-mapuche-abrazar-a-una-machi-sanadora-o-insistir-con-la-violencia-de-la-ram\/"},"wordCount":1529,"commentCount":0,"publisher":{"@id":"https:\/\/patagoniambiental.com.ar\/info\/#organization"},"image":{"@id":"https:\/\/patagoniambiental.com.ar\/info\/el-dilema-mapuche-abrazar-a-una-machi-sanadora-o-insistir-con-la-violencia-de-la-ram\/#primaryimage"},"thumbnailUrl":"https:\/\/www.infobae.com\/new-resizer\/kbo9TwK-IY00VnV8OtgiNkjkETA=\/0x200\/filters:quality(100)\/s3.amazonaws.com\/arc-authors\/infobae\/0e74a70a-8382-4fdb-8c9c-74149ac0a34d.png","articleSection":["Noticias","Provinciales","R\u00edo Negro"],"inLanguage":"es","potentialAction":[{"@type":"CommentAction","name":"Comment","target":["https:\/\/patagoniambiental.com.ar\/info\/el-dilema-mapuche-abrazar-a-una-machi-sanadora-o-insistir-con-la-violencia-de-la-ram\/#respond"]}]},{"@type":"WebPage","@id":"https:\/\/patagoniambiental.com.ar\/info\/el-dilema-mapuche-abrazar-a-una-machi-sanadora-o-insistir-con-la-violencia-de-la-ram\/","url":"https:\/\/patagoniambiental.com.ar\/info\/el-dilema-mapuche-abrazar-a-una-machi-sanadora-o-insistir-con-la-violencia-de-la-ram\/","name":"El dilema mapuche: abrazar a una \"Machi\" sanadora o insistir con la violencia de la RAM","isPartOf":{"@id":"https:\/\/patagoniambiental.com.ar\/info\/#website"},"primaryImageOfPage":{"@id":"https:\/\/patagoniambiental.com.ar\/info\/el-dilema-mapuche-abrazar-a-una-machi-sanadora-o-insistir-con-la-violencia-de-la-ram\/#primaryimage"},"image":{"@id":"https:\/\/patagoniambiental.com.ar\/info\/el-dilema-mapuche-abrazar-a-una-machi-sanadora-o-insistir-con-la-violencia-de-la-ram\/#primaryimage"},"thumbnailUrl":"https:\/\/www.infobae.com\/new-resizer\/kbo9TwK-IY00VnV8OtgiNkjkETA=\/0x200\/filters:quality(100)\/s3.amazonaws.com\/arc-authors\/infobae\/0e74a70a-8382-4fdb-8c9c-74149ac0a34d.png","datePublished":"2017-12-04T22:00:30+00:00","breadcrumb":{"@id":"https:\/\/patagoniambiental.com.ar\/info\/el-dilema-mapuche-abrazar-a-una-machi-sanadora-o-insistir-con-la-violencia-de-la-ram\/#breadcrumb"},"inLanguage":"es","potentialAction":[{"@type":"ReadAction","target":["https:\/\/patagoniambiental.com.ar\/info\/el-dilema-mapuche-abrazar-a-una-machi-sanadora-o-insistir-con-la-violencia-de-la-ram\/"]}]},{"@type":"ImageObject","inLanguage":"es","@id":"https:\/\/patagoniambiental.com.ar\/info\/el-dilema-mapuche-abrazar-a-una-machi-sanadora-o-insistir-con-la-violencia-de-la-ram\/#primaryimage","url":"https:\/\/www.infobae.com\/new-resizer\/kbo9TwK-IY00VnV8OtgiNkjkETA=\/0x200\/filters:quality(100)\/s3.amazonaws.com\/arc-authors\/infobae\/0e74a70a-8382-4fdb-8c9c-74149ac0a34d.png","contentUrl":"https:\/\/www.infobae.com\/new-resizer\/kbo9TwK-IY00VnV8OtgiNkjkETA=\/0x200\/filters:quality(100)\/s3.amazonaws.com\/arc-authors\/infobae\/0e74a70a-8382-4fdb-8c9c-74149ac0a34d.png"},{"@type":"BreadcrumbList","@id":"https:\/\/patagoniambiental.com.ar\/info\/el-dilema-mapuche-abrazar-a-una-machi-sanadora-o-insistir-con-la-violencia-de-la-ram\/#breadcrumb","itemListElement":[{"@type":"ListItem","position":1,"name":"Inicio","item":"https:\/\/patagoniambiental.com.ar\/info\/"},{"@type":"ListItem","position":2,"name":"El dilema mapuche: abrazar a una \u00abMachi\u00bb sanadora o insistir con la violencia de la RAM"}]},{"@type":"WebSite","@id":"https:\/\/patagoniambiental.com.ar\/info\/#website","url":"https:\/\/patagoniambiental.com.ar\/info\/","name":"Patagonia Ambiental","description":"Monitoreo y an\u00e1lisis de la situaci\u00f3n geopol\u00edtica en el mundo y su implicancia en la Patagonia","publisher":{"@id":"https:\/\/patagoniambiental.com.ar\/info\/#organization"},"potentialAction":[{"@type":"SearchAction","target":{"@type":"EntryPoint","urlTemplate":"https:\/\/patagoniambiental.com.ar\/info\/?s={search_term_string}"},"query-input":{"@type":"PropertyValueSpecification","valueRequired":true,"valueName":"search_term_string"}}],"inLanguage":"es"},{"@type":"Organization","@id":"https:\/\/patagoniambiental.com.ar\/info\/#organization","name":"Patagonia Ambiental","url":"https:\/\/patagoniambiental.com.ar\/info\/","logo":{"@type":"ImageObject","inLanguage":"es","@id":"https:\/\/patagoniambiental.com.ar\/info\/#\/schema\/logo\/image\/","url":"https:\/\/patagoniambiental.com.ar\/info\/wp-content\/uploads\/2025\/05\/LOGO-PATAGONIA-AMBIENTAL.png","contentUrl":"https:\/\/patagoniambiental.com.ar\/info\/wp-content\/uploads\/2025\/05\/LOGO-PATAGONIA-AMBIENTAL.png","width":433,"height":250,"caption":"Patagonia Ambiental"},"image":{"@id":"https:\/\/patagoniambiental.com.ar\/info\/#\/schema\/logo\/image\/"},"sameAs":["https:\/\/www.facebook.com\/patagonia.ambiental","https:\/\/x.com\/PatAmb"]},{"@type":"Person","@id":"https:\/\/patagoniambiental.com.ar\/info\/#\/schema\/person\/db12bff64bbcbf6a253710bf0ea37b5d","name":"Patagonia Ambiental","description":"Andr\u00e9s Nievas T\u00e9cnico en manejo ambiental, consultor Ambiental y escritor para medios locales e internacionales sobre temas de geopolitica y medio ambiente.","sameAs":["http:\/\/www.patagoniambiental.com.ar","https:\/\/www.facebook.com\/share\/1C1V8Gv9BX\/?mibextid=qi2Omg","@patagoniambiental","https:\/\/youtube.com\/@patagoniaambiental2023?si=BLt58t0wuXquxlYZ"]}]}},"_links":{"self":[{"href":"https:\/\/patagoniambiental.com.ar\/info\/wp-json\/wp\/v2\/posts\/39252","targetHints":{"allow":["GET"]}}],"collection":[{"href":"https:\/\/patagoniambiental.com.ar\/info\/wp-json\/wp\/v2\/posts"}],"about":[{"href":"https:\/\/patagoniambiental.com.ar\/info\/wp-json\/wp\/v2\/types\/post"}],"author":[{"embeddable":true,"href":"https:\/\/patagoniambiental.com.ar\/info\/wp-json\/wp\/v2\/users\/2"}],"replies":[{"embeddable":true,"href":"https:\/\/patagoniambiental.com.ar\/info\/wp-json\/wp\/v2\/comments?post=39252"}],"version-history":[{"count":0,"href":"https:\/\/patagoniambiental.com.ar\/info\/wp-json\/wp\/v2\/posts\/39252\/revisions"}],"wp:attachment":[{"href":"https:\/\/patagoniambiental.com.ar\/info\/wp-json\/wp\/v2\/media?parent=39252"}],"wp:term":[{"taxonomy":"category","embeddable":true,"href":"https:\/\/patagoniambiental.com.ar\/info\/wp-json\/wp\/v2\/categories?post=39252"},{"taxonomy":"post_tag","embeddable":true,"href":"https:\/\/patagoniambiental.com.ar\/info\/wp-json\/wp\/v2\/tags?post=39252"}],"curies":[{"name":"wp","href":"https:\/\/api.w.org\/{rel}","templated":true}]}}