{"id":39271,"date":"2017-12-05T09:00:25","date_gmt":"2017-12-05T12:00:25","guid":{"rendered":"http:\/\/patagoniambiental.com.ar\/info\/?p=39271"},"modified":"2017-12-04T19:07:29","modified_gmt":"2017-12-04T22:07:29","slug":"rio-atuel-mendoza-ya-le-pidio-a-la-pampa-un-encuentro-para-llegar-a-un-acuerdo","status":"publish","type":"post","link":"https:\/\/patagoniambiental.com.ar\/info\/rio-atuel-mendoza-ya-le-pidio-a-la-pampa-un-encuentro-para-llegar-a-un-acuerdo\/","title":{"rendered":"R\u00edo Atuel: Mendoza ya le pidi\u00f3 a La Pampa un encuentro para llegar a un acuerdo"},"content":{"rendered":"<div class=\"detail-body news-content \">\n<div class=\"news-body\">\n<div class=\"news-paragraph cuerpo\">MENDOZA.- El ministro de Gobierno, Trabajo y Justicia de la provincia, Dalmiro Garay confirm\u00f3 a Canal 6 que \u00abel gobierno mendocino ya le envi\u00f3 un pedido al gobernador pampeano para iniciar la negociaci\u00f3n que solicit\u00f3 la Corte Nacional en su \u00faltimo fallo por el conflicto del r\u00edo Atuel\u00bb.<\/p>\n<div>Seg\u00fan el funcionario, \u00abya se env\u00edo ese pedido solicit\u00e1ndole un encuentro al gobernador Verna con la presencia de un veedor de la Corte y en un lugar neutral que puede ser Buenos Aires\u00bb.<\/div>\n<div>A la espera de la contestaci\u00f3n, Garay dijo que \u00abel fallo no afecta los intereses de los regantes y est\u00e1 relacionado con una cuesti\u00f3n de ambiente para recuperar los ba\u00f1ados y humedales del oeste de La Pampa\u00bb.<\/div>\n<div>Para que se pueda concretar esto, la Corte exhort\u00f3 a ambos estados provinciales a llegar a un acuerdo que implique la construcci\u00f3n de obras en las que La Pampa deber\u00e1 contribuir.<\/div>\n<div>En ese sentido Garay dijo que \u00abesto es muy importante porque la Corte fija en el fallo la necesidad de que La Pampa aporte soluciones econ\u00f3micas al conflicto\u00bb y agreg\u00f3 que \u00abel pase de agua no afectar\u00e1 a los regantes, se habla de una cifra que en muchas oportunidades Mendoza envi\u00f3 e incluso super\u00f3\u00bb.<\/div>\n<div>Para el especialista Aldo Guarino Arias, \u00abel fallo tambi\u00e9n favorece a Mendoza porque le exige a La Pampa la realizaci\u00f3n de obras que nunca quiso hacer. Ellos quer\u00edan agua pero nunca quisieron poner un peso, ahora la Corte les dice que se deben poner de acuerdo con Mendoza para que se haga en conjunto\u00bb.<\/div>\n<div>Lo cierto es que ambas partes tienen un plazo de 120 d\u00edas, se puede prorrogar , para llegar a un acuerdo definitivo.<\/div>\n<div><\/div>\n<\/div>\n<\/div>\n<\/div>\n<p><a href=\"https:\/\/www.unosanrafael.com.ar\/san-rafael\/rio-atuel-mendoza-ya-le-pidio-la-pampa-un-encuentro-llegar-un-acuerdo-n1518120.html\" name=\"fb-comment\"><\/a><\/p>\n<div id=\"comenta\" class=\"content-comments col-xs-12 col-sm-12 col-md-12 \">\u00a0Fuente:\u00a0https:\/\/www.unosanrafael.com.ar\/san-rafael\/rio-atuel-mendoza-ya-le-pidio-la-pampa-un-encuentro-llegar-un-acuerdo-n1518120.html<\/div>\n","protected":false},"excerpt":{"rendered":"<p>MENDOZA.- El ministro de Gobierno, Trabajo y Justicia de la provincia, Dalmiro Garay confirm\u00f3 a Canal 6 que \u00abel gobierno [&hellip;]<\/p>\n","protected":false},"author":2,"featured_media":0,"comment_status":"open","ping_status":"open","sticky":false,"template":"","format":"standard","meta":{"site-sidebar-layout":"default","site-content-layout":"","ast-site-content-layout":"default","site-content-style":"default","site-sidebar-style":"default","ast-global-header-display":"","ast-banner-title-visibility":"","ast-main-header-display":"","ast-hfb-above-header-display":"","ast-hfb-below-header-display":"","ast-hfb-mobile-header-display":"","site-post-title":"","ast-breadcrumbs-content":"","ast-featured-img":"","footer-sml-layout":"","ast-disable-related-posts":"","theme-transparent-header-meta":"","adv-header-id-meta":"","stick-header-meta":"","header-above-stick-meta":"","header-main-stick-meta":"","header-below-stick-meta":"","astra-migrate-meta-layouts":"default","ast-page-background-enabled":"default","ast-page-background-meta":{"desktop":{"background-color":"var(--ast-global-color-5)","background-image":"","background-repeat":"repeat","background-position":"center center","background-size":"auto","background-attachment":"scroll","background-type":"","background-media":"","overlay-type":"","overlay-color":"","overlay-opacity":"","overlay-gradient":""},"tablet":{"background-color":"","background-image":"","background-repeat":"repeat","background-position":"center center","background-size":"auto","background-attachment":"scroll","background-type":"","background-media":"","overlay-type":"","overlay-color":"","overlay-opacity":"","overlay-gradient":""},"mobile":{"background-color":"","background-image":"","background-repeat":"repeat","background-position":"center center","background-size":"auto","background-attachment":"scroll","background-type":"","background-media":"","overlay-type":"","overlay-color":"","overlay-opacity":"","overlay-gradient":""}},"ast-content-background-meta":{"desktop":{"background-color":"var(--ast-global-color-4)","background-image":"","background-repeat":"repeat","background-position":"center center","background-size":"auto","background-attachment":"scroll","background-type":"","background-media":"","overlay-type":"","overlay-color":"","overlay-opacity":"","overlay-gradient":""},"tablet":{"background-color":"var(--ast-global-color-4)","background-image":"","background-repeat":"repeat","background-position":"center center","background-size":"auto","background-attachment":"scroll","background-type":"","background-media":"","overlay-type":"","overlay-color":"","overlay-opacity":"","overlay-gradient":""},"mobile":{"background-color":"var(--ast-global-color-4)","background-image":"","background-repeat":"repeat","background-position":"center center","background-size":"auto","background-attachment":"scroll","background-type":"","background-media":"","overlay-type":"","overlay-color":"","overlay-opacity":"","overlay-gradient":""}},"footnotes":""},"categories":[1],"tags":[],"class_list":["post-39271","post","type-post","status-publish","format-standard","hentry","category-noticias"],"yoast_head":"<!-- This site is optimized with the Yoast SEO Premium plugin v23.0 (Yoast SEO v27.4) - https:\/\/yoast.com\/product\/yoast-seo-premium-wordpress\/ -->\n<title>R\u00edo Atuel: Mendoza ya le pidi\u00f3 a La Pampa un encuentro para llegar a un acuerdo<\/title>\n<meta name=\"robots\" content=\"index, follow, max-snippet:-1, max-image-preview:large, max-video-preview:-1\" \/>\n<link rel=\"canonical\" href=\"https:\/\/patagoniambiental.com.ar\/info\/rio-atuel-mendoza-ya-le-pidio-a-la-pampa-un-encuentro-para-llegar-a-un-acuerdo\/\" \/>\n<meta property=\"og:locale\" content=\"es_ES\" \/>\n<meta property=\"og:type\" content=\"article\" \/>\n<meta property=\"og:title\" content=\"R\u00edo Atuel: Mendoza ya le pidi\u00f3 a La Pampa un encuentro para llegar a un acuerdo\" \/>\n<meta property=\"og:description\" content=\"MENDOZA.- El ministro de Gobierno, Trabajo y Justicia de la provincia, Dalmiro Garay confirm\u00f3 a Canal 6 que \u00abel gobierno [&hellip;]\" \/>\n<meta property=\"og:url\" content=\"https:\/\/patagoniambiental.com.ar\/info\/rio-atuel-mendoza-ya-le-pidio-a-la-pampa-un-encuentro-para-llegar-a-un-acuerdo\/\" \/>\n<meta property=\"og:site_name\" content=\"Patagonia Ambiental\" \/>\n<meta property=\"article:publisher\" content=\"https:\/\/www.facebook.com\/patagonia.ambiental\" \/>\n<meta property=\"article:author\" content=\"https:\/\/www.facebook.com\/share\/1C1V8Gv9BX\/?mibextid=qi2Omg\" \/>\n<meta property=\"article:published_time\" content=\"2017-12-05T12:00:25+00:00\" \/>\n<meta name=\"author\" content=\"Patagonia Ambiental\" \/>\n<meta name=\"twitter:card\" content=\"summary_large_image\" \/>\n<meta name=\"twitter:creator\" content=\"@PatAmb\" \/>\n<meta name=\"twitter:site\" content=\"@PatAmb\" \/>\n<script type=\"application\/ld+json\" class=\"yoast-schema-graph\">{\"@context\":\"https:\\\/\\\/schema.org\",\"@graph\":[{\"@type\":\"Article\",\"@id\":\"https:\\\/\\\/patagoniambiental.com.ar\\\/info\\\/rio-atuel-mendoza-ya-le-pidio-a-la-pampa-un-encuentro-para-llegar-a-un-acuerdo\\\/#article\",\"isPartOf\":{\"@id\":\"https:\\\/\\\/patagoniambiental.com.ar\\\/info\\\/rio-atuel-mendoza-ya-le-pidio-a-la-pampa-un-encuentro-para-llegar-a-un-acuerdo\\\/\"},\"author\":{\"name\":\"Patagonia Ambiental\",\"@id\":\"https:\\\/\\\/patagoniambiental.com.ar\\\/info\\\/#\\\/schema\\\/person\\\/db12bff64bbcbf6a253710bf0ea37b5d\"},\"headline\":\"R\u00edo Atuel: Mendoza ya le pidi\u00f3 a La Pampa un encuentro para llegar a un acuerdo\",\"datePublished\":\"2017-12-05T12:00:25+00:00\",\"mainEntityOfPage\":{\"@id\":\"https:\\\/\\\/patagoniambiental.com.ar\\\/info\\\/rio-atuel-mendoza-ya-le-pidio-a-la-pampa-un-encuentro-para-llegar-a-un-acuerdo\\\/\"},\"wordCount\":317,\"commentCount\":0,\"publisher\":{\"@id\":\"https:\\\/\\\/patagoniambiental.com.ar\\\/info\\\/#organization\"},\"articleSection\":[\"Noticias\"],\"inLanguage\":\"es\",\"potentialAction\":[{\"@type\":\"CommentAction\",\"name\":\"Comment\",\"target\":[\"https:\\\/\\\/patagoniambiental.com.ar\\\/info\\\/rio-atuel-mendoza-ya-le-pidio-a-la-pampa-un-encuentro-para-llegar-a-un-acuerdo\\\/#respond\"]}]},{\"@type\":\"WebPage\",\"@id\":\"https:\\\/\\\/patagoniambiental.com.ar\\\/info\\\/rio-atuel-mendoza-ya-le-pidio-a-la-pampa-un-encuentro-para-llegar-a-un-acuerdo\\\/\",\"url\":\"https:\\\/\\\/patagoniambiental.com.ar\\\/info\\\/rio-atuel-mendoza-ya-le-pidio-a-la-pampa-un-encuentro-para-llegar-a-un-acuerdo\\\/\",\"name\":\"R\u00edo Atuel: Mendoza ya le pidi\u00f3 a La Pampa un encuentro para llegar a un acuerdo\",\"isPartOf\":{\"@id\":\"https:\\\/\\\/patagoniambiental.com.ar\\\/info\\\/#website\"},\"datePublished\":\"2017-12-05T12:00:25+00:00\",\"breadcrumb\":{\"@id\":\"https:\\\/\\\/patagoniambiental.com.ar\\\/info\\\/rio-atuel-mendoza-ya-le-pidio-a-la-pampa-un-encuentro-para-llegar-a-un-acuerdo\\\/#breadcrumb\"},\"inLanguage\":\"es\",\"potentialAction\":[{\"@type\":\"ReadAction\",\"target\":[\"https:\\\/\\\/patagoniambiental.com.ar\\\/info\\\/rio-atuel-mendoza-ya-le-pidio-a-la-pampa-un-encuentro-para-llegar-a-un-acuerdo\\\/\"]}]},{\"@type\":\"BreadcrumbList\",\"@id\":\"https:\\\/\\\/patagoniambiental.com.ar\\\/info\\\/rio-atuel-mendoza-ya-le-pidio-a-la-pampa-un-encuentro-para-llegar-a-un-acuerdo\\\/#breadcrumb\",\"itemListElement\":[{\"@type\":\"ListItem\",\"position\":1,\"name\":\"Inicio\",\"item\":\"https:\\\/\\\/patagoniambiental.com.ar\\\/info\\\/\"},{\"@type\":\"ListItem\",\"position\":2,\"name\":\"R\u00edo Atuel: Mendoza ya le pidi\u00f3 a La Pampa un encuentro para llegar a un acuerdo\"}]},{\"@type\":\"WebSite\",\"@id\":\"https:\\\/\\\/patagoniambiental.com.ar\\\/info\\\/#website\",\"url\":\"https:\\\/\\\/patagoniambiental.com.ar\\\/info\\\/\",\"name\":\"Patagonia Ambiental\",\"description\":\"Monitoreo y an\u00e1lisis de la situaci\u00f3n geopol\u00edtica en el mundo y su implicancia en la Patagonia\",\"publisher\":{\"@id\":\"https:\\\/\\\/patagoniambiental.com.ar\\\/info\\\/#organization\"},\"potentialAction\":[{\"@type\":\"SearchAction\",\"target\":{\"@type\":\"EntryPoint\",\"urlTemplate\":\"https:\\\/\\\/patagoniambiental.com.ar\\\/info\\\/?s={search_term_string}\"},\"query-input\":{\"@type\":\"PropertyValueSpecification\",\"valueRequired\":true,\"valueName\":\"search_term_string\"}}],\"inLanguage\":\"es\"},{\"@type\":\"Organization\",\"@id\":\"https:\\\/\\\/patagoniambiental.com.ar\\\/info\\\/#organization\",\"name\":\"Patagonia Ambiental\",\"url\":\"https:\\\/\\\/patagoniambiental.com.ar\\\/info\\\/\",\"logo\":{\"@type\":\"ImageObject\",\"inLanguage\":\"es\",\"@id\":\"https:\\\/\\\/patagoniambiental.com.ar\\\/info\\\/#\\\/schema\\\/logo\\\/image\\\/\",\"url\":\"https:\\\/\\\/patagoniambiental.com.ar\\\/info\\\/wp-content\\\/uploads\\\/2025\\\/05\\\/LOGO-PATAGONIA-AMBIENTAL.png\",\"contentUrl\":\"https:\\\/\\\/patagoniambiental.com.ar\\\/info\\\/wp-content\\\/uploads\\\/2025\\\/05\\\/LOGO-PATAGONIA-AMBIENTAL.png\",\"width\":433,\"height\":250,\"caption\":\"Patagonia Ambiental\"},\"image\":{\"@id\":\"https:\\\/\\\/patagoniambiental.com.ar\\\/info\\\/#\\\/schema\\\/logo\\\/image\\\/\"},\"sameAs\":[\"https:\\\/\\\/www.facebook.com\\\/patagonia.ambiental\",\"https:\\\/\\\/x.com\\\/PatAmb\"]},{\"@type\":\"Person\",\"@id\":\"https:\\\/\\\/patagoniambiental.com.ar\\\/info\\\/#\\\/schema\\\/person\\\/db12bff64bbcbf6a253710bf0ea37b5d\",\"name\":\"Patagonia Ambiental\",\"description\":\"Andr\u00e9s Nievas T\u00e9cnico en manejo ambiental, consultor Ambiental y escritor para medios locales e internacionales sobre temas de geopolitica y medio ambiente.\",\"sameAs\":[\"http:\\\/\\\/www.patagoniambiental.com.ar\",\"https:\\\/\\\/www.facebook.com\\\/share\\\/1C1V8Gv9BX\\\/?mibextid=qi2Omg\",\"@patagoniambiental\",\"https:\\\/\\\/youtube.com\\\/@patagoniaambiental2023?si=BLt58t0wuXquxlYZ\"]}]}<\/script>\n<!-- \/ Yoast SEO Premium plugin. -->","yoast_head_json":{"title":"R\u00edo Atuel: Mendoza ya le pidi\u00f3 a La Pampa un encuentro para llegar a un acuerdo","robots":{"index":"index","follow":"follow","max-snippet":"max-snippet:-1","max-image-preview":"max-image-preview:large","max-video-preview":"max-video-preview:-1"},"canonical":"https:\/\/patagoniambiental.com.ar\/info\/rio-atuel-mendoza-ya-le-pidio-a-la-pampa-un-encuentro-para-llegar-a-un-acuerdo\/","og_locale":"es_ES","og_type":"article","og_title":"R\u00edo Atuel: Mendoza ya le pidi\u00f3 a La Pampa un encuentro para llegar a un acuerdo","og_description":"MENDOZA.- El ministro de Gobierno, Trabajo y Justicia de la provincia, Dalmiro Garay confirm\u00f3 a Canal 6 que \u00abel gobierno [&hellip;]","og_url":"https:\/\/patagoniambiental.com.ar\/info\/rio-atuel-mendoza-ya-le-pidio-a-la-pampa-un-encuentro-para-llegar-a-un-acuerdo\/","og_site_name":"Patagonia Ambiental","article_publisher":"https:\/\/www.facebook.com\/patagonia.ambiental","article_author":"https:\/\/www.facebook.com\/share\/1C1V8Gv9BX\/?mibextid=qi2Omg","article_published_time":"2017-12-05T12:00:25+00:00","author":"Patagonia Ambiental","twitter_card":"summary_large_image","twitter_creator":"@PatAmb","twitter_site":"@PatAmb","schema":{"@context":"https:\/\/schema.org","@graph":[{"@type":"Article","@id":"https:\/\/patagoniambiental.com.ar\/info\/rio-atuel-mendoza-ya-le-pidio-a-la-pampa-un-encuentro-para-llegar-a-un-acuerdo\/#article","isPartOf":{"@id":"https:\/\/patagoniambiental.com.ar\/info\/rio-atuel-mendoza-ya-le-pidio-a-la-pampa-un-encuentro-para-llegar-a-un-acuerdo\/"},"author":{"name":"Patagonia Ambiental","@id":"https:\/\/patagoniambiental.com.ar\/info\/#\/schema\/person\/db12bff64bbcbf6a253710bf0ea37b5d"},"headline":"R\u00edo Atuel: Mendoza ya le pidi\u00f3 a La Pampa un encuentro para llegar a un acuerdo","datePublished":"2017-12-05T12:00:25+00:00","mainEntityOfPage":{"@id":"https:\/\/patagoniambiental.com.ar\/info\/rio-atuel-mendoza-ya-le-pidio-a-la-pampa-un-encuentro-para-llegar-a-un-acuerdo\/"},"wordCount":317,"commentCount":0,"publisher":{"@id":"https:\/\/patagoniambiental.com.ar\/info\/#organization"},"articleSection":["Noticias"],"inLanguage":"es","potentialAction":[{"@type":"CommentAction","name":"Comment","target":["https:\/\/patagoniambiental.com.ar\/info\/rio-atuel-mendoza-ya-le-pidio-a-la-pampa-un-encuentro-para-llegar-a-un-acuerdo\/#respond"]}]},{"@type":"WebPage","@id":"https:\/\/patagoniambiental.com.ar\/info\/rio-atuel-mendoza-ya-le-pidio-a-la-pampa-un-encuentro-para-llegar-a-un-acuerdo\/","url":"https:\/\/patagoniambiental.com.ar\/info\/rio-atuel-mendoza-ya-le-pidio-a-la-pampa-un-encuentro-para-llegar-a-un-acuerdo\/","name":"R\u00edo Atuel: Mendoza ya le pidi\u00f3 a La Pampa un encuentro para llegar a un acuerdo","isPartOf":{"@id":"https:\/\/patagoniambiental.com.ar\/info\/#website"},"datePublished":"2017-12-05T12:00:25+00:00","breadcrumb":{"@id":"https:\/\/patagoniambiental.com.ar\/info\/rio-atuel-mendoza-ya-le-pidio-a-la-pampa-un-encuentro-para-llegar-a-un-acuerdo\/#breadcrumb"},"inLanguage":"es","potentialAction":[{"@type":"ReadAction","target":["https:\/\/patagoniambiental.com.ar\/info\/rio-atuel-mendoza-ya-le-pidio-a-la-pampa-un-encuentro-para-llegar-a-un-acuerdo\/"]}]},{"@type":"BreadcrumbList","@id":"https:\/\/patagoniambiental.com.ar\/info\/rio-atuel-mendoza-ya-le-pidio-a-la-pampa-un-encuentro-para-llegar-a-un-acuerdo\/#breadcrumb","itemListElement":[{"@type":"ListItem","position":1,"name":"Inicio","item":"https:\/\/patagoniambiental.com.ar\/info\/"},{"@type":"ListItem","position":2,"name":"R\u00edo Atuel: Mendoza ya le pidi\u00f3 a La Pampa un encuentro para llegar a un acuerdo"}]},{"@type":"WebSite","@id":"https:\/\/patagoniambiental.com.ar\/info\/#website","url":"https:\/\/patagoniambiental.com.ar\/info\/","name":"Patagonia Ambiental","description":"Monitoreo y an\u00e1lisis de la situaci\u00f3n geopol\u00edtica en el mundo y su implicancia en la Patagonia","publisher":{"@id":"https:\/\/patagoniambiental.com.ar\/info\/#organization"},"potentialAction":[{"@type":"SearchAction","target":{"@type":"EntryPoint","urlTemplate":"https:\/\/patagoniambiental.com.ar\/info\/?s={search_term_string}"},"query-input":{"@type":"PropertyValueSpecification","valueRequired":true,"valueName":"search_term_string"}}],"inLanguage":"es"},{"@type":"Organization","@id":"https:\/\/patagoniambiental.com.ar\/info\/#organization","name":"Patagonia Ambiental","url":"https:\/\/patagoniambiental.com.ar\/info\/","logo":{"@type":"ImageObject","inLanguage":"es","@id":"https:\/\/patagoniambiental.com.ar\/info\/#\/schema\/logo\/image\/","url":"https:\/\/patagoniambiental.com.ar\/info\/wp-content\/uploads\/2025\/05\/LOGO-PATAGONIA-AMBIENTAL.png","contentUrl":"https:\/\/patagoniambiental.com.ar\/info\/wp-content\/uploads\/2025\/05\/LOGO-PATAGONIA-AMBIENTAL.png","width":433,"height":250,"caption":"Patagonia Ambiental"},"image":{"@id":"https:\/\/patagoniambiental.com.ar\/info\/#\/schema\/logo\/image\/"},"sameAs":["https:\/\/www.facebook.com\/patagonia.ambiental","https:\/\/x.com\/PatAmb"]},{"@type":"Person","@id":"https:\/\/patagoniambiental.com.ar\/info\/#\/schema\/person\/db12bff64bbcbf6a253710bf0ea37b5d","name":"Patagonia Ambiental","description":"Andr\u00e9s Nievas T\u00e9cnico en manejo ambiental, consultor Ambiental y escritor para medios locales e internacionales sobre temas de geopolitica y medio ambiente.","sameAs":["http:\/\/www.patagoniambiental.com.ar","https:\/\/www.facebook.com\/share\/1C1V8Gv9BX\/?mibextid=qi2Omg","@patagoniambiental","https:\/\/youtube.com\/@patagoniaambiental2023?si=BLt58t0wuXquxlYZ"]}]}},"_links":{"self":[{"href":"https:\/\/patagoniambiental.com.ar\/info\/wp-json\/wp\/v2\/posts\/39271","targetHints":{"allow":["GET"]}}],"collection":[{"href":"https:\/\/patagoniambiental.com.ar\/info\/wp-json\/wp\/v2\/posts"}],"about":[{"href":"https:\/\/patagoniambiental.com.ar\/info\/wp-json\/wp\/v2\/types\/post"}],"author":[{"embeddable":true,"href":"https:\/\/patagoniambiental.com.ar\/info\/wp-json\/wp\/v2\/users\/2"}],"replies":[{"embeddable":true,"href":"https:\/\/patagoniambiental.com.ar\/info\/wp-json\/wp\/v2\/comments?post=39271"}],"version-history":[{"count":0,"href":"https:\/\/patagoniambiental.com.ar\/info\/wp-json\/wp\/v2\/posts\/39271\/revisions"}],"wp:attachment":[{"href":"https:\/\/patagoniambiental.com.ar\/info\/wp-json\/wp\/v2\/media?parent=39271"}],"wp:term":[{"taxonomy":"category","embeddable":true,"href":"https:\/\/patagoniambiental.com.ar\/info\/wp-json\/wp\/v2\/categories?post=39271"},{"taxonomy":"post_tag","embeddable":true,"href":"https:\/\/patagoniambiental.com.ar\/info\/wp-json\/wp\/v2\/tags?post=39271"}],"curies":[{"name":"wp","href":"https:\/\/api.w.org\/{rel}","templated":true}]}}