{"id":39297,"date":"2017-12-05T19:00:32","date_gmt":"2017-12-05T22:00:32","guid":{"rendered":"http:\/\/patagoniambiental.com.ar\/info\/?p=39297"},"modified":"2017-12-05T09:15:33","modified_gmt":"2017-12-05T12:15:33","slug":"interna-mapuche-otro-grupo-pide-las-tierras-del-mascardi-y-hay-tension","status":"publish","type":"post","link":"https:\/\/patagoniambiental.com.ar\/info\/interna-mapuche-otro-grupo-pide-las-tierras-del-mascardi-y-hay-tension\/","title":{"rendered":"Interna mapuche: otro grupo pide las tierras del Mascardi y hay tensi\u00f3n"},"content":{"rendered":"<div class=\"box_title col-lg-9 col-md-12\">\n<div class=\"title\">\n<p id=\"title\">Villa Mascardi.-Aseguran que las tierras tomadas les corresponden. Recibieron amenazas de los actuales ocupantes.<\/p>\n<\/div>\n<\/div>\n<p><!--more--><\/p>\n<div class=\"interior-l page\">\n<div class=\"notas-content\">\n<div class=\"media-container col-lg-9 col-md-12\">\n<div id=\"galeria-trigger\" class=\"media-cont main-image pointer\" data-index=\"0\">\n<figure><img decoding=\"async\" class=\"img-responsive intelResolution\" title=\"Interna mapuche: otro grupo pide las tierras del Mascardi y hay tensi\u00f3n\" src=\"https:\/\/images.clarin.com\/2017\/12\/03\/rkG2SJzWz_930x525.jpg\" alt=\"Interna mapuche: otro grupo pide las tierras del Mascardi y hay tensi\u00f3n\" data-big=\"\/\/images.clarin.com\/2017\/12\/03\/rkG2SJzWz_930x525.jpg\" data-small=\"\/\/images.clarin.com\/2017\/12\/03\/rkG2SJzWz_640x361.jpg\" \/><i class=\"fa fa-circle fa-stack-2x icon-background1\"><\/i><i class=\"fa fa-circle-o fa-stack-2x icon-background2\"><\/i><i class=\"fa fa-arrows-alt fa-stack-1x\"><\/i><\/figure>\n<p>Entrada al predio tomado por los Mapuche en la Villa Mascardi. Otro grupo asegura que esas tierras les corresponden. Foto: Mario Quinteros<\/p>\n<\/div>\n<div id=\"galeria-show-trigger\"><\/div>\n<\/div>\n<div class=\"container\">\n<div class=\"colDerecha col-lg-3 col-md-4 col-sm-6 col-xs-12 no-p pull-right SASA\">\n<div class=\"banner auspicio\"><\/div>\n<div class=\"mb20 parent_2487\" data-sticky=\"parent\">\n<div class=\"spacer_2487\" data-sticky=\"spacer\">\n<div class=\"col-der-box mb20 is_stuck\" data-sticky=\"stick\">\n<div id=\"bannerId_928422\">\n<div id=\"sas_12952\" class=\"\">\n<div id=\"sas_relDiv_7455380\">\n<div id=\"sas_absDiv_7455380\">\n<div id=\"sas_relDivPlayer_7455380\" class=\"\">\n<div class=\"sas-container sas-linear\">\n<div class=\"sas-reset\">\n<div class=\"sas-screen sas-floating sas-stretch sas-frame\">\n<div class=\"sas-reset\"><video src=\"https:\/\/ced.sascdn.com\/diff\/619\/7455380\/C_300x250.mp4\" preload=\"true\" width=\"300\" height=\"150\" data-mce-fragment=\"1\"><\/video><\/p>\n<div class=\"sas-ctrl-clickthrough sas-ctrl-mask\"><\/div>\n<\/div>\n<\/div>\n<\/div>\n<\/div>\n<div class=\"sas-resize-triggers\">\u00a0El cartel sobre la ruta 40 indica el camping Relmu Lafken (lago de los siete colores) a tres kil\u00f3metros, por el sendero de tierra y ripio bordeado por el amarillo de los amancay hasta el espejo de agua con una vista imponente. All\u00ed funciona el emprendimiento de turismo rural comunitario de la\u00a0<strong>Lof Wiritray<\/strong>, una de las siete comunidades mapuches reconocidas por el INAI en el Parque Nahuel Huapi, bajo el sistema de comanejo con Parques Nacionales.<\/div>\n<\/div>\n<\/div>\n<\/div>\n<\/div>\n<\/div>\n<\/div>\n<\/div>\n<\/div>\n<\/div>\n<div class=\"cuerpoSolo col-lg-6 col-md-8 col-lg-offset-3 \">\n<div class=\"body-nota\">\n<div class=\"image-trigger pointer\" data-index=\"1\">\n<figure><img decoding=\"async\" class=\"img-responsive intelResolution image-modal-trigger\" title=\"Interna mapuche: otro grupo pide las tierras del Mascardi y hay tensi\u00f3n\" src=\"https:\/\/images.clarin.com\/2017\/12\/03\/ry4bIJz-z_720x0.jpg\" alt=\"Interna mapuche: otro grupo pide las tierras del Mascardi y hay tensi\u00f3n\" data-index=\"1\" data-big=\"\/\/images.clarin.com\/2017\/12\/03\/ry4bIJz-z_720x0.jpg\" data-small=\"\/\/images.clarin.com\/2017\/12\/03\/ry4bIJz-z_720x0.jpg\" \/><i class=\"fa fa-circle fa-stack-2x icon-background1\"><\/i><i class=\"fa fa-circle-o fa-stack-2x icon-background2\"><\/i><i class=\"fa fa-arrows-alt fa-stack-1x\"><\/i><\/figure>\n<p>Entrada al predio tomado por los Mapuche en la Villa Mascardi. Otro grupo ind\u00edgena asegura que esas tierras les corresponden. Foto: Mario Quinteros<\/p>\n<\/div>\n<p>El Relmu Lafken es el lago Mascardi y el camping se asienta a nueve kil\u00f3metros del predio tomado por la\u00a0<strong>Lof Lafken Wincul Mapu<\/strong>. Wiritray es la comunidad\u00a0<strong>m\u00e1s pr\u00f3xima<\/strong>\u00a0a la tranquera improvisada a 30 metros de la ruta 40, hacia la monta\u00f1a, con banderas con reivindicaciones mapuches que se\u00f1alan el sitio en disputa, e incluso<strong>\u00a0reclama como propio ese territorio<\/strong>, no contemplado en el reconocimiento que consigui\u00f3 hace 18 a\u00f1os.<\/p>\n<div class=\"embed-responsive-c\"><a href=\"http:\/\/hd.clarin.com\/tagged\/conflicto-mapuche\" target=\"blank\"><img decoding=\"async\" src=\"http:\/\/www.clarin.com\/redaccionfiler\/Clarin-com\/Infografia\/Graficos-del-dia\/Mira_fotogaleria.svg\" width=\"100%\" \/><\/a><\/div>\n<h2><span style=\"font-size: 16px;\"><br \/>\nLa machi es Betiana, una integrante de la Lof Lafken de 16 a\u00f1os considerada una\u00a0<\/span><strong style=\"font-size: 16px;\">sanadora y consejera espiritual\u00a0<\/strong><span style=\"font-size: 16px;\">en proceso de elevaci\u00f3n en ese sitio definido como sagrado. Hija de Mar\u00eda Nahuel -t\u00eda de Rafael- su influencia abarcar\u00eda a todas las comunidades mapuches. Desde hace d\u00e9cadas no surge una machi y deb\u00edan a cruzar a Chile para recibir una curaci\u00f3n. \u201cEstamos\u00a0<\/span><strong style=\"font-size: 16px;\">de acuerdo en que se levante la machi, no en las formas<\/strong><span style=\"font-size: 16px;\">. No nos consultaron, hemos sido atropellados\u201d, marca un miembro de la Lof Wiritray. Despu\u00e9s de unos d\u00edas la comunidad se incorpor\u00f3 a la mesa de di\u00e1logo y en el episcopado hubo conversaciones entre los dos grupos.<\/span>Los mapuches aceptaron en la mesa de di\u00e1logo la inspecci\u00f3n ocular en el predio donde mataron a Nahuel<\/h2>\n<p>Miembros de la Lof Wiritray aceptaron un contacto con\u00a0<strong>Clar\u00edn<\/strong>con la condici\u00f3n de no ser fotografiados ni que se publiquen sus nombres, por el temor a represalias. \u201dNos doli\u00f3 en el alma, es sangre inocente. No queremos violencia, ni un muerto m\u00e1s. Esto nos dio vuelta toda nuestra vida\u201d, dice uno de los werken (mensajeros) en el rol de vocero, a la vez que reivindica el reclamo por la tierra en conflicto:\u00a0<strong>\u201cEs parte de nuestro territorio, camin\u00e1bamos por esos senderos con nuestros abuelos.<\/strong>\u00a0La situaci\u00f3n est\u00e1 muy dura, se agarra desde lo espiritual y\u00a0<strong>es muy dif\u00edcil llegar a un razonamiento<\/strong>. En ese territorio espiritual se tiene que elevar una machi\u201d.<\/p>\n<p>En las formas aparecen como la\u00a0<strong>contracara de la Lof Lafken<\/strong>: alegan presencia en la zona desde 1896 y documentos de 1902 con los que consiguieron el reconocimiento por la posesi\u00f3n de 6.290 hect\u00e1reas. Los terrenos ahora en conflicto hab\u00edan quedado pendientes y sin uso por los espacios p\u00fablicos de los alrededores: un muelle, instalaciones de Parques Nacionales, una sede del ACA. Incorporados al Consejo Intercultural de Comanejo con Parques Nacionales, montaron un emprendimiento de turismo rural comunitario con seis hect\u00e1reas de \u00e1rea de acampe agreste, con fogones y una provedur\u00eda que ofrece pan casero, caf\u00e9 mapuche, curanto (carne y verduras cocinadas bajo tierra) y \u00f1aco (harina tostada), por $150 por d\u00eda para acampar y $100 para pasar el d\u00eda. \u201cLlegamos a un<strong>\u00a0acuerdo entre las leyes del parque y las nuestras<\/strong>. Ahora queremos lograr los t\u00edtulos comunitarios, estamos trabajando para eso\u201d.<\/p>\n<div class=\"image-trigger pointer\" data-index=\"2\">\n<figure><img decoding=\"async\" class=\"img-responsive intelResolution image-modal-trigger\" title=\"Interna mapuche: otro grupo pide las tierras del Mascardi y hay tensi\u00f3n\" src=\"https:\/\/images.clarin.com\/2017\/12\/03\/SyNxL1MZM_720x0.jpg\" alt=\"Interna mapuche: otro grupo pide las tierras del Mascardi y hay tensi\u00f3n\" data-index=\"2\" data-big=\"\/\/images.clarin.com\/2017\/12\/03\/SyNxL1MZM_720x0.jpg\" data-small=\"\/\/images.clarin.com\/2017\/12\/03\/SyNxL1MZM_720x0.jpg\" \/><i class=\"fa fa-circle fa-stack-2x icon-background1\"><\/i><i class=\"fa fa-circle-o fa-stack-2x icon-background2\"><\/i><i class=\"fa fa-arrows-alt fa-stack-1x\"><\/i><\/figure>\n<p>Entrada al predio tomado por los Mapuche en la Villa Mascardi. Otro grupo asegura que esas tierras les corresponden. Foto: Mario Quinteros<\/p>\n<\/div>\n<p>Integrantes de la Lof Lafken usaron un t\u00e9rmino de la lengua mapuche (mapudungu) en el tenso cruce en la monta\u00f1a:\u00a0<strong>\u201cYanaconas\u201d,<\/strong>\u00a0traidores, por sus v\u00ednculos con el Estado. La Wiritray vuelve a diferenciarse: \u201cNo queremos violencia. No conocemos a la RAM. \u00bfResistencia Ancentral Mapuche?\u00a0<strong>Nosotros resistimos al atropello, a la violencia<\/strong>, no fue f\u00e1cil con Parques Nacionales, pero llegamos a un acuerdo y nos hemos desarrollado de esa manera\u201d.<\/p>\n<p>Fuente: Diario Clarin<\/p>\n<\/div>\n<\/div>\n<\/div>\n<\/div>\n<\/div>\n","protected":false},"excerpt":{"rendered":"<p>Villa Mascardi.-Aseguran que las tierras tomadas les corresponden. Recibieron amenazas de los actuales ocupantes.<\/p>\n","protected":false},"author":2,"featured_media":0,"comment_status":"open","ping_status":"open","sticky":false,"template":"","format":"standard","meta":{"site-sidebar-layout":"default","site-content-layout":"","ast-site-content-layout":"default","site-content-style":"default","site-sidebar-style":"default","ast-global-header-display":"","ast-banner-title-visibility":"","ast-main-header-display":"","ast-hfb-above-header-display":"","ast-hfb-below-header-display":"","ast-hfb-mobile-header-display":"","site-post-title":"","ast-breadcrumbs-content":"","ast-featured-img":"","footer-sml-layout":"","ast-disable-related-posts":"","theme-transparent-header-meta":"","adv-header-id-meta":"","stick-header-meta":"","header-above-stick-meta":"","header-main-stick-meta":"","header-below-stick-meta":"","astra-migrate-meta-layouts":"default","ast-page-background-enabled":"default","ast-page-background-meta":{"desktop":{"background-color":"var(--ast-global-color-5)","background-image":"","background-repeat":"repeat","background-position":"center center","background-size":"auto","background-attachment":"scroll","background-type":"","background-media":"","overlay-type":"","overlay-color":"","overlay-opacity":"","overlay-gradient":""},"tablet":{"background-color":"","background-image":"","background-repeat":"repeat","background-position":"center center","background-size":"auto","background-attachment":"scroll","background-type":"","background-media":"","overlay-type":"","overlay-color":"","overlay-opacity":"","overlay-gradient":""},"mobile":{"background-color":"","background-image":"","background-repeat":"repeat","background-position":"center center","background-size":"auto","background-attachment":"scroll","background-type":"","background-media":"","overlay-type":"","overlay-color":"","overlay-opacity":"","overlay-gradient":""}},"ast-content-background-meta":{"desktop":{"background-color":"var(--ast-global-color-4)","background-image":"","background-repeat":"repeat","background-position":"center center","background-size":"auto","background-attachment":"scroll","background-type":"","background-media":"","overlay-type":"","overlay-color":"","overlay-opacity":"","overlay-gradient":""},"tablet":{"background-color":"var(--ast-global-color-4)","background-image":"","background-repeat":"repeat","background-position":"center center","background-size":"auto","background-attachment":"scroll","background-type":"","background-media":"","overlay-type":"","overlay-color":"","overlay-opacity":"","overlay-gradient":""},"mobile":{"background-color":"var(--ast-global-color-4)","background-image":"","background-repeat":"repeat","background-position":"center center","background-size":"auto","background-attachment":"scroll","background-type":"","background-media":"","overlay-type":"","overlay-color":"","overlay-opacity":"","overlay-gradient":""}},"footnotes":""},"categories":[23,1],"tags":[],"class_list":["post-39297","post","type-post","status-publish","format-standard","hentry","category-internacionales","category-noticias"],"yoast_head":"<!-- This site is optimized with the Yoast SEO Premium plugin v23.0 (Yoast SEO v27.4) - https:\/\/yoast.com\/product\/yoast-seo-premium-wordpress\/ -->\n<title>Interna mapuche: otro grupo pide las tierras del Mascardi y hay tensi\u00f3n<\/title>\n<meta name=\"robots\" content=\"index, follow, max-snippet:-1, max-image-preview:large, max-video-preview:-1\" \/>\n<link rel=\"canonical\" href=\"https:\/\/patagoniambiental.com.ar\/info\/interna-mapuche-otro-grupo-pide-las-tierras-del-mascardi-y-hay-tension\/\" \/>\n<meta property=\"og:locale\" content=\"es_ES\" \/>\n<meta property=\"og:type\" content=\"article\" \/>\n<meta property=\"og:title\" content=\"Interna mapuche: otro grupo pide las tierras del Mascardi y hay tensi\u00f3n\" \/>\n<meta property=\"og:description\" content=\"Villa Mascardi.-Aseguran que las tierras tomadas les corresponden. Recibieron amenazas de los actuales ocupantes.\" \/>\n<meta property=\"og:url\" content=\"https:\/\/patagoniambiental.com.ar\/info\/interna-mapuche-otro-grupo-pide-las-tierras-del-mascardi-y-hay-tension\/\" \/>\n<meta property=\"og:site_name\" content=\"Patagonia Ambiental\" \/>\n<meta property=\"article:publisher\" content=\"https:\/\/www.facebook.com\/patagonia.ambiental\" \/>\n<meta property=\"article:author\" content=\"https:\/\/www.facebook.com\/share\/1C1V8Gv9BX\/?mibextid=qi2Omg\" \/>\n<meta property=\"article:published_time\" content=\"2017-12-05T22:00:32+00:00\" \/>\n<meta property=\"og:image\" content=\"https:\/\/images.clarin.com\/2017\/12\/03\/rkG2SJzWz_930x525.jpg\" \/>\n<meta name=\"author\" content=\"Patagonia Ambiental\" \/>\n<meta name=\"twitter:card\" content=\"summary_large_image\" \/>\n<meta name=\"twitter:creator\" content=\"@PatAmb\" \/>\n<meta name=\"twitter:site\" content=\"@PatAmb\" \/>\n<script type=\"application\/ld+json\" class=\"yoast-schema-graph\">{\"@context\":\"https:\\\/\\\/schema.org\",\"@graph\":[{\"@type\":\"Article\",\"@id\":\"https:\\\/\\\/patagoniambiental.com.ar\\\/info\\\/interna-mapuche-otro-grupo-pide-las-tierras-del-mascardi-y-hay-tension\\\/#article\",\"isPartOf\":{\"@id\":\"https:\\\/\\\/patagoniambiental.com.ar\\\/info\\\/interna-mapuche-otro-grupo-pide-las-tierras-del-mascardi-y-hay-tension\\\/\"},\"author\":{\"name\":\"Patagonia Ambiental\",\"@id\":\"https:\\\/\\\/patagoniambiental.com.ar\\\/info\\\/#\\\/schema\\\/person\\\/db12bff64bbcbf6a253710bf0ea37b5d\"},\"headline\":\"Interna mapuche: otro grupo pide las tierras del Mascardi y hay tensi\u00f3n\",\"datePublished\":\"2017-12-05T22:00:32+00:00\",\"mainEntityOfPage\":{\"@id\":\"https:\\\/\\\/patagoniambiental.com.ar\\\/info\\\/interna-mapuche-otro-grupo-pide-las-tierras-del-mascardi-y-hay-tension\\\/\"},\"wordCount\":728,\"commentCount\":0,\"publisher\":{\"@id\":\"https:\\\/\\\/patagoniambiental.com.ar\\\/info\\\/#organization\"},\"image\":{\"@id\":\"https:\\\/\\\/patagoniambiental.com.ar\\\/info\\\/interna-mapuche-otro-grupo-pide-las-tierras-del-mascardi-y-hay-tension\\\/#primaryimage\"},\"thumbnailUrl\":\"https:\\\/\\\/images.clarin.com\\\/2017\\\/12\\\/03\\\/rkG2SJzWz_930x525.jpg\",\"articleSection\":[\"Internacionales\",\"Noticias\"],\"inLanguage\":\"es\",\"potentialAction\":[{\"@type\":\"CommentAction\",\"name\":\"Comment\",\"target\":[\"https:\\\/\\\/patagoniambiental.com.ar\\\/info\\\/interna-mapuche-otro-grupo-pide-las-tierras-del-mascardi-y-hay-tension\\\/#respond\"]}]},{\"@type\":\"WebPage\",\"@id\":\"https:\\\/\\\/patagoniambiental.com.ar\\\/info\\\/interna-mapuche-otro-grupo-pide-las-tierras-del-mascardi-y-hay-tension\\\/\",\"url\":\"https:\\\/\\\/patagoniambiental.com.ar\\\/info\\\/interna-mapuche-otro-grupo-pide-las-tierras-del-mascardi-y-hay-tension\\\/\",\"name\":\"Interna mapuche: otro grupo pide las tierras del Mascardi y hay tensi\u00f3n\",\"isPartOf\":{\"@id\":\"https:\\\/\\\/patagoniambiental.com.ar\\\/info\\\/#website\"},\"primaryImageOfPage\":{\"@id\":\"https:\\\/\\\/patagoniambiental.com.ar\\\/info\\\/interna-mapuche-otro-grupo-pide-las-tierras-del-mascardi-y-hay-tension\\\/#primaryimage\"},\"image\":{\"@id\":\"https:\\\/\\\/patagoniambiental.com.ar\\\/info\\\/interna-mapuche-otro-grupo-pide-las-tierras-del-mascardi-y-hay-tension\\\/#primaryimage\"},\"thumbnailUrl\":\"https:\\\/\\\/images.clarin.com\\\/2017\\\/12\\\/03\\\/rkG2SJzWz_930x525.jpg\",\"datePublished\":\"2017-12-05T22:00:32+00:00\",\"breadcrumb\":{\"@id\":\"https:\\\/\\\/patagoniambiental.com.ar\\\/info\\\/interna-mapuche-otro-grupo-pide-las-tierras-del-mascardi-y-hay-tension\\\/#breadcrumb\"},\"inLanguage\":\"es\",\"potentialAction\":[{\"@type\":\"ReadAction\",\"target\":[\"https:\\\/\\\/patagoniambiental.com.ar\\\/info\\\/interna-mapuche-otro-grupo-pide-las-tierras-del-mascardi-y-hay-tension\\\/\"]}]},{\"@type\":\"ImageObject\",\"inLanguage\":\"es\",\"@id\":\"https:\\\/\\\/patagoniambiental.com.ar\\\/info\\\/interna-mapuche-otro-grupo-pide-las-tierras-del-mascardi-y-hay-tension\\\/#primaryimage\",\"url\":\"https:\\\/\\\/images.clarin.com\\\/2017\\\/12\\\/03\\\/rkG2SJzWz_930x525.jpg\",\"contentUrl\":\"https:\\\/\\\/images.clarin.com\\\/2017\\\/12\\\/03\\\/rkG2SJzWz_930x525.jpg\"},{\"@type\":\"BreadcrumbList\",\"@id\":\"https:\\\/\\\/patagoniambiental.com.ar\\\/info\\\/interna-mapuche-otro-grupo-pide-las-tierras-del-mascardi-y-hay-tension\\\/#breadcrumb\",\"itemListElement\":[{\"@type\":\"ListItem\",\"position\":1,\"name\":\"Inicio\",\"item\":\"https:\\\/\\\/patagoniambiental.com.ar\\\/info\\\/\"},{\"@type\":\"ListItem\",\"position\":2,\"name\":\"Interna mapuche: otro grupo pide las tierras del Mascardi y hay tensi\u00f3n\"}]},{\"@type\":\"WebSite\",\"@id\":\"https:\\\/\\\/patagoniambiental.com.ar\\\/info\\\/#website\",\"url\":\"https:\\\/\\\/patagoniambiental.com.ar\\\/info\\\/\",\"name\":\"Patagonia Ambiental\",\"description\":\"Monitoreo y an\u00e1lisis de la situaci\u00f3n geopol\u00edtica en el mundo y su implicancia en la Patagonia\",\"publisher\":{\"@id\":\"https:\\\/\\\/patagoniambiental.com.ar\\\/info\\\/#organization\"},\"potentialAction\":[{\"@type\":\"SearchAction\",\"target\":{\"@type\":\"EntryPoint\",\"urlTemplate\":\"https:\\\/\\\/patagoniambiental.com.ar\\\/info\\\/?s={search_term_string}\"},\"query-input\":{\"@type\":\"PropertyValueSpecification\",\"valueRequired\":true,\"valueName\":\"search_term_string\"}}],\"inLanguage\":\"es\"},{\"@type\":\"Organization\",\"@id\":\"https:\\\/\\\/patagoniambiental.com.ar\\\/info\\\/#organization\",\"name\":\"Patagonia Ambiental\",\"url\":\"https:\\\/\\\/patagoniambiental.com.ar\\\/info\\\/\",\"logo\":{\"@type\":\"ImageObject\",\"inLanguage\":\"es\",\"@id\":\"https:\\\/\\\/patagoniambiental.com.ar\\\/info\\\/#\\\/schema\\\/logo\\\/image\\\/\",\"url\":\"https:\\\/\\\/patagoniambiental.com.ar\\\/info\\\/wp-content\\\/uploads\\\/2025\\\/05\\\/LOGO-PATAGONIA-AMBIENTAL.png\",\"contentUrl\":\"https:\\\/\\\/patagoniambiental.com.ar\\\/info\\\/wp-content\\\/uploads\\\/2025\\\/05\\\/LOGO-PATAGONIA-AMBIENTAL.png\",\"width\":433,\"height\":250,\"caption\":\"Patagonia Ambiental\"},\"image\":{\"@id\":\"https:\\\/\\\/patagoniambiental.com.ar\\\/info\\\/#\\\/schema\\\/logo\\\/image\\\/\"},\"sameAs\":[\"https:\\\/\\\/www.facebook.com\\\/patagonia.ambiental\",\"https:\\\/\\\/x.com\\\/PatAmb\"]},{\"@type\":\"Person\",\"@id\":\"https:\\\/\\\/patagoniambiental.com.ar\\\/info\\\/#\\\/schema\\\/person\\\/db12bff64bbcbf6a253710bf0ea37b5d\",\"name\":\"Patagonia Ambiental\",\"description\":\"Andr\u00e9s Nievas T\u00e9cnico en manejo ambiental, consultor Ambiental y escritor para medios locales e internacionales sobre temas de geopolitica y medio ambiente.\",\"sameAs\":[\"http:\\\/\\\/www.patagoniambiental.com.ar\",\"https:\\\/\\\/www.facebook.com\\\/share\\\/1C1V8Gv9BX\\\/?mibextid=qi2Omg\",\"@patagoniambiental\",\"https:\\\/\\\/youtube.com\\\/@patagoniaambiental2023?si=BLt58t0wuXquxlYZ\"]}]}<\/script>\n<!-- \/ Yoast SEO Premium plugin. -->","yoast_head_json":{"title":"Interna mapuche: otro grupo pide las tierras del Mascardi y hay tensi\u00f3n","robots":{"index":"index","follow":"follow","max-snippet":"max-snippet:-1","max-image-preview":"max-image-preview:large","max-video-preview":"max-video-preview:-1"},"canonical":"https:\/\/patagoniambiental.com.ar\/info\/interna-mapuche-otro-grupo-pide-las-tierras-del-mascardi-y-hay-tension\/","og_locale":"es_ES","og_type":"article","og_title":"Interna mapuche: otro grupo pide las tierras del Mascardi y hay tensi\u00f3n","og_description":"Villa Mascardi.-Aseguran que las tierras tomadas les corresponden. Recibieron amenazas de los actuales ocupantes.","og_url":"https:\/\/patagoniambiental.com.ar\/info\/interna-mapuche-otro-grupo-pide-las-tierras-del-mascardi-y-hay-tension\/","og_site_name":"Patagonia Ambiental","article_publisher":"https:\/\/www.facebook.com\/patagonia.ambiental","article_author":"https:\/\/www.facebook.com\/share\/1C1V8Gv9BX\/?mibextid=qi2Omg","article_published_time":"2017-12-05T22:00:32+00:00","og_image":[{"url":"https:\/\/images.clarin.com\/2017\/12\/03\/rkG2SJzWz_930x525.jpg","type":"","width":"","height":""}],"author":"Patagonia Ambiental","twitter_card":"summary_large_image","twitter_creator":"@PatAmb","twitter_site":"@PatAmb","schema":{"@context":"https:\/\/schema.org","@graph":[{"@type":"Article","@id":"https:\/\/patagoniambiental.com.ar\/info\/interna-mapuche-otro-grupo-pide-las-tierras-del-mascardi-y-hay-tension\/#article","isPartOf":{"@id":"https:\/\/patagoniambiental.com.ar\/info\/interna-mapuche-otro-grupo-pide-las-tierras-del-mascardi-y-hay-tension\/"},"author":{"name":"Patagonia Ambiental","@id":"https:\/\/patagoniambiental.com.ar\/info\/#\/schema\/person\/db12bff64bbcbf6a253710bf0ea37b5d"},"headline":"Interna mapuche: otro grupo pide las tierras del Mascardi y hay tensi\u00f3n","datePublished":"2017-12-05T22:00:32+00:00","mainEntityOfPage":{"@id":"https:\/\/patagoniambiental.com.ar\/info\/interna-mapuche-otro-grupo-pide-las-tierras-del-mascardi-y-hay-tension\/"},"wordCount":728,"commentCount":0,"publisher":{"@id":"https:\/\/patagoniambiental.com.ar\/info\/#organization"},"image":{"@id":"https:\/\/patagoniambiental.com.ar\/info\/interna-mapuche-otro-grupo-pide-las-tierras-del-mascardi-y-hay-tension\/#primaryimage"},"thumbnailUrl":"https:\/\/images.clarin.com\/2017\/12\/03\/rkG2SJzWz_930x525.jpg","articleSection":["Internacionales","Noticias"],"inLanguage":"es","potentialAction":[{"@type":"CommentAction","name":"Comment","target":["https:\/\/patagoniambiental.com.ar\/info\/interna-mapuche-otro-grupo-pide-las-tierras-del-mascardi-y-hay-tension\/#respond"]}]},{"@type":"WebPage","@id":"https:\/\/patagoniambiental.com.ar\/info\/interna-mapuche-otro-grupo-pide-las-tierras-del-mascardi-y-hay-tension\/","url":"https:\/\/patagoniambiental.com.ar\/info\/interna-mapuche-otro-grupo-pide-las-tierras-del-mascardi-y-hay-tension\/","name":"Interna mapuche: otro grupo pide las tierras del Mascardi y hay tensi\u00f3n","isPartOf":{"@id":"https:\/\/patagoniambiental.com.ar\/info\/#website"},"primaryImageOfPage":{"@id":"https:\/\/patagoniambiental.com.ar\/info\/interna-mapuche-otro-grupo-pide-las-tierras-del-mascardi-y-hay-tension\/#primaryimage"},"image":{"@id":"https:\/\/patagoniambiental.com.ar\/info\/interna-mapuche-otro-grupo-pide-las-tierras-del-mascardi-y-hay-tension\/#primaryimage"},"thumbnailUrl":"https:\/\/images.clarin.com\/2017\/12\/03\/rkG2SJzWz_930x525.jpg","datePublished":"2017-12-05T22:00:32+00:00","breadcrumb":{"@id":"https:\/\/patagoniambiental.com.ar\/info\/interna-mapuche-otro-grupo-pide-las-tierras-del-mascardi-y-hay-tension\/#breadcrumb"},"inLanguage":"es","potentialAction":[{"@type":"ReadAction","target":["https:\/\/patagoniambiental.com.ar\/info\/interna-mapuche-otro-grupo-pide-las-tierras-del-mascardi-y-hay-tension\/"]}]},{"@type":"ImageObject","inLanguage":"es","@id":"https:\/\/patagoniambiental.com.ar\/info\/interna-mapuche-otro-grupo-pide-las-tierras-del-mascardi-y-hay-tension\/#primaryimage","url":"https:\/\/images.clarin.com\/2017\/12\/03\/rkG2SJzWz_930x525.jpg","contentUrl":"https:\/\/images.clarin.com\/2017\/12\/03\/rkG2SJzWz_930x525.jpg"},{"@type":"BreadcrumbList","@id":"https:\/\/patagoniambiental.com.ar\/info\/interna-mapuche-otro-grupo-pide-las-tierras-del-mascardi-y-hay-tension\/#breadcrumb","itemListElement":[{"@type":"ListItem","position":1,"name":"Inicio","item":"https:\/\/patagoniambiental.com.ar\/info\/"},{"@type":"ListItem","position":2,"name":"Interna mapuche: otro grupo pide las tierras del Mascardi y hay tensi\u00f3n"}]},{"@type":"WebSite","@id":"https:\/\/patagoniambiental.com.ar\/info\/#website","url":"https:\/\/patagoniambiental.com.ar\/info\/","name":"Patagonia Ambiental","description":"Monitoreo y an\u00e1lisis de la situaci\u00f3n geopol\u00edtica en el mundo y su implicancia en la Patagonia","publisher":{"@id":"https:\/\/patagoniambiental.com.ar\/info\/#organization"},"potentialAction":[{"@type":"SearchAction","target":{"@type":"EntryPoint","urlTemplate":"https:\/\/patagoniambiental.com.ar\/info\/?s={search_term_string}"},"query-input":{"@type":"PropertyValueSpecification","valueRequired":true,"valueName":"search_term_string"}}],"inLanguage":"es"},{"@type":"Organization","@id":"https:\/\/patagoniambiental.com.ar\/info\/#organization","name":"Patagonia Ambiental","url":"https:\/\/patagoniambiental.com.ar\/info\/","logo":{"@type":"ImageObject","inLanguage":"es","@id":"https:\/\/patagoniambiental.com.ar\/info\/#\/schema\/logo\/image\/","url":"https:\/\/patagoniambiental.com.ar\/info\/wp-content\/uploads\/2025\/05\/LOGO-PATAGONIA-AMBIENTAL.png","contentUrl":"https:\/\/patagoniambiental.com.ar\/info\/wp-content\/uploads\/2025\/05\/LOGO-PATAGONIA-AMBIENTAL.png","width":433,"height":250,"caption":"Patagonia Ambiental"},"image":{"@id":"https:\/\/patagoniambiental.com.ar\/info\/#\/schema\/logo\/image\/"},"sameAs":["https:\/\/www.facebook.com\/patagonia.ambiental","https:\/\/x.com\/PatAmb"]},{"@type":"Person","@id":"https:\/\/patagoniambiental.com.ar\/info\/#\/schema\/person\/db12bff64bbcbf6a253710bf0ea37b5d","name":"Patagonia Ambiental","description":"Andr\u00e9s Nievas T\u00e9cnico en manejo ambiental, consultor Ambiental y escritor para medios locales e internacionales sobre temas de geopolitica y medio ambiente.","sameAs":["http:\/\/www.patagoniambiental.com.ar","https:\/\/www.facebook.com\/share\/1C1V8Gv9BX\/?mibextid=qi2Omg","@patagoniambiental","https:\/\/youtube.com\/@patagoniaambiental2023?si=BLt58t0wuXquxlYZ"]}]}},"_links":{"self":[{"href":"https:\/\/patagoniambiental.com.ar\/info\/wp-json\/wp\/v2\/posts\/39297","targetHints":{"allow":["GET"]}}],"collection":[{"href":"https:\/\/patagoniambiental.com.ar\/info\/wp-json\/wp\/v2\/posts"}],"about":[{"href":"https:\/\/patagoniambiental.com.ar\/info\/wp-json\/wp\/v2\/types\/post"}],"author":[{"embeddable":true,"href":"https:\/\/patagoniambiental.com.ar\/info\/wp-json\/wp\/v2\/users\/2"}],"replies":[{"embeddable":true,"href":"https:\/\/patagoniambiental.com.ar\/info\/wp-json\/wp\/v2\/comments?post=39297"}],"version-history":[{"count":0,"href":"https:\/\/patagoniambiental.com.ar\/info\/wp-json\/wp\/v2\/posts\/39297\/revisions"}],"wp:attachment":[{"href":"https:\/\/patagoniambiental.com.ar\/info\/wp-json\/wp\/v2\/media?parent=39297"}],"wp:term":[{"taxonomy":"category","embeddable":true,"href":"https:\/\/patagoniambiental.com.ar\/info\/wp-json\/wp\/v2\/categories?post=39297"},{"taxonomy":"post_tag","embeddable":true,"href":"https:\/\/patagoniambiental.com.ar\/info\/wp-json\/wp\/v2\/tags?post=39297"}],"curies":[{"name":"wp","href":"https:\/\/api.w.org\/{rel}","templated":true}]}}