{"id":39327,"date":"2017-12-06T19:00:52","date_gmt":"2017-12-06T22:00:52","guid":{"rendered":"http:\/\/patagoniambiental.com.ar\/info\/?p=39327"},"modified":"2017-12-05T15:56:39","modified_gmt":"2017-12-05T18:56:39","slug":"instagram-quiere-que-cuides-el-medioambiente-y-estas-son-sus-medidas","status":"publish","type":"post","link":"https:\/\/patagoniambiental.com.ar\/info\/instagram-quiere-que-cuides-el-medioambiente-y-estas-son-sus-medidas\/","title":{"rendered":"Instagram quiere que cuides el medioambiente, y estas son sus medidas"},"content":{"rendered":"<div class=\"row\">\n<p>Instagram es una de las aplicaciones m\u00e1s utilizadas a nivel mundial para compartir fotograf\u00edas de todo tipo.<!--more--><\/p>\n<p>A casi todos nos gusta inmortalizar nuestros momentos, y dejar una prueba de ellos en las redes sociales. Sin embargo, en ocasiones,\u00a0<strong>en Instagram se comparte contenido inadecuado<\/strong>, o de dudosa moralidad.<\/p>\n<p>Publicado por\u00a0<a href=\"https:\/\/andro4all.com\/author\/ricardo-aguilar\" rel=\"author\">Ricardo Aguilar<\/a>\u00a0en\u00a0<a href=\"https:\/\/andro4all.com\/categoria\/aplicaciones\">Aplicaciones Android<\/a>\u00a0el\u00a005\/12\/2017 a las 08:12<\/p>\n<\/div>\n<p>&nbsp;<\/p>\n<div class=\"row\">\n<div class=\"span9 columns blog_content\">\n<div class=\"posttags\">Archivado en\u00a0<a href=\"https:\/\/andro4all.com\/tag\/aplicaciones-android\"><i class=\"fa fa-tag\"><\/i>\u00a0Aplicaciones Android<\/a>,\u00a0<a href=\"https:\/\/andro4all.com\/tag\/instagram\"><i class=\"fa fa-tag\"><\/i>\u00a0Instagram<\/a>,\u00a0<a href=\"https:\/\/andro4all.com\/tag\/redes-sociales\"><i class=\"fa fa-tag\"><\/i>\u00a0Redes sociales<\/a><\/div>\n<div><a href=\"https:\/\/www.facebook.com\/sharer\/sharer.php?s=100&amp;p[url]=https:\/\/andro4all.com\/2017\/12\/instagram-medioambiente-medidas?utm_campaign=facebook-button-post-above&amp;p[images][0]=https:\/\/andro4all.com\/files\/2016\/10\/Instagram-suici-640x480.jpg&amp;p[title]=Instagram%20quiere%20que%20cuides%20el%20medioambiente,%20y%20estas%20son%20sus%20medidas&amp;p[summary]=Instagram%20es%20una%20de%20las%20aplicaciones%20m%C3%A1s%20utilizadas%20a%20nivel%20mundial%20para%20compartir%20fotograf%C3%ADas%20de%20todo%20tipo.%20A%20casi%20todos%20nos%20gusta%20inmortalizar%20nuestros%20momentos,%20y%20dejar%20una%20prueba%20de%20ellos%20e...\" target=\"_blank\" rel=\"noopener\"><i class=\"fa fa-facebook\"><\/i>\u00a0COMPARTIR<\/a><a href=\"https:\/\/andro4all.com\/2017\/12\/instagram-medioambiente-medidas#disqus_thread\">0<\/a><a href=\"https:\/\/twitter.com\/intent\/tweet?text=Instagram+quiere+que+cuides+el+medioambiente%2C+y+estas+son+sus+medidas&amp;url=https:\/\/andro4all.com\/2017\/12\/instagram-medioambiente-medidas?utm_campaign=twitter-button-post-above&amp;via=andro4all&amp;related=difoosion\"><i class=\"fa fa-twitter\"><\/i>\u00a0TWITTEAR<\/a><\/div>\n<div class=\"post_content\">\n<p><img fetchpriority=\"high\" decoding=\"async\" class=\"aligncenter size-large wp-image-208672\" src=\"https:\/\/andro4all.com\/files\/2016\/10\/Instagram-suici-700x500.jpg\" sizes=\"(max-width: 700px) 100vw, 700px\" srcset=\"https:\/\/andro4all.com\/files\/2016\/10\/Instagram-suici.jpg 700w, https:\/\/andro4all.com\/files\/2016\/10\/Instagram-suici-400x286.jpg 400w, https:\/\/andro4all.com\/files\/2016\/10\/Instagram-suici-220x157.jpg 220w\" alt=\"Instagram destacada\" width=\"700\" height=\"500\" \/><\/p>\n<div class=\"seedtag-gohan seedtag-adunit\">\n<div class=\"st-container\">\n<div class=\"st-adunit-component st-adunit-component_ad-view\">\n<div class=\"st-container\">\n<div class=\"st-ad-wrapper st-ad-wrapper-\"><\/div>\n<\/div>\n<\/div>\n<\/div>\n<\/div>\n<p>El equipo de desarrollo lo sabe, pero no puedes controlar todo lo que suben los usuarios. Sin embargo, s\u00ed que puedes advertirles de que\u00a0<strong>est\u00e1n buscando contenido inapropiado<\/strong>. En el caso de hoy, el asunto tiene que ver con el medio ambiente, y la propuesta de Instagram para protegerlo.<\/p>\n<h2>Si buscas hashtags anti-medioambientales, Instagram te dar\u00e1 un aviso<\/h2>\n<div id=\"video-in-text\"><\/div>\n<p><img decoding=\"async\" class=\"aligncenter size-large wp-image-270267\" src=\"https:\/\/andro4all.com\/files\/2017\/12\/insta-mediambiente-700x472.jpg\" sizes=\"(max-width: 700px) 100vw, 700px\" srcset=\"https:\/\/andro4all.com\/files\/2017\/12\/insta-mediambiente.jpg 700w, https:\/\/andro4all.com\/files\/2017\/12\/insta-mediambiente-400x270.jpg 400w, https:\/\/andro4all.com\/files\/2017\/12\/insta-mediambiente-220x148.jpg 220w\" alt=\"insta mediambiente\" width=\"700\" height=\"472\" \/><\/p>\n<div id=\"hybs-slot-20ea49f1\" class=\"hybs-slot\">\n<div id=\"hybs-container-1\" class=\"hybs-container\"><iframe id=\"hybs-container-iframe-1\" class=\"hybs-container-iframe\" width=\"300\" height=\"150\" data-mce-fragment=\"1\"><\/iframe><\/div>\n<\/div>\n<p><a href=\"http:\/\/www.fonearena.com\/blog\/236634\/instagram-to-trigger-content-advisory-warning-for-hashtags-that-exploit-wildlife-and-nature.html\">Tal y como podemos leer en PhoneArena<\/a>,\u00a0<strong>Instagram est\u00e1 empezando a mostrar avisos<\/strong>\u00a0a aquellos usuarios que buscan hasthtags cuyo contenido\u00a0<strong>puede ir en contra del medio ambiente<\/strong>. Esto incluye tambi\u00e9n el maltrato animal, y es que, por desgracia, en Instagram hay muchas \u201cbromas\u201d o v\u00eddeos de \u201chumor\u201d en el que los animales son protagonistas, y no lo pasan especialmente bien.<\/p>\n<p><a href=\"https:\/\/instagram-press.com\/blog\/2017\/12\/04\/protecting-wildlife-and-nature-from-exploitation\/\">Desde el propio blog de Instagram<\/a>, afirman que la protecci\u00f3n del medio ambiente es una de sus prioridades, y animan a todos los usuarios\u00a0<strong>a reportar todas aquellas fotograf\u00edas o v\u00eddeos cuyo contenido atente contra el mismo<\/strong>.<\/p>\n<div><\/div>\n<p>Desde aqu\u00ed, aplaudimos la propuesta, ya que es una buena forma de intentar concienciar a los usuarios de que tenemos que cuidar el planeta en el que vivimos. De momento,\u00a0<strong>las advertencias no est\u00e1n activadas en todo el mundo<\/strong>, pero ir\u00e1n llegando de forma progresiva a los diferentes pa\u00edses.<\/p>\n<p><em>Y a ti, \u00bfqu\u00e9 te parece que Instagram intente proteger el medio ambiente?<\/em><\/p>\n<p>\u00bfTienes\u00a0<strong>Telegram<\/strong>\u00a0instalado? Recibe el mejor art\u00edculo de cada d\u00eda en\u00a0<a href=\"https:\/\/t.me\/andro4all\"><strong>nuestro canal<\/strong><\/a>.<\/p>\n<p>Fuente:\u00a0https:\/\/andro4all.com\/2017\/12\/instagram-medioambiente-medidas?utm_source=feed-Andro4all&amp;utm_medium=rss<\/p>\n<\/div>\n<\/div>\n<\/div>\n","protected":false},"excerpt":{"rendered":"<p>Instagram es una de las aplicaciones m\u00e1s utilizadas a nivel mundial para compartir fotograf\u00edas de todo tipo.<\/p>\n","protected":false},"author":2,"featured_media":0,"comment_status":"open","ping_status":"open","sticky":false,"template":"","format":"standard","meta":{"site-sidebar-layout":"default","site-content-layout":"","ast-site-content-layout":"default","site-content-style":"default","site-sidebar-style":"default","ast-global-header-display":"","ast-banner-title-visibility":"","ast-main-header-display":"","ast-hfb-above-header-display":"","ast-hfb-below-header-display":"","ast-hfb-mobile-header-display":"","site-post-title":"","ast-breadcrumbs-content":"","ast-featured-img":"","footer-sml-layout":"","ast-disable-related-posts":"","theme-transparent-header-meta":"","adv-header-id-meta":"","stick-header-meta":"","header-above-stick-meta":"","header-main-stick-meta":"","header-below-stick-meta":"","astra-migrate-meta-layouts":"default","ast-page-background-enabled":"default","ast-page-background-meta":{"desktop":{"background-color":"var(--ast-global-color-5)","background-image":"","background-repeat":"repeat","background-position":"center center","background-size":"auto","background-attachment":"scroll","background-type":"","background-media":"","overlay-type":"","overlay-color":"","overlay-opacity":"","overlay-gradient":""},"tablet":{"background-color":"","background-image":"","background-repeat":"repeat","background-position":"center center","background-size":"auto","background-attachment":"scroll","background-type":"","background-media":"","overlay-type":"","overlay-color":"","overlay-opacity":"","overlay-gradient":""},"mobile":{"background-color":"","background-image":"","background-repeat":"repeat","background-position":"center center","background-size":"auto","background-attachment":"scroll","background-type":"","background-media":"","overlay-type":"","overlay-color":"","overlay-opacity":"","overlay-gradient":""}},"ast-content-background-meta":{"desktop":{"background-color":"var(--ast-global-color-4)","background-image":"","background-repeat":"repeat","background-position":"center center","background-size":"auto","background-attachment":"scroll","background-type":"","background-media":"","overlay-type":"","overlay-color":"","overlay-opacity":"","overlay-gradient":""},"tablet":{"background-color":"var(--ast-global-color-4)","background-image":"","background-repeat":"repeat","background-position":"center center","background-size":"auto","background-attachment":"scroll","background-type":"","background-media":"","overlay-type":"","overlay-color":"","overlay-opacity":"","overlay-gradient":""},"mobile":{"background-color":"var(--ast-global-color-4)","background-image":"","background-repeat":"repeat","background-position":"center center","background-size":"auto","background-attachment":"scroll","background-type":"","background-media":"","overlay-type":"","overlay-color":"","overlay-opacity":"","overlay-gradient":""}},"footnotes":""},"categories":[23,1],"tags":[],"class_list":["post-39327","post","type-post","status-publish","format-standard","hentry","category-internacionales","category-noticias"],"yoast_head":"<!-- This site is optimized with the Yoast SEO Premium plugin v23.0 (Yoast SEO v27.4) - https:\/\/yoast.com\/product\/yoast-seo-premium-wordpress\/ -->\n<title>Instagram quiere que cuides el medioambiente, y estas son sus medidas<\/title>\n<meta name=\"robots\" content=\"index, follow, max-snippet:-1, max-image-preview:large, max-video-preview:-1\" \/>\n<link rel=\"canonical\" href=\"https:\/\/patagoniambiental.com.ar\/info\/instagram-quiere-que-cuides-el-medioambiente-y-estas-son-sus-medidas\/\" \/>\n<meta property=\"og:locale\" content=\"es_ES\" \/>\n<meta property=\"og:type\" content=\"article\" \/>\n<meta property=\"og:title\" content=\"Instagram quiere que cuides el medioambiente, y estas son sus medidas\" \/>\n<meta property=\"og:description\" content=\"Instagram es una de las aplicaciones m\u00e1s utilizadas a nivel mundial para compartir fotograf\u00edas de todo tipo.\" \/>\n<meta property=\"og:url\" content=\"https:\/\/patagoniambiental.com.ar\/info\/instagram-quiere-que-cuides-el-medioambiente-y-estas-son-sus-medidas\/\" \/>\n<meta property=\"og:site_name\" content=\"Patagonia Ambiental\" \/>\n<meta property=\"article:publisher\" content=\"https:\/\/www.facebook.com\/patagonia.ambiental\" \/>\n<meta property=\"article:author\" content=\"https:\/\/www.facebook.com\/share\/1C1V8Gv9BX\/?mibextid=qi2Omg\" \/>\n<meta property=\"article:published_time\" content=\"2017-12-06T22:00:52+00:00\" \/>\n<meta property=\"og:image\" content=\"https:\/\/andro4all.com\/files\/2016\/10\/Instagram-suici-700x500.jpg\" \/>\n<meta name=\"author\" content=\"Patagonia Ambiental\" \/>\n<meta name=\"twitter:card\" content=\"summary_large_image\" \/>\n<meta name=\"twitter:creator\" content=\"@PatAmb\" \/>\n<meta name=\"twitter:site\" content=\"@PatAmb\" \/>\n<script type=\"application\/ld+json\" class=\"yoast-schema-graph\">{\"@context\":\"https:\\\/\\\/schema.org\",\"@graph\":[{\"@type\":\"Article\",\"@id\":\"https:\\\/\\\/patagoniambiental.com.ar\\\/info\\\/instagram-quiere-que-cuides-el-medioambiente-y-estas-son-sus-medidas\\\/#article\",\"isPartOf\":{\"@id\":\"https:\\\/\\\/patagoniambiental.com.ar\\\/info\\\/instagram-quiere-que-cuides-el-medioambiente-y-estas-son-sus-medidas\\\/\"},\"author\":{\"name\":\"Patagonia Ambiental\",\"@id\":\"https:\\\/\\\/patagoniambiental.com.ar\\\/info\\\/#\\\/schema\\\/person\\\/db12bff64bbcbf6a253710bf0ea37b5d\"},\"headline\":\"Instagram quiere que cuides el medioambiente, y estas son sus medidas\",\"datePublished\":\"2017-12-06T22:00:52+00:00\",\"mainEntityOfPage\":{\"@id\":\"https:\\\/\\\/patagoniambiental.com.ar\\\/info\\\/instagram-quiere-que-cuides-el-medioambiente-y-estas-son-sus-medidas\\\/\"},\"wordCount\":338,\"commentCount\":0,\"publisher\":{\"@id\":\"https:\\\/\\\/patagoniambiental.com.ar\\\/info\\\/#organization\"},\"image\":{\"@id\":\"https:\\\/\\\/patagoniambiental.com.ar\\\/info\\\/instagram-quiere-que-cuides-el-medioambiente-y-estas-son-sus-medidas\\\/#primaryimage\"},\"thumbnailUrl\":\"https:\\\/\\\/andro4all.com\\\/files\\\/2016\\\/10\\\/Instagram-suici-700x500.jpg\",\"articleSection\":[\"Internacionales\",\"Noticias\"],\"inLanguage\":\"es\",\"potentialAction\":[{\"@type\":\"CommentAction\",\"name\":\"Comment\",\"target\":[\"https:\\\/\\\/patagoniambiental.com.ar\\\/info\\\/instagram-quiere-que-cuides-el-medioambiente-y-estas-son-sus-medidas\\\/#respond\"]}]},{\"@type\":\"WebPage\",\"@id\":\"https:\\\/\\\/patagoniambiental.com.ar\\\/info\\\/instagram-quiere-que-cuides-el-medioambiente-y-estas-son-sus-medidas\\\/\",\"url\":\"https:\\\/\\\/patagoniambiental.com.ar\\\/info\\\/instagram-quiere-que-cuides-el-medioambiente-y-estas-son-sus-medidas\\\/\",\"name\":\"Instagram quiere que cuides el medioambiente, y estas son sus medidas\",\"isPartOf\":{\"@id\":\"https:\\\/\\\/patagoniambiental.com.ar\\\/info\\\/#website\"},\"primaryImageOfPage\":{\"@id\":\"https:\\\/\\\/patagoniambiental.com.ar\\\/info\\\/instagram-quiere-que-cuides-el-medioambiente-y-estas-son-sus-medidas\\\/#primaryimage\"},\"image\":{\"@id\":\"https:\\\/\\\/patagoniambiental.com.ar\\\/info\\\/instagram-quiere-que-cuides-el-medioambiente-y-estas-son-sus-medidas\\\/#primaryimage\"},\"thumbnailUrl\":\"https:\\\/\\\/andro4all.com\\\/files\\\/2016\\\/10\\\/Instagram-suici-700x500.jpg\",\"datePublished\":\"2017-12-06T22:00:52+00:00\",\"breadcrumb\":{\"@id\":\"https:\\\/\\\/patagoniambiental.com.ar\\\/info\\\/instagram-quiere-que-cuides-el-medioambiente-y-estas-son-sus-medidas\\\/#breadcrumb\"},\"inLanguage\":\"es\",\"potentialAction\":[{\"@type\":\"ReadAction\",\"target\":[\"https:\\\/\\\/patagoniambiental.com.ar\\\/info\\\/instagram-quiere-que-cuides-el-medioambiente-y-estas-son-sus-medidas\\\/\"]}]},{\"@type\":\"ImageObject\",\"inLanguage\":\"es\",\"@id\":\"https:\\\/\\\/patagoniambiental.com.ar\\\/info\\\/instagram-quiere-que-cuides-el-medioambiente-y-estas-son-sus-medidas\\\/#primaryimage\",\"url\":\"https:\\\/\\\/andro4all.com\\\/files\\\/2016\\\/10\\\/Instagram-suici-700x500.jpg\",\"contentUrl\":\"https:\\\/\\\/andro4all.com\\\/files\\\/2016\\\/10\\\/Instagram-suici-700x500.jpg\"},{\"@type\":\"BreadcrumbList\",\"@id\":\"https:\\\/\\\/patagoniambiental.com.ar\\\/info\\\/instagram-quiere-que-cuides-el-medioambiente-y-estas-son-sus-medidas\\\/#breadcrumb\",\"itemListElement\":[{\"@type\":\"ListItem\",\"position\":1,\"name\":\"Inicio\",\"item\":\"https:\\\/\\\/patagoniambiental.com.ar\\\/info\\\/\"},{\"@type\":\"ListItem\",\"position\":2,\"name\":\"Instagram quiere que cuides el medioambiente, y estas son sus medidas\"}]},{\"@type\":\"WebSite\",\"@id\":\"https:\\\/\\\/patagoniambiental.com.ar\\\/info\\\/#website\",\"url\":\"https:\\\/\\\/patagoniambiental.com.ar\\\/info\\\/\",\"name\":\"Patagonia Ambiental\",\"description\":\"Monitoreo y an\u00e1lisis de la situaci\u00f3n geopol\u00edtica en el mundo y su implicancia en la Patagonia\",\"publisher\":{\"@id\":\"https:\\\/\\\/patagoniambiental.com.ar\\\/info\\\/#organization\"},\"potentialAction\":[{\"@type\":\"SearchAction\",\"target\":{\"@type\":\"EntryPoint\",\"urlTemplate\":\"https:\\\/\\\/patagoniambiental.com.ar\\\/info\\\/?s={search_term_string}\"},\"query-input\":{\"@type\":\"PropertyValueSpecification\",\"valueRequired\":true,\"valueName\":\"search_term_string\"}}],\"inLanguage\":\"es\"},{\"@type\":\"Organization\",\"@id\":\"https:\\\/\\\/patagoniambiental.com.ar\\\/info\\\/#organization\",\"name\":\"Patagonia Ambiental\",\"url\":\"https:\\\/\\\/patagoniambiental.com.ar\\\/info\\\/\",\"logo\":{\"@type\":\"ImageObject\",\"inLanguage\":\"es\",\"@id\":\"https:\\\/\\\/patagoniambiental.com.ar\\\/info\\\/#\\\/schema\\\/logo\\\/image\\\/\",\"url\":\"https:\\\/\\\/patagoniambiental.com.ar\\\/info\\\/wp-content\\\/uploads\\\/2025\\\/05\\\/LOGO-PATAGONIA-AMBIENTAL.png\",\"contentUrl\":\"https:\\\/\\\/patagoniambiental.com.ar\\\/info\\\/wp-content\\\/uploads\\\/2025\\\/05\\\/LOGO-PATAGONIA-AMBIENTAL.png\",\"width\":433,\"height\":250,\"caption\":\"Patagonia Ambiental\"},\"image\":{\"@id\":\"https:\\\/\\\/patagoniambiental.com.ar\\\/info\\\/#\\\/schema\\\/logo\\\/image\\\/\"},\"sameAs\":[\"https:\\\/\\\/www.facebook.com\\\/patagonia.ambiental\",\"https:\\\/\\\/x.com\\\/PatAmb\"]},{\"@type\":\"Person\",\"@id\":\"https:\\\/\\\/patagoniambiental.com.ar\\\/info\\\/#\\\/schema\\\/person\\\/db12bff64bbcbf6a253710bf0ea37b5d\",\"name\":\"Patagonia Ambiental\",\"description\":\"Andr\u00e9s Nievas T\u00e9cnico en manejo ambiental, consultor Ambiental y escritor para medios locales e internacionales sobre temas de geopolitica y medio ambiente.\",\"sameAs\":[\"http:\\\/\\\/www.patagoniambiental.com.ar\",\"https:\\\/\\\/www.facebook.com\\\/share\\\/1C1V8Gv9BX\\\/?mibextid=qi2Omg\",\"@patagoniambiental\",\"https:\\\/\\\/youtube.com\\\/@patagoniaambiental2023?si=BLt58t0wuXquxlYZ\"]}]}<\/script>\n<!-- \/ Yoast SEO Premium plugin. -->","yoast_head_json":{"title":"Instagram quiere que cuides el medioambiente, y estas son sus medidas","robots":{"index":"index","follow":"follow","max-snippet":"max-snippet:-1","max-image-preview":"max-image-preview:large","max-video-preview":"max-video-preview:-1"},"canonical":"https:\/\/patagoniambiental.com.ar\/info\/instagram-quiere-que-cuides-el-medioambiente-y-estas-son-sus-medidas\/","og_locale":"es_ES","og_type":"article","og_title":"Instagram quiere que cuides el medioambiente, y estas son sus medidas","og_description":"Instagram es una de las aplicaciones m\u00e1s utilizadas a nivel mundial para compartir fotograf\u00edas de todo tipo.","og_url":"https:\/\/patagoniambiental.com.ar\/info\/instagram-quiere-que-cuides-el-medioambiente-y-estas-son-sus-medidas\/","og_site_name":"Patagonia Ambiental","article_publisher":"https:\/\/www.facebook.com\/patagonia.ambiental","article_author":"https:\/\/www.facebook.com\/share\/1C1V8Gv9BX\/?mibextid=qi2Omg","article_published_time":"2017-12-06T22:00:52+00:00","og_image":[{"url":"https:\/\/andro4all.com\/files\/2016\/10\/Instagram-suici-700x500.jpg","type":"","width":"","height":""}],"author":"Patagonia Ambiental","twitter_card":"summary_large_image","twitter_creator":"@PatAmb","twitter_site":"@PatAmb","schema":{"@context":"https:\/\/schema.org","@graph":[{"@type":"Article","@id":"https:\/\/patagoniambiental.com.ar\/info\/instagram-quiere-que-cuides-el-medioambiente-y-estas-son-sus-medidas\/#article","isPartOf":{"@id":"https:\/\/patagoniambiental.com.ar\/info\/instagram-quiere-que-cuides-el-medioambiente-y-estas-son-sus-medidas\/"},"author":{"name":"Patagonia Ambiental","@id":"https:\/\/patagoniambiental.com.ar\/info\/#\/schema\/person\/db12bff64bbcbf6a253710bf0ea37b5d"},"headline":"Instagram quiere que cuides el medioambiente, y estas son sus medidas","datePublished":"2017-12-06T22:00:52+00:00","mainEntityOfPage":{"@id":"https:\/\/patagoniambiental.com.ar\/info\/instagram-quiere-que-cuides-el-medioambiente-y-estas-son-sus-medidas\/"},"wordCount":338,"commentCount":0,"publisher":{"@id":"https:\/\/patagoniambiental.com.ar\/info\/#organization"},"image":{"@id":"https:\/\/patagoniambiental.com.ar\/info\/instagram-quiere-que-cuides-el-medioambiente-y-estas-son-sus-medidas\/#primaryimage"},"thumbnailUrl":"https:\/\/andro4all.com\/files\/2016\/10\/Instagram-suici-700x500.jpg","articleSection":["Internacionales","Noticias"],"inLanguage":"es","potentialAction":[{"@type":"CommentAction","name":"Comment","target":["https:\/\/patagoniambiental.com.ar\/info\/instagram-quiere-que-cuides-el-medioambiente-y-estas-son-sus-medidas\/#respond"]}]},{"@type":"WebPage","@id":"https:\/\/patagoniambiental.com.ar\/info\/instagram-quiere-que-cuides-el-medioambiente-y-estas-son-sus-medidas\/","url":"https:\/\/patagoniambiental.com.ar\/info\/instagram-quiere-que-cuides-el-medioambiente-y-estas-son-sus-medidas\/","name":"Instagram quiere que cuides el medioambiente, y estas son sus medidas","isPartOf":{"@id":"https:\/\/patagoniambiental.com.ar\/info\/#website"},"primaryImageOfPage":{"@id":"https:\/\/patagoniambiental.com.ar\/info\/instagram-quiere-que-cuides-el-medioambiente-y-estas-son-sus-medidas\/#primaryimage"},"image":{"@id":"https:\/\/patagoniambiental.com.ar\/info\/instagram-quiere-que-cuides-el-medioambiente-y-estas-son-sus-medidas\/#primaryimage"},"thumbnailUrl":"https:\/\/andro4all.com\/files\/2016\/10\/Instagram-suici-700x500.jpg","datePublished":"2017-12-06T22:00:52+00:00","breadcrumb":{"@id":"https:\/\/patagoniambiental.com.ar\/info\/instagram-quiere-que-cuides-el-medioambiente-y-estas-son-sus-medidas\/#breadcrumb"},"inLanguage":"es","potentialAction":[{"@type":"ReadAction","target":["https:\/\/patagoniambiental.com.ar\/info\/instagram-quiere-que-cuides-el-medioambiente-y-estas-son-sus-medidas\/"]}]},{"@type":"ImageObject","inLanguage":"es","@id":"https:\/\/patagoniambiental.com.ar\/info\/instagram-quiere-que-cuides-el-medioambiente-y-estas-son-sus-medidas\/#primaryimage","url":"https:\/\/andro4all.com\/files\/2016\/10\/Instagram-suici-700x500.jpg","contentUrl":"https:\/\/andro4all.com\/files\/2016\/10\/Instagram-suici-700x500.jpg"},{"@type":"BreadcrumbList","@id":"https:\/\/patagoniambiental.com.ar\/info\/instagram-quiere-que-cuides-el-medioambiente-y-estas-son-sus-medidas\/#breadcrumb","itemListElement":[{"@type":"ListItem","position":1,"name":"Inicio","item":"https:\/\/patagoniambiental.com.ar\/info\/"},{"@type":"ListItem","position":2,"name":"Instagram quiere que cuides el medioambiente, y estas son sus medidas"}]},{"@type":"WebSite","@id":"https:\/\/patagoniambiental.com.ar\/info\/#website","url":"https:\/\/patagoniambiental.com.ar\/info\/","name":"Patagonia Ambiental","description":"Monitoreo y an\u00e1lisis de la situaci\u00f3n geopol\u00edtica en el mundo y su implicancia en la Patagonia","publisher":{"@id":"https:\/\/patagoniambiental.com.ar\/info\/#organization"},"potentialAction":[{"@type":"SearchAction","target":{"@type":"EntryPoint","urlTemplate":"https:\/\/patagoniambiental.com.ar\/info\/?s={search_term_string}"},"query-input":{"@type":"PropertyValueSpecification","valueRequired":true,"valueName":"search_term_string"}}],"inLanguage":"es"},{"@type":"Organization","@id":"https:\/\/patagoniambiental.com.ar\/info\/#organization","name":"Patagonia Ambiental","url":"https:\/\/patagoniambiental.com.ar\/info\/","logo":{"@type":"ImageObject","inLanguage":"es","@id":"https:\/\/patagoniambiental.com.ar\/info\/#\/schema\/logo\/image\/","url":"https:\/\/patagoniambiental.com.ar\/info\/wp-content\/uploads\/2025\/05\/LOGO-PATAGONIA-AMBIENTAL.png","contentUrl":"https:\/\/patagoniambiental.com.ar\/info\/wp-content\/uploads\/2025\/05\/LOGO-PATAGONIA-AMBIENTAL.png","width":433,"height":250,"caption":"Patagonia Ambiental"},"image":{"@id":"https:\/\/patagoniambiental.com.ar\/info\/#\/schema\/logo\/image\/"},"sameAs":["https:\/\/www.facebook.com\/patagonia.ambiental","https:\/\/x.com\/PatAmb"]},{"@type":"Person","@id":"https:\/\/patagoniambiental.com.ar\/info\/#\/schema\/person\/db12bff64bbcbf6a253710bf0ea37b5d","name":"Patagonia Ambiental","description":"Andr\u00e9s Nievas T\u00e9cnico en manejo ambiental, consultor Ambiental y escritor para medios locales e internacionales sobre temas de geopolitica y medio ambiente.","sameAs":["http:\/\/www.patagoniambiental.com.ar","https:\/\/www.facebook.com\/share\/1C1V8Gv9BX\/?mibextid=qi2Omg","@patagoniambiental","https:\/\/youtube.com\/@patagoniaambiental2023?si=BLt58t0wuXquxlYZ"]}]}},"_links":{"self":[{"href":"https:\/\/patagoniambiental.com.ar\/info\/wp-json\/wp\/v2\/posts\/39327","targetHints":{"allow":["GET"]}}],"collection":[{"href":"https:\/\/patagoniambiental.com.ar\/info\/wp-json\/wp\/v2\/posts"}],"about":[{"href":"https:\/\/patagoniambiental.com.ar\/info\/wp-json\/wp\/v2\/types\/post"}],"author":[{"embeddable":true,"href":"https:\/\/patagoniambiental.com.ar\/info\/wp-json\/wp\/v2\/users\/2"}],"replies":[{"embeddable":true,"href":"https:\/\/patagoniambiental.com.ar\/info\/wp-json\/wp\/v2\/comments?post=39327"}],"version-history":[{"count":0,"href":"https:\/\/patagoniambiental.com.ar\/info\/wp-json\/wp\/v2\/posts\/39327\/revisions"}],"wp:attachment":[{"href":"https:\/\/patagoniambiental.com.ar\/info\/wp-json\/wp\/v2\/media?parent=39327"}],"wp:term":[{"taxonomy":"category","embeddable":true,"href":"https:\/\/patagoniambiental.com.ar\/info\/wp-json\/wp\/v2\/categories?post=39327"},{"taxonomy":"post_tag","embeddable":true,"href":"https:\/\/patagoniambiental.com.ar\/info\/wp-json\/wp\/v2\/tags?post=39327"}],"curies":[{"name":"wp","href":"https:\/\/api.w.org\/{rel}","templated":true}]}}