{"id":39355,"date":"2017-12-06T09:00:57","date_gmt":"2017-12-06T12:00:57","guid":{"rendered":"http:\/\/patagoniambiental.com.ar\/info\/?p=39355"},"modified":"2017-12-05T22:53:17","modified_gmt":"2017-12-06T01:53:17","slug":"el-sentinel-5-p-capta-imagenes-sin-precedentes-de-la-contaminacion-planeta","status":"publish","type":"post","link":"https:\/\/patagoniambiental.com.ar\/info\/el-sentinel-5-p-capta-imagenes-sin-precedentes-de-la-contaminacion-planeta\/","title":{"rendered":"El Sentinel 5-p capta im\u00e1genes sin precedentes de la contaminaci\u00f3n planeta"},"content":{"rendered":"<p class=\"entradilla\">La Agencia Espacial Europea (ESA) ha mostrado las primeras im\u00e1genes sin precedentes sobre la contaminaci\u00f3n atmosf\u00e9rica enviadas por el sat\u00e9lite Sentinel-5P, lanzado el espacio el pasado octubre, que suponen una nueva dimensi\u00f3n en materia de resoluci\u00f3n y calidad de datos.<\/p>\n<p>\u201cEl gran logro es la resoluci\u00f3n de las im\u00e1genes, la precisi\u00f3n y el detalle que se obtienen de estos datos. Realmente es poluci\u00f3n \u2018full HD\u2019, si se compara con anteriores mediciones de resoluci\u00f3n m\u00e1s baja\u201d, afirm\u00f3 el director de Programas de Observaci\u00f3n de la Tierra de la ESA, Josef Aschbacher, en una rueda de prensa en el Centro Aeroespacial Alem\u00e1n (DLR) en Oberpfaffenhofen (sur de Alemania).<\/p>\n<p>El espectr\u00f3metro de im\u00e1genes multiespectrales m\u00e1s avanzado hasta la fecha, Tropomi, instalado en el Sentinel-5P, es el instrumento que recoger\u00e1 los datos sobre los diferentes gases que se encuentran en la atm\u00f3sfera, ente ellos el di\u00f3xido de nitr\u00f3geno, el ozono, el mon\u00f3xido de carbono, el metano, el formaldeh\u00eddo, el di\u00f3xido de azufre y los aerosoles.<\/p>\n<h2>Contaminaci\u00f3n en alta resoluci\u00f3n<\/h2>\n<p>La \u201cresoluci\u00f3n sin precedentes\u201d de Tropomi, con un tama\u00f1o de p\u00edxel de 7\u00d73,5 km2 permitir\u00e1 una cobertura global diaria y se traducir\u00e1 en un volumen de datos de aproximadamente 640 GB por d\u00eda, precis\u00f3 Aschbacher.<\/p>\n<p>Se trata de una \u201cnueva dimensi\u00f3n\u201d en t\u00e9rminos de calidad de datos y resoluci\u00f3n, doce veces mayor de la que se pod\u00eda obtener hasta ahora desde el espacio, lo que supone una \u201cnueva era en las mediciones de la calidad del aire\u201d, subray\u00f3.<\/p>\n<blockquote><p>\u201cTenemos alrededor de 4.000 longitudes de onda por espectro y medimos unos 450 espectros por segundo y veinte millones de estas observaciones por d\u00eda\u201d, precis\u00f3 Pepijn Veefkind, del Real Instituto Meteorol\u00f3gico de Holanda, al mostrar varias im\u00e1genes creadas a partir de los datos enviados por Sentinel-5P.<\/p><\/blockquote>\n<p>Richard Bamler, del Centro de Observaci\u00f3n de la Tierra de la ESA, reconoci\u00f3 que los resultados han superado todas las expectativas y agreg\u00f3 que \u201cesta misi\u00f3n, con veinte millones de mediciones al d\u00eda, constituye verdaderamente algo revolucionario\u201d.<\/p>\n<p>El objetivo de esta nueva misi\u00f3n del programa europeo Cop\u00e9rnico de observaci\u00f3n de la Tierra es ofrecer informaci\u00f3n sobre la calidad del aire en tiempo real, es decir, tres horas despu\u00e9s de las mediciones, precis\u00f3.<\/p>\n<h2>Monitoreo atmosf\u00e9rico<\/h2>\n<p>La informaci\u00f3n que se obtenga de esta nueva misi\u00f3n, recogida a trav\u00e9s del servicio de Monitoreo Atmosf\u00e9rico Cop\u00e9rnico, ser\u00e1 utilizada para las predicciones de la calidad del aire y la toma de futuras decisiones relativas al cambio clim\u00e1tico.<\/p>\n<p>Tambi\u00e9n ser\u00e1 de utilidad para el seguimiento de cenizas volc\u00e1nicas que influyen en la seguridad de los aviones o para los servicios de alerta en altos niveles de radiaci\u00f3n ultravioleta que pueden causar enfermedades de la piel.<\/p>\n<p>Seg\u00fan datos de 2016 de la Organizaci\u00f3n Mundial de la Salud (OMS), cada a\u00f1o se registran 6,5 millones de muertes prematuras en el mundo, el 11,6 % de las cuales est\u00e1n relacionadas con la poluci\u00f3n.<\/p>\n<p>En la Uni\u00f3n Europea (UE), la contaminaci\u00f3n del aire es la causante de 500.000 muertes prematuras, record\u00f3 Aschenbacher.<\/p>\n<p>Seg\u00fan el director de Programas de Observaci\u00f3n de la Tierra de la ESA, \u201cestamos pasando de un debate m\u00e1s cient\u00edfico a un debate pol\u00edtico, algo muy necesario e importante\u201d.<\/p>\n<p>Expres\u00f3 su esperanza de que una vez est\u00e9n disponibles todos estos datos, los pol\u00edticos sepan valorarlos y aprovechen la oportunidad que les brinda esta informaci\u00f3n para la correcta toma de decisiones.<\/p>\n<p>Las im\u00e1genes mostradas hoy son s\u00f3lo un adelanto de los datos que ofrecer\u00e1 Sentinel-5P una vez que la misi\u00f3n comience a cartografiar diariamente a unos 2.600 kil\u00f3metros la totalidad del planeta con una precisi\u00f3n nunca vista para lograr nuevas cotas en la previsi\u00f3n de la calidad del aire.<\/p>\n<p>El objetivo ahora es que Sentinel-5P, el sexto sat\u00e9lite Sentinel del programa Cop\u00e9rnico, logr\u00e9 funcionar a pleno rendimiento en los pr\u00f3ximos meses, precis\u00f3 por su parte Erhard Diedrich, del DLR.<\/p>\n<p>Fuente: EFE Verde<\/p>\n","protected":false},"excerpt":{"rendered":"<p>La Agencia Espacial Europea (ESA) ha mostrado las primeras im\u00e1genes sin precedentes sobre la contaminaci\u00f3n atmosf\u00e9rica enviadas por el sat\u00e9lite [&hellip;]<\/p>\n","protected":false},"author":2,"featured_media":0,"comment_status":"open","ping_status":"open","sticky":false,"template":"","format":"standard","meta":{"site-sidebar-layout":"default","site-content-layout":"","ast-site-content-layout":"default","site-content-style":"default","site-sidebar-style":"default","ast-global-header-display":"","ast-banner-title-visibility":"","ast-main-header-display":"","ast-hfb-above-header-display":"","ast-hfb-below-header-display":"","ast-hfb-mobile-header-display":"","site-post-title":"","ast-breadcrumbs-content":"","ast-featured-img":"","footer-sml-layout":"","ast-disable-related-posts":"","theme-transparent-header-meta":"","adv-header-id-meta":"","stick-header-meta":"","header-above-stick-meta":"","header-main-stick-meta":"","header-below-stick-meta":"","astra-migrate-meta-layouts":"default","ast-page-background-enabled":"default","ast-page-background-meta":{"desktop":{"background-color":"var(--ast-global-color-5)","background-image":"","background-repeat":"repeat","background-position":"center center","background-size":"auto","background-attachment":"scroll","background-type":"","background-media":"","overlay-type":"","overlay-color":"","overlay-opacity":"","overlay-gradient":""},"tablet":{"background-color":"","background-image":"","background-repeat":"repeat","background-position":"center center","background-size":"auto","background-attachment":"scroll","background-type":"","background-media":"","overlay-type":"","overlay-color":"","overlay-opacity":"","overlay-gradient":""},"mobile":{"background-color":"","background-image":"","background-repeat":"repeat","background-position":"center center","background-size":"auto","background-attachment":"scroll","background-type":"","background-media":"","overlay-type":"","overlay-color":"","overlay-opacity":"","overlay-gradient":""}},"ast-content-background-meta":{"desktop":{"background-color":"var(--ast-global-color-4)","background-image":"","background-repeat":"repeat","background-position":"center center","background-size":"auto","background-attachment":"scroll","background-type":"","background-media":"","overlay-type":"","overlay-color":"","overlay-opacity":"","overlay-gradient":""},"tablet":{"background-color":"var(--ast-global-color-4)","background-image":"","background-repeat":"repeat","background-position":"center center","background-size":"auto","background-attachment":"scroll","background-type":"","background-media":"","overlay-type":"","overlay-color":"","overlay-opacity":"","overlay-gradient":""},"mobile":{"background-color":"var(--ast-global-color-4)","background-image":"","background-repeat":"repeat","background-position":"center center","background-size":"auto","background-attachment":"scroll","background-type":"","background-media":"","overlay-type":"","overlay-color":"","overlay-opacity":"","overlay-gradient":""}},"footnotes":""},"categories":[23,1],"tags":[],"class_list":["post-39355","post","type-post","status-publish","format-standard","hentry","category-internacionales","category-noticias"],"yoast_head":"<!-- This site is optimized with the Yoast SEO Premium plugin v23.0 (Yoast SEO v27.4) - https:\/\/yoast.com\/product\/yoast-seo-premium-wordpress\/ -->\n<title>El Sentinel 5-p capta im\u00e1genes sin precedentes de la contaminaci\u00f3n planeta<\/title>\n<meta name=\"robots\" content=\"index, follow, max-snippet:-1, max-image-preview:large, max-video-preview:-1\" \/>\n<link rel=\"canonical\" href=\"https:\/\/patagoniambiental.com.ar\/info\/el-sentinel-5-p-capta-imagenes-sin-precedentes-de-la-contaminacion-planeta\/\" \/>\n<meta property=\"og:locale\" content=\"es_ES\" \/>\n<meta property=\"og:type\" content=\"article\" \/>\n<meta property=\"og:title\" content=\"El Sentinel 5-p capta im\u00e1genes sin precedentes de la contaminaci\u00f3n planeta\" \/>\n<meta property=\"og:description\" content=\"La Agencia Espacial Europea (ESA) ha mostrado las primeras im\u00e1genes sin precedentes sobre la contaminaci\u00f3n atmosf\u00e9rica enviadas por el sat\u00e9lite [&hellip;]\" \/>\n<meta property=\"og:url\" content=\"https:\/\/patagoniambiental.com.ar\/info\/el-sentinel-5-p-capta-imagenes-sin-precedentes-de-la-contaminacion-planeta\/\" \/>\n<meta property=\"og:site_name\" content=\"Patagonia Ambiental\" \/>\n<meta property=\"article:publisher\" content=\"https:\/\/www.facebook.com\/patagonia.ambiental\" \/>\n<meta property=\"article:author\" content=\"https:\/\/www.facebook.com\/share\/1C1V8Gv9BX\/?mibextid=qi2Omg\" \/>\n<meta property=\"article:published_time\" content=\"2017-12-06T12:00:57+00:00\" \/>\n<meta name=\"author\" content=\"Patagonia Ambiental\" \/>\n<meta name=\"twitter:card\" content=\"summary_large_image\" \/>\n<meta name=\"twitter:creator\" content=\"@PatAmb\" \/>\n<meta name=\"twitter:site\" content=\"@PatAmb\" \/>\n<script type=\"application\/ld+json\" class=\"yoast-schema-graph\">{\"@context\":\"https:\\\/\\\/schema.org\",\"@graph\":[{\"@type\":\"Article\",\"@id\":\"https:\\\/\\\/patagoniambiental.com.ar\\\/info\\\/el-sentinel-5-p-capta-imagenes-sin-precedentes-de-la-contaminacion-planeta\\\/#article\",\"isPartOf\":{\"@id\":\"https:\\\/\\\/patagoniambiental.com.ar\\\/info\\\/el-sentinel-5-p-capta-imagenes-sin-precedentes-de-la-contaminacion-planeta\\\/\"},\"author\":{\"name\":\"Patagonia Ambiental\",\"@id\":\"https:\\\/\\\/patagoniambiental.com.ar\\\/info\\\/#\\\/schema\\\/person\\\/db12bff64bbcbf6a253710bf0ea37b5d\"},\"headline\":\"El Sentinel 5-p capta im\u00e1genes sin precedentes de la contaminaci\u00f3n planeta\",\"datePublished\":\"2017-12-06T12:00:57+00:00\",\"mainEntityOfPage\":{\"@id\":\"https:\\\/\\\/patagoniambiental.com.ar\\\/info\\\/el-sentinel-5-p-capta-imagenes-sin-precedentes-de-la-contaminacion-planeta\\\/\"},\"wordCount\":718,\"commentCount\":0,\"publisher\":{\"@id\":\"https:\\\/\\\/patagoniambiental.com.ar\\\/info\\\/#organization\"},\"articleSection\":[\"Internacionales\",\"Noticias\"],\"inLanguage\":\"es\",\"potentialAction\":[{\"@type\":\"CommentAction\",\"name\":\"Comment\",\"target\":[\"https:\\\/\\\/patagoniambiental.com.ar\\\/info\\\/el-sentinel-5-p-capta-imagenes-sin-precedentes-de-la-contaminacion-planeta\\\/#respond\"]}]},{\"@type\":\"WebPage\",\"@id\":\"https:\\\/\\\/patagoniambiental.com.ar\\\/info\\\/el-sentinel-5-p-capta-imagenes-sin-precedentes-de-la-contaminacion-planeta\\\/\",\"url\":\"https:\\\/\\\/patagoniambiental.com.ar\\\/info\\\/el-sentinel-5-p-capta-imagenes-sin-precedentes-de-la-contaminacion-planeta\\\/\",\"name\":\"El Sentinel 5-p capta im\u00e1genes sin precedentes de la contaminaci\u00f3n planeta\",\"isPartOf\":{\"@id\":\"https:\\\/\\\/patagoniambiental.com.ar\\\/info\\\/#website\"},\"datePublished\":\"2017-12-06T12:00:57+00:00\",\"breadcrumb\":{\"@id\":\"https:\\\/\\\/patagoniambiental.com.ar\\\/info\\\/el-sentinel-5-p-capta-imagenes-sin-precedentes-de-la-contaminacion-planeta\\\/#breadcrumb\"},\"inLanguage\":\"es\",\"potentialAction\":[{\"@type\":\"ReadAction\",\"target\":[\"https:\\\/\\\/patagoniambiental.com.ar\\\/info\\\/el-sentinel-5-p-capta-imagenes-sin-precedentes-de-la-contaminacion-planeta\\\/\"]}]},{\"@type\":\"BreadcrumbList\",\"@id\":\"https:\\\/\\\/patagoniambiental.com.ar\\\/info\\\/el-sentinel-5-p-capta-imagenes-sin-precedentes-de-la-contaminacion-planeta\\\/#breadcrumb\",\"itemListElement\":[{\"@type\":\"ListItem\",\"position\":1,\"name\":\"Inicio\",\"item\":\"https:\\\/\\\/patagoniambiental.com.ar\\\/info\\\/\"},{\"@type\":\"ListItem\",\"position\":2,\"name\":\"El Sentinel 5-p capta im\u00e1genes sin precedentes de la contaminaci\u00f3n planeta\"}]},{\"@type\":\"WebSite\",\"@id\":\"https:\\\/\\\/patagoniambiental.com.ar\\\/info\\\/#website\",\"url\":\"https:\\\/\\\/patagoniambiental.com.ar\\\/info\\\/\",\"name\":\"Patagonia Ambiental\",\"description\":\"Monitoreo y an\u00e1lisis de la situaci\u00f3n geopol\u00edtica en el mundo y su implicancia en la Patagonia\",\"publisher\":{\"@id\":\"https:\\\/\\\/patagoniambiental.com.ar\\\/info\\\/#organization\"},\"potentialAction\":[{\"@type\":\"SearchAction\",\"target\":{\"@type\":\"EntryPoint\",\"urlTemplate\":\"https:\\\/\\\/patagoniambiental.com.ar\\\/info\\\/?s={search_term_string}\"},\"query-input\":{\"@type\":\"PropertyValueSpecification\",\"valueRequired\":true,\"valueName\":\"search_term_string\"}}],\"inLanguage\":\"es\"},{\"@type\":\"Organization\",\"@id\":\"https:\\\/\\\/patagoniambiental.com.ar\\\/info\\\/#organization\",\"name\":\"Patagonia Ambiental\",\"url\":\"https:\\\/\\\/patagoniambiental.com.ar\\\/info\\\/\",\"logo\":{\"@type\":\"ImageObject\",\"inLanguage\":\"es\",\"@id\":\"https:\\\/\\\/patagoniambiental.com.ar\\\/info\\\/#\\\/schema\\\/logo\\\/image\\\/\",\"url\":\"https:\\\/\\\/patagoniambiental.com.ar\\\/info\\\/wp-content\\\/uploads\\\/2025\\\/05\\\/LOGO-PATAGONIA-AMBIENTAL.png\",\"contentUrl\":\"https:\\\/\\\/patagoniambiental.com.ar\\\/info\\\/wp-content\\\/uploads\\\/2025\\\/05\\\/LOGO-PATAGONIA-AMBIENTAL.png\",\"width\":433,\"height\":250,\"caption\":\"Patagonia Ambiental\"},\"image\":{\"@id\":\"https:\\\/\\\/patagoniambiental.com.ar\\\/info\\\/#\\\/schema\\\/logo\\\/image\\\/\"},\"sameAs\":[\"https:\\\/\\\/www.facebook.com\\\/patagonia.ambiental\",\"https:\\\/\\\/x.com\\\/PatAmb\"]},{\"@type\":\"Person\",\"@id\":\"https:\\\/\\\/patagoniambiental.com.ar\\\/info\\\/#\\\/schema\\\/person\\\/db12bff64bbcbf6a253710bf0ea37b5d\",\"name\":\"Patagonia Ambiental\",\"description\":\"Andr\u00e9s Nievas T\u00e9cnico en manejo ambiental, consultor Ambiental y escritor para medios locales e internacionales sobre temas de geopolitica y medio ambiente.\",\"sameAs\":[\"http:\\\/\\\/www.patagoniambiental.com.ar\",\"https:\\\/\\\/www.facebook.com\\\/share\\\/1C1V8Gv9BX\\\/?mibextid=qi2Omg\",\"@patagoniambiental\",\"https:\\\/\\\/youtube.com\\\/@patagoniaambiental2023?si=BLt58t0wuXquxlYZ\"]}]}<\/script>\n<!-- \/ Yoast SEO Premium plugin. -->","yoast_head_json":{"title":"El Sentinel 5-p capta im\u00e1genes sin precedentes de la contaminaci\u00f3n planeta","robots":{"index":"index","follow":"follow","max-snippet":"max-snippet:-1","max-image-preview":"max-image-preview:large","max-video-preview":"max-video-preview:-1"},"canonical":"https:\/\/patagoniambiental.com.ar\/info\/el-sentinel-5-p-capta-imagenes-sin-precedentes-de-la-contaminacion-planeta\/","og_locale":"es_ES","og_type":"article","og_title":"El Sentinel 5-p capta im\u00e1genes sin precedentes de la contaminaci\u00f3n planeta","og_description":"La Agencia Espacial Europea (ESA) ha mostrado las primeras im\u00e1genes sin precedentes sobre la contaminaci\u00f3n atmosf\u00e9rica enviadas por el sat\u00e9lite [&hellip;]","og_url":"https:\/\/patagoniambiental.com.ar\/info\/el-sentinel-5-p-capta-imagenes-sin-precedentes-de-la-contaminacion-planeta\/","og_site_name":"Patagonia Ambiental","article_publisher":"https:\/\/www.facebook.com\/patagonia.ambiental","article_author":"https:\/\/www.facebook.com\/share\/1C1V8Gv9BX\/?mibextid=qi2Omg","article_published_time":"2017-12-06T12:00:57+00:00","author":"Patagonia Ambiental","twitter_card":"summary_large_image","twitter_creator":"@PatAmb","twitter_site":"@PatAmb","schema":{"@context":"https:\/\/schema.org","@graph":[{"@type":"Article","@id":"https:\/\/patagoniambiental.com.ar\/info\/el-sentinel-5-p-capta-imagenes-sin-precedentes-de-la-contaminacion-planeta\/#article","isPartOf":{"@id":"https:\/\/patagoniambiental.com.ar\/info\/el-sentinel-5-p-capta-imagenes-sin-precedentes-de-la-contaminacion-planeta\/"},"author":{"name":"Patagonia Ambiental","@id":"https:\/\/patagoniambiental.com.ar\/info\/#\/schema\/person\/db12bff64bbcbf6a253710bf0ea37b5d"},"headline":"El Sentinel 5-p capta im\u00e1genes sin precedentes de la contaminaci\u00f3n planeta","datePublished":"2017-12-06T12:00:57+00:00","mainEntityOfPage":{"@id":"https:\/\/patagoniambiental.com.ar\/info\/el-sentinel-5-p-capta-imagenes-sin-precedentes-de-la-contaminacion-planeta\/"},"wordCount":718,"commentCount":0,"publisher":{"@id":"https:\/\/patagoniambiental.com.ar\/info\/#organization"},"articleSection":["Internacionales","Noticias"],"inLanguage":"es","potentialAction":[{"@type":"CommentAction","name":"Comment","target":["https:\/\/patagoniambiental.com.ar\/info\/el-sentinel-5-p-capta-imagenes-sin-precedentes-de-la-contaminacion-planeta\/#respond"]}]},{"@type":"WebPage","@id":"https:\/\/patagoniambiental.com.ar\/info\/el-sentinel-5-p-capta-imagenes-sin-precedentes-de-la-contaminacion-planeta\/","url":"https:\/\/patagoniambiental.com.ar\/info\/el-sentinel-5-p-capta-imagenes-sin-precedentes-de-la-contaminacion-planeta\/","name":"El Sentinel 5-p capta im\u00e1genes sin precedentes de la contaminaci\u00f3n planeta","isPartOf":{"@id":"https:\/\/patagoniambiental.com.ar\/info\/#website"},"datePublished":"2017-12-06T12:00:57+00:00","breadcrumb":{"@id":"https:\/\/patagoniambiental.com.ar\/info\/el-sentinel-5-p-capta-imagenes-sin-precedentes-de-la-contaminacion-planeta\/#breadcrumb"},"inLanguage":"es","potentialAction":[{"@type":"ReadAction","target":["https:\/\/patagoniambiental.com.ar\/info\/el-sentinel-5-p-capta-imagenes-sin-precedentes-de-la-contaminacion-planeta\/"]}]},{"@type":"BreadcrumbList","@id":"https:\/\/patagoniambiental.com.ar\/info\/el-sentinel-5-p-capta-imagenes-sin-precedentes-de-la-contaminacion-planeta\/#breadcrumb","itemListElement":[{"@type":"ListItem","position":1,"name":"Inicio","item":"https:\/\/patagoniambiental.com.ar\/info\/"},{"@type":"ListItem","position":2,"name":"El Sentinel 5-p capta im\u00e1genes sin precedentes de la contaminaci\u00f3n planeta"}]},{"@type":"WebSite","@id":"https:\/\/patagoniambiental.com.ar\/info\/#website","url":"https:\/\/patagoniambiental.com.ar\/info\/","name":"Patagonia Ambiental","description":"Monitoreo y an\u00e1lisis de la situaci\u00f3n geopol\u00edtica en el mundo y su implicancia en la Patagonia","publisher":{"@id":"https:\/\/patagoniambiental.com.ar\/info\/#organization"},"potentialAction":[{"@type":"SearchAction","target":{"@type":"EntryPoint","urlTemplate":"https:\/\/patagoniambiental.com.ar\/info\/?s={search_term_string}"},"query-input":{"@type":"PropertyValueSpecification","valueRequired":true,"valueName":"search_term_string"}}],"inLanguage":"es"},{"@type":"Organization","@id":"https:\/\/patagoniambiental.com.ar\/info\/#organization","name":"Patagonia Ambiental","url":"https:\/\/patagoniambiental.com.ar\/info\/","logo":{"@type":"ImageObject","inLanguage":"es","@id":"https:\/\/patagoniambiental.com.ar\/info\/#\/schema\/logo\/image\/","url":"https:\/\/patagoniambiental.com.ar\/info\/wp-content\/uploads\/2025\/05\/LOGO-PATAGONIA-AMBIENTAL.png","contentUrl":"https:\/\/patagoniambiental.com.ar\/info\/wp-content\/uploads\/2025\/05\/LOGO-PATAGONIA-AMBIENTAL.png","width":433,"height":250,"caption":"Patagonia Ambiental"},"image":{"@id":"https:\/\/patagoniambiental.com.ar\/info\/#\/schema\/logo\/image\/"},"sameAs":["https:\/\/www.facebook.com\/patagonia.ambiental","https:\/\/x.com\/PatAmb"]},{"@type":"Person","@id":"https:\/\/patagoniambiental.com.ar\/info\/#\/schema\/person\/db12bff64bbcbf6a253710bf0ea37b5d","name":"Patagonia Ambiental","description":"Andr\u00e9s Nievas T\u00e9cnico en manejo ambiental, consultor Ambiental y escritor para medios locales e internacionales sobre temas de geopolitica y medio ambiente.","sameAs":["http:\/\/www.patagoniambiental.com.ar","https:\/\/www.facebook.com\/share\/1C1V8Gv9BX\/?mibextid=qi2Omg","@patagoniambiental","https:\/\/youtube.com\/@patagoniaambiental2023?si=BLt58t0wuXquxlYZ"]}]}},"_links":{"self":[{"href":"https:\/\/patagoniambiental.com.ar\/info\/wp-json\/wp\/v2\/posts\/39355","targetHints":{"allow":["GET"]}}],"collection":[{"href":"https:\/\/patagoniambiental.com.ar\/info\/wp-json\/wp\/v2\/posts"}],"about":[{"href":"https:\/\/patagoniambiental.com.ar\/info\/wp-json\/wp\/v2\/types\/post"}],"author":[{"embeddable":true,"href":"https:\/\/patagoniambiental.com.ar\/info\/wp-json\/wp\/v2\/users\/2"}],"replies":[{"embeddable":true,"href":"https:\/\/patagoniambiental.com.ar\/info\/wp-json\/wp\/v2\/comments?post=39355"}],"version-history":[{"count":0,"href":"https:\/\/patagoniambiental.com.ar\/info\/wp-json\/wp\/v2\/posts\/39355\/revisions"}],"wp:attachment":[{"href":"https:\/\/patagoniambiental.com.ar\/info\/wp-json\/wp\/v2\/media?parent=39355"}],"wp:term":[{"taxonomy":"category","embeddable":true,"href":"https:\/\/patagoniambiental.com.ar\/info\/wp-json\/wp\/v2\/categories?post=39355"},{"taxonomy":"post_tag","embeddable":true,"href":"https:\/\/patagoniambiental.com.ar\/info\/wp-json\/wp\/v2\/tags?post=39355"}],"curies":[{"name":"wp","href":"https:\/\/api.w.org\/{rel}","templated":true}]}}