{"id":39365,"date":"2017-12-06T19:00:12","date_gmt":"2017-12-06T22:00:12","guid":{"rendered":"http:\/\/patagoniambiental.com.ar\/info\/?p=39365"},"modified":"2017-12-06T09:57:04","modified_gmt":"2017-12-06T12:57:04","slug":"el-relevamiento-se-concreto-en-42-000-kilometros-mas-aguas-subterraneas-en-piedra-del-aguila","status":"publish","type":"post","link":"https:\/\/patagoniambiental.com.ar\/info\/el-relevamiento-se-concreto-en-42-000-kilometros-mas-aguas-subterraneas-en-piedra-del-aguila\/","title":{"rendered":"El relevamiento se concret\u00f3 en 42.000 kil\u00f3metros.  M\u00e1s aguas subterr\u00e1neas en Piedra del \u00c1guila"},"content":{"rendered":"<p class=\"x_MsoNormal\"><i>Piedra del Aguila.-Prestigiosos Ge\u00f3logos junto al Departamento Provincial de Aguas (DPA)\u00a0\u00a0presentaron los resultados de un estudio de agua en la zona. <\/i><!--more--><\/p>\n<p>&nbsp;<\/p>\n<p class=\"x_MsoNormal\"><i>El 99% de las muestras obtenidas son aptas para su utilizaci\u00f3n para riego y el 100% para consumo ganadero.<\/i><\/p>\n<p class=\"x_MsoNormal\">\n<p class=\"x_MsoNormal\">El agua para consumo humano en la zona tiene exceso de fl\u00faor. De 106 muestras, 56 superaron los l\u00edmites establecidos por el Consejo Federal de Entidades Sanitarias (COFES).<\/p>\n<p class=\"x_MsoNormal\">De esta manera, se present\u00f3 la informaci\u00f3n hidrogeol\u00f3gica de Piedra del \u00c1guila dentro la provincia de Rio Negro, a cargo de un grupo de consultores dirigido por Miguel Auge, prestigioso hidroge\u00f3logo argentino, completando su staff con los Licenciados en Geolog\u00eda Jorge Gebard y Daniel Muntz. Por su parte, el DPA colabor\u00f3 con la log\u00edstica para los trabajos de campos aportando personal t\u00e9cnico y veh\u00edculo.<\/p>\n<p class=\"x_MsoNormal\">El estudio realizado durante este a\u00f1o se realiz\u00f3 en casi 12.000 kil\u00f3metros cuadrados y forma parte del tercer contrato que se realiz\u00f3 desde el 2013 a este a\u00f1o, financiado por el CFI. En total, durante estos cuatro a\u00f1os se estudiaron unos 42.000 km2, un poco m\u00e1s del 20% del total de la superficie de la provincia.<\/p>\n<p class=\"x_MsoNormal\">El objetivo de estos estudios, es generar informaci\u00f3n hidrogeol\u00f3gica b\u00e1sica en aquellas zonas que se consideran de inter\u00e9s y presentan prioridad para la provincia, a los fines poder satisfacer la demanda para consumo humano y ganadero, dimensionar la disponibilidad de acu\u00edferos como potencial regional en aguas subterr\u00e1neas en funci\u00f3n de su calidad. Asimismo, se busca definir las obras de captaci\u00f3n que mejor se adapten al ambiente hidrogeol\u00f3gico considerado y apoyar los trabajos del equipo perforador propiedad de Ley Ovina y operado por la empresa ARSE.<\/p>\n<p class=\"x_MsoNormal\">\n<p class=\"x_MsoNormal\"><u><b>Los estudios<\/b><\/u><\/p>\n<p class=\"x_MsoNormal\">\n<p class=\"x_MsoNormal\">En este estudio, se censaron 180 sitios en los cuales se midi\u00f3 la profundidad, la conductividad del agua en situ y la toma de muestra para efectuar los an\u00e1lisis fisicoqu\u00edmicos a fin de caracterizar hidroquimicamente el agua de la regi\u00f3n. Se evaluaron las condiciones sanitarias del pozo como as\u00ed tambi\u00e9n la geolog\u00eda y geomorfolog\u00eda de cada uno de esos sitios. El \u00e1rea estudiada est\u00e1 conformada por un 60% de rocas duras (metamorfitas, plutonitas y vulcanitas), un 30% de rocas sedimentarias y 10% de basaltos (mesetas bas\u00e1lticas).<\/p>\n<p class=\"x_MsoNormal\">Se determin\u00f3 que las rocas duras, son las que ejercen un control preponderante tanto en la din\u00e1mica como en la qu\u00edmica del agua subterr\u00e1nea. En el primer caso porque el agua circula a trav\u00e9s de las superficies de debilidad fundamentalmente diaclasas y fisuras abiertas, lo que se traduce en una escasa capacidad de almacenamiento y tiempo de contacto entre el l\u00edquido y el s\u00f3lido. Ello resulta en una baja capacidad de disoluci\u00f3n y, consecuentemente, en un bajo contenido salino del agua subterr\u00e1nea.<\/p>\n<p class=\"x_MsoNormal\">En las rocas sedimentarias conformadas por conglomerados, areniscas con intercalaciones arcillosas, tobas y tufitas tienen un comportamiento hidr\u00e1ulico diferente teniendo en cuenta su porosidad primaria, donde el agua circula por el espacio poral, lo cual permite mayor tiempo de contacto y disoluci\u00f3n de sales dando por tanto, aguas de mayor salinidad.<\/p>\n<p class=\"x_MsoNormal\">Desde el punto de vista hidroqu\u00edmico, se tomaron 106 muestras de agua, cuyos resultados indican en general aguas de baja salinidad, siendo el promedio de 692 miligramos\/litros (mg\/l), con un m\u00ednimo de 104 mg\/l y un m\u00e1ximo de 3436 mg\/l.<\/p>\n<p class=\"x_MsoNormal\">En las rocas duras y basaltos predominan las aguas del tipo bicarbonatada c\u00e1lcica\/s\u00f3dica, mientras que en las sedimentarias las del tipo sulfatada c\u00e1lcica.<\/p>\n<p class=\"x_MsoNormal\">En cuanto a la aptitud del agua, se determin\u00f3 que en el 99% de las muestras obtenidas son aptas para su utilizaci\u00f3n para riego y el 100% para consumo ganadero. Para consumo humano, la principal limitante es el fl\u00faor, dado que de las 106 muestras, 56 superaron los l\u00edmites establecidos por el Consejo Federal de Entidades Sanitarias (COFES). Cabe destacar que dicho elemento no es perjudicial para la salud,\u00a0\u00a0solo es una cuesti\u00f3n est\u00e9tica ya que \u201cmancha\u201d el esmalte dental.\u00a0\u00a0El resto de los par\u00e1metros analizados se encuentran dentro de los valores aceptables para consumo humano.<\/p>\n<p><b><span lang=\"ES-AR\">Fuente: GOBIERNO DE R\u00cdO NEGRO<\/span><\/b><span lang=\"ES-AR\"><br \/>\nSecretar\u00eda de Medios<\/span><\/p>\n","protected":false},"excerpt":{"rendered":"<p>Piedra del Aguila.-Prestigiosos Ge\u00f3logos junto al Departamento Provincial de Aguas (DPA)\u00a0\u00a0presentaron los resultados de un estudio de agua en la [&hellip;]<\/p>\n","protected":false},"author":2,"featured_media":0,"comment_status":"open","ping_status":"open","sticky":false,"template":"","format":"standard","meta":{"site-sidebar-layout":"default","site-content-layout":"","ast-site-content-layout":"default","site-content-style":"default","site-sidebar-style":"default","ast-global-header-display":"","ast-banner-title-visibility":"","ast-main-header-display":"","ast-hfb-above-header-display":"","ast-hfb-below-header-display":"","ast-hfb-mobile-header-display":"","site-post-title":"","ast-breadcrumbs-content":"","ast-featured-img":"","footer-sml-layout":"","ast-disable-related-posts":"","theme-transparent-header-meta":"","adv-header-id-meta":"","stick-header-meta":"","header-above-stick-meta":"","header-main-stick-meta":"","header-below-stick-meta":"","astra-migrate-meta-layouts":"default","ast-page-background-enabled":"default","ast-page-background-meta":{"desktop":{"background-color":"var(--ast-global-color-5)","background-image":"","background-repeat":"repeat","background-position":"center center","background-size":"auto","background-attachment":"scroll","background-type":"","background-media":"","overlay-type":"","overlay-color":"","overlay-opacity":"","overlay-gradient":""},"tablet":{"background-color":"","background-image":"","background-repeat":"repeat","background-position":"center center","background-size":"auto","background-attachment":"scroll","background-type":"","background-media":"","overlay-type":"","overlay-color":"","overlay-opacity":"","overlay-gradient":""},"mobile":{"background-color":"","background-image":"","background-repeat":"repeat","background-position":"center center","background-size":"auto","background-attachment":"scroll","background-type":"","background-media":"","overlay-type":"","overlay-color":"","overlay-opacity":"","overlay-gradient":""}},"ast-content-background-meta":{"desktop":{"background-color":"var(--ast-global-color-4)","background-image":"","background-repeat":"repeat","background-position":"center center","background-size":"auto","background-attachment":"scroll","background-type":"","background-media":"","overlay-type":"","overlay-color":"","overlay-opacity":"","overlay-gradient":""},"tablet":{"background-color":"var(--ast-global-color-4)","background-image":"","background-repeat":"repeat","background-position":"center center","background-size":"auto","background-attachment":"scroll","background-type":"","background-media":"","overlay-type":"","overlay-color":"","overlay-opacity":"","overlay-gradient":""},"mobile":{"background-color":"var(--ast-global-color-4)","background-image":"","background-repeat":"repeat","background-position":"center center","background-size":"auto","background-attachment":"scroll","background-type":"","background-media":"","overlay-type":"","overlay-color":"","overlay-opacity":"","overlay-gradient":""}},"footnotes":""},"categories":[1,13,14],"tags":[],"class_list":["post-39365","post","type-post","status-publish","format-standard","hentry","category-noticias","category-provinciales","category-rio-negro"],"yoast_head":"<!-- This site is optimized with the Yoast SEO Premium plugin v23.0 (Yoast SEO v27.4) - https:\/\/yoast.com\/product\/yoast-seo-premium-wordpress\/ -->\n<title>El relevamiento se concret\u00f3 en 42.000 kil\u00f3metros. M\u00e1s aguas subterr\u00e1neas en Piedra del \u00c1guila<\/title>\n<meta name=\"robots\" content=\"index, follow, max-snippet:-1, max-image-preview:large, max-video-preview:-1\" \/>\n<link rel=\"canonical\" href=\"https:\/\/patagoniambiental.com.ar\/info\/el-relevamiento-se-concreto-en-42-000-kilometros-mas-aguas-subterraneas-en-piedra-del-aguila\/\" \/>\n<meta property=\"og:locale\" content=\"es_ES\" \/>\n<meta property=\"og:type\" content=\"article\" \/>\n<meta property=\"og:title\" content=\"El relevamiento se concret\u00f3 en 42.000 kil\u00f3metros. M\u00e1s aguas subterr\u00e1neas en Piedra del \u00c1guila\" \/>\n<meta property=\"og:description\" content=\"Piedra del Aguila.-Prestigiosos Ge\u00f3logos junto al Departamento Provincial de Aguas (DPA)\u00a0\u00a0presentaron los resultados de un estudio de agua en la [&hellip;]\" \/>\n<meta property=\"og:url\" content=\"https:\/\/patagoniambiental.com.ar\/info\/el-relevamiento-se-concreto-en-42-000-kilometros-mas-aguas-subterraneas-en-piedra-del-aguila\/\" \/>\n<meta property=\"og:site_name\" content=\"Patagonia Ambiental\" \/>\n<meta property=\"article:publisher\" content=\"https:\/\/www.facebook.com\/patagonia.ambiental\" \/>\n<meta property=\"article:author\" content=\"https:\/\/www.facebook.com\/share\/1C1V8Gv9BX\/?mibextid=qi2Omg\" \/>\n<meta property=\"article:published_time\" content=\"2017-12-06T22:00:12+00:00\" \/>\n<meta name=\"author\" content=\"Patagonia Ambiental\" \/>\n<meta name=\"twitter:card\" content=\"summary_large_image\" \/>\n<meta name=\"twitter:creator\" content=\"@PatAmb\" \/>\n<meta name=\"twitter:site\" content=\"@PatAmb\" \/>\n<script type=\"application\/ld+json\" class=\"yoast-schema-graph\">{\"@context\":\"https:\\\/\\\/schema.org\",\"@graph\":[{\"@type\":\"Article\",\"@id\":\"https:\\\/\\\/patagoniambiental.com.ar\\\/info\\\/el-relevamiento-se-concreto-en-42-000-kilometros-mas-aguas-subterraneas-en-piedra-del-aguila\\\/#article\",\"isPartOf\":{\"@id\":\"https:\\\/\\\/patagoniambiental.com.ar\\\/info\\\/el-relevamiento-se-concreto-en-42-000-kilometros-mas-aguas-subterraneas-en-piedra-del-aguila\\\/\"},\"author\":{\"name\":\"Patagonia Ambiental\",\"@id\":\"https:\\\/\\\/patagoniambiental.com.ar\\\/info\\\/#\\\/schema\\\/person\\\/db12bff64bbcbf6a253710bf0ea37b5d\"},\"headline\":\"El relevamiento se concret\u00f3 en 42.000 kil\u00f3metros. M\u00e1s aguas subterr\u00e1neas en Piedra del \u00c1guila\",\"datePublished\":\"2017-12-06T22:00:12+00:00\",\"mainEntityOfPage\":{\"@id\":\"https:\\\/\\\/patagoniambiental.com.ar\\\/info\\\/el-relevamiento-se-concreto-en-42-000-kilometros-mas-aguas-subterraneas-en-piedra-del-aguila\\\/\"},\"wordCount\":721,\"commentCount\":0,\"publisher\":{\"@id\":\"https:\\\/\\\/patagoniambiental.com.ar\\\/info\\\/#organization\"},\"articleSection\":[\"Noticias\",\"Provinciales\",\"R\u00edo Negro\"],\"inLanguage\":\"es\",\"potentialAction\":[{\"@type\":\"CommentAction\",\"name\":\"Comment\",\"target\":[\"https:\\\/\\\/patagoniambiental.com.ar\\\/info\\\/el-relevamiento-se-concreto-en-42-000-kilometros-mas-aguas-subterraneas-en-piedra-del-aguila\\\/#respond\"]}]},{\"@type\":\"WebPage\",\"@id\":\"https:\\\/\\\/patagoniambiental.com.ar\\\/info\\\/el-relevamiento-se-concreto-en-42-000-kilometros-mas-aguas-subterraneas-en-piedra-del-aguila\\\/\",\"url\":\"https:\\\/\\\/patagoniambiental.com.ar\\\/info\\\/el-relevamiento-se-concreto-en-42-000-kilometros-mas-aguas-subterraneas-en-piedra-del-aguila\\\/\",\"name\":\"El relevamiento se concret\u00f3 en 42.000 kil\u00f3metros. M\u00e1s aguas subterr\u00e1neas en Piedra del \u00c1guila\",\"isPartOf\":{\"@id\":\"https:\\\/\\\/patagoniambiental.com.ar\\\/info\\\/#website\"},\"datePublished\":\"2017-12-06T22:00:12+00:00\",\"breadcrumb\":{\"@id\":\"https:\\\/\\\/patagoniambiental.com.ar\\\/info\\\/el-relevamiento-se-concreto-en-42-000-kilometros-mas-aguas-subterraneas-en-piedra-del-aguila\\\/#breadcrumb\"},\"inLanguage\":\"es\",\"potentialAction\":[{\"@type\":\"ReadAction\",\"target\":[\"https:\\\/\\\/patagoniambiental.com.ar\\\/info\\\/el-relevamiento-se-concreto-en-42-000-kilometros-mas-aguas-subterraneas-en-piedra-del-aguila\\\/\"]}]},{\"@type\":\"BreadcrumbList\",\"@id\":\"https:\\\/\\\/patagoniambiental.com.ar\\\/info\\\/el-relevamiento-se-concreto-en-42-000-kilometros-mas-aguas-subterraneas-en-piedra-del-aguila\\\/#breadcrumb\",\"itemListElement\":[{\"@type\":\"ListItem\",\"position\":1,\"name\":\"Inicio\",\"item\":\"https:\\\/\\\/patagoniambiental.com.ar\\\/info\\\/\"},{\"@type\":\"ListItem\",\"position\":2,\"name\":\"El relevamiento se concret\u00f3 en 42.000 kil\u00f3metros. M\u00e1s aguas subterr\u00e1neas en Piedra del \u00c1guila\"}]},{\"@type\":\"WebSite\",\"@id\":\"https:\\\/\\\/patagoniambiental.com.ar\\\/info\\\/#website\",\"url\":\"https:\\\/\\\/patagoniambiental.com.ar\\\/info\\\/\",\"name\":\"Patagonia Ambiental\",\"description\":\"Monitoreo y an\u00e1lisis de la situaci\u00f3n geopol\u00edtica en el mundo y su implicancia en la Patagonia\",\"publisher\":{\"@id\":\"https:\\\/\\\/patagoniambiental.com.ar\\\/info\\\/#organization\"},\"potentialAction\":[{\"@type\":\"SearchAction\",\"target\":{\"@type\":\"EntryPoint\",\"urlTemplate\":\"https:\\\/\\\/patagoniambiental.com.ar\\\/info\\\/?s={search_term_string}\"},\"query-input\":{\"@type\":\"PropertyValueSpecification\",\"valueRequired\":true,\"valueName\":\"search_term_string\"}}],\"inLanguage\":\"es\"},{\"@type\":\"Organization\",\"@id\":\"https:\\\/\\\/patagoniambiental.com.ar\\\/info\\\/#organization\",\"name\":\"Patagonia Ambiental\",\"url\":\"https:\\\/\\\/patagoniambiental.com.ar\\\/info\\\/\",\"logo\":{\"@type\":\"ImageObject\",\"inLanguage\":\"es\",\"@id\":\"https:\\\/\\\/patagoniambiental.com.ar\\\/info\\\/#\\\/schema\\\/logo\\\/image\\\/\",\"url\":\"https:\\\/\\\/patagoniambiental.com.ar\\\/info\\\/wp-content\\\/uploads\\\/2025\\\/05\\\/LOGO-PATAGONIA-AMBIENTAL.png\",\"contentUrl\":\"https:\\\/\\\/patagoniambiental.com.ar\\\/info\\\/wp-content\\\/uploads\\\/2025\\\/05\\\/LOGO-PATAGONIA-AMBIENTAL.png\",\"width\":433,\"height\":250,\"caption\":\"Patagonia Ambiental\"},\"image\":{\"@id\":\"https:\\\/\\\/patagoniambiental.com.ar\\\/info\\\/#\\\/schema\\\/logo\\\/image\\\/\"},\"sameAs\":[\"https:\\\/\\\/www.facebook.com\\\/patagonia.ambiental\",\"https:\\\/\\\/x.com\\\/PatAmb\"]},{\"@type\":\"Person\",\"@id\":\"https:\\\/\\\/patagoniambiental.com.ar\\\/info\\\/#\\\/schema\\\/person\\\/db12bff64bbcbf6a253710bf0ea37b5d\",\"name\":\"Patagonia Ambiental\",\"description\":\"Andr\u00e9s Nievas T\u00e9cnico en manejo ambiental, consultor Ambiental y escritor para medios locales e internacionales sobre temas de geopolitica y medio ambiente.\",\"sameAs\":[\"http:\\\/\\\/www.patagoniambiental.com.ar\",\"https:\\\/\\\/www.facebook.com\\\/share\\\/1C1V8Gv9BX\\\/?mibextid=qi2Omg\",\"@patagoniambiental\",\"https:\\\/\\\/youtube.com\\\/@patagoniaambiental2023?si=BLt58t0wuXquxlYZ\"]}]}<\/script>\n<!-- \/ Yoast SEO Premium plugin. -->","yoast_head_json":{"title":"El relevamiento se concret\u00f3 en 42.000 kil\u00f3metros. M\u00e1s aguas subterr\u00e1neas en Piedra del \u00c1guila","robots":{"index":"index","follow":"follow","max-snippet":"max-snippet:-1","max-image-preview":"max-image-preview:large","max-video-preview":"max-video-preview:-1"},"canonical":"https:\/\/patagoniambiental.com.ar\/info\/el-relevamiento-se-concreto-en-42-000-kilometros-mas-aguas-subterraneas-en-piedra-del-aguila\/","og_locale":"es_ES","og_type":"article","og_title":"El relevamiento se concret\u00f3 en 42.000 kil\u00f3metros. M\u00e1s aguas subterr\u00e1neas en Piedra del \u00c1guila","og_description":"Piedra del Aguila.-Prestigiosos Ge\u00f3logos junto al Departamento Provincial de Aguas (DPA)\u00a0\u00a0presentaron los resultados de un estudio de agua en la [&hellip;]","og_url":"https:\/\/patagoniambiental.com.ar\/info\/el-relevamiento-se-concreto-en-42-000-kilometros-mas-aguas-subterraneas-en-piedra-del-aguila\/","og_site_name":"Patagonia Ambiental","article_publisher":"https:\/\/www.facebook.com\/patagonia.ambiental","article_author":"https:\/\/www.facebook.com\/share\/1C1V8Gv9BX\/?mibextid=qi2Omg","article_published_time":"2017-12-06T22:00:12+00:00","author":"Patagonia Ambiental","twitter_card":"summary_large_image","twitter_creator":"@PatAmb","twitter_site":"@PatAmb","schema":{"@context":"https:\/\/schema.org","@graph":[{"@type":"Article","@id":"https:\/\/patagoniambiental.com.ar\/info\/el-relevamiento-se-concreto-en-42-000-kilometros-mas-aguas-subterraneas-en-piedra-del-aguila\/#article","isPartOf":{"@id":"https:\/\/patagoniambiental.com.ar\/info\/el-relevamiento-se-concreto-en-42-000-kilometros-mas-aguas-subterraneas-en-piedra-del-aguila\/"},"author":{"name":"Patagonia Ambiental","@id":"https:\/\/patagoniambiental.com.ar\/info\/#\/schema\/person\/db12bff64bbcbf6a253710bf0ea37b5d"},"headline":"El relevamiento se concret\u00f3 en 42.000 kil\u00f3metros. M\u00e1s aguas subterr\u00e1neas en Piedra del \u00c1guila","datePublished":"2017-12-06T22:00:12+00:00","mainEntityOfPage":{"@id":"https:\/\/patagoniambiental.com.ar\/info\/el-relevamiento-se-concreto-en-42-000-kilometros-mas-aguas-subterraneas-en-piedra-del-aguila\/"},"wordCount":721,"commentCount":0,"publisher":{"@id":"https:\/\/patagoniambiental.com.ar\/info\/#organization"},"articleSection":["Noticias","Provinciales","R\u00edo Negro"],"inLanguage":"es","potentialAction":[{"@type":"CommentAction","name":"Comment","target":["https:\/\/patagoniambiental.com.ar\/info\/el-relevamiento-se-concreto-en-42-000-kilometros-mas-aguas-subterraneas-en-piedra-del-aguila\/#respond"]}]},{"@type":"WebPage","@id":"https:\/\/patagoniambiental.com.ar\/info\/el-relevamiento-se-concreto-en-42-000-kilometros-mas-aguas-subterraneas-en-piedra-del-aguila\/","url":"https:\/\/patagoniambiental.com.ar\/info\/el-relevamiento-se-concreto-en-42-000-kilometros-mas-aguas-subterraneas-en-piedra-del-aguila\/","name":"El relevamiento se concret\u00f3 en 42.000 kil\u00f3metros. M\u00e1s aguas subterr\u00e1neas en Piedra del \u00c1guila","isPartOf":{"@id":"https:\/\/patagoniambiental.com.ar\/info\/#website"},"datePublished":"2017-12-06T22:00:12+00:00","breadcrumb":{"@id":"https:\/\/patagoniambiental.com.ar\/info\/el-relevamiento-se-concreto-en-42-000-kilometros-mas-aguas-subterraneas-en-piedra-del-aguila\/#breadcrumb"},"inLanguage":"es","potentialAction":[{"@type":"ReadAction","target":["https:\/\/patagoniambiental.com.ar\/info\/el-relevamiento-se-concreto-en-42-000-kilometros-mas-aguas-subterraneas-en-piedra-del-aguila\/"]}]},{"@type":"BreadcrumbList","@id":"https:\/\/patagoniambiental.com.ar\/info\/el-relevamiento-se-concreto-en-42-000-kilometros-mas-aguas-subterraneas-en-piedra-del-aguila\/#breadcrumb","itemListElement":[{"@type":"ListItem","position":1,"name":"Inicio","item":"https:\/\/patagoniambiental.com.ar\/info\/"},{"@type":"ListItem","position":2,"name":"El relevamiento se concret\u00f3 en 42.000 kil\u00f3metros. M\u00e1s aguas subterr\u00e1neas en Piedra del \u00c1guila"}]},{"@type":"WebSite","@id":"https:\/\/patagoniambiental.com.ar\/info\/#website","url":"https:\/\/patagoniambiental.com.ar\/info\/","name":"Patagonia Ambiental","description":"Monitoreo y an\u00e1lisis de la situaci\u00f3n geopol\u00edtica en el mundo y su implicancia en la Patagonia","publisher":{"@id":"https:\/\/patagoniambiental.com.ar\/info\/#organization"},"potentialAction":[{"@type":"SearchAction","target":{"@type":"EntryPoint","urlTemplate":"https:\/\/patagoniambiental.com.ar\/info\/?s={search_term_string}"},"query-input":{"@type":"PropertyValueSpecification","valueRequired":true,"valueName":"search_term_string"}}],"inLanguage":"es"},{"@type":"Organization","@id":"https:\/\/patagoniambiental.com.ar\/info\/#organization","name":"Patagonia Ambiental","url":"https:\/\/patagoniambiental.com.ar\/info\/","logo":{"@type":"ImageObject","inLanguage":"es","@id":"https:\/\/patagoniambiental.com.ar\/info\/#\/schema\/logo\/image\/","url":"https:\/\/patagoniambiental.com.ar\/info\/wp-content\/uploads\/2025\/05\/LOGO-PATAGONIA-AMBIENTAL.png","contentUrl":"https:\/\/patagoniambiental.com.ar\/info\/wp-content\/uploads\/2025\/05\/LOGO-PATAGONIA-AMBIENTAL.png","width":433,"height":250,"caption":"Patagonia Ambiental"},"image":{"@id":"https:\/\/patagoniambiental.com.ar\/info\/#\/schema\/logo\/image\/"},"sameAs":["https:\/\/www.facebook.com\/patagonia.ambiental","https:\/\/x.com\/PatAmb"]},{"@type":"Person","@id":"https:\/\/patagoniambiental.com.ar\/info\/#\/schema\/person\/db12bff64bbcbf6a253710bf0ea37b5d","name":"Patagonia Ambiental","description":"Andr\u00e9s Nievas T\u00e9cnico en manejo ambiental, consultor Ambiental y escritor para medios locales e internacionales sobre temas de geopolitica y medio ambiente.","sameAs":["http:\/\/www.patagoniambiental.com.ar","https:\/\/www.facebook.com\/share\/1C1V8Gv9BX\/?mibextid=qi2Omg","@patagoniambiental","https:\/\/youtube.com\/@patagoniaambiental2023?si=BLt58t0wuXquxlYZ"]}]}},"_links":{"self":[{"href":"https:\/\/patagoniambiental.com.ar\/info\/wp-json\/wp\/v2\/posts\/39365","targetHints":{"allow":["GET"]}}],"collection":[{"href":"https:\/\/patagoniambiental.com.ar\/info\/wp-json\/wp\/v2\/posts"}],"about":[{"href":"https:\/\/patagoniambiental.com.ar\/info\/wp-json\/wp\/v2\/types\/post"}],"author":[{"embeddable":true,"href":"https:\/\/patagoniambiental.com.ar\/info\/wp-json\/wp\/v2\/users\/2"}],"replies":[{"embeddable":true,"href":"https:\/\/patagoniambiental.com.ar\/info\/wp-json\/wp\/v2\/comments?post=39365"}],"version-history":[{"count":0,"href":"https:\/\/patagoniambiental.com.ar\/info\/wp-json\/wp\/v2\/posts\/39365\/revisions"}],"wp:attachment":[{"href":"https:\/\/patagoniambiental.com.ar\/info\/wp-json\/wp\/v2\/media?parent=39365"}],"wp:term":[{"taxonomy":"category","embeddable":true,"href":"https:\/\/patagoniambiental.com.ar\/info\/wp-json\/wp\/v2\/categories?post=39365"},{"taxonomy":"post_tag","embeddable":true,"href":"https:\/\/patagoniambiental.com.ar\/info\/wp-json\/wp\/v2\/tags?post=39365"}],"curies":[{"name":"wp","href":"https:\/\/api.w.org\/{rel}","templated":true}]}}